{"id":19516,"date":"2016-01-29T15:26:03","date_gmt":"2016-01-29T15:26:03","guid":{"rendered":"https:\/\/pagina10.com\/web\/proyecto-de-energias-alternativas-en-narino-continuara-su-ejecucion-en-el-2016\/"},"modified":"2016-01-29T15:26:03","modified_gmt":"2016-01-29T15:26:03","slug":"proyecto-de-energias-alternativas-en-narino-continuara-su-ejecucion-en-el-2016","status":"publish","type":"post","link":"https:\/\/pagina10.com\/web\/proyecto-de-energias-alternativas-en-narino-continuara-su-ejecucion-en-el-2016\/","title":{"rendered":"Proyecto de energ\u00edas alternativas en Nari\u00f1o continuar\u00e1 su ejecuci\u00f3n en el 2016"},"content":{"rendered":"<p><img decoding=\"async\" class=\" size-full wp-image-19515\" src=\"https:\/\/pagina10.com\/web\/wp-content\/uploads\/2016\/01\/42986a2c5b00fcb2fdaedb4f36b8fe7c.jpg\" alt=\"\" width=\"248\" height=\"186\" srcset=\"https:\/\/pagina10.com\/web\/wp-content\/uploads\/2016\/01\/42986a2c5b00fcb2fdaedb4f36b8fe7c.jpg 248w, https:\/\/pagina10.com\/web\/wp-content\/uploads\/2016\/01\/42986a2c5b00fcb2fdaedb4f36b8fe7c-86x64.jpg 86w\" sizes=\"(max-width: 248px) 100vw, 248px\" \/><\/p>\n<p style=\"text-align: justify;\">La ejecuci\u00f3n del Proyecto Alternar: An\u00e1lisis de Oportunidades Energ\u00e9ticas en el Departamento de Nari\u00f1o&#8221; se extender\u00e1 hasta el mes de septiembre de 2016. El proyecto ejecutado por la Universidad de Nari\u00f1o en cooperaci\u00f3n con la Universidad de Los Andes y ASC Ingenier\u00eda S.A. E.S.P., contempla dentro de su cronograma de actividades cuatro importantes macro tareas para culminar con \u00e9xito su primera etapa.<\/p>\n<p style=\"text-align: justify;\">Seg\u00fan el Ingeniero Andr\u00e9s Pantoja, Coordinador T\u00e9cnico del Proyecto ALTERNAR, la primera actividad es instalar en su totalidad las quince estaciones meteorol\u00f3gicas en los municipios beneficiados, de las cuales faltan once por implementar. &#8220;Para lograr este primer objetivo ya se tienen seleccionadas las cuadrillas que realizar\u00e1n este trabajo. A finales del mes de febrero se espera tener las estaciones funcionando con su sistema de adquisici\u00f3n de datos y el respectivo sistema de informaci\u00f3n en la plataforma web del Proyecto para presentarla al p\u00fablico&#8221;.<\/p>\n<p style=\"text-align: justify;\"><strong>Soluciones y Redes Inteligentes<\/strong><\/p>\n<p style=\"text-align: justify;\">La segunda actividad tiene que ver con la recopilaci\u00f3n de los trabajos de investigaci\u00f3n que se vienen adelantando en el marco del Proyecto Alternar con los estudiantes de Maestr\u00eda, Docentes y Asistentes de Investigaci\u00f3n, alrededor del tema de microrredes, tanto en la Universidad como en las localidades no interconectadas seleccionadas por el Proyecto, especialmente en Bocagrande (Tumaco) y Cocal Payanes (Mosquera) en la Costa Pac\u00edfica de Nari\u00f1o. &#8220;Al final de proceso, se propondr\u00e1n dise\u00f1os en el campus de la UDENAR que contemplen soluciones con energ\u00edas alternativas en un entorno de redes inteligentes y microrredes, contando con medici\u00f3n en tiempo real, generadores de diferentes tipos y potencias, y el an\u00e1lisis del impacto dentro de la red mediante algoritmos de gesti\u00f3n de recursos. Esto se constituye como un laboratorio de pruebas para otro tipo de equipos y como una herramienta indispensable para seguir avanzando en las investigaciones alrededor de este tema&#8221; explic\u00f3 el Ingeniero Andr\u00e9s Pantoja.<\/p>\n<p style=\"text-align: justify;\">En las Zonas No Interconectadas (ZNI) que se ha seleccionado, el objetivo es realizar un proyecto a nivel de factibilidad para presentarlo a fondos de inversi\u00f3n y ver la posibilidad de seleccionar al menos dos fuentes alternativas de energ\u00eda que puedan ser complementarias a la forma actual del suministro. De esta manera se busca disminuir costos en el servicio, reducir el impacto ambiental, mejorar la calidad del servicio y el n\u00famero de horas que se presta al d\u00eda. Seg\u00fan el Coordinador T\u00e9cnico de ALTERNAR, \u00e9stas contar\u00edan con redes de distribuci\u00f3n y medici\u00f3n inteligente. De esta manera, en una segunda fase de ALTERNAR se espera obtener fondos para financiar los proyectos ya estructurados y realizar la implementaci\u00f3n de los dos sistemas.<\/p>\n<p style=\"text-align: justify;\"><strong style=\"line-height: 1.8;\">Fortalecimiento de L\u00edneas de Investigaci\u00f3n<\/strong><\/p>\n<p style=\"text-align: justify;\">En la parte de fortalecimiento acad\u00e9mico, en el primer semestre de 2016 inicia la Maestr\u00eda en Ingenier\u00eda El\u00e9ctrica que se realiza en convenio: Universidad Nacional &#8211; Universidad de Nari\u00f1o, que contempla dos modalidades para sus estudiantes, una de profundizaci\u00f3n donde escogen una l\u00ednea espec\u00edfica, y otra de investigaci\u00f3n donde los estudiantes de los \u00faltimos semestres seleccionan un tema para realizar la tesis como un aporte a la ciencia. &#8220;Nuestro reto es tratar de enfocar las investigaciones y profundizaciones de los estudiantes de maestr\u00eda hacia el desarrollo de ALTERNAR y nuevos proyectos en redes inteligentes para el fortalecimiento de las energ\u00edas alternativas en Nari\u00f1o&#8221;.<\/p>\n<p style=\"text-align: justify;\">Por su parte, el Ingeniero Dar\u00edo Fajardo, Coordinador Administrativo del Proyecto ALTERNAR, explic\u00f3 que proyectos como ALTERNAR han constituido estrategias de planificaci\u00f3n y estudio sobre las posibles soluciones que se podr\u00edan realizar en la UDENAR y en las poblaciones seleccionadas en la Costa Pac\u00edfica. Es as\u00ed como se ha alcanzado un grado de madurez que ya cuenta con un proceso de dise\u00f1o con diferentes fuentes de energ\u00edas alternativas, fortalecido permanentemente con experiencias de proyectos como Pac\u00edfico Pura Energ\u00eda, con aplicaciones reales en tres poblaciones apartadas de Nari\u00f1o.<\/p>\n<p style=\"text-align: justify;\">&#8220;Para avanzar en uno de los principales objetivos de ALTERNAR, durante el primer semestre de 2016 esperamos realizar algunas implementaciones con generadores solares y e\u00f3licos, m\u00e1s tarde con peque\u00f1as turbinas hidroel\u00e9ctricas como base del dise\u00f1o de una microrred para el campus de la UDENAR. Ya se han identificado los recursos disponibles para este tipo de red moderna de energ\u00eda y se cuenta con el potencial de los investigadores y el recurso humano para hacerlo. Esperamos que despu\u00e9s de la etapa final este proyecto contin\u00fae, ya que uno de sus productos es la estructuraci\u00f3n de un proyecto con mayor grado de maduraci\u00f3n que pueda ser presentado a un fondo de financiaci\u00f3n, ojal\u00e1 a trav\u00e9s del Fondo de Ciencia, Tecnolog\u00eda e Innovaci\u00f3n del Sistema General de Regal\u00edas&#8221;, afirm\u00f3 el Ingeniero Dar\u00edo Fajardo.<\/p>\n<p style=\"text-align: justify;\"><strong>Planificaci\u00f3n Territorial y Desarrollo Sostenible<\/strong><br \/>&#8220;Despierta mucho inter\u00e9s que la Universidad de Nari\u00f1o adelante una primera iniciativa de caracterizaci\u00f3n local de recursos, con 15 estaciones meteorol\u00f3gicas en el departamento de Nari\u00f1o que aportar\u00e1n informaci\u00f3n valiosa para los procesos de planificaci\u00f3n del pa\u00eds. A finales del a\u00f1o pasado, el Instituto de Planificaci\u00f3n y Promoci\u00f3n de Soluciones Energ\u00e9ticas para las Zonas No Interconectadas \u2013 IPSE, anunci\u00f3 la implementaci\u00f3n de 10 estaciones en toda Colombia para caracterizar recursos. En este sentido, la informaci\u00f3n m\u00e1s detallada se encontrar\u00e1 en Nari\u00f1o. Adem\u00e1s es importante resaltar los resultados obtenidos por el PERS en su etapa de caracterizaci\u00f3n, que el Ministerio de Minas y Energ\u00eda a trav\u00e9s de la UPME, consideran pertinente para colaborar en la Planificaci\u00f3n Territorial y el Desarrollo Sostenible que se plantea a nivel departamental y nacional.<\/p>\n<p style=\"text-align: justify;\">De esta manera se cuenta con insumos importantes para los entes territoriales como la caracterizaci\u00f3n socioecon\u00f3mica de indicadores claves de desarrollo (PERS) y la identificaci\u00f3n de los potenciales en Nari\u00f1o (ALTERNAR). As\u00ed, podemos plantear una nueva etapa donde se propongan nuevas alternativas de soluci\u00f3n a la problem\u00e1tica social del Departamento, principalmente en la deficiencia del suministro el\u00e9ctrico que se ha manifestado en diferentes instancias&#8221;, concluy\u00f3 el Ingeniero Dar\u00edo Fajardo.<\/p>\n","protected":false},"excerpt":{"rendered":"<p>La ejecuci\u00f3n del Proyecto Alternar: An\u00e1lisis de Oportunidades Energ\u00e9ticas en el Departamento de Nari\u00f1o&#8221; se extender\u00e1 hasta el mes de septiembre de 2016. El proyecto ejecutado por la Universidad de Nari\u00f1o en cooperaci\u00f3n con la Universidad de Los Andes y ASC Ingenier\u00eda S.A. E.S.P., contempla dentro de su cronograma de actividades cuatro importantes macro tareas [&hellip;]<\/p>\n","protected":false},"author":29,"featured_media":19515,"comment_status":"open","ping_status":"open","sticky":false,"template":"","format":"standard","meta":{"footnotes":""},"categories":[1],"tags":[],"class_list":["post-19516","post","type-post","status-publish","format-standard","has-post-thumbnail","hentry","category-sin-categoria"],"yoast_head":"<!-- This site is optimized with the Yoast SEO plugin v27.1.1 - https:\/\/yoast.com\/product\/yoast-seo-wordpress\/ -->\n<title>Proyecto de energ\u00edas alternativas en Nari\u00f1o continuar\u00e1 su ejecuci\u00f3n en el 2016 | P\u00e1gina10<\/title>\n<meta name=\"robots\" content=\"index, follow, max-snippet:-1, max-image-preview:large, max-video-preview:-1\" \/>\n<link rel=\"canonical\" href=\"https:\/\/pagina10.com\/web\/proyecto-de-energias-alternativas-en-narino-continuara-su-ejecucion-en-el-2016\/\" \/>\n<meta property=\"og:locale\" content=\"es_ES\" \/>\n<meta property=\"og:type\" content=\"article\" \/>\n<meta property=\"og:title\" content=\"Proyecto de energ\u00edas alternativas en Nari\u00f1o continuar\u00e1 su ejecuci\u00f3n en el 2016 | P\u00e1gina10\" \/>\n<meta property=\"og:description\" content=\"La ejecuci\u00f3n del Proyecto Alternar: An\u00e1lisis de Oportunidades Energ\u00e9ticas en el Departamento de Nari\u00f1o&#8221; se extender\u00e1 hasta el mes de septiembre de 2016. El proyecto ejecutado por la Universidad de Nari\u00f1o en cooperaci\u00f3n con la Universidad de Los Andes y ASC Ingenier\u00eda S.A. E.S.P., contempla dentro de su cronograma de actividades cuatro importantes macro tareas [&hellip;]\" \/>\n<meta property=\"og:url\" content=\"https:\/\/pagina10.com\/web\/proyecto-de-energias-alternativas-en-narino-continuara-su-ejecucion-en-el-2016\/\" \/>\n<meta property=\"og:site_name\" content=\"P\u00e1gina10\" \/>\n<meta property=\"article:publisher\" content=\"https:\/\/www.facebook.com\/pag10com\" \/>\n<meta property=\"article:published_time\" content=\"2016-01-29T15:26:03+00:00\" \/>\n<meta property=\"og:image\" content=\"https:\/\/pagina10.com\/web\/wp-content\/uploads\/2016\/01\/42986a2c5b00fcb2fdaedb4f36b8fe7c.jpg\" \/>\n\t<meta property=\"og:image:width\" content=\"248\" \/>\n\t<meta property=\"og:image:height\" content=\"186\" \/>\n\t<meta property=\"og:image:type\" content=\"image\/jpeg\" \/>\n<meta name=\"author\" content=\"P\u00e1gina 10\" \/>\n<meta name=\"twitter:card\" content=\"summary_large_image\" \/>\n<meta name=\"twitter:creator\" content=\"@Pag10com\" \/>\n<meta name=\"twitter:site\" content=\"@Pag10com\" \/>\n<meta name=\"twitter:label1\" content=\"Escrito por\" \/>\n\t<meta name=\"twitter:data1\" content=\"P\u00e1gina 10\" \/>\n\t<meta name=\"twitter:label2\" content=\"Tiempo de lectura\" \/>\n\t<meta name=\"twitter:data2\" content=\"5 minutos\" \/>\n<script type=\"application\/ld+json\" class=\"yoast-schema-graph\">{\"@context\":\"https:\/\/schema.org\",\"@graph\":[{\"@type\":\"Article\",\"@id\":\"https:\/\/pagina10.com\/web\/proyecto-de-energias-alternativas-en-narino-continuara-su-ejecucion-en-el-2016\/#article\",\"isPartOf\":{\"@id\":\"https:\/\/pagina10.com\/web\/proyecto-de-energias-alternativas-en-narino-continuara-su-ejecucion-en-el-2016\/\"},\"author\":{\"name\":\"P\u00e1gina 10\",\"@id\":\"https:\/\/pagina10.com\/web\/#\/schema\/person\/a7a5d38f0629dfc107f619fbae4f6cc3\"},\"headline\":\"Proyecto de energ\u00edas alternativas en Nari\u00f1o continuar\u00e1 su ejecuci\u00f3n en el 2016\",\"datePublished\":\"2016-01-29T15:26:03+00:00\",\"mainEntityOfPage\":{\"@id\":\"https:\/\/pagina10.com\/web\/proyecto-de-energias-alternativas-en-narino-continuara-su-ejecucion-en-el-2016\/\"},\"wordCount\":1069,\"commentCount\":0,\"publisher\":{\"@id\":\"https:\/\/pagina10.com\/web\/#organization\"},\"image\":{\"@id\":\"https:\/\/pagina10.com\/web\/proyecto-de-energias-alternativas-en-narino-continuara-su-ejecucion-en-el-2016\/#primaryimage\"},\"thumbnailUrl\":\"https:\/\/pagina10.com\/web\/wp-content\/uploads\/2016\/01\/42986a2c5b00fcb2fdaedb4f36b8fe7c.jpg\",\"inLanguage\":\"es\",\"potentialAction\":[{\"@type\":\"CommentAction\",\"name\":\"Comment\",\"target\":[\"https:\/\/pagina10.com\/web\/proyecto-de-energias-alternativas-en-narino-continuara-su-ejecucion-en-el-2016\/#respond\"]}]},{\"@type\":\"WebPage\",\"@id\":\"https:\/\/pagina10.com\/web\/proyecto-de-energias-alternativas-en-narino-continuara-su-ejecucion-en-el-2016\/\",\"url\":\"https:\/\/pagina10.com\/web\/proyecto-de-energias-alternativas-en-narino-continuara-su-ejecucion-en-el-2016\/\",\"name\":\"Proyecto de energ\u00edas alternativas en Nari\u00f1o continuar\u00e1 su ejecuci\u00f3n en el 2016 | P\u00e1gina10\",\"isPartOf\":{\"@id\":\"https:\/\/pagina10.com\/web\/#website\"},\"primaryImageOfPage\":{\"@id\":\"https:\/\/pagina10.com\/web\/proyecto-de-energias-alternativas-en-narino-continuara-su-ejecucion-en-el-2016\/#primaryimage\"},\"image\":{\"@id\":\"https:\/\/pagina10.com\/web\/proyecto-de-energias-alternativas-en-narino-continuara-su-ejecucion-en-el-2016\/#primaryimage\"},\"thumbnailUrl\":\"https:\/\/pagina10.com\/web\/wp-content\/uploads\/2016\/01\/42986a2c5b00fcb2fdaedb4f36b8fe7c.jpg\",\"datePublished\":\"2016-01-29T15:26:03+00:00\",\"breadcrumb\":{\"@id\":\"https:\/\/pagina10.com\/web\/proyecto-de-energias-alternativas-en-narino-continuara-su-ejecucion-en-el-2016\/#breadcrumb\"},\"inLanguage\":\"es\",\"potentialAction\":[{\"@type\":\"ReadAction\",\"target\":[\"https:\/\/pagina10.com\/web\/proyecto-de-energias-alternativas-en-narino-continuara-su-ejecucion-en-el-2016\/\"]}]},{\"@type\":\"ImageObject\",\"inLanguage\":\"es\",\"@id\":\"https:\/\/pagina10.com\/web\/proyecto-de-energias-alternativas-en-narino-continuara-su-ejecucion-en-el-2016\/#primaryimage\",\"url\":\"https:\/\/pagina10.com\/web\/wp-content\/uploads\/2016\/01\/42986a2c5b00fcb2fdaedb4f36b8fe7c.jpg\",\"contentUrl\":\"https:\/\/pagina10.com\/web\/wp-content\/uploads\/2016\/01\/42986a2c5b00fcb2fdaedb4f36b8fe7c.jpg\",\"width\":248,\"height\":186},{\"@type\":\"BreadcrumbList\",\"@id\":\"https:\/\/pagina10.com\/web\/proyecto-de-energias-alternativas-en-narino-continuara-su-ejecucion-en-el-2016\/#breadcrumb\",\"itemListElement\":[{\"@type\":\"ListItem\",\"position\":1,\"name\":\"Portada\",\"item\":\"https:\/\/pagina10.com\/web\/\"},{\"@type\":\"ListItem\",\"position\":2,\"name\":\"Proyecto de energ\u00edas alternativas en Nari\u00f1o continuar\u00e1 su ejecuci\u00f3n en el 2016\"}]},{\"@type\":\"WebSite\",\"@id\":\"https:\/\/pagina10.com\/web\/#website\",\"url\":\"https:\/\/pagina10.com\/web\/\",\"name\":\"P\u00e1gina10\",\"description\":\"Peri\u00f3dico Regional\",\"publisher\":{\"@id\":\"https:\/\/pagina10.com\/web\/#organization\"},\"alternateName\":\"P\u00e1gina10 Peri\u00f3dico Regional\",\"potentialAction\":[{\"@type\":\"SearchAction\",\"target\":{\"@type\":\"EntryPoint\",\"urlTemplate\":\"https:\/\/pagina10.com\/web\/?s={search_term_string}\"},\"query-input\":{\"@type\":\"PropertyValueSpecification\",\"valueRequired\":true,\"valueName\":\"search_term_string\"}}],\"inLanguage\":\"es\"},{\"@type\":\"Organization\",\"@id\":\"https:\/\/pagina10.com\/web\/#organization\",\"name\":\"P\u00e1gina10\",\"alternateName\":\"P\u00e1gina10 Peri\u00f3dico Regional\",\"url\":\"https:\/\/pagina10.com\/web\/\",\"logo\":{\"@type\":\"ImageObject\",\"inLanguage\":\"es\",\"@id\":\"https:\/\/pagina10.com\/web\/#\/schema\/logo\/image\/\",\"url\":\"https:\/\/pagina10.com\/web\/wp-content\/uploads\/2024\/01\/40-pagina-10-periodico-regional-pasto.jpg\",\"contentUrl\":\"https:\/\/pagina10.com\/web\/wp-content\/uploads\/2024\/01\/40-pagina-10-periodico-regional-pasto.jpg\",\"width\":1280,\"height\":720,\"caption\":\"P\u00e1gina10\"},\"image\":{\"@id\":\"https:\/\/pagina10.com\/web\/#\/schema\/logo\/image\/\"},\"sameAs\":[\"https:\/\/www.facebook.com\/pag10com\",\"https:\/\/x.com\/Pag10com\",\"https:\/\/www.instagram.com\/pagina10col\/\",\"https:\/\/youtube.com\/channel\/pag10\",\"https:\/\/www.tiktok.com\/@p10col\"]},{\"@type\":\"Person\",\"@id\":\"https:\/\/pagina10.com\/web\/#\/schema\/person\/a7a5d38f0629dfc107f619fbae4f6cc3\",\"name\":\"P\u00e1gina 10\",\"description\":\"P\u00e1gina10.com es un peri\u00f3dico digital que nace en Colombia, en el departamento de Nari\u00f1o, con un enfoque global, fundamentado en cuatro pilares esenciales: la libertad, el pluralismo, la inclusi\u00f3n y la independencia. P\u00e1gina10.com hace referencia a Nari\u00f1o como el d\u00e9cimo departamento creado en Colombia, despu\u00e9s de un proceso pol\u00edtico liderado por actores y actrices regionales con el fin de obtener la independencia y autonom\u00eda de nuestros territorios. Con la creaci\u00f3n de P\u00e1gina10.com se pretende abrir un escenario para el dialogo, la reflexi\u00f3n y el debate que se extienda a otras geograf\u00edas de Am\u00e9rica Latina y del planeta, en una apuesta por transformar colectivamente los desaf\u00edos de un mundo contempor\u00e1neo, m\u00e1s all\u00e1 de las fronteras impuestas.\",\"url\":\"https:\/\/pagina10.com\/web\/author\/mcepeda\/\"}]}<\/script>\n<!-- \/ Yoast SEO plugin. -->","yoast_head_json":{"title":"Proyecto de energ\u00edas alternativas en Nari\u00f1o continuar\u00e1 su ejecuci\u00f3n en el 2016 | P\u00e1gina10","robots":{"index":"index","follow":"follow","max-snippet":"max-snippet:-1","max-image-preview":"max-image-preview:large","max-video-preview":"max-video-preview:-1"},"canonical":"https:\/\/pagina10.com\/web\/proyecto-de-energias-alternativas-en-narino-continuara-su-ejecucion-en-el-2016\/","og_locale":"es_ES","og_type":"article","og_title":"Proyecto de energ\u00edas alternativas en Nari\u00f1o continuar\u00e1 su ejecuci\u00f3n en el 2016 | P\u00e1gina10","og_description":"La ejecuci\u00f3n del Proyecto Alternar: An\u00e1lisis de Oportunidades Energ\u00e9ticas en el Departamento de Nari\u00f1o&#8221; se extender\u00e1 hasta el mes de septiembre de 2016. El proyecto ejecutado por la Universidad de Nari\u00f1o en cooperaci\u00f3n con la Universidad de Los Andes y ASC Ingenier\u00eda S.A. E.S.P., contempla dentro de su cronograma de actividades cuatro importantes macro tareas [&hellip;]","og_url":"https:\/\/pagina10.com\/web\/proyecto-de-energias-alternativas-en-narino-continuara-su-ejecucion-en-el-2016\/","og_site_name":"P\u00e1gina10","article_publisher":"https:\/\/www.facebook.com\/pag10com","article_published_time":"2016-01-29T15:26:03+00:00","og_image":[{"width":248,"height":186,"url":"https:\/\/pagina10.com\/web\/wp-content\/uploads\/2016\/01\/42986a2c5b00fcb2fdaedb4f36b8fe7c.jpg","type":"image\/jpeg"}],"author":"P\u00e1gina 10","twitter_card":"summary_large_image","twitter_creator":"@Pag10com","twitter_site":"@Pag10com","twitter_misc":{"Escrito por":"P\u00e1gina 10","Tiempo de lectura":"5 minutos"},"schema":{"@context":"https:\/\/schema.org","@graph":[{"@type":"Article","@id":"https:\/\/pagina10.com\/web\/proyecto-de-energias-alternativas-en-narino-continuara-su-ejecucion-en-el-2016\/#article","isPartOf":{"@id":"https:\/\/pagina10.com\/web\/proyecto-de-energias-alternativas-en-narino-continuara-su-ejecucion-en-el-2016\/"},"author":{"name":"P\u00e1gina 10","@id":"https:\/\/pagina10.com\/web\/#\/schema\/person\/a7a5d38f0629dfc107f619fbae4f6cc3"},"headline":"Proyecto de energ\u00edas alternativas en Nari\u00f1o continuar\u00e1 su ejecuci\u00f3n en el 2016","datePublished":"2016-01-29T15:26:03+00:00","mainEntityOfPage":{"@id":"https:\/\/pagina10.com\/web\/proyecto-de-energias-alternativas-en-narino-continuara-su-ejecucion-en-el-2016\/"},"wordCount":1069,"commentCount":0,"publisher":{"@id":"https:\/\/pagina10.com\/web\/#organization"},"image":{"@id":"https:\/\/pagina10.com\/web\/proyecto-de-energias-alternativas-en-narino-continuara-su-ejecucion-en-el-2016\/#primaryimage"},"thumbnailUrl":"https:\/\/pagina10.com\/web\/wp-content\/uploads\/2016\/01\/42986a2c5b00fcb2fdaedb4f36b8fe7c.jpg","inLanguage":"es","potentialAction":[{"@type":"CommentAction","name":"Comment","target":["https:\/\/pagina10.com\/web\/proyecto-de-energias-alternativas-en-narino-continuara-su-ejecucion-en-el-2016\/#respond"]}]},{"@type":"WebPage","@id":"https:\/\/pagina10.com\/web\/proyecto-de-energias-alternativas-en-narino-continuara-su-ejecucion-en-el-2016\/","url":"https:\/\/pagina10.com\/web\/proyecto-de-energias-alternativas-en-narino-continuara-su-ejecucion-en-el-2016\/","name":"Proyecto de energ\u00edas alternativas en Nari\u00f1o continuar\u00e1 su ejecuci\u00f3n en el 2016 | P\u00e1gina10","isPartOf":{"@id":"https:\/\/pagina10.com\/web\/#website"},"primaryImageOfPage":{"@id":"https:\/\/pagina10.com\/web\/proyecto-de-energias-alternativas-en-narino-continuara-su-ejecucion-en-el-2016\/#primaryimage"},"image":{"@id":"https:\/\/pagina10.com\/web\/proyecto-de-energias-alternativas-en-narino-continuara-su-ejecucion-en-el-2016\/#primaryimage"},"thumbnailUrl":"https:\/\/pagina10.com\/web\/wp-content\/uploads\/2016\/01\/42986a2c5b00fcb2fdaedb4f36b8fe7c.jpg","datePublished":"2016-01-29T15:26:03+00:00","breadcrumb":{"@id":"https:\/\/pagina10.com\/web\/proyecto-de-energias-alternativas-en-narino-continuara-su-ejecucion-en-el-2016\/#breadcrumb"},"inLanguage":"es","potentialAction":[{"@type":"ReadAction","target":["https:\/\/pagina10.com\/web\/proyecto-de-energias-alternativas-en-narino-continuara-su-ejecucion-en-el-2016\/"]}]},{"@type":"ImageObject","inLanguage":"es","@id":"https:\/\/pagina10.com\/web\/proyecto-de-energias-alternativas-en-narino-continuara-su-ejecucion-en-el-2016\/#primaryimage","url":"https:\/\/pagina10.com\/web\/wp-content\/uploads\/2016\/01\/42986a2c5b00fcb2fdaedb4f36b8fe7c.jpg","contentUrl":"https:\/\/pagina10.com\/web\/wp-content\/uploads\/2016\/01\/42986a2c5b00fcb2fdaedb4f36b8fe7c.jpg","width":248,"height":186},{"@type":"BreadcrumbList","@id":"https:\/\/pagina10.com\/web\/proyecto-de-energias-alternativas-en-narino-continuara-su-ejecucion-en-el-2016\/#breadcrumb","itemListElement":[{"@type":"ListItem","position":1,"name":"Portada","item":"https:\/\/pagina10.com\/web\/"},{"@type":"ListItem","position":2,"name":"Proyecto de energ\u00edas alternativas en Nari\u00f1o continuar\u00e1 su ejecuci\u00f3n en el 2016"}]},{"@type":"WebSite","@id":"https:\/\/pagina10.com\/web\/#website","url":"https:\/\/pagina10.com\/web\/","name":"P\u00e1gina10","description":"Peri\u00f3dico Regional","publisher":{"@id":"https:\/\/pagina10.com\/web\/#organization"},"alternateName":"P\u00e1gina10 Peri\u00f3dico Regional","potentialAction":[{"@type":"SearchAction","target":{"@type":"EntryPoint","urlTemplate":"https:\/\/pagina10.com\/web\/?s={search_term_string}"},"query-input":{"@type":"PropertyValueSpecification","valueRequired":true,"valueName":"search_term_string"}}],"inLanguage":"es"},{"@type":"Organization","@id":"https:\/\/pagina10.com\/web\/#organization","name":"P\u00e1gina10","alternateName":"P\u00e1gina10 Peri\u00f3dico Regional","url":"https:\/\/pagina10.com\/web\/","logo":{"@type":"ImageObject","inLanguage":"es","@id":"https:\/\/pagina10.com\/web\/#\/schema\/logo\/image\/","url":"https:\/\/pagina10.com\/web\/wp-content\/uploads\/2024\/01\/40-pagina-10-periodico-regional-pasto.jpg","contentUrl":"https:\/\/pagina10.com\/web\/wp-content\/uploads\/2024\/01\/40-pagina-10-periodico-regional-pasto.jpg","width":1280,"height":720,"caption":"P\u00e1gina10"},"image":{"@id":"https:\/\/pagina10.com\/web\/#\/schema\/logo\/image\/"},"sameAs":["https:\/\/www.facebook.com\/pag10com","https:\/\/x.com\/Pag10com","https:\/\/www.instagram.com\/pagina10col\/","https:\/\/youtube.com\/channel\/pag10","https:\/\/www.tiktok.com\/@p10col"]},{"@type":"Person","@id":"https:\/\/pagina10.com\/web\/#\/schema\/person\/a7a5d38f0629dfc107f619fbae4f6cc3","name":"P\u00e1gina 10","description":"P\u00e1gina10.com es un peri\u00f3dico digital que nace en Colombia, en el departamento de Nari\u00f1o, con un enfoque global, fundamentado en cuatro pilares esenciales: la libertad, el pluralismo, la inclusi\u00f3n y la independencia. P\u00e1gina10.com hace referencia a Nari\u00f1o como el d\u00e9cimo departamento creado en Colombia, despu\u00e9s de un proceso pol\u00edtico liderado por actores y actrices regionales con el fin de obtener la independencia y autonom\u00eda de nuestros territorios. Con la creaci\u00f3n de P\u00e1gina10.com se pretende abrir un escenario para el dialogo, la reflexi\u00f3n y el debate que se extienda a otras geograf\u00edas de Am\u00e9rica Latina y del planeta, en una apuesta por transformar colectivamente los desaf\u00edos de un mundo contempor\u00e1neo, m\u00e1s all\u00e1 de las fronteras impuestas.","url":"https:\/\/pagina10.com\/web\/author\/mcepeda\/"}]}},"_links":{"self":[{"href":"https:\/\/pagina10.com\/web\/wp-json\/wp\/v2\/posts\/19516","targetHints":{"allow":["GET"]}}],"collection":[{"href":"https:\/\/pagina10.com\/web\/wp-json\/wp\/v2\/posts"}],"about":[{"href":"https:\/\/pagina10.com\/web\/wp-json\/wp\/v2\/types\/post"}],"author":[{"embeddable":true,"href":"https:\/\/pagina10.com\/web\/wp-json\/wp\/v2\/users\/29"}],"replies":[{"embeddable":true,"href":"https:\/\/pagina10.com\/web\/wp-json\/wp\/v2\/comments?post=19516"}],"version-history":[{"count":0,"href":"https:\/\/pagina10.com\/web\/wp-json\/wp\/v2\/posts\/19516\/revisions"}],"wp:featuredmedia":[{"embeddable":true,"href":"https:\/\/pagina10.com\/web\/wp-json\/wp\/v2\/media\/19515"}],"wp:attachment":[{"href":"https:\/\/pagina10.com\/web\/wp-json\/wp\/v2\/media?parent=19516"}],"wp:term":[{"taxonomy":"category","embeddable":true,"href":"https:\/\/pagina10.com\/web\/wp-json\/wp\/v2\/categories?post=19516"},{"taxonomy":"post_tag","embeddable":true,"href":"https:\/\/pagina10.com\/web\/wp-json\/wp\/v2\/tags?post=19516"}],"curies":[{"name":"wp","href":"https:\/\/api.w.org\/{rel}","templated":true}]}}