{"id":19518,"date":"2016-01-29T15:35:14","date_gmt":"2016-01-29T15:35:14","guid":{"rendered":"https:\/\/pagina10.com\/web\/la-vacuna-del-zika-podria-ser-probada-en-humanos-desde-agosto\/"},"modified":"2016-01-29T15:35:14","modified_gmt":"2016-01-29T15:35:14","slug":"la-vacuna-del-zika-podria-ser-probada-en-humanos-desde-agosto","status":"publish","type":"post","link":"https:\/\/pagina10.com\/web\/la-vacuna-del-zika-podria-ser-probada-en-humanos-desde-agosto\/","title":{"rendered":"La vacuna del Zika podr\u00eda ser probada en humanos desde agosto."},"content":{"rendered":"<p><img fetchpriority=\"high\" decoding=\"async\" class=\" size-full wp-image-19517\" src=\"https:\/\/pagina10.com\/web\/wp-content\/uploads\/2016\/01\/751384cbdb59cc0cdecbb18f12a1d9db.jpg\" alt=\"\" width=\"624\" height=\"351\" srcset=\"https:\/\/pagina10.com\/web\/wp-content\/uploads\/2016\/01\/751384cbdb59cc0cdecbb18f12a1d9db.jpg 624w, https:\/\/pagina10.com\/web\/wp-content\/uploads\/2016\/01\/751384cbdb59cc0cdecbb18f12a1d9db-300x169.jpg 300w\" sizes=\"(max-width: 624px) 100vw, 624px\" \/><\/p>\n<p style=\"text-align: justify;\">Una vacuna contra el virus del zika podr\u00eda estar disponible para uso de emergencia antes del fin de 2016, una fecha mucho anterior a lo vaticinado por funcionarios de la salud de Estados Unidos.<\/p>\n<p style=\"text-align: justify;\">La afirmaci\u00f3n la hizo un cient\u00edfico canadiense que ayud\u00f3 al desarrollo de un prototipo de vacuna que tuvo \u00e9xito en el combate contra el \u00e9bola, la epidemia que afecto el occidente de \u00c1frica y que tuvo en vilo al mundo el a\u00f1o pasado.<\/p>\n<p style=\"text-align: justify;\">Gary Kobinger, que trabaja con un consorcio que desarrolla la vacuna, le dijo a la agencia Reuters que la primera etapa de pruebas en humanos podr\u00eda empezar en agosto.<\/p>\n<p style=\"text-align: justify;\">Si la prueba da resultados positivos, la vacuna podr\u00eda ser aplicada durante una emergencia de salud p\u00fablica en octubre o noviembre del presente a\u00f1o.<\/p>\n<p style=\"text-align: justify;\">&#8220;Lo primero que hay que hacer es estar preparado para lo peor&#8221;, manifest\u00f3 Kobinger a Reuters.<\/p>\n<p style=\"text-align: justify;\">&#8220;Esta vacuna es f\u00e1cil de producir. Se podr\u00edan redoblar los esfuerzos para alcanzar niveles muy altos en corto tiempo&#8221;.<\/p>\n<p style=\"text-align: justify;\">Seg\u00fan Korbinger, que trabaja en el proyecto de la Universidad Laval en Quebec City, la posible vacuna funciona imitando el virus para desencadenar la acci\u00f3n del sistema inmunol\u00f3gico.<\/p>\n<p style=\"text-align: justify;\">&#8220;Cuando la enfermedad verdadera penetre, los anticuerpos ya estar\u00e1n ah\u00ed, con el sistema inmunol\u00f3gico preparado, listo para atacar inmediatamente&#8221;, explic\u00f3.<\/p>\n<p style=\"text-align: justify;\">Sin embargo, el cient\u00edfico no especific\u00f3 cu\u00e1ndo estar\u00eda lista para uso general.<\/p>\n<p style=\"text-align: justify;\"><strong>Proyecto &#8220;agresivo&#8221;<\/strong><\/p>\n<p style=\"text-align: justify;\">La Organizaci\u00f3n Mundial de la Salud (OMS) declar\u00f3 en Ginebra, el jueves, que la propagaci\u00f3n del zika es &#8220;explosiva&#8221; y podr\u00eda afectar hasta cuatro millones de personas en el continente americano.<\/p>\n<p style=\"text-align: justify;\">Joseph Kim, director ejecutivo de Inovio, una de las farmac\u00e9uticas que colabora con el proyecto, expres\u00f3 que el cronograma para desarrollar la vacuna para fines de a\u00f1o es agresivo pero posible.<\/p>\n<p style=\"text-align: justify;\">&#8220;Creo que ser\u00e1 la primera en ser probaba con humanos. Nos parece que somos los punteros en la carrera para desarrollar la vacuna contra el zika&#8221;, asegur\u00f3 en una entrevista.<\/p>\n<p style=\"text-align: justify;\">Varios otros esfuerzos se est\u00e1n llevando a cabo en el desarrollo de una vacuna, pero no vaticinan resultados tan anticipados.<\/p>\n<p style=\"text-align: justify;\">En EE.UU. hay dos perspectivas potenciales para vacunas que podr\u00edan iniciar pruebas cl\u00ednicas en humanos a fin de a\u00f1o, pero no estar\u00edan disponibles para uso general en varios a\u00f1os, seg\u00fan los investigadores.<\/p>\n<p style=\"text-align: justify;\">El instituto Butantan, en Sao Paulo, inform\u00f3 la semana pasada que planea desarrollar una vacuna en &#8220;tiempo r\u00e9cord&#8221;, pero su director advirti\u00f3 que demorar\u00eda entre tres y cinco y a\u00f1os.<\/p>\n<p style=\"text-align: justify;\">&nbsp;<\/p>\n<p>Fuente: BBC<\/p>\n","protected":false},"excerpt":{"rendered":"<p>Una vacuna contra el virus del zika podr\u00eda estar disponible para uso de emergencia antes del fin de 2016, una fecha mucho anterior a lo vaticinado por funcionarios de la salud de Estados Unidos. La afirmaci\u00f3n la hizo un cient\u00edfico canadiense que ayud\u00f3 al desarrollo de un prototipo de vacuna que tuvo \u00e9xito en el [&hellip;]<\/p>\n","protected":false},"author":29,"featured_media":19517,"comment_status":"open","ping_status":"open","sticky":false,"template":"","format":"standard","meta":{"footnotes":""},"categories":[1],"tags":[],"class_list":["post-19518","post","type-post","status-publish","format-standard","has-post-thumbnail","hentry","category-sin-categoria"],"yoast_head":"<!-- This site is optimized with the Yoast SEO plugin v27.1.1 - https:\/\/yoast.com\/product\/yoast-seo-wordpress\/ -->\n<title>La vacuna del Zika podr\u00eda ser probada en humanos desde agosto. | P\u00e1gina10<\/title>\n<meta name=\"robots\" content=\"index, follow, max-snippet:-1, max-image-preview:large, max-video-preview:-1\" \/>\n<link rel=\"canonical\" href=\"https:\/\/pagina10.com\/web\/la-vacuna-del-zika-podria-ser-probada-en-humanos-desde-agosto\/\" \/>\n<meta property=\"og:locale\" content=\"es_ES\" \/>\n<meta property=\"og:type\" content=\"article\" \/>\n<meta property=\"og:title\" content=\"La vacuna del Zika podr\u00eda ser probada en humanos desde agosto. | P\u00e1gina10\" \/>\n<meta property=\"og:description\" content=\"Una vacuna contra el virus del zika podr\u00eda estar disponible para uso de emergencia antes del fin de 2016, una fecha mucho anterior a lo vaticinado por funcionarios de la salud de Estados Unidos. La afirmaci\u00f3n la hizo un cient\u00edfico canadiense que ayud\u00f3 al desarrollo de un prototipo de vacuna que tuvo \u00e9xito en el [&hellip;]\" \/>\n<meta property=\"og:url\" content=\"https:\/\/pagina10.com\/web\/la-vacuna-del-zika-podria-ser-probada-en-humanos-desde-agosto\/\" \/>\n<meta property=\"og:site_name\" content=\"P\u00e1gina10\" \/>\n<meta property=\"article:publisher\" content=\"https:\/\/www.facebook.com\/pag10com\" \/>\n<meta property=\"article:published_time\" content=\"2016-01-29T15:35:14+00:00\" \/>\n<meta property=\"og:image\" content=\"https:\/\/pagina10.com\/web\/wp-content\/uploads\/2016\/01\/751384cbdb59cc0cdecbb18f12a1d9db.jpg\" \/>\n\t<meta property=\"og:image:width\" content=\"624\" \/>\n\t<meta property=\"og:image:height\" content=\"351\" \/>\n\t<meta property=\"og:image:type\" content=\"image\/jpeg\" \/>\n<meta name=\"author\" content=\"P\u00e1gina 10\" \/>\n<meta name=\"twitter:card\" content=\"summary_large_image\" \/>\n<meta name=\"twitter:creator\" content=\"@Pag10com\" \/>\n<meta name=\"twitter:site\" content=\"@Pag10com\" \/>\n<meta name=\"twitter:label1\" content=\"Escrito por\" \/>\n\t<meta name=\"twitter:data1\" content=\"P\u00e1gina 10\" \/>\n\t<meta name=\"twitter:label2\" content=\"Tiempo de lectura\" \/>\n\t<meta name=\"twitter:data2\" content=\"2 minutos\" \/>\n<script type=\"application\/ld+json\" class=\"yoast-schema-graph\">{\"@context\":\"https:\/\/schema.org\",\"@graph\":[{\"@type\":\"Article\",\"@id\":\"https:\/\/pagina10.com\/web\/la-vacuna-del-zika-podria-ser-probada-en-humanos-desde-agosto\/#article\",\"isPartOf\":{\"@id\":\"https:\/\/pagina10.com\/web\/la-vacuna-del-zika-podria-ser-probada-en-humanos-desde-agosto\/\"},\"author\":{\"name\":\"P\u00e1gina 10\",\"@id\":\"https:\/\/pagina10.com\/web\/#\/schema\/person\/a7a5d38f0629dfc107f619fbae4f6cc3\"},\"headline\":\"La vacuna del Zika podr\u00eda ser probada en humanos desde agosto.\",\"datePublished\":\"2016-01-29T15:35:14+00:00\",\"mainEntityOfPage\":{\"@id\":\"https:\/\/pagina10.com\/web\/la-vacuna-del-zika-podria-ser-probada-en-humanos-desde-agosto\/\"},\"wordCount\":449,\"commentCount\":0,\"publisher\":{\"@id\":\"https:\/\/pagina10.com\/web\/#organization\"},\"image\":{\"@id\":\"https:\/\/pagina10.com\/web\/la-vacuna-del-zika-podria-ser-probada-en-humanos-desde-agosto\/#primaryimage\"},\"thumbnailUrl\":\"https:\/\/pagina10.com\/web\/wp-content\/uploads\/2016\/01\/751384cbdb59cc0cdecbb18f12a1d9db.jpg\",\"inLanguage\":\"es\",\"potentialAction\":[{\"@type\":\"CommentAction\",\"name\":\"Comment\",\"target\":[\"https:\/\/pagina10.com\/web\/la-vacuna-del-zika-podria-ser-probada-en-humanos-desde-agosto\/#respond\"]}]},{\"@type\":\"WebPage\",\"@id\":\"https:\/\/pagina10.com\/web\/la-vacuna-del-zika-podria-ser-probada-en-humanos-desde-agosto\/\",\"url\":\"https:\/\/pagina10.com\/web\/la-vacuna-del-zika-podria-ser-probada-en-humanos-desde-agosto\/\",\"name\":\"La vacuna del Zika podr\u00eda ser probada en humanos desde agosto. | P\u00e1gina10\",\"isPartOf\":{\"@id\":\"https:\/\/pagina10.com\/web\/#website\"},\"primaryImageOfPage\":{\"@id\":\"https:\/\/pagina10.com\/web\/la-vacuna-del-zika-podria-ser-probada-en-humanos-desde-agosto\/#primaryimage\"},\"image\":{\"@id\":\"https:\/\/pagina10.com\/web\/la-vacuna-del-zika-podria-ser-probada-en-humanos-desde-agosto\/#primaryimage\"},\"thumbnailUrl\":\"https:\/\/pagina10.com\/web\/wp-content\/uploads\/2016\/01\/751384cbdb59cc0cdecbb18f12a1d9db.jpg\",\"datePublished\":\"2016-01-29T15:35:14+00:00\",\"breadcrumb\":{\"@id\":\"https:\/\/pagina10.com\/web\/la-vacuna-del-zika-podria-ser-probada-en-humanos-desde-agosto\/#breadcrumb\"},\"inLanguage\":\"es\",\"potentialAction\":[{\"@type\":\"ReadAction\",\"target\":[\"https:\/\/pagina10.com\/web\/la-vacuna-del-zika-podria-ser-probada-en-humanos-desde-agosto\/\"]}]},{\"@type\":\"ImageObject\",\"inLanguage\":\"es\",\"@id\":\"https:\/\/pagina10.com\/web\/la-vacuna-del-zika-podria-ser-probada-en-humanos-desde-agosto\/#primaryimage\",\"url\":\"https:\/\/pagina10.com\/web\/wp-content\/uploads\/2016\/01\/751384cbdb59cc0cdecbb18f12a1d9db.jpg\",\"contentUrl\":\"https:\/\/pagina10.com\/web\/wp-content\/uploads\/2016\/01\/751384cbdb59cc0cdecbb18f12a1d9db.jpg\",\"width\":624,\"height\":351},{\"@type\":\"BreadcrumbList\",\"@id\":\"https:\/\/pagina10.com\/web\/la-vacuna-del-zika-podria-ser-probada-en-humanos-desde-agosto\/#breadcrumb\",\"itemListElement\":[{\"@type\":\"ListItem\",\"position\":1,\"name\":\"Portada\",\"item\":\"https:\/\/pagina10.com\/web\/\"},{\"@type\":\"ListItem\",\"position\":2,\"name\":\"La vacuna del Zika podr\u00eda ser probada en humanos desde agosto.\"}]},{\"@type\":\"WebSite\",\"@id\":\"https:\/\/pagina10.com\/web\/#website\",\"url\":\"https:\/\/pagina10.com\/web\/\",\"name\":\"P\u00e1gina10\",\"description\":\"Peri\u00f3dico Regional\",\"publisher\":{\"@id\":\"https:\/\/pagina10.com\/web\/#organization\"},\"alternateName\":\"P\u00e1gina10 Peri\u00f3dico Regional\",\"potentialAction\":[{\"@type\":\"SearchAction\",\"target\":{\"@type\":\"EntryPoint\",\"urlTemplate\":\"https:\/\/pagina10.com\/web\/?s={search_term_string}\"},\"query-input\":{\"@type\":\"PropertyValueSpecification\",\"valueRequired\":true,\"valueName\":\"search_term_string\"}}],\"inLanguage\":\"es\"},{\"@type\":\"Organization\",\"@id\":\"https:\/\/pagina10.com\/web\/#organization\",\"name\":\"P\u00e1gina10\",\"alternateName\":\"P\u00e1gina10 Peri\u00f3dico Regional\",\"url\":\"https:\/\/pagina10.com\/web\/\",\"logo\":{\"@type\":\"ImageObject\",\"inLanguage\":\"es\",\"@id\":\"https:\/\/pagina10.com\/web\/#\/schema\/logo\/image\/\",\"url\":\"https:\/\/pagina10.com\/web\/wp-content\/uploads\/2024\/01\/40-pagina-10-periodico-regional-pasto.jpg\",\"contentUrl\":\"https:\/\/pagina10.com\/web\/wp-content\/uploads\/2024\/01\/40-pagina-10-periodico-regional-pasto.jpg\",\"width\":1280,\"height\":720,\"caption\":\"P\u00e1gina10\"},\"image\":{\"@id\":\"https:\/\/pagina10.com\/web\/#\/schema\/logo\/image\/\"},\"sameAs\":[\"https:\/\/www.facebook.com\/pag10com\",\"https:\/\/x.com\/Pag10com\",\"https:\/\/www.instagram.com\/pagina10col\/\",\"https:\/\/youtube.com\/channel\/pag10\",\"https:\/\/www.tiktok.com\/@p10col\"]},{\"@type\":\"Person\",\"@id\":\"https:\/\/pagina10.com\/web\/#\/schema\/person\/a7a5d38f0629dfc107f619fbae4f6cc3\",\"name\":\"P\u00e1gina 10\",\"description\":\"P\u00e1gina10.com es un peri\u00f3dico digital que nace en Colombia, en el departamento de Nari\u00f1o, con un enfoque global, fundamentado en cuatro pilares esenciales: la libertad, el pluralismo, la inclusi\u00f3n y la independencia. P\u00e1gina10.com hace referencia a Nari\u00f1o como el d\u00e9cimo departamento creado en Colombia, despu\u00e9s de un proceso pol\u00edtico liderado por actores y actrices regionales con el fin de obtener la independencia y autonom\u00eda de nuestros territorios. Con la creaci\u00f3n de P\u00e1gina10.com se pretende abrir un escenario para el dialogo, la reflexi\u00f3n y el debate que se extienda a otras geograf\u00edas de Am\u00e9rica Latina y del planeta, en una apuesta por transformar colectivamente los desaf\u00edos de un mundo contempor\u00e1neo, m\u00e1s all\u00e1 de las fronteras impuestas.\",\"url\":\"https:\/\/pagina10.com\/web\/author\/mcepeda\/\"}]}<\/script>\n<!-- \/ Yoast SEO plugin. -->","yoast_head_json":{"title":"La vacuna del Zika podr\u00eda ser probada en humanos desde agosto. | P\u00e1gina10","robots":{"index":"index","follow":"follow","max-snippet":"max-snippet:-1","max-image-preview":"max-image-preview:large","max-video-preview":"max-video-preview:-1"},"canonical":"https:\/\/pagina10.com\/web\/la-vacuna-del-zika-podria-ser-probada-en-humanos-desde-agosto\/","og_locale":"es_ES","og_type":"article","og_title":"La vacuna del Zika podr\u00eda ser probada en humanos desde agosto. | P\u00e1gina10","og_description":"Una vacuna contra el virus del zika podr\u00eda estar disponible para uso de emergencia antes del fin de 2016, una fecha mucho anterior a lo vaticinado por funcionarios de la salud de Estados Unidos. La afirmaci\u00f3n la hizo un cient\u00edfico canadiense que ayud\u00f3 al desarrollo de un prototipo de vacuna que tuvo \u00e9xito en el [&hellip;]","og_url":"https:\/\/pagina10.com\/web\/la-vacuna-del-zika-podria-ser-probada-en-humanos-desde-agosto\/","og_site_name":"P\u00e1gina10","article_publisher":"https:\/\/www.facebook.com\/pag10com","article_published_time":"2016-01-29T15:35:14+00:00","og_image":[{"width":624,"height":351,"url":"https:\/\/pagina10.com\/web\/wp-content\/uploads\/2016\/01\/751384cbdb59cc0cdecbb18f12a1d9db.jpg","type":"image\/jpeg"}],"author":"P\u00e1gina 10","twitter_card":"summary_large_image","twitter_creator":"@Pag10com","twitter_site":"@Pag10com","twitter_misc":{"Escrito por":"P\u00e1gina 10","Tiempo de lectura":"2 minutos"},"schema":{"@context":"https:\/\/schema.org","@graph":[{"@type":"Article","@id":"https:\/\/pagina10.com\/web\/la-vacuna-del-zika-podria-ser-probada-en-humanos-desde-agosto\/#article","isPartOf":{"@id":"https:\/\/pagina10.com\/web\/la-vacuna-del-zika-podria-ser-probada-en-humanos-desde-agosto\/"},"author":{"name":"P\u00e1gina 10","@id":"https:\/\/pagina10.com\/web\/#\/schema\/person\/a7a5d38f0629dfc107f619fbae4f6cc3"},"headline":"La vacuna del Zika podr\u00eda ser probada en humanos desde agosto.","datePublished":"2016-01-29T15:35:14+00:00","mainEntityOfPage":{"@id":"https:\/\/pagina10.com\/web\/la-vacuna-del-zika-podria-ser-probada-en-humanos-desde-agosto\/"},"wordCount":449,"commentCount":0,"publisher":{"@id":"https:\/\/pagina10.com\/web\/#organization"},"image":{"@id":"https:\/\/pagina10.com\/web\/la-vacuna-del-zika-podria-ser-probada-en-humanos-desde-agosto\/#primaryimage"},"thumbnailUrl":"https:\/\/pagina10.com\/web\/wp-content\/uploads\/2016\/01\/751384cbdb59cc0cdecbb18f12a1d9db.jpg","inLanguage":"es","potentialAction":[{"@type":"CommentAction","name":"Comment","target":["https:\/\/pagina10.com\/web\/la-vacuna-del-zika-podria-ser-probada-en-humanos-desde-agosto\/#respond"]}]},{"@type":"WebPage","@id":"https:\/\/pagina10.com\/web\/la-vacuna-del-zika-podria-ser-probada-en-humanos-desde-agosto\/","url":"https:\/\/pagina10.com\/web\/la-vacuna-del-zika-podria-ser-probada-en-humanos-desde-agosto\/","name":"La vacuna del Zika podr\u00eda ser probada en humanos desde agosto. | P\u00e1gina10","isPartOf":{"@id":"https:\/\/pagina10.com\/web\/#website"},"primaryImageOfPage":{"@id":"https:\/\/pagina10.com\/web\/la-vacuna-del-zika-podria-ser-probada-en-humanos-desde-agosto\/#primaryimage"},"image":{"@id":"https:\/\/pagina10.com\/web\/la-vacuna-del-zika-podria-ser-probada-en-humanos-desde-agosto\/#primaryimage"},"thumbnailUrl":"https:\/\/pagina10.com\/web\/wp-content\/uploads\/2016\/01\/751384cbdb59cc0cdecbb18f12a1d9db.jpg","datePublished":"2016-01-29T15:35:14+00:00","breadcrumb":{"@id":"https:\/\/pagina10.com\/web\/la-vacuna-del-zika-podria-ser-probada-en-humanos-desde-agosto\/#breadcrumb"},"inLanguage":"es","potentialAction":[{"@type":"ReadAction","target":["https:\/\/pagina10.com\/web\/la-vacuna-del-zika-podria-ser-probada-en-humanos-desde-agosto\/"]}]},{"@type":"ImageObject","inLanguage":"es","@id":"https:\/\/pagina10.com\/web\/la-vacuna-del-zika-podria-ser-probada-en-humanos-desde-agosto\/#primaryimage","url":"https:\/\/pagina10.com\/web\/wp-content\/uploads\/2016\/01\/751384cbdb59cc0cdecbb18f12a1d9db.jpg","contentUrl":"https:\/\/pagina10.com\/web\/wp-content\/uploads\/2016\/01\/751384cbdb59cc0cdecbb18f12a1d9db.jpg","width":624,"height":351},{"@type":"BreadcrumbList","@id":"https:\/\/pagina10.com\/web\/la-vacuna-del-zika-podria-ser-probada-en-humanos-desde-agosto\/#breadcrumb","itemListElement":[{"@type":"ListItem","position":1,"name":"Portada","item":"https:\/\/pagina10.com\/web\/"},{"@type":"ListItem","position":2,"name":"La vacuna del Zika podr\u00eda ser probada en humanos desde agosto."}]},{"@type":"WebSite","@id":"https:\/\/pagina10.com\/web\/#website","url":"https:\/\/pagina10.com\/web\/","name":"P\u00e1gina10","description":"Peri\u00f3dico Regional","publisher":{"@id":"https:\/\/pagina10.com\/web\/#organization"},"alternateName":"P\u00e1gina10 Peri\u00f3dico Regional","potentialAction":[{"@type":"SearchAction","target":{"@type":"EntryPoint","urlTemplate":"https:\/\/pagina10.com\/web\/?s={search_term_string}"},"query-input":{"@type":"PropertyValueSpecification","valueRequired":true,"valueName":"search_term_string"}}],"inLanguage":"es"},{"@type":"Organization","@id":"https:\/\/pagina10.com\/web\/#organization","name":"P\u00e1gina10","alternateName":"P\u00e1gina10 Peri\u00f3dico Regional","url":"https:\/\/pagina10.com\/web\/","logo":{"@type":"ImageObject","inLanguage":"es","@id":"https:\/\/pagina10.com\/web\/#\/schema\/logo\/image\/","url":"https:\/\/pagina10.com\/web\/wp-content\/uploads\/2024\/01\/40-pagina-10-periodico-regional-pasto.jpg","contentUrl":"https:\/\/pagina10.com\/web\/wp-content\/uploads\/2024\/01\/40-pagina-10-periodico-regional-pasto.jpg","width":1280,"height":720,"caption":"P\u00e1gina10"},"image":{"@id":"https:\/\/pagina10.com\/web\/#\/schema\/logo\/image\/"},"sameAs":["https:\/\/www.facebook.com\/pag10com","https:\/\/x.com\/Pag10com","https:\/\/www.instagram.com\/pagina10col\/","https:\/\/youtube.com\/channel\/pag10","https:\/\/www.tiktok.com\/@p10col"]},{"@type":"Person","@id":"https:\/\/pagina10.com\/web\/#\/schema\/person\/a7a5d38f0629dfc107f619fbae4f6cc3","name":"P\u00e1gina 10","description":"P\u00e1gina10.com es un peri\u00f3dico digital que nace en Colombia, en el departamento de Nari\u00f1o, con un enfoque global, fundamentado en cuatro pilares esenciales: la libertad, el pluralismo, la inclusi\u00f3n y la independencia. P\u00e1gina10.com hace referencia a Nari\u00f1o como el d\u00e9cimo departamento creado en Colombia, despu\u00e9s de un proceso pol\u00edtico liderado por actores y actrices regionales con el fin de obtener la independencia y autonom\u00eda de nuestros territorios. Con la creaci\u00f3n de P\u00e1gina10.com se pretende abrir un escenario para el dialogo, la reflexi\u00f3n y el debate que se extienda a otras geograf\u00edas de Am\u00e9rica Latina y del planeta, en una apuesta por transformar colectivamente los desaf\u00edos de un mundo contempor\u00e1neo, m\u00e1s all\u00e1 de las fronteras impuestas.","url":"https:\/\/pagina10.com\/web\/author\/mcepeda\/"}]}},"_links":{"self":[{"href":"https:\/\/pagina10.com\/web\/wp-json\/wp\/v2\/posts\/19518","targetHints":{"allow":["GET"]}}],"collection":[{"href":"https:\/\/pagina10.com\/web\/wp-json\/wp\/v2\/posts"}],"about":[{"href":"https:\/\/pagina10.com\/web\/wp-json\/wp\/v2\/types\/post"}],"author":[{"embeddable":true,"href":"https:\/\/pagina10.com\/web\/wp-json\/wp\/v2\/users\/29"}],"replies":[{"embeddable":true,"href":"https:\/\/pagina10.com\/web\/wp-json\/wp\/v2\/comments?post=19518"}],"version-history":[{"count":0,"href":"https:\/\/pagina10.com\/web\/wp-json\/wp\/v2\/posts\/19518\/revisions"}],"wp:featuredmedia":[{"embeddable":true,"href":"https:\/\/pagina10.com\/web\/wp-json\/wp\/v2\/media\/19517"}],"wp:attachment":[{"href":"https:\/\/pagina10.com\/web\/wp-json\/wp\/v2\/media?parent=19518"}],"wp:term":[{"taxonomy":"category","embeddable":true,"href":"https:\/\/pagina10.com\/web\/wp-json\/wp\/v2\/categories?post=19518"},{"taxonomy":"post_tag","embeddable":true,"href":"https:\/\/pagina10.com\/web\/wp-json\/wp\/v2\/tags?post=19518"}],"curies":[{"name":"wp","href":"https:\/\/api.w.org\/{rel}","templated":true}]}}