{"id":19522,"date":"2016-01-29T17:13:24","date_gmt":"2016-01-29T17:13:24","guid":{"rendered":"https:\/\/pagina10.com\/web\/rescatan-a-recien-nacido-en-buesaco\/"},"modified":"2016-01-29T17:13:24","modified_gmt":"2016-01-29T17:13:24","slug":"rescatan-a-recien-nacido-en-buesaco","status":"publish","type":"post","link":"https:\/\/pagina10.com\/web\/rescatan-a-recien-nacido-en-buesaco\/","title":{"rendered":"Rescatan a reci\u00e9n nacido en Buesaco"},"content":{"rendered":"<p><img fetchpriority=\"high\" decoding=\"async\" class=\" size-full wp-image-19521\" src=\"https:\/\/pagina10.com\/web\/wp-content\/uploads\/2016\/01\/781f49109cb68e9653b5b3fa9ded42e5.jpg\" alt=\"\" width=\"689\" height=\"517\" srcset=\"https:\/\/pagina10.com\/web\/wp-content\/uploads\/2016\/01\/781f49109cb68e9653b5b3fa9ded42e5.jpg 689w, https:\/\/pagina10.com\/web\/wp-content\/uploads\/2016\/01\/781f49109cb68e9653b5b3fa9ded42e5-300x225.jpg 300w, https:\/\/pagina10.com\/web\/wp-content\/uploads\/2016\/01\/781f49109cb68e9653b5b3fa9ded42e5-86x64.jpg 86w\" sizes=\"(max-width: 689px) 100vw, 689px\" \/><\/p>\n<p style=\"text-align: justify;\">A orillas de una quebrada en el corregimiento Naranjal del municipio de Buesaco, al nororiente de Nari\u00f1o, personal policial gracias a informaci\u00f3n oportuna entregada por la comunidad, se encontr\u00f3 un menor de escasas horas de nacido, quien se encontraba desnudo, presentado s\u00edntomas de hipotermia.<\/p>\n<p style=\"text-align: justify;\">&nbsp;<\/p>\n<p style=\"text-align: justify;\">El rescate se llev\u00f3 a cabo, aproximadamente a las 09:00 am, gracias a la informaci\u00f3n oportuna por parte de una habitante de este municipio, informa mediante v\u00eda telef\u00f3nica a la l\u00ednea de emergencia de la Estaci\u00f3n de Polic\u00eda Buesaco, que en la Vereda el Naranjal acababa de encontrar a un menor reci\u00e9n nacido arrastrado por un caudal de agua, por lo cual la informante solicitaba ayuda inmediata al personal policial.<\/p>\n<p style=\"text-align: justify;\">&nbsp;<\/p>\n<p style=\"text-align: justify;\">Por lo anterior, la patrulla disponible para casos especiales con ni\u00f1os, ni\u00f1as y adolescentes se desplaza en compa\u00f1\u00eda de profesionales de la salud, llegando al sitio, donde efectivamente encuentran a un menor en delicado estado de salud, con el cord\u00f3n umbilical envuelto a su cuello y una piedra de barro sobre su boca.<\/p>\n<p style=\"text-align: justify;\">&nbsp;<\/p>\n<p style=\"text-align: justify;\">El menor encontrado, es intervenido por el personal de enfermeras con el fin de prestarle los primeros auxilios, haciendo la verificaci\u00f3n de los signos vitales; debido a su estado, es trasladado al hospital de la Virgen de Lourdes del Municipio de Buesaco, donde es atendido por personal m\u00e9dico, quien logra estabilizarlo, recibiendo el apoyo permanente e incondicional por parte de la Polic\u00eda Nacional, quien se desplaza hasta el hospital infantil los \u00c1ngeles de la ciudad de Pasto, acompa\u00f1\u00e1ndolo en todo el proceso de recuperaci\u00f3n. &nbsp;<\/p>\n<p style=\"text-align: justify;\">&nbsp;<\/p>\n<p style=\"text-align: justify;\">Este caso fue informado a la Comisaria de Familia, con el fin de proteger y restablecer sus derechos.<\/p>\n<p style=\"text-align: justify;\">&nbsp;<\/p>\n<p style=\"text-align: justify;\">Personal policial, se encuentran investigando el hecho, para dar con el paradero de los responsables o la responsable, de este hecho.<\/p>\n<p style=\"text-align: justify;\">&nbsp;<\/p>\n","protected":false},"excerpt":{"rendered":"<p>A orillas de una quebrada en el corregimiento Naranjal del municipio de Buesaco, al nororiente de Nari\u00f1o, personal policial gracias a informaci\u00f3n oportuna entregada por la comunidad, se encontr\u00f3 un menor de escasas horas de nacido, quien se encontraba desnudo, presentado s\u00edntomas de hipotermia. &nbsp; El rescate se llev\u00f3 a cabo, aproximadamente a las 09:00 [&hellip;]<\/p>\n","protected":false},"author":29,"featured_media":19521,"comment_status":"open","ping_status":"open","sticky":false,"template":"","format":"standard","meta":{"footnotes":""},"categories":[1],"tags":[],"class_list":["post-19522","post","type-post","status-publish","format-standard","has-post-thumbnail","hentry","category-sin-categoria"],"yoast_head":"<!-- This site is optimized with the Yoast SEO plugin v27.1.1 - https:\/\/yoast.com\/product\/yoast-seo-wordpress\/ -->\n<title>Rescatan a reci\u00e9n nacido en Buesaco | P\u00e1gina10<\/title>\n<meta name=\"robots\" content=\"index, follow, max-snippet:-1, max-image-preview:large, max-video-preview:-1\" \/>\n<link rel=\"canonical\" href=\"https:\/\/pagina10.com\/web\/rescatan-a-recien-nacido-en-buesaco\/\" \/>\n<meta property=\"og:locale\" content=\"es_ES\" \/>\n<meta property=\"og:type\" content=\"article\" \/>\n<meta property=\"og:title\" content=\"Rescatan a reci\u00e9n nacido en Buesaco | P\u00e1gina10\" \/>\n<meta property=\"og:description\" content=\"A orillas de una quebrada en el corregimiento Naranjal del municipio de Buesaco, al nororiente de Nari\u00f1o, personal policial gracias a informaci\u00f3n oportuna entregada por la comunidad, se encontr\u00f3 un menor de escasas horas de nacido, quien se encontraba desnudo, presentado s\u00edntomas de hipotermia. &nbsp; El rescate se llev\u00f3 a cabo, aproximadamente a las 09:00 [&hellip;]\" \/>\n<meta property=\"og:url\" content=\"https:\/\/pagina10.com\/web\/rescatan-a-recien-nacido-en-buesaco\/\" \/>\n<meta property=\"og:site_name\" content=\"P\u00e1gina10\" \/>\n<meta property=\"article:publisher\" content=\"https:\/\/www.facebook.com\/pag10com\" \/>\n<meta property=\"article:published_time\" content=\"2016-01-29T17:13:24+00:00\" \/>\n<meta property=\"og:image\" content=\"https:\/\/pagina10.com\/web\/wp-content\/uploads\/2016\/01\/781f49109cb68e9653b5b3fa9ded42e5.jpg\" \/>\n\t<meta property=\"og:image:width\" content=\"689\" \/>\n\t<meta property=\"og:image:height\" content=\"517\" \/>\n\t<meta property=\"og:image:type\" content=\"image\/jpeg\" \/>\n<meta name=\"author\" content=\"P\u00e1gina 10\" \/>\n<meta name=\"twitter:card\" content=\"summary_large_image\" \/>\n<meta name=\"twitter:creator\" content=\"@Pag10com\" \/>\n<meta name=\"twitter:site\" content=\"@Pag10com\" \/>\n<meta name=\"twitter:label1\" content=\"Escrito por\" \/>\n\t<meta name=\"twitter:data1\" content=\"P\u00e1gina 10\" \/>\n\t<meta name=\"twitter:label2\" content=\"Tiempo de lectura\" \/>\n\t<meta name=\"twitter:data2\" content=\"2 minutos\" \/>\n<script type=\"application\/ld+json\" class=\"yoast-schema-graph\">{\"@context\":\"https:\/\/schema.org\",\"@graph\":[{\"@type\":\"Article\",\"@id\":\"https:\/\/pagina10.com\/web\/rescatan-a-recien-nacido-en-buesaco\/#article\",\"isPartOf\":{\"@id\":\"https:\/\/pagina10.com\/web\/rescatan-a-recien-nacido-en-buesaco\/\"},\"author\":{\"name\":\"P\u00e1gina 10\",\"@id\":\"https:\/\/pagina10.com\/web\/#\/schema\/person\/a7a5d38f0629dfc107f619fbae4f6cc3\"},\"headline\":\"Rescatan a reci\u00e9n nacido en Buesaco\",\"datePublished\":\"2016-01-29T17:13:24+00:00\",\"mainEntityOfPage\":{\"@id\":\"https:\/\/pagina10.com\/web\/rescatan-a-recien-nacido-en-buesaco\/\"},\"wordCount\":322,\"commentCount\":0,\"publisher\":{\"@id\":\"https:\/\/pagina10.com\/web\/#organization\"},\"image\":{\"@id\":\"https:\/\/pagina10.com\/web\/rescatan-a-recien-nacido-en-buesaco\/#primaryimage\"},\"thumbnailUrl\":\"https:\/\/pagina10.com\/web\/wp-content\/uploads\/2016\/01\/781f49109cb68e9653b5b3fa9ded42e5.jpg\",\"inLanguage\":\"es\",\"potentialAction\":[{\"@type\":\"CommentAction\",\"name\":\"Comment\",\"target\":[\"https:\/\/pagina10.com\/web\/rescatan-a-recien-nacido-en-buesaco\/#respond\"]}]},{\"@type\":\"WebPage\",\"@id\":\"https:\/\/pagina10.com\/web\/rescatan-a-recien-nacido-en-buesaco\/\",\"url\":\"https:\/\/pagina10.com\/web\/rescatan-a-recien-nacido-en-buesaco\/\",\"name\":\"Rescatan a reci\u00e9n nacido en Buesaco | P\u00e1gina10\",\"isPartOf\":{\"@id\":\"https:\/\/pagina10.com\/web\/#website\"},\"primaryImageOfPage\":{\"@id\":\"https:\/\/pagina10.com\/web\/rescatan-a-recien-nacido-en-buesaco\/#primaryimage\"},\"image\":{\"@id\":\"https:\/\/pagina10.com\/web\/rescatan-a-recien-nacido-en-buesaco\/#primaryimage\"},\"thumbnailUrl\":\"https:\/\/pagina10.com\/web\/wp-content\/uploads\/2016\/01\/781f49109cb68e9653b5b3fa9ded42e5.jpg\",\"datePublished\":\"2016-01-29T17:13:24+00:00\",\"breadcrumb\":{\"@id\":\"https:\/\/pagina10.com\/web\/rescatan-a-recien-nacido-en-buesaco\/#breadcrumb\"},\"inLanguage\":\"es\",\"potentialAction\":[{\"@type\":\"ReadAction\",\"target\":[\"https:\/\/pagina10.com\/web\/rescatan-a-recien-nacido-en-buesaco\/\"]}]},{\"@type\":\"ImageObject\",\"inLanguage\":\"es\",\"@id\":\"https:\/\/pagina10.com\/web\/rescatan-a-recien-nacido-en-buesaco\/#primaryimage\",\"url\":\"https:\/\/pagina10.com\/web\/wp-content\/uploads\/2016\/01\/781f49109cb68e9653b5b3fa9ded42e5.jpg\",\"contentUrl\":\"https:\/\/pagina10.com\/web\/wp-content\/uploads\/2016\/01\/781f49109cb68e9653b5b3fa9ded42e5.jpg\",\"width\":689,\"height\":517},{\"@type\":\"BreadcrumbList\",\"@id\":\"https:\/\/pagina10.com\/web\/rescatan-a-recien-nacido-en-buesaco\/#breadcrumb\",\"itemListElement\":[{\"@type\":\"ListItem\",\"position\":1,\"name\":\"Portada\",\"item\":\"https:\/\/pagina10.com\/web\/\"},{\"@type\":\"ListItem\",\"position\":2,\"name\":\"Rescatan a reci\u00e9n nacido en Buesaco\"}]},{\"@type\":\"WebSite\",\"@id\":\"https:\/\/pagina10.com\/web\/#website\",\"url\":\"https:\/\/pagina10.com\/web\/\",\"name\":\"P\u00e1gina10\",\"description\":\"Peri\u00f3dico Regional\",\"publisher\":{\"@id\":\"https:\/\/pagina10.com\/web\/#organization\"},\"alternateName\":\"P\u00e1gina10 Peri\u00f3dico Regional\",\"potentialAction\":[{\"@type\":\"SearchAction\",\"target\":{\"@type\":\"EntryPoint\",\"urlTemplate\":\"https:\/\/pagina10.com\/web\/?s={search_term_string}\"},\"query-input\":{\"@type\":\"PropertyValueSpecification\",\"valueRequired\":true,\"valueName\":\"search_term_string\"}}],\"inLanguage\":\"es\"},{\"@type\":\"Organization\",\"@id\":\"https:\/\/pagina10.com\/web\/#organization\",\"name\":\"P\u00e1gina10\",\"alternateName\":\"P\u00e1gina10 Peri\u00f3dico Regional\",\"url\":\"https:\/\/pagina10.com\/web\/\",\"logo\":{\"@type\":\"ImageObject\",\"inLanguage\":\"es\",\"@id\":\"https:\/\/pagina10.com\/web\/#\/schema\/logo\/image\/\",\"url\":\"https:\/\/pagina10.com\/web\/wp-content\/uploads\/2024\/01\/40-pagina-10-periodico-regional-pasto.jpg\",\"contentUrl\":\"https:\/\/pagina10.com\/web\/wp-content\/uploads\/2024\/01\/40-pagina-10-periodico-regional-pasto.jpg\",\"width\":1280,\"height\":720,\"caption\":\"P\u00e1gina10\"},\"image\":{\"@id\":\"https:\/\/pagina10.com\/web\/#\/schema\/logo\/image\/\"},\"sameAs\":[\"https:\/\/www.facebook.com\/pag10com\",\"https:\/\/x.com\/Pag10com\",\"https:\/\/www.instagram.com\/pagina10col\/\",\"https:\/\/youtube.com\/channel\/pag10\",\"https:\/\/www.tiktok.com\/@p10col\"]},{\"@type\":\"Person\",\"@id\":\"https:\/\/pagina10.com\/web\/#\/schema\/person\/a7a5d38f0629dfc107f619fbae4f6cc3\",\"name\":\"P\u00e1gina 10\",\"description\":\"P\u00e1gina10.com es un peri\u00f3dico digital que nace en Colombia, en el departamento de Nari\u00f1o, con un enfoque global, fundamentado en cuatro pilares esenciales: la libertad, el pluralismo, la inclusi\u00f3n y la independencia. P\u00e1gina10.com hace referencia a Nari\u00f1o como el d\u00e9cimo departamento creado en Colombia, despu\u00e9s de un proceso pol\u00edtico liderado por actores y actrices regionales con el fin de obtener la independencia y autonom\u00eda de nuestros territorios. Con la creaci\u00f3n de P\u00e1gina10.com se pretende abrir un escenario para el dialogo, la reflexi\u00f3n y el debate que se extienda a otras geograf\u00edas de Am\u00e9rica Latina y del planeta, en una apuesta por transformar colectivamente los desaf\u00edos de un mundo contempor\u00e1neo, m\u00e1s all\u00e1 de las fronteras impuestas.\",\"url\":\"https:\/\/pagina10.com\/web\/author\/mcepeda\/\"}]}<\/script>\n<!-- \/ Yoast SEO plugin. -->","yoast_head_json":{"title":"Rescatan a reci\u00e9n nacido en Buesaco | P\u00e1gina10","robots":{"index":"index","follow":"follow","max-snippet":"max-snippet:-1","max-image-preview":"max-image-preview:large","max-video-preview":"max-video-preview:-1"},"canonical":"https:\/\/pagina10.com\/web\/rescatan-a-recien-nacido-en-buesaco\/","og_locale":"es_ES","og_type":"article","og_title":"Rescatan a reci\u00e9n nacido en Buesaco | P\u00e1gina10","og_description":"A orillas de una quebrada en el corregimiento Naranjal del municipio de Buesaco, al nororiente de Nari\u00f1o, personal policial gracias a informaci\u00f3n oportuna entregada por la comunidad, se encontr\u00f3 un menor de escasas horas de nacido, quien se encontraba desnudo, presentado s\u00edntomas de hipotermia. &nbsp; El rescate se llev\u00f3 a cabo, aproximadamente a las 09:00 [&hellip;]","og_url":"https:\/\/pagina10.com\/web\/rescatan-a-recien-nacido-en-buesaco\/","og_site_name":"P\u00e1gina10","article_publisher":"https:\/\/www.facebook.com\/pag10com","article_published_time":"2016-01-29T17:13:24+00:00","og_image":[{"width":689,"height":517,"url":"https:\/\/pagina10.com\/web\/wp-content\/uploads\/2016\/01\/781f49109cb68e9653b5b3fa9ded42e5.jpg","type":"image\/jpeg"}],"author":"P\u00e1gina 10","twitter_card":"summary_large_image","twitter_creator":"@Pag10com","twitter_site":"@Pag10com","twitter_misc":{"Escrito por":"P\u00e1gina 10","Tiempo de lectura":"2 minutos"},"schema":{"@context":"https:\/\/schema.org","@graph":[{"@type":"Article","@id":"https:\/\/pagina10.com\/web\/rescatan-a-recien-nacido-en-buesaco\/#article","isPartOf":{"@id":"https:\/\/pagina10.com\/web\/rescatan-a-recien-nacido-en-buesaco\/"},"author":{"name":"P\u00e1gina 10","@id":"https:\/\/pagina10.com\/web\/#\/schema\/person\/a7a5d38f0629dfc107f619fbae4f6cc3"},"headline":"Rescatan a reci\u00e9n nacido en Buesaco","datePublished":"2016-01-29T17:13:24+00:00","mainEntityOfPage":{"@id":"https:\/\/pagina10.com\/web\/rescatan-a-recien-nacido-en-buesaco\/"},"wordCount":322,"commentCount":0,"publisher":{"@id":"https:\/\/pagina10.com\/web\/#organization"},"image":{"@id":"https:\/\/pagina10.com\/web\/rescatan-a-recien-nacido-en-buesaco\/#primaryimage"},"thumbnailUrl":"https:\/\/pagina10.com\/web\/wp-content\/uploads\/2016\/01\/781f49109cb68e9653b5b3fa9ded42e5.jpg","inLanguage":"es","potentialAction":[{"@type":"CommentAction","name":"Comment","target":["https:\/\/pagina10.com\/web\/rescatan-a-recien-nacido-en-buesaco\/#respond"]}]},{"@type":"WebPage","@id":"https:\/\/pagina10.com\/web\/rescatan-a-recien-nacido-en-buesaco\/","url":"https:\/\/pagina10.com\/web\/rescatan-a-recien-nacido-en-buesaco\/","name":"Rescatan a reci\u00e9n nacido en Buesaco | P\u00e1gina10","isPartOf":{"@id":"https:\/\/pagina10.com\/web\/#website"},"primaryImageOfPage":{"@id":"https:\/\/pagina10.com\/web\/rescatan-a-recien-nacido-en-buesaco\/#primaryimage"},"image":{"@id":"https:\/\/pagina10.com\/web\/rescatan-a-recien-nacido-en-buesaco\/#primaryimage"},"thumbnailUrl":"https:\/\/pagina10.com\/web\/wp-content\/uploads\/2016\/01\/781f49109cb68e9653b5b3fa9ded42e5.jpg","datePublished":"2016-01-29T17:13:24+00:00","breadcrumb":{"@id":"https:\/\/pagina10.com\/web\/rescatan-a-recien-nacido-en-buesaco\/#breadcrumb"},"inLanguage":"es","potentialAction":[{"@type":"ReadAction","target":["https:\/\/pagina10.com\/web\/rescatan-a-recien-nacido-en-buesaco\/"]}]},{"@type":"ImageObject","inLanguage":"es","@id":"https:\/\/pagina10.com\/web\/rescatan-a-recien-nacido-en-buesaco\/#primaryimage","url":"https:\/\/pagina10.com\/web\/wp-content\/uploads\/2016\/01\/781f49109cb68e9653b5b3fa9ded42e5.jpg","contentUrl":"https:\/\/pagina10.com\/web\/wp-content\/uploads\/2016\/01\/781f49109cb68e9653b5b3fa9ded42e5.jpg","width":689,"height":517},{"@type":"BreadcrumbList","@id":"https:\/\/pagina10.com\/web\/rescatan-a-recien-nacido-en-buesaco\/#breadcrumb","itemListElement":[{"@type":"ListItem","position":1,"name":"Portada","item":"https:\/\/pagina10.com\/web\/"},{"@type":"ListItem","position":2,"name":"Rescatan a reci\u00e9n nacido en Buesaco"}]},{"@type":"WebSite","@id":"https:\/\/pagina10.com\/web\/#website","url":"https:\/\/pagina10.com\/web\/","name":"P\u00e1gina10","description":"Peri\u00f3dico Regional","publisher":{"@id":"https:\/\/pagina10.com\/web\/#organization"},"alternateName":"P\u00e1gina10 Peri\u00f3dico Regional","potentialAction":[{"@type":"SearchAction","target":{"@type":"EntryPoint","urlTemplate":"https:\/\/pagina10.com\/web\/?s={search_term_string}"},"query-input":{"@type":"PropertyValueSpecification","valueRequired":true,"valueName":"search_term_string"}}],"inLanguage":"es"},{"@type":"Organization","@id":"https:\/\/pagina10.com\/web\/#organization","name":"P\u00e1gina10","alternateName":"P\u00e1gina10 Peri\u00f3dico Regional","url":"https:\/\/pagina10.com\/web\/","logo":{"@type":"ImageObject","inLanguage":"es","@id":"https:\/\/pagina10.com\/web\/#\/schema\/logo\/image\/","url":"https:\/\/pagina10.com\/web\/wp-content\/uploads\/2024\/01\/40-pagina-10-periodico-regional-pasto.jpg","contentUrl":"https:\/\/pagina10.com\/web\/wp-content\/uploads\/2024\/01\/40-pagina-10-periodico-regional-pasto.jpg","width":1280,"height":720,"caption":"P\u00e1gina10"},"image":{"@id":"https:\/\/pagina10.com\/web\/#\/schema\/logo\/image\/"},"sameAs":["https:\/\/www.facebook.com\/pag10com","https:\/\/x.com\/Pag10com","https:\/\/www.instagram.com\/pagina10col\/","https:\/\/youtube.com\/channel\/pag10","https:\/\/www.tiktok.com\/@p10col"]},{"@type":"Person","@id":"https:\/\/pagina10.com\/web\/#\/schema\/person\/a7a5d38f0629dfc107f619fbae4f6cc3","name":"P\u00e1gina 10","description":"P\u00e1gina10.com es un peri\u00f3dico digital que nace en Colombia, en el departamento de Nari\u00f1o, con un enfoque global, fundamentado en cuatro pilares esenciales: la libertad, el pluralismo, la inclusi\u00f3n y la independencia. P\u00e1gina10.com hace referencia a Nari\u00f1o como el d\u00e9cimo departamento creado en Colombia, despu\u00e9s de un proceso pol\u00edtico liderado por actores y actrices regionales con el fin de obtener la independencia y autonom\u00eda de nuestros territorios. Con la creaci\u00f3n de P\u00e1gina10.com se pretende abrir un escenario para el dialogo, la reflexi\u00f3n y el debate que se extienda a otras geograf\u00edas de Am\u00e9rica Latina y del planeta, en una apuesta por transformar colectivamente los desaf\u00edos de un mundo contempor\u00e1neo, m\u00e1s all\u00e1 de las fronteras impuestas.","url":"https:\/\/pagina10.com\/web\/author\/mcepeda\/"}]}},"_links":{"self":[{"href":"https:\/\/pagina10.com\/web\/wp-json\/wp\/v2\/posts\/19522","targetHints":{"allow":["GET"]}}],"collection":[{"href":"https:\/\/pagina10.com\/web\/wp-json\/wp\/v2\/posts"}],"about":[{"href":"https:\/\/pagina10.com\/web\/wp-json\/wp\/v2\/types\/post"}],"author":[{"embeddable":true,"href":"https:\/\/pagina10.com\/web\/wp-json\/wp\/v2\/users\/29"}],"replies":[{"embeddable":true,"href":"https:\/\/pagina10.com\/web\/wp-json\/wp\/v2\/comments?post=19522"}],"version-history":[{"count":0,"href":"https:\/\/pagina10.com\/web\/wp-json\/wp\/v2\/posts\/19522\/revisions"}],"wp:featuredmedia":[{"embeddable":true,"href":"https:\/\/pagina10.com\/web\/wp-json\/wp\/v2\/media\/19521"}],"wp:attachment":[{"href":"https:\/\/pagina10.com\/web\/wp-json\/wp\/v2\/media?parent=19522"}],"wp:term":[{"taxonomy":"category","embeddable":true,"href":"https:\/\/pagina10.com\/web\/wp-json\/wp\/v2\/categories?post=19522"},{"taxonomy":"post_tag","embeddable":true,"href":"https:\/\/pagina10.com\/web\/wp-json\/wp\/v2\/tags?post=19522"}],"curies":[{"name":"wp","href":"https:\/\/api.w.org\/{rel}","templated":true}]}}