{"id":19526,"date":"2016-01-30T02:29:01","date_gmt":"2016-01-30T02:29:01","guid":{"rendered":"https:\/\/pagina10.com\/web\/el-pacifico-narinense-ya-tiene-plan-integral-de-seguridad\/"},"modified":"2016-01-30T02:29:01","modified_gmt":"2016-01-30T02:29:01","slug":"el-pacifico-narinense-ya-tiene-plan-integral-de-seguridad","status":"publish","type":"post","link":"https:\/\/pagina10.com\/web\/el-pacifico-narinense-ya-tiene-plan-integral-de-seguridad\/","title":{"rendered":"El Pac\u00edfico Nari\u00f1ense ya tiene Plan Integral de Seguridad"},"content":{"rendered":"<p><img fetchpriority=\"high\" decoding=\"async\" class=\" size-full wp-image-19525\" src=\"https:\/\/pagina10.com\/web\/wp-content\/uploads\/2016\/01\/f2db251a3564ed29391a1cee17a737a1.jpg\" alt=\"\" width=\"605\" height=\"256\" srcset=\"https:\/\/pagina10.com\/web\/wp-content\/uploads\/2016\/01\/f2db251a3564ed29391a1cee17a737a1.jpg 605w, https:\/\/pagina10.com\/web\/wp-content\/uploads\/2016\/01\/f2db251a3564ed29391a1cee17a737a1-300x127.jpg 300w\" sizes=\"(max-width: 605px) 100vw, 605px\" \/><\/p>\n<div style=\"text-align: justify;\">Desde la tarde del pasado viernes 29 de enero, la regi\u00f3n pac\u00edfica del departamento de Nari\u00f1o cuenta con mayor n\u00famero de patrullajes de la Fuerza P\u00fablica, para reforzar la seguridad y tranquilidad de los ciudadanos de esta importante regi\u00f3n de Colombia.<\/div>\n<p>  <!--more-->  <\/p>\n<div style=\"text-align: justify;\">\n<div>\n<p>La idea es hacer m\u00e1s visibles los 3.400 hombres y mujeres (700 de ellos de la Polic\u00eda Nacional) de las Fuerzas Armadas que operan la regi\u00f3n, para hacer m\u00e1s efectiva la lucha contra el crimen organizado, el cual, en las \u00faltimas semanas, ha tratado de desestabilizar la tranquilidad ciudadana en Tumaco y los dem\u00e1s municipios del litoral pac\u00edfico de Nari\u00f1o.<\/p>\n<\/p><\/div>\n<\/p><\/div>\n<div style=\"text-align: justify;\">\n<p>&nbsp;<br \/>Esta es una de las medidas que hace parte del Plan Integral de Seguridad que adopt\u00f3 este viernes Luis Carlos Villegas, ministro de Defensa Nacional, luego de presidir un consejo de seguridad en Tumaco, al que asistieron, entre otros, el general Rodolfo Palomino, director de la Polic\u00eda Nacional; el almirante Leonardo Santamar\u00eda, comandante de la Armada Nacional; los mandos regionales de la Fuerza P\u00fablica, Camilo Romero, gobernador de Nari\u00f1o, y m\u00e1s de ocho alcaldes de la regi\u00f3n.<br \/>&nbsp;<br \/>En la reuni\u00f3n, el Gobernador y los mandatarios locales pudieron exponer sus inquietudes puntuales de seguridad al Ministro de Defensa, quien tambi\u00e9n revis\u00f3 con los mandos de la Fuerza P\u00fablica los planes y acciones que est\u00e1n desarrollando.<br \/>&nbsp;<br \/>Tras los an\u00e1lisis, Villegas adopt\u00f3 el Plan, que busca golpear todas las expresiones del crimen organizado y otras estructuras que intentan alterar la tranquilidad y la convivencia de los habitantes de esta zona de Nari\u00f1o, especialmente con la comisi\u00f3n de delitos como el microtr\u00e1fico, homicidio y extorsi\u00f3n<br \/>&nbsp;<br \/>Adem\u00e1s de la intensificaci\u00f3n de los patrullajes y la visibilizaci\u00f3n de la Fuerza P\u00fablica, Villegas anunci\u00f3 que la pr\u00f3xima semana llegar\u00e1n a Nari\u00f1o 100 nuevos polic\u00edas, de los cuales 25 estar\u00e1n en Tumaco.<br \/>&nbsp;<br \/>\u201cAdicionalmente a Tumaco y a esta regi\u00f3n pac\u00edfica nari\u00f1ense llegar\u00e1n 10 investigadores de la Sij\u00edn y otros 10 de inteligencia, para reforzar la lucha contra el crimen organizado \u2013explic\u00f3 Villegas \u2013. Le vamos a poner mucho m\u00e1s inter\u00e9s al combate a ese crimen organizado, para lo cual&nbsp; ya se est\u00e1 haciendo un esfuerzo grande.&nbsp;<br \/>&nbsp;<br \/>El narcotr\u00e1fico no nos ganar\u00e1&nbsp; la pelea ni en Tumaco ni en Nari\u00f1o; vamos a tomar acciones frontales contra todas las expresiones del crimen organizado, que es una amenaza concreta que est\u00e1 all\u00ed y que atenta a una sociedad pac\u00edfica por definici\u00f3n\u201d.<br \/>&nbsp;<br \/>Otra de las medidas del Plan Integral de Seguridad es reforzar la vigilancia en las v\u00edas, especialmente en aquellos puntos donde se est\u00e1n presentando acciones delincuenciales como hurto y pirater\u00eda. Ya est\u00e1n identificadas esas zonas y la Fuerza P\u00fablica adoptar\u00e1 m\u00e1s puestos de control, patrullajes y anillos de seguridad.<br \/>&nbsp;<br \/>Adem\u00e1s, revel\u00f3 Villegas, se redoblar\u00e1 la red de cooperantes para llegar a unos 4.000 integrantes tanto en los cascos urbanos como en las zonas rurales, con el fin de aumentar la informaci\u00f3n y prevenir la comisi\u00f3n de delitos.<br \/>&nbsp;<br \/><em>\u201cHemos decidido tambi\u00e9n hacer una focalizaci\u00f3n de esos patrullajes en las comunas de Tumaco donde se est\u00e9n presentando problemas y en los municipios donde se registran oleadas de violencia. La determinaci\u00f3n es una sola: combatir con toda la fuerza del Estado al crimen organizado\u201d<\/em>, manifest\u00f3 Villegas.<br \/>&nbsp;<br \/>Asegur\u00f3 que se est\u00e1 haciendo un trabajo conjunto con la Fiscal\u00eda para apoyar las acciones de la Polic\u00eda y de las Fuerzas, con el fin de procesar por concierto para delinquir a quienes incurran en diversas modalidades del crimen y as\u00ed haya mayor posibilidad de que los jueces se sientan m\u00e1s c\u00f3modos para aplicar la ley y las penas a los responsables.<br \/>&nbsp;<br \/>Finalmente, Villegas se comprometi\u00f3 a retornar a la zona la primera semana de marzo pr\u00f3ximo, para revisar el desarrollo de las decisiones que se tomaron hoy.<br \/>&nbsp;<br \/><em>\u201cEl crimen organizado se encontrar\u00e1 en esta parte del pa\u00eds y en toda Colombia con una Fuerza P\u00fablica robusta, fuerte, porque su objetivo es darles a los colombianos mayor seguridad y tranquilidad. El crimen organizado tiene que ser nuestro objetivo de mayor valor en esta zona del pa\u00eds\u201d,<\/em> concluy\u00f3 el ministro Villegas.<\/p>\n<p>&nbsp;<\/p>\n<p>Articulo relacionado: Mindefensa<\/p>\n<\/p><\/div>\n","protected":false},"excerpt":{"rendered":"<p>Desde la tarde del pasado viernes 29 de enero, la regi\u00f3n pac\u00edfica del departamento de Nari\u00f1o cuenta con mayor n\u00famero de patrullajes de la Fuerza P\u00fablica, para reforzar la seguridad y tranquilidad de los ciudadanos de esta importante regi\u00f3n de Colombia.<\/p>\n","protected":false},"author":29,"featured_media":19525,"comment_status":"open","ping_status":"open","sticky":false,"template":"","format":"standard","meta":{"footnotes":""},"categories":[1],"tags":[],"class_list":["post-19526","post","type-post","status-publish","format-standard","has-post-thumbnail","hentry","category-sin-categoria"],"yoast_head":"<!-- This site is optimized with the Yoast SEO plugin v27.1.1 - https:\/\/yoast.com\/product\/yoast-seo-wordpress\/ -->\n<title>El Pac\u00edfico Nari\u00f1ense ya tiene Plan Integral de Seguridad | P\u00e1gina10<\/title>\n<meta name=\"robots\" content=\"index, follow, max-snippet:-1, max-image-preview:large, max-video-preview:-1\" \/>\n<link rel=\"canonical\" href=\"https:\/\/pagina10.com\/web\/el-pacifico-narinense-ya-tiene-plan-integral-de-seguridad\/\" \/>\n<meta property=\"og:locale\" content=\"es_ES\" \/>\n<meta property=\"og:type\" content=\"article\" \/>\n<meta property=\"og:title\" content=\"El Pac\u00edfico Nari\u00f1ense ya tiene Plan Integral de Seguridad | P\u00e1gina10\" \/>\n<meta property=\"og:description\" content=\"Desde la tarde del pasado viernes 29 de enero, la regi\u00f3n pac\u00edfica del departamento de Nari\u00f1o cuenta con mayor n\u00famero de patrullajes de la Fuerza P\u00fablica, para reforzar la seguridad y tranquilidad de los ciudadanos de esta importante regi\u00f3n de Colombia.\" \/>\n<meta property=\"og:url\" content=\"https:\/\/pagina10.com\/web\/el-pacifico-narinense-ya-tiene-plan-integral-de-seguridad\/\" \/>\n<meta property=\"og:site_name\" content=\"P\u00e1gina10\" \/>\n<meta property=\"article:publisher\" content=\"https:\/\/www.facebook.com\/pag10com\" \/>\n<meta property=\"article:published_time\" content=\"2016-01-30T02:29:01+00:00\" \/>\n<meta property=\"og:image\" content=\"https:\/\/pagina10.com\/web\/wp-content\/uploads\/2016\/01\/f2db251a3564ed29391a1cee17a737a1.jpg\" \/>\n\t<meta property=\"og:image:width\" content=\"605\" \/>\n\t<meta property=\"og:image:height\" content=\"256\" \/>\n\t<meta property=\"og:image:type\" content=\"image\/jpeg\" \/>\n<meta name=\"author\" content=\"P\u00e1gina 10\" \/>\n<meta name=\"twitter:card\" content=\"summary_large_image\" \/>\n<meta name=\"twitter:creator\" content=\"@Pag10com\" \/>\n<meta name=\"twitter:site\" content=\"@Pag10com\" \/>\n<meta name=\"twitter:label1\" content=\"Escrito por\" \/>\n\t<meta name=\"twitter:data1\" content=\"P\u00e1gina 10\" \/>\n\t<meta name=\"twitter:label2\" content=\"Tiempo de lectura\" \/>\n\t<meta name=\"twitter:data2\" content=\"4 minutos\" \/>\n<script type=\"application\/ld+json\" class=\"yoast-schema-graph\">{\"@context\":\"https:\/\/schema.org\",\"@graph\":[{\"@type\":\"Article\",\"@id\":\"https:\/\/pagina10.com\/web\/el-pacifico-narinense-ya-tiene-plan-integral-de-seguridad\/#article\",\"isPartOf\":{\"@id\":\"https:\/\/pagina10.com\/web\/el-pacifico-narinense-ya-tiene-plan-integral-de-seguridad\/\"},\"author\":{\"name\":\"P\u00e1gina 10\",\"@id\":\"https:\/\/pagina10.com\/web\/#\/schema\/person\/a7a5d38f0629dfc107f619fbae4f6cc3\"},\"headline\":\"El Pac\u00edfico Nari\u00f1ense ya tiene Plan Integral de Seguridad\",\"datePublished\":\"2016-01-30T02:29:01+00:00\",\"mainEntityOfPage\":{\"@id\":\"https:\/\/pagina10.com\/web\/el-pacifico-narinense-ya-tiene-plan-integral-de-seguridad\/\"},\"wordCount\":754,\"commentCount\":0,\"publisher\":{\"@id\":\"https:\/\/pagina10.com\/web\/#organization\"},\"image\":{\"@id\":\"https:\/\/pagina10.com\/web\/el-pacifico-narinense-ya-tiene-plan-integral-de-seguridad\/#primaryimage\"},\"thumbnailUrl\":\"https:\/\/pagina10.com\/web\/wp-content\/uploads\/2016\/01\/f2db251a3564ed29391a1cee17a737a1.jpg\",\"inLanguage\":\"es\",\"potentialAction\":[{\"@type\":\"CommentAction\",\"name\":\"Comment\",\"target\":[\"https:\/\/pagina10.com\/web\/el-pacifico-narinense-ya-tiene-plan-integral-de-seguridad\/#respond\"]}]},{\"@type\":\"WebPage\",\"@id\":\"https:\/\/pagina10.com\/web\/el-pacifico-narinense-ya-tiene-plan-integral-de-seguridad\/\",\"url\":\"https:\/\/pagina10.com\/web\/el-pacifico-narinense-ya-tiene-plan-integral-de-seguridad\/\",\"name\":\"El Pac\u00edfico Nari\u00f1ense ya tiene Plan Integral de Seguridad | P\u00e1gina10\",\"isPartOf\":{\"@id\":\"https:\/\/pagina10.com\/web\/#website\"},\"primaryImageOfPage\":{\"@id\":\"https:\/\/pagina10.com\/web\/el-pacifico-narinense-ya-tiene-plan-integral-de-seguridad\/#primaryimage\"},\"image\":{\"@id\":\"https:\/\/pagina10.com\/web\/el-pacifico-narinense-ya-tiene-plan-integral-de-seguridad\/#primaryimage\"},\"thumbnailUrl\":\"https:\/\/pagina10.com\/web\/wp-content\/uploads\/2016\/01\/f2db251a3564ed29391a1cee17a737a1.jpg\",\"datePublished\":\"2016-01-30T02:29:01+00:00\",\"breadcrumb\":{\"@id\":\"https:\/\/pagina10.com\/web\/el-pacifico-narinense-ya-tiene-plan-integral-de-seguridad\/#breadcrumb\"},\"inLanguage\":\"es\",\"potentialAction\":[{\"@type\":\"ReadAction\",\"target\":[\"https:\/\/pagina10.com\/web\/el-pacifico-narinense-ya-tiene-plan-integral-de-seguridad\/\"]}]},{\"@type\":\"ImageObject\",\"inLanguage\":\"es\",\"@id\":\"https:\/\/pagina10.com\/web\/el-pacifico-narinense-ya-tiene-plan-integral-de-seguridad\/#primaryimage\",\"url\":\"https:\/\/pagina10.com\/web\/wp-content\/uploads\/2016\/01\/f2db251a3564ed29391a1cee17a737a1.jpg\",\"contentUrl\":\"https:\/\/pagina10.com\/web\/wp-content\/uploads\/2016\/01\/f2db251a3564ed29391a1cee17a737a1.jpg\",\"width\":605,\"height\":256},{\"@type\":\"BreadcrumbList\",\"@id\":\"https:\/\/pagina10.com\/web\/el-pacifico-narinense-ya-tiene-plan-integral-de-seguridad\/#breadcrumb\",\"itemListElement\":[{\"@type\":\"ListItem\",\"position\":1,\"name\":\"Portada\",\"item\":\"https:\/\/pagina10.com\/web\/\"},{\"@type\":\"ListItem\",\"position\":2,\"name\":\"El Pac\u00edfico Nari\u00f1ense ya tiene Plan Integral de Seguridad\"}]},{\"@type\":\"WebSite\",\"@id\":\"https:\/\/pagina10.com\/web\/#website\",\"url\":\"https:\/\/pagina10.com\/web\/\",\"name\":\"P\u00e1gina10\",\"description\":\"Peri\u00f3dico Regional\",\"publisher\":{\"@id\":\"https:\/\/pagina10.com\/web\/#organization\"},\"alternateName\":\"P\u00e1gina10 Peri\u00f3dico Regional\",\"potentialAction\":[{\"@type\":\"SearchAction\",\"target\":{\"@type\":\"EntryPoint\",\"urlTemplate\":\"https:\/\/pagina10.com\/web\/?s={search_term_string}\"},\"query-input\":{\"@type\":\"PropertyValueSpecification\",\"valueRequired\":true,\"valueName\":\"search_term_string\"}}],\"inLanguage\":\"es\"},{\"@type\":\"Organization\",\"@id\":\"https:\/\/pagina10.com\/web\/#organization\",\"name\":\"P\u00e1gina10\",\"alternateName\":\"P\u00e1gina10 Peri\u00f3dico Regional\",\"url\":\"https:\/\/pagina10.com\/web\/\",\"logo\":{\"@type\":\"ImageObject\",\"inLanguage\":\"es\",\"@id\":\"https:\/\/pagina10.com\/web\/#\/schema\/logo\/image\/\",\"url\":\"https:\/\/pagina10.com\/web\/wp-content\/uploads\/2024\/01\/40-pagina-10-periodico-regional-pasto.jpg\",\"contentUrl\":\"https:\/\/pagina10.com\/web\/wp-content\/uploads\/2024\/01\/40-pagina-10-periodico-regional-pasto.jpg\",\"width\":1280,\"height\":720,\"caption\":\"P\u00e1gina10\"},\"image\":{\"@id\":\"https:\/\/pagina10.com\/web\/#\/schema\/logo\/image\/\"},\"sameAs\":[\"https:\/\/www.facebook.com\/pag10com\",\"https:\/\/x.com\/Pag10com\",\"https:\/\/www.instagram.com\/pagina10col\/\",\"https:\/\/youtube.com\/channel\/pag10\",\"https:\/\/www.tiktok.com\/@p10col\"]},{\"@type\":\"Person\",\"@id\":\"https:\/\/pagina10.com\/web\/#\/schema\/person\/a7a5d38f0629dfc107f619fbae4f6cc3\",\"name\":\"P\u00e1gina 10\",\"description\":\"P\u00e1gina10.com es un peri\u00f3dico digital que nace en Colombia, en el departamento de Nari\u00f1o, con un enfoque global, fundamentado en cuatro pilares esenciales: la libertad, el pluralismo, la inclusi\u00f3n y la independencia. P\u00e1gina10.com hace referencia a Nari\u00f1o como el d\u00e9cimo departamento creado en Colombia, despu\u00e9s de un proceso pol\u00edtico liderado por actores y actrices regionales con el fin de obtener la independencia y autonom\u00eda de nuestros territorios. Con la creaci\u00f3n de P\u00e1gina10.com se pretende abrir un escenario para el dialogo, la reflexi\u00f3n y el debate que se extienda a otras geograf\u00edas de Am\u00e9rica Latina y del planeta, en una apuesta por transformar colectivamente los desaf\u00edos de un mundo contempor\u00e1neo, m\u00e1s all\u00e1 de las fronteras impuestas.\",\"url\":\"https:\/\/pagina10.com\/web\/author\/mcepeda\/\"}]}<\/script>\n<!-- \/ Yoast SEO plugin. -->","yoast_head_json":{"title":"El Pac\u00edfico Nari\u00f1ense ya tiene Plan Integral de Seguridad | P\u00e1gina10","robots":{"index":"index","follow":"follow","max-snippet":"max-snippet:-1","max-image-preview":"max-image-preview:large","max-video-preview":"max-video-preview:-1"},"canonical":"https:\/\/pagina10.com\/web\/el-pacifico-narinense-ya-tiene-plan-integral-de-seguridad\/","og_locale":"es_ES","og_type":"article","og_title":"El Pac\u00edfico Nari\u00f1ense ya tiene Plan Integral de Seguridad | P\u00e1gina10","og_description":"Desde la tarde del pasado viernes 29 de enero, la regi\u00f3n pac\u00edfica del departamento de Nari\u00f1o cuenta con mayor n\u00famero de patrullajes de la Fuerza P\u00fablica, para reforzar la seguridad y tranquilidad de los ciudadanos de esta importante regi\u00f3n de Colombia.","og_url":"https:\/\/pagina10.com\/web\/el-pacifico-narinense-ya-tiene-plan-integral-de-seguridad\/","og_site_name":"P\u00e1gina10","article_publisher":"https:\/\/www.facebook.com\/pag10com","article_published_time":"2016-01-30T02:29:01+00:00","og_image":[{"width":605,"height":256,"url":"https:\/\/pagina10.com\/web\/wp-content\/uploads\/2016\/01\/f2db251a3564ed29391a1cee17a737a1.jpg","type":"image\/jpeg"}],"author":"P\u00e1gina 10","twitter_card":"summary_large_image","twitter_creator":"@Pag10com","twitter_site":"@Pag10com","twitter_misc":{"Escrito por":"P\u00e1gina 10","Tiempo de lectura":"4 minutos"},"schema":{"@context":"https:\/\/schema.org","@graph":[{"@type":"Article","@id":"https:\/\/pagina10.com\/web\/el-pacifico-narinense-ya-tiene-plan-integral-de-seguridad\/#article","isPartOf":{"@id":"https:\/\/pagina10.com\/web\/el-pacifico-narinense-ya-tiene-plan-integral-de-seguridad\/"},"author":{"name":"P\u00e1gina 10","@id":"https:\/\/pagina10.com\/web\/#\/schema\/person\/a7a5d38f0629dfc107f619fbae4f6cc3"},"headline":"El Pac\u00edfico Nari\u00f1ense ya tiene Plan Integral de Seguridad","datePublished":"2016-01-30T02:29:01+00:00","mainEntityOfPage":{"@id":"https:\/\/pagina10.com\/web\/el-pacifico-narinense-ya-tiene-plan-integral-de-seguridad\/"},"wordCount":754,"commentCount":0,"publisher":{"@id":"https:\/\/pagina10.com\/web\/#organization"},"image":{"@id":"https:\/\/pagina10.com\/web\/el-pacifico-narinense-ya-tiene-plan-integral-de-seguridad\/#primaryimage"},"thumbnailUrl":"https:\/\/pagina10.com\/web\/wp-content\/uploads\/2016\/01\/f2db251a3564ed29391a1cee17a737a1.jpg","inLanguage":"es","potentialAction":[{"@type":"CommentAction","name":"Comment","target":["https:\/\/pagina10.com\/web\/el-pacifico-narinense-ya-tiene-plan-integral-de-seguridad\/#respond"]}]},{"@type":"WebPage","@id":"https:\/\/pagina10.com\/web\/el-pacifico-narinense-ya-tiene-plan-integral-de-seguridad\/","url":"https:\/\/pagina10.com\/web\/el-pacifico-narinense-ya-tiene-plan-integral-de-seguridad\/","name":"El Pac\u00edfico Nari\u00f1ense ya tiene Plan Integral de Seguridad | P\u00e1gina10","isPartOf":{"@id":"https:\/\/pagina10.com\/web\/#website"},"primaryImageOfPage":{"@id":"https:\/\/pagina10.com\/web\/el-pacifico-narinense-ya-tiene-plan-integral-de-seguridad\/#primaryimage"},"image":{"@id":"https:\/\/pagina10.com\/web\/el-pacifico-narinense-ya-tiene-plan-integral-de-seguridad\/#primaryimage"},"thumbnailUrl":"https:\/\/pagina10.com\/web\/wp-content\/uploads\/2016\/01\/f2db251a3564ed29391a1cee17a737a1.jpg","datePublished":"2016-01-30T02:29:01+00:00","breadcrumb":{"@id":"https:\/\/pagina10.com\/web\/el-pacifico-narinense-ya-tiene-plan-integral-de-seguridad\/#breadcrumb"},"inLanguage":"es","potentialAction":[{"@type":"ReadAction","target":["https:\/\/pagina10.com\/web\/el-pacifico-narinense-ya-tiene-plan-integral-de-seguridad\/"]}]},{"@type":"ImageObject","inLanguage":"es","@id":"https:\/\/pagina10.com\/web\/el-pacifico-narinense-ya-tiene-plan-integral-de-seguridad\/#primaryimage","url":"https:\/\/pagina10.com\/web\/wp-content\/uploads\/2016\/01\/f2db251a3564ed29391a1cee17a737a1.jpg","contentUrl":"https:\/\/pagina10.com\/web\/wp-content\/uploads\/2016\/01\/f2db251a3564ed29391a1cee17a737a1.jpg","width":605,"height":256},{"@type":"BreadcrumbList","@id":"https:\/\/pagina10.com\/web\/el-pacifico-narinense-ya-tiene-plan-integral-de-seguridad\/#breadcrumb","itemListElement":[{"@type":"ListItem","position":1,"name":"Portada","item":"https:\/\/pagina10.com\/web\/"},{"@type":"ListItem","position":2,"name":"El Pac\u00edfico Nari\u00f1ense ya tiene Plan Integral de Seguridad"}]},{"@type":"WebSite","@id":"https:\/\/pagina10.com\/web\/#website","url":"https:\/\/pagina10.com\/web\/","name":"P\u00e1gina10","description":"Peri\u00f3dico Regional","publisher":{"@id":"https:\/\/pagina10.com\/web\/#organization"},"alternateName":"P\u00e1gina10 Peri\u00f3dico Regional","potentialAction":[{"@type":"SearchAction","target":{"@type":"EntryPoint","urlTemplate":"https:\/\/pagina10.com\/web\/?s={search_term_string}"},"query-input":{"@type":"PropertyValueSpecification","valueRequired":true,"valueName":"search_term_string"}}],"inLanguage":"es"},{"@type":"Organization","@id":"https:\/\/pagina10.com\/web\/#organization","name":"P\u00e1gina10","alternateName":"P\u00e1gina10 Peri\u00f3dico Regional","url":"https:\/\/pagina10.com\/web\/","logo":{"@type":"ImageObject","inLanguage":"es","@id":"https:\/\/pagina10.com\/web\/#\/schema\/logo\/image\/","url":"https:\/\/pagina10.com\/web\/wp-content\/uploads\/2024\/01\/40-pagina-10-periodico-regional-pasto.jpg","contentUrl":"https:\/\/pagina10.com\/web\/wp-content\/uploads\/2024\/01\/40-pagina-10-periodico-regional-pasto.jpg","width":1280,"height":720,"caption":"P\u00e1gina10"},"image":{"@id":"https:\/\/pagina10.com\/web\/#\/schema\/logo\/image\/"},"sameAs":["https:\/\/www.facebook.com\/pag10com","https:\/\/x.com\/Pag10com","https:\/\/www.instagram.com\/pagina10col\/","https:\/\/youtube.com\/channel\/pag10","https:\/\/www.tiktok.com\/@p10col"]},{"@type":"Person","@id":"https:\/\/pagina10.com\/web\/#\/schema\/person\/a7a5d38f0629dfc107f619fbae4f6cc3","name":"P\u00e1gina 10","description":"P\u00e1gina10.com es un peri\u00f3dico digital que nace en Colombia, en el departamento de Nari\u00f1o, con un enfoque global, fundamentado en cuatro pilares esenciales: la libertad, el pluralismo, la inclusi\u00f3n y la independencia. P\u00e1gina10.com hace referencia a Nari\u00f1o como el d\u00e9cimo departamento creado en Colombia, despu\u00e9s de un proceso pol\u00edtico liderado por actores y actrices regionales con el fin de obtener la independencia y autonom\u00eda de nuestros territorios. Con la creaci\u00f3n de P\u00e1gina10.com se pretende abrir un escenario para el dialogo, la reflexi\u00f3n y el debate que se extienda a otras geograf\u00edas de Am\u00e9rica Latina y del planeta, en una apuesta por transformar colectivamente los desaf\u00edos de un mundo contempor\u00e1neo, m\u00e1s all\u00e1 de las fronteras impuestas.","url":"https:\/\/pagina10.com\/web\/author\/mcepeda\/"}]}},"_links":{"self":[{"href":"https:\/\/pagina10.com\/web\/wp-json\/wp\/v2\/posts\/19526","targetHints":{"allow":["GET"]}}],"collection":[{"href":"https:\/\/pagina10.com\/web\/wp-json\/wp\/v2\/posts"}],"about":[{"href":"https:\/\/pagina10.com\/web\/wp-json\/wp\/v2\/types\/post"}],"author":[{"embeddable":true,"href":"https:\/\/pagina10.com\/web\/wp-json\/wp\/v2\/users\/29"}],"replies":[{"embeddable":true,"href":"https:\/\/pagina10.com\/web\/wp-json\/wp\/v2\/comments?post=19526"}],"version-history":[{"count":0,"href":"https:\/\/pagina10.com\/web\/wp-json\/wp\/v2\/posts\/19526\/revisions"}],"wp:featuredmedia":[{"embeddable":true,"href":"https:\/\/pagina10.com\/web\/wp-json\/wp\/v2\/media\/19525"}],"wp:attachment":[{"href":"https:\/\/pagina10.com\/web\/wp-json\/wp\/v2\/media?parent=19526"}],"wp:term":[{"taxonomy":"category","embeddable":true,"href":"https:\/\/pagina10.com\/web\/wp-json\/wp\/v2\/categories?post=19526"},{"taxonomy":"post_tag","embeddable":true,"href":"https:\/\/pagina10.com\/web\/wp-json\/wp\/v2\/tags?post=19526"}],"curies":[{"name":"wp","href":"https:\/\/api.w.org\/{rel}","templated":true}]}}