{"id":19530,"date":"2016-01-30T17:10:46","date_gmt":"2016-01-30T17:10:46","guid":{"rendered":"https:\/\/pagina10.com\/web\/segunda-convocatoria-de-ser-pilo-paga-2-contara-con-12-505-jovenes\/"},"modified":"2016-01-30T17:10:46","modified_gmt":"2016-01-30T17:10:46","slug":"segunda-convocatoria-de-ser-pilo-paga-2-contara-con-12-505-jovenes","status":"publish","type":"post","link":"https:\/\/pagina10.com\/web\/segunda-convocatoria-de-ser-pilo-paga-2-contara-con-12-505-jovenes\/","title":{"rendered":"Segunda convocatoria de Ser Pilo Paga 2 contar\u00e1 con 12.505 j\u00f3venes"},"content":{"rendered":"<p><img fetchpriority=\"high\" decoding=\"async\" class=\" size-full wp-image-19529\" src=\"https:\/\/pagina10.com\/web\/wp-content\/uploads\/2016\/01\/110a6c160214e00a56f7257b3de8e018.jpg\" alt=\"\" width=\"768\" height=\"499\" srcset=\"https:\/\/pagina10.com\/web\/wp-content\/uploads\/2016\/01\/110a6c160214e00a56f7257b3de8e018.jpg 768w, https:\/\/pagina10.com\/web\/wp-content\/uploads\/2016\/01\/110a6c160214e00a56f7257b3de8e018-300x195.jpg 300w, https:\/\/pagina10.com\/web\/wp-content\/uploads\/2016\/01\/110a6c160214e00a56f7257b3de8e018-210x136.jpg 210w\" sizes=\"(max-width: 768px) 100vw, 768px\" \/><\/p>\n<p style=\"text-align: justify;\">Pese a que la segunda convocatoria de Ser Pilo Paga ten\u00eda 11.000 mil cupos disponibles, 12.505 j\u00f3venes cumplieron con todos los requisitos. As\u00ed las cosas, el Gobierno Nacional har\u00e1 un esfuerzo adicional y&nbsp; brindar\u00e1 a todos ellos la oportunidad de ingresar a la educaci\u00f3n superior de calidad.&nbsp;<\/p>\n<p>De acuerdo con la Ministra de Educaci\u00f3n, Gina Parody, &#8220;el esfuerzo adicional obedece a que hemos sido testigos de c\u00f3mo el programa no solo transforma la realidad de un joven, sino tambi\u00e9n la de su familia y genera una proyecci\u00f3n social incalculable para el pa\u00eds, porque estamos transformando vidas para la paz&#8221;.<\/p>\n<p>Parody anunci\u00f3 que el Gobierno invertir\u00e1 durante este a\u00f1o $227 mil millones de pesos por conceptos de matr\u00edcula y apoyo de sostenimientos para que estos 12.505 j\u00f3venes beneficiados solo tengan que preocuparse por estudiar.&nbsp;<\/p>\n<p>Indic\u00f3 que &#8220;estamos construyendo un pa\u00eds con igualdad de oportunidades pues el pa\u00eds ya cuenta con 22.505 j\u00f3venes pilos que con su disciplina y esfuerzo lograron acceder a este a este programa&#8221;.&nbsp;<\/p>\n<p>Agreg\u00f3 que la preselecci\u00f3n de los cr\u00e9ditos condonables se llev\u00f3 a cabo en comit\u00e9s realizados los d\u00edas 4 y 18 de diciembre de 2015. La selecci\u00f3n final se realiz\u00f3 el pasado viernes 15 de enero, en el comit\u00e9 de adjudicaci\u00f3n.&nbsp;<\/p>\n<p><strong>Los criterios de selecci\u00f3n en estos comit\u00e9s fueron:<\/strong><\/p>\n<p style=\"text-align: justify;\">Haber presentado la prueba SABER 11 el 2 de agosto de 2015 y haber obtenido un puntaje igual o superior a 318.<\/p>\n<p style=\"text-align: justify;\">Haber cursado y aprobado el grado 11 en el a\u00f1o 2015<\/p>\n<p style=\"text-align: justify;\">Estar registrado en el Sisb\u00e9n, en la base del 19 de junio de 2015 y cumplir con los siguientes puntos de corte:&nbsp;&nbsp;<\/p>\n<table cellspacing=\"1\" cellpadding=\"1\" border=\"1\">\n<tbody>\n<tr>\n<td>\u00c1REA<\/td>\n<td>MENOR O IGUAL A:<\/td>\n<\/tr>\n<tr>\n<td>14 Ciudades principales<\/td>\n<td>57.21<\/td>\n<\/tr>\n<tr>\n<td>Resto Urbano<\/td>\n<td>56.32<\/td>\n<\/tr>\n<tr>\n<td>Rurales<\/td>\n<td>40.75<\/td>\n<\/tr>\n<\/tbody>\n<\/table>\n<p style=\"text-align: justify;\">En caso de pertenecer a poblaci\u00f3n ind\u00edgena, estar registrado dentro de la base censal del Ministerio del Interior con corte al 30 de junio de 2015.<\/p>\n<p style=\"text-align: justify;\">Ser admitido en una de las 39 Instituciones de Educaci\u00f3n Superior acreditadas en Alta Calidad.<\/p>\n<p style=\"text-align: justify;\"><strong><span style=\"text-align: justify; line-height: 1.8;\">Caracter\u00edsticas de los Pilos de la segunda versi\u00f3n<\/span><\/strong><\/p>\n<p style=\"text-align: justify;\">Los buenos&nbsp; puntajes de estos pilos jalonaron los resultados de las pruebas SABER 11 en 2015 y lograron hacer que el puntaje de corte se pasara de 310 a 318. En este sentido, 444 de los j\u00f3venes que ingresaron al programa alcanzaron&nbsp; un resultado&nbsp; igual o mayor a 400 en esta prueba, ellos representan el 3,55% del total de pilos.&nbsp;&nbsp; Los otros 12.061&nbsp; alcanzaron un puntaje entre 318 y 399, siendo un porcentaje de 96.45%.<\/p>\n<p style=\"text-align: justify;\">La ministra revel\u00f3 que de los 12.505 pilos de la segunda versi\u00f3n, 7.187 son hombres y 5.318 son mujeres. &nbsp;Parody se\u00f1al\u00f3 que los beneficiarios seleccionados&nbsp; est\u00e1n dentro de la encuesta del Sisb\u00e9n, bajo puntajes que demuestran que son la poblaci\u00f3n con mayores necesidades socioecon\u00f3micas. De hecho, hay 2.805 pilos con un puntaje entre 0 y 20, en los que se sit\u00faa la poblaci\u00f3n m\u00e1s vulnerable del pa\u00eds.<\/p>\n<p style=\"text-align: justify;\">Las comunidades ind\u00edgenas tambi\u00e9n son protagonistas en este Programa con 74 pilos, que se formar\u00e1n&nbsp; en las mejores universidades del pa\u00eds.<\/p>\n<p style=\"text-align: justify;\">Otro dato que destac\u00f3 la titular de la cartera educativa es que la segunda versi\u00f3n de este Programa cuenta con representantes de todo el territorio nacional. Los departamentos con mayor n\u00famero de Pilos son: Distrito Capital, con 1.801; Antioquia, 1.446; Santander, 931; Valle del Cauca, 903 y Atl\u00e1ntico, 894.<\/p>\n<table cellspacing=\"1\" cellpadding=\"1\" border=\"1\">\n<tbody>\n<tr>\n<td style=\"text-align: center;\"><strong>Departamento de Origen<\/strong><\/td>\n<td style=\"text-align: center;\"><strong>PILOS<\/strong><\/td>\n<td style=\"text-align: center;\"><strong>%<\/strong><\/td>\n<\/tr>\n<tr>\n<td>Distrito Capital<\/td>\n<td>1.801<\/td>\n<td>14%<\/td>\n<\/tr>\n<tr>\n<td>Antioquia<\/td>\n<td>1.446<\/td>\n<td>12%<\/td>\n<\/tr>\n<tr>\n<td>Santander<\/td>\n<td>931<\/td>\n<td>7%<\/td>\n<\/tr>\n<tr>\n<td>Valle del Cauca<\/td>\n<td>903<\/td>\n<td>7%<\/td>\n<\/tr>\n<tr>\n<td>Atl\u00e1ntico<\/td>\n<td>894<\/td>\n<td>7%<\/td>\n<\/tr>\n<tr>\n<td>Cundinamarca<\/td>\n<td>780<\/td>\n<td>6%<\/td>\n<\/tr>\n<tr>\n<td><strong>Nari\u00f1o<\/strong><\/td>\n<td><strong>725<\/strong><\/td>\n<td><strong>6%<\/strong><\/td>\n<\/tr>\n<tr>\n<td>Norte de Santander<\/td>\n<td>548<\/td>\n<td>4%<\/td>\n<\/tr>\n<tr>\n<td>Boyac\u00e1<\/td>\n<td>502<\/td>\n<td>4%<\/td>\n<\/tr>\n<tr>\n<td>C\u00f3rdoba<\/td>\n<td>494<\/td>\n<td>4%<\/td>\n<\/tr>\n<tr>\n<td>Bol\u00edvar<\/td>\n<td>461<\/td>\n<td>4%<\/td>\n<\/tr>\n<tr>\n<td>Meta<\/td>\n<td>345<\/td>\n<td>3%<\/td>\n<\/tr>\n<tr>\n<td>Huila<\/td>\n<td>336<\/td>\n<td>3%<\/td>\n<\/tr>\n<tr>\n<td>Tolima<\/td>\n<td>305<\/td>\n<td>2%<\/td>\n<\/tr>\n<tr>\n<td>Sucre<\/td>\n<td>295<\/td>\n<td>2%<\/td>\n<\/tr>\n<tr>\n<td>Risaralda<\/td>\n<td>287<\/td>\n<td>2%<\/td>\n<\/tr>\n<tr>\n<td>Cauca<\/td>\n<td>217<\/td>\n<td>2%<\/td>\n<\/tr>\n<tr>\n<td>Cesar<\/td>\n<td>215<\/td>\n<td>2%<\/td>\n<\/tr>\n<tr>\n<td>Casanare<\/td>\n<td>200<\/td>\n<td>2%<\/td>\n<\/tr>\n<tr>\n<td>Caldas<\/td>\n<td>179<\/td>\n<td>1%<\/td>\n<\/tr>\n<tr>\n<td>Magdalena<\/td>\n<td>107<\/td>\n<td>1%<\/td>\n<\/tr>\n<tr>\n<td>Putumayo<\/td>\n<td>103<\/td>\n<td>1%<\/td>\n<\/tr>\n<tr>\n<td>Arauca<\/td>\n<td>99<\/td>\n<td>1%<\/td>\n<\/tr>\n<tr>\n<td>La Guajira<\/td>\n<td>95<\/td>\n<td>1%<\/td>\n<\/tr>\n<tr>\n<td>Quind\u00edo<\/td>\n<td>87<\/td>\n<td>1%<\/td>\n<\/tr>\n<tr>\n<td>Caquet\u00e1<\/td>\n<td>70<\/td>\n<td>1%<\/td>\n<\/tr>\n<tr>\n<td>San Andr\u00e9s<\/td>\n<td>29<\/td>\n<td>0%<\/td>\n<\/tr>\n<tr>\n<td>Choc\u00f3<\/td>\n<td>20<\/td>\n<td>0%<\/td>\n<\/tr>\n<tr>\n<td>Giaviare<\/td>\n<td>13<\/td>\n<td>0%<\/td>\n<\/tr>\n<tr>\n<td>Vichada<\/td>\n<td>9<\/td>\n<td>0%<\/td>\n<\/tr>\n<tr>\n<td>Guain\u00eda<\/td>\n<td>6<\/td>\n<td>0%<\/td>\n<\/tr>\n<tr>\n<td>Vaup\u00e9s<\/td>\n<td>2<\/td>\n<td>0%<\/td>\n<\/tr>\n<tr>\n<td>Amazonas<\/td>\n<td>1<\/td>\n<td>0%<\/td>\n<\/tr>\n<tr>\n<td>TOTAL<\/td>\n<td>12.505<\/td>\n<td>100%<\/td>\n<\/tr>\n<\/tbody>\n<\/table>\n<p style=\"text-align: justify;\"><strong>Top 10 de colegios<\/strong><br \/>Ser Pilo Paga revolucion\u00f3 a Colombia y su calidad acad\u00e9mica y&nbsp; los Colegios e Instituciones Educativas son ejemplo de ello, por eso queremos hacer un reconocimiento a las Instituciones que m\u00e1s pilos le brindaron al pa\u00eds en esta segunda versi\u00f3n:<\/p>\n<table cellspacing=\"1\" cellpadding=\"1\" border=\"1\">\n<tbody>\n<tr>\n<td>Colegio \/ Instituci\u00f3n de Educaci\u00f3n<\/td>\n<td>No de Pilos<\/td>\n<td>Departamento y Ciudad<\/td>\n<td>Zona<\/td>\n<\/tr>\n<tr>\n<td><strong>Instituci\u00f3n Educativa Ciudad de Pasto<\/strong><\/td>\n<td><strong>85<\/strong><\/td>\n<td><strong>Nari\u00f1o\/ Pasto<\/strong><\/td>\n<td><strong>Urbana<\/strong><\/td>\n<\/tr>\n<tr>\n<td>Instituci\u00f3n Educativa CEFA<\/td>\n<td>56<\/td>\n<td>Medell\u00edn \/ Antioquia<\/td>\n<td>Urbana<\/td>\n<\/tr>\n<tr>\n<td>Instituci\u00f3n Educativa INEM Jos\u00e9 Felix de Restrepo<\/td>\n<td>53<\/td>\n<td>Medell\u00edn \/ Antioquia<\/td>\n<td>Urbana<\/td>\n<\/tr>\n<tr>\n<td>Instituci\u00f3n Educativa San Vicente<\/td>\n<td>52<\/td>\n<td>Palmira \/ Valle del Cauca<\/td>\n<td>Urbana<\/td>\n<\/tr>\n<tr>\n<td>Instituto T\u00e9cnico Nacional del Comercio<\/td>\n<td>47<\/td>\n<td>C\u00facuta \/ Norte de Santander<\/td>\n<td>Urbana<\/td>\n<\/tr>\n<tr>\n<td>Colegio Sagrado Coraz\u00f3n de Jes\u00fas<\/td>\n<td>43<\/td>\n<td>C\u00facuta \/ Norte de Santander<\/td>\n<td>Urbana<\/td>\n<\/tr>\n<tr>\n<td>Instituci\u00f3n Educativa Municipal Nacional<\/td>\n<td>41<\/td>\n<td>Pitalito\/ Huila<\/td>\n<td>Urbana<\/td>\n<\/tr>\n<tr>\n<td>Colegio Metropolitano de Soledad 2000<\/td>\n<td>36<\/td>\n<td>Soledad\/ Atl\u00e1ntico<\/td>\n<td>Urbana<\/td>\n<\/tr>\n<tr>\n<td>Instituto Alexander Von Humboldt<\/td>\n<td>35<\/td>\n<td>Barranquilla\/ Atl\u00e1ntico<\/td>\n<td>Urbana<\/td>\n<\/tr>\n<tr>\n<td>Colegio de Educaci\u00f3n T\u00e9cnica y Acad\u00e9mica Celestin Freinet<\/td>\n<td>31<\/td>\n<td>Bogot\u00e1<\/td>\n<td>Urbana<\/td>\n<\/tr>\n<\/tbody>\n<\/table>\n","protected":false},"excerpt":{"rendered":"<p>Pese a que la segunda convocatoria de Ser Pilo Paga ten\u00eda 11.000 mil cupos disponibles, 12.505 j\u00f3venes cumplieron con todos los requisitos. As\u00ed las cosas, el Gobierno Nacional har\u00e1 un esfuerzo adicional y&nbsp; brindar\u00e1 a todos ellos la oportunidad de ingresar a la educaci\u00f3n superior de calidad.&nbsp; De acuerdo con la Ministra de Educaci\u00f3n, Gina [&hellip;]<\/p>\n","protected":false},"author":29,"featured_media":19529,"comment_status":"open","ping_status":"open","sticky":false,"template":"","format":"standard","meta":{"footnotes":""},"categories":[1],"tags":[],"class_list":["post-19530","post","type-post","status-publish","format-standard","has-post-thumbnail","hentry","category-sin-categoria"],"yoast_head":"<!-- This site is optimized with the Yoast SEO plugin v27.1.1 - https:\/\/yoast.com\/product\/yoast-seo-wordpress\/ -->\n<title>Segunda convocatoria de Ser Pilo Paga 2 contar\u00e1 con 12.505 j\u00f3venes | P\u00e1gina10<\/title>\n<meta name=\"robots\" content=\"index, follow, max-snippet:-1, max-image-preview:large, max-video-preview:-1\" \/>\n<link rel=\"canonical\" href=\"https:\/\/pagina10.com\/web\/segunda-convocatoria-de-ser-pilo-paga-2-contara-con-12-505-jovenes\/\" \/>\n<meta property=\"og:locale\" content=\"es_ES\" \/>\n<meta property=\"og:type\" content=\"article\" \/>\n<meta property=\"og:title\" content=\"Segunda convocatoria de Ser Pilo Paga 2 contar\u00e1 con 12.505 j\u00f3venes | P\u00e1gina10\" \/>\n<meta property=\"og:description\" content=\"Pese a que la segunda convocatoria de Ser Pilo Paga ten\u00eda 11.000 mil cupos disponibles, 12.505 j\u00f3venes cumplieron con todos los requisitos. As\u00ed las cosas, el Gobierno Nacional har\u00e1 un esfuerzo adicional y&nbsp; brindar\u00e1 a todos ellos la oportunidad de ingresar a la educaci\u00f3n superior de calidad.&nbsp; De acuerdo con la Ministra de Educaci\u00f3n, Gina [&hellip;]\" \/>\n<meta property=\"og:url\" content=\"https:\/\/pagina10.com\/web\/segunda-convocatoria-de-ser-pilo-paga-2-contara-con-12-505-jovenes\/\" \/>\n<meta property=\"og:site_name\" content=\"P\u00e1gina10\" \/>\n<meta property=\"article:publisher\" content=\"https:\/\/www.facebook.com\/pag10com\" \/>\n<meta property=\"article:published_time\" content=\"2016-01-30T17:10:46+00:00\" \/>\n<meta property=\"og:image\" content=\"https:\/\/pagina10.com\/web\/wp-content\/uploads\/2016\/01\/110a6c160214e00a56f7257b3de8e018.jpg\" \/>\n\t<meta property=\"og:image:width\" content=\"768\" \/>\n\t<meta property=\"og:image:height\" content=\"499\" \/>\n\t<meta property=\"og:image:type\" content=\"image\/jpeg\" \/>\n<meta name=\"author\" content=\"P\u00e1gina 10\" \/>\n<meta name=\"twitter:card\" content=\"summary_large_image\" \/>\n<meta name=\"twitter:creator\" content=\"@Pag10com\" \/>\n<meta name=\"twitter:site\" content=\"@Pag10com\" \/>\n<meta name=\"twitter:label1\" content=\"Escrito por\" \/>\n\t<meta name=\"twitter:data1\" content=\"P\u00e1gina 10\" \/>\n\t<meta name=\"twitter:label2\" content=\"Tiempo de lectura\" \/>\n\t<meta name=\"twitter:data2\" content=\"4 minutos\" \/>\n<script type=\"application\/ld+json\" class=\"yoast-schema-graph\">{\"@context\":\"https:\/\/schema.org\",\"@graph\":[{\"@type\":\"Article\",\"@id\":\"https:\/\/pagina10.com\/web\/segunda-convocatoria-de-ser-pilo-paga-2-contara-con-12-505-jovenes\/#article\",\"isPartOf\":{\"@id\":\"https:\/\/pagina10.com\/web\/segunda-convocatoria-de-ser-pilo-paga-2-contara-con-12-505-jovenes\/\"},\"author\":{\"name\":\"P\u00e1gina 10\",\"@id\":\"https:\/\/pagina10.com\/web\/#\/schema\/person\/a7a5d38f0629dfc107f619fbae4f6cc3\"},\"headline\":\"Segunda convocatoria de Ser Pilo Paga 2 contar\u00e1 con 12.505 j\u00f3venes\",\"datePublished\":\"2016-01-30T17:10:46+00:00\",\"mainEntityOfPage\":{\"@id\":\"https:\/\/pagina10.com\/web\/segunda-convocatoria-de-ser-pilo-paga-2-contara-con-12-505-jovenes\/\"},\"wordCount\":785,\"commentCount\":0,\"publisher\":{\"@id\":\"https:\/\/pagina10.com\/web\/#organization\"},\"image\":{\"@id\":\"https:\/\/pagina10.com\/web\/segunda-convocatoria-de-ser-pilo-paga-2-contara-con-12-505-jovenes\/#primaryimage\"},\"thumbnailUrl\":\"https:\/\/pagina10.com\/web\/wp-content\/uploads\/2016\/01\/110a6c160214e00a56f7257b3de8e018.jpg\",\"inLanguage\":\"es\",\"potentialAction\":[{\"@type\":\"CommentAction\",\"name\":\"Comment\",\"target\":[\"https:\/\/pagina10.com\/web\/segunda-convocatoria-de-ser-pilo-paga-2-contara-con-12-505-jovenes\/#respond\"]}]},{\"@type\":\"WebPage\",\"@id\":\"https:\/\/pagina10.com\/web\/segunda-convocatoria-de-ser-pilo-paga-2-contara-con-12-505-jovenes\/\",\"url\":\"https:\/\/pagina10.com\/web\/segunda-convocatoria-de-ser-pilo-paga-2-contara-con-12-505-jovenes\/\",\"name\":\"Segunda convocatoria de Ser Pilo Paga 2 contar\u00e1 con 12.505 j\u00f3venes | P\u00e1gina10\",\"isPartOf\":{\"@id\":\"https:\/\/pagina10.com\/web\/#website\"},\"primaryImageOfPage\":{\"@id\":\"https:\/\/pagina10.com\/web\/segunda-convocatoria-de-ser-pilo-paga-2-contara-con-12-505-jovenes\/#primaryimage\"},\"image\":{\"@id\":\"https:\/\/pagina10.com\/web\/segunda-convocatoria-de-ser-pilo-paga-2-contara-con-12-505-jovenes\/#primaryimage\"},\"thumbnailUrl\":\"https:\/\/pagina10.com\/web\/wp-content\/uploads\/2016\/01\/110a6c160214e00a56f7257b3de8e018.jpg\",\"datePublished\":\"2016-01-30T17:10:46+00:00\",\"breadcrumb\":{\"@id\":\"https:\/\/pagina10.com\/web\/segunda-convocatoria-de-ser-pilo-paga-2-contara-con-12-505-jovenes\/#breadcrumb\"},\"inLanguage\":\"es\",\"potentialAction\":[{\"@type\":\"ReadAction\",\"target\":[\"https:\/\/pagina10.com\/web\/segunda-convocatoria-de-ser-pilo-paga-2-contara-con-12-505-jovenes\/\"]}]},{\"@type\":\"ImageObject\",\"inLanguage\":\"es\",\"@id\":\"https:\/\/pagina10.com\/web\/segunda-convocatoria-de-ser-pilo-paga-2-contara-con-12-505-jovenes\/#primaryimage\",\"url\":\"https:\/\/pagina10.com\/web\/wp-content\/uploads\/2016\/01\/110a6c160214e00a56f7257b3de8e018.jpg\",\"contentUrl\":\"https:\/\/pagina10.com\/web\/wp-content\/uploads\/2016\/01\/110a6c160214e00a56f7257b3de8e018.jpg\",\"width\":768,\"height\":499},{\"@type\":\"BreadcrumbList\",\"@id\":\"https:\/\/pagina10.com\/web\/segunda-convocatoria-de-ser-pilo-paga-2-contara-con-12-505-jovenes\/#breadcrumb\",\"itemListElement\":[{\"@type\":\"ListItem\",\"position\":1,\"name\":\"Portada\",\"item\":\"https:\/\/pagina10.com\/web\/\"},{\"@type\":\"ListItem\",\"position\":2,\"name\":\"Segunda convocatoria de Ser Pilo Paga 2 contar\u00e1 con 12.505 j\u00f3venes\"}]},{\"@type\":\"WebSite\",\"@id\":\"https:\/\/pagina10.com\/web\/#website\",\"url\":\"https:\/\/pagina10.com\/web\/\",\"name\":\"P\u00e1gina10\",\"description\":\"Peri\u00f3dico Regional\",\"publisher\":{\"@id\":\"https:\/\/pagina10.com\/web\/#organization\"},\"alternateName\":\"P\u00e1gina10 Peri\u00f3dico Regional\",\"potentialAction\":[{\"@type\":\"SearchAction\",\"target\":{\"@type\":\"EntryPoint\",\"urlTemplate\":\"https:\/\/pagina10.com\/web\/?s={search_term_string}\"},\"query-input\":{\"@type\":\"PropertyValueSpecification\",\"valueRequired\":true,\"valueName\":\"search_term_string\"}}],\"inLanguage\":\"es\"},{\"@type\":\"Organization\",\"@id\":\"https:\/\/pagina10.com\/web\/#organization\",\"name\":\"P\u00e1gina10\",\"alternateName\":\"P\u00e1gina10 Peri\u00f3dico Regional\",\"url\":\"https:\/\/pagina10.com\/web\/\",\"logo\":{\"@type\":\"ImageObject\",\"inLanguage\":\"es\",\"@id\":\"https:\/\/pagina10.com\/web\/#\/schema\/logo\/image\/\",\"url\":\"https:\/\/pagina10.com\/web\/wp-content\/uploads\/2024\/01\/40-pagina-10-periodico-regional-pasto.jpg\",\"contentUrl\":\"https:\/\/pagina10.com\/web\/wp-content\/uploads\/2024\/01\/40-pagina-10-periodico-regional-pasto.jpg\",\"width\":1280,\"height\":720,\"caption\":\"P\u00e1gina10\"},\"image\":{\"@id\":\"https:\/\/pagina10.com\/web\/#\/schema\/logo\/image\/\"},\"sameAs\":[\"https:\/\/www.facebook.com\/pag10com\",\"https:\/\/x.com\/Pag10com\",\"https:\/\/www.instagram.com\/pagina10col\/\",\"https:\/\/youtube.com\/channel\/pag10\",\"https:\/\/www.tiktok.com\/@p10col\"]},{\"@type\":\"Person\",\"@id\":\"https:\/\/pagina10.com\/web\/#\/schema\/person\/a7a5d38f0629dfc107f619fbae4f6cc3\",\"name\":\"P\u00e1gina 10\",\"description\":\"P\u00e1gina10.com es un peri\u00f3dico digital que nace en Colombia, en el departamento de Nari\u00f1o, con un enfoque global, fundamentado en cuatro pilares esenciales: la libertad, el pluralismo, la inclusi\u00f3n y la independencia. P\u00e1gina10.com hace referencia a Nari\u00f1o como el d\u00e9cimo departamento creado en Colombia, despu\u00e9s de un proceso pol\u00edtico liderado por actores y actrices regionales con el fin de obtener la independencia y autonom\u00eda de nuestros territorios. Con la creaci\u00f3n de P\u00e1gina10.com se pretende abrir un escenario para el dialogo, la reflexi\u00f3n y el debate que se extienda a otras geograf\u00edas de Am\u00e9rica Latina y del planeta, en una apuesta por transformar colectivamente los desaf\u00edos de un mundo contempor\u00e1neo, m\u00e1s all\u00e1 de las fronteras impuestas.\",\"url\":\"https:\/\/pagina10.com\/web\/author\/mcepeda\/\"}]}<\/script>\n<!-- \/ Yoast SEO plugin. -->","yoast_head_json":{"title":"Segunda convocatoria de Ser Pilo Paga 2 contar\u00e1 con 12.505 j\u00f3venes | P\u00e1gina10","robots":{"index":"index","follow":"follow","max-snippet":"max-snippet:-1","max-image-preview":"max-image-preview:large","max-video-preview":"max-video-preview:-1"},"canonical":"https:\/\/pagina10.com\/web\/segunda-convocatoria-de-ser-pilo-paga-2-contara-con-12-505-jovenes\/","og_locale":"es_ES","og_type":"article","og_title":"Segunda convocatoria de Ser Pilo Paga 2 contar\u00e1 con 12.505 j\u00f3venes | P\u00e1gina10","og_description":"Pese a que la segunda convocatoria de Ser Pilo Paga ten\u00eda 11.000 mil cupos disponibles, 12.505 j\u00f3venes cumplieron con todos los requisitos. As\u00ed las cosas, el Gobierno Nacional har\u00e1 un esfuerzo adicional y&nbsp; brindar\u00e1 a todos ellos la oportunidad de ingresar a la educaci\u00f3n superior de calidad.&nbsp; De acuerdo con la Ministra de Educaci\u00f3n, Gina [&hellip;]","og_url":"https:\/\/pagina10.com\/web\/segunda-convocatoria-de-ser-pilo-paga-2-contara-con-12-505-jovenes\/","og_site_name":"P\u00e1gina10","article_publisher":"https:\/\/www.facebook.com\/pag10com","article_published_time":"2016-01-30T17:10:46+00:00","og_image":[{"width":768,"height":499,"url":"https:\/\/pagina10.com\/web\/wp-content\/uploads\/2016\/01\/110a6c160214e00a56f7257b3de8e018.jpg","type":"image\/jpeg"}],"author":"P\u00e1gina 10","twitter_card":"summary_large_image","twitter_creator":"@Pag10com","twitter_site":"@Pag10com","twitter_misc":{"Escrito por":"P\u00e1gina 10","Tiempo de lectura":"4 minutos"},"schema":{"@context":"https:\/\/schema.org","@graph":[{"@type":"Article","@id":"https:\/\/pagina10.com\/web\/segunda-convocatoria-de-ser-pilo-paga-2-contara-con-12-505-jovenes\/#article","isPartOf":{"@id":"https:\/\/pagina10.com\/web\/segunda-convocatoria-de-ser-pilo-paga-2-contara-con-12-505-jovenes\/"},"author":{"name":"P\u00e1gina 10","@id":"https:\/\/pagina10.com\/web\/#\/schema\/person\/a7a5d38f0629dfc107f619fbae4f6cc3"},"headline":"Segunda convocatoria de Ser Pilo Paga 2 contar\u00e1 con 12.505 j\u00f3venes","datePublished":"2016-01-30T17:10:46+00:00","mainEntityOfPage":{"@id":"https:\/\/pagina10.com\/web\/segunda-convocatoria-de-ser-pilo-paga-2-contara-con-12-505-jovenes\/"},"wordCount":785,"commentCount":0,"publisher":{"@id":"https:\/\/pagina10.com\/web\/#organization"},"image":{"@id":"https:\/\/pagina10.com\/web\/segunda-convocatoria-de-ser-pilo-paga-2-contara-con-12-505-jovenes\/#primaryimage"},"thumbnailUrl":"https:\/\/pagina10.com\/web\/wp-content\/uploads\/2016\/01\/110a6c160214e00a56f7257b3de8e018.jpg","inLanguage":"es","potentialAction":[{"@type":"CommentAction","name":"Comment","target":["https:\/\/pagina10.com\/web\/segunda-convocatoria-de-ser-pilo-paga-2-contara-con-12-505-jovenes\/#respond"]}]},{"@type":"WebPage","@id":"https:\/\/pagina10.com\/web\/segunda-convocatoria-de-ser-pilo-paga-2-contara-con-12-505-jovenes\/","url":"https:\/\/pagina10.com\/web\/segunda-convocatoria-de-ser-pilo-paga-2-contara-con-12-505-jovenes\/","name":"Segunda convocatoria de Ser Pilo Paga 2 contar\u00e1 con 12.505 j\u00f3venes | P\u00e1gina10","isPartOf":{"@id":"https:\/\/pagina10.com\/web\/#website"},"primaryImageOfPage":{"@id":"https:\/\/pagina10.com\/web\/segunda-convocatoria-de-ser-pilo-paga-2-contara-con-12-505-jovenes\/#primaryimage"},"image":{"@id":"https:\/\/pagina10.com\/web\/segunda-convocatoria-de-ser-pilo-paga-2-contara-con-12-505-jovenes\/#primaryimage"},"thumbnailUrl":"https:\/\/pagina10.com\/web\/wp-content\/uploads\/2016\/01\/110a6c160214e00a56f7257b3de8e018.jpg","datePublished":"2016-01-30T17:10:46+00:00","breadcrumb":{"@id":"https:\/\/pagina10.com\/web\/segunda-convocatoria-de-ser-pilo-paga-2-contara-con-12-505-jovenes\/#breadcrumb"},"inLanguage":"es","potentialAction":[{"@type":"ReadAction","target":["https:\/\/pagina10.com\/web\/segunda-convocatoria-de-ser-pilo-paga-2-contara-con-12-505-jovenes\/"]}]},{"@type":"ImageObject","inLanguage":"es","@id":"https:\/\/pagina10.com\/web\/segunda-convocatoria-de-ser-pilo-paga-2-contara-con-12-505-jovenes\/#primaryimage","url":"https:\/\/pagina10.com\/web\/wp-content\/uploads\/2016\/01\/110a6c160214e00a56f7257b3de8e018.jpg","contentUrl":"https:\/\/pagina10.com\/web\/wp-content\/uploads\/2016\/01\/110a6c160214e00a56f7257b3de8e018.jpg","width":768,"height":499},{"@type":"BreadcrumbList","@id":"https:\/\/pagina10.com\/web\/segunda-convocatoria-de-ser-pilo-paga-2-contara-con-12-505-jovenes\/#breadcrumb","itemListElement":[{"@type":"ListItem","position":1,"name":"Portada","item":"https:\/\/pagina10.com\/web\/"},{"@type":"ListItem","position":2,"name":"Segunda convocatoria de Ser Pilo Paga 2 contar\u00e1 con 12.505 j\u00f3venes"}]},{"@type":"WebSite","@id":"https:\/\/pagina10.com\/web\/#website","url":"https:\/\/pagina10.com\/web\/","name":"P\u00e1gina10","description":"Peri\u00f3dico Regional","publisher":{"@id":"https:\/\/pagina10.com\/web\/#organization"},"alternateName":"P\u00e1gina10 Peri\u00f3dico Regional","potentialAction":[{"@type":"SearchAction","target":{"@type":"EntryPoint","urlTemplate":"https:\/\/pagina10.com\/web\/?s={search_term_string}"},"query-input":{"@type":"PropertyValueSpecification","valueRequired":true,"valueName":"search_term_string"}}],"inLanguage":"es"},{"@type":"Organization","@id":"https:\/\/pagina10.com\/web\/#organization","name":"P\u00e1gina10","alternateName":"P\u00e1gina10 Peri\u00f3dico Regional","url":"https:\/\/pagina10.com\/web\/","logo":{"@type":"ImageObject","inLanguage":"es","@id":"https:\/\/pagina10.com\/web\/#\/schema\/logo\/image\/","url":"https:\/\/pagina10.com\/web\/wp-content\/uploads\/2024\/01\/40-pagina-10-periodico-regional-pasto.jpg","contentUrl":"https:\/\/pagina10.com\/web\/wp-content\/uploads\/2024\/01\/40-pagina-10-periodico-regional-pasto.jpg","width":1280,"height":720,"caption":"P\u00e1gina10"},"image":{"@id":"https:\/\/pagina10.com\/web\/#\/schema\/logo\/image\/"},"sameAs":["https:\/\/www.facebook.com\/pag10com","https:\/\/x.com\/Pag10com","https:\/\/www.instagram.com\/pagina10col\/","https:\/\/youtube.com\/channel\/pag10","https:\/\/www.tiktok.com\/@p10col"]},{"@type":"Person","@id":"https:\/\/pagina10.com\/web\/#\/schema\/person\/a7a5d38f0629dfc107f619fbae4f6cc3","name":"P\u00e1gina 10","description":"P\u00e1gina10.com es un peri\u00f3dico digital que nace en Colombia, en el departamento de Nari\u00f1o, con un enfoque global, fundamentado en cuatro pilares esenciales: la libertad, el pluralismo, la inclusi\u00f3n y la independencia. P\u00e1gina10.com hace referencia a Nari\u00f1o como el d\u00e9cimo departamento creado en Colombia, despu\u00e9s de un proceso pol\u00edtico liderado por actores y actrices regionales con el fin de obtener la independencia y autonom\u00eda de nuestros territorios. Con la creaci\u00f3n de P\u00e1gina10.com se pretende abrir un escenario para el dialogo, la reflexi\u00f3n y el debate que se extienda a otras geograf\u00edas de Am\u00e9rica Latina y del planeta, en una apuesta por transformar colectivamente los desaf\u00edos de un mundo contempor\u00e1neo, m\u00e1s all\u00e1 de las fronteras impuestas.","url":"https:\/\/pagina10.com\/web\/author\/mcepeda\/"}]}},"_links":{"self":[{"href":"https:\/\/pagina10.com\/web\/wp-json\/wp\/v2\/posts\/19530","targetHints":{"allow":["GET"]}}],"collection":[{"href":"https:\/\/pagina10.com\/web\/wp-json\/wp\/v2\/posts"}],"about":[{"href":"https:\/\/pagina10.com\/web\/wp-json\/wp\/v2\/types\/post"}],"author":[{"embeddable":true,"href":"https:\/\/pagina10.com\/web\/wp-json\/wp\/v2\/users\/29"}],"replies":[{"embeddable":true,"href":"https:\/\/pagina10.com\/web\/wp-json\/wp\/v2\/comments?post=19530"}],"version-history":[{"count":0,"href":"https:\/\/pagina10.com\/web\/wp-json\/wp\/v2\/posts\/19530\/revisions"}],"wp:featuredmedia":[{"embeddable":true,"href":"https:\/\/pagina10.com\/web\/wp-json\/wp\/v2\/media\/19529"}],"wp:attachment":[{"href":"https:\/\/pagina10.com\/web\/wp-json\/wp\/v2\/media?parent=19530"}],"wp:term":[{"taxonomy":"category","embeddable":true,"href":"https:\/\/pagina10.com\/web\/wp-json\/wp\/v2\/categories?post=19530"},{"taxonomy":"post_tag","embeddable":true,"href":"https:\/\/pagina10.com\/web\/wp-json\/wp\/v2\/tags?post=19530"}],"curies":[{"name":"wp","href":"https:\/\/api.w.org\/{rel}","templated":true}]}}