{"id":19532,"date":"2016-01-30T17:20:01","date_gmt":"2016-01-30T17:20:01","guid":{"rendered":"https:\/\/pagina10.com\/web\/esta-noche-se-entregaran-los-premios-sag-a-lo-mejor-del-cine-y-la-television\/"},"modified":"2016-01-30T17:20:01","modified_gmt":"2016-01-30T17:20:01","slug":"esta-noche-se-entregaran-los-premios-sag-a-lo-mejor-del-cine-y-la-television","status":"publish","type":"post","link":"https:\/\/pagina10.com\/web\/esta-noche-se-entregaran-los-premios-sag-a-lo-mejor-del-cine-y-la-television\/","title":{"rendered":"Esta noche se entregar\u00e1n los premios SAG a lo mejor del cine y la televisi\u00f3n"},"content":{"rendered":"<p><img fetchpriority=\"high\" decoding=\"async\" class=\" size-full wp-image-19531\" src=\"https:\/\/pagina10.com\/web\/wp-content\/uploads\/2016\/01\/a630f0a6e9a677cd8db33ab6a4167a8e.jpg\" alt=\"\" width=\"735\" height=\"400\" srcset=\"https:\/\/pagina10.com\/web\/wp-content\/uploads\/2016\/01\/a630f0a6e9a677cd8db33ab6a4167a8e.jpg 735w, https:\/\/pagina10.com\/web\/wp-content\/uploads\/2016\/01\/a630f0a6e9a677cd8db33ab6a4167a8e-300x163.jpg 300w\" sizes=\"(max-width: 735px) 100vw, 735px\" \/><\/p>\n<p style=\"text-align: justify;\">Este s\u00e1bado 30 de enero en los&nbsp;\u00c1ngeles se realizar\u00e1 l<span style=\"line-height: 1.8;\" data-mce-mark=\"1\">a vig\u00e9simo segunda edici\u00f3n de los premios del Sindicato de Actores de EE.UU. (SAG) encargados de&nbsp;<\/span>premiar lo mejor tanto del cine como de la televisi\u00f3n.&nbsp;Los Premios SAG 2016 ser\u00e1n transmitidos en vivo por TNT Y CBS.<\/p>\n<p style=\"text-align: justify;\"><span style=\"line-height: 1.8;\" data-mce-mark=\"1\">&nbsp;<\/span><\/p>\n<p><strong>Lista de nominados<\/strong><\/p>\n<p><strong>CATEGOR\u00cdA CINE<\/strong><\/p>\n<p><strong>Mejor reparto<\/strong><\/p>\n<p>Beasts of No Nation<br \/>La gran apuesta<br \/>Spotlight<br \/>Straight Outta compton<br \/>Trumbo<\/p>\n<p><strong>Mejor actor<\/strong><\/p>\n<p>Bryan Cranston (Trumbo)<br \/>Johnny Depp (Black Mass)<br \/>Leonardo DiCaprio (El renacido)<br \/>Michael Fassbender (Steve Jobs)<br \/>Eddie Redmayne (La Chica Danesa)<\/p>\n<p><strong>Mejor actriz<\/strong><\/p>\n<p>Cate Blanchett (Carol)<br \/>Brie Larson (La habitaci\u00f3n)<br \/>Helen Mirren (La dama de oro)<br \/>Saoirse Ronan (Brooklyn)<br \/>Sarah Silverman (I Smile Back)<\/p>\n<p><strong>Mejor actor de reparto<\/strong><\/p>\n<p>Christian Bale (La gran apuesta)<br \/>Idris Elba (Beasts of No Nation)<br \/>Mark Rylance (El Puente de los Esp\u00edas)<br \/>Michael Shannon (99 Homes)<br \/>Jacob Tremblay (La habitaci\u00f3n)<\/p>\n<p><strong>Mejor actriz de reparto<\/strong><\/p>\n<p>Rooney Mara (Carol)<br \/>Rachel McAdams (Spotlight)<br \/>Helen Mirren (Trumbo)<br \/>Alicia Vikander (La Chica Danesa)<\/p>\n<p><strong>Mejores efectos especiales<\/strong><\/p>\n<p>Everest<br \/>Furious 7<br \/>Jurassic World<br \/>Mad Max: Fury Road<br \/>Misi\u00f3n Imposible: Naci\u00f3n Secreta<\/p>\n<p><strong>CATEGOR\u00cdA SERIES<\/strong><\/p>\n<p><strong>Mejor reparto (Drama)<\/strong><\/p>\n<p>Downton Abbey<br \/>Juego de Tronos<br \/>Homeland<br \/>House of Cards<br \/>Mad Men<\/p>\n<p><strong>Mejor reparto (Comedia)<\/strong><\/p>\n<p>The Big Bang Theory<br \/>Key &amp; Peele<br \/>Modern Family<br \/>Orange is the New Black<br \/>Transparent<br \/>Veep<\/p>\n<p><strong>Mejor actor (Drama)<\/strong><\/p>\n<p>Peter Dinklage (Juego de Tronos)<br \/>Jon Hamm (Mad Men)<br \/>Rami Malek (Mr. Robot)<br \/>Bob Odenkirk (Better Call Saul)<br \/>Kevin Spacey (House of Cards)<\/p>\n<p><strong>Mejor actriz (Drama)<\/strong><\/p>\n<p>Claire Danes (Homeland)<br \/>Viola Davis (How to Get Away with Murder)<br \/>Julianna Marguiles (The Good Wife)<br \/>Robin Wright (House of Cards)<\/p>\n<p><strong>Mejor actor (Comedia)<\/strong><\/p>\n<p>Ty Burrell (Modern Family)<br \/>Louis C.K (Louie)<br \/>William H. Macy (Shameless)<br \/>Jim Parsons (The Big Bang Theory)<br \/>Jeffrey Tambor (Transparent)<\/p>\n<p><strong>Mejor actriz (Comedia)<\/strong><\/p>\n<p>Uzo Aduba (Orange is the New Black)<br \/>Edie Falco (Nurse Jackie)<br \/>Ellie Kemper (Unbreakable Kimmy Schmidt)<br \/>Julia Louis-Dreyfus (Veep)<br \/>Amy Poehler (Parks and Recreation)<\/p>\n<p><strong>Mejor actor en miniserie o telefilme<\/strong><\/p>\n<p>Idris Elba (Luther)<br \/>Ben Kingsley (Tut)<br \/>Ray Liotta (Texas Rising)<br \/>Bill Murray (A Very Murray Christmas)<br \/>Mark Rylance (Wolf Hall)<\/p>\n<p><strong>Mejor actriz en miniserie o telefilme<\/strong><\/p>\n<p>Nicole Kidman (Grace of Monaco)<br \/>Queen Latifa (Bessie)<br \/>Christina Ricci (The Lizzie Borden Chronicles)<br \/>Susan Sarandon (The Secret Life of Marilyn Monroe)<br \/>Kristen Wiig (The Spoils Before Dying)<\/p>\n<p><strong>Mejores efectos especiales<\/strong><\/p>\n<p>The Blacklist<br \/>Juego de Tronos<br \/>Homeland<br \/>Daredevil<br \/>The Walking Dead<\/p>\n","protected":false},"excerpt":{"rendered":"<p>Este s\u00e1bado 30 de enero en los&nbsp;\u00c1ngeles se realizar\u00e1 la vig\u00e9simo segunda edici\u00f3n de los premios del Sindicato de Actores de EE.UU. (SAG) encargados de&nbsp;premiar lo mejor tanto del cine como de la televisi\u00f3n.&nbsp;Los Premios SAG 2016 ser\u00e1n transmitidos en vivo por TNT Y CBS. &nbsp; Lista de nominados CATEGOR\u00cdA CINE Mejor reparto Beasts of [&hellip;]<\/p>\n","protected":false},"author":29,"featured_media":19531,"comment_status":"open","ping_status":"open","sticky":false,"template":"","format":"standard","meta":{"footnotes":""},"categories":[1],"tags":[],"class_list":["post-19532","post","type-post","status-publish","format-standard","has-post-thumbnail","hentry","category-sin-categoria"],"yoast_head":"<!-- This site is optimized with the Yoast SEO plugin v27.1.1 - https:\/\/yoast.com\/product\/yoast-seo-wordpress\/ -->\n<title>Esta noche se entregar\u00e1n los premios SAG a lo mejor del cine y la televisi\u00f3n | P\u00e1gina10<\/title>\n<meta name=\"robots\" content=\"index, follow, max-snippet:-1, max-image-preview:large, max-video-preview:-1\" \/>\n<link rel=\"canonical\" href=\"https:\/\/pagina10.com\/web\/esta-noche-se-entregaran-los-premios-sag-a-lo-mejor-del-cine-y-la-television\/\" \/>\n<meta property=\"og:locale\" content=\"es_ES\" \/>\n<meta property=\"og:type\" content=\"article\" \/>\n<meta property=\"og:title\" content=\"Esta noche se entregar\u00e1n los premios SAG a lo mejor del cine y la televisi\u00f3n | P\u00e1gina10\" \/>\n<meta property=\"og:description\" content=\"Este s\u00e1bado 30 de enero en los&nbsp;\u00c1ngeles se realizar\u00e1 la vig\u00e9simo segunda edici\u00f3n de los premios del Sindicato de Actores de EE.UU. (SAG) encargados de&nbsp;premiar lo mejor tanto del cine como de la televisi\u00f3n.&nbsp;Los Premios SAG 2016 ser\u00e1n transmitidos en vivo por TNT Y CBS. &nbsp; Lista de nominados CATEGOR\u00cdA CINE Mejor reparto Beasts of [&hellip;]\" \/>\n<meta property=\"og:url\" content=\"https:\/\/pagina10.com\/web\/esta-noche-se-entregaran-los-premios-sag-a-lo-mejor-del-cine-y-la-television\/\" \/>\n<meta property=\"og:site_name\" content=\"P\u00e1gina10\" \/>\n<meta property=\"article:publisher\" content=\"https:\/\/www.facebook.com\/pag10com\" \/>\n<meta property=\"article:published_time\" content=\"2016-01-30T17:20:01+00:00\" \/>\n<meta property=\"og:image\" content=\"https:\/\/pagina10.com\/web\/wp-content\/uploads\/2016\/01\/a630f0a6e9a677cd8db33ab6a4167a8e.jpg\" \/>\n\t<meta property=\"og:image:width\" content=\"735\" \/>\n\t<meta property=\"og:image:height\" content=\"400\" \/>\n\t<meta property=\"og:image:type\" content=\"image\/jpeg\" \/>\n<meta name=\"author\" content=\"P\u00e1gina 10\" \/>\n<meta name=\"twitter:card\" content=\"summary_large_image\" \/>\n<meta name=\"twitter:creator\" content=\"@Pag10com\" \/>\n<meta name=\"twitter:site\" content=\"@Pag10com\" \/>\n<meta name=\"twitter:label1\" content=\"Escrito por\" \/>\n\t<meta name=\"twitter:data1\" content=\"P\u00e1gina 10\" \/>\n\t<meta name=\"twitter:label2\" content=\"Tiempo de lectura\" \/>\n\t<meta name=\"twitter:data2\" content=\"2 minutos\" \/>\n<script type=\"application\/ld+json\" class=\"yoast-schema-graph\">{\"@context\":\"https:\/\/schema.org\",\"@graph\":[{\"@type\":\"Article\",\"@id\":\"https:\/\/pagina10.com\/web\/esta-noche-se-entregaran-los-premios-sag-a-lo-mejor-del-cine-y-la-television\/#article\",\"isPartOf\":{\"@id\":\"https:\/\/pagina10.com\/web\/esta-noche-se-entregaran-los-premios-sag-a-lo-mejor-del-cine-y-la-television\/\"},\"author\":{\"name\":\"P\u00e1gina 10\",\"@id\":\"https:\/\/pagina10.com\/web\/#\/schema\/person\/a7a5d38f0629dfc107f619fbae4f6cc3\"},\"headline\":\"Esta noche se entregar\u00e1n los premios SAG a lo mejor del cine y la televisi\u00f3n\",\"datePublished\":\"2016-01-30T17:20:01+00:00\",\"mainEntityOfPage\":{\"@id\":\"https:\/\/pagina10.com\/web\/esta-noche-se-entregaran-los-premios-sag-a-lo-mejor-del-cine-y-la-television\/\"},\"wordCount\":395,\"commentCount\":0,\"publisher\":{\"@id\":\"https:\/\/pagina10.com\/web\/#organization\"},\"image\":{\"@id\":\"https:\/\/pagina10.com\/web\/esta-noche-se-entregaran-los-premios-sag-a-lo-mejor-del-cine-y-la-television\/#primaryimage\"},\"thumbnailUrl\":\"https:\/\/pagina10.com\/web\/wp-content\/uploads\/2016\/01\/a630f0a6e9a677cd8db33ab6a4167a8e.jpg\",\"inLanguage\":\"es\",\"potentialAction\":[{\"@type\":\"CommentAction\",\"name\":\"Comment\",\"target\":[\"https:\/\/pagina10.com\/web\/esta-noche-se-entregaran-los-premios-sag-a-lo-mejor-del-cine-y-la-television\/#respond\"]}]},{\"@type\":\"WebPage\",\"@id\":\"https:\/\/pagina10.com\/web\/esta-noche-se-entregaran-los-premios-sag-a-lo-mejor-del-cine-y-la-television\/\",\"url\":\"https:\/\/pagina10.com\/web\/esta-noche-se-entregaran-los-premios-sag-a-lo-mejor-del-cine-y-la-television\/\",\"name\":\"Esta noche se entregar\u00e1n los premios SAG a lo mejor del cine y la televisi\u00f3n | P\u00e1gina10\",\"isPartOf\":{\"@id\":\"https:\/\/pagina10.com\/web\/#website\"},\"primaryImageOfPage\":{\"@id\":\"https:\/\/pagina10.com\/web\/esta-noche-se-entregaran-los-premios-sag-a-lo-mejor-del-cine-y-la-television\/#primaryimage\"},\"image\":{\"@id\":\"https:\/\/pagina10.com\/web\/esta-noche-se-entregaran-los-premios-sag-a-lo-mejor-del-cine-y-la-television\/#primaryimage\"},\"thumbnailUrl\":\"https:\/\/pagina10.com\/web\/wp-content\/uploads\/2016\/01\/a630f0a6e9a677cd8db33ab6a4167a8e.jpg\",\"datePublished\":\"2016-01-30T17:20:01+00:00\",\"breadcrumb\":{\"@id\":\"https:\/\/pagina10.com\/web\/esta-noche-se-entregaran-los-premios-sag-a-lo-mejor-del-cine-y-la-television\/#breadcrumb\"},\"inLanguage\":\"es\",\"potentialAction\":[{\"@type\":\"ReadAction\",\"target\":[\"https:\/\/pagina10.com\/web\/esta-noche-se-entregaran-los-premios-sag-a-lo-mejor-del-cine-y-la-television\/\"]}]},{\"@type\":\"ImageObject\",\"inLanguage\":\"es\",\"@id\":\"https:\/\/pagina10.com\/web\/esta-noche-se-entregaran-los-premios-sag-a-lo-mejor-del-cine-y-la-television\/#primaryimage\",\"url\":\"https:\/\/pagina10.com\/web\/wp-content\/uploads\/2016\/01\/a630f0a6e9a677cd8db33ab6a4167a8e.jpg\",\"contentUrl\":\"https:\/\/pagina10.com\/web\/wp-content\/uploads\/2016\/01\/a630f0a6e9a677cd8db33ab6a4167a8e.jpg\",\"width\":735,\"height\":400},{\"@type\":\"BreadcrumbList\",\"@id\":\"https:\/\/pagina10.com\/web\/esta-noche-se-entregaran-los-premios-sag-a-lo-mejor-del-cine-y-la-television\/#breadcrumb\",\"itemListElement\":[{\"@type\":\"ListItem\",\"position\":1,\"name\":\"Portada\",\"item\":\"https:\/\/pagina10.com\/web\/\"},{\"@type\":\"ListItem\",\"position\":2,\"name\":\"Esta noche se entregar\u00e1n los premios SAG a lo mejor del cine y la televisi\u00f3n\"}]},{\"@type\":\"WebSite\",\"@id\":\"https:\/\/pagina10.com\/web\/#website\",\"url\":\"https:\/\/pagina10.com\/web\/\",\"name\":\"P\u00e1gina10\",\"description\":\"Peri\u00f3dico Regional\",\"publisher\":{\"@id\":\"https:\/\/pagina10.com\/web\/#organization\"},\"alternateName\":\"P\u00e1gina10 Peri\u00f3dico Regional\",\"potentialAction\":[{\"@type\":\"SearchAction\",\"target\":{\"@type\":\"EntryPoint\",\"urlTemplate\":\"https:\/\/pagina10.com\/web\/?s={search_term_string}\"},\"query-input\":{\"@type\":\"PropertyValueSpecification\",\"valueRequired\":true,\"valueName\":\"search_term_string\"}}],\"inLanguage\":\"es\"},{\"@type\":\"Organization\",\"@id\":\"https:\/\/pagina10.com\/web\/#organization\",\"name\":\"P\u00e1gina10\",\"alternateName\":\"P\u00e1gina10 Peri\u00f3dico Regional\",\"url\":\"https:\/\/pagina10.com\/web\/\",\"logo\":{\"@type\":\"ImageObject\",\"inLanguage\":\"es\",\"@id\":\"https:\/\/pagina10.com\/web\/#\/schema\/logo\/image\/\",\"url\":\"https:\/\/pagina10.com\/web\/wp-content\/uploads\/2024\/01\/40-pagina-10-periodico-regional-pasto.jpg\",\"contentUrl\":\"https:\/\/pagina10.com\/web\/wp-content\/uploads\/2024\/01\/40-pagina-10-periodico-regional-pasto.jpg\",\"width\":1280,\"height\":720,\"caption\":\"P\u00e1gina10\"},\"image\":{\"@id\":\"https:\/\/pagina10.com\/web\/#\/schema\/logo\/image\/\"},\"sameAs\":[\"https:\/\/www.facebook.com\/pag10com\",\"https:\/\/x.com\/Pag10com\",\"https:\/\/www.instagram.com\/pagina10col\/\",\"https:\/\/youtube.com\/channel\/pag10\",\"https:\/\/www.tiktok.com\/@p10col\"]},{\"@type\":\"Person\",\"@id\":\"https:\/\/pagina10.com\/web\/#\/schema\/person\/a7a5d38f0629dfc107f619fbae4f6cc3\",\"name\":\"P\u00e1gina 10\",\"description\":\"P\u00e1gina10.com es un peri\u00f3dico digital que nace en Colombia, en el departamento de Nari\u00f1o, con un enfoque global, fundamentado en cuatro pilares esenciales: la libertad, el pluralismo, la inclusi\u00f3n y la independencia. P\u00e1gina10.com hace referencia a Nari\u00f1o como el d\u00e9cimo departamento creado en Colombia, despu\u00e9s de un proceso pol\u00edtico liderado por actores y actrices regionales con el fin de obtener la independencia y autonom\u00eda de nuestros territorios. Con la creaci\u00f3n de P\u00e1gina10.com se pretende abrir un escenario para el dialogo, la reflexi\u00f3n y el debate que se extienda a otras geograf\u00edas de Am\u00e9rica Latina y del planeta, en una apuesta por transformar colectivamente los desaf\u00edos de un mundo contempor\u00e1neo, m\u00e1s all\u00e1 de las fronteras impuestas.\",\"url\":\"https:\/\/pagina10.com\/web\/author\/mcepeda\/\"}]}<\/script>\n<!-- \/ Yoast SEO plugin. -->","yoast_head_json":{"title":"Esta noche se entregar\u00e1n los premios SAG a lo mejor del cine y la televisi\u00f3n | P\u00e1gina10","robots":{"index":"index","follow":"follow","max-snippet":"max-snippet:-1","max-image-preview":"max-image-preview:large","max-video-preview":"max-video-preview:-1"},"canonical":"https:\/\/pagina10.com\/web\/esta-noche-se-entregaran-los-premios-sag-a-lo-mejor-del-cine-y-la-television\/","og_locale":"es_ES","og_type":"article","og_title":"Esta noche se entregar\u00e1n los premios SAG a lo mejor del cine y la televisi\u00f3n | P\u00e1gina10","og_description":"Este s\u00e1bado 30 de enero en los&nbsp;\u00c1ngeles se realizar\u00e1 la vig\u00e9simo segunda edici\u00f3n de los premios del Sindicato de Actores de EE.UU. (SAG) encargados de&nbsp;premiar lo mejor tanto del cine como de la televisi\u00f3n.&nbsp;Los Premios SAG 2016 ser\u00e1n transmitidos en vivo por TNT Y CBS. &nbsp; Lista de nominados CATEGOR\u00cdA CINE Mejor reparto Beasts of [&hellip;]","og_url":"https:\/\/pagina10.com\/web\/esta-noche-se-entregaran-los-premios-sag-a-lo-mejor-del-cine-y-la-television\/","og_site_name":"P\u00e1gina10","article_publisher":"https:\/\/www.facebook.com\/pag10com","article_published_time":"2016-01-30T17:20:01+00:00","og_image":[{"width":735,"height":400,"url":"https:\/\/pagina10.com\/web\/wp-content\/uploads\/2016\/01\/a630f0a6e9a677cd8db33ab6a4167a8e.jpg","type":"image\/jpeg"}],"author":"P\u00e1gina 10","twitter_card":"summary_large_image","twitter_creator":"@Pag10com","twitter_site":"@Pag10com","twitter_misc":{"Escrito por":"P\u00e1gina 10","Tiempo de lectura":"2 minutos"},"schema":{"@context":"https:\/\/schema.org","@graph":[{"@type":"Article","@id":"https:\/\/pagina10.com\/web\/esta-noche-se-entregaran-los-premios-sag-a-lo-mejor-del-cine-y-la-television\/#article","isPartOf":{"@id":"https:\/\/pagina10.com\/web\/esta-noche-se-entregaran-los-premios-sag-a-lo-mejor-del-cine-y-la-television\/"},"author":{"name":"P\u00e1gina 10","@id":"https:\/\/pagina10.com\/web\/#\/schema\/person\/a7a5d38f0629dfc107f619fbae4f6cc3"},"headline":"Esta noche se entregar\u00e1n los premios SAG a lo mejor del cine y la televisi\u00f3n","datePublished":"2016-01-30T17:20:01+00:00","mainEntityOfPage":{"@id":"https:\/\/pagina10.com\/web\/esta-noche-se-entregaran-los-premios-sag-a-lo-mejor-del-cine-y-la-television\/"},"wordCount":395,"commentCount":0,"publisher":{"@id":"https:\/\/pagina10.com\/web\/#organization"},"image":{"@id":"https:\/\/pagina10.com\/web\/esta-noche-se-entregaran-los-premios-sag-a-lo-mejor-del-cine-y-la-television\/#primaryimage"},"thumbnailUrl":"https:\/\/pagina10.com\/web\/wp-content\/uploads\/2016\/01\/a630f0a6e9a677cd8db33ab6a4167a8e.jpg","inLanguage":"es","potentialAction":[{"@type":"CommentAction","name":"Comment","target":["https:\/\/pagina10.com\/web\/esta-noche-se-entregaran-los-premios-sag-a-lo-mejor-del-cine-y-la-television\/#respond"]}]},{"@type":"WebPage","@id":"https:\/\/pagina10.com\/web\/esta-noche-se-entregaran-los-premios-sag-a-lo-mejor-del-cine-y-la-television\/","url":"https:\/\/pagina10.com\/web\/esta-noche-se-entregaran-los-premios-sag-a-lo-mejor-del-cine-y-la-television\/","name":"Esta noche se entregar\u00e1n los premios SAG a lo mejor del cine y la televisi\u00f3n | P\u00e1gina10","isPartOf":{"@id":"https:\/\/pagina10.com\/web\/#website"},"primaryImageOfPage":{"@id":"https:\/\/pagina10.com\/web\/esta-noche-se-entregaran-los-premios-sag-a-lo-mejor-del-cine-y-la-television\/#primaryimage"},"image":{"@id":"https:\/\/pagina10.com\/web\/esta-noche-se-entregaran-los-premios-sag-a-lo-mejor-del-cine-y-la-television\/#primaryimage"},"thumbnailUrl":"https:\/\/pagina10.com\/web\/wp-content\/uploads\/2016\/01\/a630f0a6e9a677cd8db33ab6a4167a8e.jpg","datePublished":"2016-01-30T17:20:01+00:00","breadcrumb":{"@id":"https:\/\/pagina10.com\/web\/esta-noche-se-entregaran-los-premios-sag-a-lo-mejor-del-cine-y-la-television\/#breadcrumb"},"inLanguage":"es","potentialAction":[{"@type":"ReadAction","target":["https:\/\/pagina10.com\/web\/esta-noche-se-entregaran-los-premios-sag-a-lo-mejor-del-cine-y-la-television\/"]}]},{"@type":"ImageObject","inLanguage":"es","@id":"https:\/\/pagina10.com\/web\/esta-noche-se-entregaran-los-premios-sag-a-lo-mejor-del-cine-y-la-television\/#primaryimage","url":"https:\/\/pagina10.com\/web\/wp-content\/uploads\/2016\/01\/a630f0a6e9a677cd8db33ab6a4167a8e.jpg","contentUrl":"https:\/\/pagina10.com\/web\/wp-content\/uploads\/2016\/01\/a630f0a6e9a677cd8db33ab6a4167a8e.jpg","width":735,"height":400},{"@type":"BreadcrumbList","@id":"https:\/\/pagina10.com\/web\/esta-noche-se-entregaran-los-premios-sag-a-lo-mejor-del-cine-y-la-television\/#breadcrumb","itemListElement":[{"@type":"ListItem","position":1,"name":"Portada","item":"https:\/\/pagina10.com\/web\/"},{"@type":"ListItem","position":2,"name":"Esta noche se entregar\u00e1n los premios SAG a lo mejor del cine y la televisi\u00f3n"}]},{"@type":"WebSite","@id":"https:\/\/pagina10.com\/web\/#website","url":"https:\/\/pagina10.com\/web\/","name":"P\u00e1gina10","description":"Peri\u00f3dico Regional","publisher":{"@id":"https:\/\/pagina10.com\/web\/#organization"},"alternateName":"P\u00e1gina10 Peri\u00f3dico Regional","potentialAction":[{"@type":"SearchAction","target":{"@type":"EntryPoint","urlTemplate":"https:\/\/pagina10.com\/web\/?s={search_term_string}"},"query-input":{"@type":"PropertyValueSpecification","valueRequired":true,"valueName":"search_term_string"}}],"inLanguage":"es"},{"@type":"Organization","@id":"https:\/\/pagina10.com\/web\/#organization","name":"P\u00e1gina10","alternateName":"P\u00e1gina10 Peri\u00f3dico Regional","url":"https:\/\/pagina10.com\/web\/","logo":{"@type":"ImageObject","inLanguage":"es","@id":"https:\/\/pagina10.com\/web\/#\/schema\/logo\/image\/","url":"https:\/\/pagina10.com\/web\/wp-content\/uploads\/2024\/01\/40-pagina-10-periodico-regional-pasto.jpg","contentUrl":"https:\/\/pagina10.com\/web\/wp-content\/uploads\/2024\/01\/40-pagina-10-periodico-regional-pasto.jpg","width":1280,"height":720,"caption":"P\u00e1gina10"},"image":{"@id":"https:\/\/pagina10.com\/web\/#\/schema\/logo\/image\/"},"sameAs":["https:\/\/www.facebook.com\/pag10com","https:\/\/x.com\/Pag10com","https:\/\/www.instagram.com\/pagina10col\/","https:\/\/youtube.com\/channel\/pag10","https:\/\/www.tiktok.com\/@p10col"]},{"@type":"Person","@id":"https:\/\/pagina10.com\/web\/#\/schema\/person\/a7a5d38f0629dfc107f619fbae4f6cc3","name":"P\u00e1gina 10","description":"P\u00e1gina10.com es un peri\u00f3dico digital que nace en Colombia, en el departamento de Nari\u00f1o, con un enfoque global, fundamentado en cuatro pilares esenciales: la libertad, el pluralismo, la inclusi\u00f3n y la independencia. P\u00e1gina10.com hace referencia a Nari\u00f1o como el d\u00e9cimo departamento creado en Colombia, despu\u00e9s de un proceso pol\u00edtico liderado por actores y actrices regionales con el fin de obtener la independencia y autonom\u00eda de nuestros territorios. Con la creaci\u00f3n de P\u00e1gina10.com se pretende abrir un escenario para el dialogo, la reflexi\u00f3n y el debate que se extienda a otras geograf\u00edas de Am\u00e9rica Latina y del planeta, en una apuesta por transformar colectivamente los desaf\u00edos de un mundo contempor\u00e1neo, m\u00e1s all\u00e1 de las fronteras impuestas.","url":"https:\/\/pagina10.com\/web\/author\/mcepeda\/"}]}},"_links":{"self":[{"href":"https:\/\/pagina10.com\/web\/wp-json\/wp\/v2\/posts\/19532","targetHints":{"allow":["GET"]}}],"collection":[{"href":"https:\/\/pagina10.com\/web\/wp-json\/wp\/v2\/posts"}],"about":[{"href":"https:\/\/pagina10.com\/web\/wp-json\/wp\/v2\/types\/post"}],"author":[{"embeddable":true,"href":"https:\/\/pagina10.com\/web\/wp-json\/wp\/v2\/users\/29"}],"replies":[{"embeddable":true,"href":"https:\/\/pagina10.com\/web\/wp-json\/wp\/v2\/comments?post=19532"}],"version-history":[{"count":0,"href":"https:\/\/pagina10.com\/web\/wp-json\/wp\/v2\/posts\/19532\/revisions"}],"wp:featuredmedia":[{"embeddable":true,"href":"https:\/\/pagina10.com\/web\/wp-json\/wp\/v2\/media\/19531"}],"wp:attachment":[{"href":"https:\/\/pagina10.com\/web\/wp-json\/wp\/v2\/media?parent=19532"}],"wp:term":[{"taxonomy":"category","embeddable":true,"href":"https:\/\/pagina10.com\/web\/wp-json\/wp\/v2\/categories?post=19532"},{"taxonomy":"post_tag","embeddable":true,"href":"https:\/\/pagina10.com\/web\/wp-json\/wp\/v2\/tags?post=19532"}],"curies":[{"name":"wp","href":"https:\/\/api.w.org\/{rel}","templated":true}]}}