{"id":19534,"date":"2016-01-30T17:32:48","date_gmt":"2016-01-30T17:32:48","guid":{"rendered":"https:\/\/pagina10.com\/web\/facebook-anuncio-la-prohibicion-de-venta-de-armas-en-su-plataforma\/"},"modified":"2016-01-30T17:32:48","modified_gmt":"2016-01-30T17:32:48","slug":"facebook-anuncio-la-prohibicion-de-venta-de-armas-en-su-plataforma","status":"publish","type":"post","link":"https:\/\/pagina10.com\/web\/facebook-anuncio-la-prohibicion-de-venta-de-armas-en-su-plataforma\/","title":{"rendered":"Facebook anunci\u00f3 la prohibici\u00f3n de venta de armas en su plataforma"},"content":{"rendered":"<p><img fetchpriority=\"high\" decoding=\"async\" class=\" size-full wp-image-19533\" src=\"https:\/\/pagina10.com\/web\/wp-content\/uploads\/2016\/01\/00c89468e49331a503817abef145efe1.jpg\" alt=\"\" width=\"770\" height=\"433\" srcset=\"https:\/\/pagina10.com\/web\/wp-content\/uploads\/2016\/01\/00c89468e49331a503817abef145efe1.jpg 770w, https:\/\/pagina10.com\/web\/wp-content\/uploads\/2016\/01\/00c89468e49331a503817abef145efe1-300x169.jpg 300w, https:\/\/pagina10.com\/web\/wp-content\/uploads\/2016\/01\/00c89468e49331a503817abef145efe1-768x432.jpg 768w\" sizes=\"(max-width: 770px) 100vw, 770px\" \/><\/p>\n<p style=\"text-align: justify;\">La mayor red social del mundo en n\u00famero de usuarios, Facebook, ha anunciado este s\u00e1bado la prohibici\u00f3n, tanto en su plataforma principal como en Instagram, de su propiedad, de vender armas de fuego entre particulares. En un comunicado, la jefa de pol\u00edtica de productos de Facebook, Monika Bickert, avanz\u00f3 que los ciudadanos ya no podr\u00e1n utilizar las redes sociales para anunciar y contactar con posibles compradores de armas de fuego.<\/p>\n<p style=\"text-align: justify;\">La prohibici\u00f3n afectar\u00e1 solo a las transacciones entre particulares, por lo que las empresas autorizadas para ello podr\u00e1n seguir promocionando sus productos en Facebook e Instagram.<\/p>\n<p style=\"text-align: justify;\">&#8220;Durante los \u00faltimos dos a\u00f1os, m\u00e1s y m\u00e1s gente ha usado Facebook para descubrir productos y para comprar y vender cosas entre individuales&#8221;, apunt\u00f3 Bickert. &#8220;Seguimos desarrollando, probando y lanzando nuevos productos para hacer que esta experiencia sea a\u00fan mejor para la gente y actualizando nuestras pol\u00edticas de regulaci\u00f3n de bienes para reflejar esta evoluci\u00f3n&#8221;, concluy\u00f3.<\/p>\n<p style=\"text-align: justify;\">Facebook ya proh\u00edbe la venta a trav\u00e9s de sus plataformas de marihuana, productos farmac\u00e9uticos y drogas ilegales.<\/p>\n<p style=\"text-align: justify;\">Pese a no estar directamente implicadas en las operaciones, las redes sociales sirven de mercado online para negociar la compra-venta de armas de fuego, lo que durante los \u00faltimos meses ha hecho que aumentase la presi\u00f3n sobre Facebook a favor de esta medida por parte de pol\u00edticos y activistas.<\/p>\n<p style=\"text-align: justify;\">Desde la matanza en la escuela Sandy Hook de Newtown (Connecticut) en diciembre de 2012, en la que fueron asesinados 20 ni\u00f1os y seis adultos, el presidente de EE.UU., Barack Obama, ha llevado a cabo una campa\u00f1a a favor de una mayor regularizaci\u00f3n del derecho constitucional a poseer y portar armas.<\/p>\n<p style=\"text-align: justify;\">Tras el atentado de San Bernardino (California) del pasado 2 de diciembre, en el que dos terroristas atacaron un centro de asistencia para discapacitados, mataron a catorce personas e hirieron a m\u00e1s de veinte con armas adquiridas legalmente en EE.UU., los esfuerzos de Obama se han redoblado y el control de las armas de fuego se ha vuelto a situar en el centro del debate pol\u00edtico.<\/p>\n<p style=\"text-align: justify;\">&nbsp;<\/p>\n<p style=\"text-align: justify;\">Fuente: BBC<\/p>\n","protected":false},"excerpt":{"rendered":"<p>La mayor red social del mundo en n\u00famero de usuarios, Facebook, ha anunciado este s\u00e1bado la prohibici\u00f3n, tanto en su plataforma principal como en Instagram, de su propiedad, de vender armas de fuego entre particulares. En un comunicado, la jefa de pol\u00edtica de productos de Facebook, Monika Bickert, avanz\u00f3 que los ciudadanos ya no podr\u00e1n [&hellip;]<\/p>\n","protected":false},"author":29,"featured_media":19533,"comment_status":"open","ping_status":"open","sticky":false,"template":"","format":"standard","meta":{"footnotes":""},"categories":[1],"tags":[],"class_list":["post-19534","post","type-post","status-publish","format-standard","has-post-thumbnail","hentry","category-sin-categoria"],"yoast_head":"<!-- This site is optimized with the Yoast SEO plugin v27.1.1 - https:\/\/yoast.com\/product\/yoast-seo-wordpress\/ -->\n<title>Facebook anunci\u00f3 la prohibici\u00f3n de venta de armas en su plataforma | P\u00e1gina10<\/title>\n<meta name=\"robots\" content=\"index, follow, max-snippet:-1, max-image-preview:large, max-video-preview:-1\" \/>\n<link rel=\"canonical\" href=\"https:\/\/pagina10.com\/web\/facebook-anuncio-la-prohibicion-de-venta-de-armas-en-su-plataforma\/\" \/>\n<meta property=\"og:locale\" content=\"es_ES\" \/>\n<meta property=\"og:type\" content=\"article\" \/>\n<meta property=\"og:title\" content=\"Facebook anunci\u00f3 la prohibici\u00f3n de venta de armas en su plataforma | P\u00e1gina10\" \/>\n<meta property=\"og:description\" content=\"La mayor red social del mundo en n\u00famero de usuarios, Facebook, ha anunciado este s\u00e1bado la prohibici\u00f3n, tanto en su plataforma principal como en Instagram, de su propiedad, de vender armas de fuego entre particulares. En un comunicado, la jefa de pol\u00edtica de productos de Facebook, Monika Bickert, avanz\u00f3 que los ciudadanos ya no podr\u00e1n [&hellip;]\" \/>\n<meta property=\"og:url\" content=\"https:\/\/pagina10.com\/web\/facebook-anuncio-la-prohibicion-de-venta-de-armas-en-su-plataforma\/\" \/>\n<meta property=\"og:site_name\" content=\"P\u00e1gina10\" \/>\n<meta property=\"article:publisher\" content=\"https:\/\/www.facebook.com\/pag10com\" \/>\n<meta property=\"article:published_time\" content=\"2016-01-30T17:32:48+00:00\" \/>\n<meta property=\"og:image\" content=\"https:\/\/pagina10.com\/web\/wp-content\/uploads\/2016\/01\/00c89468e49331a503817abef145efe1.jpg\" \/>\n\t<meta property=\"og:image:width\" content=\"770\" \/>\n\t<meta property=\"og:image:height\" content=\"433\" \/>\n\t<meta property=\"og:image:type\" content=\"image\/jpeg\" \/>\n<meta name=\"author\" content=\"P\u00e1gina 10\" \/>\n<meta name=\"twitter:card\" content=\"summary_large_image\" \/>\n<meta name=\"twitter:creator\" content=\"@Pag10com\" \/>\n<meta name=\"twitter:site\" content=\"@Pag10com\" \/>\n<meta name=\"twitter:label1\" content=\"Escrito por\" \/>\n\t<meta name=\"twitter:data1\" content=\"P\u00e1gina 10\" \/>\n\t<meta name=\"twitter:label2\" content=\"Tiempo de lectura\" \/>\n\t<meta name=\"twitter:data2\" content=\"2 minutos\" \/>\n<script type=\"application\/ld+json\" class=\"yoast-schema-graph\">{\"@context\":\"https:\/\/schema.org\",\"@graph\":[{\"@type\":\"Article\",\"@id\":\"https:\/\/pagina10.com\/web\/facebook-anuncio-la-prohibicion-de-venta-de-armas-en-su-plataforma\/#article\",\"isPartOf\":{\"@id\":\"https:\/\/pagina10.com\/web\/facebook-anuncio-la-prohibicion-de-venta-de-armas-en-su-plataforma\/\"},\"author\":{\"name\":\"P\u00e1gina 10\",\"@id\":\"https:\/\/pagina10.com\/web\/#\/schema\/person\/a7a5d38f0629dfc107f619fbae4f6cc3\"},\"headline\":\"Facebook anunci\u00f3 la prohibici\u00f3n de venta de armas en su plataforma\",\"datePublished\":\"2016-01-30T17:32:48+00:00\",\"mainEntityOfPage\":{\"@id\":\"https:\/\/pagina10.com\/web\/facebook-anuncio-la-prohibicion-de-venta-de-armas-en-su-plataforma\/\"},\"wordCount\":373,\"commentCount\":0,\"publisher\":{\"@id\":\"https:\/\/pagina10.com\/web\/#organization\"},\"image\":{\"@id\":\"https:\/\/pagina10.com\/web\/facebook-anuncio-la-prohibicion-de-venta-de-armas-en-su-plataforma\/#primaryimage\"},\"thumbnailUrl\":\"https:\/\/pagina10.com\/web\/wp-content\/uploads\/2016\/01\/00c89468e49331a503817abef145efe1.jpg\",\"inLanguage\":\"es\",\"potentialAction\":[{\"@type\":\"CommentAction\",\"name\":\"Comment\",\"target\":[\"https:\/\/pagina10.com\/web\/facebook-anuncio-la-prohibicion-de-venta-de-armas-en-su-plataforma\/#respond\"]}]},{\"@type\":\"WebPage\",\"@id\":\"https:\/\/pagina10.com\/web\/facebook-anuncio-la-prohibicion-de-venta-de-armas-en-su-plataforma\/\",\"url\":\"https:\/\/pagina10.com\/web\/facebook-anuncio-la-prohibicion-de-venta-de-armas-en-su-plataforma\/\",\"name\":\"Facebook anunci\u00f3 la prohibici\u00f3n de venta de armas en su plataforma | P\u00e1gina10\",\"isPartOf\":{\"@id\":\"https:\/\/pagina10.com\/web\/#website\"},\"primaryImageOfPage\":{\"@id\":\"https:\/\/pagina10.com\/web\/facebook-anuncio-la-prohibicion-de-venta-de-armas-en-su-plataforma\/#primaryimage\"},\"image\":{\"@id\":\"https:\/\/pagina10.com\/web\/facebook-anuncio-la-prohibicion-de-venta-de-armas-en-su-plataforma\/#primaryimage\"},\"thumbnailUrl\":\"https:\/\/pagina10.com\/web\/wp-content\/uploads\/2016\/01\/00c89468e49331a503817abef145efe1.jpg\",\"datePublished\":\"2016-01-30T17:32:48+00:00\",\"breadcrumb\":{\"@id\":\"https:\/\/pagina10.com\/web\/facebook-anuncio-la-prohibicion-de-venta-de-armas-en-su-plataforma\/#breadcrumb\"},\"inLanguage\":\"es\",\"potentialAction\":[{\"@type\":\"ReadAction\",\"target\":[\"https:\/\/pagina10.com\/web\/facebook-anuncio-la-prohibicion-de-venta-de-armas-en-su-plataforma\/\"]}]},{\"@type\":\"ImageObject\",\"inLanguage\":\"es\",\"@id\":\"https:\/\/pagina10.com\/web\/facebook-anuncio-la-prohibicion-de-venta-de-armas-en-su-plataforma\/#primaryimage\",\"url\":\"https:\/\/pagina10.com\/web\/wp-content\/uploads\/2016\/01\/00c89468e49331a503817abef145efe1.jpg\",\"contentUrl\":\"https:\/\/pagina10.com\/web\/wp-content\/uploads\/2016\/01\/00c89468e49331a503817abef145efe1.jpg\",\"width\":770,\"height\":433},{\"@type\":\"BreadcrumbList\",\"@id\":\"https:\/\/pagina10.com\/web\/facebook-anuncio-la-prohibicion-de-venta-de-armas-en-su-plataforma\/#breadcrumb\",\"itemListElement\":[{\"@type\":\"ListItem\",\"position\":1,\"name\":\"Portada\",\"item\":\"https:\/\/pagina10.com\/web\/\"},{\"@type\":\"ListItem\",\"position\":2,\"name\":\"Facebook anunci\u00f3 la prohibici\u00f3n de venta de armas en su plataforma\"}]},{\"@type\":\"WebSite\",\"@id\":\"https:\/\/pagina10.com\/web\/#website\",\"url\":\"https:\/\/pagina10.com\/web\/\",\"name\":\"P\u00e1gina10\",\"description\":\"Peri\u00f3dico Regional\",\"publisher\":{\"@id\":\"https:\/\/pagina10.com\/web\/#organization\"},\"alternateName\":\"P\u00e1gina10 Peri\u00f3dico Regional\",\"potentialAction\":[{\"@type\":\"SearchAction\",\"target\":{\"@type\":\"EntryPoint\",\"urlTemplate\":\"https:\/\/pagina10.com\/web\/?s={search_term_string}\"},\"query-input\":{\"@type\":\"PropertyValueSpecification\",\"valueRequired\":true,\"valueName\":\"search_term_string\"}}],\"inLanguage\":\"es\"},{\"@type\":\"Organization\",\"@id\":\"https:\/\/pagina10.com\/web\/#organization\",\"name\":\"P\u00e1gina10\",\"alternateName\":\"P\u00e1gina10 Peri\u00f3dico Regional\",\"url\":\"https:\/\/pagina10.com\/web\/\",\"logo\":{\"@type\":\"ImageObject\",\"inLanguage\":\"es\",\"@id\":\"https:\/\/pagina10.com\/web\/#\/schema\/logo\/image\/\",\"url\":\"https:\/\/pagina10.com\/web\/wp-content\/uploads\/2024\/01\/40-pagina-10-periodico-regional-pasto.jpg\",\"contentUrl\":\"https:\/\/pagina10.com\/web\/wp-content\/uploads\/2024\/01\/40-pagina-10-periodico-regional-pasto.jpg\",\"width\":1280,\"height\":720,\"caption\":\"P\u00e1gina10\"},\"image\":{\"@id\":\"https:\/\/pagina10.com\/web\/#\/schema\/logo\/image\/\"},\"sameAs\":[\"https:\/\/www.facebook.com\/pag10com\",\"https:\/\/x.com\/Pag10com\",\"https:\/\/www.instagram.com\/pagina10col\/\",\"https:\/\/youtube.com\/channel\/pag10\",\"https:\/\/www.tiktok.com\/@p10col\"]},{\"@type\":\"Person\",\"@id\":\"https:\/\/pagina10.com\/web\/#\/schema\/person\/a7a5d38f0629dfc107f619fbae4f6cc3\",\"name\":\"P\u00e1gina 10\",\"description\":\"P\u00e1gina10.com es un peri\u00f3dico digital que nace en Colombia, en el departamento de Nari\u00f1o, con un enfoque global, fundamentado en cuatro pilares esenciales: la libertad, el pluralismo, la inclusi\u00f3n y la independencia. P\u00e1gina10.com hace referencia a Nari\u00f1o como el d\u00e9cimo departamento creado en Colombia, despu\u00e9s de un proceso pol\u00edtico liderado por actores y actrices regionales con el fin de obtener la independencia y autonom\u00eda de nuestros territorios. Con la creaci\u00f3n de P\u00e1gina10.com se pretende abrir un escenario para el dialogo, la reflexi\u00f3n y el debate que se extienda a otras geograf\u00edas de Am\u00e9rica Latina y del planeta, en una apuesta por transformar colectivamente los desaf\u00edos de un mundo contempor\u00e1neo, m\u00e1s all\u00e1 de las fronteras impuestas.\",\"url\":\"https:\/\/pagina10.com\/web\/author\/mcepeda\/\"}]}<\/script>\n<!-- \/ Yoast SEO plugin. -->","yoast_head_json":{"title":"Facebook anunci\u00f3 la prohibici\u00f3n de venta de armas en su plataforma | P\u00e1gina10","robots":{"index":"index","follow":"follow","max-snippet":"max-snippet:-1","max-image-preview":"max-image-preview:large","max-video-preview":"max-video-preview:-1"},"canonical":"https:\/\/pagina10.com\/web\/facebook-anuncio-la-prohibicion-de-venta-de-armas-en-su-plataforma\/","og_locale":"es_ES","og_type":"article","og_title":"Facebook anunci\u00f3 la prohibici\u00f3n de venta de armas en su plataforma | P\u00e1gina10","og_description":"La mayor red social del mundo en n\u00famero de usuarios, Facebook, ha anunciado este s\u00e1bado la prohibici\u00f3n, tanto en su plataforma principal como en Instagram, de su propiedad, de vender armas de fuego entre particulares. En un comunicado, la jefa de pol\u00edtica de productos de Facebook, Monika Bickert, avanz\u00f3 que los ciudadanos ya no podr\u00e1n [&hellip;]","og_url":"https:\/\/pagina10.com\/web\/facebook-anuncio-la-prohibicion-de-venta-de-armas-en-su-plataforma\/","og_site_name":"P\u00e1gina10","article_publisher":"https:\/\/www.facebook.com\/pag10com","article_published_time":"2016-01-30T17:32:48+00:00","og_image":[{"width":770,"height":433,"url":"https:\/\/pagina10.com\/web\/wp-content\/uploads\/2016\/01\/00c89468e49331a503817abef145efe1.jpg","type":"image\/jpeg"}],"author":"P\u00e1gina 10","twitter_card":"summary_large_image","twitter_creator":"@Pag10com","twitter_site":"@Pag10com","twitter_misc":{"Escrito por":"P\u00e1gina 10","Tiempo de lectura":"2 minutos"},"schema":{"@context":"https:\/\/schema.org","@graph":[{"@type":"Article","@id":"https:\/\/pagina10.com\/web\/facebook-anuncio-la-prohibicion-de-venta-de-armas-en-su-plataforma\/#article","isPartOf":{"@id":"https:\/\/pagina10.com\/web\/facebook-anuncio-la-prohibicion-de-venta-de-armas-en-su-plataforma\/"},"author":{"name":"P\u00e1gina 10","@id":"https:\/\/pagina10.com\/web\/#\/schema\/person\/a7a5d38f0629dfc107f619fbae4f6cc3"},"headline":"Facebook anunci\u00f3 la prohibici\u00f3n de venta de armas en su plataforma","datePublished":"2016-01-30T17:32:48+00:00","mainEntityOfPage":{"@id":"https:\/\/pagina10.com\/web\/facebook-anuncio-la-prohibicion-de-venta-de-armas-en-su-plataforma\/"},"wordCount":373,"commentCount":0,"publisher":{"@id":"https:\/\/pagina10.com\/web\/#organization"},"image":{"@id":"https:\/\/pagina10.com\/web\/facebook-anuncio-la-prohibicion-de-venta-de-armas-en-su-plataforma\/#primaryimage"},"thumbnailUrl":"https:\/\/pagina10.com\/web\/wp-content\/uploads\/2016\/01\/00c89468e49331a503817abef145efe1.jpg","inLanguage":"es","potentialAction":[{"@type":"CommentAction","name":"Comment","target":["https:\/\/pagina10.com\/web\/facebook-anuncio-la-prohibicion-de-venta-de-armas-en-su-plataforma\/#respond"]}]},{"@type":"WebPage","@id":"https:\/\/pagina10.com\/web\/facebook-anuncio-la-prohibicion-de-venta-de-armas-en-su-plataforma\/","url":"https:\/\/pagina10.com\/web\/facebook-anuncio-la-prohibicion-de-venta-de-armas-en-su-plataforma\/","name":"Facebook anunci\u00f3 la prohibici\u00f3n de venta de armas en su plataforma | P\u00e1gina10","isPartOf":{"@id":"https:\/\/pagina10.com\/web\/#website"},"primaryImageOfPage":{"@id":"https:\/\/pagina10.com\/web\/facebook-anuncio-la-prohibicion-de-venta-de-armas-en-su-plataforma\/#primaryimage"},"image":{"@id":"https:\/\/pagina10.com\/web\/facebook-anuncio-la-prohibicion-de-venta-de-armas-en-su-plataforma\/#primaryimage"},"thumbnailUrl":"https:\/\/pagina10.com\/web\/wp-content\/uploads\/2016\/01\/00c89468e49331a503817abef145efe1.jpg","datePublished":"2016-01-30T17:32:48+00:00","breadcrumb":{"@id":"https:\/\/pagina10.com\/web\/facebook-anuncio-la-prohibicion-de-venta-de-armas-en-su-plataforma\/#breadcrumb"},"inLanguage":"es","potentialAction":[{"@type":"ReadAction","target":["https:\/\/pagina10.com\/web\/facebook-anuncio-la-prohibicion-de-venta-de-armas-en-su-plataforma\/"]}]},{"@type":"ImageObject","inLanguage":"es","@id":"https:\/\/pagina10.com\/web\/facebook-anuncio-la-prohibicion-de-venta-de-armas-en-su-plataforma\/#primaryimage","url":"https:\/\/pagina10.com\/web\/wp-content\/uploads\/2016\/01\/00c89468e49331a503817abef145efe1.jpg","contentUrl":"https:\/\/pagina10.com\/web\/wp-content\/uploads\/2016\/01\/00c89468e49331a503817abef145efe1.jpg","width":770,"height":433},{"@type":"BreadcrumbList","@id":"https:\/\/pagina10.com\/web\/facebook-anuncio-la-prohibicion-de-venta-de-armas-en-su-plataforma\/#breadcrumb","itemListElement":[{"@type":"ListItem","position":1,"name":"Portada","item":"https:\/\/pagina10.com\/web\/"},{"@type":"ListItem","position":2,"name":"Facebook anunci\u00f3 la prohibici\u00f3n de venta de armas en su plataforma"}]},{"@type":"WebSite","@id":"https:\/\/pagina10.com\/web\/#website","url":"https:\/\/pagina10.com\/web\/","name":"P\u00e1gina10","description":"Peri\u00f3dico Regional","publisher":{"@id":"https:\/\/pagina10.com\/web\/#organization"},"alternateName":"P\u00e1gina10 Peri\u00f3dico Regional","potentialAction":[{"@type":"SearchAction","target":{"@type":"EntryPoint","urlTemplate":"https:\/\/pagina10.com\/web\/?s={search_term_string}"},"query-input":{"@type":"PropertyValueSpecification","valueRequired":true,"valueName":"search_term_string"}}],"inLanguage":"es"},{"@type":"Organization","@id":"https:\/\/pagina10.com\/web\/#organization","name":"P\u00e1gina10","alternateName":"P\u00e1gina10 Peri\u00f3dico Regional","url":"https:\/\/pagina10.com\/web\/","logo":{"@type":"ImageObject","inLanguage":"es","@id":"https:\/\/pagina10.com\/web\/#\/schema\/logo\/image\/","url":"https:\/\/pagina10.com\/web\/wp-content\/uploads\/2024\/01\/40-pagina-10-periodico-regional-pasto.jpg","contentUrl":"https:\/\/pagina10.com\/web\/wp-content\/uploads\/2024\/01\/40-pagina-10-periodico-regional-pasto.jpg","width":1280,"height":720,"caption":"P\u00e1gina10"},"image":{"@id":"https:\/\/pagina10.com\/web\/#\/schema\/logo\/image\/"},"sameAs":["https:\/\/www.facebook.com\/pag10com","https:\/\/x.com\/Pag10com","https:\/\/www.instagram.com\/pagina10col\/","https:\/\/youtube.com\/channel\/pag10","https:\/\/www.tiktok.com\/@p10col"]},{"@type":"Person","@id":"https:\/\/pagina10.com\/web\/#\/schema\/person\/a7a5d38f0629dfc107f619fbae4f6cc3","name":"P\u00e1gina 10","description":"P\u00e1gina10.com es un peri\u00f3dico digital que nace en Colombia, en el departamento de Nari\u00f1o, con un enfoque global, fundamentado en cuatro pilares esenciales: la libertad, el pluralismo, la inclusi\u00f3n y la independencia. P\u00e1gina10.com hace referencia a Nari\u00f1o como el d\u00e9cimo departamento creado en Colombia, despu\u00e9s de un proceso pol\u00edtico liderado por actores y actrices regionales con el fin de obtener la independencia y autonom\u00eda de nuestros territorios. Con la creaci\u00f3n de P\u00e1gina10.com se pretende abrir un escenario para el dialogo, la reflexi\u00f3n y el debate que se extienda a otras geograf\u00edas de Am\u00e9rica Latina y del planeta, en una apuesta por transformar colectivamente los desaf\u00edos de un mundo contempor\u00e1neo, m\u00e1s all\u00e1 de las fronteras impuestas.","url":"https:\/\/pagina10.com\/web\/author\/mcepeda\/"}]}},"_links":{"self":[{"href":"https:\/\/pagina10.com\/web\/wp-json\/wp\/v2\/posts\/19534","targetHints":{"allow":["GET"]}}],"collection":[{"href":"https:\/\/pagina10.com\/web\/wp-json\/wp\/v2\/posts"}],"about":[{"href":"https:\/\/pagina10.com\/web\/wp-json\/wp\/v2\/types\/post"}],"author":[{"embeddable":true,"href":"https:\/\/pagina10.com\/web\/wp-json\/wp\/v2\/users\/29"}],"replies":[{"embeddable":true,"href":"https:\/\/pagina10.com\/web\/wp-json\/wp\/v2\/comments?post=19534"}],"version-history":[{"count":0,"href":"https:\/\/pagina10.com\/web\/wp-json\/wp\/v2\/posts\/19534\/revisions"}],"wp:featuredmedia":[{"embeddable":true,"href":"https:\/\/pagina10.com\/web\/wp-json\/wp\/v2\/media\/19533"}],"wp:attachment":[{"href":"https:\/\/pagina10.com\/web\/wp-json\/wp\/v2\/media?parent=19534"}],"wp:term":[{"taxonomy":"category","embeddable":true,"href":"https:\/\/pagina10.com\/web\/wp-json\/wp\/v2\/categories?post=19534"},{"taxonomy":"post_tag","embeddable":true,"href":"https:\/\/pagina10.com\/web\/wp-json\/wp\/v2\/tags?post=19534"}],"curies":[{"name":"wp","href":"https:\/\/api.w.org\/{rel}","templated":true}]}}