{"id":19536,"date":"2016-01-30T22:15:50","date_gmt":"2016-01-30T22:15:50","guid":{"rendered":"https:\/\/pagina10.com\/web\/operacion-antartida-con-sello-colombiano\/"},"modified":"2016-01-30T22:15:50","modified_gmt":"2016-01-30T22:15:50","slug":"operacion-antartida-con-sello-colombiano","status":"publish","type":"post","link":"https:\/\/pagina10.com\/web\/operacion-antartida-con-sello-colombiano\/","title":{"rendered":"Operaci\u00f3n Antartida con sello colombiano"},"content":{"rendered":"<p><img fetchpriority=\"high\" decoding=\"async\" class=\" size-full wp-image-19535\" src=\"https:\/\/pagina10.com\/web\/wp-content\/uploads\/2016\/01\/5f748f47477198b2cd2ed37ad87c8784.jpg\" alt=\"\" width=\"887\" height=\"378\" srcset=\"https:\/\/pagina10.com\/web\/wp-content\/uploads\/2016\/01\/5f748f47477198b2cd2ed37ad87c8784.jpg 887w, https:\/\/pagina10.com\/web\/wp-content\/uploads\/2016\/01\/5f748f47477198b2cd2ed37ad87c8784-300x128.jpg 300w, https:\/\/pagina10.com\/web\/wp-content\/uploads\/2016\/01\/5f748f47477198b2cd2ed37ad87c8784-768x327.jpg 768w\" sizes=\"(max-width: 887px) 100vw, 887px\" \/><\/p>\n<div style=\"text-align: justify;\">El estreno de esta producci\u00f3n de LuloFilms y Telecaf\u00e9, y que cont\u00f3 con el apoyo financiero del Ministerio TIC, se realiz\u00f3 en una ceremonia liderada por el Ministro TIC David Luna a la que tambi\u00e9n asistieron los nuevos gerentes de los canales de la TV p\u00fablica regional. El lanzamiento oficial ser\u00e1 el domingo 31 de enero a las 8:30 p.m. por Telecaf\u00e9; tambi\u00e9n se transmitir\u00e1 en simult\u00e1nea por Teleislas, Canal Capital, Teleantioquia y Canal Tr3ce.<\/div>\n<div style=\"text-align: justify;\">&nbsp;\u2018Operaci\u00f3n Ant\u00e1rtida\u2019 es un documental de 60 minutos que realiz\u00f3 la productora LuloFilms y que tambi\u00e9n consta de cinco episodios web, que se realiz\u00f3 con talento t\u00e9cnico y humano del canal p\u00fablico Telecaf\u00e9, gracias al apoyo financiero del Ministerio de Tecnolog\u00edas de la Informaci\u00f3n y las Comunicaciones (MinTIC). \u201cEn esta ocasi\u00f3n aunamos esfuerzos humanos, t\u00e9cnicos, administrativos y financieros entre Telecaf\u00e9 y el Ministerio TIC para generar un contenido de formato novedoso, que se conciba como oferta atractiva para la televisi\u00f3n p\u00fablica nacional\u201d, agreg\u00f3 el Ministro Luna. Cabe anotar que esta acci\u00f3n est\u00e1 enmarcada en el proyecto \u2018Implementaci\u00f3n del modelo convergente de la televisi\u00f3n p\u00fablica en Colombia\u2019.<\/div>\n<div style=\"text-align: justify;\">\u201cQuiero destacar la importancia que ha dado el Gobierno del Presidente Juan Manuel Santos al fortalecimiento de la&nbsp; televisi\u00f3n p\u00fablica. La realizaci\u00f3n de coproducciones con casas mundialmente reconocidas, y con productoras nacionales, con el objetivo de continuar posicionando la televisi\u00f3n p\u00fablica con contenidos de calidad como el documental \u2018Operaci\u00f3n Ant\u00e1rtida\u2019 es, justamente, una prueba de ello\u201d, asegur\u00f3 el Ministro TIC David Luna, durante la premier de esta producci\u00f3n audiovisual que fue estrenada ante un p\u00fablico conformado por los nuevos gerentes de los canales de la TV p\u00fablica regional, personal de la Armada Nacional, algunos miembros de la productora Lulo Films y periodistas invitados.<\/div>\n<div style=\"text-align: justify;\">El documental sigue a un grupo de cient\u00edficos, ambientalistas y marinos colombianos, que se atrevieron a cruzar Cabo de Hornos en el primer buque oce\u00e1nico construido completamente con tecnolog\u00eda colombiana: el ARC 20 de Julio. El equipo debe reunir informaci\u00f3n sobre el cambio clim\u00e1tico, identificar especies animales en riesgo, mientras el buque se abre camino entre un mar cercado por espesas capas de hielo.<\/div>\n<div style=\"text-align: justify;\">\u201cEn la Ant\u00e1rtida se decide el futuro de nuestro planeta. Este es el punto cero del cambio clim\u00e1tico, porque lo que pasa all\u00ed afecta nuestro clima, nuestros cultivos y nuestros mares. Del buen manejo de sus recursos depende el futuro de las nuevas generaciones. Solo quienes hagan ciencia tendr\u00e1n voto en el 2048 para decidir qu\u00e9 pasa con este continente\u201d, afirm\u00f3 Jaime Escall\u00f3n Buraglia, productor ejecutivo del documental.<\/div>\n<div style=\"text-align: justify;\">La historia de \u2018Operaci\u00f3n Ant\u00e1rtida\u2019 se remonta durante m\u00e1s de 5 a\u00f1os, cuando Colombia trabaj\u00f3 para montar la primera expedici\u00f3n nacional a la Ant\u00e1rtida. Para hacerla, se unieron organizaciones cient\u00edficas, Gobierno y la Armada Nacional de Colombia. Fue entonces cuando la Armada invita a la productora LuloFilms, con quienes hab\u00edan trabajado en m\u00e1s de media docena de proyectos, para que documentara esta hist\u00f3rica haza\u00f1a. La productora se asocia con Telecaf\u00e9, y se lanzan a registrar las historias humanas detr\u00e1s de esta odisea.<\/div>\n<div style=\"text-align: justify;\">La traves\u00eda por la Ant\u00e1rtida se realiza en la embarcaci\u00f3n ARC 20 de Julio, avaluada en 70 millones de d\u00f3lares, como la apuesta tecnol\u00f3gica m\u00e1s arriesgada que ha hecho Colombia en su historia naval. Construida en Cartagena, la embarcaci\u00f3n fue adaptada para resistir los retos del viaje con temperaturas extremas de -40 grados cent\u00edgrados, y con desaf\u00edos como olas de m\u00e1s de 12 metros de altura y vientos de m\u00e1s de 120 km\/h, en un lugar donde han sucumbido m\u00e1s de 200 nav\u00edos.<\/div>\n<div style=\"text-align: justify;\">A trav\u00e9s del Ministerio TIC el Gobierno Nacional ha invertido alrededor de 25 mil millones de pesos en contenidos multiplataforma, desarrollados con el acompa\u00f1amiento de casas productoras internacionales. En el 2012 fueron 3.200 millones, en el 2013 alrededor de 6 mil millones, en 2014 aproximadamente 7 mil millones, y en 2015 10 mil millones.<\/div>\n<div dir=\"ltr\" style=\"text-align: justify;\">El MinTIC invita a la teleaudiencia a disfrutar del lanzamiento oficial de \u2018Operaci\u00f3n Ant\u00e1rtida\u2019 el domingo 31 de enero a las 8:30 p.m. por Telecaf\u00e9. Habr\u00e1 transmisi\u00f3n en simult\u00e1nea por Teleislas, Canal Capital, Teleantioquia y Canal Tr3ce. A las 9:05 p.m. lo hacen en diferido Telepac\u00edfico y Canal TRO.<\/div>\n","protected":false},"excerpt":{"rendered":"<p>El estreno de esta producci\u00f3n de LuloFilms y Telecaf\u00e9, y que cont\u00f3 con el apoyo financiero del Ministerio TIC, se realiz\u00f3 en una ceremonia liderada por el Ministro TIC David Luna a la que tambi\u00e9n asistieron los nuevos gerentes de los canales de la TV p\u00fablica regional. El lanzamiento oficial ser\u00e1 el domingo 31 de [&hellip;]<\/p>\n","protected":false},"author":38,"featured_media":19535,"comment_status":"open","ping_status":"open","sticky":false,"template":"","format":"standard","meta":{"footnotes":""},"categories":[1],"tags":[],"class_list":["post-19536","post","type-post","status-publish","format-standard","has-post-thumbnail","hentry","category-sin-categoria"],"yoast_head":"<!-- This site is optimized with the Yoast SEO plugin v27.1.1 - https:\/\/yoast.com\/product\/yoast-seo-wordpress\/ -->\n<title>Operaci\u00f3n Antartida con sello colombiano | P\u00e1gina10<\/title>\n<meta name=\"robots\" content=\"index, follow, max-snippet:-1, max-image-preview:large, max-video-preview:-1\" \/>\n<link rel=\"canonical\" href=\"https:\/\/pagina10.com\/web\/operacion-antartida-con-sello-colombiano\/\" \/>\n<meta property=\"og:locale\" content=\"es_ES\" \/>\n<meta property=\"og:type\" content=\"article\" \/>\n<meta property=\"og:title\" content=\"Operaci\u00f3n Antartida con sello colombiano | P\u00e1gina10\" \/>\n<meta property=\"og:description\" content=\"El estreno de esta producci\u00f3n de LuloFilms y Telecaf\u00e9, y que cont\u00f3 con el apoyo financiero del Ministerio TIC, se realiz\u00f3 en una ceremonia liderada por el Ministro TIC David Luna a la que tambi\u00e9n asistieron los nuevos gerentes de los canales de la TV p\u00fablica regional. El lanzamiento oficial ser\u00e1 el domingo 31 de [&hellip;]\" \/>\n<meta property=\"og:url\" content=\"https:\/\/pagina10.com\/web\/operacion-antartida-con-sello-colombiano\/\" \/>\n<meta property=\"og:site_name\" content=\"P\u00e1gina10\" \/>\n<meta property=\"article:publisher\" content=\"https:\/\/www.facebook.com\/pag10com\" \/>\n<meta property=\"article:published_time\" content=\"2016-01-30T22:15:50+00:00\" \/>\n<meta property=\"og:image\" content=\"https:\/\/pagina10.com\/web\/wp-content\/uploads\/2016\/01\/5f748f47477198b2cd2ed37ad87c8784.jpg\" \/>\n\t<meta property=\"og:image:width\" content=\"887\" \/>\n\t<meta property=\"og:image:height\" content=\"378\" \/>\n\t<meta property=\"og:image:type\" content=\"image\/jpeg\" \/>\n<meta name=\"author\" content=\"Carlos Villota Santacruz.\" \/>\n<meta name=\"twitter:card\" content=\"summary_large_image\" \/>\n<meta name=\"twitter:creator\" content=\"@Pag10com\" \/>\n<meta name=\"twitter:site\" content=\"@Pag10com\" \/>\n<meta name=\"twitter:label1\" content=\"Escrito por\" \/>\n\t<meta name=\"twitter:data1\" content=\"Carlos Villota Santacruz.\" \/>\n\t<meta name=\"twitter:label2\" content=\"Tiempo de lectura\" \/>\n\t<meta name=\"twitter:data2\" content=\"4 minutos\" \/>\n<script type=\"application\/ld+json\" class=\"yoast-schema-graph\">{\"@context\":\"https:\/\/schema.org\",\"@graph\":[{\"@type\":\"Article\",\"@id\":\"https:\/\/pagina10.com\/web\/operacion-antartida-con-sello-colombiano\/#article\",\"isPartOf\":{\"@id\":\"https:\/\/pagina10.com\/web\/operacion-antartida-con-sello-colombiano\/\"},\"author\":{\"name\":\"Carlos Villota Santacruz.\",\"@id\":\"https:\/\/pagina10.com\/web\/#\/schema\/person\/b459e2d15ec5ba9d5a2c9a81c71c4f7b\"},\"headline\":\"Operaci\u00f3n Antartida con sello colombiano\",\"datePublished\":\"2016-01-30T22:15:50+00:00\",\"mainEntityOfPage\":{\"@id\":\"https:\/\/pagina10.com\/web\/operacion-antartida-con-sello-colombiano\/\"},\"wordCount\":746,\"commentCount\":0,\"publisher\":{\"@id\":\"https:\/\/pagina10.com\/web\/#organization\"},\"image\":{\"@id\":\"https:\/\/pagina10.com\/web\/operacion-antartida-con-sello-colombiano\/#primaryimage\"},\"thumbnailUrl\":\"https:\/\/pagina10.com\/web\/wp-content\/uploads\/2016\/01\/5f748f47477198b2cd2ed37ad87c8784.jpg\",\"inLanguage\":\"es\",\"potentialAction\":[{\"@type\":\"CommentAction\",\"name\":\"Comment\",\"target\":[\"https:\/\/pagina10.com\/web\/operacion-antartida-con-sello-colombiano\/#respond\"]}]},{\"@type\":\"WebPage\",\"@id\":\"https:\/\/pagina10.com\/web\/operacion-antartida-con-sello-colombiano\/\",\"url\":\"https:\/\/pagina10.com\/web\/operacion-antartida-con-sello-colombiano\/\",\"name\":\"Operaci\u00f3n Antartida con sello colombiano | P\u00e1gina10\",\"isPartOf\":{\"@id\":\"https:\/\/pagina10.com\/web\/#website\"},\"primaryImageOfPage\":{\"@id\":\"https:\/\/pagina10.com\/web\/operacion-antartida-con-sello-colombiano\/#primaryimage\"},\"image\":{\"@id\":\"https:\/\/pagina10.com\/web\/operacion-antartida-con-sello-colombiano\/#primaryimage\"},\"thumbnailUrl\":\"https:\/\/pagina10.com\/web\/wp-content\/uploads\/2016\/01\/5f748f47477198b2cd2ed37ad87c8784.jpg\",\"datePublished\":\"2016-01-30T22:15:50+00:00\",\"breadcrumb\":{\"@id\":\"https:\/\/pagina10.com\/web\/operacion-antartida-con-sello-colombiano\/#breadcrumb\"},\"inLanguage\":\"es\",\"potentialAction\":[{\"@type\":\"ReadAction\",\"target\":[\"https:\/\/pagina10.com\/web\/operacion-antartida-con-sello-colombiano\/\"]}]},{\"@type\":\"ImageObject\",\"inLanguage\":\"es\",\"@id\":\"https:\/\/pagina10.com\/web\/operacion-antartida-con-sello-colombiano\/#primaryimage\",\"url\":\"https:\/\/pagina10.com\/web\/wp-content\/uploads\/2016\/01\/5f748f47477198b2cd2ed37ad87c8784.jpg\",\"contentUrl\":\"https:\/\/pagina10.com\/web\/wp-content\/uploads\/2016\/01\/5f748f47477198b2cd2ed37ad87c8784.jpg\",\"width\":887,\"height\":378},{\"@type\":\"BreadcrumbList\",\"@id\":\"https:\/\/pagina10.com\/web\/operacion-antartida-con-sello-colombiano\/#breadcrumb\",\"itemListElement\":[{\"@type\":\"ListItem\",\"position\":1,\"name\":\"Portada\",\"item\":\"https:\/\/pagina10.com\/web\/\"},{\"@type\":\"ListItem\",\"position\":2,\"name\":\"Operaci\u00f3n Antartida con sello colombiano\"}]},{\"@type\":\"WebSite\",\"@id\":\"https:\/\/pagina10.com\/web\/#website\",\"url\":\"https:\/\/pagina10.com\/web\/\",\"name\":\"P\u00e1gina10\",\"description\":\"Peri\u00f3dico Regional\",\"publisher\":{\"@id\":\"https:\/\/pagina10.com\/web\/#organization\"},\"alternateName\":\"P\u00e1gina10 Peri\u00f3dico Regional\",\"potentialAction\":[{\"@type\":\"SearchAction\",\"target\":{\"@type\":\"EntryPoint\",\"urlTemplate\":\"https:\/\/pagina10.com\/web\/?s={search_term_string}\"},\"query-input\":{\"@type\":\"PropertyValueSpecification\",\"valueRequired\":true,\"valueName\":\"search_term_string\"}}],\"inLanguage\":\"es\"},{\"@type\":\"Organization\",\"@id\":\"https:\/\/pagina10.com\/web\/#organization\",\"name\":\"P\u00e1gina10\",\"alternateName\":\"P\u00e1gina10 Peri\u00f3dico Regional\",\"url\":\"https:\/\/pagina10.com\/web\/\",\"logo\":{\"@type\":\"ImageObject\",\"inLanguage\":\"es\",\"@id\":\"https:\/\/pagina10.com\/web\/#\/schema\/logo\/image\/\",\"url\":\"https:\/\/pagina10.com\/web\/wp-content\/uploads\/2024\/01\/40-pagina-10-periodico-regional-pasto.jpg\",\"contentUrl\":\"https:\/\/pagina10.com\/web\/wp-content\/uploads\/2024\/01\/40-pagina-10-periodico-regional-pasto.jpg\",\"width\":1280,\"height\":720,\"caption\":\"P\u00e1gina10\"},\"image\":{\"@id\":\"https:\/\/pagina10.com\/web\/#\/schema\/logo\/image\/\"},\"sameAs\":[\"https:\/\/www.facebook.com\/pag10com\",\"https:\/\/x.com\/Pag10com\",\"https:\/\/www.instagram.com\/pagina10col\/\",\"https:\/\/youtube.com\/channel\/pag10\",\"https:\/\/www.tiktok.com\/@p10col\"]},{\"@type\":\"Person\",\"@id\":\"https:\/\/pagina10.com\/web\/#\/schema\/person\/b459e2d15ec5ba9d5a2c9a81c71c4f7b\",\"name\":\"Carlos Villota Santacruz.\",\"description\":\"Internacionalista-Comunicador Social y Periodista. Experto en Comunicaci\u00f3n para el desarrollo y ciudad-regi\u00f3n.. Promotor de proyectos e investigaci\u00f3n comunicativa en radio, prensa y televisi\u00f3n. Experiencia en el manejo de imagen externa, interna y protocolaria de entidades p\u00fablicas y privadas, encuentros culturales, empresariales y ambientales. Docente en el \u00e1rea de televisi\u00f3n, relaciones internacionales y bloques econ\u00f3micos. Experto y conferencista en temas de marketing pol\u00edtico, marketing de ciudad, integraci\u00f3n cultural, TLC y desarrollo urban\u00edstico. E-mail: villotasantacruzcarlos@yahoo.com.co\",\"url\":\"https:\/\/pagina10.com\/web\/author\/cvillota\/\"}]}<\/script>\n<!-- \/ Yoast SEO plugin. -->","yoast_head_json":{"title":"Operaci\u00f3n Antartida con sello colombiano | P\u00e1gina10","robots":{"index":"index","follow":"follow","max-snippet":"max-snippet:-1","max-image-preview":"max-image-preview:large","max-video-preview":"max-video-preview:-1"},"canonical":"https:\/\/pagina10.com\/web\/operacion-antartida-con-sello-colombiano\/","og_locale":"es_ES","og_type":"article","og_title":"Operaci\u00f3n Antartida con sello colombiano | P\u00e1gina10","og_description":"El estreno de esta producci\u00f3n de LuloFilms y Telecaf\u00e9, y que cont\u00f3 con el apoyo financiero del Ministerio TIC, se realiz\u00f3 en una ceremonia liderada por el Ministro TIC David Luna a la que tambi\u00e9n asistieron los nuevos gerentes de los canales de la TV p\u00fablica regional. El lanzamiento oficial ser\u00e1 el domingo 31 de [&hellip;]","og_url":"https:\/\/pagina10.com\/web\/operacion-antartida-con-sello-colombiano\/","og_site_name":"P\u00e1gina10","article_publisher":"https:\/\/www.facebook.com\/pag10com","article_published_time":"2016-01-30T22:15:50+00:00","og_image":[{"width":887,"height":378,"url":"https:\/\/pagina10.com\/web\/wp-content\/uploads\/2016\/01\/5f748f47477198b2cd2ed37ad87c8784.jpg","type":"image\/jpeg"}],"author":"Carlos Villota Santacruz.","twitter_card":"summary_large_image","twitter_creator":"@Pag10com","twitter_site":"@Pag10com","twitter_misc":{"Escrito por":"Carlos Villota Santacruz.","Tiempo de lectura":"4 minutos"},"schema":{"@context":"https:\/\/schema.org","@graph":[{"@type":"Article","@id":"https:\/\/pagina10.com\/web\/operacion-antartida-con-sello-colombiano\/#article","isPartOf":{"@id":"https:\/\/pagina10.com\/web\/operacion-antartida-con-sello-colombiano\/"},"author":{"name":"Carlos Villota Santacruz.","@id":"https:\/\/pagina10.com\/web\/#\/schema\/person\/b459e2d15ec5ba9d5a2c9a81c71c4f7b"},"headline":"Operaci\u00f3n Antartida con sello colombiano","datePublished":"2016-01-30T22:15:50+00:00","mainEntityOfPage":{"@id":"https:\/\/pagina10.com\/web\/operacion-antartida-con-sello-colombiano\/"},"wordCount":746,"commentCount":0,"publisher":{"@id":"https:\/\/pagina10.com\/web\/#organization"},"image":{"@id":"https:\/\/pagina10.com\/web\/operacion-antartida-con-sello-colombiano\/#primaryimage"},"thumbnailUrl":"https:\/\/pagina10.com\/web\/wp-content\/uploads\/2016\/01\/5f748f47477198b2cd2ed37ad87c8784.jpg","inLanguage":"es","potentialAction":[{"@type":"CommentAction","name":"Comment","target":["https:\/\/pagina10.com\/web\/operacion-antartida-con-sello-colombiano\/#respond"]}]},{"@type":"WebPage","@id":"https:\/\/pagina10.com\/web\/operacion-antartida-con-sello-colombiano\/","url":"https:\/\/pagina10.com\/web\/operacion-antartida-con-sello-colombiano\/","name":"Operaci\u00f3n Antartida con sello colombiano | P\u00e1gina10","isPartOf":{"@id":"https:\/\/pagina10.com\/web\/#website"},"primaryImageOfPage":{"@id":"https:\/\/pagina10.com\/web\/operacion-antartida-con-sello-colombiano\/#primaryimage"},"image":{"@id":"https:\/\/pagina10.com\/web\/operacion-antartida-con-sello-colombiano\/#primaryimage"},"thumbnailUrl":"https:\/\/pagina10.com\/web\/wp-content\/uploads\/2016\/01\/5f748f47477198b2cd2ed37ad87c8784.jpg","datePublished":"2016-01-30T22:15:50+00:00","breadcrumb":{"@id":"https:\/\/pagina10.com\/web\/operacion-antartida-con-sello-colombiano\/#breadcrumb"},"inLanguage":"es","potentialAction":[{"@type":"ReadAction","target":["https:\/\/pagina10.com\/web\/operacion-antartida-con-sello-colombiano\/"]}]},{"@type":"ImageObject","inLanguage":"es","@id":"https:\/\/pagina10.com\/web\/operacion-antartida-con-sello-colombiano\/#primaryimage","url":"https:\/\/pagina10.com\/web\/wp-content\/uploads\/2016\/01\/5f748f47477198b2cd2ed37ad87c8784.jpg","contentUrl":"https:\/\/pagina10.com\/web\/wp-content\/uploads\/2016\/01\/5f748f47477198b2cd2ed37ad87c8784.jpg","width":887,"height":378},{"@type":"BreadcrumbList","@id":"https:\/\/pagina10.com\/web\/operacion-antartida-con-sello-colombiano\/#breadcrumb","itemListElement":[{"@type":"ListItem","position":1,"name":"Portada","item":"https:\/\/pagina10.com\/web\/"},{"@type":"ListItem","position":2,"name":"Operaci\u00f3n Antartida con sello colombiano"}]},{"@type":"WebSite","@id":"https:\/\/pagina10.com\/web\/#website","url":"https:\/\/pagina10.com\/web\/","name":"P\u00e1gina10","description":"Peri\u00f3dico Regional","publisher":{"@id":"https:\/\/pagina10.com\/web\/#organization"},"alternateName":"P\u00e1gina10 Peri\u00f3dico Regional","potentialAction":[{"@type":"SearchAction","target":{"@type":"EntryPoint","urlTemplate":"https:\/\/pagina10.com\/web\/?s={search_term_string}"},"query-input":{"@type":"PropertyValueSpecification","valueRequired":true,"valueName":"search_term_string"}}],"inLanguage":"es"},{"@type":"Organization","@id":"https:\/\/pagina10.com\/web\/#organization","name":"P\u00e1gina10","alternateName":"P\u00e1gina10 Peri\u00f3dico Regional","url":"https:\/\/pagina10.com\/web\/","logo":{"@type":"ImageObject","inLanguage":"es","@id":"https:\/\/pagina10.com\/web\/#\/schema\/logo\/image\/","url":"https:\/\/pagina10.com\/web\/wp-content\/uploads\/2024\/01\/40-pagina-10-periodico-regional-pasto.jpg","contentUrl":"https:\/\/pagina10.com\/web\/wp-content\/uploads\/2024\/01\/40-pagina-10-periodico-regional-pasto.jpg","width":1280,"height":720,"caption":"P\u00e1gina10"},"image":{"@id":"https:\/\/pagina10.com\/web\/#\/schema\/logo\/image\/"},"sameAs":["https:\/\/www.facebook.com\/pag10com","https:\/\/x.com\/Pag10com","https:\/\/www.instagram.com\/pagina10col\/","https:\/\/youtube.com\/channel\/pag10","https:\/\/www.tiktok.com\/@p10col"]},{"@type":"Person","@id":"https:\/\/pagina10.com\/web\/#\/schema\/person\/b459e2d15ec5ba9d5a2c9a81c71c4f7b","name":"Carlos Villota Santacruz.","description":"Internacionalista-Comunicador Social y Periodista. Experto en Comunicaci\u00f3n para el desarrollo y ciudad-regi\u00f3n.. Promotor de proyectos e investigaci\u00f3n comunicativa en radio, prensa y televisi\u00f3n. Experiencia en el manejo de imagen externa, interna y protocolaria de entidades p\u00fablicas y privadas, encuentros culturales, empresariales y ambientales. Docente en el \u00e1rea de televisi\u00f3n, relaciones internacionales y bloques econ\u00f3micos. Experto y conferencista en temas de marketing pol\u00edtico, marketing de ciudad, integraci\u00f3n cultural, TLC y desarrollo urban\u00edstico. E-mail: villotasantacruzcarlos@yahoo.com.co","url":"https:\/\/pagina10.com\/web\/author\/cvillota\/"}]}},"_links":{"self":[{"href":"https:\/\/pagina10.com\/web\/wp-json\/wp\/v2\/posts\/19536","targetHints":{"allow":["GET"]}}],"collection":[{"href":"https:\/\/pagina10.com\/web\/wp-json\/wp\/v2\/posts"}],"about":[{"href":"https:\/\/pagina10.com\/web\/wp-json\/wp\/v2\/types\/post"}],"author":[{"embeddable":true,"href":"https:\/\/pagina10.com\/web\/wp-json\/wp\/v2\/users\/38"}],"replies":[{"embeddable":true,"href":"https:\/\/pagina10.com\/web\/wp-json\/wp\/v2\/comments?post=19536"}],"version-history":[{"count":0,"href":"https:\/\/pagina10.com\/web\/wp-json\/wp\/v2\/posts\/19536\/revisions"}],"wp:featuredmedia":[{"embeddable":true,"href":"https:\/\/pagina10.com\/web\/wp-json\/wp\/v2\/media\/19535"}],"wp:attachment":[{"href":"https:\/\/pagina10.com\/web\/wp-json\/wp\/v2\/media?parent=19536"}],"wp:term":[{"taxonomy":"category","embeddable":true,"href":"https:\/\/pagina10.com\/web\/wp-json\/wp\/v2\/categories?post=19536"},{"taxonomy":"post_tag","embeddable":true,"href":"https:\/\/pagina10.com\/web\/wp-json\/wp\/v2\/tags?post=19536"}],"curies":[{"name":"wp","href":"https:\/\/api.w.org\/{rel}","templated":true}]}}