{"id":19538,"date":"2016-01-30T22:19:26","date_gmt":"2016-01-30T22:19:26","guid":{"rendered":"https:\/\/pagina10.com\/web\/la-ley-zidres-profundiza-el-pesimo-modelo-agrario-colombiano-jorge-robledo\/"},"modified":"2016-01-30T22:19:26","modified_gmt":"2016-01-30T22:19:26","slug":"la-ley-zidres-profundiza-el-pesimo-modelo-agrario-colombiano-jorge-robledo","status":"publish","type":"post","link":"https:\/\/pagina10.com\/web\/la-ley-zidres-profundiza-el-pesimo-modelo-agrario-colombiano-jorge-robledo\/","title":{"rendered":"La ley Zidres profundiza el p\u00e9simo modelo agrario colombiano: Jorge Robledo"},"content":{"rendered":"<p><img fetchpriority=\"high\" decoding=\"async\" class=\" size-full wp-image-19537\" src=\"https:\/\/pagina10.com\/web\/wp-content\/uploads\/2016\/01\/bce1c8406efda667623ad8b210209583.jpg\" alt=\"\" width=\"341\" height=\"225\" srcset=\"https:\/\/pagina10.com\/web\/wp-content\/uploads\/2016\/01\/bce1c8406efda667623ad8b210209583.jpg 341w, https:\/\/pagina10.com\/web\/wp-content\/uploads\/2016\/01\/bce1c8406efda667623ad8b210209583-300x198.jpg 300w\" sizes=\"(max-width: 341px) 100vw, 341px\" \/><\/p>\n<div style=\"text-align: justify;\">&nbsp;\u201cLa ley que da vida a las Zonas de Inter\u00e9s de Desarrollo Rural &nbsp;sancionada por el presidente Juan Manuel Santos en el departamento de Casanare, profundiza el p\u00e9simo modelo agrario en Colombia\u201d.<\/div>\n<div style=\"text-align: justify;\">&nbsp;<\/div>\n<div style=\"text-align: justify;\">As\u00ed lo se\u00f1al\u00f3 el senador Jorge Robledo (Polo Democr\u00e1tico), qui\u00e9n record\u00f3 que su colectiva siempre ha defendido \u2013dentro y fuera del Congreso- un modelo de producci\u00f3n agr\u00edcola, donde los campesinos y los empresarios tengan protagonismo. Sin embargo, la ley, despoja a los campesinos de sus derechos\u201d, coment\u00f3<\/div>\n<div style=\"text-align: justify;\">&nbsp;<\/div>\n<div style=\"text-align: justify;\">Para quienes en adelante \u2013quieran organizar una Zidres, no s\u00f3lo se enfrentar\u00e1n a una excesiva tramitoman\u00eda \u2013indic\u00f3 el legislador- sino que deber\u00e1n estar armonizados con los planes del POT, PBOT y EOT, sino adem\u00e1s con criterios de ordenamiento productivo y social de la propiedad, definidos por la Unidad de Planificaci\u00f3n Rural Agropecuaria (Upra).<\/div>\n<div style=\"text-align: justify;\">&nbsp;<\/div>\n<div style=\"text-align: justify;\">La ley, tambi\u00e9n edifica un esquema de viabilidad administrativa, financiera, jur\u00b4dica y de sostenibilidad ambiental, al tiempo que moldea un sistema de compra de la totalidad de la producci\u00f3n a precios de mercado de todo el ciclo del proyecto.<\/div>\n<div style=\"text-align: justify;\">&nbsp;<\/div>\n<div style=\"text-align: justify;\">Los cr\u00e9ditos .que de entregar\u00e1n en adelante- ser\u00e1n administrados a trav\u00e9s de fiducias, acompa\u00f1ados de mecanismos de trasparencia. \u201cde acuerdo con la ley sancionada por el presidente Santos en el departamento del Casanare, podr\u00e1n ser Zidres las zonas de aptitud agropecuaria, en el \u00e1rea rural dispersa, que demandan elevados costos de adaptaci\u00f3n productiva, con baja densidad poblacional y altos \u00edndices -de pobreza, con carencia de infraestructura m\u00ednima para el transporte y comercializaci\u00f3n de los productos \u2013que por sus caracter\u00edsticas agrol\u00f3gicas y clim\u00e1ticas, resultan inapropiadas para desarrollar unidades de producci\u00f3n agr\u00edcola familiar.<\/div>\n<div style=\"text-align: justify;\">&nbsp;<\/div>\n<div style=\"text-align: justify;\">En uno de los apartes de la Ley, \u201cel gobierno apunta a que las Zidres, promuevan la inclusi\u00f3n de los trabajadores agrarios, se aumente la productividad y se promueva el desarrollo social y econ\u00f3mico\u201d, que en opini\u00f3n del senador Robledo no es m\u00e1s que un cat\u00e1logo de buenas intenciones.<\/div>\n<div style=\"text-align: justify;\">&nbsp;<\/div>\n<div style=\"text-align: justify;\">\u201cNo creo que la ley, sea tan beneficiosa como dice el gobierno. En el escenario hay una incertidumbre jur\u00eddica en tono a la propiedad de la tierra en Colombia, que esta iniciativa en vez de aclarar, deja m\u00e1s preguntas que respuestas\u201d, recalc\u00f3 el senador Robledo.<\/div>\n<div style=\"text-align: justify;\">&nbsp;<\/div>\n<div style=\"text-align: justify;\">De acuerdo con la Ley, la Unidad de Planificaci\u00f3n Rural Agropecuaria (Upra) y el Ministerio de Agricultura, definir\u00e1n las Zidres. \u201cLa delimitaci\u00f3n de cada zona y el plan de inversiones privadas y p\u00fablicas para desarrollarla deber\u00e1n estar consignados en un documentos Copes\u201d<\/div>\n<div style=\"text-align: justify;\">&nbsp;<\/div>\n<div style=\"text-align: justify;\">Desde este viernes, el desaf\u00edo es inmenso para el pa\u00eds. La raz\u00f3n. De 22 millones de hect\u00e1reas consideradas aptas para el desarrollo agr\u00edcola y agroindustrial, solo se usa productivamente el 24 por ciento. En contraste, pa\u00edses como estados Unidos y la Uni\u00f3n Europea utilizan el 927 por ciento de sus tierras aptas.<\/div>\n<div style=\"text-align: justify;\">&nbsp;<\/div>\n<div style=\"text-align: justify;\">&nbsp;<\/div>\n<div dir=\"ltr\" style=\"text-align: justify;\">Desde el Congreso -en la bancada de oposici\u00f3n-&nbsp; la lectura es que si el Gobierno logr\u00f3 en el a\u00f1o 2015, contra viento y manera, sacar adelante este nuevo modelo de desarrollo rural, lo peor que puede pasar desde el mes de febrero, es que la ley se quede en el papel. Todo por cuenta de el reto y la oportunidad que significa la construcci\u00f3n del posconflicto en departamentos como Bol\u00edvar, Nari\u00f1o, Cauca, Cundinamarca, Meta, Sucre, Tolima, Huila, Amazonas y la misma ciudad de Bogot\u00e1 \u2013zona rural-<\/div>\n","protected":false},"excerpt":{"rendered":"<p>&nbsp;\u201cLa ley que da vida a las Zonas de Inter\u00e9s de Desarrollo Rural &nbsp;sancionada por el presidente Juan Manuel Santos en el departamento de Casanare, profundiza el p\u00e9simo modelo agrario en Colombia\u201d. &nbsp; As\u00ed lo se\u00f1al\u00f3 el senador Jorge Robledo (Polo Democr\u00e1tico), qui\u00e9n record\u00f3 que su colectiva siempre ha defendido \u2013dentro y fuera del Congreso- [&hellip;]<\/p>\n","protected":false},"author":38,"featured_media":19537,"comment_status":"open","ping_status":"open","sticky":false,"template":"","format":"standard","meta":{"footnotes":""},"categories":[1],"tags":[],"class_list":["post-19538","post","type-post","status-publish","format-standard","has-post-thumbnail","hentry","category-sin-categoria"],"yoast_head":"<!-- This site is optimized with the Yoast SEO plugin v27.1.1 - https:\/\/yoast.com\/product\/yoast-seo-wordpress\/ -->\n<title>La ley Zidres profundiza el p\u00e9simo modelo agrario colombiano: Jorge Robledo | P\u00e1gina10<\/title>\n<meta name=\"robots\" content=\"index, follow, max-snippet:-1, max-image-preview:large, max-video-preview:-1\" \/>\n<link rel=\"canonical\" href=\"https:\/\/pagina10.com\/web\/la-ley-zidres-profundiza-el-pesimo-modelo-agrario-colombiano-jorge-robledo\/\" \/>\n<meta property=\"og:locale\" content=\"es_ES\" \/>\n<meta property=\"og:type\" content=\"article\" \/>\n<meta property=\"og:title\" content=\"La ley Zidres profundiza el p\u00e9simo modelo agrario colombiano: Jorge Robledo | P\u00e1gina10\" \/>\n<meta property=\"og:description\" content=\"&nbsp;\u201cLa ley que da vida a las Zonas de Inter\u00e9s de Desarrollo Rural &nbsp;sancionada por el presidente Juan Manuel Santos en el departamento de Casanare, profundiza el p\u00e9simo modelo agrario en Colombia\u201d. &nbsp; As\u00ed lo se\u00f1al\u00f3 el senador Jorge Robledo (Polo Democr\u00e1tico), qui\u00e9n record\u00f3 que su colectiva siempre ha defendido \u2013dentro y fuera del Congreso- [&hellip;]\" \/>\n<meta property=\"og:url\" content=\"https:\/\/pagina10.com\/web\/la-ley-zidres-profundiza-el-pesimo-modelo-agrario-colombiano-jorge-robledo\/\" \/>\n<meta property=\"og:site_name\" content=\"P\u00e1gina10\" \/>\n<meta property=\"article:publisher\" content=\"https:\/\/www.facebook.com\/pag10com\" \/>\n<meta property=\"article:published_time\" content=\"2016-01-30T22:19:26+00:00\" \/>\n<meta property=\"og:image\" content=\"https:\/\/pagina10.com\/web\/wp-content\/uploads\/2016\/01\/bce1c8406efda667623ad8b210209583.jpg\" \/>\n\t<meta property=\"og:image:width\" content=\"341\" \/>\n\t<meta property=\"og:image:height\" content=\"225\" \/>\n\t<meta property=\"og:image:type\" content=\"image\/jpeg\" \/>\n<meta name=\"author\" content=\"Carlos Villota Santacruz.\" \/>\n<meta name=\"twitter:card\" content=\"summary_large_image\" \/>\n<meta name=\"twitter:creator\" content=\"@Pag10com\" \/>\n<meta name=\"twitter:site\" content=\"@Pag10com\" \/>\n<meta name=\"twitter:label1\" content=\"Escrito por\" \/>\n\t<meta name=\"twitter:data1\" content=\"Carlos Villota Santacruz.\" \/>\n\t<meta name=\"twitter:label2\" content=\"Tiempo de lectura\" \/>\n\t<meta name=\"twitter:data2\" content=\"3 minutos\" \/>\n<script type=\"application\/ld+json\" class=\"yoast-schema-graph\">{\"@context\":\"https:\/\/schema.org\",\"@graph\":[{\"@type\":\"Article\",\"@id\":\"https:\/\/pagina10.com\/web\/la-ley-zidres-profundiza-el-pesimo-modelo-agrario-colombiano-jorge-robledo\/#article\",\"isPartOf\":{\"@id\":\"https:\/\/pagina10.com\/web\/la-ley-zidres-profundiza-el-pesimo-modelo-agrario-colombiano-jorge-robledo\/\"},\"author\":{\"name\":\"Carlos Villota Santacruz.\",\"@id\":\"https:\/\/pagina10.com\/web\/#\/schema\/person\/b459e2d15ec5ba9d5a2c9a81c71c4f7b\"},\"headline\":\"La ley Zidres profundiza el p\u00e9simo modelo agrario colombiano: Jorge Robledo\",\"datePublished\":\"2016-01-30T22:19:26+00:00\",\"mainEntityOfPage\":{\"@id\":\"https:\/\/pagina10.com\/web\/la-ley-zidres-profundiza-el-pesimo-modelo-agrario-colombiano-jorge-robledo\/\"},\"wordCount\":611,\"commentCount\":0,\"publisher\":{\"@id\":\"https:\/\/pagina10.com\/web\/#organization\"},\"image\":{\"@id\":\"https:\/\/pagina10.com\/web\/la-ley-zidres-profundiza-el-pesimo-modelo-agrario-colombiano-jorge-robledo\/#primaryimage\"},\"thumbnailUrl\":\"https:\/\/pagina10.com\/web\/wp-content\/uploads\/2016\/01\/bce1c8406efda667623ad8b210209583.jpg\",\"inLanguage\":\"es\",\"potentialAction\":[{\"@type\":\"CommentAction\",\"name\":\"Comment\",\"target\":[\"https:\/\/pagina10.com\/web\/la-ley-zidres-profundiza-el-pesimo-modelo-agrario-colombiano-jorge-robledo\/#respond\"]}]},{\"@type\":\"WebPage\",\"@id\":\"https:\/\/pagina10.com\/web\/la-ley-zidres-profundiza-el-pesimo-modelo-agrario-colombiano-jorge-robledo\/\",\"url\":\"https:\/\/pagina10.com\/web\/la-ley-zidres-profundiza-el-pesimo-modelo-agrario-colombiano-jorge-robledo\/\",\"name\":\"La ley Zidres profundiza el p\u00e9simo modelo agrario colombiano: Jorge Robledo | P\u00e1gina10\",\"isPartOf\":{\"@id\":\"https:\/\/pagina10.com\/web\/#website\"},\"primaryImageOfPage\":{\"@id\":\"https:\/\/pagina10.com\/web\/la-ley-zidres-profundiza-el-pesimo-modelo-agrario-colombiano-jorge-robledo\/#primaryimage\"},\"image\":{\"@id\":\"https:\/\/pagina10.com\/web\/la-ley-zidres-profundiza-el-pesimo-modelo-agrario-colombiano-jorge-robledo\/#primaryimage\"},\"thumbnailUrl\":\"https:\/\/pagina10.com\/web\/wp-content\/uploads\/2016\/01\/bce1c8406efda667623ad8b210209583.jpg\",\"datePublished\":\"2016-01-30T22:19:26+00:00\",\"breadcrumb\":{\"@id\":\"https:\/\/pagina10.com\/web\/la-ley-zidres-profundiza-el-pesimo-modelo-agrario-colombiano-jorge-robledo\/#breadcrumb\"},\"inLanguage\":\"es\",\"potentialAction\":[{\"@type\":\"ReadAction\",\"target\":[\"https:\/\/pagina10.com\/web\/la-ley-zidres-profundiza-el-pesimo-modelo-agrario-colombiano-jorge-robledo\/\"]}]},{\"@type\":\"ImageObject\",\"inLanguage\":\"es\",\"@id\":\"https:\/\/pagina10.com\/web\/la-ley-zidres-profundiza-el-pesimo-modelo-agrario-colombiano-jorge-robledo\/#primaryimage\",\"url\":\"https:\/\/pagina10.com\/web\/wp-content\/uploads\/2016\/01\/bce1c8406efda667623ad8b210209583.jpg\",\"contentUrl\":\"https:\/\/pagina10.com\/web\/wp-content\/uploads\/2016\/01\/bce1c8406efda667623ad8b210209583.jpg\",\"width\":341,\"height\":225},{\"@type\":\"BreadcrumbList\",\"@id\":\"https:\/\/pagina10.com\/web\/la-ley-zidres-profundiza-el-pesimo-modelo-agrario-colombiano-jorge-robledo\/#breadcrumb\",\"itemListElement\":[{\"@type\":\"ListItem\",\"position\":1,\"name\":\"Portada\",\"item\":\"https:\/\/pagina10.com\/web\/\"},{\"@type\":\"ListItem\",\"position\":2,\"name\":\"La ley Zidres profundiza el p\u00e9simo modelo agrario colombiano: Jorge Robledo\"}]},{\"@type\":\"WebSite\",\"@id\":\"https:\/\/pagina10.com\/web\/#website\",\"url\":\"https:\/\/pagina10.com\/web\/\",\"name\":\"P\u00e1gina10\",\"description\":\"Peri\u00f3dico Regional\",\"publisher\":{\"@id\":\"https:\/\/pagina10.com\/web\/#organization\"},\"alternateName\":\"P\u00e1gina10 Peri\u00f3dico Regional\",\"potentialAction\":[{\"@type\":\"SearchAction\",\"target\":{\"@type\":\"EntryPoint\",\"urlTemplate\":\"https:\/\/pagina10.com\/web\/?s={search_term_string}\"},\"query-input\":{\"@type\":\"PropertyValueSpecification\",\"valueRequired\":true,\"valueName\":\"search_term_string\"}}],\"inLanguage\":\"es\"},{\"@type\":\"Organization\",\"@id\":\"https:\/\/pagina10.com\/web\/#organization\",\"name\":\"P\u00e1gina10\",\"alternateName\":\"P\u00e1gina10 Peri\u00f3dico Regional\",\"url\":\"https:\/\/pagina10.com\/web\/\",\"logo\":{\"@type\":\"ImageObject\",\"inLanguage\":\"es\",\"@id\":\"https:\/\/pagina10.com\/web\/#\/schema\/logo\/image\/\",\"url\":\"https:\/\/pagina10.com\/web\/wp-content\/uploads\/2024\/01\/40-pagina-10-periodico-regional-pasto.jpg\",\"contentUrl\":\"https:\/\/pagina10.com\/web\/wp-content\/uploads\/2024\/01\/40-pagina-10-periodico-regional-pasto.jpg\",\"width\":1280,\"height\":720,\"caption\":\"P\u00e1gina10\"},\"image\":{\"@id\":\"https:\/\/pagina10.com\/web\/#\/schema\/logo\/image\/\"},\"sameAs\":[\"https:\/\/www.facebook.com\/pag10com\",\"https:\/\/x.com\/Pag10com\",\"https:\/\/www.instagram.com\/pagina10col\/\",\"https:\/\/youtube.com\/channel\/pag10\",\"https:\/\/www.tiktok.com\/@p10col\"]},{\"@type\":\"Person\",\"@id\":\"https:\/\/pagina10.com\/web\/#\/schema\/person\/b459e2d15ec5ba9d5a2c9a81c71c4f7b\",\"name\":\"Carlos Villota Santacruz.\",\"description\":\"Internacionalista-Comunicador Social y Periodista. Experto en Comunicaci\u00f3n para el desarrollo y ciudad-regi\u00f3n.. Promotor de proyectos e investigaci\u00f3n comunicativa en radio, prensa y televisi\u00f3n. Experiencia en el manejo de imagen externa, interna y protocolaria de entidades p\u00fablicas y privadas, encuentros culturales, empresariales y ambientales. Docente en el \u00e1rea de televisi\u00f3n, relaciones internacionales y bloques econ\u00f3micos. Experto y conferencista en temas de marketing pol\u00edtico, marketing de ciudad, integraci\u00f3n cultural, TLC y desarrollo urban\u00edstico. E-mail: villotasantacruzcarlos@yahoo.com.co\",\"url\":\"https:\/\/pagina10.com\/web\/author\/cvillota\/\"}]}<\/script>\n<!-- \/ Yoast SEO plugin. -->","yoast_head_json":{"title":"La ley Zidres profundiza el p\u00e9simo modelo agrario colombiano: Jorge Robledo | P\u00e1gina10","robots":{"index":"index","follow":"follow","max-snippet":"max-snippet:-1","max-image-preview":"max-image-preview:large","max-video-preview":"max-video-preview:-1"},"canonical":"https:\/\/pagina10.com\/web\/la-ley-zidres-profundiza-el-pesimo-modelo-agrario-colombiano-jorge-robledo\/","og_locale":"es_ES","og_type":"article","og_title":"La ley Zidres profundiza el p\u00e9simo modelo agrario colombiano: Jorge Robledo | P\u00e1gina10","og_description":"&nbsp;\u201cLa ley que da vida a las Zonas de Inter\u00e9s de Desarrollo Rural &nbsp;sancionada por el presidente Juan Manuel Santos en el departamento de Casanare, profundiza el p\u00e9simo modelo agrario en Colombia\u201d. &nbsp; As\u00ed lo se\u00f1al\u00f3 el senador Jorge Robledo (Polo Democr\u00e1tico), qui\u00e9n record\u00f3 que su colectiva siempre ha defendido \u2013dentro y fuera del Congreso- [&hellip;]","og_url":"https:\/\/pagina10.com\/web\/la-ley-zidres-profundiza-el-pesimo-modelo-agrario-colombiano-jorge-robledo\/","og_site_name":"P\u00e1gina10","article_publisher":"https:\/\/www.facebook.com\/pag10com","article_published_time":"2016-01-30T22:19:26+00:00","og_image":[{"width":341,"height":225,"url":"https:\/\/pagina10.com\/web\/wp-content\/uploads\/2016\/01\/bce1c8406efda667623ad8b210209583.jpg","type":"image\/jpeg"}],"author":"Carlos Villota Santacruz.","twitter_card":"summary_large_image","twitter_creator":"@Pag10com","twitter_site":"@Pag10com","twitter_misc":{"Escrito por":"Carlos Villota Santacruz.","Tiempo de lectura":"3 minutos"},"schema":{"@context":"https:\/\/schema.org","@graph":[{"@type":"Article","@id":"https:\/\/pagina10.com\/web\/la-ley-zidres-profundiza-el-pesimo-modelo-agrario-colombiano-jorge-robledo\/#article","isPartOf":{"@id":"https:\/\/pagina10.com\/web\/la-ley-zidres-profundiza-el-pesimo-modelo-agrario-colombiano-jorge-robledo\/"},"author":{"name":"Carlos Villota Santacruz.","@id":"https:\/\/pagina10.com\/web\/#\/schema\/person\/b459e2d15ec5ba9d5a2c9a81c71c4f7b"},"headline":"La ley Zidres profundiza el p\u00e9simo modelo agrario colombiano: Jorge Robledo","datePublished":"2016-01-30T22:19:26+00:00","mainEntityOfPage":{"@id":"https:\/\/pagina10.com\/web\/la-ley-zidres-profundiza-el-pesimo-modelo-agrario-colombiano-jorge-robledo\/"},"wordCount":611,"commentCount":0,"publisher":{"@id":"https:\/\/pagina10.com\/web\/#organization"},"image":{"@id":"https:\/\/pagina10.com\/web\/la-ley-zidres-profundiza-el-pesimo-modelo-agrario-colombiano-jorge-robledo\/#primaryimage"},"thumbnailUrl":"https:\/\/pagina10.com\/web\/wp-content\/uploads\/2016\/01\/bce1c8406efda667623ad8b210209583.jpg","inLanguage":"es","potentialAction":[{"@type":"CommentAction","name":"Comment","target":["https:\/\/pagina10.com\/web\/la-ley-zidres-profundiza-el-pesimo-modelo-agrario-colombiano-jorge-robledo\/#respond"]}]},{"@type":"WebPage","@id":"https:\/\/pagina10.com\/web\/la-ley-zidres-profundiza-el-pesimo-modelo-agrario-colombiano-jorge-robledo\/","url":"https:\/\/pagina10.com\/web\/la-ley-zidres-profundiza-el-pesimo-modelo-agrario-colombiano-jorge-robledo\/","name":"La ley Zidres profundiza el p\u00e9simo modelo agrario colombiano: Jorge Robledo | P\u00e1gina10","isPartOf":{"@id":"https:\/\/pagina10.com\/web\/#website"},"primaryImageOfPage":{"@id":"https:\/\/pagina10.com\/web\/la-ley-zidres-profundiza-el-pesimo-modelo-agrario-colombiano-jorge-robledo\/#primaryimage"},"image":{"@id":"https:\/\/pagina10.com\/web\/la-ley-zidres-profundiza-el-pesimo-modelo-agrario-colombiano-jorge-robledo\/#primaryimage"},"thumbnailUrl":"https:\/\/pagina10.com\/web\/wp-content\/uploads\/2016\/01\/bce1c8406efda667623ad8b210209583.jpg","datePublished":"2016-01-30T22:19:26+00:00","breadcrumb":{"@id":"https:\/\/pagina10.com\/web\/la-ley-zidres-profundiza-el-pesimo-modelo-agrario-colombiano-jorge-robledo\/#breadcrumb"},"inLanguage":"es","potentialAction":[{"@type":"ReadAction","target":["https:\/\/pagina10.com\/web\/la-ley-zidres-profundiza-el-pesimo-modelo-agrario-colombiano-jorge-robledo\/"]}]},{"@type":"ImageObject","inLanguage":"es","@id":"https:\/\/pagina10.com\/web\/la-ley-zidres-profundiza-el-pesimo-modelo-agrario-colombiano-jorge-robledo\/#primaryimage","url":"https:\/\/pagina10.com\/web\/wp-content\/uploads\/2016\/01\/bce1c8406efda667623ad8b210209583.jpg","contentUrl":"https:\/\/pagina10.com\/web\/wp-content\/uploads\/2016\/01\/bce1c8406efda667623ad8b210209583.jpg","width":341,"height":225},{"@type":"BreadcrumbList","@id":"https:\/\/pagina10.com\/web\/la-ley-zidres-profundiza-el-pesimo-modelo-agrario-colombiano-jorge-robledo\/#breadcrumb","itemListElement":[{"@type":"ListItem","position":1,"name":"Portada","item":"https:\/\/pagina10.com\/web\/"},{"@type":"ListItem","position":2,"name":"La ley Zidres profundiza el p\u00e9simo modelo agrario colombiano: Jorge Robledo"}]},{"@type":"WebSite","@id":"https:\/\/pagina10.com\/web\/#website","url":"https:\/\/pagina10.com\/web\/","name":"P\u00e1gina10","description":"Peri\u00f3dico Regional","publisher":{"@id":"https:\/\/pagina10.com\/web\/#organization"},"alternateName":"P\u00e1gina10 Peri\u00f3dico Regional","potentialAction":[{"@type":"SearchAction","target":{"@type":"EntryPoint","urlTemplate":"https:\/\/pagina10.com\/web\/?s={search_term_string}"},"query-input":{"@type":"PropertyValueSpecification","valueRequired":true,"valueName":"search_term_string"}}],"inLanguage":"es"},{"@type":"Organization","@id":"https:\/\/pagina10.com\/web\/#organization","name":"P\u00e1gina10","alternateName":"P\u00e1gina10 Peri\u00f3dico Regional","url":"https:\/\/pagina10.com\/web\/","logo":{"@type":"ImageObject","inLanguage":"es","@id":"https:\/\/pagina10.com\/web\/#\/schema\/logo\/image\/","url":"https:\/\/pagina10.com\/web\/wp-content\/uploads\/2024\/01\/40-pagina-10-periodico-regional-pasto.jpg","contentUrl":"https:\/\/pagina10.com\/web\/wp-content\/uploads\/2024\/01\/40-pagina-10-periodico-regional-pasto.jpg","width":1280,"height":720,"caption":"P\u00e1gina10"},"image":{"@id":"https:\/\/pagina10.com\/web\/#\/schema\/logo\/image\/"},"sameAs":["https:\/\/www.facebook.com\/pag10com","https:\/\/x.com\/Pag10com","https:\/\/www.instagram.com\/pagina10col\/","https:\/\/youtube.com\/channel\/pag10","https:\/\/www.tiktok.com\/@p10col"]},{"@type":"Person","@id":"https:\/\/pagina10.com\/web\/#\/schema\/person\/b459e2d15ec5ba9d5a2c9a81c71c4f7b","name":"Carlos Villota Santacruz.","description":"Internacionalista-Comunicador Social y Periodista. Experto en Comunicaci\u00f3n para el desarrollo y ciudad-regi\u00f3n.. Promotor de proyectos e investigaci\u00f3n comunicativa en radio, prensa y televisi\u00f3n. Experiencia en el manejo de imagen externa, interna y protocolaria de entidades p\u00fablicas y privadas, encuentros culturales, empresariales y ambientales. Docente en el \u00e1rea de televisi\u00f3n, relaciones internacionales y bloques econ\u00f3micos. Experto y conferencista en temas de marketing pol\u00edtico, marketing de ciudad, integraci\u00f3n cultural, TLC y desarrollo urban\u00edstico. E-mail: villotasantacruzcarlos@yahoo.com.co","url":"https:\/\/pagina10.com\/web\/author\/cvillota\/"}]}},"_links":{"self":[{"href":"https:\/\/pagina10.com\/web\/wp-json\/wp\/v2\/posts\/19538","targetHints":{"allow":["GET"]}}],"collection":[{"href":"https:\/\/pagina10.com\/web\/wp-json\/wp\/v2\/posts"}],"about":[{"href":"https:\/\/pagina10.com\/web\/wp-json\/wp\/v2\/types\/post"}],"author":[{"embeddable":true,"href":"https:\/\/pagina10.com\/web\/wp-json\/wp\/v2\/users\/38"}],"replies":[{"embeddable":true,"href":"https:\/\/pagina10.com\/web\/wp-json\/wp\/v2\/comments?post=19538"}],"version-history":[{"count":0,"href":"https:\/\/pagina10.com\/web\/wp-json\/wp\/v2\/posts\/19538\/revisions"}],"wp:featuredmedia":[{"embeddable":true,"href":"https:\/\/pagina10.com\/web\/wp-json\/wp\/v2\/media\/19537"}],"wp:attachment":[{"href":"https:\/\/pagina10.com\/web\/wp-json\/wp\/v2\/media?parent=19538"}],"wp:term":[{"taxonomy":"category","embeddable":true,"href":"https:\/\/pagina10.com\/web\/wp-json\/wp\/v2\/categories?post=19538"},{"taxonomy":"post_tag","embeddable":true,"href":"https:\/\/pagina10.com\/web\/wp-json\/wp\/v2\/tags?post=19538"}],"curies":[{"name":"wp","href":"https:\/\/api.w.org\/{rel}","templated":true}]}}