{"id":19544,"date":"2016-01-31T17:20:04","date_gmt":"2016-01-31T17:20:04","guid":{"rendered":"https:\/\/pagina10.com\/web\/en-una-semana-se-duplico-el-numero-de-mujeres-embarazadas-en-colombia-infectadas-con-zika\/"},"modified":"2016-01-31T17:20:04","modified_gmt":"2016-01-31T17:20:04","slug":"en-una-semana-se-duplico-el-numero-de-mujeres-embarazadas-en-colombia-infectadas-con-zika","status":"publish","type":"post","link":"https:\/\/pagina10.com\/web\/en-una-semana-se-duplico-el-numero-de-mujeres-embarazadas-en-colombia-infectadas-con-zika\/","title":{"rendered":"En una semana se duplic\u00f3 el n\u00famero de mujeres embarazadas en Colombia infectadas con Zika"},"content":{"rendered":"<p><img fetchpriority=\"high\" decoding=\"async\" class=\" size-full wp-image-19543\" src=\"https:\/\/pagina10.com\/web\/wp-content\/uploads\/2016\/01\/944c004199cfa789f9663253a3364d09.jpg\" alt=\"\" width=\"680\" height=\"451\" srcset=\"https:\/\/pagina10.com\/web\/wp-content\/uploads\/2016\/01\/944c004199cfa789f9663253a3364d09.jpg 680w, https:\/\/pagina10.com\/web\/wp-content\/uploads\/2016\/01\/944c004199cfa789f9663253a3364d09-300x199.jpg 300w\" sizes=\"(max-width: 680px) 100vw, 680px\" \/><\/p>\n<p style=\"text-align: justify;\">El n\u00famero de mujeres embarazadas en Colombia infectadas con el virus zika se duplic\u00f3 en una semana, indicaron las autoridades.<br \/>Un total de 2.166 mujeres embarazadas est\u00e1n afectadas por el virus, inform\u00f3 el Instituto Nacional de Salud de Colombia. En todo el pa\u00eds est\u00e1n infectadas 20.297,lo que lo convierte en el segundo con m\u00e1s casos del continente, despu\u00e9s de Brasil.<br \/>El 63,6% de las infecciones se ha producido en mujeres.<\/p>\n<p style=\"text-align: justify;\">El virus transmitido por mosquitos se ha relacionado con microcefalia, una enfermedad cong\u00e9nita que hace que los beb\u00e9s que nazcan con cerebros anormalmente peque\u00f1os.<br \/>Las autoridades sanitarias de Colombia recomendaron a las mujeres no quedar embarazadas en los pr\u00f3ximos seis a ocho meses.<br \/>El llamado recibi\u00f3 cr\u00edticas de algunos que lo consideraron desmedido y las autoridades aclararon que en realidad se trataba de recomendar a las mujeres que eval\u00faen el riesgo si desean quedar embarazadas, dijo Natalio Cosoy, corresponsal de BBC Mundo en Bogot\u00e1.<br \/>Otros pa\u00edses han emitido recomendaciones similares.<br \/><strong><\/strong><\/p>\n<p style=\"text-align: justify;\"><strong>Otras enfermedades<\/strong><br \/>Colombia tambi\u00e9n ha dicho que ha visto un aumento en los casos de s\u00edndrome de Guillain-Barr\u00e9, un trastorno poco com\u00fan que puede causar par\u00e1lisis temporal, y que tambi\u00e9n ha sido vinculado a zika.<\/p>\n<p style=\"text-align: justify;\">La Organizaci\u00f3n Mundial de la Salud (OMS) advirti\u00f3 que el zika se &#8220;propaga de forma explosiva&#8221;, y puede llegar a hasta 4 millones de casos este a\u00f1o.<br \/>El lunes, la OMS se reunir\u00e1 para decidir si el zika se debe tratar como una emergencia mundial.&nbsp;Adem\u00e1s de Brasil y Colombia m\u00e1s de 20 pa\u00edses han reportado casos del virus.<br \/>Per\u00fa report\u00f3 su primer caso confirmado durante el fin de semana. El presidente Ollanta Humala inst\u00f3 a la calma y subray\u00f3 que el paciente contrajo la enfermedad fuera del pa\u00eds.<br \/>Los s\u00edntomas del zika son leves y consisten en fiebre baja, dolor en las articulaciones, dolores de cabeza, sarpullido y conjuntivitis.<br \/>El brote ha provocado advertencias sanitarias y campa\u00f1as de erradicaci\u00f3n, con despliegue de tropas en Brasil y lanzamiento de una campa\u00f1a de fumigaci\u00f3n masiva en Colombia para combatir los mosquitos.<\/p>\n<p style=\"text-align: justify;\">&nbsp;<\/p>\n<p>Fuente: BBC<\/p>\n","protected":false},"excerpt":{"rendered":"<p>El n\u00famero de mujeres embarazadas en Colombia infectadas con el virus zika se duplic\u00f3 en una semana, indicaron las autoridades.Un total de 2.166 mujeres embarazadas est\u00e1n afectadas por el virus, inform\u00f3 el Instituto Nacional de Salud de Colombia. En todo el pa\u00eds est\u00e1n infectadas 20.297,lo que lo convierte en el segundo con m\u00e1s casos del [&hellip;]<\/p>\n","protected":false},"author":29,"featured_media":19543,"comment_status":"open","ping_status":"open","sticky":false,"template":"","format":"standard","meta":{"footnotes":""},"categories":[1],"tags":[],"class_list":["post-19544","post","type-post","status-publish","format-standard","has-post-thumbnail","hentry","category-sin-categoria"],"yoast_head":"<!-- This site is optimized with the Yoast SEO plugin v27.1.1 - https:\/\/yoast.com\/product\/yoast-seo-wordpress\/ -->\n<title>En una semana se duplic\u00f3 el n\u00famero de mujeres embarazadas en Colombia infectadas con Zika | P\u00e1gina10<\/title>\n<meta name=\"robots\" content=\"index, follow, max-snippet:-1, max-image-preview:large, max-video-preview:-1\" \/>\n<link rel=\"canonical\" href=\"https:\/\/pagina10.com\/web\/en-una-semana-se-duplico-el-numero-de-mujeres-embarazadas-en-colombia-infectadas-con-zika\/\" \/>\n<meta property=\"og:locale\" content=\"es_ES\" \/>\n<meta property=\"og:type\" content=\"article\" \/>\n<meta property=\"og:title\" content=\"En una semana se duplic\u00f3 el n\u00famero de mujeres embarazadas en Colombia infectadas con Zika | P\u00e1gina10\" \/>\n<meta property=\"og:description\" content=\"El n\u00famero de mujeres embarazadas en Colombia infectadas con el virus zika se duplic\u00f3 en una semana, indicaron las autoridades.Un total de 2.166 mujeres embarazadas est\u00e1n afectadas por el virus, inform\u00f3 el Instituto Nacional de Salud de Colombia. En todo el pa\u00eds est\u00e1n infectadas 20.297,lo que lo convierte en el segundo con m\u00e1s casos del [&hellip;]\" \/>\n<meta property=\"og:url\" content=\"https:\/\/pagina10.com\/web\/en-una-semana-se-duplico-el-numero-de-mujeres-embarazadas-en-colombia-infectadas-con-zika\/\" \/>\n<meta property=\"og:site_name\" content=\"P\u00e1gina10\" \/>\n<meta property=\"article:publisher\" content=\"https:\/\/www.facebook.com\/pag10com\" \/>\n<meta property=\"article:published_time\" content=\"2016-01-31T17:20:04+00:00\" \/>\n<meta property=\"og:image\" content=\"https:\/\/pagina10.com\/web\/wp-content\/uploads\/2016\/01\/944c004199cfa789f9663253a3364d09.jpg\" \/>\n\t<meta property=\"og:image:width\" content=\"680\" \/>\n\t<meta property=\"og:image:height\" content=\"451\" \/>\n\t<meta property=\"og:image:type\" content=\"image\/jpeg\" \/>\n<meta name=\"author\" content=\"P\u00e1gina 10\" \/>\n<meta name=\"twitter:card\" content=\"summary_large_image\" \/>\n<meta name=\"twitter:creator\" content=\"@Pag10com\" \/>\n<meta name=\"twitter:site\" content=\"@Pag10com\" \/>\n<meta name=\"twitter:label1\" content=\"Escrito por\" \/>\n\t<meta name=\"twitter:data1\" content=\"P\u00e1gina 10\" \/>\n\t<meta name=\"twitter:label2\" content=\"Tiempo de lectura\" \/>\n\t<meta name=\"twitter:data2\" content=\"2 minutos\" \/>\n<script type=\"application\/ld+json\" class=\"yoast-schema-graph\">{\"@context\":\"https:\/\/schema.org\",\"@graph\":[{\"@type\":\"Article\",\"@id\":\"https:\/\/pagina10.com\/web\/en-una-semana-se-duplico-el-numero-de-mujeres-embarazadas-en-colombia-infectadas-con-zika\/#article\",\"isPartOf\":{\"@id\":\"https:\/\/pagina10.com\/web\/en-una-semana-se-duplico-el-numero-de-mujeres-embarazadas-en-colombia-infectadas-con-zika\/\"},\"author\":{\"name\":\"P\u00e1gina 10\",\"@id\":\"https:\/\/pagina10.com\/web\/#\/schema\/person\/a7a5d38f0629dfc107f619fbae4f6cc3\"},\"headline\":\"En una semana se duplic\u00f3 el n\u00famero de mujeres embarazadas en Colombia infectadas con Zika\",\"datePublished\":\"2016-01-31T17:20:04+00:00\",\"mainEntityOfPage\":{\"@id\":\"https:\/\/pagina10.com\/web\/en-una-semana-se-duplico-el-numero-de-mujeres-embarazadas-en-colombia-infectadas-con-zika\/\"},\"wordCount\":380,\"commentCount\":0,\"publisher\":{\"@id\":\"https:\/\/pagina10.com\/web\/#organization\"},\"image\":{\"@id\":\"https:\/\/pagina10.com\/web\/en-una-semana-se-duplico-el-numero-de-mujeres-embarazadas-en-colombia-infectadas-con-zika\/#primaryimage\"},\"thumbnailUrl\":\"https:\/\/pagina10.com\/web\/wp-content\/uploads\/2016\/01\/944c004199cfa789f9663253a3364d09.jpg\",\"inLanguage\":\"es\",\"potentialAction\":[{\"@type\":\"CommentAction\",\"name\":\"Comment\",\"target\":[\"https:\/\/pagina10.com\/web\/en-una-semana-se-duplico-el-numero-de-mujeres-embarazadas-en-colombia-infectadas-con-zika\/#respond\"]}]},{\"@type\":\"WebPage\",\"@id\":\"https:\/\/pagina10.com\/web\/en-una-semana-se-duplico-el-numero-de-mujeres-embarazadas-en-colombia-infectadas-con-zika\/\",\"url\":\"https:\/\/pagina10.com\/web\/en-una-semana-se-duplico-el-numero-de-mujeres-embarazadas-en-colombia-infectadas-con-zika\/\",\"name\":\"En una semana se duplic\u00f3 el n\u00famero de mujeres embarazadas en Colombia infectadas con Zika | P\u00e1gina10\",\"isPartOf\":{\"@id\":\"https:\/\/pagina10.com\/web\/#website\"},\"primaryImageOfPage\":{\"@id\":\"https:\/\/pagina10.com\/web\/en-una-semana-se-duplico-el-numero-de-mujeres-embarazadas-en-colombia-infectadas-con-zika\/#primaryimage\"},\"image\":{\"@id\":\"https:\/\/pagina10.com\/web\/en-una-semana-se-duplico-el-numero-de-mujeres-embarazadas-en-colombia-infectadas-con-zika\/#primaryimage\"},\"thumbnailUrl\":\"https:\/\/pagina10.com\/web\/wp-content\/uploads\/2016\/01\/944c004199cfa789f9663253a3364d09.jpg\",\"datePublished\":\"2016-01-31T17:20:04+00:00\",\"breadcrumb\":{\"@id\":\"https:\/\/pagina10.com\/web\/en-una-semana-se-duplico-el-numero-de-mujeres-embarazadas-en-colombia-infectadas-con-zika\/#breadcrumb\"},\"inLanguage\":\"es\",\"potentialAction\":[{\"@type\":\"ReadAction\",\"target\":[\"https:\/\/pagina10.com\/web\/en-una-semana-se-duplico-el-numero-de-mujeres-embarazadas-en-colombia-infectadas-con-zika\/\"]}]},{\"@type\":\"ImageObject\",\"inLanguage\":\"es\",\"@id\":\"https:\/\/pagina10.com\/web\/en-una-semana-se-duplico-el-numero-de-mujeres-embarazadas-en-colombia-infectadas-con-zika\/#primaryimage\",\"url\":\"https:\/\/pagina10.com\/web\/wp-content\/uploads\/2016\/01\/944c004199cfa789f9663253a3364d09.jpg\",\"contentUrl\":\"https:\/\/pagina10.com\/web\/wp-content\/uploads\/2016\/01\/944c004199cfa789f9663253a3364d09.jpg\",\"width\":680,\"height\":451},{\"@type\":\"BreadcrumbList\",\"@id\":\"https:\/\/pagina10.com\/web\/en-una-semana-se-duplico-el-numero-de-mujeres-embarazadas-en-colombia-infectadas-con-zika\/#breadcrumb\",\"itemListElement\":[{\"@type\":\"ListItem\",\"position\":1,\"name\":\"Portada\",\"item\":\"https:\/\/pagina10.com\/web\/\"},{\"@type\":\"ListItem\",\"position\":2,\"name\":\"En una semana se duplic\u00f3 el n\u00famero de mujeres embarazadas en Colombia infectadas con Zika\"}]},{\"@type\":\"WebSite\",\"@id\":\"https:\/\/pagina10.com\/web\/#website\",\"url\":\"https:\/\/pagina10.com\/web\/\",\"name\":\"P\u00e1gina10\",\"description\":\"Peri\u00f3dico Regional\",\"publisher\":{\"@id\":\"https:\/\/pagina10.com\/web\/#organization\"},\"alternateName\":\"P\u00e1gina10 Peri\u00f3dico Regional\",\"potentialAction\":[{\"@type\":\"SearchAction\",\"target\":{\"@type\":\"EntryPoint\",\"urlTemplate\":\"https:\/\/pagina10.com\/web\/?s={search_term_string}\"},\"query-input\":{\"@type\":\"PropertyValueSpecification\",\"valueRequired\":true,\"valueName\":\"search_term_string\"}}],\"inLanguage\":\"es\"},{\"@type\":\"Organization\",\"@id\":\"https:\/\/pagina10.com\/web\/#organization\",\"name\":\"P\u00e1gina10\",\"alternateName\":\"P\u00e1gina10 Peri\u00f3dico Regional\",\"url\":\"https:\/\/pagina10.com\/web\/\",\"logo\":{\"@type\":\"ImageObject\",\"inLanguage\":\"es\",\"@id\":\"https:\/\/pagina10.com\/web\/#\/schema\/logo\/image\/\",\"url\":\"https:\/\/pagina10.com\/web\/wp-content\/uploads\/2024\/01\/40-pagina-10-periodico-regional-pasto.jpg\",\"contentUrl\":\"https:\/\/pagina10.com\/web\/wp-content\/uploads\/2024\/01\/40-pagina-10-periodico-regional-pasto.jpg\",\"width\":1280,\"height\":720,\"caption\":\"P\u00e1gina10\"},\"image\":{\"@id\":\"https:\/\/pagina10.com\/web\/#\/schema\/logo\/image\/\"},\"sameAs\":[\"https:\/\/www.facebook.com\/pag10com\",\"https:\/\/x.com\/Pag10com\",\"https:\/\/www.instagram.com\/pagina10col\/\",\"https:\/\/youtube.com\/channel\/pag10\",\"https:\/\/www.tiktok.com\/@p10col\"]},{\"@type\":\"Person\",\"@id\":\"https:\/\/pagina10.com\/web\/#\/schema\/person\/a7a5d38f0629dfc107f619fbae4f6cc3\",\"name\":\"P\u00e1gina 10\",\"description\":\"P\u00e1gina10.com es un peri\u00f3dico digital que nace en Colombia, en el departamento de Nari\u00f1o, con un enfoque global, fundamentado en cuatro pilares esenciales: la libertad, el pluralismo, la inclusi\u00f3n y la independencia. P\u00e1gina10.com hace referencia a Nari\u00f1o como el d\u00e9cimo departamento creado en Colombia, despu\u00e9s de un proceso pol\u00edtico liderado por actores y actrices regionales con el fin de obtener la independencia y autonom\u00eda de nuestros territorios. Con la creaci\u00f3n de P\u00e1gina10.com se pretende abrir un escenario para el dialogo, la reflexi\u00f3n y el debate que se extienda a otras geograf\u00edas de Am\u00e9rica Latina y del planeta, en una apuesta por transformar colectivamente los desaf\u00edos de un mundo contempor\u00e1neo, m\u00e1s all\u00e1 de las fronteras impuestas.\",\"url\":\"https:\/\/pagina10.com\/web\/author\/mcepeda\/\"}]}<\/script>\n<!-- \/ Yoast SEO plugin. -->","yoast_head_json":{"title":"En una semana se duplic\u00f3 el n\u00famero de mujeres embarazadas en Colombia infectadas con Zika | P\u00e1gina10","robots":{"index":"index","follow":"follow","max-snippet":"max-snippet:-1","max-image-preview":"max-image-preview:large","max-video-preview":"max-video-preview:-1"},"canonical":"https:\/\/pagina10.com\/web\/en-una-semana-se-duplico-el-numero-de-mujeres-embarazadas-en-colombia-infectadas-con-zika\/","og_locale":"es_ES","og_type":"article","og_title":"En una semana se duplic\u00f3 el n\u00famero de mujeres embarazadas en Colombia infectadas con Zika | P\u00e1gina10","og_description":"El n\u00famero de mujeres embarazadas en Colombia infectadas con el virus zika se duplic\u00f3 en una semana, indicaron las autoridades.Un total de 2.166 mujeres embarazadas est\u00e1n afectadas por el virus, inform\u00f3 el Instituto Nacional de Salud de Colombia. En todo el pa\u00eds est\u00e1n infectadas 20.297,lo que lo convierte en el segundo con m\u00e1s casos del [&hellip;]","og_url":"https:\/\/pagina10.com\/web\/en-una-semana-se-duplico-el-numero-de-mujeres-embarazadas-en-colombia-infectadas-con-zika\/","og_site_name":"P\u00e1gina10","article_publisher":"https:\/\/www.facebook.com\/pag10com","article_published_time":"2016-01-31T17:20:04+00:00","og_image":[{"width":680,"height":451,"url":"https:\/\/pagina10.com\/web\/wp-content\/uploads\/2016\/01\/944c004199cfa789f9663253a3364d09.jpg","type":"image\/jpeg"}],"author":"P\u00e1gina 10","twitter_card":"summary_large_image","twitter_creator":"@Pag10com","twitter_site":"@Pag10com","twitter_misc":{"Escrito por":"P\u00e1gina 10","Tiempo de lectura":"2 minutos"},"schema":{"@context":"https:\/\/schema.org","@graph":[{"@type":"Article","@id":"https:\/\/pagina10.com\/web\/en-una-semana-se-duplico-el-numero-de-mujeres-embarazadas-en-colombia-infectadas-con-zika\/#article","isPartOf":{"@id":"https:\/\/pagina10.com\/web\/en-una-semana-se-duplico-el-numero-de-mujeres-embarazadas-en-colombia-infectadas-con-zika\/"},"author":{"name":"P\u00e1gina 10","@id":"https:\/\/pagina10.com\/web\/#\/schema\/person\/a7a5d38f0629dfc107f619fbae4f6cc3"},"headline":"En una semana se duplic\u00f3 el n\u00famero de mujeres embarazadas en Colombia infectadas con Zika","datePublished":"2016-01-31T17:20:04+00:00","mainEntityOfPage":{"@id":"https:\/\/pagina10.com\/web\/en-una-semana-se-duplico-el-numero-de-mujeres-embarazadas-en-colombia-infectadas-con-zika\/"},"wordCount":380,"commentCount":0,"publisher":{"@id":"https:\/\/pagina10.com\/web\/#organization"},"image":{"@id":"https:\/\/pagina10.com\/web\/en-una-semana-se-duplico-el-numero-de-mujeres-embarazadas-en-colombia-infectadas-con-zika\/#primaryimage"},"thumbnailUrl":"https:\/\/pagina10.com\/web\/wp-content\/uploads\/2016\/01\/944c004199cfa789f9663253a3364d09.jpg","inLanguage":"es","potentialAction":[{"@type":"CommentAction","name":"Comment","target":["https:\/\/pagina10.com\/web\/en-una-semana-se-duplico-el-numero-de-mujeres-embarazadas-en-colombia-infectadas-con-zika\/#respond"]}]},{"@type":"WebPage","@id":"https:\/\/pagina10.com\/web\/en-una-semana-se-duplico-el-numero-de-mujeres-embarazadas-en-colombia-infectadas-con-zika\/","url":"https:\/\/pagina10.com\/web\/en-una-semana-se-duplico-el-numero-de-mujeres-embarazadas-en-colombia-infectadas-con-zika\/","name":"En una semana se duplic\u00f3 el n\u00famero de mujeres embarazadas en Colombia infectadas con Zika | P\u00e1gina10","isPartOf":{"@id":"https:\/\/pagina10.com\/web\/#website"},"primaryImageOfPage":{"@id":"https:\/\/pagina10.com\/web\/en-una-semana-se-duplico-el-numero-de-mujeres-embarazadas-en-colombia-infectadas-con-zika\/#primaryimage"},"image":{"@id":"https:\/\/pagina10.com\/web\/en-una-semana-se-duplico-el-numero-de-mujeres-embarazadas-en-colombia-infectadas-con-zika\/#primaryimage"},"thumbnailUrl":"https:\/\/pagina10.com\/web\/wp-content\/uploads\/2016\/01\/944c004199cfa789f9663253a3364d09.jpg","datePublished":"2016-01-31T17:20:04+00:00","breadcrumb":{"@id":"https:\/\/pagina10.com\/web\/en-una-semana-se-duplico-el-numero-de-mujeres-embarazadas-en-colombia-infectadas-con-zika\/#breadcrumb"},"inLanguage":"es","potentialAction":[{"@type":"ReadAction","target":["https:\/\/pagina10.com\/web\/en-una-semana-se-duplico-el-numero-de-mujeres-embarazadas-en-colombia-infectadas-con-zika\/"]}]},{"@type":"ImageObject","inLanguage":"es","@id":"https:\/\/pagina10.com\/web\/en-una-semana-se-duplico-el-numero-de-mujeres-embarazadas-en-colombia-infectadas-con-zika\/#primaryimage","url":"https:\/\/pagina10.com\/web\/wp-content\/uploads\/2016\/01\/944c004199cfa789f9663253a3364d09.jpg","contentUrl":"https:\/\/pagina10.com\/web\/wp-content\/uploads\/2016\/01\/944c004199cfa789f9663253a3364d09.jpg","width":680,"height":451},{"@type":"BreadcrumbList","@id":"https:\/\/pagina10.com\/web\/en-una-semana-se-duplico-el-numero-de-mujeres-embarazadas-en-colombia-infectadas-con-zika\/#breadcrumb","itemListElement":[{"@type":"ListItem","position":1,"name":"Portada","item":"https:\/\/pagina10.com\/web\/"},{"@type":"ListItem","position":2,"name":"En una semana se duplic\u00f3 el n\u00famero de mujeres embarazadas en Colombia infectadas con Zika"}]},{"@type":"WebSite","@id":"https:\/\/pagina10.com\/web\/#website","url":"https:\/\/pagina10.com\/web\/","name":"P\u00e1gina10","description":"Peri\u00f3dico Regional","publisher":{"@id":"https:\/\/pagina10.com\/web\/#organization"},"alternateName":"P\u00e1gina10 Peri\u00f3dico Regional","potentialAction":[{"@type":"SearchAction","target":{"@type":"EntryPoint","urlTemplate":"https:\/\/pagina10.com\/web\/?s={search_term_string}"},"query-input":{"@type":"PropertyValueSpecification","valueRequired":true,"valueName":"search_term_string"}}],"inLanguage":"es"},{"@type":"Organization","@id":"https:\/\/pagina10.com\/web\/#organization","name":"P\u00e1gina10","alternateName":"P\u00e1gina10 Peri\u00f3dico Regional","url":"https:\/\/pagina10.com\/web\/","logo":{"@type":"ImageObject","inLanguage":"es","@id":"https:\/\/pagina10.com\/web\/#\/schema\/logo\/image\/","url":"https:\/\/pagina10.com\/web\/wp-content\/uploads\/2024\/01\/40-pagina-10-periodico-regional-pasto.jpg","contentUrl":"https:\/\/pagina10.com\/web\/wp-content\/uploads\/2024\/01\/40-pagina-10-periodico-regional-pasto.jpg","width":1280,"height":720,"caption":"P\u00e1gina10"},"image":{"@id":"https:\/\/pagina10.com\/web\/#\/schema\/logo\/image\/"},"sameAs":["https:\/\/www.facebook.com\/pag10com","https:\/\/x.com\/Pag10com","https:\/\/www.instagram.com\/pagina10col\/","https:\/\/youtube.com\/channel\/pag10","https:\/\/www.tiktok.com\/@p10col"]},{"@type":"Person","@id":"https:\/\/pagina10.com\/web\/#\/schema\/person\/a7a5d38f0629dfc107f619fbae4f6cc3","name":"P\u00e1gina 10","description":"P\u00e1gina10.com es un peri\u00f3dico digital que nace en Colombia, en el departamento de Nari\u00f1o, con un enfoque global, fundamentado en cuatro pilares esenciales: la libertad, el pluralismo, la inclusi\u00f3n y la independencia. P\u00e1gina10.com hace referencia a Nari\u00f1o como el d\u00e9cimo departamento creado en Colombia, despu\u00e9s de un proceso pol\u00edtico liderado por actores y actrices regionales con el fin de obtener la independencia y autonom\u00eda de nuestros territorios. Con la creaci\u00f3n de P\u00e1gina10.com se pretende abrir un escenario para el dialogo, la reflexi\u00f3n y el debate que se extienda a otras geograf\u00edas de Am\u00e9rica Latina y del planeta, en una apuesta por transformar colectivamente los desaf\u00edos de un mundo contempor\u00e1neo, m\u00e1s all\u00e1 de las fronteras impuestas.","url":"https:\/\/pagina10.com\/web\/author\/mcepeda\/"}]}},"_links":{"self":[{"href":"https:\/\/pagina10.com\/web\/wp-json\/wp\/v2\/posts\/19544","targetHints":{"allow":["GET"]}}],"collection":[{"href":"https:\/\/pagina10.com\/web\/wp-json\/wp\/v2\/posts"}],"about":[{"href":"https:\/\/pagina10.com\/web\/wp-json\/wp\/v2\/types\/post"}],"author":[{"embeddable":true,"href":"https:\/\/pagina10.com\/web\/wp-json\/wp\/v2\/users\/29"}],"replies":[{"embeddable":true,"href":"https:\/\/pagina10.com\/web\/wp-json\/wp\/v2\/comments?post=19544"}],"version-history":[{"count":0,"href":"https:\/\/pagina10.com\/web\/wp-json\/wp\/v2\/posts\/19544\/revisions"}],"wp:featuredmedia":[{"embeddable":true,"href":"https:\/\/pagina10.com\/web\/wp-json\/wp\/v2\/media\/19543"}],"wp:attachment":[{"href":"https:\/\/pagina10.com\/web\/wp-json\/wp\/v2\/media?parent=19544"}],"wp:term":[{"taxonomy":"category","embeddable":true,"href":"https:\/\/pagina10.com\/web\/wp-json\/wp\/v2\/categories?post=19544"},{"taxonomy":"post_tag","embeddable":true,"href":"https:\/\/pagina10.com\/web\/wp-json\/wp\/v2\/tags?post=19544"}],"curies":[{"name":"wp","href":"https:\/\/api.w.org\/{rel}","templated":true}]}}