{"id":19550,"date":"2016-02-01T03:54:43","date_gmt":"2016-02-01T03:54:43","guid":{"rendered":"https:\/\/pagina10.com\/web\/por-cada-arbol-que-avante-retira-reemplaza-tres\/"},"modified":"2016-02-01T03:54:43","modified_gmt":"2016-02-01T03:54:43","slug":"por-cada-arbol-que-avante-retira-reemplaza-tres","status":"publish","type":"post","link":"https:\/\/pagina10.com\/web\/por-cada-arbol-que-avante-retira-reemplaza-tres\/","title":{"rendered":"Por cada \u00e1rbol que AVANTE retira, reemplaza tres"},"content":{"rendered":"<p><img fetchpriority=\"high\" decoding=\"async\" class=\" size-full wp-image-19549\" src=\"https:\/\/pagina10.com\/web\/wp-content\/uploads\/2016\/02\/d9a30c76bc64f924c74402cd775fa9b5.jpg\" alt=\"\" width=\"960\" height=\"540\" srcset=\"https:\/\/pagina10.com\/web\/wp-content\/uploads\/2016\/02\/d9a30c76bc64f924c74402cd775fa9b5.jpg 960w, https:\/\/pagina10.com\/web\/wp-content\/uploads\/2016\/02\/d9a30c76bc64f924c74402cd775fa9b5-300x169.jpg 300w, https:\/\/pagina10.com\/web\/wp-content\/uploads\/2016\/02\/d9a30c76bc64f924c74402cd775fa9b5-768x432.jpg 768w\" sizes=\"(max-width: 960px) 100vw, 960px\" \/><\/p>\n<p style=\"text-align: justify;\">Continuando con el proceso de implementaci\u00f3n del Sistema Estrat\u00e9gico de Transporte P\u00fablico, AVANTE informa a la ciudadan\u00eda, que la raz\u00f3n por la cual se toma la decisi\u00f3n de retirar (apear) \u00e1rboles dentro de las obras del sistema, se debe a los da\u00f1os potenciales que podr\u00edan ocurrir por causa de las ra\u00edces en la estructura del pavimento.<\/p>\n<p style=\"text-align: justify;\">Adicionalmente existe riesgo de volcamiento, afectaci\u00f3n a la ejecuci\u00f3n del dise\u00f1o de ciclorutas y v\u00edas peatonales. De esta manera, se evita el da\u00f1o continuo a las v\u00edas, viviendas y espacio p\u00fablico, mejorando la movilidad de peatones y ciclistas, reduciendo el uso vehicular causante de la emisi\u00f3n de gases t\u00f3xicos expuestos por los veh\u00edculos.<\/p>\n<p style=\"text-align: justify;\">Cabe se\u00f1alar que AVANTE ha remplazado en toda la ciudad, tres \u00e1rboles por cada uno que se apea con especies como Eugenia, Jazm\u00edn Huesito, entre otras. Estas especies tienen la capacidad de absorci\u00f3n de CO2, removiendo y almacenando el carbono al tiempo que liberan ox\u00edgeno al aire, igualmente sus ra\u00edces no son agresivas para la estructura del pavimento, espacio p\u00fablico y las viviendas. Adicional a lo anterior, es importante aclarar que el proceso se hace bajo los protocolos definidos por Corponari\u00f1o y la Secretar\u00eda de Gesti\u00f3n Ambiental del Municipio de Pasto.<\/p>\n<p style=\"text-align: justify;\">En el transcurso de la ejecuci\u00f3n de obras, AVANTE ha adelantado el proceso de sustituci\u00f3n compensando de manera considerable el n\u00famero de \u00e1rboles en la ciudad. A la fecha han sido retirados 150 y se han sembrado 555 \u00e1rboles.<\/p>\n<p style=\"text-align: justify;\">El Gerente de Avante Diego Guerra Burbano, se\u00f1al\u00f3 que para el Sistema Estrat\u00e9gico de Transporte, es trascendental custodiar los arboles existentes en la ciudad. \u201cContinuaremos defendiendo la pol\u00edtica ambiental de la entidad, fortaleciendo la siembra de \u00e1rboles por todas las zonas del municipio intervenidas por AVANTE, ya que es un factor clave en la construcci\u00f3n de una ciudad moderna, amable y con buena calidad de vida para sus habitantes\u201d.<\/p>\n<p style=\"text-align: justify;\">Adem\u00e1s agreg\u00f3 que es de suma importancia cuidar las zonas verdes en Pasto, \u201cen el caso de que por motivos de infraestructura, da\u00f1os o riesgo se decida apear un \u00e1rbol, se sustituir\u00e1n por la siembra de tres especies inofensivas para la infraestructura de la ciudad, con altos beneficios ambientales\u201d, se\u00f1al\u00f3 el Directivo.<\/p>\n","protected":false},"excerpt":{"rendered":"<p>Continuando con el proceso de implementaci\u00f3n del Sistema Estrat\u00e9gico de Transporte P\u00fablico, AVANTE informa a la ciudadan\u00eda, que la raz\u00f3n por la cual se toma la decisi\u00f3n de retirar (apear) \u00e1rboles dentro de las obras del sistema, se debe a los da\u00f1os potenciales que podr\u00edan ocurrir por causa de las ra\u00edces en la estructura del [&hellip;]<\/p>\n","protected":false},"author":29,"featured_media":19549,"comment_status":"open","ping_status":"open","sticky":false,"template":"","format":"standard","meta":{"footnotes":""},"categories":[1],"tags":[],"class_list":["post-19550","post","type-post","status-publish","format-standard","has-post-thumbnail","hentry","category-sin-categoria"],"yoast_head":"<!-- This site is optimized with the Yoast SEO plugin v27.1.1 - https:\/\/yoast.com\/product\/yoast-seo-wordpress\/ -->\n<title>Por cada \u00e1rbol que AVANTE retira, reemplaza tres | P\u00e1gina10<\/title>\n<meta name=\"robots\" content=\"index, follow, max-snippet:-1, max-image-preview:large, max-video-preview:-1\" \/>\n<link rel=\"canonical\" href=\"https:\/\/pagina10.com\/web\/por-cada-arbol-que-avante-retira-reemplaza-tres\/\" \/>\n<meta property=\"og:locale\" content=\"es_ES\" \/>\n<meta property=\"og:type\" content=\"article\" \/>\n<meta property=\"og:title\" content=\"Por cada \u00e1rbol que AVANTE retira, reemplaza tres | P\u00e1gina10\" \/>\n<meta property=\"og:description\" content=\"Continuando con el proceso de implementaci\u00f3n del Sistema Estrat\u00e9gico de Transporte P\u00fablico, AVANTE informa a la ciudadan\u00eda, que la raz\u00f3n por la cual se toma la decisi\u00f3n de retirar (apear) \u00e1rboles dentro de las obras del sistema, se debe a los da\u00f1os potenciales que podr\u00edan ocurrir por causa de las ra\u00edces en la estructura del [&hellip;]\" \/>\n<meta property=\"og:url\" content=\"https:\/\/pagina10.com\/web\/por-cada-arbol-que-avante-retira-reemplaza-tres\/\" \/>\n<meta property=\"og:site_name\" content=\"P\u00e1gina10\" \/>\n<meta property=\"article:publisher\" content=\"https:\/\/www.facebook.com\/pag10com\" \/>\n<meta property=\"article:published_time\" content=\"2016-02-01T03:54:43+00:00\" \/>\n<meta property=\"og:image\" content=\"https:\/\/pagina10.com\/web\/wp-content\/uploads\/2016\/02\/d9a30c76bc64f924c74402cd775fa9b5.jpg\" \/>\n\t<meta property=\"og:image:width\" content=\"960\" \/>\n\t<meta property=\"og:image:height\" content=\"540\" \/>\n\t<meta property=\"og:image:type\" content=\"image\/jpeg\" \/>\n<meta name=\"author\" content=\"P\u00e1gina 10\" \/>\n<meta name=\"twitter:card\" content=\"summary_large_image\" \/>\n<meta name=\"twitter:creator\" content=\"@Pag10com\" \/>\n<meta name=\"twitter:site\" content=\"@Pag10com\" \/>\n<meta name=\"twitter:label1\" content=\"Escrito por\" \/>\n\t<meta name=\"twitter:data1\" content=\"P\u00e1gina 10\" \/>\n\t<meta name=\"twitter:label2\" content=\"Tiempo de lectura\" \/>\n\t<meta name=\"twitter:data2\" content=\"2 minutos\" \/>\n<script type=\"application\/ld+json\" class=\"yoast-schema-graph\">{\"@context\":\"https:\/\/schema.org\",\"@graph\":[{\"@type\":\"Article\",\"@id\":\"https:\/\/pagina10.com\/web\/por-cada-arbol-que-avante-retira-reemplaza-tres\/#article\",\"isPartOf\":{\"@id\":\"https:\/\/pagina10.com\/web\/por-cada-arbol-que-avante-retira-reemplaza-tres\/\"},\"author\":{\"name\":\"P\u00e1gina 10\",\"@id\":\"https:\/\/pagina10.com\/web\/#\/schema\/person\/a7a5d38f0629dfc107f619fbae4f6cc3\"},\"headline\":\"Por cada \u00e1rbol que AVANTE retira, reemplaza tres\",\"datePublished\":\"2016-02-01T03:54:43+00:00\",\"mainEntityOfPage\":{\"@id\":\"https:\/\/pagina10.com\/web\/por-cada-arbol-que-avante-retira-reemplaza-tres\/\"},\"wordCount\":405,\"commentCount\":0,\"publisher\":{\"@id\":\"https:\/\/pagina10.com\/web\/#organization\"},\"image\":{\"@id\":\"https:\/\/pagina10.com\/web\/por-cada-arbol-que-avante-retira-reemplaza-tres\/#primaryimage\"},\"thumbnailUrl\":\"https:\/\/pagina10.com\/web\/wp-content\/uploads\/2016\/02\/d9a30c76bc64f924c74402cd775fa9b5.jpg\",\"inLanguage\":\"es\",\"potentialAction\":[{\"@type\":\"CommentAction\",\"name\":\"Comment\",\"target\":[\"https:\/\/pagina10.com\/web\/por-cada-arbol-que-avante-retira-reemplaza-tres\/#respond\"]}]},{\"@type\":\"WebPage\",\"@id\":\"https:\/\/pagina10.com\/web\/por-cada-arbol-que-avante-retira-reemplaza-tres\/\",\"url\":\"https:\/\/pagina10.com\/web\/por-cada-arbol-que-avante-retira-reemplaza-tres\/\",\"name\":\"Por cada \u00e1rbol que AVANTE retira, reemplaza tres | P\u00e1gina10\",\"isPartOf\":{\"@id\":\"https:\/\/pagina10.com\/web\/#website\"},\"primaryImageOfPage\":{\"@id\":\"https:\/\/pagina10.com\/web\/por-cada-arbol-que-avante-retira-reemplaza-tres\/#primaryimage\"},\"image\":{\"@id\":\"https:\/\/pagina10.com\/web\/por-cada-arbol-que-avante-retira-reemplaza-tres\/#primaryimage\"},\"thumbnailUrl\":\"https:\/\/pagina10.com\/web\/wp-content\/uploads\/2016\/02\/d9a30c76bc64f924c74402cd775fa9b5.jpg\",\"datePublished\":\"2016-02-01T03:54:43+00:00\",\"breadcrumb\":{\"@id\":\"https:\/\/pagina10.com\/web\/por-cada-arbol-que-avante-retira-reemplaza-tres\/#breadcrumb\"},\"inLanguage\":\"es\",\"potentialAction\":[{\"@type\":\"ReadAction\",\"target\":[\"https:\/\/pagina10.com\/web\/por-cada-arbol-que-avante-retira-reemplaza-tres\/\"]}]},{\"@type\":\"ImageObject\",\"inLanguage\":\"es\",\"@id\":\"https:\/\/pagina10.com\/web\/por-cada-arbol-que-avante-retira-reemplaza-tres\/#primaryimage\",\"url\":\"https:\/\/pagina10.com\/web\/wp-content\/uploads\/2016\/02\/d9a30c76bc64f924c74402cd775fa9b5.jpg\",\"contentUrl\":\"https:\/\/pagina10.com\/web\/wp-content\/uploads\/2016\/02\/d9a30c76bc64f924c74402cd775fa9b5.jpg\",\"width\":960,\"height\":540},{\"@type\":\"BreadcrumbList\",\"@id\":\"https:\/\/pagina10.com\/web\/por-cada-arbol-que-avante-retira-reemplaza-tres\/#breadcrumb\",\"itemListElement\":[{\"@type\":\"ListItem\",\"position\":1,\"name\":\"Portada\",\"item\":\"https:\/\/pagina10.com\/web\/\"},{\"@type\":\"ListItem\",\"position\":2,\"name\":\"Por cada \u00e1rbol que AVANTE retira, reemplaza tres\"}]},{\"@type\":\"WebSite\",\"@id\":\"https:\/\/pagina10.com\/web\/#website\",\"url\":\"https:\/\/pagina10.com\/web\/\",\"name\":\"P\u00e1gina10\",\"description\":\"Peri\u00f3dico Regional\",\"publisher\":{\"@id\":\"https:\/\/pagina10.com\/web\/#organization\"},\"alternateName\":\"P\u00e1gina10 Peri\u00f3dico Regional\",\"potentialAction\":[{\"@type\":\"SearchAction\",\"target\":{\"@type\":\"EntryPoint\",\"urlTemplate\":\"https:\/\/pagina10.com\/web\/?s={search_term_string}\"},\"query-input\":{\"@type\":\"PropertyValueSpecification\",\"valueRequired\":true,\"valueName\":\"search_term_string\"}}],\"inLanguage\":\"es\"},{\"@type\":\"Organization\",\"@id\":\"https:\/\/pagina10.com\/web\/#organization\",\"name\":\"P\u00e1gina10\",\"alternateName\":\"P\u00e1gina10 Peri\u00f3dico Regional\",\"url\":\"https:\/\/pagina10.com\/web\/\",\"logo\":{\"@type\":\"ImageObject\",\"inLanguage\":\"es\",\"@id\":\"https:\/\/pagina10.com\/web\/#\/schema\/logo\/image\/\",\"url\":\"https:\/\/pagina10.com\/web\/wp-content\/uploads\/2024\/01\/40-pagina-10-periodico-regional-pasto.jpg\",\"contentUrl\":\"https:\/\/pagina10.com\/web\/wp-content\/uploads\/2024\/01\/40-pagina-10-periodico-regional-pasto.jpg\",\"width\":1280,\"height\":720,\"caption\":\"P\u00e1gina10\"},\"image\":{\"@id\":\"https:\/\/pagina10.com\/web\/#\/schema\/logo\/image\/\"},\"sameAs\":[\"https:\/\/www.facebook.com\/pag10com\",\"https:\/\/x.com\/Pag10com\",\"https:\/\/www.instagram.com\/pagina10col\/\",\"https:\/\/youtube.com\/channel\/pag10\",\"https:\/\/www.tiktok.com\/@p10col\"]},{\"@type\":\"Person\",\"@id\":\"https:\/\/pagina10.com\/web\/#\/schema\/person\/a7a5d38f0629dfc107f619fbae4f6cc3\",\"name\":\"P\u00e1gina 10\",\"description\":\"P\u00e1gina10.com es un peri\u00f3dico digital que nace en Colombia, en el departamento de Nari\u00f1o, con un enfoque global, fundamentado en cuatro pilares esenciales: la libertad, el pluralismo, la inclusi\u00f3n y la independencia. P\u00e1gina10.com hace referencia a Nari\u00f1o como el d\u00e9cimo departamento creado en Colombia, despu\u00e9s de un proceso pol\u00edtico liderado por actores y actrices regionales con el fin de obtener la independencia y autonom\u00eda de nuestros territorios. Con la creaci\u00f3n de P\u00e1gina10.com se pretende abrir un escenario para el dialogo, la reflexi\u00f3n y el debate que se extienda a otras geograf\u00edas de Am\u00e9rica Latina y del planeta, en una apuesta por transformar colectivamente los desaf\u00edos de un mundo contempor\u00e1neo, m\u00e1s all\u00e1 de las fronteras impuestas.\",\"url\":\"https:\/\/pagina10.com\/web\/author\/mcepeda\/\"}]}<\/script>\n<!-- \/ Yoast SEO plugin. -->","yoast_head_json":{"title":"Por cada \u00e1rbol que AVANTE retira, reemplaza tres | P\u00e1gina10","robots":{"index":"index","follow":"follow","max-snippet":"max-snippet:-1","max-image-preview":"max-image-preview:large","max-video-preview":"max-video-preview:-1"},"canonical":"https:\/\/pagina10.com\/web\/por-cada-arbol-que-avante-retira-reemplaza-tres\/","og_locale":"es_ES","og_type":"article","og_title":"Por cada \u00e1rbol que AVANTE retira, reemplaza tres | P\u00e1gina10","og_description":"Continuando con el proceso de implementaci\u00f3n del Sistema Estrat\u00e9gico de Transporte P\u00fablico, AVANTE informa a la ciudadan\u00eda, que la raz\u00f3n por la cual se toma la decisi\u00f3n de retirar (apear) \u00e1rboles dentro de las obras del sistema, se debe a los da\u00f1os potenciales que podr\u00edan ocurrir por causa de las ra\u00edces en la estructura del [&hellip;]","og_url":"https:\/\/pagina10.com\/web\/por-cada-arbol-que-avante-retira-reemplaza-tres\/","og_site_name":"P\u00e1gina10","article_publisher":"https:\/\/www.facebook.com\/pag10com","article_published_time":"2016-02-01T03:54:43+00:00","og_image":[{"width":960,"height":540,"url":"https:\/\/pagina10.com\/web\/wp-content\/uploads\/2016\/02\/d9a30c76bc64f924c74402cd775fa9b5.jpg","type":"image\/jpeg"}],"author":"P\u00e1gina 10","twitter_card":"summary_large_image","twitter_creator":"@Pag10com","twitter_site":"@Pag10com","twitter_misc":{"Escrito por":"P\u00e1gina 10","Tiempo de lectura":"2 minutos"},"schema":{"@context":"https:\/\/schema.org","@graph":[{"@type":"Article","@id":"https:\/\/pagina10.com\/web\/por-cada-arbol-que-avante-retira-reemplaza-tres\/#article","isPartOf":{"@id":"https:\/\/pagina10.com\/web\/por-cada-arbol-que-avante-retira-reemplaza-tres\/"},"author":{"name":"P\u00e1gina 10","@id":"https:\/\/pagina10.com\/web\/#\/schema\/person\/a7a5d38f0629dfc107f619fbae4f6cc3"},"headline":"Por cada \u00e1rbol que AVANTE retira, reemplaza tres","datePublished":"2016-02-01T03:54:43+00:00","mainEntityOfPage":{"@id":"https:\/\/pagina10.com\/web\/por-cada-arbol-que-avante-retira-reemplaza-tres\/"},"wordCount":405,"commentCount":0,"publisher":{"@id":"https:\/\/pagina10.com\/web\/#organization"},"image":{"@id":"https:\/\/pagina10.com\/web\/por-cada-arbol-que-avante-retira-reemplaza-tres\/#primaryimage"},"thumbnailUrl":"https:\/\/pagina10.com\/web\/wp-content\/uploads\/2016\/02\/d9a30c76bc64f924c74402cd775fa9b5.jpg","inLanguage":"es","potentialAction":[{"@type":"CommentAction","name":"Comment","target":["https:\/\/pagina10.com\/web\/por-cada-arbol-que-avante-retira-reemplaza-tres\/#respond"]}]},{"@type":"WebPage","@id":"https:\/\/pagina10.com\/web\/por-cada-arbol-que-avante-retira-reemplaza-tres\/","url":"https:\/\/pagina10.com\/web\/por-cada-arbol-que-avante-retira-reemplaza-tres\/","name":"Por cada \u00e1rbol que AVANTE retira, reemplaza tres | P\u00e1gina10","isPartOf":{"@id":"https:\/\/pagina10.com\/web\/#website"},"primaryImageOfPage":{"@id":"https:\/\/pagina10.com\/web\/por-cada-arbol-que-avante-retira-reemplaza-tres\/#primaryimage"},"image":{"@id":"https:\/\/pagina10.com\/web\/por-cada-arbol-que-avante-retira-reemplaza-tres\/#primaryimage"},"thumbnailUrl":"https:\/\/pagina10.com\/web\/wp-content\/uploads\/2016\/02\/d9a30c76bc64f924c74402cd775fa9b5.jpg","datePublished":"2016-02-01T03:54:43+00:00","breadcrumb":{"@id":"https:\/\/pagina10.com\/web\/por-cada-arbol-que-avante-retira-reemplaza-tres\/#breadcrumb"},"inLanguage":"es","potentialAction":[{"@type":"ReadAction","target":["https:\/\/pagina10.com\/web\/por-cada-arbol-que-avante-retira-reemplaza-tres\/"]}]},{"@type":"ImageObject","inLanguage":"es","@id":"https:\/\/pagina10.com\/web\/por-cada-arbol-que-avante-retira-reemplaza-tres\/#primaryimage","url":"https:\/\/pagina10.com\/web\/wp-content\/uploads\/2016\/02\/d9a30c76bc64f924c74402cd775fa9b5.jpg","contentUrl":"https:\/\/pagina10.com\/web\/wp-content\/uploads\/2016\/02\/d9a30c76bc64f924c74402cd775fa9b5.jpg","width":960,"height":540},{"@type":"BreadcrumbList","@id":"https:\/\/pagina10.com\/web\/por-cada-arbol-que-avante-retira-reemplaza-tres\/#breadcrumb","itemListElement":[{"@type":"ListItem","position":1,"name":"Portada","item":"https:\/\/pagina10.com\/web\/"},{"@type":"ListItem","position":2,"name":"Por cada \u00e1rbol que AVANTE retira, reemplaza tres"}]},{"@type":"WebSite","@id":"https:\/\/pagina10.com\/web\/#website","url":"https:\/\/pagina10.com\/web\/","name":"P\u00e1gina10","description":"Peri\u00f3dico Regional","publisher":{"@id":"https:\/\/pagina10.com\/web\/#organization"},"alternateName":"P\u00e1gina10 Peri\u00f3dico Regional","potentialAction":[{"@type":"SearchAction","target":{"@type":"EntryPoint","urlTemplate":"https:\/\/pagina10.com\/web\/?s={search_term_string}"},"query-input":{"@type":"PropertyValueSpecification","valueRequired":true,"valueName":"search_term_string"}}],"inLanguage":"es"},{"@type":"Organization","@id":"https:\/\/pagina10.com\/web\/#organization","name":"P\u00e1gina10","alternateName":"P\u00e1gina10 Peri\u00f3dico Regional","url":"https:\/\/pagina10.com\/web\/","logo":{"@type":"ImageObject","inLanguage":"es","@id":"https:\/\/pagina10.com\/web\/#\/schema\/logo\/image\/","url":"https:\/\/pagina10.com\/web\/wp-content\/uploads\/2024\/01\/40-pagina-10-periodico-regional-pasto.jpg","contentUrl":"https:\/\/pagina10.com\/web\/wp-content\/uploads\/2024\/01\/40-pagina-10-periodico-regional-pasto.jpg","width":1280,"height":720,"caption":"P\u00e1gina10"},"image":{"@id":"https:\/\/pagina10.com\/web\/#\/schema\/logo\/image\/"},"sameAs":["https:\/\/www.facebook.com\/pag10com","https:\/\/x.com\/Pag10com","https:\/\/www.instagram.com\/pagina10col\/","https:\/\/youtube.com\/channel\/pag10","https:\/\/www.tiktok.com\/@p10col"]},{"@type":"Person","@id":"https:\/\/pagina10.com\/web\/#\/schema\/person\/a7a5d38f0629dfc107f619fbae4f6cc3","name":"P\u00e1gina 10","description":"P\u00e1gina10.com es un peri\u00f3dico digital que nace en Colombia, en el departamento de Nari\u00f1o, con un enfoque global, fundamentado en cuatro pilares esenciales: la libertad, el pluralismo, la inclusi\u00f3n y la independencia. P\u00e1gina10.com hace referencia a Nari\u00f1o como el d\u00e9cimo departamento creado en Colombia, despu\u00e9s de un proceso pol\u00edtico liderado por actores y actrices regionales con el fin de obtener la independencia y autonom\u00eda de nuestros territorios. Con la creaci\u00f3n de P\u00e1gina10.com se pretende abrir un escenario para el dialogo, la reflexi\u00f3n y el debate que se extienda a otras geograf\u00edas de Am\u00e9rica Latina y del planeta, en una apuesta por transformar colectivamente los desaf\u00edos de un mundo contempor\u00e1neo, m\u00e1s all\u00e1 de las fronteras impuestas.","url":"https:\/\/pagina10.com\/web\/author\/mcepeda\/"}]}},"_links":{"self":[{"href":"https:\/\/pagina10.com\/web\/wp-json\/wp\/v2\/posts\/19550","targetHints":{"allow":["GET"]}}],"collection":[{"href":"https:\/\/pagina10.com\/web\/wp-json\/wp\/v2\/posts"}],"about":[{"href":"https:\/\/pagina10.com\/web\/wp-json\/wp\/v2\/types\/post"}],"author":[{"embeddable":true,"href":"https:\/\/pagina10.com\/web\/wp-json\/wp\/v2\/users\/29"}],"replies":[{"embeddable":true,"href":"https:\/\/pagina10.com\/web\/wp-json\/wp\/v2\/comments?post=19550"}],"version-history":[{"count":0,"href":"https:\/\/pagina10.com\/web\/wp-json\/wp\/v2\/posts\/19550\/revisions"}],"wp:featuredmedia":[{"embeddable":true,"href":"https:\/\/pagina10.com\/web\/wp-json\/wp\/v2\/media\/19549"}],"wp:attachment":[{"href":"https:\/\/pagina10.com\/web\/wp-json\/wp\/v2\/media?parent=19550"}],"wp:term":[{"taxonomy":"category","embeddable":true,"href":"https:\/\/pagina10.com\/web\/wp-json\/wp\/v2\/categories?post=19550"},{"taxonomy":"post_tag","embeddable":true,"href":"https:\/\/pagina10.com\/web\/wp-json\/wp\/v2\/tags?post=19550"}],"curies":[{"name":"wp","href":"https:\/\/api.w.org\/{rel}","templated":true}]}}