{"id":19554,"date":"2016-02-01T13:50:26","date_gmt":"2016-02-01T13:50:26","guid":{"rendered":"https:\/\/pagina10.com\/web\/ejercito-se-une-al-combate-de-la-sequia-en-las-zonas-mas-afectadas-de-narino\/"},"modified":"2016-02-01T13:50:26","modified_gmt":"2016-02-01T13:50:26","slug":"ejercito-se-une-al-combate-de-la-sequia-en-las-zonas-mas-afectadas-de-narino","status":"publish","type":"post","link":"https:\/\/pagina10.com\/web\/ejercito-se-une-al-combate-de-la-sequia-en-las-zonas-mas-afectadas-de-narino\/","title":{"rendered":"Ejercito se une al combate de la sequ\u00eda en las zonas m\u00e1s afectadas de Nari\u00f1o"},"content":{"rendered":"<p><img fetchpriority=\"high\" decoding=\"async\" class=\" size-full wp-image-19553\" src=\"https:\/\/pagina10.com\/web\/wp-content\/uploads\/2016\/02\/0b1b2fc3fdb24571765784b164427692.jpg\" alt=\"\" width=\"1599\" height=\"1200\" srcset=\"https:\/\/pagina10.com\/web\/wp-content\/uploads\/2016\/02\/0b1b2fc3fdb24571765784b164427692.jpg 1599w, https:\/\/pagina10.com\/web\/wp-content\/uploads\/2016\/02\/0b1b2fc3fdb24571765784b164427692-300x225.jpg 300w, https:\/\/pagina10.com\/web\/wp-content\/uploads\/2016\/02\/0b1b2fc3fdb24571765784b164427692-1024x768.jpg 1024w, https:\/\/pagina10.com\/web\/wp-content\/uploads\/2016\/02\/0b1b2fc3fdb24571765784b164427692-768x576.jpg 768w, https:\/\/pagina10.com\/web\/wp-content\/uploads\/2016\/02\/0b1b2fc3fdb24571765784b164427692-1536x1153.jpg 1536w, https:\/\/pagina10.com\/web\/wp-content\/uploads\/2016\/02\/0b1b2fc3fdb24571765784b164427692-86x64.jpg 86w\" sizes=\"(max-width: 1599px) 100vw, 1599px\" \/><\/p>\n<p style=\"text-align: justify;\">&nbsp;Luego de la declaratoria de alerta roja por incendios forestales en 40 municipios del departamento de Nari\u00f1o, debido a los efectos del fen\u00f3meno del Ni\u00f1o y teniendo en cuenta que los primeros meses del a\u00f1o ser\u00e1n los m\u00e1s complejos en t\u00e9rminos de calor en gran parte del territorio, la Fuerza de Tarea Pegaso del Ej\u00e9rcito Nacional contin\u00faa con la entrega de ayudas consistentes en abastecimiento de agua a las poblaciones m\u00e1s afectadas de esta Regi\u00f3n del Sur del Pa\u00eds.<\/p>\n<p style=\"text-align: justify;\">Las mismas est\u00e1n representadas en 300 bolsas de agua de 6 litros cada una, 54 filtros para purificaci\u00f3n y 24.000 litros de agua, los cuales fueron entregados en carro \u2013 tanques, haciendo la distribuci\u00f3n casa a casa, en el Municipio de Policarpa, uno de los sectores m\u00e1s afectados por las inclemencias de la sequ\u00eda en el departamento de Nari\u00f1o, en una jornada que adicionalmente incluy\u00f3 actividades culturales y deportivas, y en la que aproximadamente 3000 personas resultaron beneficiadas.<\/p>\n<p style=\"text-align: justify;\">En lo que va corrido del presente a\u00f1o el Batall\u00f3n de Infanter\u00eda No.9 &#8220;Batalla de Boyac\u00e1&#8221;, a trav\u00e9s de veh\u00edculos tipo carro &#8211; tanque, con capacidad de transportar hasta 24.000 litros de agua cada uno, ha entregado a poblaci\u00f3n vulnerable de los Municipios de tabl\u00f3n de G\u00f3mez y Policarpa, aproximadamente 50.000 litros de agua potable apta para el consumo humano, en escuelas, hospitales, viviendas y ancianatos, como una medida que hace parte del plan de mitigaci\u00f3n del riesgo que de manera articulada, implementa el Ej\u00e9rcito Nacional, en coordinaci\u00f3n con la administraci\u00f3n municipal, en varias jornadas que se intensifican por estos d\u00edas hacia la zona rural del departamento de Nari\u00f1o y que buscan reducir el impacto de la sequ\u00eda en este sector del pa\u00eds.<\/p>\n<p style=\"text-align: justify;\">En su \u00faltimo informe, el Instituto de Hidrolog\u00eda, Meteorolog\u00eda y Estudios Ambientales (Ideam) anunci\u00f3 que los niveles de varios afluentes del pa\u00eds pueden presentar desabastecimiento debido a las altas temperaturas, principalmente en la regi\u00f3n central, andina y caribe, por lo que debido a los efectos del fen\u00f3meno del ni\u00f1o, se espera que llueva en promedio a mediados del mes de abril.<\/p>\n<p style=\"text-align: justify;\">Por ello el Coronel William Santamar\u00eda Benavides, Comandante de la Vig\u00e9sima Tercera Brigada afirm\u00f3 que las ayudas se seguir\u00e1n entregando en otros municipios que tambi\u00e9n han sido afectados por la temporada seca y las altas temperaturas. &#8220;Con carro &#8211; tanques del Ej\u00e9rcito Nacional, continuaremos tratando de abastecer a las familias afectadas por la sequ\u00eda, comprometidos con el bienestar de los habitantes de esta regi\u00f3n puntualiz\u00f3, por lo que adem\u00e1s hizo un llamado a la poblaci\u00f3n civil a cuidar el preciado l\u00edquido, evitando actividades que impliquen manejo de fuego, preservando y optimizando el agua, cerrando grifos cuando no se est\u00e9n usando y evitando botar objetos de vidrio, cigarrillos u otros desechos que puedan ocasionar incendios forestales.<\/p>\n<p style=\"text-align: justify;\">Dada que la situaci\u00f3n m\u00e1s cr\u00edtica se presenta en el casco urbano y en sectores como el Bajo Pat\u00eda, el Alto Policarpa y Puerto Rico, donde solo se cuenta con agua potable dos veces al d\u00eda a ra\u00edz del racionamiento, la alcaldesa del Municipio de Policarpa, Claudia In\u00e9s Cabrera, se mostr\u00f3 muy optimista y complacida con la entrega del preciado l\u00edquido y con el trabajo continuo que vienen desarrollando los diferentes batallones adscritos a la Fuerza de Tarea Pegaso, con el \u00e1nimo de mitigar los efectos negativos de la temporada seca.<\/p>\n<p style=\"text-align: justify;\">Esta jornada tomo por sorpresa a sus habitantes que con sonrisas en sus rostros agradecieron al Ej\u00e9rcito Nacional por ser un aliado para el progreso, por hacer presencia en estas zonas azotadas por la violencia de grupos al margen de la ley y por brindarles apoyo a trav\u00e9s de estas excelentes iniciativas.<\/p>\n<p style=\"text-align: justify;\">La misi\u00f3n del Ej\u00e9rcito Nacional para esta temporada de sequ\u00eda es continuar preparado y atento, apoyando a las comunidades m\u00e1s vulnerables, por intermedio de sus mandatarios y autoridades locales, que se constituyen en pieza fundamental para que estas ayudas, lleguen hacia las zonas m\u00e1s inh\u00f3spitas y apartadas del departamento.<\/p>\n","protected":false},"excerpt":{"rendered":"<p>&nbsp;Luego de la declaratoria de alerta roja por incendios forestales en 40 municipios del departamento de Nari\u00f1o, debido a los efectos del fen\u00f3meno del Ni\u00f1o y teniendo en cuenta que los primeros meses del a\u00f1o ser\u00e1n los m\u00e1s complejos en t\u00e9rminos de calor en gran parte del territorio, la Fuerza de Tarea Pegaso del Ej\u00e9rcito [&hellip;]<\/p>\n","protected":false},"author":29,"featured_media":19553,"comment_status":"open","ping_status":"open","sticky":false,"template":"","format":"standard","meta":{"footnotes":""},"categories":[1],"tags":[],"class_list":["post-19554","post","type-post","status-publish","format-standard","has-post-thumbnail","hentry","category-sin-categoria"],"yoast_head":"<!-- This site is optimized with the Yoast SEO plugin v27.1.1 - https:\/\/yoast.com\/product\/yoast-seo-wordpress\/ -->\n<title>Ejercito se une al combate de la sequ\u00eda en las zonas m\u00e1s afectadas de Nari\u00f1o | P\u00e1gina10<\/title>\n<meta name=\"robots\" content=\"index, follow, max-snippet:-1, max-image-preview:large, max-video-preview:-1\" \/>\n<link rel=\"canonical\" href=\"https:\/\/pagina10.com\/web\/ejercito-se-une-al-combate-de-la-sequia-en-las-zonas-mas-afectadas-de-narino\/\" \/>\n<meta property=\"og:locale\" content=\"es_ES\" \/>\n<meta property=\"og:type\" content=\"article\" \/>\n<meta property=\"og:title\" content=\"Ejercito se une al combate de la sequ\u00eda en las zonas m\u00e1s afectadas de Nari\u00f1o | P\u00e1gina10\" \/>\n<meta property=\"og:description\" content=\"&nbsp;Luego de la declaratoria de alerta roja por incendios forestales en 40 municipios del departamento de Nari\u00f1o, debido a los efectos del fen\u00f3meno del Ni\u00f1o y teniendo en cuenta que los primeros meses del a\u00f1o ser\u00e1n los m\u00e1s complejos en t\u00e9rminos de calor en gran parte del territorio, la Fuerza de Tarea Pegaso del Ej\u00e9rcito [&hellip;]\" \/>\n<meta property=\"og:url\" content=\"https:\/\/pagina10.com\/web\/ejercito-se-une-al-combate-de-la-sequia-en-las-zonas-mas-afectadas-de-narino\/\" \/>\n<meta property=\"og:site_name\" content=\"P\u00e1gina10\" \/>\n<meta property=\"article:publisher\" content=\"https:\/\/www.facebook.com\/pag10com\" \/>\n<meta property=\"article:published_time\" content=\"2016-02-01T13:50:26+00:00\" \/>\n<meta property=\"og:image\" content=\"https:\/\/pagina10.com\/web\/wp-content\/uploads\/2016\/02\/0b1b2fc3fdb24571765784b164427692.jpg\" \/>\n\t<meta property=\"og:image:width\" content=\"1599\" \/>\n\t<meta property=\"og:image:height\" content=\"1200\" \/>\n\t<meta property=\"og:image:type\" content=\"image\/jpeg\" \/>\n<meta name=\"author\" content=\"P\u00e1gina 10\" \/>\n<meta name=\"twitter:card\" content=\"summary_large_image\" \/>\n<meta name=\"twitter:creator\" content=\"@Pag10com\" \/>\n<meta name=\"twitter:site\" content=\"@Pag10com\" \/>\n<meta name=\"twitter:label1\" content=\"Escrito por\" \/>\n\t<meta name=\"twitter:data1\" content=\"P\u00e1gina 10\" \/>\n\t<meta name=\"twitter:label2\" content=\"Tiempo de lectura\" \/>\n\t<meta name=\"twitter:data2\" content=\"4 minutos\" \/>\n<script type=\"application\/ld+json\" class=\"yoast-schema-graph\">{\"@context\":\"https:\/\/schema.org\",\"@graph\":[{\"@type\":\"Article\",\"@id\":\"https:\/\/pagina10.com\/web\/ejercito-se-une-al-combate-de-la-sequia-en-las-zonas-mas-afectadas-de-narino\/#article\",\"isPartOf\":{\"@id\":\"https:\/\/pagina10.com\/web\/ejercito-se-une-al-combate-de-la-sequia-en-las-zonas-mas-afectadas-de-narino\/\"},\"author\":{\"name\":\"P\u00e1gina 10\",\"@id\":\"https:\/\/pagina10.com\/web\/#\/schema\/person\/a7a5d38f0629dfc107f619fbae4f6cc3\"},\"headline\":\"Ejercito se une al combate de la sequ\u00eda en las zonas m\u00e1s afectadas de Nari\u00f1o\",\"datePublished\":\"2016-02-01T13:50:26+00:00\",\"mainEntityOfPage\":{\"@id\":\"https:\/\/pagina10.com\/web\/ejercito-se-une-al-combate-de-la-sequia-en-las-zonas-mas-afectadas-de-narino\/\"},\"wordCount\":725,\"commentCount\":0,\"publisher\":{\"@id\":\"https:\/\/pagina10.com\/web\/#organization\"},\"image\":{\"@id\":\"https:\/\/pagina10.com\/web\/ejercito-se-une-al-combate-de-la-sequia-en-las-zonas-mas-afectadas-de-narino\/#primaryimage\"},\"thumbnailUrl\":\"https:\/\/pagina10.com\/web\/wp-content\/uploads\/2016\/02\/0b1b2fc3fdb24571765784b164427692.jpg\",\"inLanguage\":\"es\",\"potentialAction\":[{\"@type\":\"CommentAction\",\"name\":\"Comment\",\"target\":[\"https:\/\/pagina10.com\/web\/ejercito-se-une-al-combate-de-la-sequia-en-las-zonas-mas-afectadas-de-narino\/#respond\"]}]},{\"@type\":\"WebPage\",\"@id\":\"https:\/\/pagina10.com\/web\/ejercito-se-une-al-combate-de-la-sequia-en-las-zonas-mas-afectadas-de-narino\/\",\"url\":\"https:\/\/pagina10.com\/web\/ejercito-se-une-al-combate-de-la-sequia-en-las-zonas-mas-afectadas-de-narino\/\",\"name\":\"Ejercito se une al combate de la sequ\u00eda en las zonas m\u00e1s afectadas de Nari\u00f1o | P\u00e1gina10\",\"isPartOf\":{\"@id\":\"https:\/\/pagina10.com\/web\/#website\"},\"primaryImageOfPage\":{\"@id\":\"https:\/\/pagina10.com\/web\/ejercito-se-une-al-combate-de-la-sequia-en-las-zonas-mas-afectadas-de-narino\/#primaryimage\"},\"image\":{\"@id\":\"https:\/\/pagina10.com\/web\/ejercito-se-une-al-combate-de-la-sequia-en-las-zonas-mas-afectadas-de-narino\/#primaryimage\"},\"thumbnailUrl\":\"https:\/\/pagina10.com\/web\/wp-content\/uploads\/2016\/02\/0b1b2fc3fdb24571765784b164427692.jpg\",\"datePublished\":\"2016-02-01T13:50:26+00:00\",\"breadcrumb\":{\"@id\":\"https:\/\/pagina10.com\/web\/ejercito-se-une-al-combate-de-la-sequia-en-las-zonas-mas-afectadas-de-narino\/#breadcrumb\"},\"inLanguage\":\"es\",\"potentialAction\":[{\"@type\":\"ReadAction\",\"target\":[\"https:\/\/pagina10.com\/web\/ejercito-se-une-al-combate-de-la-sequia-en-las-zonas-mas-afectadas-de-narino\/\"]}]},{\"@type\":\"ImageObject\",\"inLanguage\":\"es\",\"@id\":\"https:\/\/pagina10.com\/web\/ejercito-se-une-al-combate-de-la-sequia-en-las-zonas-mas-afectadas-de-narino\/#primaryimage\",\"url\":\"https:\/\/pagina10.com\/web\/wp-content\/uploads\/2016\/02\/0b1b2fc3fdb24571765784b164427692.jpg\",\"contentUrl\":\"https:\/\/pagina10.com\/web\/wp-content\/uploads\/2016\/02\/0b1b2fc3fdb24571765784b164427692.jpg\",\"width\":1599,\"height\":1200},{\"@type\":\"BreadcrumbList\",\"@id\":\"https:\/\/pagina10.com\/web\/ejercito-se-une-al-combate-de-la-sequia-en-las-zonas-mas-afectadas-de-narino\/#breadcrumb\",\"itemListElement\":[{\"@type\":\"ListItem\",\"position\":1,\"name\":\"Portada\",\"item\":\"https:\/\/pagina10.com\/web\/\"},{\"@type\":\"ListItem\",\"position\":2,\"name\":\"Ejercito se une al combate de la sequ\u00eda en las zonas m\u00e1s afectadas de Nari\u00f1o\"}]},{\"@type\":\"WebSite\",\"@id\":\"https:\/\/pagina10.com\/web\/#website\",\"url\":\"https:\/\/pagina10.com\/web\/\",\"name\":\"P\u00e1gina10\",\"description\":\"Peri\u00f3dico Regional\",\"publisher\":{\"@id\":\"https:\/\/pagina10.com\/web\/#organization\"},\"alternateName\":\"P\u00e1gina10 Peri\u00f3dico Regional\",\"potentialAction\":[{\"@type\":\"SearchAction\",\"target\":{\"@type\":\"EntryPoint\",\"urlTemplate\":\"https:\/\/pagina10.com\/web\/?s={search_term_string}\"},\"query-input\":{\"@type\":\"PropertyValueSpecification\",\"valueRequired\":true,\"valueName\":\"search_term_string\"}}],\"inLanguage\":\"es\"},{\"@type\":\"Organization\",\"@id\":\"https:\/\/pagina10.com\/web\/#organization\",\"name\":\"P\u00e1gina10\",\"alternateName\":\"P\u00e1gina10 Peri\u00f3dico Regional\",\"url\":\"https:\/\/pagina10.com\/web\/\",\"logo\":{\"@type\":\"ImageObject\",\"inLanguage\":\"es\",\"@id\":\"https:\/\/pagina10.com\/web\/#\/schema\/logo\/image\/\",\"url\":\"https:\/\/pagina10.com\/web\/wp-content\/uploads\/2024\/01\/40-pagina-10-periodico-regional-pasto.jpg\",\"contentUrl\":\"https:\/\/pagina10.com\/web\/wp-content\/uploads\/2024\/01\/40-pagina-10-periodico-regional-pasto.jpg\",\"width\":1280,\"height\":720,\"caption\":\"P\u00e1gina10\"},\"image\":{\"@id\":\"https:\/\/pagina10.com\/web\/#\/schema\/logo\/image\/\"},\"sameAs\":[\"https:\/\/www.facebook.com\/pag10com\",\"https:\/\/x.com\/Pag10com\",\"https:\/\/www.instagram.com\/pagina10col\/\",\"https:\/\/youtube.com\/channel\/pag10\",\"https:\/\/www.tiktok.com\/@p10col\"]},{\"@type\":\"Person\",\"@id\":\"https:\/\/pagina10.com\/web\/#\/schema\/person\/a7a5d38f0629dfc107f619fbae4f6cc3\",\"name\":\"P\u00e1gina 10\",\"description\":\"P\u00e1gina10.com es un peri\u00f3dico digital que nace en Colombia, en el departamento de Nari\u00f1o, con un enfoque global, fundamentado en cuatro pilares esenciales: la libertad, el pluralismo, la inclusi\u00f3n y la independencia. P\u00e1gina10.com hace referencia a Nari\u00f1o como el d\u00e9cimo departamento creado en Colombia, despu\u00e9s de un proceso pol\u00edtico liderado por actores y actrices regionales con el fin de obtener la independencia y autonom\u00eda de nuestros territorios. Con la creaci\u00f3n de P\u00e1gina10.com se pretende abrir un escenario para el dialogo, la reflexi\u00f3n y el debate que se extienda a otras geograf\u00edas de Am\u00e9rica Latina y del planeta, en una apuesta por transformar colectivamente los desaf\u00edos de un mundo contempor\u00e1neo, m\u00e1s all\u00e1 de las fronteras impuestas.\",\"url\":\"https:\/\/pagina10.com\/web\/author\/mcepeda\/\"}]}<\/script>\n<!-- \/ Yoast SEO plugin. -->","yoast_head_json":{"title":"Ejercito se une al combate de la sequ\u00eda en las zonas m\u00e1s afectadas de Nari\u00f1o | P\u00e1gina10","robots":{"index":"index","follow":"follow","max-snippet":"max-snippet:-1","max-image-preview":"max-image-preview:large","max-video-preview":"max-video-preview:-1"},"canonical":"https:\/\/pagina10.com\/web\/ejercito-se-une-al-combate-de-la-sequia-en-las-zonas-mas-afectadas-de-narino\/","og_locale":"es_ES","og_type":"article","og_title":"Ejercito se une al combate de la sequ\u00eda en las zonas m\u00e1s afectadas de Nari\u00f1o | P\u00e1gina10","og_description":"&nbsp;Luego de la declaratoria de alerta roja por incendios forestales en 40 municipios del departamento de Nari\u00f1o, debido a los efectos del fen\u00f3meno del Ni\u00f1o y teniendo en cuenta que los primeros meses del a\u00f1o ser\u00e1n los m\u00e1s complejos en t\u00e9rminos de calor en gran parte del territorio, la Fuerza de Tarea Pegaso del Ej\u00e9rcito [&hellip;]","og_url":"https:\/\/pagina10.com\/web\/ejercito-se-une-al-combate-de-la-sequia-en-las-zonas-mas-afectadas-de-narino\/","og_site_name":"P\u00e1gina10","article_publisher":"https:\/\/www.facebook.com\/pag10com","article_published_time":"2016-02-01T13:50:26+00:00","og_image":[{"width":1599,"height":1200,"url":"https:\/\/pagina10.com\/web\/wp-content\/uploads\/2016\/02\/0b1b2fc3fdb24571765784b164427692.jpg","type":"image\/jpeg"}],"author":"P\u00e1gina 10","twitter_card":"summary_large_image","twitter_creator":"@Pag10com","twitter_site":"@Pag10com","twitter_misc":{"Escrito por":"P\u00e1gina 10","Tiempo de lectura":"4 minutos"},"schema":{"@context":"https:\/\/schema.org","@graph":[{"@type":"Article","@id":"https:\/\/pagina10.com\/web\/ejercito-se-une-al-combate-de-la-sequia-en-las-zonas-mas-afectadas-de-narino\/#article","isPartOf":{"@id":"https:\/\/pagina10.com\/web\/ejercito-se-une-al-combate-de-la-sequia-en-las-zonas-mas-afectadas-de-narino\/"},"author":{"name":"P\u00e1gina 10","@id":"https:\/\/pagina10.com\/web\/#\/schema\/person\/a7a5d38f0629dfc107f619fbae4f6cc3"},"headline":"Ejercito se une al combate de la sequ\u00eda en las zonas m\u00e1s afectadas de Nari\u00f1o","datePublished":"2016-02-01T13:50:26+00:00","mainEntityOfPage":{"@id":"https:\/\/pagina10.com\/web\/ejercito-se-une-al-combate-de-la-sequia-en-las-zonas-mas-afectadas-de-narino\/"},"wordCount":725,"commentCount":0,"publisher":{"@id":"https:\/\/pagina10.com\/web\/#organization"},"image":{"@id":"https:\/\/pagina10.com\/web\/ejercito-se-une-al-combate-de-la-sequia-en-las-zonas-mas-afectadas-de-narino\/#primaryimage"},"thumbnailUrl":"https:\/\/pagina10.com\/web\/wp-content\/uploads\/2016\/02\/0b1b2fc3fdb24571765784b164427692.jpg","inLanguage":"es","potentialAction":[{"@type":"CommentAction","name":"Comment","target":["https:\/\/pagina10.com\/web\/ejercito-se-une-al-combate-de-la-sequia-en-las-zonas-mas-afectadas-de-narino\/#respond"]}]},{"@type":"WebPage","@id":"https:\/\/pagina10.com\/web\/ejercito-se-une-al-combate-de-la-sequia-en-las-zonas-mas-afectadas-de-narino\/","url":"https:\/\/pagina10.com\/web\/ejercito-se-une-al-combate-de-la-sequia-en-las-zonas-mas-afectadas-de-narino\/","name":"Ejercito se une al combate de la sequ\u00eda en las zonas m\u00e1s afectadas de Nari\u00f1o | P\u00e1gina10","isPartOf":{"@id":"https:\/\/pagina10.com\/web\/#website"},"primaryImageOfPage":{"@id":"https:\/\/pagina10.com\/web\/ejercito-se-une-al-combate-de-la-sequia-en-las-zonas-mas-afectadas-de-narino\/#primaryimage"},"image":{"@id":"https:\/\/pagina10.com\/web\/ejercito-se-une-al-combate-de-la-sequia-en-las-zonas-mas-afectadas-de-narino\/#primaryimage"},"thumbnailUrl":"https:\/\/pagina10.com\/web\/wp-content\/uploads\/2016\/02\/0b1b2fc3fdb24571765784b164427692.jpg","datePublished":"2016-02-01T13:50:26+00:00","breadcrumb":{"@id":"https:\/\/pagina10.com\/web\/ejercito-se-une-al-combate-de-la-sequia-en-las-zonas-mas-afectadas-de-narino\/#breadcrumb"},"inLanguage":"es","potentialAction":[{"@type":"ReadAction","target":["https:\/\/pagina10.com\/web\/ejercito-se-une-al-combate-de-la-sequia-en-las-zonas-mas-afectadas-de-narino\/"]}]},{"@type":"ImageObject","inLanguage":"es","@id":"https:\/\/pagina10.com\/web\/ejercito-se-une-al-combate-de-la-sequia-en-las-zonas-mas-afectadas-de-narino\/#primaryimage","url":"https:\/\/pagina10.com\/web\/wp-content\/uploads\/2016\/02\/0b1b2fc3fdb24571765784b164427692.jpg","contentUrl":"https:\/\/pagina10.com\/web\/wp-content\/uploads\/2016\/02\/0b1b2fc3fdb24571765784b164427692.jpg","width":1599,"height":1200},{"@type":"BreadcrumbList","@id":"https:\/\/pagina10.com\/web\/ejercito-se-une-al-combate-de-la-sequia-en-las-zonas-mas-afectadas-de-narino\/#breadcrumb","itemListElement":[{"@type":"ListItem","position":1,"name":"Portada","item":"https:\/\/pagina10.com\/web\/"},{"@type":"ListItem","position":2,"name":"Ejercito se une al combate de la sequ\u00eda en las zonas m\u00e1s afectadas de Nari\u00f1o"}]},{"@type":"WebSite","@id":"https:\/\/pagina10.com\/web\/#website","url":"https:\/\/pagina10.com\/web\/","name":"P\u00e1gina10","description":"Peri\u00f3dico Regional","publisher":{"@id":"https:\/\/pagina10.com\/web\/#organization"},"alternateName":"P\u00e1gina10 Peri\u00f3dico Regional","potentialAction":[{"@type":"SearchAction","target":{"@type":"EntryPoint","urlTemplate":"https:\/\/pagina10.com\/web\/?s={search_term_string}"},"query-input":{"@type":"PropertyValueSpecification","valueRequired":true,"valueName":"search_term_string"}}],"inLanguage":"es"},{"@type":"Organization","@id":"https:\/\/pagina10.com\/web\/#organization","name":"P\u00e1gina10","alternateName":"P\u00e1gina10 Peri\u00f3dico Regional","url":"https:\/\/pagina10.com\/web\/","logo":{"@type":"ImageObject","inLanguage":"es","@id":"https:\/\/pagina10.com\/web\/#\/schema\/logo\/image\/","url":"https:\/\/pagina10.com\/web\/wp-content\/uploads\/2024\/01\/40-pagina-10-periodico-regional-pasto.jpg","contentUrl":"https:\/\/pagina10.com\/web\/wp-content\/uploads\/2024\/01\/40-pagina-10-periodico-regional-pasto.jpg","width":1280,"height":720,"caption":"P\u00e1gina10"},"image":{"@id":"https:\/\/pagina10.com\/web\/#\/schema\/logo\/image\/"},"sameAs":["https:\/\/www.facebook.com\/pag10com","https:\/\/x.com\/Pag10com","https:\/\/www.instagram.com\/pagina10col\/","https:\/\/youtube.com\/channel\/pag10","https:\/\/www.tiktok.com\/@p10col"]},{"@type":"Person","@id":"https:\/\/pagina10.com\/web\/#\/schema\/person\/a7a5d38f0629dfc107f619fbae4f6cc3","name":"P\u00e1gina 10","description":"P\u00e1gina10.com es un peri\u00f3dico digital que nace en Colombia, en el departamento de Nari\u00f1o, con un enfoque global, fundamentado en cuatro pilares esenciales: la libertad, el pluralismo, la inclusi\u00f3n y la independencia. P\u00e1gina10.com hace referencia a Nari\u00f1o como el d\u00e9cimo departamento creado en Colombia, despu\u00e9s de un proceso pol\u00edtico liderado por actores y actrices regionales con el fin de obtener la independencia y autonom\u00eda de nuestros territorios. Con la creaci\u00f3n de P\u00e1gina10.com se pretende abrir un escenario para el dialogo, la reflexi\u00f3n y el debate que se extienda a otras geograf\u00edas de Am\u00e9rica Latina y del planeta, en una apuesta por transformar colectivamente los desaf\u00edos de un mundo contempor\u00e1neo, m\u00e1s all\u00e1 de las fronteras impuestas.","url":"https:\/\/pagina10.com\/web\/author\/mcepeda\/"}]}},"_links":{"self":[{"href":"https:\/\/pagina10.com\/web\/wp-json\/wp\/v2\/posts\/19554","targetHints":{"allow":["GET"]}}],"collection":[{"href":"https:\/\/pagina10.com\/web\/wp-json\/wp\/v2\/posts"}],"about":[{"href":"https:\/\/pagina10.com\/web\/wp-json\/wp\/v2\/types\/post"}],"author":[{"embeddable":true,"href":"https:\/\/pagina10.com\/web\/wp-json\/wp\/v2\/users\/29"}],"replies":[{"embeddable":true,"href":"https:\/\/pagina10.com\/web\/wp-json\/wp\/v2\/comments?post=19554"}],"version-history":[{"count":0,"href":"https:\/\/pagina10.com\/web\/wp-json\/wp\/v2\/posts\/19554\/revisions"}],"wp:featuredmedia":[{"embeddable":true,"href":"https:\/\/pagina10.com\/web\/wp-json\/wp\/v2\/media\/19553"}],"wp:attachment":[{"href":"https:\/\/pagina10.com\/web\/wp-json\/wp\/v2\/media?parent=19554"}],"wp:term":[{"taxonomy":"category","embeddable":true,"href":"https:\/\/pagina10.com\/web\/wp-json\/wp\/v2\/categories?post=19554"},{"taxonomy":"post_tag","embeddable":true,"href":"https:\/\/pagina10.com\/web\/wp-json\/wp\/v2\/tags?post=19554"}],"curies":[{"name":"wp","href":"https:\/\/api.w.org\/{rel}","templated":true}]}}