{"id":19556,"date":"2016-02-01T16:14:52","date_gmt":"2016-02-01T16:14:52","guid":{"rendered":"https:\/\/pagina10.com\/web\/quieta-margarita\/"},"modified":"2016-02-01T16:14:52","modified_gmt":"2016-02-01T16:14:52","slug":"quieta-margarita","status":"publish","type":"post","link":"https:\/\/pagina10.com\/web\/quieta-margarita\/","title":{"rendered":"\u00a1Quieta, Margarita!"},"content":{"rendered":"<p><img fetchpriority=\"high\" decoding=\"async\" class=\" size-full wp-image-19555\" src=\"https:\/\/pagina10.com\/web\/wp-content\/uploads\/2016\/02\/fe65cda13d50ff1113e54544e8692d6b.jpg\" alt=\"\" width=\"592\" height=\"393\" srcset=\"https:\/\/pagina10.com\/web\/wp-content\/uploads\/2016\/02\/fe65cda13d50ff1113e54544e8692d6b.jpg 592w, https:\/\/pagina10.com\/web\/wp-content\/uploads\/2016\/02\/fe65cda13d50ff1113e54544e8692d6b-300x199.jpg 300w, https:\/\/pagina10.com\/web\/wp-content\/uploads\/2016\/02\/fe65cda13d50ff1113e54544e8692d6b-450x300.jpg 450w\" sizes=\"(max-width: 592px) 100vw, 592px\" \/><\/p>\n<p style=\"text-align: justify;\">El episodio vivido en los \u00faltimos d\u00edas a ra\u00edz de la desafortunada publicaci\u00f3n de Margarita Posada en la revista SoHo, que ofende la dignidad del pueblo nari\u00f1ense, ha servido para todo tipo de comentarios, que van desde mofas a la autora hasta elegantes textos literarios. Y no se trata de llover sobre lo mojado, sino de exaltar lo positivo del impase.<\/p>\n<p style=\"text-align: justify;\">&nbsp;<\/p>\n<p style=\"text-align: justify;\">Se ha despertado el amor por la regi\u00f3n, se ha recordado que tenemos riquezas y talentos. Eso es buena cosecha desde la desgracia. Se han escrito exquisitos textos literarios y geniales propuestas; entre estas quiero destacar la del gestor cultural J. Mauricio Chaves Bustos, quien lanza la idea de nuestro propio evento literario denominado \u2018Cuy Festival\u2019.<\/p>\n<p style=\"text-align: justify;\">&nbsp;<\/p>\n<p style=\"text-align: justify;\">Por todos es conocido que el evento literario que se lleva a cabo en \u2018La Heroica\u2019 re\u00fane a afamados literatos del mundo, pero que adem\u00e1s es una parranda extendida y una forma de hacer turismo, que no est\u00e1 mal. El Hay Festival en esencia es una reuni\u00f3n del Jet Set criollo, al cual muchos asisten por pavonearse, lucir finos vestidos de gala cual si fuera un desfile de modas, hacer brillar el metal y fotografiarse para aparecer en revistas como SoHo.<\/p>\n<p style=\"text-align: justify;\">&nbsp;<\/p>\n<p style=\"text-align: justify;\">Estoy seguro que un festival como el de Cartagena no lo podr\u00edamos hacer en Pasto, porque nuestra idiosincrasia nos se\u00f1ala otros comportamientos. Nosotros somos esencialmente de esp\u00edritu alegre y festivo donde la participaci\u00f3n popular es lo central, y las \u00e9lites est\u00e1n al margen. Ejemplo de ello es el car\u00e1cter popular de nuestras m\u00e1ximas festividades, el Carnaval de Negros y Blancos, donde todos los eventos son para el pueblo, y no hay que pagar boleta para admirar el trabajo de los artistas, como s\u00ed ocurre en otras ciudades.<\/p>\n<p style=\"text-align: justify;\">&nbsp;<\/p>\n<p style=\"text-align: justify;\">No lo har\u00edamos porque si nos centramos en un t\u00f3pico tan vital para la humanidad como la literatura, no tendr\u00edamos tiempo para aparentar y exhibir lujosas alhajas. Adem\u00e1s, ser\u00eda un contrasentido ser superficiales y posar de intelectuales. No lo har\u00edamos. Lo que har\u00edamos es un verdadero festival de literatura. Y lo har\u00edamos profundizando en nuestra herencia incaica, o resignificando el coraje de Agualongo al defender la estirpe de los sure\u00f1os.&nbsp;<\/p>\n<p style=\"text-align: justify;\">&nbsp;<\/p>\n<p style=\"text-align: justify;\">Y claro, el emblema del festival ser\u00eda una de las figuras m\u00e1s significativas que une a todos los nari\u00f1enses en torno a un modo de vida y de las m\u00e1s exquisitas gastronom\u00edas del mundo como es el cuy. Y es por eso que desde estas l\u00edneas avalamos la propuesta lanzada por el gestor cultural J. Mauricio Chaves Bustos, inicialmente como un bello texto literario, pero que de las palabras podemos pasar a las acciones y hacerlo realidad.<\/p>\n<p style=\"text-align: justify;\">&nbsp;<\/p>\n<p style=\"text-align: justify;\">El \u2018Cuy Festival\u2019 se har\u00eda realidad si unimos voluntades, esfuerzos y sue\u00f1os. Considero que no puede haber otro escenario mejor que la cuna de Aurelio Arturo, la tierra de la Guane\u00f1a guerrera, la estrella que une la amazonia con el pacifico y la cordillera de los Andes. Un espacio de multiculturalidad ind\u00edgena, mestiza y afrocolombiana. Estos lares donde hay gustos por la m\u00fasica andina y del caribe bendito, donde los poetas se inspiran en los quingos monta\u00f1osos, un lugar \u00fanico donde acostumbramos a saludar al conocido y al forastero: buenos d\u00edas, buenas tardes.<\/p>\n<p style=\"text-align: justify;\">&nbsp;<\/p>\n<p style=\"text-align: justify;\">Y tendr\u00edamos muchos lugares para que nuestros ilustres visitantes conozcan, desde esa esmeralda l\u00edquida que yace enclavada en la cima del volc\u00e1n Azufral, que algunos les ha dado por llamar laguna Verde, hasta el mar del Pac\u00edfico en Tumaco; desliz\u00e1ndonos por riscos y monta\u00f1as. Admirando la profundidad e inmensidad, a la vez, del Santuario de las Lajas. S\u00f3lo mencionando lo menos.<\/p>\n<p style=\"text-align: justify;\">&nbsp;<\/p>\n<p style=\"text-align: justify;\">As\u00ed es que, Margarita, quieta y en primera, que aqu\u00ed hay otro mundo de esta diversa Colombia. En estos lares hay gente de mirada inocente, de hablar pausado, gente so\u00f1adora que cuando se lo propone manifiesta su rebeld\u00eda al poder central, por algo nuestros gobernantes no pertenecen a las mismas castas de los que empe\u00f1an su conciencia por entregar el patrimonio al extranjero. Si usted decide venir alg\u00fan d\u00eda, ser\u00e1 recibida con amabilidad y con palabras de \u201cvenga, yo le ayudo\u201d. En ese contexto ser\u00eda nuestro \u2018Cuy Festival\u2019.<\/p>\n","protected":false},"excerpt":{"rendered":"<p>El episodio vivido en los \u00faltimos d\u00edas a ra\u00edz de la desafortunada publicaci\u00f3n de Margarita Posada en la revista SoHo, que ofende la dignidad del pueblo nari\u00f1ense, ha servido para todo tipo de comentarios, que van desde mofas a la autora hasta elegantes textos literarios. Y no se trata de llover sobre lo mojado, sino [&hellip;]<\/p>\n","protected":false},"author":65,"featured_media":19555,"comment_status":"open","ping_status":"open","sticky":false,"template":"","format":"standard","meta":{"footnotes":""},"categories":[1],"tags":[],"class_list":["post-19556","post","type-post","status-publish","format-standard","has-post-thumbnail","hentry","category-sin-categoria"],"yoast_head":"<!-- This site is optimized with the Yoast SEO plugin v27.1.1 - https:\/\/yoast.com\/product\/yoast-seo-wordpress\/ -->\n<title>\u00a1Quieta, Margarita! | P\u00e1gina10<\/title>\n<meta name=\"robots\" content=\"index, follow, max-snippet:-1, max-image-preview:large, max-video-preview:-1\" \/>\n<link rel=\"canonical\" href=\"https:\/\/pagina10.com\/web\/quieta-margarita\/\" \/>\n<meta property=\"og:locale\" content=\"es_ES\" \/>\n<meta property=\"og:type\" content=\"article\" \/>\n<meta property=\"og:title\" content=\"\u00a1Quieta, Margarita! | P\u00e1gina10\" \/>\n<meta property=\"og:description\" content=\"El episodio vivido en los \u00faltimos d\u00edas a ra\u00edz de la desafortunada publicaci\u00f3n de Margarita Posada en la revista SoHo, que ofende la dignidad del pueblo nari\u00f1ense, ha servido para todo tipo de comentarios, que van desde mofas a la autora hasta elegantes textos literarios. Y no se trata de llover sobre lo mojado, sino [&hellip;]\" \/>\n<meta property=\"og:url\" content=\"https:\/\/pagina10.com\/web\/quieta-margarita\/\" \/>\n<meta property=\"og:site_name\" content=\"P\u00e1gina10\" \/>\n<meta property=\"article:publisher\" content=\"https:\/\/www.facebook.com\/pag10com\" \/>\n<meta property=\"article:published_time\" content=\"2016-02-01T16:14:52+00:00\" \/>\n<meta property=\"og:image\" content=\"https:\/\/pagina10.com\/web\/wp-content\/uploads\/2016\/02\/fe65cda13d50ff1113e54544e8692d6b.jpg\" \/>\n\t<meta property=\"og:image:width\" content=\"592\" \/>\n\t<meta property=\"og:image:height\" content=\"393\" \/>\n\t<meta property=\"og:image:type\" content=\"image\/jpeg\" \/>\n<meta name=\"author\" content=\"Anibal Ar\u00e9valo Rosero\" \/>\n<meta name=\"twitter:card\" content=\"summary_large_image\" \/>\n<meta name=\"twitter:creator\" content=\"@Pag10com\" \/>\n<meta name=\"twitter:site\" content=\"@Pag10com\" \/>\n<meta name=\"twitter:label1\" content=\"Escrito por\" \/>\n\t<meta name=\"twitter:data1\" content=\"Anibal Ar\u00e9valo Rosero\" \/>\n\t<meta name=\"twitter:label2\" content=\"Tiempo de lectura\" \/>\n\t<meta name=\"twitter:data2\" content=\"4 minutos\" \/>\n<script type=\"application\/ld+json\" class=\"yoast-schema-graph\">{\"@context\":\"https:\/\/schema.org\",\"@graph\":[{\"@type\":\"Article\",\"@id\":\"https:\/\/pagina10.com\/web\/quieta-margarita\/#article\",\"isPartOf\":{\"@id\":\"https:\/\/pagina10.com\/web\/quieta-margarita\/\"},\"author\":{\"name\":\"Anibal Ar\u00e9valo Rosero\",\"@id\":\"https:\/\/pagina10.com\/web\/#\/schema\/person\/9ec3e2b432363a195d2d01bf820c66fe\"},\"headline\":\"\u00a1Quieta, Margarita!\",\"datePublished\":\"2016-02-01T16:14:52+00:00\",\"mainEntityOfPage\":{\"@id\":\"https:\/\/pagina10.com\/web\/quieta-margarita\/\"},\"wordCount\":735,\"commentCount\":0,\"publisher\":{\"@id\":\"https:\/\/pagina10.com\/web\/#organization\"},\"image\":{\"@id\":\"https:\/\/pagina10.com\/web\/quieta-margarita\/#primaryimage\"},\"thumbnailUrl\":\"https:\/\/pagina10.com\/web\/wp-content\/uploads\/2016\/02\/fe65cda13d50ff1113e54544e8692d6b.jpg\",\"inLanguage\":\"es\",\"potentialAction\":[{\"@type\":\"CommentAction\",\"name\":\"Comment\",\"target\":[\"https:\/\/pagina10.com\/web\/quieta-margarita\/#respond\"]}]},{\"@type\":\"WebPage\",\"@id\":\"https:\/\/pagina10.com\/web\/quieta-margarita\/\",\"url\":\"https:\/\/pagina10.com\/web\/quieta-margarita\/\",\"name\":\"\u00a1Quieta, Margarita! | P\u00e1gina10\",\"isPartOf\":{\"@id\":\"https:\/\/pagina10.com\/web\/#website\"},\"primaryImageOfPage\":{\"@id\":\"https:\/\/pagina10.com\/web\/quieta-margarita\/#primaryimage\"},\"image\":{\"@id\":\"https:\/\/pagina10.com\/web\/quieta-margarita\/#primaryimage\"},\"thumbnailUrl\":\"https:\/\/pagina10.com\/web\/wp-content\/uploads\/2016\/02\/fe65cda13d50ff1113e54544e8692d6b.jpg\",\"datePublished\":\"2016-02-01T16:14:52+00:00\",\"breadcrumb\":{\"@id\":\"https:\/\/pagina10.com\/web\/quieta-margarita\/#breadcrumb\"},\"inLanguage\":\"es\",\"potentialAction\":[{\"@type\":\"ReadAction\",\"target\":[\"https:\/\/pagina10.com\/web\/quieta-margarita\/\"]}]},{\"@type\":\"ImageObject\",\"inLanguage\":\"es\",\"@id\":\"https:\/\/pagina10.com\/web\/quieta-margarita\/#primaryimage\",\"url\":\"https:\/\/pagina10.com\/web\/wp-content\/uploads\/2016\/02\/fe65cda13d50ff1113e54544e8692d6b.jpg\",\"contentUrl\":\"https:\/\/pagina10.com\/web\/wp-content\/uploads\/2016\/02\/fe65cda13d50ff1113e54544e8692d6b.jpg\",\"width\":592,\"height\":393},{\"@type\":\"BreadcrumbList\",\"@id\":\"https:\/\/pagina10.com\/web\/quieta-margarita\/#breadcrumb\",\"itemListElement\":[{\"@type\":\"ListItem\",\"position\":1,\"name\":\"Portada\",\"item\":\"https:\/\/pagina10.com\/web\/\"},{\"@type\":\"ListItem\",\"position\":2,\"name\":\"\u00a1Quieta, Margarita!\"}]},{\"@type\":\"WebSite\",\"@id\":\"https:\/\/pagina10.com\/web\/#website\",\"url\":\"https:\/\/pagina10.com\/web\/\",\"name\":\"P\u00e1gina10\",\"description\":\"Peri\u00f3dico Regional\",\"publisher\":{\"@id\":\"https:\/\/pagina10.com\/web\/#organization\"},\"alternateName\":\"P\u00e1gina10 Peri\u00f3dico Regional\",\"potentialAction\":[{\"@type\":\"SearchAction\",\"target\":{\"@type\":\"EntryPoint\",\"urlTemplate\":\"https:\/\/pagina10.com\/web\/?s={search_term_string}\"},\"query-input\":{\"@type\":\"PropertyValueSpecification\",\"valueRequired\":true,\"valueName\":\"search_term_string\"}}],\"inLanguage\":\"es\"},{\"@type\":\"Organization\",\"@id\":\"https:\/\/pagina10.com\/web\/#organization\",\"name\":\"P\u00e1gina10\",\"alternateName\":\"P\u00e1gina10 Peri\u00f3dico Regional\",\"url\":\"https:\/\/pagina10.com\/web\/\",\"logo\":{\"@type\":\"ImageObject\",\"inLanguage\":\"es\",\"@id\":\"https:\/\/pagina10.com\/web\/#\/schema\/logo\/image\/\",\"url\":\"https:\/\/pagina10.com\/web\/wp-content\/uploads\/2024\/01\/40-pagina-10-periodico-regional-pasto.jpg\",\"contentUrl\":\"https:\/\/pagina10.com\/web\/wp-content\/uploads\/2024\/01\/40-pagina-10-periodico-regional-pasto.jpg\",\"width\":1280,\"height\":720,\"caption\":\"P\u00e1gina10\"},\"image\":{\"@id\":\"https:\/\/pagina10.com\/web\/#\/schema\/logo\/image\/\"},\"sameAs\":[\"https:\/\/www.facebook.com\/pag10com\",\"https:\/\/x.com\/Pag10com\",\"https:\/\/www.instagram.com\/pagina10col\/\",\"https:\/\/youtube.com\/channel\/pag10\",\"https:\/\/www.tiktok.com\/@p10col\"]},{\"@type\":\"Person\",\"@id\":\"https:\/\/pagina10.com\/web\/#\/schema\/person\/9ec3e2b432363a195d2d01bf820c66fe\",\"name\":\"Anibal Ar\u00e9valo Rosero\",\"description\":\"An\u00edbal Ar\u00e9valo Rosero a trav\u00e9s de su vida ha realizado diversas actividades tendientes a reivindicar al ser humano en su conciencia plena. Durante su vida ha hecho teatro, a escrito poes\u00eda y en sus tiempos de universitario realiz\u00f3 varias publicaciones entre las que se recuerda la revista Quinde. Junto con otros compa\u00f1eros fund\u00f3 el Taller Cultural El Cueche, equipo con el que se hicieron varias publicaciones. De este mismo grupo hay que resaltar que se hizo un trabajo pionero en la difusi\u00f3n de la m\u00fasica andina, latinoamericana y del caribe. Despu\u00e9s de terminar sus estudios de biolog\u00eda en la Universidad de Nari\u00f1o entr\u00f3 a laborar en emisoras de la ciudad de Pasto como en RCN, donde se desempe\u00f1aba como locutor de planta. Dirigi\u00f3 programas en la extinta Ondas del Mayo, en varias oportunidades; tambi\u00e9n en Ecos de Pasto. Fue colaborador de el Noticias RCN y dirigi\u00f3 el programa Simana al D\u00eda, del Sindicato del Magisterio de Nari\u00f1o, en dos \u00e9pocas. En el a\u00f1o de 1992 funda el Comit\u00e9 de Solidaridad con Cuba Jos\u00e9 Mart\u00ed, cuyo objetivo era divulgar la realidad cubana y expresar apoyo moral, pol\u00edtico y material al pa\u00eds caribe\u00f1o. Ante la mala interpretaci\u00f3n que la gente le daba a este tipo de acciones, se decide promover viajes de solidad a Cuba para participar en la Brigada Latinoamericana de Trabajo Voluntario, en el Festival Cuba Vive y, de manera especia,l en el 14 Festival Mundial de la Juventud y los Estudiantes, que se desarroll\u00f3 en la isla en el a\u00f1o de 1997. Con esta experiencia impulsa el turismo al pa\u00eds caribe\u00f1o con el resultado de que miles de personas han participado de las excursiones organizadas por Ar\u00e9valo Rosero. Asimismo ha venido impulsando las Brigadas de Salud en Cuba, tendiente a llevar pacientes de c\u00e1ncer a ese destino con el fin de que reciban atenci\u00f3n m\u00e9dica, teniendo en cuenta que la experiencia cubana en el tema ha sido bastante favorable. Veinte a\u00f1os despu\u00e9s de estas nutritivas experiencias, le permiten impulsar excursiones adem\u00e1s a M\u00e9xico, Machu Picchu, Argentina, Ecuador, Panam\u00e1 y Tierra Santa. En cuanto al desempe\u00f1o period\u00edstico, adem\u00e1s de los medios radiales y de televisi\u00f3n, en los canales de la universidades de Nari\u00f1o y Mariana, se ha desempe\u00f1ado como columnista en Diario del Sur durante 6 a\u00f1os y en algunos medios virtuales. Tambi\u00e9n es colaborador de el Diario del Cauca. Considera que la pr\u00e1ctica de la lectura es beber de la fuente nutricia que permite apropiarse de manera consciente del ejercicio de la democracia; y la posibilidad de escribir y ser le\u00eddo, acceder al poder, por que considera la palabra como el mayor instrumento de acci\u00f3n cuando est\u00e1 bien encamina al leg\u00edtimo servicio social. En la actualidad adem\u00e1s de so\u00f1ar con viajar por el mundo se desempe\u00f1a como docente del departamento de ciencias de Inem Luis Delf\u00edn Insuasty de Pasto. Correo: Esta direcci\u00f3n de correo electr\u00f3nico est\u00e1 protegida contra spambots. Usted necesita tener Javascript activado para poder verla.\\\" target=\\\"_blank\\\" style=\\\"color: #1155cc; text-align: justify; font-family: arial, sans-serif; font-size: 13px; line-height: normal;\\\"&gt;fundacionecosofia@gmail.com\",\"url\":\"https:\/\/pagina10.com\/web\/author\/anibal\/\"}]}<\/script>\n<!-- \/ Yoast SEO plugin. -->","yoast_head_json":{"title":"\u00a1Quieta, Margarita! | P\u00e1gina10","robots":{"index":"index","follow":"follow","max-snippet":"max-snippet:-1","max-image-preview":"max-image-preview:large","max-video-preview":"max-video-preview:-1"},"canonical":"https:\/\/pagina10.com\/web\/quieta-margarita\/","og_locale":"es_ES","og_type":"article","og_title":"\u00a1Quieta, Margarita! | P\u00e1gina10","og_description":"El episodio vivido en los \u00faltimos d\u00edas a ra\u00edz de la desafortunada publicaci\u00f3n de Margarita Posada en la revista SoHo, que ofende la dignidad del pueblo nari\u00f1ense, ha servido para todo tipo de comentarios, que van desde mofas a la autora hasta elegantes textos literarios. Y no se trata de llover sobre lo mojado, sino [&hellip;]","og_url":"https:\/\/pagina10.com\/web\/quieta-margarita\/","og_site_name":"P\u00e1gina10","article_publisher":"https:\/\/www.facebook.com\/pag10com","article_published_time":"2016-02-01T16:14:52+00:00","og_image":[{"width":592,"height":393,"url":"https:\/\/pagina10.com\/web\/wp-content\/uploads\/2016\/02\/fe65cda13d50ff1113e54544e8692d6b.jpg","type":"image\/jpeg"}],"author":"Anibal Ar\u00e9valo Rosero","twitter_card":"summary_large_image","twitter_creator":"@Pag10com","twitter_site":"@Pag10com","twitter_misc":{"Escrito por":"Anibal Ar\u00e9valo Rosero","Tiempo de lectura":"4 minutos"},"schema":{"@context":"https:\/\/schema.org","@graph":[{"@type":"Article","@id":"https:\/\/pagina10.com\/web\/quieta-margarita\/#article","isPartOf":{"@id":"https:\/\/pagina10.com\/web\/quieta-margarita\/"},"author":{"name":"Anibal Ar\u00e9valo Rosero","@id":"https:\/\/pagina10.com\/web\/#\/schema\/person\/9ec3e2b432363a195d2d01bf820c66fe"},"headline":"\u00a1Quieta, Margarita!","datePublished":"2016-02-01T16:14:52+00:00","mainEntityOfPage":{"@id":"https:\/\/pagina10.com\/web\/quieta-margarita\/"},"wordCount":735,"commentCount":0,"publisher":{"@id":"https:\/\/pagina10.com\/web\/#organization"},"image":{"@id":"https:\/\/pagina10.com\/web\/quieta-margarita\/#primaryimage"},"thumbnailUrl":"https:\/\/pagina10.com\/web\/wp-content\/uploads\/2016\/02\/fe65cda13d50ff1113e54544e8692d6b.jpg","inLanguage":"es","potentialAction":[{"@type":"CommentAction","name":"Comment","target":["https:\/\/pagina10.com\/web\/quieta-margarita\/#respond"]}]},{"@type":"WebPage","@id":"https:\/\/pagina10.com\/web\/quieta-margarita\/","url":"https:\/\/pagina10.com\/web\/quieta-margarita\/","name":"\u00a1Quieta, Margarita! | P\u00e1gina10","isPartOf":{"@id":"https:\/\/pagina10.com\/web\/#website"},"primaryImageOfPage":{"@id":"https:\/\/pagina10.com\/web\/quieta-margarita\/#primaryimage"},"image":{"@id":"https:\/\/pagina10.com\/web\/quieta-margarita\/#primaryimage"},"thumbnailUrl":"https:\/\/pagina10.com\/web\/wp-content\/uploads\/2016\/02\/fe65cda13d50ff1113e54544e8692d6b.jpg","datePublished":"2016-02-01T16:14:52+00:00","breadcrumb":{"@id":"https:\/\/pagina10.com\/web\/quieta-margarita\/#breadcrumb"},"inLanguage":"es","potentialAction":[{"@type":"ReadAction","target":["https:\/\/pagina10.com\/web\/quieta-margarita\/"]}]},{"@type":"ImageObject","inLanguage":"es","@id":"https:\/\/pagina10.com\/web\/quieta-margarita\/#primaryimage","url":"https:\/\/pagina10.com\/web\/wp-content\/uploads\/2016\/02\/fe65cda13d50ff1113e54544e8692d6b.jpg","contentUrl":"https:\/\/pagina10.com\/web\/wp-content\/uploads\/2016\/02\/fe65cda13d50ff1113e54544e8692d6b.jpg","width":592,"height":393},{"@type":"BreadcrumbList","@id":"https:\/\/pagina10.com\/web\/quieta-margarita\/#breadcrumb","itemListElement":[{"@type":"ListItem","position":1,"name":"Portada","item":"https:\/\/pagina10.com\/web\/"},{"@type":"ListItem","position":2,"name":"\u00a1Quieta, Margarita!"}]},{"@type":"WebSite","@id":"https:\/\/pagina10.com\/web\/#website","url":"https:\/\/pagina10.com\/web\/","name":"P\u00e1gina10","description":"Peri\u00f3dico Regional","publisher":{"@id":"https:\/\/pagina10.com\/web\/#organization"},"alternateName":"P\u00e1gina10 Peri\u00f3dico Regional","potentialAction":[{"@type":"SearchAction","target":{"@type":"EntryPoint","urlTemplate":"https:\/\/pagina10.com\/web\/?s={search_term_string}"},"query-input":{"@type":"PropertyValueSpecification","valueRequired":true,"valueName":"search_term_string"}}],"inLanguage":"es"},{"@type":"Organization","@id":"https:\/\/pagina10.com\/web\/#organization","name":"P\u00e1gina10","alternateName":"P\u00e1gina10 Peri\u00f3dico Regional","url":"https:\/\/pagina10.com\/web\/","logo":{"@type":"ImageObject","inLanguage":"es","@id":"https:\/\/pagina10.com\/web\/#\/schema\/logo\/image\/","url":"https:\/\/pagina10.com\/web\/wp-content\/uploads\/2024\/01\/40-pagina-10-periodico-regional-pasto.jpg","contentUrl":"https:\/\/pagina10.com\/web\/wp-content\/uploads\/2024\/01\/40-pagina-10-periodico-regional-pasto.jpg","width":1280,"height":720,"caption":"P\u00e1gina10"},"image":{"@id":"https:\/\/pagina10.com\/web\/#\/schema\/logo\/image\/"},"sameAs":["https:\/\/www.facebook.com\/pag10com","https:\/\/x.com\/Pag10com","https:\/\/www.instagram.com\/pagina10col\/","https:\/\/youtube.com\/channel\/pag10","https:\/\/www.tiktok.com\/@p10col"]},{"@type":"Person","@id":"https:\/\/pagina10.com\/web\/#\/schema\/person\/9ec3e2b432363a195d2d01bf820c66fe","name":"Anibal Ar\u00e9valo Rosero","description":"An\u00edbal Ar\u00e9valo Rosero a trav\u00e9s de su vida ha realizado diversas actividades tendientes a reivindicar al ser humano en su conciencia plena. Durante su vida ha hecho teatro, a escrito poes\u00eda y en sus tiempos de universitario realiz\u00f3 varias publicaciones entre las que se recuerda la revista Quinde. Junto con otros compa\u00f1eros fund\u00f3 el Taller Cultural El Cueche, equipo con el que se hicieron varias publicaciones. De este mismo grupo hay que resaltar que se hizo un trabajo pionero en la difusi\u00f3n de la m\u00fasica andina, latinoamericana y del caribe. Despu\u00e9s de terminar sus estudios de biolog\u00eda en la Universidad de Nari\u00f1o entr\u00f3 a laborar en emisoras de la ciudad de Pasto como en RCN, donde se desempe\u00f1aba como locutor de planta. Dirigi\u00f3 programas en la extinta Ondas del Mayo, en varias oportunidades; tambi\u00e9n en Ecos de Pasto. Fue colaborador de el Noticias RCN y dirigi\u00f3 el programa Simana al D\u00eda, del Sindicato del Magisterio de Nari\u00f1o, en dos \u00e9pocas. En el a\u00f1o de 1992 funda el Comit\u00e9 de Solidaridad con Cuba Jos\u00e9 Mart\u00ed, cuyo objetivo era divulgar la realidad cubana y expresar apoyo moral, pol\u00edtico y material al pa\u00eds caribe\u00f1o. Ante la mala interpretaci\u00f3n que la gente le daba a este tipo de acciones, se decide promover viajes de solidad a Cuba para participar en la Brigada Latinoamericana de Trabajo Voluntario, en el Festival Cuba Vive y, de manera especia,l en el 14 Festival Mundial de la Juventud y los Estudiantes, que se desarroll\u00f3 en la isla en el a\u00f1o de 1997. Con esta experiencia impulsa el turismo al pa\u00eds caribe\u00f1o con el resultado de que miles de personas han participado de las excursiones organizadas por Ar\u00e9valo Rosero. Asimismo ha venido impulsando las Brigadas de Salud en Cuba, tendiente a llevar pacientes de c\u00e1ncer a ese destino con el fin de que reciban atenci\u00f3n m\u00e9dica, teniendo en cuenta que la experiencia cubana en el tema ha sido bastante favorable. Veinte a\u00f1os despu\u00e9s de estas nutritivas experiencias, le permiten impulsar excursiones adem\u00e1s a M\u00e9xico, Machu Picchu, Argentina, Ecuador, Panam\u00e1 y Tierra Santa. En cuanto al desempe\u00f1o period\u00edstico, adem\u00e1s de los medios radiales y de televisi\u00f3n, en los canales de la universidades de Nari\u00f1o y Mariana, se ha desempe\u00f1ado como columnista en Diario del Sur durante 6 a\u00f1os y en algunos medios virtuales. Tambi\u00e9n es colaborador de el Diario del Cauca. Considera que la pr\u00e1ctica de la lectura es beber de la fuente nutricia que permite apropiarse de manera consciente del ejercicio de la democracia; y la posibilidad de escribir y ser le\u00eddo, acceder al poder, por que considera la palabra como el mayor instrumento de acci\u00f3n cuando est\u00e1 bien encamina al leg\u00edtimo servicio social. En la actualidad adem\u00e1s de so\u00f1ar con viajar por el mundo se desempe\u00f1a como docente del departamento de ciencias de Inem Luis Delf\u00edn Insuasty de Pasto. Correo: Esta direcci\u00f3n de correo electr\u00f3nico est\u00e1 protegida contra spambots. Usted necesita tener Javascript activado para poder verla.\" target=\"_blank\" style=\"color: #1155cc; text-align: justify; font-family: arial, sans-serif; font-size: 13px; line-height: normal;\"&gt;fundacionecosofia@gmail.com","url":"https:\/\/pagina10.com\/web\/author\/anibal\/"}]}},"_links":{"self":[{"href":"https:\/\/pagina10.com\/web\/wp-json\/wp\/v2\/posts\/19556","targetHints":{"allow":["GET"]}}],"collection":[{"href":"https:\/\/pagina10.com\/web\/wp-json\/wp\/v2\/posts"}],"about":[{"href":"https:\/\/pagina10.com\/web\/wp-json\/wp\/v2\/types\/post"}],"author":[{"embeddable":true,"href":"https:\/\/pagina10.com\/web\/wp-json\/wp\/v2\/users\/65"}],"replies":[{"embeddable":true,"href":"https:\/\/pagina10.com\/web\/wp-json\/wp\/v2\/comments?post=19556"}],"version-history":[{"count":0,"href":"https:\/\/pagina10.com\/web\/wp-json\/wp\/v2\/posts\/19556\/revisions"}],"wp:featuredmedia":[{"embeddable":true,"href":"https:\/\/pagina10.com\/web\/wp-json\/wp\/v2\/media\/19555"}],"wp:attachment":[{"href":"https:\/\/pagina10.com\/web\/wp-json\/wp\/v2\/media?parent=19556"}],"wp:term":[{"taxonomy":"category","embeddable":true,"href":"https:\/\/pagina10.com\/web\/wp-json\/wp\/v2\/categories?post=19556"},{"taxonomy":"post_tag","embeddable":true,"href":"https:\/\/pagina10.com\/web\/wp-json\/wp\/v2\/tags?post=19556"}],"curies":[{"name":"wp","href":"https:\/\/api.w.org\/{rel}","templated":true}]}}