{"id":19558,"date":"2016-02-01T16:29:45","date_gmt":"2016-02-01T16:29:45","guid":{"rendered":"https:\/\/pagina10.com\/web\/udenar-estara-presente-en-i-simposio-internacional-dialogo-intercultural-carnavales-del-mundo-en-italia\/"},"modified":"2016-02-01T16:29:45","modified_gmt":"2016-02-01T16:29:45","slug":"udenar-estara-presente-en-i-simposio-internacional-dialogo-intercultural-carnavales-del-mundo-en-italia","status":"publish","type":"post","link":"https:\/\/pagina10.com\/web\/udenar-estara-presente-en-i-simposio-internacional-dialogo-intercultural-carnavales-del-mundo-en-italia\/","title":{"rendered":"Udenar estar\u00e1 presente en I Simposio Internacional Di\u00e1logo Intercultural Carnavales del Mundo en Italia"},"content":{"rendered":"<p><img fetchpriority=\"high\" decoding=\"async\" class=\" size-full wp-image-19557\" src=\"https:\/\/pagina10.com\/web\/wp-content\/uploads\/2016\/02\/0786be4044a598851b4e0baf88fecefb.jpg\" alt=\"\" width=\"707\" height=\"384\" srcset=\"https:\/\/pagina10.com\/web\/wp-content\/uploads\/2016\/02\/0786be4044a598851b4e0baf88fecefb.jpg 707w, https:\/\/pagina10.com\/web\/wp-content\/uploads\/2016\/02\/0786be4044a598851b4e0baf88fecefb-300x163.jpg 300w\" sizes=\"(max-width: 707px) 100vw, 707px\" \/><\/p>\n<p style=\"text-align: justify;\">La Universidad de Nari\u00f1o, estar\u00e1 presente en el I Simposio Internacional&nbsp;Di\u00e1logo Intercultural Carnavales del Mundo, que se llevar\u00e1 a cabo en las&nbsp;ciudades de Florencia y Viareggio en Italia, del 3 al 7 de febrero de 2016. El&nbsp;evento tiene como fin valorar y proteger el Carnaval como Patrimonio Cultural&nbsp;Inmaterial.<\/p>\n<p style=\"text-align: justify;\">En este encuentro participar\u00e1 la antrop\u00f3loga Claudia Afanador, docente e&nbsp;investigadora de la Universidad de Nari\u00f1o, directora del Grupo de Investigaci\u00f3n&nbsp;GRINESETA, e Integrante de la Junta Directiva y Comit\u00e9 de Cultura de&nbsp;Corpocarnaval; quien trabaj\u00f3 en el expediente del Carnaval de Negros y&nbsp;Blancos de San Juan de Pasto, para su declaratoria como Patrimonio Cultural&nbsp;Inmaterial de la Humanidad. La profesora, Afanador Hern\u00e1ndez participar\u00e1 con&nbsp;2 ponencias:<\/p>\n<p style=\"text-align: justify;\"><strong>&#8220;\u00bfVas a jugar Carnavales?&#8221;:<\/strong> La construcci\u00f3n de imaginarios de futuro&nbsp;desde el Carnaval de Negros y Blancos de Pasto, Patrimonio Cultural&nbsp;Inmaterial de la Humanidad.<\/p>\n<p style=\"text-align: justify;\"><strong>C\u00e1tedra Carnaval<\/strong> &#8211; Valoraci\u00f3n del Patrimonio a trav\u00e9s de la Academia &#8211;&nbsp;Universidad de Nari\u00f1o.<\/p>\n<p style=\"text-align: justify;\">De igual forma, intervendr\u00e1 en este simposio, el docente del \u00e1rea de artes del&nbsp;Liceo de la Universidad de Nari\u00f1o Freddy Hidalgo, quien ha hecho importantes&nbsp;aportes a los carnavales de Pasto, como protagonista en este magno evento.&nbsp;<\/p>\n<p style=\"text-align: justify;\">El profesor Hidalgo, presentar\u00e1 la ponencia sobre la evoluci\u00f3n del disfraz&nbsp;individual: &#8220;De Mam\u00e1 Trini a Piero en el Carnaval de Negros y Blancos&#8221;.&nbsp;El encuentro, busca iniciar una reflexi\u00f3n acad\u00e9mica internacional sobre el valor&nbsp;del Carnaval, como patrimonio cultural inmaterial; pr\u00e1cticas, representaciones,&nbsp;conocimientos y t\u00e9cnicas que procuran a las comunidades, los grupos e&nbsp;individuos un sentimiento de identidad. Este patrimonio se manifiesta en&nbsp;distintos campos de las actividades humanas tales como las tradiciones,&nbsp;expresiones orales, pr\u00e1cticas sociales, rituales y festividades (UNESCO,&nbsp;convenci\u00f3n 2003).<\/p>\n<p style=\"text-align: justify;\">El I Simposio Internacional sobre el Carnaval, es un campo acad\u00e9mico para&nbsp;profundizar el conocimiento de las diferentes expresiones multiculturales que&nbsp;se manifiestan en espacios p\u00fablicos, en un di\u00e1logo para la integraci\u00f3n y el&nbsp;respeto de las diferencias, adem\u00e1s de promover un di\u00e1logo acad\u00e9mico entre&nbsp;los investigadores de todo el mundo, de diferentes disciplinas, para analizar,&nbsp;discutir, compartir y entender las formas de este patrimonio cultural, las cuales&nbsp;tienen un valor tangible e intangible al mismo tiempo.&nbsp;<\/p>\n<p style=\"text-align: justify;\">Es importante destacar, que la Universidad de Nari\u00f1o ha acompa\u00f1ado el&nbsp;proceso de declaratoria del Carnaval de Negros y Blancos, como Patrimonio&nbsp;Intangible de la humanidad, y a trav\u00e9s de este encuentro, la Alma Mater, se&nbsp;introduce en un di\u00e1logo abierto de participaci\u00f3n intercultural con el mundo,&nbsp;desde sus formas de ver el Carnaval como un patrimonio vivo, participativo, e&nbsp;incluyente.<\/p>\n<p style=\"text-align: justify;\">Las entidades convocantes de este encuentro son: Universidad de Nari\u00f1o,&nbsp;Pasto Colombia; Fondazione Romualdo Del Bianco, International Institute Life&nbsp;Beyond Tourism, Florencia, Italia; Centro Congressi al Duomo, Firenze, Italia.&nbsp;Con la colaboraci\u00f3n de la Fondazione Carnevale Viareggio y Associazione&nbsp;Costruttori Carnevale Viareggio, Italia.&nbsp;<\/p>\n","protected":false},"excerpt":{"rendered":"<p>La Universidad de Nari\u00f1o, estar\u00e1 presente en el I Simposio Internacional&nbsp;Di\u00e1logo Intercultural Carnavales del Mundo, que se llevar\u00e1 a cabo en las&nbsp;ciudades de Florencia y Viareggio en Italia, del 3 al 7 de febrero de 2016. El&nbsp;evento tiene como fin valorar y proteger el Carnaval como Patrimonio Cultural&nbsp;Inmaterial. En este encuentro participar\u00e1 la antrop\u00f3loga Claudia [&hellip;]<\/p>\n","protected":false},"author":29,"featured_media":19557,"comment_status":"open","ping_status":"open","sticky":false,"template":"","format":"standard","meta":{"footnotes":""},"categories":[1],"tags":[],"class_list":["post-19558","post","type-post","status-publish","format-standard","has-post-thumbnail","hentry","category-sin-categoria"],"yoast_head":"<!-- This site is optimized with the Yoast SEO plugin v27.1.1 - https:\/\/yoast.com\/product\/yoast-seo-wordpress\/ -->\n<title>Udenar estar\u00e1 presente en I Simposio Internacional Di\u00e1logo Intercultural Carnavales del Mundo en Italia | P\u00e1gina10<\/title>\n<meta name=\"robots\" content=\"index, follow, max-snippet:-1, max-image-preview:large, max-video-preview:-1\" \/>\n<link rel=\"canonical\" href=\"https:\/\/pagina10.com\/web\/udenar-estara-presente-en-i-simposio-internacional-dialogo-intercultural-carnavales-del-mundo-en-italia\/\" \/>\n<meta property=\"og:locale\" content=\"es_ES\" \/>\n<meta property=\"og:type\" content=\"article\" \/>\n<meta property=\"og:title\" content=\"Udenar estar\u00e1 presente en I Simposio Internacional Di\u00e1logo Intercultural Carnavales del Mundo en Italia | P\u00e1gina10\" \/>\n<meta property=\"og:description\" content=\"La Universidad de Nari\u00f1o, estar\u00e1 presente en el I Simposio Internacional&nbsp;Di\u00e1logo Intercultural Carnavales del Mundo, que se llevar\u00e1 a cabo en las&nbsp;ciudades de Florencia y Viareggio en Italia, del 3 al 7 de febrero de 2016. El&nbsp;evento tiene como fin valorar y proteger el Carnaval como Patrimonio Cultural&nbsp;Inmaterial. En este encuentro participar\u00e1 la antrop\u00f3loga Claudia [&hellip;]\" \/>\n<meta property=\"og:url\" content=\"https:\/\/pagina10.com\/web\/udenar-estara-presente-en-i-simposio-internacional-dialogo-intercultural-carnavales-del-mundo-en-italia\/\" \/>\n<meta property=\"og:site_name\" content=\"P\u00e1gina10\" \/>\n<meta property=\"article:publisher\" content=\"https:\/\/www.facebook.com\/pag10com\" \/>\n<meta property=\"article:published_time\" content=\"2016-02-01T16:29:45+00:00\" \/>\n<meta property=\"og:image\" content=\"https:\/\/pagina10.com\/web\/wp-content\/uploads\/2016\/02\/0786be4044a598851b4e0baf88fecefb.jpg\" \/>\n\t<meta property=\"og:image:width\" content=\"707\" \/>\n\t<meta property=\"og:image:height\" content=\"384\" \/>\n\t<meta property=\"og:image:type\" content=\"image\/jpeg\" \/>\n<meta name=\"author\" content=\"P\u00e1gina 10\" \/>\n<meta name=\"twitter:card\" content=\"summary_large_image\" \/>\n<meta name=\"twitter:creator\" content=\"@Pag10com\" \/>\n<meta name=\"twitter:site\" content=\"@Pag10com\" \/>\n<meta name=\"twitter:label1\" content=\"Escrito por\" \/>\n\t<meta name=\"twitter:data1\" content=\"P\u00e1gina 10\" \/>\n\t<meta name=\"twitter:label2\" content=\"Tiempo de lectura\" \/>\n\t<meta name=\"twitter:data2\" content=\"3 minutos\" \/>\n<script type=\"application\/ld+json\" class=\"yoast-schema-graph\">{\"@context\":\"https:\/\/schema.org\",\"@graph\":[{\"@type\":\"Article\",\"@id\":\"https:\/\/pagina10.com\/web\/udenar-estara-presente-en-i-simposio-internacional-dialogo-intercultural-carnavales-del-mundo-en-italia\/#article\",\"isPartOf\":{\"@id\":\"https:\/\/pagina10.com\/web\/udenar-estara-presente-en-i-simposio-internacional-dialogo-intercultural-carnavales-del-mundo-en-italia\/\"},\"author\":{\"name\":\"P\u00e1gina 10\",\"@id\":\"https:\/\/pagina10.com\/web\/#\/schema\/person\/a7a5d38f0629dfc107f619fbae4f6cc3\"},\"headline\":\"Udenar estar\u00e1 presente en I Simposio Internacional Di\u00e1logo Intercultural Carnavales del Mundo en Italia\",\"datePublished\":\"2016-02-01T16:29:45+00:00\",\"mainEntityOfPage\":{\"@id\":\"https:\/\/pagina10.com\/web\/udenar-estara-presente-en-i-simposio-internacional-dialogo-intercultural-carnavales-del-mundo-en-italia\/\"},\"wordCount\":547,\"commentCount\":0,\"publisher\":{\"@id\":\"https:\/\/pagina10.com\/web\/#organization\"},\"image\":{\"@id\":\"https:\/\/pagina10.com\/web\/udenar-estara-presente-en-i-simposio-internacional-dialogo-intercultural-carnavales-del-mundo-en-italia\/#primaryimage\"},\"thumbnailUrl\":\"https:\/\/pagina10.com\/web\/wp-content\/uploads\/2016\/02\/0786be4044a598851b4e0baf88fecefb.jpg\",\"inLanguage\":\"es\",\"potentialAction\":[{\"@type\":\"CommentAction\",\"name\":\"Comment\",\"target\":[\"https:\/\/pagina10.com\/web\/udenar-estara-presente-en-i-simposio-internacional-dialogo-intercultural-carnavales-del-mundo-en-italia\/#respond\"]}]},{\"@type\":\"WebPage\",\"@id\":\"https:\/\/pagina10.com\/web\/udenar-estara-presente-en-i-simposio-internacional-dialogo-intercultural-carnavales-del-mundo-en-italia\/\",\"url\":\"https:\/\/pagina10.com\/web\/udenar-estara-presente-en-i-simposio-internacional-dialogo-intercultural-carnavales-del-mundo-en-italia\/\",\"name\":\"Udenar estar\u00e1 presente en I Simposio Internacional Di\u00e1logo Intercultural Carnavales del Mundo en Italia | P\u00e1gina10\",\"isPartOf\":{\"@id\":\"https:\/\/pagina10.com\/web\/#website\"},\"primaryImageOfPage\":{\"@id\":\"https:\/\/pagina10.com\/web\/udenar-estara-presente-en-i-simposio-internacional-dialogo-intercultural-carnavales-del-mundo-en-italia\/#primaryimage\"},\"image\":{\"@id\":\"https:\/\/pagina10.com\/web\/udenar-estara-presente-en-i-simposio-internacional-dialogo-intercultural-carnavales-del-mundo-en-italia\/#primaryimage\"},\"thumbnailUrl\":\"https:\/\/pagina10.com\/web\/wp-content\/uploads\/2016\/02\/0786be4044a598851b4e0baf88fecefb.jpg\",\"datePublished\":\"2016-02-01T16:29:45+00:00\",\"breadcrumb\":{\"@id\":\"https:\/\/pagina10.com\/web\/udenar-estara-presente-en-i-simposio-internacional-dialogo-intercultural-carnavales-del-mundo-en-italia\/#breadcrumb\"},\"inLanguage\":\"es\",\"potentialAction\":[{\"@type\":\"ReadAction\",\"target\":[\"https:\/\/pagina10.com\/web\/udenar-estara-presente-en-i-simposio-internacional-dialogo-intercultural-carnavales-del-mundo-en-italia\/\"]}]},{\"@type\":\"ImageObject\",\"inLanguage\":\"es\",\"@id\":\"https:\/\/pagina10.com\/web\/udenar-estara-presente-en-i-simposio-internacional-dialogo-intercultural-carnavales-del-mundo-en-italia\/#primaryimage\",\"url\":\"https:\/\/pagina10.com\/web\/wp-content\/uploads\/2016\/02\/0786be4044a598851b4e0baf88fecefb.jpg\",\"contentUrl\":\"https:\/\/pagina10.com\/web\/wp-content\/uploads\/2016\/02\/0786be4044a598851b4e0baf88fecefb.jpg\",\"width\":707,\"height\":384},{\"@type\":\"BreadcrumbList\",\"@id\":\"https:\/\/pagina10.com\/web\/udenar-estara-presente-en-i-simposio-internacional-dialogo-intercultural-carnavales-del-mundo-en-italia\/#breadcrumb\",\"itemListElement\":[{\"@type\":\"ListItem\",\"position\":1,\"name\":\"Portada\",\"item\":\"https:\/\/pagina10.com\/web\/\"},{\"@type\":\"ListItem\",\"position\":2,\"name\":\"Udenar estar\u00e1 presente en I Simposio Internacional Di\u00e1logo Intercultural Carnavales del Mundo en Italia\"}]},{\"@type\":\"WebSite\",\"@id\":\"https:\/\/pagina10.com\/web\/#website\",\"url\":\"https:\/\/pagina10.com\/web\/\",\"name\":\"P\u00e1gina10\",\"description\":\"Peri\u00f3dico Regional\",\"publisher\":{\"@id\":\"https:\/\/pagina10.com\/web\/#organization\"},\"alternateName\":\"P\u00e1gina10 Peri\u00f3dico Regional\",\"potentialAction\":[{\"@type\":\"SearchAction\",\"target\":{\"@type\":\"EntryPoint\",\"urlTemplate\":\"https:\/\/pagina10.com\/web\/?s={search_term_string}\"},\"query-input\":{\"@type\":\"PropertyValueSpecification\",\"valueRequired\":true,\"valueName\":\"search_term_string\"}}],\"inLanguage\":\"es\"},{\"@type\":\"Organization\",\"@id\":\"https:\/\/pagina10.com\/web\/#organization\",\"name\":\"P\u00e1gina10\",\"alternateName\":\"P\u00e1gina10 Peri\u00f3dico Regional\",\"url\":\"https:\/\/pagina10.com\/web\/\",\"logo\":{\"@type\":\"ImageObject\",\"inLanguage\":\"es\",\"@id\":\"https:\/\/pagina10.com\/web\/#\/schema\/logo\/image\/\",\"url\":\"https:\/\/pagina10.com\/web\/wp-content\/uploads\/2024\/01\/40-pagina-10-periodico-regional-pasto.jpg\",\"contentUrl\":\"https:\/\/pagina10.com\/web\/wp-content\/uploads\/2024\/01\/40-pagina-10-periodico-regional-pasto.jpg\",\"width\":1280,\"height\":720,\"caption\":\"P\u00e1gina10\"},\"image\":{\"@id\":\"https:\/\/pagina10.com\/web\/#\/schema\/logo\/image\/\"},\"sameAs\":[\"https:\/\/www.facebook.com\/pag10com\",\"https:\/\/x.com\/Pag10com\",\"https:\/\/www.instagram.com\/pagina10col\/\",\"https:\/\/youtube.com\/channel\/pag10\",\"https:\/\/www.tiktok.com\/@p10col\"]},{\"@type\":\"Person\",\"@id\":\"https:\/\/pagina10.com\/web\/#\/schema\/person\/a7a5d38f0629dfc107f619fbae4f6cc3\",\"name\":\"P\u00e1gina 10\",\"description\":\"P\u00e1gina10.com es un peri\u00f3dico digital que nace en Colombia, en el departamento de Nari\u00f1o, con un enfoque global, fundamentado en cuatro pilares esenciales: la libertad, el pluralismo, la inclusi\u00f3n y la independencia. P\u00e1gina10.com hace referencia a Nari\u00f1o como el d\u00e9cimo departamento creado en Colombia, despu\u00e9s de un proceso pol\u00edtico liderado por actores y actrices regionales con el fin de obtener la independencia y autonom\u00eda de nuestros territorios. Con la creaci\u00f3n de P\u00e1gina10.com se pretende abrir un escenario para el dialogo, la reflexi\u00f3n y el debate que se extienda a otras geograf\u00edas de Am\u00e9rica Latina y del planeta, en una apuesta por transformar colectivamente los desaf\u00edos de un mundo contempor\u00e1neo, m\u00e1s all\u00e1 de las fronteras impuestas.\",\"url\":\"https:\/\/pagina10.com\/web\/author\/mcepeda\/\"}]}<\/script>\n<!-- \/ Yoast SEO plugin. -->","yoast_head_json":{"title":"Udenar estar\u00e1 presente en I Simposio Internacional Di\u00e1logo Intercultural Carnavales del Mundo en Italia | P\u00e1gina10","robots":{"index":"index","follow":"follow","max-snippet":"max-snippet:-1","max-image-preview":"max-image-preview:large","max-video-preview":"max-video-preview:-1"},"canonical":"https:\/\/pagina10.com\/web\/udenar-estara-presente-en-i-simposio-internacional-dialogo-intercultural-carnavales-del-mundo-en-italia\/","og_locale":"es_ES","og_type":"article","og_title":"Udenar estar\u00e1 presente en I Simposio Internacional Di\u00e1logo Intercultural Carnavales del Mundo en Italia | P\u00e1gina10","og_description":"La Universidad de Nari\u00f1o, estar\u00e1 presente en el I Simposio Internacional&nbsp;Di\u00e1logo Intercultural Carnavales del Mundo, que se llevar\u00e1 a cabo en las&nbsp;ciudades de Florencia y Viareggio en Italia, del 3 al 7 de febrero de 2016. El&nbsp;evento tiene como fin valorar y proteger el Carnaval como Patrimonio Cultural&nbsp;Inmaterial. En este encuentro participar\u00e1 la antrop\u00f3loga Claudia [&hellip;]","og_url":"https:\/\/pagina10.com\/web\/udenar-estara-presente-en-i-simposio-internacional-dialogo-intercultural-carnavales-del-mundo-en-italia\/","og_site_name":"P\u00e1gina10","article_publisher":"https:\/\/www.facebook.com\/pag10com","article_published_time":"2016-02-01T16:29:45+00:00","og_image":[{"width":707,"height":384,"url":"https:\/\/pagina10.com\/web\/wp-content\/uploads\/2016\/02\/0786be4044a598851b4e0baf88fecefb.jpg","type":"image\/jpeg"}],"author":"P\u00e1gina 10","twitter_card":"summary_large_image","twitter_creator":"@Pag10com","twitter_site":"@Pag10com","twitter_misc":{"Escrito por":"P\u00e1gina 10","Tiempo de lectura":"3 minutos"},"schema":{"@context":"https:\/\/schema.org","@graph":[{"@type":"Article","@id":"https:\/\/pagina10.com\/web\/udenar-estara-presente-en-i-simposio-internacional-dialogo-intercultural-carnavales-del-mundo-en-italia\/#article","isPartOf":{"@id":"https:\/\/pagina10.com\/web\/udenar-estara-presente-en-i-simposio-internacional-dialogo-intercultural-carnavales-del-mundo-en-italia\/"},"author":{"name":"P\u00e1gina 10","@id":"https:\/\/pagina10.com\/web\/#\/schema\/person\/a7a5d38f0629dfc107f619fbae4f6cc3"},"headline":"Udenar estar\u00e1 presente en I Simposio Internacional Di\u00e1logo Intercultural Carnavales del Mundo en Italia","datePublished":"2016-02-01T16:29:45+00:00","mainEntityOfPage":{"@id":"https:\/\/pagina10.com\/web\/udenar-estara-presente-en-i-simposio-internacional-dialogo-intercultural-carnavales-del-mundo-en-italia\/"},"wordCount":547,"commentCount":0,"publisher":{"@id":"https:\/\/pagina10.com\/web\/#organization"},"image":{"@id":"https:\/\/pagina10.com\/web\/udenar-estara-presente-en-i-simposio-internacional-dialogo-intercultural-carnavales-del-mundo-en-italia\/#primaryimage"},"thumbnailUrl":"https:\/\/pagina10.com\/web\/wp-content\/uploads\/2016\/02\/0786be4044a598851b4e0baf88fecefb.jpg","inLanguage":"es","potentialAction":[{"@type":"CommentAction","name":"Comment","target":["https:\/\/pagina10.com\/web\/udenar-estara-presente-en-i-simposio-internacional-dialogo-intercultural-carnavales-del-mundo-en-italia\/#respond"]}]},{"@type":"WebPage","@id":"https:\/\/pagina10.com\/web\/udenar-estara-presente-en-i-simposio-internacional-dialogo-intercultural-carnavales-del-mundo-en-italia\/","url":"https:\/\/pagina10.com\/web\/udenar-estara-presente-en-i-simposio-internacional-dialogo-intercultural-carnavales-del-mundo-en-italia\/","name":"Udenar estar\u00e1 presente en I Simposio Internacional Di\u00e1logo Intercultural Carnavales del Mundo en Italia | P\u00e1gina10","isPartOf":{"@id":"https:\/\/pagina10.com\/web\/#website"},"primaryImageOfPage":{"@id":"https:\/\/pagina10.com\/web\/udenar-estara-presente-en-i-simposio-internacional-dialogo-intercultural-carnavales-del-mundo-en-italia\/#primaryimage"},"image":{"@id":"https:\/\/pagina10.com\/web\/udenar-estara-presente-en-i-simposio-internacional-dialogo-intercultural-carnavales-del-mundo-en-italia\/#primaryimage"},"thumbnailUrl":"https:\/\/pagina10.com\/web\/wp-content\/uploads\/2016\/02\/0786be4044a598851b4e0baf88fecefb.jpg","datePublished":"2016-02-01T16:29:45+00:00","breadcrumb":{"@id":"https:\/\/pagina10.com\/web\/udenar-estara-presente-en-i-simposio-internacional-dialogo-intercultural-carnavales-del-mundo-en-italia\/#breadcrumb"},"inLanguage":"es","potentialAction":[{"@type":"ReadAction","target":["https:\/\/pagina10.com\/web\/udenar-estara-presente-en-i-simposio-internacional-dialogo-intercultural-carnavales-del-mundo-en-italia\/"]}]},{"@type":"ImageObject","inLanguage":"es","@id":"https:\/\/pagina10.com\/web\/udenar-estara-presente-en-i-simposio-internacional-dialogo-intercultural-carnavales-del-mundo-en-italia\/#primaryimage","url":"https:\/\/pagina10.com\/web\/wp-content\/uploads\/2016\/02\/0786be4044a598851b4e0baf88fecefb.jpg","contentUrl":"https:\/\/pagina10.com\/web\/wp-content\/uploads\/2016\/02\/0786be4044a598851b4e0baf88fecefb.jpg","width":707,"height":384},{"@type":"BreadcrumbList","@id":"https:\/\/pagina10.com\/web\/udenar-estara-presente-en-i-simposio-internacional-dialogo-intercultural-carnavales-del-mundo-en-italia\/#breadcrumb","itemListElement":[{"@type":"ListItem","position":1,"name":"Portada","item":"https:\/\/pagina10.com\/web\/"},{"@type":"ListItem","position":2,"name":"Udenar estar\u00e1 presente en I Simposio Internacional Di\u00e1logo Intercultural Carnavales del Mundo en Italia"}]},{"@type":"WebSite","@id":"https:\/\/pagina10.com\/web\/#website","url":"https:\/\/pagina10.com\/web\/","name":"P\u00e1gina10","description":"Peri\u00f3dico Regional","publisher":{"@id":"https:\/\/pagina10.com\/web\/#organization"},"alternateName":"P\u00e1gina10 Peri\u00f3dico Regional","potentialAction":[{"@type":"SearchAction","target":{"@type":"EntryPoint","urlTemplate":"https:\/\/pagina10.com\/web\/?s={search_term_string}"},"query-input":{"@type":"PropertyValueSpecification","valueRequired":true,"valueName":"search_term_string"}}],"inLanguage":"es"},{"@type":"Organization","@id":"https:\/\/pagina10.com\/web\/#organization","name":"P\u00e1gina10","alternateName":"P\u00e1gina10 Peri\u00f3dico Regional","url":"https:\/\/pagina10.com\/web\/","logo":{"@type":"ImageObject","inLanguage":"es","@id":"https:\/\/pagina10.com\/web\/#\/schema\/logo\/image\/","url":"https:\/\/pagina10.com\/web\/wp-content\/uploads\/2024\/01\/40-pagina-10-periodico-regional-pasto.jpg","contentUrl":"https:\/\/pagina10.com\/web\/wp-content\/uploads\/2024\/01\/40-pagina-10-periodico-regional-pasto.jpg","width":1280,"height":720,"caption":"P\u00e1gina10"},"image":{"@id":"https:\/\/pagina10.com\/web\/#\/schema\/logo\/image\/"},"sameAs":["https:\/\/www.facebook.com\/pag10com","https:\/\/x.com\/Pag10com","https:\/\/www.instagram.com\/pagina10col\/","https:\/\/youtube.com\/channel\/pag10","https:\/\/www.tiktok.com\/@p10col"]},{"@type":"Person","@id":"https:\/\/pagina10.com\/web\/#\/schema\/person\/a7a5d38f0629dfc107f619fbae4f6cc3","name":"P\u00e1gina 10","description":"P\u00e1gina10.com es un peri\u00f3dico digital que nace en Colombia, en el departamento de Nari\u00f1o, con un enfoque global, fundamentado en cuatro pilares esenciales: la libertad, el pluralismo, la inclusi\u00f3n y la independencia. P\u00e1gina10.com hace referencia a Nari\u00f1o como el d\u00e9cimo departamento creado en Colombia, despu\u00e9s de un proceso pol\u00edtico liderado por actores y actrices regionales con el fin de obtener la independencia y autonom\u00eda de nuestros territorios. Con la creaci\u00f3n de P\u00e1gina10.com se pretende abrir un escenario para el dialogo, la reflexi\u00f3n y el debate que se extienda a otras geograf\u00edas de Am\u00e9rica Latina y del planeta, en una apuesta por transformar colectivamente los desaf\u00edos de un mundo contempor\u00e1neo, m\u00e1s all\u00e1 de las fronteras impuestas.","url":"https:\/\/pagina10.com\/web\/author\/mcepeda\/"}]}},"_links":{"self":[{"href":"https:\/\/pagina10.com\/web\/wp-json\/wp\/v2\/posts\/19558","targetHints":{"allow":["GET"]}}],"collection":[{"href":"https:\/\/pagina10.com\/web\/wp-json\/wp\/v2\/posts"}],"about":[{"href":"https:\/\/pagina10.com\/web\/wp-json\/wp\/v2\/types\/post"}],"author":[{"embeddable":true,"href":"https:\/\/pagina10.com\/web\/wp-json\/wp\/v2\/users\/29"}],"replies":[{"embeddable":true,"href":"https:\/\/pagina10.com\/web\/wp-json\/wp\/v2\/comments?post=19558"}],"version-history":[{"count":0,"href":"https:\/\/pagina10.com\/web\/wp-json\/wp\/v2\/posts\/19558\/revisions"}],"wp:featuredmedia":[{"embeddable":true,"href":"https:\/\/pagina10.com\/web\/wp-json\/wp\/v2\/media\/19557"}],"wp:attachment":[{"href":"https:\/\/pagina10.com\/web\/wp-json\/wp\/v2\/media?parent=19558"}],"wp:term":[{"taxonomy":"category","embeddable":true,"href":"https:\/\/pagina10.com\/web\/wp-json\/wp\/v2\/categories?post=19558"},{"taxonomy":"post_tag","embeddable":true,"href":"https:\/\/pagina10.com\/web\/wp-json\/wp\/v2\/tags?post=19558"}],"curies":[{"name":"wp","href":"https:\/\/api.w.org\/{rel}","templated":true}]}}