{"id":19560,"date":"2016-02-02T03:24:04","date_gmt":"2016-02-02T03:24:04","guid":{"rendered":"https:\/\/pagina10.com\/web\/este-2-de-febrero-se-realizara-en-pasto-socializacion-convocatoria-de-estimulos-2016\/"},"modified":"2016-02-02T03:24:04","modified_gmt":"2016-02-02T03:24:04","slug":"este-2-de-febrero-se-realizara-en-pasto-socializacion-convocatoria-de-estimulos-2016","status":"publish","type":"post","link":"https:\/\/pagina10.com\/web\/este-2-de-febrero-se-realizara-en-pasto-socializacion-convocatoria-de-estimulos-2016\/","title":{"rendered":"Este 2 de febrero se realizar\u00e1 en Pasto socializaci\u00f3n convocatoria de est\u00edmulos 2016"},"content":{"rendered":"<p><img fetchpriority=\"high\" decoding=\"async\" class=\" size-full wp-image-19559\" src=\"https:\/\/pagina10.com\/web\/wp-content\/uploads\/2016\/02\/96a6834879d0e478bfc912e898a3919b.jpg\" alt=\"\" width=\"444\" height=\"250\" srcset=\"https:\/\/pagina10.com\/web\/wp-content\/uploads\/2016\/02\/96a6834879d0e478bfc912e898a3919b.jpg 444w, https:\/\/pagina10.com\/web\/wp-content\/uploads\/2016\/02\/96a6834879d0e478bfc912e898a3919b-300x169.jpg 300w\" sizes=\"(max-width: 444px) 100vw, 444px\" \/><\/p>\n<p style=\"text-align: justify;\">El Programa de Est\u00edmulos de MinCultura, abre la oferta con 109 convocatorias, representadas en la entrega de m\u00e1s de 387 est\u00edmulos que buscan promover la creaci\u00f3n, la investigaci\u00f3n, la formaci\u00f3n y la circulaci\u00f3n en el sector art\u00edstico y cultural.<\/p>\n<p style=\"text-align: justify;\">Para este a\u00f1o, los est\u00edmulos se entregar\u00e1n en las \u00e1reas de archivos, artes visuales, danza, literatura, m\u00fasica, teatro y circo, bibliotecas, cinematograf\u00eda, comunicaciones (televisi\u00f3n y radios), derecho de la cultura, emprendimiento cultural, ling\u00fc\u00edstica, patrimonio, poblaciones e iniciativas de memoria, entre otros.<\/p>\n<p style=\"text-align: justify;\">En las convocatorias pueden participar personas naturales, a t\u00edtulo individual o colectivo y personas jur\u00eddicas, quienes deben revisar cuidadosamente los requisitos generales y espec\u00edficos de participaci\u00f3n de cada convocatoria.<\/p>\n<p style=\"text-align: justify;\">Cada convocatoria contempla como fecha de apertura el 01 de febrero y cierra en diferentes fechas, por lo que es importante consultar las bases de la convocatoria a la que desea presentarse.<\/p>\n<p style=\"text-align: justify;\">Los requisitos para participar son sencillos y adecuados a la realidad y necesidades del sector, buscando una masiva participaci\u00f3n de todos los actores culturales. A lo largo de su historia, el Programa Nacional de Est\u00edmulos ha apoyado incontables proyectos e iniciativas provenientes de los 32 departamentos del pa\u00eds as\u00ed como del Distrito Capital y de los colombianos residentes en el exterior.<\/p>\n<p style=\"text-align: justify;\"><strong>&nbsp;<\/strong><\/p>\n<p style=\"text-align: justify;\"><strong>Socializaciones:<\/strong><\/p>\n<p style=\"text-align: justify;\"><strong>2 de febrero de 2016<\/strong><\/p>\n<p style=\"text-align: justify;\"><span style=\"color: #ff0000;\"><strong style=\"line-height: 19.8px; text-align: justify;\">Pasto \u2013 Nari\u00f1o<\/strong><\/span><br style=\"line-height: 19.8px; text-align: justify;\" \/><span style=\"color: #ff0000;\"><strong style=\"line-height: 19.8px; text-align: justify;\">Carrera 26 No. 18-93<\/strong><\/span><br style=\"line-height: 19.8px; text-align: justify;\" \/><span style=\"color: #ff0000;\"><strong style=\"line-height: 19.8px; text-align: justify;\">Pinacoteca Departamental<\/strong><\/span><br style=\"line-height: 19.8px; text-align: justify;\" \/><span style=\"color: #ff0000;\"><strong style=\"line-height: 19.8px; text-align: justify;\">2:00 p.m.<\/strong><\/span><\/p>\n<p><span style=\"text-align: justify; line-height: 1.8;\">C\u00facuta \u2013 Norte de Santander<br \/>Calle 13 No. 3-67<br \/>Auditorio Eduardo Cote Lamus del Edificio Torre del reloj<br \/>9:00 a.m.<\/span><\/p>\n<p>Mocoa \u2013 Putumayo<br \/>Carrera 4 No. 7-23<br \/>Auditorio ACEP<br \/>3:00 p.m.<\/p>\n<p style=\"text-align: justify;\">&nbsp;<\/p>\n<p style=\"text-align: justify;\"><strong>3 de febrero de 2016<\/strong><\/p>\n<p style=\"text-align: justify;\">Cali \u2013 Valle del Cauca<br \/>Calle 5 No. 6-63<br \/>Comfenalco \/ Torre C \/ Sal\u00f3n 1-2<br \/>2:00 p.m.<\/p>\n<p style=\"text-align: justify;\">Valledupar \u2013 Cesar<br \/>Calle 15 con carrera 12 A Esquina<br \/>Auditorio Biblioteca Departamental Rafael Carillo Luque<br \/>2:00 p.m.<\/p>\n<p style=\"text-align: justify;\">&nbsp;<\/p>\n<p style=\"text-align: justify;\"><strong>4 de febrero de 2016<\/strong><\/p>\n<p style=\"text-align: justify;\">Riohacha \u2013 La Guajira<br \/>Auditorio de los Estudiantes con Avenida Primera<br \/>Centro Cultural de La Guajira<br \/>9:00 a.m.<\/p>\n<p style=\"text-align: justify;\">&nbsp;<\/p>\n<p style=\"text-align: justify;\"><strong>5 de febrero de 2016<\/strong><\/p>\n<p style=\"text-align: justify;\">Tunja &#8211; Boyac\u00e1<br \/>Carrera 10 No. 19-17<br \/>Auditorio Casa de la Cultura<br \/>9:00 a.m.<\/p>\n<p style=\"text-align: justify;\">Ibagu\u00e9 \u2013 Tolima<br \/>Carrera 3 No. 11-26<br \/>Auditorio Biblioteca Dar\u00edo Echand\u00eda<br \/>9:00 a.m.<\/p>\n<p style=\"text-align: justify;\">Medell\u00edn \u2013 Antioquia<br \/>Carrera 51 No. 52-03<br \/>Instituto de cultura y patrimonio de Antioquia<br \/>10:00 a.m.<\/p>\n<p style=\"text-align: justify;\">Bucaramanga \u2013 Santander<br \/>Carrera 19 No. 31-64<br \/>Centro Cultural de Oriente \u2013 Auditorio la Capilla<br \/>2:00 p.m.<\/p>\n","protected":false},"excerpt":{"rendered":"<p>El Programa de Est\u00edmulos de MinCultura, abre la oferta con 109 convocatorias, representadas en la entrega de m\u00e1s de 387 est\u00edmulos que buscan promover la creaci\u00f3n, la investigaci\u00f3n, la formaci\u00f3n y la circulaci\u00f3n en el sector art\u00edstico y cultural. Para este a\u00f1o, los est\u00edmulos se entregar\u00e1n en las \u00e1reas de archivos, artes visuales, danza, literatura, [&hellip;]<\/p>\n","protected":false},"author":29,"featured_media":19559,"comment_status":"open","ping_status":"open","sticky":false,"template":"","format":"standard","meta":{"footnotes":""},"categories":[1],"tags":[],"class_list":["post-19560","post","type-post","status-publish","format-standard","has-post-thumbnail","hentry","category-sin-categoria"],"yoast_head":"<!-- This site is optimized with the Yoast SEO plugin v27.1.1 - https:\/\/yoast.com\/product\/yoast-seo-wordpress\/ -->\n<title>Este 2 de febrero se realizar\u00e1 en Pasto socializaci\u00f3n convocatoria de est\u00edmulos 2016 | P\u00e1gina10<\/title>\n<meta name=\"robots\" content=\"index, follow, max-snippet:-1, max-image-preview:large, max-video-preview:-1\" \/>\n<link rel=\"canonical\" href=\"https:\/\/pagina10.com\/web\/este-2-de-febrero-se-realizara-en-pasto-socializacion-convocatoria-de-estimulos-2016\/\" \/>\n<meta property=\"og:locale\" content=\"es_ES\" \/>\n<meta property=\"og:type\" content=\"article\" \/>\n<meta property=\"og:title\" content=\"Este 2 de febrero se realizar\u00e1 en Pasto socializaci\u00f3n convocatoria de est\u00edmulos 2016 | P\u00e1gina10\" \/>\n<meta property=\"og:description\" content=\"El Programa de Est\u00edmulos de MinCultura, abre la oferta con 109 convocatorias, representadas en la entrega de m\u00e1s de 387 est\u00edmulos que buscan promover la creaci\u00f3n, la investigaci\u00f3n, la formaci\u00f3n y la circulaci\u00f3n en el sector art\u00edstico y cultural. Para este a\u00f1o, los est\u00edmulos se entregar\u00e1n en las \u00e1reas de archivos, artes visuales, danza, literatura, [&hellip;]\" \/>\n<meta property=\"og:url\" content=\"https:\/\/pagina10.com\/web\/este-2-de-febrero-se-realizara-en-pasto-socializacion-convocatoria-de-estimulos-2016\/\" \/>\n<meta property=\"og:site_name\" content=\"P\u00e1gina10\" \/>\n<meta property=\"article:publisher\" content=\"https:\/\/www.facebook.com\/pag10com\" \/>\n<meta property=\"article:published_time\" content=\"2016-02-02T03:24:04+00:00\" \/>\n<meta property=\"og:image\" content=\"https:\/\/pagina10.com\/web\/wp-content\/uploads\/2016\/02\/96a6834879d0e478bfc912e898a3919b.jpg\" \/>\n\t<meta property=\"og:image:width\" content=\"444\" \/>\n\t<meta property=\"og:image:height\" content=\"250\" \/>\n\t<meta property=\"og:image:type\" content=\"image\/jpeg\" \/>\n<meta name=\"author\" content=\"P\u00e1gina 10\" \/>\n<meta name=\"twitter:card\" content=\"summary_large_image\" \/>\n<meta name=\"twitter:creator\" content=\"@Pag10com\" \/>\n<meta name=\"twitter:site\" content=\"@Pag10com\" \/>\n<meta name=\"twitter:label1\" content=\"Escrito por\" \/>\n\t<meta name=\"twitter:data1\" content=\"P\u00e1gina 10\" \/>\n\t<meta name=\"twitter:label2\" content=\"Tiempo de lectura\" \/>\n\t<meta name=\"twitter:data2\" content=\"2 minutos\" \/>\n<script type=\"application\/ld+json\" class=\"yoast-schema-graph\">{\"@context\":\"https:\/\/schema.org\",\"@graph\":[{\"@type\":\"Article\",\"@id\":\"https:\/\/pagina10.com\/web\/este-2-de-febrero-se-realizara-en-pasto-socializacion-convocatoria-de-estimulos-2016\/#article\",\"isPartOf\":{\"@id\":\"https:\/\/pagina10.com\/web\/este-2-de-febrero-se-realizara-en-pasto-socializacion-convocatoria-de-estimulos-2016\/\"},\"author\":{\"name\":\"P\u00e1gina 10\",\"@id\":\"https:\/\/pagina10.com\/web\/#\/schema\/person\/a7a5d38f0629dfc107f619fbae4f6cc3\"},\"headline\":\"Este 2 de febrero se realizar\u00e1 en Pasto socializaci\u00f3n convocatoria de est\u00edmulos 2016\",\"datePublished\":\"2016-02-02T03:24:04+00:00\",\"mainEntityOfPage\":{\"@id\":\"https:\/\/pagina10.com\/web\/este-2-de-febrero-se-realizara-en-pasto-socializacion-convocatoria-de-estimulos-2016\/\"},\"wordCount\":380,\"commentCount\":0,\"publisher\":{\"@id\":\"https:\/\/pagina10.com\/web\/#organization\"},\"image\":{\"@id\":\"https:\/\/pagina10.com\/web\/este-2-de-febrero-se-realizara-en-pasto-socializacion-convocatoria-de-estimulos-2016\/#primaryimage\"},\"thumbnailUrl\":\"https:\/\/pagina10.com\/web\/wp-content\/uploads\/2016\/02\/96a6834879d0e478bfc912e898a3919b.jpg\",\"inLanguage\":\"es\",\"potentialAction\":[{\"@type\":\"CommentAction\",\"name\":\"Comment\",\"target\":[\"https:\/\/pagina10.com\/web\/este-2-de-febrero-se-realizara-en-pasto-socializacion-convocatoria-de-estimulos-2016\/#respond\"]}]},{\"@type\":\"WebPage\",\"@id\":\"https:\/\/pagina10.com\/web\/este-2-de-febrero-se-realizara-en-pasto-socializacion-convocatoria-de-estimulos-2016\/\",\"url\":\"https:\/\/pagina10.com\/web\/este-2-de-febrero-se-realizara-en-pasto-socializacion-convocatoria-de-estimulos-2016\/\",\"name\":\"Este 2 de febrero se realizar\u00e1 en Pasto socializaci\u00f3n convocatoria de est\u00edmulos 2016 | P\u00e1gina10\",\"isPartOf\":{\"@id\":\"https:\/\/pagina10.com\/web\/#website\"},\"primaryImageOfPage\":{\"@id\":\"https:\/\/pagina10.com\/web\/este-2-de-febrero-se-realizara-en-pasto-socializacion-convocatoria-de-estimulos-2016\/#primaryimage\"},\"image\":{\"@id\":\"https:\/\/pagina10.com\/web\/este-2-de-febrero-se-realizara-en-pasto-socializacion-convocatoria-de-estimulos-2016\/#primaryimage\"},\"thumbnailUrl\":\"https:\/\/pagina10.com\/web\/wp-content\/uploads\/2016\/02\/96a6834879d0e478bfc912e898a3919b.jpg\",\"datePublished\":\"2016-02-02T03:24:04+00:00\",\"breadcrumb\":{\"@id\":\"https:\/\/pagina10.com\/web\/este-2-de-febrero-se-realizara-en-pasto-socializacion-convocatoria-de-estimulos-2016\/#breadcrumb\"},\"inLanguage\":\"es\",\"potentialAction\":[{\"@type\":\"ReadAction\",\"target\":[\"https:\/\/pagina10.com\/web\/este-2-de-febrero-se-realizara-en-pasto-socializacion-convocatoria-de-estimulos-2016\/\"]}]},{\"@type\":\"ImageObject\",\"inLanguage\":\"es\",\"@id\":\"https:\/\/pagina10.com\/web\/este-2-de-febrero-se-realizara-en-pasto-socializacion-convocatoria-de-estimulos-2016\/#primaryimage\",\"url\":\"https:\/\/pagina10.com\/web\/wp-content\/uploads\/2016\/02\/96a6834879d0e478bfc912e898a3919b.jpg\",\"contentUrl\":\"https:\/\/pagina10.com\/web\/wp-content\/uploads\/2016\/02\/96a6834879d0e478bfc912e898a3919b.jpg\",\"width\":444,\"height\":250},{\"@type\":\"BreadcrumbList\",\"@id\":\"https:\/\/pagina10.com\/web\/este-2-de-febrero-se-realizara-en-pasto-socializacion-convocatoria-de-estimulos-2016\/#breadcrumb\",\"itemListElement\":[{\"@type\":\"ListItem\",\"position\":1,\"name\":\"Portada\",\"item\":\"https:\/\/pagina10.com\/web\/\"},{\"@type\":\"ListItem\",\"position\":2,\"name\":\"Este 2 de febrero se realizar\u00e1 en Pasto socializaci\u00f3n convocatoria de est\u00edmulos 2016\"}]},{\"@type\":\"WebSite\",\"@id\":\"https:\/\/pagina10.com\/web\/#website\",\"url\":\"https:\/\/pagina10.com\/web\/\",\"name\":\"P\u00e1gina10\",\"description\":\"Peri\u00f3dico Regional\",\"publisher\":{\"@id\":\"https:\/\/pagina10.com\/web\/#organization\"},\"alternateName\":\"P\u00e1gina10 Peri\u00f3dico Regional\",\"potentialAction\":[{\"@type\":\"SearchAction\",\"target\":{\"@type\":\"EntryPoint\",\"urlTemplate\":\"https:\/\/pagina10.com\/web\/?s={search_term_string}\"},\"query-input\":{\"@type\":\"PropertyValueSpecification\",\"valueRequired\":true,\"valueName\":\"search_term_string\"}}],\"inLanguage\":\"es\"},{\"@type\":\"Organization\",\"@id\":\"https:\/\/pagina10.com\/web\/#organization\",\"name\":\"P\u00e1gina10\",\"alternateName\":\"P\u00e1gina10 Peri\u00f3dico Regional\",\"url\":\"https:\/\/pagina10.com\/web\/\",\"logo\":{\"@type\":\"ImageObject\",\"inLanguage\":\"es\",\"@id\":\"https:\/\/pagina10.com\/web\/#\/schema\/logo\/image\/\",\"url\":\"https:\/\/pagina10.com\/web\/wp-content\/uploads\/2024\/01\/40-pagina-10-periodico-regional-pasto.jpg\",\"contentUrl\":\"https:\/\/pagina10.com\/web\/wp-content\/uploads\/2024\/01\/40-pagina-10-periodico-regional-pasto.jpg\",\"width\":1280,\"height\":720,\"caption\":\"P\u00e1gina10\"},\"image\":{\"@id\":\"https:\/\/pagina10.com\/web\/#\/schema\/logo\/image\/\"},\"sameAs\":[\"https:\/\/www.facebook.com\/pag10com\",\"https:\/\/x.com\/Pag10com\",\"https:\/\/www.instagram.com\/pagina10col\/\",\"https:\/\/youtube.com\/channel\/pag10\",\"https:\/\/www.tiktok.com\/@p10col\"]},{\"@type\":\"Person\",\"@id\":\"https:\/\/pagina10.com\/web\/#\/schema\/person\/a7a5d38f0629dfc107f619fbae4f6cc3\",\"name\":\"P\u00e1gina 10\",\"description\":\"P\u00e1gina10.com es un peri\u00f3dico digital que nace en Colombia, en el departamento de Nari\u00f1o, con un enfoque global, fundamentado en cuatro pilares esenciales: la libertad, el pluralismo, la inclusi\u00f3n y la independencia. P\u00e1gina10.com hace referencia a Nari\u00f1o como el d\u00e9cimo departamento creado en Colombia, despu\u00e9s de un proceso pol\u00edtico liderado por actores y actrices regionales con el fin de obtener la independencia y autonom\u00eda de nuestros territorios. Con la creaci\u00f3n de P\u00e1gina10.com se pretende abrir un escenario para el dialogo, la reflexi\u00f3n y el debate que se extienda a otras geograf\u00edas de Am\u00e9rica Latina y del planeta, en una apuesta por transformar colectivamente los desaf\u00edos de un mundo contempor\u00e1neo, m\u00e1s all\u00e1 de las fronteras impuestas.\",\"url\":\"https:\/\/pagina10.com\/web\/author\/mcepeda\/\"}]}<\/script>\n<!-- \/ Yoast SEO plugin. -->","yoast_head_json":{"title":"Este 2 de febrero se realizar\u00e1 en Pasto socializaci\u00f3n convocatoria de est\u00edmulos 2016 | P\u00e1gina10","robots":{"index":"index","follow":"follow","max-snippet":"max-snippet:-1","max-image-preview":"max-image-preview:large","max-video-preview":"max-video-preview:-1"},"canonical":"https:\/\/pagina10.com\/web\/este-2-de-febrero-se-realizara-en-pasto-socializacion-convocatoria-de-estimulos-2016\/","og_locale":"es_ES","og_type":"article","og_title":"Este 2 de febrero se realizar\u00e1 en Pasto socializaci\u00f3n convocatoria de est\u00edmulos 2016 | P\u00e1gina10","og_description":"El Programa de Est\u00edmulos de MinCultura, abre la oferta con 109 convocatorias, representadas en la entrega de m\u00e1s de 387 est\u00edmulos que buscan promover la creaci\u00f3n, la investigaci\u00f3n, la formaci\u00f3n y la circulaci\u00f3n en el sector art\u00edstico y cultural. Para este a\u00f1o, los est\u00edmulos se entregar\u00e1n en las \u00e1reas de archivos, artes visuales, danza, literatura, [&hellip;]","og_url":"https:\/\/pagina10.com\/web\/este-2-de-febrero-se-realizara-en-pasto-socializacion-convocatoria-de-estimulos-2016\/","og_site_name":"P\u00e1gina10","article_publisher":"https:\/\/www.facebook.com\/pag10com","article_published_time":"2016-02-02T03:24:04+00:00","og_image":[{"width":444,"height":250,"url":"https:\/\/pagina10.com\/web\/wp-content\/uploads\/2016\/02\/96a6834879d0e478bfc912e898a3919b.jpg","type":"image\/jpeg"}],"author":"P\u00e1gina 10","twitter_card":"summary_large_image","twitter_creator":"@Pag10com","twitter_site":"@Pag10com","twitter_misc":{"Escrito por":"P\u00e1gina 10","Tiempo de lectura":"2 minutos"},"schema":{"@context":"https:\/\/schema.org","@graph":[{"@type":"Article","@id":"https:\/\/pagina10.com\/web\/este-2-de-febrero-se-realizara-en-pasto-socializacion-convocatoria-de-estimulos-2016\/#article","isPartOf":{"@id":"https:\/\/pagina10.com\/web\/este-2-de-febrero-se-realizara-en-pasto-socializacion-convocatoria-de-estimulos-2016\/"},"author":{"name":"P\u00e1gina 10","@id":"https:\/\/pagina10.com\/web\/#\/schema\/person\/a7a5d38f0629dfc107f619fbae4f6cc3"},"headline":"Este 2 de febrero se realizar\u00e1 en Pasto socializaci\u00f3n convocatoria de est\u00edmulos 2016","datePublished":"2016-02-02T03:24:04+00:00","mainEntityOfPage":{"@id":"https:\/\/pagina10.com\/web\/este-2-de-febrero-se-realizara-en-pasto-socializacion-convocatoria-de-estimulos-2016\/"},"wordCount":380,"commentCount":0,"publisher":{"@id":"https:\/\/pagina10.com\/web\/#organization"},"image":{"@id":"https:\/\/pagina10.com\/web\/este-2-de-febrero-se-realizara-en-pasto-socializacion-convocatoria-de-estimulos-2016\/#primaryimage"},"thumbnailUrl":"https:\/\/pagina10.com\/web\/wp-content\/uploads\/2016\/02\/96a6834879d0e478bfc912e898a3919b.jpg","inLanguage":"es","potentialAction":[{"@type":"CommentAction","name":"Comment","target":["https:\/\/pagina10.com\/web\/este-2-de-febrero-se-realizara-en-pasto-socializacion-convocatoria-de-estimulos-2016\/#respond"]}]},{"@type":"WebPage","@id":"https:\/\/pagina10.com\/web\/este-2-de-febrero-se-realizara-en-pasto-socializacion-convocatoria-de-estimulos-2016\/","url":"https:\/\/pagina10.com\/web\/este-2-de-febrero-se-realizara-en-pasto-socializacion-convocatoria-de-estimulos-2016\/","name":"Este 2 de febrero se realizar\u00e1 en Pasto socializaci\u00f3n convocatoria de est\u00edmulos 2016 | P\u00e1gina10","isPartOf":{"@id":"https:\/\/pagina10.com\/web\/#website"},"primaryImageOfPage":{"@id":"https:\/\/pagina10.com\/web\/este-2-de-febrero-se-realizara-en-pasto-socializacion-convocatoria-de-estimulos-2016\/#primaryimage"},"image":{"@id":"https:\/\/pagina10.com\/web\/este-2-de-febrero-se-realizara-en-pasto-socializacion-convocatoria-de-estimulos-2016\/#primaryimage"},"thumbnailUrl":"https:\/\/pagina10.com\/web\/wp-content\/uploads\/2016\/02\/96a6834879d0e478bfc912e898a3919b.jpg","datePublished":"2016-02-02T03:24:04+00:00","breadcrumb":{"@id":"https:\/\/pagina10.com\/web\/este-2-de-febrero-se-realizara-en-pasto-socializacion-convocatoria-de-estimulos-2016\/#breadcrumb"},"inLanguage":"es","potentialAction":[{"@type":"ReadAction","target":["https:\/\/pagina10.com\/web\/este-2-de-febrero-se-realizara-en-pasto-socializacion-convocatoria-de-estimulos-2016\/"]}]},{"@type":"ImageObject","inLanguage":"es","@id":"https:\/\/pagina10.com\/web\/este-2-de-febrero-se-realizara-en-pasto-socializacion-convocatoria-de-estimulos-2016\/#primaryimage","url":"https:\/\/pagina10.com\/web\/wp-content\/uploads\/2016\/02\/96a6834879d0e478bfc912e898a3919b.jpg","contentUrl":"https:\/\/pagina10.com\/web\/wp-content\/uploads\/2016\/02\/96a6834879d0e478bfc912e898a3919b.jpg","width":444,"height":250},{"@type":"BreadcrumbList","@id":"https:\/\/pagina10.com\/web\/este-2-de-febrero-se-realizara-en-pasto-socializacion-convocatoria-de-estimulos-2016\/#breadcrumb","itemListElement":[{"@type":"ListItem","position":1,"name":"Portada","item":"https:\/\/pagina10.com\/web\/"},{"@type":"ListItem","position":2,"name":"Este 2 de febrero se realizar\u00e1 en Pasto socializaci\u00f3n convocatoria de est\u00edmulos 2016"}]},{"@type":"WebSite","@id":"https:\/\/pagina10.com\/web\/#website","url":"https:\/\/pagina10.com\/web\/","name":"P\u00e1gina10","description":"Peri\u00f3dico Regional","publisher":{"@id":"https:\/\/pagina10.com\/web\/#organization"},"alternateName":"P\u00e1gina10 Peri\u00f3dico Regional","potentialAction":[{"@type":"SearchAction","target":{"@type":"EntryPoint","urlTemplate":"https:\/\/pagina10.com\/web\/?s={search_term_string}"},"query-input":{"@type":"PropertyValueSpecification","valueRequired":true,"valueName":"search_term_string"}}],"inLanguage":"es"},{"@type":"Organization","@id":"https:\/\/pagina10.com\/web\/#organization","name":"P\u00e1gina10","alternateName":"P\u00e1gina10 Peri\u00f3dico Regional","url":"https:\/\/pagina10.com\/web\/","logo":{"@type":"ImageObject","inLanguage":"es","@id":"https:\/\/pagina10.com\/web\/#\/schema\/logo\/image\/","url":"https:\/\/pagina10.com\/web\/wp-content\/uploads\/2024\/01\/40-pagina-10-periodico-regional-pasto.jpg","contentUrl":"https:\/\/pagina10.com\/web\/wp-content\/uploads\/2024\/01\/40-pagina-10-periodico-regional-pasto.jpg","width":1280,"height":720,"caption":"P\u00e1gina10"},"image":{"@id":"https:\/\/pagina10.com\/web\/#\/schema\/logo\/image\/"},"sameAs":["https:\/\/www.facebook.com\/pag10com","https:\/\/x.com\/Pag10com","https:\/\/www.instagram.com\/pagina10col\/","https:\/\/youtube.com\/channel\/pag10","https:\/\/www.tiktok.com\/@p10col"]},{"@type":"Person","@id":"https:\/\/pagina10.com\/web\/#\/schema\/person\/a7a5d38f0629dfc107f619fbae4f6cc3","name":"P\u00e1gina 10","description":"P\u00e1gina10.com es un peri\u00f3dico digital que nace en Colombia, en el departamento de Nari\u00f1o, con un enfoque global, fundamentado en cuatro pilares esenciales: la libertad, el pluralismo, la inclusi\u00f3n y la independencia. P\u00e1gina10.com hace referencia a Nari\u00f1o como el d\u00e9cimo departamento creado en Colombia, despu\u00e9s de un proceso pol\u00edtico liderado por actores y actrices regionales con el fin de obtener la independencia y autonom\u00eda de nuestros territorios. Con la creaci\u00f3n de P\u00e1gina10.com se pretende abrir un escenario para el dialogo, la reflexi\u00f3n y el debate que se extienda a otras geograf\u00edas de Am\u00e9rica Latina y del planeta, en una apuesta por transformar colectivamente los desaf\u00edos de un mundo contempor\u00e1neo, m\u00e1s all\u00e1 de las fronteras impuestas.","url":"https:\/\/pagina10.com\/web\/author\/mcepeda\/"}]}},"_links":{"self":[{"href":"https:\/\/pagina10.com\/web\/wp-json\/wp\/v2\/posts\/19560","targetHints":{"allow":["GET"]}}],"collection":[{"href":"https:\/\/pagina10.com\/web\/wp-json\/wp\/v2\/posts"}],"about":[{"href":"https:\/\/pagina10.com\/web\/wp-json\/wp\/v2\/types\/post"}],"author":[{"embeddable":true,"href":"https:\/\/pagina10.com\/web\/wp-json\/wp\/v2\/users\/29"}],"replies":[{"embeddable":true,"href":"https:\/\/pagina10.com\/web\/wp-json\/wp\/v2\/comments?post=19560"}],"version-history":[{"count":0,"href":"https:\/\/pagina10.com\/web\/wp-json\/wp\/v2\/posts\/19560\/revisions"}],"wp:featuredmedia":[{"embeddable":true,"href":"https:\/\/pagina10.com\/web\/wp-json\/wp\/v2\/media\/19559"}],"wp:attachment":[{"href":"https:\/\/pagina10.com\/web\/wp-json\/wp\/v2\/media?parent=19560"}],"wp:term":[{"taxonomy":"category","embeddable":true,"href":"https:\/\/pagina10.com\/web\/wp-json\/wp\/v2\/categories?post=19560"},{"taxonomy":"post_tag","embeddable":true,"href":"https:\/\/pagina10.com\/web\/wp-json\/wp\/v2\/tags?post=19560"}],"curies":[{"name":"wp","href":"https:\/\/api.w.org\/{rel}","templated":true}]}}