{"id":19562,"date":"2016-02-02T04:23:35","date_gmt":"2016-02-02T04:23:35","guid":{"rendered":"https:\/\/pagina10.com\/web\/ya-es-hora-de-prepararse-para-las-lluvias-extremas\/"},"modified":"2016-02-02T04:23:35","modified_gmt":"2016-02-02T04:23:35","slug":"ya-es-hora-de-prepararse-para-las-lluvias-extremas","status":"publish","type":"post","link":"https:\/\/pagina10.com\/web\/ya-es-hora-de-prepararse-para-las-lluvias-extremas\/","title":{"rendered":"Ya es hora de prepararse para las lluvias extremas"},"content":{"rendered":"<p><img fetchpriority=\"high\" decoding=\"async\" class=\" size-full wp-image-19561\" src=\"https:\/\/pagina10.com\/web\/wp-content\/uploads\/2016\/02\/9680a178bb0cac2a07f5cd4e4d597d9a.jpg\" alt=\"\" width=\"1185\" height=\"627\" srcset=\"https:\/\/pagina10.com\/web\/wp-content\/uploads\/2016\/02\/9680a178bb0cac2a07f5cd4e4d597d9a.jpg 1185w, https:\/\/pagina10.com\/web\/wp-content\/uploads\/2016\/02\/9680a178bb0cac2a07f5cd4e4d597d9a-300x159.jpg 300w, https:\/\/pagina10.com\/web\/wp-content\/uploads\/2016\/02\/9680a178bb0cac2a07f5cd4e4d597d9a-1024x542.jpg 1024w, https:\/\/pagina10.com\/web\/wp-content\/uploads\/2016\/02\/9680a178bb0cac2a07f5cd4e4d597d9a-768x406.jpg 768w\" sizes=\"(max-width: 1185px) 100vw, 1185px\" \/><\/p>\n<div style=\"text-align: justify;\">Trazar planes de contingencia oportunos para contrarrestar una probable temporada de intensas lluvias, recomienda investigador de la Universidad Nacional.<\/div>\n<div style=\"text-align: justify;\">A partir de los an\u00e1lisis realizados sobre los ciclos de variabilidad clim\u00e1tica en Colombia, el profesor Jos\u00e9 Daniel Pab\u00f3n, docente del Grupo de Tiempo, Clima y Sociedad del Departamento de Geograf\u00eda de la U.N., se\u00f1ala que existe una alta probabilidad de que la sequ\u00eda actual estar\u00e1 seguida por una temporada inusual de lluvias intensas.<\/div>\n<div style=\"text-align: justify;\">Lluvias por encima de lo normal en la regi\u00f3n Andina y Caribe; y por debajo de lo normal en las vertientes orientales en el segundo semestre de 2016 y en parte del 2017 son los pron\u00f3sticos, con base en los \u00faltimos estudios realizados.<\/div>\n<div style=\"text-align: justify;\">Al respecto, el profesor Pab\u00f3n recuerda que las sequ\u00edas de 1997-1998 y de 2009-2010 en el pa\u00eds fueron seguidas por una anomal\u00eda clim\u00e1tica con lluvias abundantes. \u201cSi se hace una retrospectiva se encontrar\u00e1n m\u00e1s casos de esta secuencia de fases extremas de la variabilidad clim\u00e1tica\u201d, explic\u00f3 el docente. No obstante, precis\u00f3 que no siempre una sequ\u00eda est\u00e1 seguida de unas lluvias en abundancia, pero en esta coyuntura hay que estar preparados ante la situaci\u00f3n que se podr\u00e1 presentar.<\/div>\n<div style=\"text-align: justify;\">Seg\u00fan el docente, a la par de la atenci\u00f3n por la aguda contingencia actual, caracterizada por la sequ\u00eda generalizada que afronta el territorio colombiano, resulta procedente \u201cir prepar\u00e1ndose para una fase opuesta\u201d.<\/div>\n<div style=\"text-align: justify;\">En la vertiente oriental de la cordillera oriental es posible que las lluvias est\u00e9n por encima de lo normal, pero hasta mediados de a\u00f1o (primer semestre de 2016), pues en esa \u00e9poca inicia la estaci\u00f3n lluviosa en la regi\u00f3n. Sin embargo, resulta complejo identificar puntualmente las zonas sobre las cuales pueda tener incidencia ese comportamiento clim\u00e1tico.<\/div>\n<div style=\"text-align: justify;\">Es probable que ocurra una temporada de lluvias entre marzo y mayo (2016) en las regiones Andina Caribe. No obstante y \u201caunque ocurrir\u00e1n algunas precipitaciones, en ocasiones intensas, los acumulados mensuales podr\u00edan seguir siendo deficitarios\u201d, explic\u00f3 el docente.<\/div>\n<div style=\"text-align: justify;\">En medio de la situaci\u00f3n que genera la anomal\u00eda clim\u00e1tica actual, resulta pertinente \u201cseguir las recomendaciones emitidas por las diversas autoridades ambientales y sectoriales y por los diferentes niveles de planificaci\u00f3n, y ajustar desde ahora planes de contingencia para afrontar esta probable anomal\u00eda\u201d, subray\u00f3.<\/div>\n<div style=\"text-align: justify;\">De esta manera, cada sector, instituci\u00f3n y persona debe tener presente qu\u00e9 hacer como forma de prevenir -y en un momento dado, de mitigar- los impactos que se deriven de la variabilidad del clima, desde ahora, concluy\u00f3 el experto.<\/div>\n","protected":false},"excerpt":{"rendered":"<p>Trazar planes de contingencia oportunos para contrarrestar una probable temporada de intensas lluvias, recomienda investigador de la Universidad Nacional. A partir de los an\u00e1lisis realizados sobre los ciclos de variabilidad clim\u00e1tica en Colombia, el profesor Jos\u00e9 Daniel Pab\u00f3n, docente del Grupo de Tiempo, Clima y Sociedad del Departamento de Geograf\u00eda de la U.N., se\u00f1ala que [&hellip;]<\/p>\n","protected":false},"author":29,"featured_media":19561,"comment_status":"open","ping_status":"open","sticky":false,"template":"","format":"standard","meta":{"footnotes":""},"categories":[1],"tags":[],"class_list":["post-19562","post","type-post","status-publish","format-standard","has-post-thumbnail","hentry","category-sin-categoria"],"yoast_head":"<!-- This site is optimized with the Yoast SEO plugin v27.1.1 - https:\/\/yoast.com\/product\/yoast-seo-wordpress\/ -->\n<title>Ya es hora de prepararse para las lluvias extremas | P\u00e1gina10<\/title>\n<meta name=\"robots\" content=\"index, follow, max-snippet:-1, max-image-preview:large, max-video-preview:-1\" \/>\n<link rel=\"canonical\" href=\"https:\/\/pagina10.com\/web\/ya-es-hora-de-prepararse-para-las-lluvias-extremas\/\" \/>\n<meta property=\"og:locale\" content=\"es_ES\" \/>\n<meta property=\"og:type\" content=\"article\" \/>\n<meta property=\"og:title\" content=\"Ya es hora de prepararse para las lluvias extremas | P\u00e1gina10\" \/>\n<meta property=\"og:description\" content=\"Trazar planes de contingencia oportunos para contrarrestar una probable temporada de intensas lluvias, recomienda investigador de la Universidad Nacional. A partir de los an\u00e1lisis realizados sobre los ciclos de variabilidad clim\u00e1tica en Colombia, el profesor Jos\u00e9 Daniel Pab\u00f3n, docente del Grupo de Tiempo, Clima y Sociedad del Departamento de Geograf\u00eda de la U.N., se\u00f1ala que [&hellip;]\" \/>\n<meta property=\"og:url\" content=\"https:\/\/pagina10.com\/web\/ya-es-hora-de-prepararse-para-las-lluvias-extremas\/\" \/>\n<meta property=\"og:site_name\" content=\"P\u00e1gina10\" \/>\n<meta property=\"article:publisher\" content=\"https:\/\/www.facebook.com\/pag10com\" \/>\n<meta property=\"article:published_time\" content=\"2016-02-02T04:23:35+00:00\" \/>\n<meta property=\"og:image\" content=\"https:\/\/pagina10.com\/web\/wp-content\/uploads\/2016\/02\/9680a178bb0cac2a07f5cd4e4d597d9a.jpg\" \/>\n\t<meta property=\"og:image:width\" content=\"1185\" \/>\n\t<meta property=\"og:image:height\" content=\"627\" \/>\n\t<meta property=\"og:image:type\" content=\"image\/jpeg\" \/>\n<meta name=\"author\" content=\"P\u00e1gina 10\" \/>\n<meta name=\"twitter:card\" content=\"summary_large_image\" \/>\n<meta name=\"twitter:creator\" content=\"@Pag10com\" \/>\n<meta name=\"twitter:site\" content=\"@Pag10com\" \/>\n<meta name=\"twitter:label1\" content=\"Escrito por\" \/>\n\t<meta name=\"twitter:data1\" content=\"P\u00e1gina 10\" \/>\n\t<meta name=\"twitter:label2\" content=\"Tiempo de lectura\" \/>\n\t<meta name=\"twitter:data2\" content=\"2 minutos\" \/>\n<script type=\"application\/ld+json\" class=\"yoast-schema-graph\">{\"@context\":\"https:\/\/schema.org\",\"@graph\":[{\"@type\":\"Article\",\"@id\":\"https:\/\/pagina10.com\/web\/ya-es-hora-de-prepararse-para-las-lluvias-extremas\/#article\",\"isPartOf\":{\"@id\":\"https:\/\/pagina10.com\/web\/ya-es-hora-de-prepararse-para-las-lluvias-extremas\/\"},\"author\":{\"name\":\"P\u00e1gina 10\",\"@id\":\"https:\/\/pagina10.com\/web\/#\/schema\/person\/a7a5d38f0629dfc107f619fbae4f6cc3\"},\"headline\":\"Ya es hora de prepararse para las lluvias extremas\",\"datePublished\":\"2016-02-02T04:23:35+00:00\",\"mainEntityOfPage\":{\"@id\":\"https:\/\/pagina10.com\/web\/ya-es-hora-de-prepararse-para-las-lluvias-extremas\/\"},\"wordCount\":444,\"commentCount\":0,\"publisher\":{\"@id\":\"https:\/\/pagina10.com\/web\/#organization\"},\"image\":{\"@id\":\"https:\/\/pagina10.com\/web\/ya-es-hora-de-prepararse-para-las-lluvias-extremas\/#primaryimage\"},\"thumbnailUrl\":\"https:\/\/pagina10.com\/web\/wp-content\/uploads\/2016\/02\/9680a178bb0cac2a07f5cd4e4d597d9a.jpg\",\"inLanguage\":\"es\",\"potentialAction\":[{\"@type\":\"CommentAction\",\"name\":\"Comment\",\"target\":[\"https:\/\/pagina10.com\/web\/ya-es-hora-de-prepararse-para-las-lluvias-extremas\/#respond\"]}]},{\"@type\":\"WebPage\",\"@id\":\"https:\/\/pagina10.com\/web\/ya-es-hora-de-prepararse-para-las-lluvias-extremas\/\",\"url\":\"https:\/\/pagina10.com\/web\/ya-es-hora-de-prepararse-para-las-lluvias-extremas\/\",\"name\":\"Ya es hora de prepararse para las lluvias extremas | P\u00e1gina10\",\"isPartOf\":{\"@id\":\"https:\/\/pagina10.com\/web\/#website\"},\"primaryImageOfPage\":{\"@id\":\"https:\/\/pagina10.com\/web\/ya-es-hora-de-prepararse-para-las-lluvias-extremas\/#primaryimage\"},\"image\":{\"@id\":\"https:\/\/pagina10.com\/web\/ya-es-hora-de-prepararse-para-las-lluvias-extremas\/#primaryimage\"},\"thumbnailUrl\":\"https:\/\/pagina10.com\/web\/wp-content\/uploads\/2016\/02\/9680a178bb0cac2a07f5cd4e4d597d9a.jpg\",\"datePublished\":\"2016-02-02T04:23:35+00:00\",\"breadcrumb\":{\"@id\":\"https:\/\/pagina10.com\/web\/ya-es-hora-de-prepararse-para-las-lluvias-extremas\/#breadcrumb\"},\"inLanguage\":\"es\",\"potentialAction\":[{\"@type\":\"ReadAction\",\"target\":[\"https:\/\/pagina10.com\/web\/ya-es-hora-de-prepararse-para-las-lluvias-extremas\/\"]}]},{\"@type\":\"ImageObject\",\"inLanguage\":\"es\",\"@id\":\"https:\/\/pagina10.com\/web\/ya-es-hora-de-prepararse-para-las-lluvias-extremas\/#primaryimage\",\"url\":\"https:\/\/pagina10.com\/web\/wp-content\/uploads\/2016\/02\/9680a178bb0cac2a07f5cd4e4d597d9a.jpg\",\"contentUrl\":\"https:\/\/pagina10.com\/web\/wp-content\/uploads\/2016\/02\/9680a178bb0cac2a07f5cd4e4d597d9a.jpg\",\"width\":1185,\"height\":627},{\"@type\":\"BreadcrumbList\",\"@id\":\"https:\/\/pagina10.com\/web\/ya-es-hora-de-prepararse-para-las-lluvias-extremas\/#breadcrumb\",\"itemListElement\":[{\"@type\":\"ListItem\",\"position\":1,\"name\":\"Portada\",\"item\":\"https:\/\/pagina10.com\/web\/\"},{\"@type\":\"ListItem\",\"position\":2,\"name\":\"Ya es hora de prepararse para las lluvias extremas\"}]},{\"@type\":\"WebSite\",\"@id\":\"https:\/\/pagina10.com\/web\/#website\",\"url\":\"https:\/\/pagina10.com\/web\/\",\"name\":\"P\u00e1gina10\",\"description\":\"Peri\u00f3dico Regional\",\"publisher\":{\"@id\":\"https:\/\/pagina10.com\/web\/#organization\"},\"alternateName\":\"P\u00e1gina10 Peri\u00f3dico Regional\",\"potentialAction\":[{\"@type\":\"SearchAction\",\"target\":{\"@type\":\"EntryPoint\",\"urlTemplate\":\"https:\/\/pagina10.com\/web\/?s={search_term_string}\"},\"query-input\":{\"@type\":\"PropertyValueSpecification\",\"valueRequired\":true,\"valueName\":\"search_term_string\"}}],\"inLanguage\":\"es\"},{\"@type\":\"Organization\",\"@id\":\"https:\/\/pagina10.com\/web\/#organization\",\"name\":\"P\u00e1gina10\",\"alternateName\":\"P\u00e1gina10 Peri\u00f3dico Regional\",\"url\":\"https:\/\/pagina10.com\/web\/\",\"logo\":{\"@type\":\"ImageObject\",\"inLanguage\":\"es\",\"@id\":\"https:\/\/pagina10.com\/web\/#\/schema\/logo\/image\/\",\"url\":\"https:\/\/pagina10.com\/web\/wp-content\/uploads\/2024\/01\/40-pagina-10-periodico-regional-pasto.jpg\",\"contentUrl\":\"https:\/\/pagina10.com\/web\/wp-content\/uploads\/2024\/01\/40-pagina-10-periodico-regional-pasto.jpg\",\"width\":1280,\"height\":720,\"caption\":\"P\u00e1gina10\"},\"image\":{\"@id\":\"https:\/\/pagina10.com\/web\/#\/schema\/logo\/image\/\"},\"sameAs\":[\"https:\/\/www.facebook.com\/pag10com\",\"https:\/\/x.com\/Pag10com\",\"https:\/\/www.instagram.com\/pagina10col\/\",\"https:\/\/youtube.com\/channel\/pag10\",\"https:\/\/www.tiktok.com\/@p10col\"]},{\"@type\":\"Person\",\"@id\":\"https:\/\/pagina10.com\/web\/#\/schema\/person\/a7a5d38f0629dfc107f619fbae4f6cc3\",\"name\":\"P\u00e1gina 10\",\"description\":\"P\u00e1gina10.com es un peri\u00f3dico digital que nace en Colombia, en el departamento de Nari\u00f1o, con un enfoque global, fundamentado en cuatro pilares esenciales: la libertad, el pluralismo, la inclusi\u00f3n y la independencia. P\u00e1gina10.com hace referencia a Nari\u00f1o como el d\u00e9cimo departamento creado en Colombia, despu\u00e9s de un proceso pol\u00edtico liderado por actores y actrices regionales con el fin de obtener la independencia y autonom\u00eda de nuestros territorios. Con la creaci\u00f3n de P\u00e1gina10.com se pretende abrir un escenario para el dialogo, la reflexi\u00f3n y el debate que se extienda a otras geograf\u00edas de Am\u00e9rica Latina y del planeta, en una apuesta por transformar colectivamente los desaf\u00edos de un mundo contempor\u00e1neo, m\u00e1s all\u00e1 de las fronteras impuestas.\",\"url\":\"https:\/\/pagina10.com\/web\/author\/mcepeda\/\"}]}<\/script>\n<!-- \/ Yoast SEO plugin. -->","yoast_head_json":{"title":"Ya es hora de prepararse para las lluvias extremas | P\u00e1gina10","robots":{"index":"index","follow":"follow","max-snippet":"max-snippet:-1","max-image-preview":"max-image-preview:large","max-video-preview":"max-video-preview:-1"},"canonical":"https:\/\/pagina10.com\/web\/ya-es-hora-de-prepararse-para-las-lluvias-extremas\/","og_locale":"es_ES","og_type":"article","og_title":"Ya es hora de prepararse para las lluvias extremas | P\u00e1gina10","og_description":"Trazar planes de contingencia oportunos para contrarrestar una probable temporada de intensas lluvias, recomienda investigador de la Universidad Nacional. A partir de los an\u00e1lisis realizados sobre los ciclos de variabilidad clim\u00e1tica en Colombia, el profesor Jos\u00e9 Daniel Pab\u00f3n, docente del Grupo de Tiempo, Clima y Sociedad del Departamento de Geograf\u00eda de la U.N., se\u00f1ala que [&hellip;]","og_url":"https:\/\/pagina10.com\/web\/ya-es-hora-de-prepararse-para-las-lluvias-extremas\/","og_site_name":"P\u00e1gina10","article_publisher":"https:\/\/www.facebook.com\/pag10com","article_published_time":"2016-02-02T04:23:35+00:00","og_image":[{"width":1185,"height":627,"url":"https:\/\/pagina10.com\/web\/wp-content\/uploads\/2016\/02\/9680a178bb0cac2a07f5cd4e4d597d9a.jpg","type":"image\/jpeg"}],"author":"P\u00e1gina 10","twitter_card":"summary_large_image","twitter_creator":"@Pag10com","twitter_site":"@Pag10com","twitter_misc":{"Escrito por":"P\u00e1gina 10","Tiempo de lectura":"2 minutos"},"schema":{"@context":"https:\/\/schema.org","@graph":[{"@type":"Article","@id":"https:\/\/pagina10.com\/web\/ya-es-hora-de-prepararse-para-las-lluvias-extremas\/#article","isPartOf":{"@id":"https:\/\/pagina10.com\/web\/ya-es-hora-de-prepararse-para-las-lluvias-extremas\/"},"author":{"name":"P\u00e1gina 10","@id":"https:\/\/pagina10.com\/web\/#\/schema\/person\/a7a5d38f0629dfc107f619fbae4f6cc3"},"headline":"Ya es hora de prepararse para las lluvias extremas","datePublished":"2016-02-02T04:23:35+00:00","mainEntityOfPage":{"@id":"https:\/\/pagina10.com\/web\/ya-es-hora-de-prepararse-para-las-lluvias-extremas\/"},"wordCount":444,"commentCount":0,"publisher":{"@id":"https:\/\/pagina10.com\/web\/#organization"},"image":{"@id":"https:\/\/pagina10.com\/web\/ya-es-hora-de-prepararse-para-las-lluvias-extremas\/#primaryimage"},"thumbnailUrl":"https:\/\/pagina10.com\/web\/wp-content\/uploads\/2016\/02\/9680a178bb0cac2a07f5cd4e4d597d9a.jpg","inLanguage":"es","potentialAction":[{"@type":"CommentAction","name":"Comment","target":["https:\/\/pagina10.com\/web\/ya-es-hora-de-prepararse-para-las-lluvias-extremas\/#respond"]}]},{"@type":"WebPage","@id":"https:\/\/pagina10.com\/web\/ya-es-hora-de-prepararse-para-las-lluvias-extremas\/","url":"https:\/\/pagina10.com\/web\/ya-es-hora-de-prepararse-para-las-lluvias-extremas\/","name":"Ya es hora de prepararse para las lluvias extremas | P\u00e1gina10","isPartOf":{"@id":"https:\/\/pagina10.com\/web\/#website"},"primaryImageOfPage":{"@id":"https:\/\/pagina10.com\/web\/ya-es-hora-de-prepararse-para-las-lluvias-extremas\/#primaryimage"},"image":{"@id":"https:\/\/pagina10.com\/web\/ya-es-hora-de-prepararse-para-las-lluvias-extremas\/#primaryimage"},"thumbnailUrl":"https:\/\/pagina10.com\/web\/wp-content\/uploads\/2016\/02\/9680a178bb0cac2a07f5cd4e4d597d9a.jpg","datePublished":"2016-02-02T04:23:35+00:00","breadcrumb":{"@id":"https:\/\/pagina10.com\/web\/ya-es-hora-de-prepararse-para-las-lluvias-extremas\/#breadcrumb"},"inLanguage":"es","potentialAction":[{"@type":"ReadAction","target":["https:\/\/pagina10.com\/web\/ya-es-hora-de-prepararse-para-las-lluvias-extremas\/"]}]},{"@type":"ImageObject","inLanguage":"es","@id":"https:\/\/pagina10.com\/web\/ya-es-hora-de-prepararse-para-las-lluvias-extremas\/#primaryimage","url":"https:\/\/pagina10.com\/web\/wp-content\/uploads\/2016\/02\/9680a178bb0cac2a07f5cd4e4d597d9a.jpg","contentUrl":"https:\/\/pagina10.com\/web\/wp-content\/uploads\/2016\/02\/9680a178bb0cac2a07f5cd4e4d597d9a.jpg","width":1185,"height":627},{"@type":"BreadcrumbList","@id":"https:\/\/pagina10.com\/web\/ya-es-hora-de-prepararse-para-las-lluvias-extremas\/#breadcrumb","itemListElement":[{"@type":"ListItem","position":1,"name":"Portada","item":"https:\/\/pagina10.com\/web\/"},{"@type":"ListItem","position":2,"name":"Ya es hora de prepararse para las lluvias extremas"}]},{"@type":"WebSite","@id":"https:\/\/pagina10.com\/web\/#website","url":"https:\/\/pagina10.com\/web\/","name":"P\u00e1gina10","description":"Peri\u00f3dico Regional","publisher":{"@id":"https:\/\/pagina10.com\/web\/#organization"},"alternateName":"P\u00e1gina10 Peri\u00f3dico Regional","potentialAction":[{"@type":"SearchAction","target":{"@type":"EntryPoint","urlTemplate":"https:\/\/pagina10.com\/web\/?s={search_term_string}"},"query-input":{"@type":"PropertyValueSpecification","valueRequired":true,"valueName":"search_term_string"}}],"inLanguage":"es"},{"@type":"Organization","@id":"https:\/\/pagina10.com\/web\/#organization","name":"P\u00e1gina10","alternateName":"P\u00e1gina10 Peri\u00f3dico Regional","url":"https:\/\/pagina10.com\/web\/","logo":{"@type":"ImageObject","inLanguage":"es","@id":"https:\/\/pagina10.com\/web\/#\/schema\/logo\/image\/","url":"https:\/\/pagina10.com\/web\/wp-content\/uploads\/2024\/01\/40-pagina-10-periodico-regional-pasto.jpg","contentUrl":"https:\/\/pagina10.com\/web\/wp-content\/uploads\/2024\/01\/40-pagina-10-periodico-regional-pasto.jpg","width":1280,"height":720,"caption":"P\u00e1gina10"},"image":{"@id":"https:\/\/pagina10.com\/web\/#\/schema\/logo\/image\/"},"sameAs":["https:\/\/www.facebook.com\/pag10com","https:\/\/x.com\/Pag10com","https:\/\/www.instagram.com\/pagina10col\/","https:\/\/youtube.com\/channel\/pag10","https:\/\/www.tiktok.com\/@p10col"]},{"@type":"Person","@id":"https:\/\/pagina10.com\/web\/#\/schema\/person\/a7a5d38f0629dfc107f619fbae4f6cc3","name":"P\u00e1gina 10","description":"P\u00e1gina10.com es un peri\u00f3dico digital que nace en Colombia, en el departamento de Nari\u00f1o, con un enfoque global, fundamentado en cuatro pilares esenciales: la libertad, el pluralismo, la inclusi\u00f3n y la independencia. P\u00e1gina10.com hace referencia a Nari\u00f1o como el d\u00e9cimo departamento creado en Colombia, despu\u00e9s de un proceso pol\u00edtico liderado por actores y actrices regionales con el fin de obtener la independencia y autonom\u00eda de nuestros territorios. Con la creaci\u00f3n de P\u00e1gina10.com se pretende abrir un escenario para el dialogo, la reflexi\u00f3n y el debate que se extienda a otras geograf\u00edas de Am\u00e9rica Latina y del planeta, en una apuesta por transformar colectivamente los desaf\u00edos de un mundo contempor\u00e1neo, m\u00e1s all\u00e1 de las fronteras impuestas.","url":"https:\/\/pagina10.com\/web\/author\/mcepeda\/"}]}},"_links":{"self":[{"href":"https:\/\/pagina10.com\/web\/wp-json\/wp\/v2\/posts\/19562","targetHints":{"allow":["GET"]}}],"collection":[{"href":"https:\/\/pagina10.com\/web\/wp-json\/wp\/v2\/posts"}],"about":[{"href":"https:\/\/pagina10.com\/web\/wp-json\/wp\/v2\/types\/post"}],"author":[{"embeddable":true,"href":"https:\/\/pagina10.com\/web\/wp-json\/wp\/v2\/users\/29"}],"replies":[{"embeddable":true,"href":"https:\/\/pagina10.com\/web\/wp-json\/wp\/v2\/comments?post=19562"}],"version-history":[{"count":0,"href":"https:\/\/pagina10.com\/web\/wp-json\/wp\/v2\/posts\/19562\/revisions"}],"wp:featuredmedia":[{"embeddable":true,"href":"https:\/\/pagina10.com\/web\/wp-json\/wp\/v2\/media\/19561"}],"wp:attachment":[{"href":"https:\/\/pagina10.com\/web\/wp-json\/wp\/v2\/media?parent=19562"}],"wp:term":[{"taxonomy":"category","embeddable":true,"href":"https:\/\/pagina10.com\/web\/wp-json\/wp\/v2\/categories?post=19562"},{"taxonomy":"post_tag","embeddable":true,"href":"https:\/\/pagina10.com\/web\/wp-json\/wp\/v2\/tags?post=19562"}],"curies":[{"name":"wp","href":"https:\/\/api.w.org\/{rel}","templated":true}]}}