{"id":19801,"date":"2016-02-22T19:45:05","date_gmt":"2016-02-22T19:45:05","guid":{"rendered":"https:\/\/pagina10.com\/web\/donde-quedo-la-etica-dona-vicky\/"},"modified":"2016-02-22T19:45:05","modified_gmt":"2016-02-22T19:45:05","slug":"donde-quedo-la-etica-dona-vicky","status":"publish","type":"post","link":"https:\/\/pagina10.com\/web\/donde-quedo-la-etica-dona-vicky\/","title":{"rendered":"\u00bfD\u00f3nde qued\u00f3 la \u00e9tica, do\u00f1a Vicky?"},"content":{"rendered":"<p><img fetchpriority=\"high\" decoding=\"async\" class=\" size-full wp-image-19800\" src=\"https:\/\/pagina10.com\/web\/wp-content\/uploads\/2016\/02\/c9e976fab60c5a3a162f0391981ffc36.jpg\" alt=\"\" width=\"995\" height=\"498\" srcset=\"https:\/\/pagina10.com\/web\/wp-content\/uploads\/2016\/02\/c9e976fab60c5a3a162f0391981ffc36.jpg 995w, https:\/\/pagina10.com\/web\/wp-content\/uploads\/2016\/02\/c9e976fab60c5a3a162f0391981ffc36-300x150.jpg 300w, https:\/\/pagina10.com\/web\/wp-content\/uploads\/2016\/02\/c9e976fab60c5a3a162f0391981ffc36-768x384.jpg 768w\" sizes=\"(max-width: 995px) 100vw, 995px\" \/><\/p>\n<p style=\"text-align: justify;\">No terminaba de enfriarse el reciente esc\u00e1ndalo del ex defensor del pueblo Ot\u00e1lora por acoso laboral y sexual, cuando viene a hacerse p\u00fablico un video que corresponde a la intimidad de dos personas adultas en uso pleno de su conciencia y sin que exista presi\u00f3n por parte de alguno de los actores intervinientes en la conversaci\u00f3n. Muy semejante este al episodio vivido por el pastor G\u00e1mez en un recinto privado. En los dos casos opera la plena facultad de las personas con voluntad y, es m\u00e1s, con pleno gusto por lo que dicen y hacen.<\/p>\n<p style=\"text-align: justify;\">&nbsp;<\/p>\n<p style=\"text-align: justify;\">Lo que en suma no queda m\u00e1s que el amarillismo de la periodista Vicky D\u00e1vila, que en su af\u00e1n de brillar con el hit period\u00edstico buscando el rating de sinton\u00eda, o, m\u00e1s bien, buscando una cruel venganza por los seguimientos que le ven\u00eda haciendo la Polic\u00eda a trav\u00e9s de las \u2018chuzadas\u2019. Su falta de sensatez le llev\u00f3 a que la despidieran de RCN, no tanto por el esc\u00e1ndalo del video en s\u00ed, sino por el mal clima que le crea al gobierno nacional que se empe\u00f1a en trabajar en bien de la paz y necesita demostrar su autoridad a trav\u00e9s de la Polic\u00eda.<\/p>\n<p style=\"text-align: justify;\">&nbsp;<\/p>\n<p style=\"text-align: justify;\">Se genera, adem\u00e1s, un mal clima para la organizaci\u00f3n Ardila L\u00fclle, propietaria de la cadena radial, quien necesita buen entendimiento con el establecimiento a trav\u00e9s de las autoridades civiles pero tambi\u00e9n de los cuerpos de polic\u00eda que le garantizan la seguridad y el pleno ejercicio de sus actividades comerciales.<\/p>\n<p style=\"text-align: justify;\">&nbsp;<\/p>\n<p style=\"text-align: justify;\">Se alimentan los sentimientos eg\u00f3latras del procurador Ord\u00f3\u00f1ez, quien tiene serias discrepancias con el presidente Santos por la manera como adelanta el proceso de paz. Es un \u2018papayazo\u2019 el que le sirvieron cuando en su pensamiento religioso medieval siente repugnancia por los homosexuales. Y claro, ya le ten\u00eda puesto el ojo al general Palomino por las continuas denuncias que se ven\u00edan haciendo por una presunta red de prostituci\u00f3n masculina al interior de la Polic\u00eda que se pagaba con ascensos y traslados.<\/p>\n<p style=\"text-align: justify;\">&nbsp;<\/p>\n<p style=\"text-align: justify;\">Es bien cierto que se debe combatir la corrupci\u00f3n a todo nivel, pero lo preocupante es la manera como se hace la denuncia. La publicaci\u00f3n del video en el que se desata una conversaci\u00f3n entre dos adultos por sus gustos sexuales est\u00e1 en t\u00e9rminos normales, cual si fuera entre una pareja heterosexual. No hay delito alguno. Los dos manifiestan su gusto, as\u00ed sea en un lenguaje vulgar. Pero debe entenderse que la jerga obedece al contexto privado.<\/p>\n<p style=\"text-align: justify;\">&nbsp;<\/p>\n<p style=\"text-align: justify;\">Esto dio pie para que el procurador Ord\u00f3\u00f1ez iniciara investigaci\u00f3n en contra del general Palomino por tres cargos: enriquecimiento il\u00edcito, una presunta red de prostituci\u00f3n masculina a cambio de beneficios y por las chuzadas a los periodistas.<\/p>\n<p style=\"text-align: justify;\">&nbsp;<\/p>\n<p style=\"text-align: justify;\">El general Palomino hab\u00eda incrementado su patrimonio de manera inexplicable mientras se desempe\u00f1\u00f3 como director de la Polic\u00eda de Carreteras; tiempo el que lo aprovech\u00f3 para comprar tractomulas y numerosos bienes inmuebles. De igual manera, las crecientes denuncias en contra de uniformados, quienes, en recientes declaraciones, afirmaban que ser polic\u00eda de carreteras \u201ces como tener un cajero a disposici\u00f3n\u201d.<\/p>\n<p style=\"text-align: justify;\">&nbsp;<\/p>\n<p style=\"text-align: justify;\">Est\u00e1 demostrado que la Polic\u00eda es una de las entidades m\u00e1s corruptas del pa\u00eds, y que necesita que se haga una reingenier\u00eda en sus procesos disciplinarios m\u00e1s all\u00e1 de cambiar de director. Se ve claramente c\u00f3mo a la Polic\u00eda han ingresado numerosos delincuentes que se aprovechan del uniforme para seguir delinquiendo. A males mayores, grandes remedios.<\/p>\n<p style=\"text-align: justify;\">&nbsp;<\/p>\n<p style=\"text-align: justify;\">Los ingresos a la instituci\u00f3n no cumplen con los filtros debidos, a tal punto que se han despedido cerca de 3.500 polic\u00edas por asuntos disciplinarios en los \u00faltimos dos a\u00f1os. Todo debido a la meta que se ha impuesto el gobierno Santos de vincular 10.000 polic\u00edas por a\u00f1o.<\/p>\n<p style=\"text-align: justify;\">&nbsp;<\/p>\n<p style=\"text-align: justify;\">Si bien la corrupci\u00f3n en la Polic\u00eda Nacional no la deja bien parada, lo que se rechaza con vehemencia es el hecho de la periodista Vicky D\u00e1vila de utilizar como prueba violentar la privacidad de las personas y generar un estigma contra la comunidad gay que est\u00e1n en todo su derecho de expresar libremente la personalidad.<\/p>\n","protected":false},"excerpt":{"rendered":"<p>No terminaba de enfriarse el reciente esc\u00e1ndalo del ex defensor del pueblo Ot\u00e1lora por acoso laboral y sexual, cuando viene a hacerse p\u00fablico un video que corresponde a la intimidad de dos personas adultas en uso pleno de su conciencia y sin que exista presi\u00f3n por parte de alguno de los actores intervinientes en la [&hellip;]<\/p>\n","protected":false},"author":65,"featured_media":19800,"comment_status":"open","ping_status":"open","sticky":false,"template":"","format":"standard","meta":{"footnotes":""},"categories":[1],"tags":[],"class_list":["post-19801","post","type-post","status-publish","format-standard","has-post-thumbnail","hentry","category-sin-categoria"],"yoast_head":"<!-- This site is optimized with the Yoast SEO plugin v27.1.1 - https:\/\/yoast.com\/product\/yoast-seo-wordpress\/ -->\n<title>\u00bfD\u00f3nde qued\u00f3 la \u00e9tica, do\u00f1a Vicky? | P\u00e1gina10<\/title>\n<meta name=\"robots\" content=\"index, follow, max-snippet:-1, max-image-preview:large, max-video-preview:-1\" \/>\n<link rel=\"canonical\" href=\"https:\/\/pagina10.com\/web\/donde-quedo-la-etica-dona-vicky\/\" \/>\n<meta property=\"og:locale\" content=\"es_ES\" \/>\n<meta property=\"og:type\" content=\"article\" \/>\n<meta property=\"og:title\" content=\"\u00bfD\u00f3nde qued\u00f3 la \u00e9tica, do\u00f1a Vicky? | P\u00e1gina10\" \/>\n<meta property=\"og:description\" content=\"No terminaba de enfriarse el reciente esc\u00e1ndalo del ex defensor del pueblo Ot\u00e1lora por acoso laboral y sexual, cuando viene a hacerse p\u00fablico un video que corresponde a la intimidad de dos personas adultas en uso pleno de su conciencia y sin que exista presi\u00f3n por parte de alguno de los actores intervinientes en la [&hellip;]\" \/>\n<meta property=\"og:url\" content=\"https:\/\/pagina10.com\/web\/donde-quedo-la-etica-dona-vicky\/\" \/>\n<meta property=\"og:site_name\" content=\"P\u00e1gina10\" \/>\n<meta property=\"article:publisher\" content=\"https:\/\/www.facebook.com\/pag10com\" \/>\n<meta property=\"article:published_time\" content=\"2016-02-22T19:45:05+00:00\" \/>\n<meta property=\"og:image\" content=\"https:\/\/pagina10.com\/web\/wp-content\/uploads\/2016\/02\/c9e976fab60c5a3a162f0391981ffc36.jpg\" \/>\n\t<meta property=\"og:image:width\" content=\"995\" \/>\n\t<meta property=\"og:image:height\" content=\"498\" \/>\n\t<meta property=\"og:image:type\" content=\"image\/jpeg\" \/>\n<meta name=\"author\" content=\"Anibal Ar\u00e9valo Rosero\" \/>\n<meta name=\"twitter:card\" content=\"summary_large_image\" \/>\n<meta name=\"twitter:creator\" content=\"@Pag10com\" \/>\n<meta name=\"twitter:site\" content=\"@Pag10com\" \/>\n<meta name=\"twitter:label1\" content=\"Escrito por\" \/>\n\t<meta name=\"twitter:data1\" content=\"Anibal Ar\u00e9valo Rosero\" \/>\n\t<meta name=\"twitter:label2\" content=\"Tiempo de lectura\" \/>\n\t<meta name=\"twitter:data2\" content=\"4 minutos\" \/>\n<script type=\"application\/ld+json\" class=\"yoast-schema-graph\">{\"@context\":\"https:\/\/schema.org\",\"@graph\":[{\"@type\":\"Article\",\"@id\":\"https:\/\/pagina10.com\/web\/donde-quedo-la-etica-dona-vicky\/#article\",\"isPartOf\":{\"@id\":\"https:\/\/pagina10.com\/web\/donde-quedo-la-etica-dona-vicky\/\"},\"author\":{\"name\":\"Anibal Ar\u00e9valo Rosero\",\"@id\":\"https:\/\/pagina10.com\/web\/#\/schema\/person\/9ec3e2b432363a195d2d01bf820c66fe\"},\"headline\":\"\u00bfD\u00f3nde qued\u00f3 la \u00e9tica, do\u00f1a Vicky?\",\"datePublished\":\"2016-02-22T19:45:05+00:00\",\"mainEntityOfPage\":{\"@id\":\"https:\/\/pagina10.com\/web\/donde-quedo-la-etica-dona-vicky\/\"},\"wordCount\":736,\"commentCount\":0,\"publisher\":{\"@id\":\"https:\/\/pagina10.com\/web\/#organization\"},\"image\":{\"@id\":\"https:\/\/pagina10.com\/web\/donde-quedo-la-etica-dona-vicky\/#primaryimage\"},\"thumbnailUrl\":\"https:\/\/pagina10.com\/web\/wp-content\/uploads\/2016\/02\/c9e976fab60c5a3a162f0391981ffc36.jpg\",\"inLanguage\":\"es\",\"potentialAction\":[{\"@type\":\"CommentAction\",\"name\":\"Comment\",\"target\":[\"https:\/\/pagina10.com\/web\/donde-quedo-la-etica-dona-vicky\/#respond\"]}]},{\"@type\":\"WebPage\",\"@id\":\"https:\/\/pagina10.com\/web\/donde-quedo-la-etica-dona-vicky\/\",\"url\":\"https:\/\/pagina10.com\/web\/donde-quedo-la-etica-dona-vicky\/\",\"name\":\"\u00bfD\u00f3nde qued\u00f3 la \u00e9tica, do\u00f1a Vicky? | P\u00e1gina10\",\"isPartOf\":{\"@id\":\"https:\/\/pagina10.com\/web\/#website\"},\"primaryImageOfPage\":{\"@id\":\"https:\/\/pagina10.com\/web\/donde-quedo-la-etica-dona-vicky\/#primaryimage\"},\"image\":{\"@id\":\"https:\/\/pagina10.com\/web\/donde-quedo-la-etica-dona-vicky\/#primaryimage\"},\"thumbnailUrl\":\"https:\/\/pagina10.com\/web\/wp-content\/uploads\/2016\/02\/c9e976fab60c5a3a162f0391981ffc36.jpg\",\"datePublished\":\"2016-02-22T19:45:05+00:00\",\"breadcrumb\":{\"@id\":\"https:\/\/pagina10.com\/web\/donde-quedo-la-etica-dona-vicky\/#breadcrumb\"},\"inLanguage\":\"es\",\"potentialAction\":[{\"@type\":\"ReadAction\",\"target\":[\"https:\/\/pagina10.com\/web\/donde-quedo-la-etica-dona-vicky\/\"]}]},{\"@type\":\"ImageObject\",\"inLanguage\":\"es\",\"@id\":\"https:\/\/pagina10.com\/web\/donde-quedo-la-etica-dona-vicky\/#primaryimage\",\"url\":\"https:\/\/pagina10.com\/web\/wp-content\/uploads\/2016\/02\/c9e976fab60c5a3a162f0391981ffc36.jpg\",\"contentUrl\":\"https:\/\/pagina10.com\/web\/wp-content\/uploads\/2016\/02\/c9e976fab60c5a3a162f0391981ffc36.jpg\",\"width\":995,\"height\":498},{\"@type\":\"BreadcrumbList\",\"@id\":\"https:\/\/pagina10.com\/web\/donde-quedo-la-etica-dona-vicky\/#breadcrumb\",\"itemListElement\":[{\"@type\":\"ListItem\",\"position\":1,\"name\":\"Portada\",\"item\":\"https:\/\/pagina10.com\/web\/\"},{\"@type\":\"ListItem\",\"position\":2,\"name\":\"\u00bfD\u00f3nde qued\u00f3 la \u00e9tica, do\u00f1a Vicky?\"}]},{\"@type\":\"WebSite\",\"@id\":\"https:\/\/pagina10.com\/web\/#website\",\"url\":\"https:\/\/pagina10.com\/web\/\",\"name\":\"P\u00e1gina10\",\"description\":\"Peri\u00f3dico Regional\",\"publisher\":{\"@id\":\"https:\/\/pagina10.com\/web\/#organization\"},\"alternateName\":\"P\u00e1gina10 Peri\u00f3dico Regional\",\"potentialAction\":[{\"@type\":\"SearchAction\",\"target\":{\"@type\":\"EntryPoint\",\"urlTemplate\":\"https:\/\/pagina10.com\/web\/?s={search_term_string}\"},\"query-input\":{\"@type\":\"PropertyValueSpecification\",\"valueRequired\":true,\"valueName\":\"search_term_string\"}}],\"inLanguage\":\"es\"},{\"@type\":\"Organization\",\"@id\":\"https:\/\/pagina10.com\/web\/#organization\",\"name\":\"P\u00e1gina10\",\"alternateName\":\"P\u00e1gina10 Peri\u00f3dico Regional\",\"url\":\"https:\/\/pagina10.com\/web\/\",\"logo\":{\"@type\":\"ImageObject\",\"inLanguage\":\"es\",\"@id\":\"https:\/\/pagina10.com\/web\/#\/schema\/logo\/image\/\",\"url\":\"https:\/\/pagina10.com\/web\/wp-content\/uploads\/2024\/01\/40-pagina-10-periodico-regional-pasto.jpg\",\"contentUrl\":\"https:\/\/pagina10.com\/web\/wp-content\/uploads\/2024\/01\/40-pagina-10-periodico-regional-pasto.jpg\",\"width\":1280,\"height\":720,\"caption\":\"P\u00e1gina10\"},\"image\":{\"@id\":\"https:\/\/pagina10.com\/web\/#\/schema\/logo\/image\/\"},\"sameAs\":[\"https:\/\/www.facebook.com\/pag10com\",\"https:\/\/x.com\/Pag10com\",\"https:\/\/www.instagram.com\/pagina10col\/\",\"https:\/\/youtube.com\/channel\/pag10\",\"https:\/\/www.tiktok.com\/@p10col\"]},{\"@type\":\"Person\",\"@id\":\"https:\/\/pagina10.com\/web\/#\/schema\/person\/9ec3e2b432363a195d2d01bf820c66fe\",\"name\":\"Anibal Ar\u00e9valo Rosero\",\"description\":\"An\u00edbal Ar\u00e9valo Rosero a trav\u00e9s de su vida ha realizado diversas actividades tendientes a reivindicar al ser humano en su conciencia plena. Durante su vida ha hecho teatro, a escrito poes\u00eda y en sus tiempos de universitario realiz\u00f3 varias publicaciones entre las que se recuerda la revista Quinde. Junto con otros compa\u00f1eros fund\u00f3 el Taller Cultural El Cueche, equipo con el que se hicieron varias publicaciones. De este mismo grupo hay que resaltar que se hizo un trabajo pionero en la difusi\u00f3n de la m\u00fasica andina, latinoamericana y del caribe. Despu\u00e9s de terminar sus estudios de biolog\u00eda en la Universidad de Nari\u00f1o entr\u00f3 a laborar en emisoras de la ciudad de Pasto como en RCN, donde se desempe\u00f1aba como locutor de planta. Dirigi\u00f3 programas en la extinta Ondas del Mayo, en varias oportunidades; tambi\u00e9n en Ecos de Pasto. Fue colaborador de el Noticias RCN y dirigi\u00f3 el programa Simana al D\u00eda, del Sindicato del Magisterio de Nari\u00f1o, en dos \u00e9pocas. En el a\u00f1o de 1992 funda el Comit\u00e9 de Solidaridad con Cuba Jos\u00e9 Mart\u00ed, cuyo objetivo era divulgar la realidad cubana y expresar apoyo moral, pol\u00edtico y material al pa\u00eds caribe\u00f1o. Ante la mala interpretaci\u00f3n que la gente le daba a este tipo de acciones, se decide promover viajes de solidad a Cuba para participar en la Brigada Latinoamericana de Trabajo Voluntario, en el Festival Cuba Vive y, de manera especia,l en el 14 Festival Mundial de la Juventud y los Estudiantes, que se desarroll\u00f3 en la isla en el a\u00f1o de 1997. Con esta experiencia impulsa el turismo al pa\u00eds caribe\u00f1o con el resultado de que miles de personas han participado de las excursiones organizadas por Ar\u00e9valo Rosero. Asimismo ha venido impulsando las Brigadas de Salud en Cuba, tendiente a llevar pacientes de c\u00e1ncer a ese destino con el fin de que reciban atenci\u00f3n m\u00e9dica, teniendo en cuenta que la experiencia cubana en el tema ha sido bastante favorable. Veinte a\u00f1os despu\u00e9s de estas nutritivas experiencias, le permiten impulsar excursiones adem\u00e1s a M\u00e9xico, Machu Picchu, Argentina, Ecuador, Panam\u00e1 y Tierra Santa. En cuanto al desempe\u00f1o period\u00edstico, adem\u00e1s de los medios radiales y de televisi\u00f3n, en los canales de la universidades de Nari\u00f1o y Mariana, se ha desempe\u00f1ado como columnista en Diario del Sur durante 6 a\u00f1os y en algunos medios virtuales. Tambi\u00e9n es colaborador de el Diario del Cauca. Considera que la pr\u00e1ctica de la lectura es beber de la fuente nutricia que permite apropiarse de manera consciente del ejercicio de la democracia; y la posibilidad de escribir y ser le\u00eddo, acceder al poder, por que considera la palabra como el mayor instrumento de acci\u00f3n cuando est\u00e1 bien encamina al leg\u00edtimo servicio social. En la actualidad adem\u00e1s de so\u00f1ar con viajar por el mundo se desempe\u00f1a como docente del departamento de ciencias de Inem Luis Delf\u00edn Insuasty de Pasto. Correo: Esta direcci\u00f3n de correo electr\u00f3nico est\u00e1 protegida contra spambots. Usted necesita tener Javascript activado para poder verla.\\\" target=\\\"_blank\\\" style=\\\"color: #1155cc; text-align: justify; font-family: arial, sans-serif; font-size: 13px; line-height: normal;\\\"&gt;fundacionecosofia@gmail.com\",\"url\":\"https:\/\/pagina10.com\/web\/author\/anibal\/\"}]}<\/script>\n<!-- \/ Yoast SEO plugin. -->","yoast_head_json":{"title":"\u00bfD\u00f3nde qued\u00f3 la \u00e9tica, do\u00f1a Vicky? | P\u00e1gina10","robots":{"index":"index","follow":"follow","max-snippet":"max-snippet:-1","max-image-preview":"max-image-preview:large","max-video-preview":"max-video-preview:-1"},"canonical":"https:\/\/pagina10.com\/web\/donde-quedo-la-etica-dona-vicky\/","og_locale":"es_ES","og_type":"article","og_title":"\u00bfD\u00f3nde qued\u00f3 la \u00e9tica, do\u00f1a Vicky? | P\u00e1gina10","og_description":"No terminaba de enfriarse el reciente esc\u00e1ndalo del ex defensor del pueblo Ot\u00e1lora por acoso laboral y sexual, cuando viene a hacerse p\u00fablico un video que corresponde a la intimidad de dos personas adultas en uso pleno de su conciencia y sin que exista presi\u00f3n por parte de alguno de los actores intervinientes en la [&hellip;]","og_url":"https:\/\/pagina10.com\/web\/donde-quedo-la-etica-dona-vicky\/","og_site_name":"P\u00e1gina10","article_publisher":"https:\/\/www.facebook.com\/pag10com","article_published_time":"2016-02-22T19:45:05+00:00","og_image":[{"width":995,"height":498,"url":"https:\/\/pagina10.com\/web\/wp-content\/uploads\/2016\/02\/c9e976fab60c5a3a162f0391981ffc36.jpg","type":"image\/jpeg"}],"author":"Anibal Ar\u00e9valo Rosero","twitter_card":"summary_large_image","twitter_creator":"@Pag10com","twitter_site":"@Pag10com","twitter_misc":{"Escrito por":"Anibal Ar\u00e9valo Rosero","Tiempo de lectura":"4 minutos"},"schema":{"@context":"https:\/\/schema.org","@graph":[{"@type":"Article","@id":"https:\/\/pagina10.com\/web\/donde-quedo-la-etica-dona-vicky\/#article","isPartOf":{"@id":"https:\/\/pagina10.com\/web\/donde-quedo-la-etica-dona-vicky\/"},"author":{"name":"Anibal Ar\u00e9valo Rosero","@id":"https:\/\/pagina10.com\/web\/#\/schema\/person\/9ec3e2b432363a195d2d01bf820c66fe"},"headline":"\u00bfD\u00f3nde qued\u00f3 la \u00e9tica, do\u00f1a Vicky?","datePublished":"2016-02-22T19:45:05+00:00","mainEntityOfPage":{"@id":"https:\/\/pagina10.com\/web\/donde-quedo-la-etica-dona-vicky\/"},"wordCount":736,"commentCount":0,"publisher":{"@id":"https:\/\/pagina10.com\/web\/#organization"},"image":{"@id":"https:\/\/pagina10.com\/web\/donde-quedo-la-etica-dona-vicky\/#primaryimage"},"thumbnailUrl":"https:\/\/pagina10.com\/web\/wp-content\/uploads\/2016\/02\/c9e976fab60c5a3a162f0391981ffc36.jpg","inLanguage":"es","potentialAction":[{"@type":"CommentAction","name":"Comment","target":["https:\/\/pagina10.com\/web\/donde-quedo-la-etica-dona-vicky\/#respond"]}]},{"@type":"WebPage","@id":"https:\/\/pagina10.com\/web\/donde-quedo-la-etica-dona-vicky\/","url":"https:\/\/pagina10.com\/web\/donde-quedo-la-etica-dona-vicky\/","name":"\u00bfD\u00f3nde qued\u00f3 la \u00e9tica, do\u00f1a Vicky? | P\u00e1gina10","isPartOf":{"@id":"https:\/\/pagina10.com\/web\/#website"},"primaryImageOfPage":{"@id":"https:\/\/pagina10.com\/web\/donde-quedo-la-etica-dona-vicky\/#primaryimage"},"image":{"@id":"https:\/\/pagina10.com\/web\/donde-quedo-la-etica-dona-vicky\/#primaryimage"},"thumbnailUrl":"https:\/\/pagina10.com\/web\/wp-content\/uploads\/2016\/02\/c9e976fab60c5a3a162f0391981ffc36.jpg","datePublished":"2016-02-22T19:45:05+00:00","breadcrumb":{"@id":"https:\/\/pagina10.com\/web\/donde-quedo-la-etica-dona-vicky\/#breadcrumb"},"inLanguage":"es","potentialAction":[{"@type":"ReadAction","target":["https:\/\/pagina10.com\/web\/donde-quedo-la-etica-dona-vicky\/"]}]},{"@type":"ImageObject","inLanguage":"es","@id":"https:\/\/pagina10.com\/web\/donde-quedo-la-etica-dona-vicky\/#primaryimage","url":"https:\/\/pagina10.com\/web\/wp-content\/uploads\/2016\/02\/c9e976fab60c5a3a162f0391981ffc36.jpg","contentUrl":"https:\/\/pagina10.com\/web\/wp-content\/uploads\/2016\/02\/c9e976fab60c5a3a162f0391981ffc36.jpg","width":995,"height":498},{"@type":"BreadcrumbList","@id":"https:\/\/pagina10.com\/web\/donde-quedo-la-etica-dona-vicky\/#breadcrumb","itemListElement":[{"@type":"ListItem","position":1,"name":"Portada","item":"https:\/\/pagina10.com\/web\/"},{"@type":"ListItem","position":2,"name":"\u00bfD\u00f3nde qued\u00f3 la \u00e9tica, do\u00f1a Vicky?"}]},{"@type":"WebSite","@id":"https:\/\/pagina10.com\/web\/#website","url":"https:\/\/pagina10.com\/web\/","name":"P\u00e1gina10","description":"Peri\u00f3dico Regional","publisher":{"@id":"https:\/\/pagina10.com\/web\/#organization"},"alternateName":"P\u00e1gina10 Peri\u00f3dico Regional","potentialAction":[{"@type":"SearchAction","target":{"@type":"EntryPoint","urlTemplate":"https:\/\/pagina10.com\/web\/?s={search_term_string}"},"query-input":{"@type":"PropertyValueSpecification","valueRequired":true,"valueName":"search_term_string"}}],"inLanguage":"es"},{"@type":"Organization","@id":"https:\/\/pagina10.com\/web\/#organization","name":"P\u00e1gina10","alternateName":"P\u00e1gina10 Peri\u00f3dico Regional","url":"https:\/\/pagina10.com\/web\/","logo":{"@type":"ImageObject","inLanguage":"es","@id":"https:\/\/pagina10.com\/web\/#\/schema\/logo\/image\/","url":"https:\/\/pagina10.com\/web\/wp-content\/uploads\/2024\/01\/40-pagina-10-periodico-regional-pasto.jpg","contentUrl":"https:\/\/pagina10.com\/web\/wp-content\/uploads\/2024\/01\/40-pagina-10-periodico-regional-pasto.jpg","width":1280,"height":720,"caption":"P\u00e1gina10"},"image":{"@id":"https:\/\/pagina10.com\/web\/#\/schema\/logo\/image\/"},"sameAs":["https:\/\/www.facebook.com\/pag10com","https:\/\/x.com\/Pag10com","https:\/\/www.instagram.com\/pagina10col\/","https:\/\/youtube.com\/channel\/pag10","https:\/\/www.tiktok.com\/@p10col"]},{"@type":"Person","@id":"https:\/\/pagina10.com\/web\/#\/schema\/person\/9ec3e2b432363a195d2d01bf820c66fe","name":"Anibal Ar\u00e9valo Rosero","description":"An\u00edbal Ar\u00e9valo Rosero a trav\u00e9s de su vida ha realizado diversas actividades tendientes a reivindicar al ser humano en su conciencia plena. Durante su vida ha hecho teatro, a escrito poes\u00eda y en sus tiempos de universitario realiz\u00f3 varias publicaciones entre las que se recuerda la revista Quinde. Junto con otros compa\u00f1eros fund\u00f3 el Taller Cultural El Cueche, equipo con el que se hicieron varias publicaciones. De este mismo grupo hay que resaltar que se hizo un trabajo pionero en la difusi\u00f3n de la m\u00fasica andina, latinoamericana y del caribe. Despu\u00e9s de terminar sus estudios de biolog\u00eda en la Universidad de Nari\u00f1o entr\u00f3 a laborar en emisoras de la ciudad de Pasto como en RCN, donde se desempe\u00f1aba como locutor de planta. Dirigi\u00f3 programas en la extinta Ondas del Mayo, en varias oportunidades; tambi\u00e9n en Ecos de Pasto. Fue colaborador de el Noticias RCN y dirigi\u00f3 el programa Simana al D\u00eda, del Sindicato del Magisterio de Nari\u00f1o, en dos \u00e9pocas. En el a\u00f1o de 1992 funda el Comit\u00e9 de Solidaridad con Cuba Jos\u00e9 Mart\u00ed, cuyo objetivo era divulgar la realidad cubana y expresar apoyo moral, pol\u00edtico y material al pa\u00eds caribe\u00f1o. Ante la mala interpretaci\u00f3n que la gente le daba a este tipo de acciones, se decide promover viajes de solidad a Cuba para participar en la Brigada Latinoamericana de Trabajo Voluntario, en el Festival Cuba Vive y, de manera especia,l en el 14 Festival Mundial de la Juventud y los Estudiantes, que se desarroll\u00f3 en la isla en el a\u00f1o de 1997. Con esta experiencia impulsa el turismo al pa\u00eds caribe\u00f1o con el resultado de que miles de personas han participado de las excursiones organizadas por Ar\u00e9valo Rosero. Asimismo ha venido impulsando las Brigadas de Salud en Cuba, tendiente a llevar pacientes de c\u00e1ncer a ese destino con el fin de que reciban atenci\u00f3n m\u00e9dica, teniendo en cuenta que la experiencia cubana en el tema ha sido bastante favorable. Veinte a\u00f1os despu\u00e9s de estas nutritivas experiencias, le permiten impulsar excursiones adem\u00e1s a M\u00e9xico, Machu Picchu, Argentina, Ecuador, Panam\u00e1 y Tierra Santa. En cuanto al desempe\u00f1o period\u00edstico, adem\u00e1s de los medios radiales y de televisi\u00f3n, en los canales de la universidades de Nari\u00f1o y Mariana, se ha desempe\u00f1ado como columnista en Diario del Sur durante 6 a\u00f1os y en algunos medios virtuales. Tambi\u00e9n es colaborador de el Diario del Cauca. Considera que la pr\u00e1ctica de la lectura es beber de la fuente nutricia que permite apropiarse de manera consciente del ejercicio de la democracia; y la posibilidad de escribir y ser le\u00eddo, acceder al poder, por que considera la palabra como el mayor instrumento de acci\u00f3n cuando est\u00e1 bien encamina al leg\u00edtimo servicio social. En la actualidad adem\u00e1s de so\u00f1ar con viajar por el mundo se desempe\u00f1a como docente del departamento de ciencias de Inem Luis Delf\u00edn Insuasty de Pasto. Correo: Esta direcci\u00f3n de correo electr\u00f3nico est\u00e1 protegida contra spambots. Usted necesita tener Javascript activado para poder verla.\" target=\"_blank\" style=\"color: #1155cc; text-align: justify; font-family: arial, sans-serif; font-size: 13px; line-height: normal;\"&gt;fundacionecosofia@gmail.com","url":"https:\/\/pagina10.com\/web\/author\/anibal\/"}]}},"_links":{"self":[{"href":"https:\/\/pagina10.com\/web\/wp-json\/wp\/v2\/posts\/19801","targetHints":{"allow":["GET"]}}],"collection":[{"href":"https:\/\/pagina10.com\/web\/wp-json\/wp\/v2\/posts"}],"about":[{"href":"https:\/\/pagina10.com\/web\/wp-json\/wp\/v2\/types\/post"}],"author":[{"embeddable":true,"href":"https:\/\/pagina10.com\/web\/wp-json\/wp\/v2\/users\/65"}],"replies":[{"embeddable":true,"href":"https:\/\/pagina10.com\/web\/wp-json\/wp\/v2\/comments?post=19801"}],"version-history":[{"count":0,"href":"https:\/\/pagina10.com\/web\/wp-json\/wp\/v2\/posts\/19801\/revisions"}],"wp:featuredmedia":[{"embeddable":true,"href":"https:\/\/pagina10.com\/web\/wp-json\/wp\/v2\/media\/19800"}],"wp:attachment":[{"href":"https:\/\/pagina10.com\/web\/wp-json\/wp\/v2\/media?parent=19801"}],"wp:term":[{"taxonomy":"category","embeddable":true,"href":"https:\/\/pagina10.com\/web\/wp-json\/wp\/v2\/categories?post=19801"},{"taxonomy":"post_tag","embeddable":true,"href":"https:\/\/pagina10.com\/web\/wp-json\/wp\/v2\/tags?post=19801"}],"curies":[{"name":"wp","href":"https:\/\/api.w.org\/{rel}","templated":true}]}}