{"id":20401,"date":"2016-04-25T00:35:26","date_gmt":"2016-04-25T00:35:26","guid":{"rendered":"https:\/\/pagina10.com\/web\/desde-el-arc-golfo-tribuga-santos-y-correa-rodean-a-los-damnificados-del-terremoto\/"},"modified":"2016-04-25T00:35:26","modified_gmt":"2016-04-25T00:35:26","slug":"desde-el-arc-golfo-tribuga-santos-y-correa-rodean-a-los-damnificados-del-terremoto","status":"publish","type":"post","link":"https:\/\/pagina10.com\/web\/desde-el-arc-golfo-tribuga-santos-y-correa-rodean-a-los-damnificados-del-terremoto\/","title":{"rendered":"Desde el ARC \u201cGolfo Tribuga\u201d: Santos y Correa rodean a los damnificados del terremoto"},"content":{"rendered":"<p><img fetchpriority=\"high\" decoding=\"async\" class=\" size-full wp-image-20400\" src=\"https:\/\/pagina10.com\/web\/wp-content\/uploads\/2016\/04\/a0916742993b7c02c692a3983d51ea18.jpg\" alt=\"\" width=\"700\" height=\"503\" srcset=\"https:\/\/pagina10.com\/web\/wp-content\/uploads\/2016\/04\/a0916742993b7c02c692a3983d51ea18.jpg 700w, https:\/\/pagina10.com\/web\/wp-content\/uploads\/2016\/04\/a0916742993b7c02c692a3983d51ea18-300x216.jpg 300w\" sizes=\"(max-width: 700px) 100vw, 700px\" \/><\/p>\n<div style=\"text-align: justify;\">Con el apoyo de un equipo de atenci\u00f3n m\u00e9dica integrada por oficiales por oficiales y suboficiales de la &nbsp;Armadas Nacional a los damnificados del terremoto, los presidentes de Colombia Juan Manuel Santos y de Ecuador Rafael Correa se unieron en la jornada de emergencia, desde el buque ARC \u201cGofo Tribuga\u201d, en esta ciudad sobre el Oc\u00e9ano Pac\u00edfico.<\/div>\n<p>  <!--more-->  <\/p>\n<div style=\"text-align: justify;\">Desde el buque, el mandatario colombiano entreg\u00f3 a su hom\u00f3logo ecuatoriano 2.5 toneladas de kit de aseo, 4 toneladas de v\u00edveres, 10 mil galones de agua envasada y 65&nbsp; galones de agua en taques, confirmado que en momentos de desastres naturales, los dos pa\u00edses no solo unen <em>\u201cpuentes de hermandad\u201d<\/em>, sino adem\u00e1s integran a los dos Estados alrededor de los ciudadanos que se vieron afectados por el fen\u00f3meno natural, ocho d\u00edas atr\u00e1s.<\/div>\n<div style=\"text-align: justify;\">&nbsp;<\/div>\n<div style=\"text-align: justify;\">Como buenos amigos, dejando el protocolo, &nbsp;en el buque ARC \u201cGolfo Tribuga\u201d uni\u00f3 a Santos y Correa en un hecho in\u00e9dito, que deja de presente las excelentes relaciones diplom\u00e1ticas entre los dos pa\u00edses y el di\u00e1logo constante entre Bogot\u00e1 y Quito, tras el terremoto que sacudi\u00f3 al territorio ecuatoriano de magnitud 7.8 en la escala de Richter.<\/div>\n<div style=\"text-align: justify;\">&nbsp;<\/div>\n<div dir=\"ltr\" style=\"text-align: justify;\">El mandatario reconoci\u00f3 en el di\u00e1logo con su hom\u00f3logo colombiano, que las p\u00e9rdidas econ\u00f3micas para el Ecuador a consecuencia del terremoto ascienden a 3 mil millones de d\u00f3lares, lo que supone un 3% del Producto Interno Bruto. <em>\u201cTambi\u00e9n significar\u00e1 una reconstrucci\u00f3n que tomar\u00e1 varios a\u00f1os\u201d<\/em> sentenci\u00f3.<\/div>\n","protected":false},"excerpt":{"rendered":"<p>Con el apoyo de un equipo de atenci\u00f3n m\u00e9dica integrada por oficiales por oficiales y suboficiales de la &nbsp;Armadas Nacional a los damnificados del terremoto, los presidentes de Colombia Juan Manuel Santos y de Ecuador Rafael Correa se unieron en la jornada de emergencia, desde el buque ARC \u201cGofo Tribuga\u201d, en esta ciudad sobre el [&hellip;]<\/p>\n","protected":false},"author":38,"featured_media":20400,"comment_status":"open","ping_status":"open","sticky":false,"template":"","format":"standard","meta":{"footnotes":""},"categories":[1],"tags":[],"class_list":["post-20401","post","type-post","status-publish","format-standard","has-post-thumbnail","hentry","category-sin-categoria"],"yoast_head":"<!-- This site is optimized with the Yoast SEO plugin v27.1.1 - https:\/\/yoast.com\/product\/yoast-seo-wordpress\/ -->\n<title>Desde el ARC \u201cGolfo Tribuga\u201d: Santos y Correa rodean a los damnificados del terremoto | P\u00e1gina10<\/title>\n<meta name=\"robots\" content=\"index, follow, max-snippet:-1, max-image-preview:large, max-video-preview:-1\" \/>\n<link rel=\"canonical\" href=\"https:\/\/pagina10.com\/web\/desde-el-arc-golfo-tribuga-santos-y-correa-rodean-a-los-damnificados-del-terremoto\/\" \/>\n<meta property=\"og:locale\" content=\"es_ES\" \/>\n<meta property=\"og:type\" content=\"article\" \/>\n<meta property=\"og:title\" content=\"Desde el ARC \u201cGolfo Tribuga\u201d: Santos y Correa rodean a los damnificados del terremoto | P\u00e1gina10\" \/>\n<meta property=\"og:description\" content=\"Con el apoyo de un equipo de atenci\u00f3n m\u00e9dica integrada por oficiales por oficiales y suboficiales de la &nbsp;Armadas Nacional a los damnificados del terremoto, los presidentes de Colombia Juan Manuel Santos y de Ecuador Rafael Correa se unieron en la jornada de emergencia, desde el buque ARC \u201cGofo Tribuga\u201d, en esta ciudad sobre el [&hellip;]\" \/>\n<meta property=\"og:url\" content=\"https:\/\/pagina10.com\/web\/desde-el-arc-golfo-tribuga-santos-y-correa-rodean-a-los-damnificados-del-terremoto\/\" \/>\n<meta property=\"og:site_name\" content=\"P\u00e1gina10\" \/>\n<meta property=\"article:publisher\" content=\"https:\/\/www.facebook.com\/pag10com\" \/>\n<meta property=\"article:published_time\" content=\"2016-04-25T00:35:26+00:00\" \/>\n<meta property=\"og:image\" content=\"https:\/\/pagina10.com\/web\/wp-content\/uploads\/2016\/04\/a0916742993b7c02c692a3983d51ea18.jpg\" \/>\n\t<meta property=\"og:image:width\" content=\"700\" \/>\n\t<meta property=\"og:image:height\" content=\"503\" \/>\n\t<meta property=\"og:image:type\" content=\"image\/jpeg\" \/>\n<meta name=\"author\" content=\"Carlos Villota Santacruz.\" \/>\n<meta name=\"twitter:card\" content=\"summary_large_image\" \/>\n<meta name=\"twitter:creator\" content=\"@Pag10com\" \/>\n<meta name=\"twitter:site\" content=\"@Pag10com\" \/>\n<meta name=\"twitter:label1\" content=\"Escrito por\" \/>\n\t<meta name=\"twitter:data1\" content=\"Carlos Villota Santacruz.\" \/>\n\t<meta name=\"twitter:label2\" content=\"Tiempo de lectura\" \/>\n\t<meta name=\"twitter:data2\" content=\"1 minuto\" \/>\n<script type=\"application\/ld+json\" class=\"yoast-schema-graph\">{\"@context\":\"https:\/\/schema.org\",\"@graph\":[{\"@type\":\"Article\",\"@id\":\"https:\/\/pagina10.com\/web\/desde-el-arc-golfo-tribuga-santos-y-correa-rodean-a-los-damnificados-del-terremoto\/#article\",\"isPartOf\":{\"@id\":\"https:\/\/pagina10.com\/web\/desde-el-arc-golfo-tribuga-santos-y-correa-rodean-a-los-damnificados-del-terremoto\/\"},\"author\":{\"name\":\"Carlos Villota Santacruz.\",\"@id\":\"https:\/\/pagina10.com\/web\/#\/schema\/person\/b459e2d15ec5ba9d5a2c9a81c71c4f7b\"},\"headline\":\"Desde el ARC \u201cGolfo Tribuga\u201d: Santos y Correa rodean a los damnificados del terremoto\",\"datePublished\":\"2016-04-25T00:35:26+00:00\",\"mainEntityOfPage\":{\"@id\":\"https:\/\/pagina10.com\/web\/desde-el-arc-golfo-tribuga-santos-y-correa-rodean-a-los-damnificados-del-terremoto\/\"},\"wordCount\":267,\"commentCount\":0,\"publisher\":{\"@id\":\"https:\/\/pagina10.com\/web\/#organization\"},\"image\":{\"@id\":\"https:\/\/pagina10.com\/web\/desde-el-arc-golfo-tribuga-santos-y-correa-rodean-a-los-damnificados-del-terremoto\/#primaryimage\"},\"thumbnailUrl\":\"https:\/\/pagina10.com\/web\/wp-content\/uploads\/2016\/04\/a0916742993b7c02c692a3983d51ea18.jpg\",\"inLanguage\":\"es\",\"potentialAction\":[{\"@type\":\"CommentAction\",\"name\":\"Comment\",\"target\":[\"https:\/\/pagina10.com\/web\/desde-el-arc-golfo-tribuga-santos-y-correa-rodean-a-los-damnificados-del-terremoto\/#respond\"]}]},{\"@type\":\"WebPage\",\"@id\":\"https:\/\/pagina10.com\/web\/desde-el-arc-golfo-tribuga-santos-y-correa-rodean-a-los-damnificados-del-terremoto\/\",\"url\":\"https:\/\/pagina10.com\/web\/desde-el-arc-golfo-tribuga-santos-y-correa-rodean-a-los-damnificados-del-terremoto\/\",\"name\":\"Desde el ARC \u201cGolfo Tribuga\u201d: Santos y Correa rodean a los damnificados del terremoto | P\u00e1gina10\",\"isPartOf\":{\"@id\":\"https:\/\/pagina10.com\/web\/#website\"},\"primaryImageOfPage\":{\"@id\":\"https:\/\/pagina10.com\/web\/desde-el-arc-golfo-tribuga-santos-y-correa-rodean-a-los-damnificados-del-terremoto\/#primaryimage\"},\"image\":{\"@id\":\"https:\/\/pagina10.com\/web\/desde-el-arc-golfo-tribuga-santos-y-correa-rodean-a-los-damnificados-del-terremoto\/#primaryimage\"},\"thumbnailUrl\":\"https:\/\/pagina10.com\/web\/wp-content\/uploads\/2016\/04\/a0916742993b7c02c692a3983d51ea18.jpg\",\"datePublished\":\"2016-04-25T00:35:26+00:00\",\"breadcrumb\":{\"@id\":\"https:\/\/pagina10.com\/web\/desde-el-arc-golfo-tribuga-santos-y-correa-rodean-a-los-damnificados-del-terremoto\/#breadcrumb\"},\"inLanguage\":\"es\",\"potentialAction\":[{\"@type\":\"ReadAction\",\"target\":[\"https:\/\/pagina10.com\/web\/desde-el-arc-golfo-tribuga-santos-y-correa-rodean-a-los-damnificados-del-terremoto\/\"]}]},{\"@type\":\"ImageObject\",\"inLanguage\":\"es\",\"@id\":\"https:\/\/pagina10.com\/web\/desde-el-arc-golfo-tribuga-santos-y-correa-rodean-a-los-damnificados-del-terremoto\/#primaryimage\",\"url\":\"https:\/\/pagina10.com\/web\/wp-content\/uploads\/2016\/04\/a0916742993b7c02c692a3983d51ea18.jpg\",\"contentUrl\":\"https:\/\/pagina10.com\/web\/wp-content\/uploads\/2016\/04\/a0916742993b7c02c692a3983d51ea18.jpg\",\"width\":700,\"height\":503},{\"@type\":\"BreadcrumbList\",\"@id\":\"https:\/\/pagina10.com\/web\/desde-el-arc-golfo-tribuga-santos-y-correa-rodean-a-los-damnificados-del-terremoto\/#breadcrumb\",\"itemListElement\":[{\"@type\":\"ListItem\",\"position\":1,\"name\":\"Portada\",\"item\":\"https:\/\/pagina10.com\/web\/\"},{\"@type\":\"ListItem\",\"position\":2,\"name\":\"Desde el ARC \u201cGolfo Tribuga\u201d: Santos y Correa rodean a los damnificados del terremoto\"}]},{\"@type\":\"WebSite\",\"@id\":\"https:\/\/pagina10.com\/web\/#website\",\"url\":\"https:\/\/pagina10.com\/web\/\",\"name\":\"P\u00e1gina10\",\"description\":\"Peri\u00f3dico Regional\",\"publisher\":{\"@id\":\"https:\/\/pagina10.com\/web\/#organization\"},\"alternateName\":\"P\u00e1gina10 Peri\u00f3dico Regional\",\"potentialAction\":[{\"@type\":\"SearchAction\",\"target\":{\"@type\":\"EntryPoint\",\"urlTemplate\":\"https:\/\/pagina10.com\/web\/?s={search_term_string}\"},\"query-input\":{\"@type\":\"PropertyValueSpecification\",\"valueRequired\":true,\"valueName\":\"search_term_string\"}}],\"inLanguage\":\"es\"},{\"@type\":\"Organization\",\"@id\":\"https:\/\/pagina10.com\/web\/#organization\",\"name\":\"P\u00e1gina10\",\"alternateName\":\"P\u00e1gina10 Peri\u00f3dico Regional\",\"url\":\"https:\/\/pagina10.com\/web\/\",\"logo\":{\"@type\":\"ImageObject\",\"inLanguage\":\"es\",\"@id\":\"https:\/\/pagina10.com\/web\/#\/schema\/logo\/image\/\",\"url\":\"https:\/\/pagina10.com\/web\/wp-content\/uploads\/2024\/01\/40-pagina-10-periodico-regional-pasto.jpg\",\"contentUrl\":\"https:\/\/pagina10.com\/web\/wp-content\/uploads\/2024\/01\/40-pagina-10-periodico-regional-pasto.jpg\",\"width\":1280,\"height\":720,\"caption\":\"P\u00e1gina10\"},\"image\":{\"@id\":\"https:\/\/pagina10.com\/web\/#\/schema\/logo\/image\/\"},\"sameAs\":[\"https:\/\/www.facebook.com\/pag10com\",\"https:\/\/x.com\/Pag10com\",\"https:\/\/www.instagram.com\/pagina10col\/\",\"https:\/\/youtube.com\/channel\/pag10\",\"https:\/\/www.tiktok.com\/@p10col\"]},{\"@type\":\"Person\",\"@id\":\"https:\/\/pagina10.com\/web\/#\/schema\/person\/b459e2d15ec5ba9d5a2c9a81c71c4f7b\",\"name\":\"Carlos Villota Santacruz.\",\"description\":\"Internacionalista-Comunicador Social y Periodista. Experto en Comunicaci\u00f3n para el desarrollo y ciudad-regi\u00f3n.. Promotor de proyectos e investigaci\u00f3n comunicativa en radio, prensa y televisi\u00f3n. Experiencia en el manejo de imagen externa, interna y protocolaria de entidades p\u00fablicas y privadas, encuentros culturales, empresariales y ambientales. Docente en el \u00e1rea de televisi\u00f3n, relaciones internacionales y bloques econ\u00f3micos. Experto y conferencista en temas de marketing pol\u00edtico, marketing de ciudad, integraci\u00f3n cultural, TLC y desarrollo urban\u00edstico. E-mail: villotasantacruzcarlos@yahoo.com.co\",\"url\":\"https:\/\/pagina10.com\/web\/author\/cvillota\/\"}]}<\/script>\n<!-- \/ Yoast SEO plugin. -->","yoast_head_json":{"title":"Desde el ARC \u201cGolfo Tribuga\u201d: Santos y Correa rodean a los damnificados del terremoto | P\u00e1gina10","robots":{"index":"index","follow":"follow","max-snippet":"max-snippet:-1","max-image-preview":"max-image-preview:large","max-video-preview":"max-video-preview:-1"},"canonical":"https:\/\/pagina10.com\/web\/desde-el-arc-golfo-tribuga-santos-y-correa-rodean-a-los-damnificados-del-terremoto\/","og_locale":"es_ES","og_type":"article","og_title":"Desde el ARC \u201cGolfo Tribuga\u201d: Santos y Correa rodean a los damnificados del terremoto | P\u00e1gina10","og_description":"Con el apoyo de un equipo de atenci\u00f3n m\u00e9dica integrada por oficiales por oficiales y suboficiales de la &nbsp;Armadas Nacional a los damnificados del terremoto, los presidentes de Colombia Juan Manuel Santos y de Ecuador Rafael Correa se unieron en la jornada de emergencia, desde el buque ARC \u201cGofo Tribuga\u201d, en esta ciudad sobre el [&hellip;]","og_url":"https:\/\/pagina10.com\/web\/desde-el-arc-golfo-tribuga-santos-y-correa-rodean-a-los-damnificados-del-terremoto\/","og_site_name":"P\u00e1gina10","article_publisher":"https:\/\/www.facebook.com\/pag10com","article_published_time":"2016-04-25T00:35:26+00:00","og_image":[{"width":700,"height":503,"url":"https:\/\/pagina10.com\/web\/wp-content\/uploads\/2016\/04\/a0916742993b7c02c692a3983d51ea18.jpg","type":"image\/jpeg"}],"author":"Carlos Villota Santacruz.","twitter_card":"summary_large_image","twitter_creator":"@Pag10com","twitter_site":"@Pag10com","twitter_misc":{"Escrito por":"Carlos Villota Santacruz.","Tiempo de lectura":"1 minuto"},"schema":{"@context":"https:\/\/schema.org","@graph":[{"@type":"Article","@id":"https:\/\/pagina10.com\/web\/desde-el-arc-golfo-tribuga-santos-y-correa-rodean-a-los-damnificados-del-terremoto\/#article","isPartOf":{"@id":"https:\/\/pagina10.com\/web\/desde-el-arc-golfo-tribuga-santos-y-correa-rodean-a-los-damnificados-del-terremoto\/"},"author":{"name":"Carlos Villota Santacruz.","@id":"https:\/\/pagina10.com\/web\/#\/schema\/person\/b459e2d15ec5ba9d5a2c9a81c71c4f7b"},"headline":"Desde el ARC \u201cGolfo Tribuga\u201d: Santos y Correa rodean a los damnificados del terremoto","datePublished":"2016-04-25T00:35:26+00:00","mainEntityOfPage":{"@id":"https:\/\/pagina10.com\/web\/desde-el-arc-golfo-tribuga-santos-y-correa-rodean-a-los-damnificados-del-terremoto\/"},"wordCount":267,"commentCount":0,"publisher":{"@id":"https:\/\/pagina10.com\/web\/#organization"},"image":{"@id":"https:\/\/pagina10.com\/web\/desde-el-arc-golfo-tribuga-santos-y-correa-rodean-a-los-damnificados-del-terremoto\/#primaryimage"},"thumbnailUrl":"https:\/\/pagina10.com\/web\/wp-content\/uploads\/2016\/04\/a0916742993b7c02c692a3983d51ea18.jpg","inLanguage":"es","potentialAction":[{"@type":"CommentAction","name":"Comment","target":["https:\/\/pagina10.com\/web\/desde-el-arc-golfo-tribuga-santos-y-correa-rodean-a-los-damnificados-del-terremoto\/#respond"]}]},{"@type":"WebPage","@id":"https:\/\/pagina10.com\/web\/desde-el-arc-golfo-tribuga-santos-y-correa-rodean-a-los-damnificados-del-terremoto\/","url":"https:\/\/pagina10.com\/web\/desde-el-arc-golfo-tribuga-santos-y-correa-rodean-a-los-damnificados-del-terremoto\/","name":"Desde el ARC \u201cGolfo Tribuga\u201d: Santos y Correa rodean a los damnificados del terremoto | P\u00e1gina10","isPartOf":{"@id":"https:\/\/pagina10.com\/web\/#website"},"primaryImageOfPage":{"@id":"https:\/\/pagina10.com\/web\/desde-el-arc-golfo-tribuga-santos-y-correa-rodean-a-los-damnificados-del-terremoto\/#primaryimage"},"image":{"@id":"https:\/\/pagina10.com\/web\/desde-el-arc-golfo-tribuga-santos-y-correa-rodean-a-los-damnificados-del-terremoto\/#primaryimage"},"thumbnailUrl":"https:\/\/pagina10.com\/web\/wp-content\/uploads\/2016\/04\/a0916742993b7c02c692a3983d51ea18.jpg","datePublished":"2016-04-25T00:35:26+00:00","breadcrumb":{"@id":"https:\/\/pagina10.com\/web\/desde-el-arc-golfo-tribuga-santos-y-correa-rodean-a-los-damnificados-del-terremoto\/#breadcrumb"},"inLanguage":"es","potentialAction":[{"@type":"ReadAction","target":["https:\/\/pagina10.com\/web\/desde-el-arc-golfo-tribuga-santos-y-correa-rodean-a-los-damnificados-del-terremoto\/"]}]},{"@type":"ImageObject","inLanguage":"es","@id":"https:\/\/pagina10.com\/web\/desde-el-arc-golfo-tribuga-santos-y-correa-rodean-a-los-damnificados-del-terremoto\/#primaryimage","url":"https:\/\/pagina10.com\/web\/wp-content\/uploads\/2016\/04\/a0916742993b7c02c692a3983d51ea18.jpg","contentUrl":"https:\/\/pagina10.com\/web\/wp-content\/uploads\/2016\/04\/a0916742993b7c02c692a3983d51ea18.jpg","width":700,"height":503},{"@type":"BreadcrumbList","@id":"https:\/\/pagina10.com\/web\/desde-el-arc-golfo-tribuga-santos-y-correa-rodean-a-los-damnificados-del-terremoto\/#breadcrumb","itemListElement":[{"@type":"ListItem","position":1,"name":"Portada","item":"https:\/\/pagina10.com\/web\/"},{"@type":"ListItem","position":2,"name":"Desde el ARC \u201cGolfo Tribuga\u201d: Santos y Correa rodean a los damnificados del terremoto"}]},{"@type":"WebSite","@id":"https:\/\/pagina10.com\/web\/#website","url":"https:\/\/pagina10.com\/web\/","name":"P\u00e1gina10","description":"Peri\u00f3dico Regional","publisher":{"@id":"https:\/\/pagina10.com\/web\/#organization"},"alternateName":"P\u00e1gina10 Peri\u00f3dico Regional","potentialAction":[{"@type":"SearchAction","target":{"@type":"EntryPoint","urlTemplate":"https:\/\/pagina10.com\/web\/?s={search_term_string}"},"query-input":{"@type":"PropertyValueSpecification","valueRequired":true,"valueName":"search_term_string"}}],"inLanguage":"es"},{"@type":"Organization","@id":"https:\/\/pagina10.com\/web\/#organization","name":"P\u00e1gina10","alternateName":"P\u00e1gina10 Peri\u00f3dico Regional","url":"https:\/\/pagina10.com\/web\/","logo":{"@type":"ImageObject","inLanguage":"es","@id":"https:\/\/pagina10.com\/web\/#\/schema\/logo\/image\/","url":"https:\/\/pagina10.com\/web\/wp-content\/uploads\/2024\/01\/40-pagina-10-periodico-regional-pasto.jpg","contentUrl":"https:\/\/pagina10.com\/web\/wp-content\/uploads\/2024\/01\/40-pagina-10-periodico-regional-pasto.jpg","width":1280,"height":720,"caption":"P\u00e1gina10"},"image":{"@id":"https:\/\/pagina10.com\/web\/#\/schema\/logo\/image\/"},"sameAs":["https:\/\/www.facebook.com\/pag10com","https:\/\/x.com\/Pag10com","https:\/\/www.instagram.com\/pagina10col\/","https:\/\/youtube.com\/channel\/pag10","https:\/\/www.tiktok.com\/@p10col"]},{"@type":"Person","@id":"https:\/\/pagina10.com\/web\/#\/schema\/person\/b459e2d15ec5ba9d5a2c9a81c71c4f7b","name":"Carlos Villota Santacruz.","description":"Internacionalista-Comunicador Social y Periodista. Experto en Comunicaci\u00f3n para el desarrollo y ciudad-regi\u00f3n.. Promotor de proyectos e investigaci\u00f3n comunicativa en radio, prensa y televisi\u00f3n. Experiencia en el manejo de imagen externa, interna y protocolaria de entidades p\u00fablicas y privadas, encuentros culturales, empresariales y ambientales. Docente en el \u00e1rea de televisi\u00f3n, relaciones internacionales y bloques econ\u00f3micos. Experto y conferencista en temas de marketing pol\u00edtico, marketing de ciudad, integraci\u00f3n cultural, TLC y desarrollo urban\u00edstico. E-mail: villotasantacruzcarlos@yahoo.com.co","url":"https:\/\/pagina10.com\/web\/author\/cvillota\/"}]}},"_links":{"self":[{"href":"https:\/\/pagina10.com\/web\/wp-json\/wp\/v2\/posts\/20401","targetHints":{"allow":["GET"]}}],"collection":[{"href":"https:\/\/pagina10.com\/web\/wp-json\/wp\/v2\/posts"}],"about":[{"href":"https:\/\/pagina10.com\/web\/wp-json\/wp\/v2\/types\/post"}],"author":[{"embeddable":true,"href":"https:\/\/pagina10.com\/web\/wp-json\/wp\/v2\/users\/38"}],"replies":[{"embeddable":true,"href":"https:\/\/pagina10.com\/web\/wp-json\/wp\/v2\/comments?post=20401"}],"version-history":[{"count":0,"href":"https:\/\/pagina10.com\/web\/wp-json\/wp\/v2\/posts\/20401\/revisions"}],"wp:featuredmedia":[{"embeddable":true,"href":"https:\/\/pagina10.com\/web\/wp-json\/wp\/v2\/media\/20400"}],"wp:attachment":[{"href":"https:\/\/pagina10.com\/web\/wp-json\/wp\/v2\/media?parent=20401"}],"wp:term":[{"taxonomy":"category","embeddable":true,"href":"https:\/\/pagina10.com\/web\/wp-json\/wp\/v2\/categories?post=20401"},{"taxonomy":"post_tag","embeddable":true,"href":"https:\/\/pagina10.com\/web\/wp-json\/wp\/v2\/tags?post=20401"}],"curies":[{"name":"wp","href":"https:\/\/api.w.org\/{rel}","templated":true}]}}