{"id":20406,"date":"2016-04-25T17:50:19","date_gmt":"2016-04-25T17:50:19","guid":{"rendered":"https:\/\/pagina10.com\/web\/bomberos-de-pasto-recibidos-como-heroes\/"},"modified":"2016-04-25T17:50:19","modified_gmt":"2016-04-25T17:50:19","slug":"bomberos-de-pasto-recibidos-como-heroes","status":"publish","type":"post","link":"https:\/\/pagina10.com\/web\/bomberos-de-pasto-recibidos-como-heroes\/","title":{"rendered":"Bomberos de Pasto recibidos como H\u00e9roes."},"content":{"rendered":"<p><img fetchpriority=\"high\" decoding=\"async\" class=\" size-full wp-image-20404\" src=\"https:\/\/pagina10.com\/web\/wp-content\/uploads\/2016\/04\/adec46c3408046690f2717b20cf7351e.jpg\" alt=\"\" width=\"616\" height=\"344\" srcset=\"https:\/\/pagina10.com\/web\/wp-content\/uploads\/2016\/04\/adec46c3408046690f2717b20cf7351e.jpg 616w, https:\/\/pagina10.com\/web\/wp-content\/uploads\/2016\/04\/adec46c3408046690f2717b20cf7351e-300x168.jpg 300w\" sizes=\"(max-width: 616px) 100vw, 616px\" \/><\/p>\n<p style=\"text-align: justify;\">El Gobernador de Nari\u00f1o, Camilo Romero recibi\u00f3, reconoci\u00f3 y felicit\u00f3 a viva voz al Cuerpo de Bomberos de Pasto, catalog\u00e1ndolos como h\u00e9roes por toda la gesti\u00f3n humana y profesional que realizaron durante los d\u00edas de rescate de las v\u00edctimas enterradas bajo los escombros de las ciudades localizadas en la costa pac\u00edfica del hermano Pa\u00eds del Ecuador, como consecuencia del terremoto de 6.7 en escala de Richter el pasado 16 de abril de 2016.&nbsp;<\/p>\n<p>  <!--more-->  <\/p>\n<p style=\"text-align: justify;\">Con una placa dirigida hacia los h\u00e9roes y embajadores del sur de Colombia, Teniente Ricardo Mendez, Sargento Mario Rosas, Sargento William Pascuas, Cabo Mauricio Moncayo, Cabo Carlos Guerrero Diaz, Bomberos: Mario Yela Rosero, Jairo Iba\u00f1es, Camilo Ordo\u00f1ez, Oscar Centeno Moreno, Geovanny Rosero, &nbsp;Richard M\u00e9ndez, &nbsp;Richard Espinoza, &nbsp;Jairo Ruiz, Juan Pedro Rodr\u00edguez, Javier Daza y al voluntario William Mora, el gobierno departamental exalt\u00f3 la ardua labor de este grupo que durante d\u00edas y noches hicieron un trabajo de excelencia en pro de rescatar y salvar vidas de muchas personas que vieron en cada una de sus acciones un gesto de humanidad.&nbsp;<\/p>\n<p><img decoding=\"async\" class=\" size-full wp-image-20405\" src=\"https:\/\/pagina10.com\/web\/wp-content\/uploads\/2016\/04\/Bomberospas.png\" width=\"587\" height=\"321\" alt=\"Bomberospas\" style=\"display: block; margin-left: auto; margin-right: auto;\" srcset=\"https:\/\/pagina10.com\/web\/wp-content\/uploads\/2016\/04\/Bomberospas.png 1041w, https:\/\/pagina10.com\/web\/wp-content\/uploads\/2016\/04\/Bomberospas-300x164.png 300w, https:\/\/pagina10.com\/web\/wp-content\/uploads\/2016\/04\/Bomberospas-1024x560.png 1024w, https:\/\/pagina10.com\/web\/wp-content\/uploads\/2016\/04\/Bomberospas-768x420.png 768w\" sizes=\"(max-width: 587px) 100vw, 587px\" \/><\/p>\n<p style=\"text-align: justify;\">&nbsp;<\/p>\n<p style=\"text-align: justify;\">A su vez Camilo Romero resalt\u00f3 la solidaridad de todos los nari\u00f1enses al realizar la donaci\u00f3n de v\u00edveres y elementos necesarios para mitigar de alguna manera la dif\u00edcil situaci\u00f3n de las personas afectadas por la cat\u00e1strofe natural. En un informe preliminar Romero manifest\u00f3 que durante los d\u00edas de recepci\u00f3n se lograron recolectar 108 toneladas de alimentos no perecederos, elementos de aseo y ropa y 3 toneladas de alimentos para mascotas, mismos que ser\u00e1n transportados y priorizados a las ciudades m\u00e1s afectadas por el terremoto.<\/p>\n<p style=\"text-align: justify;\">&nbsp;<\/p>\n<p style=\"text-align: justify;\">Voceros del Cuerpo de Bomberos de Pasto manifestaron su compromiso de mejorar todos los d\u00edas &nbsp;para servir con excelencia ya que reconocen que la regi\u00f3n nari\u00f1ense no est\u00e1 exenta de cualquier desastre natural, se\u00f1alando que el que sobrevive a un desastre natural no es el m\u00e1s fuerte sino el mejor preparado. &nbsp;<\/p>\n","protected":false},"excerpt":{"rendered":"<p>El Gobernador de Nari\u00f1o, Camilo Romero recibi\u00f3, reconoci\u00f3 y felicit\u00f3 a viva voz al Cuerpo de Bomberos de Pasto, catalog\u00e1ndolos como h\u00e9roes por toda la gesti\u00f3n humana y profesional que realizaron durante los d\u00edas de rescate de las v\u00edctimas enterradas bajo los escombros de las ciudades localizadas en la costa pac\u00edfica del hermano Pa\u00eds del [&hellip;]<\/p>\n","protected":false},"author":29,"featured_media":20404,"comment_status":"open","ping_status":"open","sticky":false,"template":"","format":"standard","meta":{"footnotes":""},"categories":[1],"tags":[],"class_list":["post-20406","post","type-post","status-publish","format-standard","has-post-thumbnail","hentry","category-sin-categoria"],"yoast_head":"<!-- This site is optimized with the Yoast SEO plugin v27.1.1 - https:\/\/yoast.com\/product\/yoast-seo-wordpress\/ -->\n<title>Bomberos de Pasto recibidos como H\u00e9roes. | P\u00e1gina10<\/title>\n<meta name=\"robots\" content=\"index, follow, max-snippet:-1, max-image-preview:large, max-video-preview:-1\" \/>\n<link rel=\"canonical\" href=\"https:\/\/pagina10.com\/web\/bomberos-de-pasto-recibidos-como-heroes\/\" \/>\n<meta property=\"og:locale\" content=\"es_ES\" \/>\n<meta property=\"og:type\" content=\"article\" \/>\n<meta property=\"og:title\" content=\"Bomberos de Pasto recibidos como H\u00e9roes. | P\u00e1gina10\" \/>\n<meta property=\"og:description\" content=\"El Gobernador de Nari\u00f1o, Camilo Romero recibi\u00f3, reconoci\u00f3 y felicit\u00f3 a viva voz al Cuerpo de Bomberos de Pasto, catalog\u00e1ndolos como h\u00e9roes por toda la gesti\u00f3n humana y profesional que realizaron durante los d\u00edas de rescate de las v\u00edctimas enterradas bajo los escombros de las ciudades localizadas en la costa pac\u00edfica del hermano Pa\u00eds del [&hellip;]\" \/>\n<meta property=\"og:url\" content=\"https:\/\/pagina10.com\/web\/bomberos-de-pasto-recibidos-como-heroes\/\" \/>\n<meta property=\"og:site_name\" content=\"P\u00e1gina10\" \/>\n<meta property=\"article:publisher\" content=\"https:\/\/www.facebook.com\/pag10com\" \/>\n<meta property=\"article:published_time\" content=\"2016-04-25T17:50:19+00:00\" \/>\n<meta property=\"og:image\" content=\"https:\/\/pagina10.com\/web\/wp-content\/uploads\/2016\/04\/adec46c3408046690f2717b20cf7351e.jpg\" \/>\n\t<meta property=\"og:image:width\" content=\"616\" \/>\n\t<meta property=\"og:image:height\" content=\"344\" \/>\n\t<meta property=\"og:image:type\" content=\"image\/jpeg\" \/>\n<meta name=\"author\" content=\"P\u00e1gina 10\" \/>\n<meta name=\"twitter:card\" content=\"summary_large_image\" \/>\n<meta name=\"twitter:creator\" content=\"@Pag10com\" \/>\n<meta name=\"twitter:site\" content=\"@Pag10com\" \/>\n<meta name=\"twitter:label1\" content=\"Escrito por\" \/>\n\t<meta name=\"twitter:data1\" content=\"P\u00e1gina 10\" \/>\n\t<meta name=\"twitter:label2\" content=\"Tiempo de lectura\" \/>\n\t<meta name=\"twitter:data2\" content=\"2 minutos\" \/>\n<script type=\"application\/ld+json\" class=\"yoast-schema-graph\">{\"@context\":\"https:\/\/schema.org\",\"@graph\":[{\"@type\":\"Article\",\"@id\":\"https:\/\/pagina10.com\/web\/bomberos-de-pasto-recibidos-como-heroes\/#article\",\"isPartOf\":{\"@id\":\"https:\/\/pagina10.com\/web\/bomberos-de-pasto-recibidos-como-heroes\/\"},\"author\":{\"name\":\"P\u00e1gina 10\",\"@id\":\"https:\/\/pagina10.com\/web\/#\/schema\/person\/a7a5d38f0629dfc107f619fbae4f6cc3\"},\"headline\":\"Bomberos de Pasto recibidos como H\u00e9roes.\",\"datePublished\":\"2016-04-25T17:50:19+00:00\",\"mainEntityOfPage\":{\"@id\":\"https:\/\/pagina10.com\/web\/bomberos-de-pasto-recibidos-como-heroes\/\"},\"wordCount\":348,\"commentCount\":0,\"publisher\":{\"@id\":\"https:\/\/pagina10.com\/web\/#organization\"},\"image\":{\"@id\":\"https:\/\/pagina10.com\/web\/bomberos-de-pasto-recibidos-como-heroes\/#primaryimage\"},\"thumbnailUrl\":\"https:\/\/pagina10.com\/web\/wp-content\/uploads\/2016\/04\/adec46c3408046690f2717b20cf7351e.jpg\",\"inLanguage\":\"es\",\"potentialAction\":[{\"@type\":\"CommentAction\",\"name\":\"Comment\",\"target\":[\"https:\/\/pagina10.com\/web\/bomberos-de-pasto-recibidos-como-heroes\/#respond\"]}]},{\"@type\":\"WebPage\",\"@id\":\"https:\/\/pagina10.com\/web\/bomberos-de-pasto-recibidos-como-heroes\/\",\"url\":\"https:\/\/pagina10.com\/web\/bomberos-de-pasto-recibidos-como-heroes\/\",\"name\":\"Bomberos de Pasto recibidos como H\u00e9roes. | P\u00e1gina10\",\"isPartOf\":{\"@id\":\"https:\/\/pagina10.com\/web\/#website\"},\"primaryImageOfPage\":{\"@id\":\"https:\/\/pagina10.com\/web\/bomberos-de-pasto-recibidos-como-heroes\/#primaryimage\"},\"image\":{\"@id\":\"https:\/\/pagina10.com\/web\/bomberos-de-pasto-recibidos-como-heroes\/#primaryimage\"},\"thumbnailUrl\":\"https:\/\/pagina10.com\/web\/wp-content\/uploads\/2016\/04\/adec46c3408046690f2717b20cf7351e.jpg\",\"datePublished\":\"2016-04-25T17:50:19+00:00\",\"breadcrumb\":{\"@id\":\"https:\/\/pagina10.com\/web\/bomberos-de-pasto-recibidos-como-heroes\/#breadcrumb\"},\"inLanguage\":\"es\",\"potentialAction\":[{\"@type\":\"ReadAction\",\"target\":[\"https:\/\/pagina10.com\/web\/bomberos-de-pasto-recibidos-como-heroes\/\"]}]},{\"@type\":\"ImageObject\",\"inLanguage\":\"es\",\"@id\":\"https:\/\/pagina10.com\/web\/bomberos-de-pasto-recibidos-como-heroes\/#primaryimage\",\"url\":\"https:\/\/pagina10.com\/web\/wp-content\/uploads\/2016\/04\/adec46c3408046690f2717b20cf7351e.jpg\",\"contentUrl\":\"https:\/\/pagina10.com\/web\/wp-content\/uploads\/2016\/04\/adec46c3408046690f2717b20cf7351e.jpg\",\"width\":616,\"height\":344},{\"@type\":\"BreadcrumbList\",\"@id\":\"https:\/\/pagina10.com\/web\/bomberos-de-pasto-recibidos-como-heroes\/#breadcrumb\",\"itemListElement\":[{\"@type\":\"ListItem\",\"position\":1,\"name\":\"Portada\",\"item\":\"https:\/\/pagina10.com\/web\/\"},{\"@type\":\"ListItem\",\"position\":2,\"name\":\"Bomberos de Pasto recibidos como H\u00e9roes.\"}]},{\"@type\":\"WebSite\",\"@id\":\"https:\/\/pagina10.com\/web\/#website\",\"url\":\"https:\/\/pagina10.com\/web\/\",\"name\":\"P\u00e1gina10\",\"description\":\"Peri\u00f3dico Regional\",\"publisher\":{\"@id\":\"https:\/\/pagina10.com\/web\/#organization\"},\"alternateName\":\"P\u00e1gina10 Peri\u00f3dico Regional\",\"potentialAction\":[{\"@type\":\"SearchAction\",\"target\":{\"@type\":\"EntryPoint\",\"urlTemplate\":\"https:\/\/pagina10.com\/web\/?s={search_term_string}\"},\"query-input\":{\"@type\":\"PropertyValueSpecification\",\"valueRequired\":true,\"valueName\":\"search_term_string\"}}],\"inLanguage\":\"es\"},{\"@type\":\"Organization\",\"@id\":\"https:\/\/pagina10.com\/web\/#organization\",\"name\":\"P\u00e1gina10\",\"alternateName\":\"P\u00e1gina10 Peri\u00f3dico Regional\",\"url\":\"https:\/\/pagina10.com\/web\/\",\"logo\":{\"@type\":\"ImageObject\",\"inLanguage\":\"es\",\"@id\":\"https:\/\/pagina10.com\/web\/#\/schema\/logo\/image\/\",\"url\":\"https:\/\/pagina10.com\/web\/wp-content\/uploads\/2024\/01\/40-pagina-10-periodico-regional-pasto.jpg\",\"contentUrl\":\"https:\/\/pagina10.com\/web\/wp-content\/uploads\/2024\/01\/40-pagina-10-periodico-regional-pasto.jpg\",\"width\":1280,\"height\":720,\"caption\":\"P\u00e1gina10\"},\"image\":{\"@id\":\"https:\/\/pagina10.com\/web\/#\/schema\/logo\/image\/\"},\"sameAs\":[\"https:\/\/www.facebook.com\/pag10com\",\"https:\/\/x.com\/Pag10com\",\"https:\/\/www.instagram.com\/pagina10col\/\",\"https:\/\/youtube.com\/channel\/pag10\",\"https:\/\/www.tiktok.com\/@p10col\"]},{\"@type\":\"Person\",\"@id\":\"https:\/\/pagina10.com\/web\/#\/schema\/person\/a7a5d38f0629dfc107f619fbae4f6cc3\",\"name\":\"P\u00e1gina 10\",\"description\":\"P\u00e1gina10.com es un peri\u00f3dico digital que nace en Colombia, en el departamento de Nari\u00f1o, con un enfoque global, fundamentado en cuatro pilares esenciales: la libertad, el pluralismo, la inclusi\u00f3n y la independencia. P\u00e1gina10.com hace referencia a Nari\u00f1o como el d\u00e9cimo departamento creado en Colombia, despu\u00e9s de un proceso pol\u00edtico liderado por actores y actrices regionales con el fin de obtener la independencia y autonom\u00eda de nuestros territorios. Con la creaci\u00f3n de P\u00e1gina10.com se pretende abrir un escenario para el dialogo, la reflexi\u00f3n y el debate que se extienda a otras geograf\u00edas de Am\u00e9rica Latina y del planeta, en una apuesta por transformar colectivamente los desaf\u00edos de un mundo contempor\u00e1neo, m\u00e1s all\u00e1 de las fronteras impuestas.\",\"url\":\"https:\/\/pagina10.com\/web\/author\/mcepeda\/\"}]}<\/script>\n<!-- \/ Yoast SEO plugin. -->","yoast_head_json":{"title":"Bomberos de Pasto recibidos como H\u00e9roes. | P\u00e1gina10","robots":{"index":"index","follow":"follow","max-snippet":"max-snippet:-1","max-image-preview":"max-image-preview:large","max-video-preview":"max-video-preview:-1"},"canonical":"https:\/\/pagina10.com\/web\/bomberos-de-pasto-recibidos-como-heroes\/","og_locale":"es_ES","og_type":"article","og_title":"Bomberos de Pasto recibidos como H\u00e9roes. | P\u00e1gina10","og_description":"El Gobernador de Nari\u00f1o, Camilo Romero recibi\u00f3, reconoci\u00f3 y felicit\u00f3 a viva voz al Cuerpo de Bomberos de Pasto, catalog\u00e1ndolos como h\u00e9roes por toda la gesti\u00f3n humana y profesional que realizaron durante los d\u00edas de rescate de las v\u00edctimas enterradas bajo los escombros de las ciudades localizadas en la costa pac\u00edfica del hermano Pa\u00eds del [&hellip;]","og_url":"https:\/\/pagina10.com\/web\/bomberos-de-pasto-recibidos-como-heroes\/","og_site_name":"P\u00e1gina10","article_publisher":"https:\/\/www.facebook.com\/pag10com","article_published_time":"2016-04-25T17:50:19+00:00","og_image":[{"width":616,"height":344,"url":"https:\/\/pagina10.com\/web\/wp-content\/uploads\/2016\/04\/adec46c3408046690f2717b20cf7351e.jpg","type":"image\/jpeg"}],"author":"P\u00e1gina 10","twitter_card":"summary_large_image","twitter_creator":"@Pag10com","twitter_site":"@Pag10com","twitter_misc":{"Escrito por":"P\u00e1gina 10","Tiempo de lectura":"2 minutos"},"schema":{"@context":"https:\/\/schema.org","@graph":[{"@type":"Article","@id":"https:\/\/pagina10.com\/web\/bomberos-de-pasto-recibidos-como-heroes\/#article","isPartOf":{"@id":"https:\/\/pagina10.com\/web\/bomberos-de-pasto-recibidos-como-heroes\/"},"author":{"name":"P\u00e1gina 10","@id":"https:\/\/pagina10.com\/web\/#\/schema\/person\/a7a5d38f0629dfc107f619fbae4f6cc3"},"headline":"Bomberos de Pasto recibidos como H\u00e9roes.","datePublished":"2016-04-25T17:50:19+00:00","mainEntityOfPage":{"@id":"https:\/\/pagina10.com\/web\/bomberos-de-pasto-recibidos-como-heroes\/"},"wordCount":348,"commentCount":0,"publisher":{"@id":"https:\/\/pagina10.com\/web\/#organization"},"image":{"@id":"https:\/\/pagina10.com\/web\/bomberos-de-pasto-recibidos-como-heroes\/#primaryimage"},"thumbnailUrl":"https:\/\/pagina10.com\/web\/wp-content\/uploads\/2016\/04\/adec46c3408046690f2717b20cf7351e.jpg","inLanguage":"es","potentialAction":[{"@type":"CommentAction","name":"Comment","target":["https:\/\/pagina10.com\/web\/bomberos-de-pasto-recibidos-como-heroes\/#respond"]}]},{"@type":"WebPage","@id":"https:\/\/pagina10.com\/web\/bomberos-de-pasto-recibidos-como-heroes\/","url":"https:\/\/pagina10.com\/web\/bomberos-de-pasto-recibidos-como-heroes\/","name":"Bomberos de Pasto recibidos como H\u00e9roes. | P\u00e1gina10","isPartOf":{"@id":"https:\/\/pagina10.com\/web\/#website"},"primaryImageOfPage":{"@id":"https:\/\/pagina10.com\/web\/bomberos-de-pasto-recibidos-como-heroes\/#primaryimage"},"image":{"@id":"https:\/\/pagina10.com\/web\/bomberos-de-pasto-recibidos-como-heroes\/#primaryimage"},"thumbnailUrl":"https:\/\/pagina10.com\/web\/wp-content\/uploads\/2016\/04\/adec46c3408046690f2717b20cf7351e.jpg","datePublished":"2016-04-25T17:50:19+00:00","breadcrumb":{"@id":"https:\/\/pagina10.com\/web\/bomberos-de-pasto-recibidos-como-heroes\/#breadcrumb"},"inLanguage":"es","potentialAction":[{"@type":"ReadAction","target":["https:\/\/pagina10.com\/web\/bomberos-de-pasto-recibidos-como-heroes\/"]}]},{"@type":"ImageObject","inLanguage":"es","@id":"https:\/\/pagina10.com\/web\/bomberos-de-pasto-recibidos-como-heroes\/#primaryimage","url":"https:\/\/pagina10.com\/web\/wp-content\/uploads\/2016\/04\/adec46c3408046690f2717b20cf7351e.jpg","contentUrl":"https:\/\/pagina10.com\/web\/wp-content\/uploads\/2016\/04\/adec46c3408046690f2717b20cf7351e.jpg","width":616,"height":344},{"@type":"BreadcrumbList","@id":"https:\/\/pagina10.com\/web\/bomberos-de-pasto-recibidos-como-heroes\/#breadcrumb","itemListElement":[{"@type":"ListItem","position":1,"name":"Portada","item":"https:\/\/pagina10.com\/web\/"},{"@type":"ListItem","position":2,"name":"Bomberos de Pasto recibidos como H\u00e9roes."}]},{"@type":"WebSite","@id":"https:\/\/pagina10.com\/web\/#website","url":"https:\/\/pagina10.com\/web\/","name":"P\u00e1gina10","description":"Peri\u00f3dico Regional","publisher":{"@id":"https:\/\/pagina10.com\/web\/#organization"},"alternateName":"P\u00e1gina10 Peri\u00f3dico Regional","potentialAction":[{"@type":"SearchAction","target":{"@type":"EntryPoint","urlTemplate":"https:\/\/pagina10.com\/web\/?s={search_term_string}"},"query-input":{"@type":"PropertyValueSpecification","valueRequired":true,"valueName":"search_term_string"}}],"inLanguage":"es"},{"@type":"Organization","@id":"https:\/\/pagina10.com\/web\/#organization","name":"P\u00e1gina10","alternateName":"P\u00e1gina10 Peri\u00f3dico Regional","url":"https:\/\/pagina10.com\/web\/","logo":{"@type":"ImageObject","inLanguage":"es","@id":"https:\/\/pagina10.com\/web\/#\/schema\/logo\/image\/","url":"https:\/\/pagina10.com\/web\/wp-content\/uploads\/2024\/01\/40-pagina-10-periodico-regional-pasto.jpg","contentUrl":"https:\/\/pagina10.com\/web\/wp-content\/uploads\/2024\/01\/40-pagina-10-periodico-regional-pasto.jpg","width":1280,"height":720,"caption":"P\u00e1gina10"},"image":{"@id":"https:\/\/pagina10.com\/web\/#\/schema\/logo\/image\/"},"sameAs":["https:\/\/www.facebook.com\/pag10com","https:\/\/x.com\/Pag10com","https:\/\/www.instagram.com\/pagina10col\/","https:\/\/youtube.com\/channel\/pag10","https:\/\/www.tiktok.com\/@p10col"]},{"@type":"Person","@id":"https:\/\/pagina10.com\/web\/#\/schema\/person\/a7a5d38f0629dfc107f619fbae4f6cc3","name":"P\u00e1gina 10","description":"P\u00e1gina10.com es un peri\u00f3dico digital que nace en Colombia, en el departamento de Nari\u00f1o, con un enfoque global, fundamentado en cuatro pilares esenciales: la libertad, el pluralismo, la inclusi\u00f3n y la independencia. P\u00e1gina10.com hace referencia a Nari\u00f1o como el d\u00e9cimo departamento creado en Colombia, despu\u00e9s de un proceso pol\u00edtico liderado por actores y actrices regionales con el fin de obtener la independencia y autonom\u00eda de nuestros territorios. Con la creaci\u00f3n de P\u00e1gina10.com se pretende abrir un escenario para el dialogo, la reflexi\u00f3n y el debate que se extienda a otras geograf\u00edas de Am\u00e9rica Latina y del planeta, en una apuesta por transformar colectivamente los desaf\u00edos de un mundo contempor\u00e1neo, m\u00e1s all\u00e1 de las fronteras impuestas.","url":"https:\/\/pagina10.com\/web\/author\/mcepeda\/"}]}},"_links":{"self":[{"href":"https:\/\/pagina10.com\/web\/wp-json\/wp\/v2\/posts\/20406","targetHints":{"allow":["GET"]}}],"collection":[{"href":"https:\/\/pagina10.com\/web\/wp-json\/wp\/v2\/posts"}],"about":[{"href":"https:\/\/pagina10.com\/web\/wp-json\/wp\/v2\/types\/post"}],"author":[{"embeddable":true,"href":"https:\/\/pagina10.com\/web\/wp-json\/wp\/v2\/users\/29"}],"replies":[{"embeddable":true,"href":"https:\/\/pagina10.com\/web\/wp-json\/wp\/v2\/comments?post=20406"}],"version-history":[{"count":0,"href":"https:\/\/pagina10.com\/web\/wp-json\/wp\/v2\/posts\/20406\/revisions"}],"wp:featuredmedia":[{"embeddable":true,"href":"https:\/\/pagina10.com\/web\/wp-json\/wp\/v2\/media\/20404"}],"wp:attachment":[{"href":"https:\/\/pagina10.com\/web\/wp-json\/wp\/v2\/media?parent=20406"}],"wp:term":[{"taxonomy":"category","embeddable":true,"href":"https:\/\/pagina10.com\/web\/wp-json\/wp\/v2\/categories?post=20406"},{"taxonomy":"post_tag","embeddable":true,"href":"https:\/\/pagina10.com\/web\/wp-json\/wp\/v2\/tags?post=20406"}],"curies":[{"name":"wp","href":"https:\/\/api.w.org\/{rel}","templated":true}]}}