{"id":20410,"date":"2016-04-25T19:18:49","date_gmt":"2016-04-25T19:18:49","guid":{"rendered":"https:\/\/pagina10.com\/web\/adelante-presidente-correa\/"},"modified":"2016-04-25T19:18:49","modified_gmt":"2016-04-25T19:18:49","slug":"adelante-presidente-correa","status":"publish","type":"post","link":"https:\/\/pagina10.com\/web\/adelante-presidente-correa\/","title":{"rendered":"\u00a1Adelante, presidente Correa!"},"content":{"rendered":"<p><img fetchpriority=\"high\" decoding=\"async\" class=\" size-full wp-image-20409\" src=\"https:\/\/pagina10.com\/web\/wp-content\/uploads\/2016\/04\/2cd52091756750cb4d466107b44105e7.jpg\" alt=\"\" width=\"960\" height=\"367\" srcset=\"https:\/\/pagina10.com\/web\/wp-content\/uploads\/2016\/04\/2cd52091756750cb4d466107b44105e7.jpg 960w, https:\/\/pagina10.com\/web\/wp-content\/uploads\/2016\/04\/2cd52091756750cb4d466107b44105e7-300x115.jpg 300w, https:\/\/pagina10.com\/web\/wp-content\/uploads\/2016\/04\/2cd52091756750cb4d466107b44105e7-768x294.jpg 768w\" sizes=\"(max-width: 960px) 100vw, 960px\" \/><\/p>\n<p style=\"text-align: justify;\">A ra\u00edz del terremoto del 16 de abril que afect\u00f3 considerablemente la costa ecuatoriana, algunos medios de comunicaci\u00f3n en una acci\u00f3n perversa buscan sacar beneficios pol\u00edticos desprestigiando la gesti\u00f3n del presidente Rafael Correa. Es penoso ver c\u00f3mo han tratado de mancillar su imagen haciendo p\u00fablico un video editado, donde el presidente llama a la calma, que se tranquilicen porque llegan varios buques cargados de ayudas. Agrega que al que grite lo manda a detener; es apenas elemental que en ese estado de crisis que quien promueva el desorden perjudica enormemente la repartici\u00f3n de las ayudas humanitarias. En ese acto el presidente es aplaudido por los habitantes de Esmeraldas, pero los monstruos de la comunicaci\u00f3n como la BBC omiten los aplausos.<\/p>\n<p style=\"text-align: justify;\">&nbsp;<\/p>\n<p style=\"text-align: justify;\">Las im\u00e1genes que se han reproducido en las redes sociales muestran a un Correa muy solidario, cargando cajas, repartiendo comida con una olla gigante, trapeando, sudando la gota gorda resultado de jornadas intensas. Pero a los medios de comunicaci\u00f3n al servicio del capital transnacional no les gusta esa actitud solidaria, y lo que hacen es venirse lanza en ristre contra uno de los presidentes latinoamericanos que goza de gran popularidad.<\/p>\n<p style=\"text-align: justify;\">&nbsp;<\/p>\n<p style=\"text-align: justify;\">Debemos recordar que Rafael Correa llega a la presidencia en un periodo de gran inestabilidad pol\u00edtica y social en el Ecuador, donde varios presidentes no alcanzaron a cumplir su periodo constitucional por actos de corrupci\u00f3n y falta de capacidad de trazar pol\u00edticas en favor de la poblaci\u00f3n ind\u00edgena y sectores populares.<\/p>\n<p style=\"text-align: justify;\">&nbsp;<\/p>\n<p style=\"text-align: justify;\">Correa fue nombrado Ministro de Econom\u00eda y Finanzas en el gobierno de Alfredo Palacio. Sin embargo, frente a la pol\u00edtica entreguista del presidente, Correa se opone a la firma de un tratado de libre comercio con los Estados Unidos, teniendo en cuenta que va en menoscabo de la econom\u00eda de la naci\u00f3n suramericana. Renuncia para manifestar su descontento con la pol\u00edtica de Palacio, habiendo ocupado la cartera ministerial por un tiempo de apenas cuatro meses.<\/p>\n<p style=\"text-align: justify;\">&nbsp;<\/p>\n<p style=\"text-align: justify;\">En el 2006 denuncia ante el pa\u00eds las pretensiones del Fondo Monetario Internacional, proponiendo la emisi\u00f3n de bonos. Esta actitud le vali\u00f3 para ser postulado a la presidencia y ganar en segunda vuelta con un margen m\u00ednimo para ser declarado como jefe de Estado de la naci\u00f3n ecuatoriana.<\/p>\n<p style=\"text-align: justify;\">&nbsp;<\/p>\n<p style=\"text-align: justify;\">Se debe tener en cuenta su condici\u00f3n humilde que vivi\u00f3 en su ni\u00f1ez, donde tuvo muchas limitaciones debido a la ausencia de su padre por haber sido condenado a prisi\u00f3n en los Estados Unidos. Su madre tuvo que hacerse cargo de los cuatro hijos, y mientras tanto, Rafael ten\u00eda que entregar almuerzos a domicilio, los mismos que preparaba su madre para el sostenimiento familiar.<\/p>\n<p style=\"text-align: justify;\">&nbsp;<\/p>\n<p style=\"text-align: justify;\">Sin embargo, acad\u00e9micamente fue brillante, puesto que la mayor parte de su carrera la hizo a trav\u00e9s de becas obtenidas por su gran desempe\u00f1o, como es el caso de sus estudios realizados en la Universidad Cat\u00f3lica de Lovaina, B\u00e9lgica; como tambi\u00e9n la beca otorgada por la Universidad de San Francisco de Quito para que adelantara estudios doctorales en la Universidad de Illinois, en los Estados Unidos.<\/p>\n<p style=\"text-align: justify;\">&nbsp;<\/p>\n<p style=\"text-align: justify;\">Para los que lo critican no crean que Correa es poca mecha, es hecho a pulso con dedicaci\u00f3n. Es un presidente que busca el beneficio para los amplios sectores populares, y no para la oligarqu\u00eda que siempre ha gobernado nuestras naciones.<\/p>\n<p style=\"text-align: justify;\">&nbsp;<\/p>\n<p style=\"text-align: justify;\">Una de las gestiones que han beneficiado a Colombia fue su mediaci\u00f3n con Venezuela a ra\u00edz del conflicto con la naci\u00f3n vecina. Pero el acto m\u00e1s grande y heroico fue la solidaridad que materializ\u00f3 con los habitantes de Hait\u00ed a ra\u00edz del terremoto en el que le cost\u00f3 la vida a m\u00e1s de 220.000 muertos y 1.2 millones de damnificados, siendo presidente de la Unasur, solicit\u00f3 un cr\u00e9dito por 200 millones de d\u00f3lares para la reconstrucci\u00f3n del pa\u00eds caribe\u00f1o.<\/p>\n<p style=\"text-align: justify;\">&nbsp;<\/p>\n<p style=\"text-align: justify;\">Pero tambi\u00e9n la alta inversi\u00f3n en educaci\u00f3n con el fortalecimiento de varias universidades p\u00fablicas y la creaci\u00f3n de la Universidad Yachay, en el cant\u00f3n Urcuqui, en la norte\u00f1a provincia de Imbabura, es la primera en Suram\u00e9rica dedicada a la investigaci\u00f3n cient\u00edfica y a la tecnolog\u00eda experimental.<\/p>\n<p style=\"text-align: justify;\">&nbsp;<\/p>\n<p style=\"text-align: justify;\">La infraestructura vial es una de las mejores de Latinoam\u00e9rica con v\u00edas de cuarta generaci\u00f3n y el nuevo aeropuerto Mariscal Sucre con una infraestructura muy moderna.<\/p>\n<p style=\"text-align: justify;\">&nbsp;<\/p>\n<p style=\"text-align: justify;\">Medios de comunicaci\u00f3n como RCN y Caracol, en Colombia, y la BBC creen que lo que hacen los aut\u00e9nticos gobernantes con arraigo popular no es bueno, buscan destruirlo a punta de difamaciones y calumnias, haci\u00e9ndole creer a la gente que estos infames tienen la raz\u00f3n.&nbsp;<\/p>\n","protected":false},"excerpt":{"rendered":"<p>A ra\u00edz del terremoto del 16 de abril que afect\u00f3 considerablemente la costa ecuatoriana, algunos medios de comunicaci\u00f3n en una acci\u00f3n perversa buscan sacar beneficios pol\u00edticos desprestigiando la gesti\u00f3n del presidente Rafael Correa. Es penoso ver c\u00f3mo han tratado de mancillar su imagen haciendo p\u00fablico un video editado, donde el presidente llama a la calma, [&hellip;]<\/p>\n","protected":false},"author":65,"featured_media":20409,"comment_status":"open","ping_status":"open","sticky":false,"template":"","format":"standard","meta":{"footnotes":""},"categories":[1],"tags":[],"class_list":["post-20410","post","type-post","status-publish","format-standard","has-post-thumbnail","hentry","category-sin-categoria"],"yoast_head":"<!-- This site is optimized with the Yoast SEO plugin v27.1.1 - https:\/\/yoast.com\/product\/yoast-seo-wordpress\/ -->\n<title>\u00a1Adelante, presidente Correa! | P\u00e1gina10<\/title>\n<meta name=\"robots\" content=\"index, follow, max-snippet:-1, max-image-preview:large, max-video-preview:-1\" \/>\n<link rel=\"canonical\" href=\"https:\/\/pagina10.com\/web\/adelante-presidente-correa\/\" \/>\n<meta property=\"og:locale\" content=\"es_ES\" \/>\n<meta property=\"og:type\" content=\"article\" \/>\n<meta property=\"og:title\" content=\"\u00a1Adelante, presidente Correa! | P\u00e1gina10\" \/>\n<meta property=\"og:description\" content=\"A ra\u00edz del terremoto del 16 de abril que afect\u00f3 considerablemente la costa ecuatoriana, algunos medios de comunicaci\u00f3n en una acci\u00f3n perversa buscan sacar beneficios pol\u00edticos desprestigiando la gesti\u00f3n del presidente Rafael Correa. Es penoso ver c\u00f3mo han tratado de mancillar su imagen haciendo p\u00fablico un video editado, donde el presidente llama a la calma, [&hellip;]\" \/>\n<meta property=\"og:url\" content=\"https:\/\/pagina10.com\/web\/adelante-presidente-correa\/\" \/>\n<meta property=\"og:site_name\" content=\"P\u00e1gina10\" \/>\n<meta property=\"article:publisher\" content=\"https:\/\/www.facebook.com\/pag10com\" \/>\n<meta property=\"article:published_time\" content=\"2016-04-25T19:18:49+00:00\" \/>\n<meta property=\"og:image\" content=\"https:\/\/pagina10.com\/web\/wp-content\/uploads\/2016\/04\/2cd52091756750cb4d466107b44105e7.jpg\" \/>\n\t<meta property=\"og:image:width\" content=\"960\" \/>\n\t<meta property=\"og:image:height\" content=\"367\" \/>\n\t<meta property=\"og:image:type\" content=\"image\/jpeg\" \/>\n<meta name=\"author\" content=\"Anibal Ar\u00e9valo Rosero\" \/>\n<meta name=\"twitter:card\" content=\"summary_large_image\" \/>\n<meta name=\"twitter:creator\" content=\"@Pag10com\" \/>\n<meta name=\"twitter:site\" content=\"@Pag10com\" \/>\n<meta name=\"twitter:label1\" content=\"Escrito por\" \/>\n\t<meta name=\"twitter:data1\" content=\"Anibal Ar\u00e9valo Rosero\" \/>\n\t<meta name=\"twitter:label2\" content=\"Tiempo de lectura\" \/>\n\t<meta name=\"twitter:data2\" content=\"4 minutos\" \/>\n<script type=\"application\/ld+json\" class=\"yoast-schema-graph\">{\"@context\":\"https:\/\/schema.org\",\"@graph\":[{\"@type\":\"Article\",\"@id\":\"https:\/\/pagina10.com\/web\/adelante-presidente-correa\/#article\",\"isPartOf\":{\"@id\":\"https:\/\/pagina10.com\/web\/adelante-presidente-correa\/\"},\"author\":{\"name\":\"Anibal Ar\u00e9valo Rosero\",\"@id\":\"https:\/\/pagina10.com\/web\/#\/schema\/person\/9ec3e2b432363a195d2d01bf820c66fe\"},\"headline\":\"\u00a1Adelante, presidente Correa!\",\"datePublished\":\"2016-04-25T19:18:49+00:00\",\"mainEntityOfPage\":{\"@id\":\"https:\/\/pagina10.com\/web\/adelante-presidente-correa\/\"},\"wordCount\":807,\"commentCount\":0,\"publisher\":{\"@id\":\"https:\/\/pagina10.com\/web\/#organization\"},\"image\":{\"@id\":\"https:\/\/pagina10.com\/web\/adelante-presidente-correa\/#primaryimage\"},\"thumbnailUrl\":\"https:\/\/pagina10.com\/web\/wp-content\/uploads\/2016\/04\/2cd52091756750cb4d466107b44105e7.jpg\",\"inLanguage\":\"es\",\"potentialAction\":[{\"@type\":\"CommentAction\",\"name\":\"Comment\",\"target\":[\"https:\/\/pagina10.com\/web\/adelante-presidente-correa\/#respond\"]}]},{\"@type\":\"WebPage\",\"@id\":\"https:\/\/pagina10.com\/web\/adelante-presidente-correa\/\",\"url\":\"https:\/\/pagina10.com\/web\/adelante-presidente-correa\/\",\"name\":\"\u00a1Adelante, presidente Correa! | P\u00e1gina10\",\"isPartOf\":{\"@id\":\"https:\/\/pagina10.com\/web\/#website\"},\"primaryImageOfPage\":{\"@id\":\"https:\/\/pagina10.com\/web\/adelante-presidente-correa\/#primaryimage\"},\"image\":{\"@id\":\"https:\/\/pagina10.com\/web\/adelante-presidente-correa\/#primaryimage\"},\"thumbnailUrl\":\"https:\/\/pagina10.com\/web\/wp-content\/uploads\/2016\/04\/2cd52091756750cb4d466107b44105e7.jpg\",\"datePublished\":\"2016-04-25T19:18:49+00:00\",\"breadcrumb\":{\"@id\":\"https:\/\/pagina10.com\/web\/adelante-presidente-correa\/#breadcrumb\"},\"inLanguage\":\"es\",\"potentialAction\":[{\"@type\":\"ReadAction\",\"target\":[\"https:\/\/pagina10.com\/web\/adelante-presidente-correa\/\"]}]},{\"@type\":\"ImageObject\",\"inLanguage\":\"es\",\"@id\":\"https:\/\/pagina10.com\/web\/adelante-presidente-correa\/#primaryimage\",\"url\":\"https:\/\/pagina10.com\/web\/wp-content\/uploads\/2016\/04\/2cd52091756750cb4d466107b44105e7.jpg\",\"contentUrl\":\"https:\/\/pagina10.com\/web\/wp-content\/uploads\/2016\/04\/2cd52091756750cb4d466107b44105e7.jpg\",\"width\":960,\"height\":367},{\"@type\":\"BreadcrumbList\",\"@id\":\"https:\/\/pagina10.com\/web\/adelante-presidente-correa\/#breadcrumb\",\"itemListElement\":[{\"@type\":\"ListItem\",\"position\":1,\"name\":\"Portada\",\"item\":\"https:\/\/pagina10.com\/web\/\"},{\"@type\":\"ListItem\",\"position\":2,\"name\":\"\u00a1Adelante, presidente Correa!\"}]},{\"@type\":\"WebSite\",\"@id\":\"https:\/\/pagina10.com\/web\/#website\",\"url\":\"https:\/\/pagina10.com\/web\/\",\"name\":\"P\u00e1gina10\",\"description\":\"Peri\u00f3dico Regional\",\"publisher\":{\"@id\":\"https:\/\/pagina10.com\/web\/#organization\"},\"alternateName\":\"P\u00e1gina10 Peri\u00f3dico Regional\",\"potentialAction\":[{\"@type\":\"SearchAction\",\"target\":{\"@type\":\"EntryPoint\",\"urlTemplate\":\"https:\/\/pagina10.com\/web\/?s={search_term_string}\"},\"query-input\":{\"@type\":\"PropertyValueSpecification\",\"valueRequired\":true,\"valueName\":\"search_term_string\"}}],\"inLanguage\":\"es\"},{\"@type\":\"Organization\",\"@id\":\"https:\/\/pagina10.com\/web\/#organization\",\"name\":\"P\u00e1gina10\",\"alternateName\":\"P\u00e1gina10 Peri\u00f3dico Regional\",\"url\":\"https:\/\/pagina10.com\/web\/\",\"logo\":{\"@type\":\"ImageObject\",\"inLanguage\":\"es\",\"@id\":\"https:\/\/pagina10.com\/web\/#\/schema\/logo\/image\/\",\"url\":\"https:\/\/pagina10.com\/web\/wp-content\/uploads\/2024\/01\/40-pagina-10-periodico-regional-pasto.jpg\",\"contentUrl\":\"https:\/\/pagina10.com\/web\/wp-content\/uploads\/2024\/01\/40-pagina-10-periodico-regional-pasto.jpg\",\"width\":1280,\"height\":720,\"caption\":\"P\u00e1gina10\"},\"image\":{\"@id\":\"https:\/\/pagina10.com\/web\/#\/schema\/logo\/image\/\"},\"sameAs\":[\"https:\/\/www.facebook.com\/pag10com\",\"https:\/\/x.com\/Pag10com\",\"https:\/\/www.instagram.com\/pagina10col\/\",\"https:\/\/youtube.com\/channel\/pag10\",\"https:\/\/www.tiktok.com\/@p10col\"]},{\"@type\":\"Person\",\"@id\":\"https:\/\/pagina10.com\/web\/#\/schema\/person\/9ec3e2b432363a195d2d01bf820c66fe\",\"name\":\"Anibal Ar\u00e9valo Rosero\",\"description\":\"An\u00edbal Ar\u00e9valo Rosero a trav\u00e9s de su vida ha realizado diversas actividades tendientes a reivindicar al ser humano en su conciencia plena. Durante su vida ha hecho teatro, a escrito poes\u00eda y en sus tiempos de universitario realiz\u00f3 varias publicaciones entre las que se recuerda la revista Quinde. Junto con otros compa\u00f1eros fund\u00f3 el Taller Cultural El Cueche, equipo con el que se hicieron varias publicaciones. De este mismo grupo hay que resaltar que se hizo un trabajo pionero en la difusi\u00f3n de la m\u00fasica andina, latinoamericana y del caribe. Despu\u00e9s de terminar sus estudios de biolog\u00eda en la Universidad de Nari\u00f1o entr\u00f3 a laborar en emisoras de la ciudad de Pasto como en RCN, donde se desempe\u00f1aba como locutor de planta. Dirigi\u00f3 programas en la extinta Ondas del Mayo, en varias oportunidades; tambi\u00e9n en Ecos de Pasto. Fue colaborador de el Noticias RCN y dirigi\u00f3 el programa Simana al D\u00eda, del Sindicato del Magisterio de Nari\u00f1o, en dos \u00e9pocas. En el a\u00f1o de 1992 funda el Comit\u00e9 de Solidaridad con Cuba Jos\u00e9 Mart\u00ed, cuyo objetivo era divulgar la realidad cubana y expresar apoyo moral, pol\u00edtico y material al pa\u00eds caribe\u00f1o. Ante la mala interpretaci\u00f3n que la gente le daba a este tipo de acciones, se decide promover viajes de solidad a Cuba para participar en la Brigada Latinoamericana de Trabajo Voluntario, en el Festival Cuba Vive y, de manera especia,l en el 14 Festival Mundial de la Juventud y los Estudiantes, que se desarroll\u00f3 en la isla en el a\u00f1o de 1997. Con esta experiencia impulsa el turismo al pa\u00eds caribe\u00f1o con el resultado de que miles de personas han participado de las excursiones organizadas por Ar\u00e9valo Rosero. Asimismo ha venido impulsando las Brigadas de Salud en Cuba, tendiente a llevar pacientes de c\u00e1ncer a ese destino con el fin de que reciban atenci\u00f3n m\u00e9dica, teniendo en cuenta que la experiencia cubana en el tema ha sido bastante favorable. Veinte a\u00f1os despu\u00e9s de estas nutritivas experiencias, le permiten impulsar excursiones adem\u00e1s a M\u00e9xico, Machu Picchu, Argentina, Ecuador, Panam\u00e1 y Tierra Santa. En cuanto al desempe\u00f1o period\u00edstico, adem\u00e1s de los medios radiales y de televisi\u00f3n, en los canales de la universidades de Nari\u00f1o y Mariana, se ha desempe\u00f1ado como columnista en Diario del Sur durante 6 a\u00f1os y en algunos medios virtuales. Tambi\u00e9n es colaborador de el Diario del Cauca. Considera que la pr\u00e1ctica de la lectura es beber de la fuente nutricia que permite apropiarse de manera consciente del ejercicio de la democracia; y la posibilidad de escribir y ser le\u00eddo, acceder al poder, por que considera la palabra como el mayor instrumento de acci\u00f3n cuando est\u00e1 bien encamina al leg\u00edtimo servicio social. En la actualidad adem\u00e1s de so\u00f1ar con viajar por el mundo se desempe\u00f1a como docente del departamento de ciencias de Inem Luis Delf\u00edn Insuasty de Pasto. Correo: Esta direcci\u00f3n de correo electr\u00f3nico est\u00e1 protegida contra spambots. Usted necesita tener Javascript activado para poder verla.\\\" target=\\\"_blank\\\" style=\\\"color: #1155cc; text-align: justify; font-family: arial, sans-serif; font-size: 13px; line-height: normal;\\\"&gt;fundacionecosofia@gmail.com\",\"url\":\"https:\/\/pagina10.com\/web\/author\/anibal\/\"}]}<\/script>\n<!-- \/ Yoast SEO plugin. -->","yoast_head_json":{"title":"\u00a1Adelante, presidente Correa! | P\u00e1gina10","robots":{"index":"index","follow":"follow","max-snippet":"max-snippet:-1","max-image-preview":"max-image-preview:large","max-video-preview":"max-video-preview:-1"},"canonical":"https:\/\/pagina10.com\/web\/adelante-presidente-correa\/","og_locale":"es_ES","og_type":"article","og_title":"\u00a1Adelante, presidente Correa! | P\u00e1gina10","og_description":"A ra\u00edz del terremoto del 16 de abril que afect\u00f3 considerablemente la costa ecuatoriana, algunos medios de comunicaci\u00f3n en una acci\u00f3n perversa buscan sacar beneficios pol\u00edticos desprestigiando la gesti\u00f3n del presidente Rafael Correa. Es penoso ver c\u00f3mo han tratado de mancillar su imagen haciendo p\u00fablico un video editado, donde el presidente llama a la calma, [&hellip;]","og_url":"https:\/\/pagina10.com\/web\/adelante-presidente-correa\/","og_site_name":"P\u00e1gina10","article_publisher":"https:\/\/www.facebook.com\/pag10com","article_published_time":"2016-04-25T19:18:49+00:00","og_image":[{"width":960,"height":367,"url":"https:\/\/pagina10.com\/web\/wp-content\/uploads\/2016\/04\/2cd52091756750cb4d466107b44105e7.jpg","type":"image\/jpeg"}],"author":"Anibal Ar\u00e9valo Rosero","twitter_card":"summary_large_image","twitter_creator":"@Pag10com","twitter_site":"@Pag10com","twitter_misc":{"Escrito por":"Anibal Ar\u00e9valo Rosero","Tiempo de lectura":"4 minutos"},"schema":{"@context":"https:\/\/schema.org","@graph":[{"@type":"Article","@id":"https:\/\/pagina10.com\/web\/adelante-presidente-correa\/#article","isPartOf":{"@id":"https:\/\/pagina10.com\/web\/adelante-presidente-correa\/"},"author":{"name":"Anibal Ar\u00e9valo Rosero","@id":"https:\/\/pagina10.com\/web\/#\/schema\/person\/9ec3e2b432363a195d2d01bf820c66fe"},"headline":"\u00a1Adelante, presidente Correa!","datePublished":"2016-04-25T19:18:49+00:00","mainEntityOfPage":{"@id":"https:\/\/pagina10.com\/web\/adelante-presidente-correa\/"},"wordCount":807,"commentCount":0,"publisher":{"@id":"https:\/\/pagina10.com\/web\/#organization"},"image":{"@id":"https:\/\/pagina10.com\/web\/adelante-presidente-correa\/#primaryimage"},"thumbnailUrl":"https:\/\/pagina10.com\/web\/wp-content\/uploads\/2016\/04\/2cd52091756750cb4d466107b44105e7.jpg","inLanguage":"es","potentialAction":[{"@type":"CommentAction","name":"Comment","target":["https:\/\/pagina10.com\/web\/adelante-presidente-correa\/#respond"]}]},{"@type":"WebPage","@id":"https:\/\/pagina10.com\/web\/adelante-presidente-correa\/","url":"https:\/\/pagina10.com\/web\/adelante-presidente-correa\/","name":"\u00a1Adelante, presidente Correa! | P\u00e1gina10","isPartOf":{"@id":"https:\/\/pagina10.com\/web\/#website"},"primaryImageOfPage":{"@id":"https:\/\/pagina10.com\/web\/adelante-presidente-correa\/#primaryimage"},"image":{"@id":"https:\/\/pagina10.com\/web\/adelante-presidente-correa\/#primaryimage"},"thumbnailUrl":"https:\/\/pagina10.com\/web\/wp-content\/uploads\/2016\/04\/2cd52091756750cb4d466107b44105e7.jpg","datePublished":"2016-04-25T19:18:49+00:00","breadcrumb":{"@id":"https:\/\/pagina10.com\/web\/adelante-presidente-correa\/#breadcrumb"},"inLanguage":"es","potentialAction":[{"@type":"ReadAction","target":["https:\/\/pagina10.com\/web\/adelante-presidente-correa\/"]}]},{"@type":"ImageObject","inLanguage":"es","@id":"https:\/\/pagina10.com\/web\/adelante-presidente-correa\/#primaryimage","url":"https:\/\/pagina10.com\/web\/wp-content\/uploads\/2016\/04\/2cd52091756750cb4d466107b44105e7.jpg","contentUrl":"https:\/\/pagina10.com\/web\/wp-content\/uploads\/2016\/04\/2cd52091756750cb4d466107b44105e7.jpg","width":960,"height":367},{"@type":"BreadcrumbList","@id":"https:\/\/pagina10.com\/web\/adelante-presidente-correa\/#breadcrumb","itemListElement":[{"@type":"ListItem","position":1,"name":"Portada","item":"https:\/\/pagina10.com\/web\/"},{"@type":"ListItem","position":2,"name":"\u00a1Adelante, presidente Correa!"}]},{"@type":"WebSite","@id":"https:\/\/pagina10.com\/web\/#website","url":"https:\/\/pagina10.com\/web\/","name":"P\u00e1gina10","description":"Peri\u00f3dico Regional","publisher":{"@id":"https:\/\/pagina10.com\/web\/#organization"},"alternateName":"P\u00e1gina10 Peri\u00f3dico Regional","potentialAction":[{"@type":"SearchAction","target":{"@type":"EntryPoint","urlTemplate":"https:\/\/pagina10.com\/web\/?s={search_term_string}"},"query-input":{"@type":"PropertyValueSpecification","valueRequired":true,"valueName":"search_term_string"}}],"inLanguage":"es"},{"@type":"Organization","@id":"https:\/\/pagina10.com\/web\/#organization","name":"P\u00e1gina10","alternateName":"P\u00e1gina10 Peri\u00f3dico Regional","url":"https:\/\/pagina10.com\/web\/","logo":{"@type":"ImageObject","inLanguage":"es","@id":"https:\/\/pagina10.com\/web\/#\/schema\/logo\/image\/","url":"https:\/\/pagina10.com\/web\/wp-content\/uploads\/2024\/01\/40-pagina-10-periodico-regional-pasto.jpg","contentUrl":"https:\/\/pagina10.com\/web\/wp-content\/uploads\/2024\/01\/40-pagina-10-periodico-regional-pasto.jpg","width":1280,"height":720,"caption":"P\u00e1gina10"},"image":{"@id":"https:\/\/pagina10.com\/web\/#\/schema\/logo\/image\/"},"sameAs":["https:\/\/www.facebook.com\/pag10com","https:\/\/x.com\/Pag10com","https:\/\/www.instagram.com\/pagina10col\/","https:\/\/youtube.com\/channel\/pag10","https:\/\/www.tiktok.com\/@p10col"]},{"@type":"Person","@id":"https:\/\/pagina10.com\/web\/#\/schema\/person\/9ec3e2b432363a195d2d01bf820c66fe","name":"Anibal Ar\u00e9valo Rosero","description":"An\u00edbal Ar\u00e9valo Rosero a trav\u00e9s de su vida ha realizado diversas actividades tendientes a reivindicar al ser humano en su conciencia plena. Durante su vida ha hecho teatro, a escrito poes\u00eda y en sus tiempos de universitario realiz\u00f3 varias publicaciones entre las que se recuerda la revista Quinde. Junto con otros compa\u00f1eros fund\u00f3 el Taller Cultural El Cueche, equipo con el que se hicieron varias publicaciones. De este mismo grupo hay que resaltar que se hizo un trabajo pionero en la difusi\u00f3n de la m\u00fasica andina, latinoamericana y del caribe. Despu\u00e9s de terminar sus estudios de biolog\u00eda en la Universidad de Nari\u00f1o entr\u00f3 a laborar en emisoras de la ciudad de Pasto como en RCN, donde se desempe\u00f1aba como locutor de planta. Dirigi\u00f3 programas en la extinta Ondas del Mayo, en varias oportunidades; tambi\u00e9n en Ecos de Pasto. Fue colaborador de el Noticias RCN y dirigi\u00f3 el programa Simana al D\u00eda, del Sindicato del Magisterio de Nari\u00f1o, en dos \u00e9pocas. En el a\u00f1o de 1992 funda el Comit\u00e9 de Solidaridad con Cuba Jos\u00e9 Mart\u00ed, cuyo objetivo era divulgar la realidad cubana y expresar apoyo moral, pol\u00edtico y material al pa\u00eds caribe\u00f1o. Ante la mala interpretaci\u00f3n que la gente le daba a este tipo de acciones, se decide promover viajes de solidad a Cuba para participar en la Brigada Latinoamericana de Trabajo Voluntario, en el Festival Cuba Vive y, de manera especia,l en el 14 Festival Mundial de la Juventud y los Estudiantes, que se desarroll\u00f3 en la isla en el a\u00f1o de 1997. Con esta experiencia impulsa el turismo al pa\u00eds caribe\u00f1o con el resultado de que miles de personas han participado de las excursiones organizadas por Ar\u00e9valo Rosero. Asimismo ha venido impulsando las Brigadas de Salud en Cuba, tendiente a llevar pacientes de c\u00e1ncer a ese destino con el fin de que reciban atenci\u00f3n m\u00e9dica, teniendo en cuenta que la experiencia cubana en el tema ha sido bastante favorable. Veinte a\u00f1os despu\u00e9s de estas nutritivas experiencias, le permiten impulsar excursiones adem\u00e1s a M\u00e9xico, Machu Picchu, Argentina, Ecuador, Panam\u00e1 y Tierra Santa. En cuanto al desempe\u00f1o period\u00edstico, adem\u00e1s de los medios radiales y de televisi\u00f3n, en los canales de la universidades de Nari\u00f1o y Mariana, se ha desempe\u00f1ado como columnista en Diario del Sur durante 6 a\u00f1os y en algunos medios virtuales. Tambi\u00e9n es colaborador de el Diario del Cauca. Considera que la pr\u00e1ctica de la lectura es beber de la fuente nutricia que permite apropiarse de manera consciente del ejercicio de la democracia; y la posibilidad de escribir y ser le\u00eddo, acceder al poder, por que considera la palabra como el mayor instrumento de acci\u00f3n cuando est\u00e1 bien encamina al leg\u00edtimo servicio social. En la actualidad adem\u00e1s de so\u00f1ar con viajar por el mundo se desempe\u00f1a como docente del departamento de ciencias de Inem Luis Delf\u00edn Insuasty de Pasto. Correo: Esta direcci\u00f3n de correo electr\u00f3nico est\u00e1 protegida contra spambots. Usted necesita tener Javascript activado para poder verla.\" target=\"_blank\" style=\"color: #1155cc; text-align: justify; font-family: arial, sans-serif; font-size: 13px; line-height: normal;\"&gt;fundacionecosofia@gmail.com","url":"https:\/\/pagina10.com\/web\/author\/anibal\/"}]}},"_links":{"self":[{"href":"https:\/\/pagina10.com\/web\/wp-json\/wp\/v2\/posts\/20410","targetHints":{"allow":["GET"]}}],"collection":[{"href":"https:\/\/pagina10.com\/web\/wp-json\/wp\/v2\/posts"}],"about":[{"href":"https:\/\/pagina10.com\/web\/wp-json\/wp\/v2\/types\/post"}],"author":[{"embeddable":true,"href":"https:\/\/pagina10.com\/web\/wp-json\/wp\/v2\/users\/65"}],"replies":[{"embeddable":true,"href":"https:\/\/pagina10.com\/web\/wp-json\/wp\/v2\/comments?post=20410"}],"version-history":[{"count":0,"href":"https:\/\/pagina10.com\/web\/wp-json\/wp\/v2\/posts\/20410\/revisions"}],"wp:featuredmedia":[{"embeddable":true,"href":"https:\/\/pagina10.com\/web\/wp-json\/wp\/v2\/media\/20409"}],"wp:attachment":[{"href":"https:\/\/pagina10.com\/web\/wp-json\/wp\/v2\/media?parent=20410"}],"wp:term":[{"taxonomy":"category","embeddable":true,"href":"https:\/\/pagina10.com\/web\/wp-json\/wp\/v2\/categories?post=20410"},{"taxonomy":"post_tag","embeddable":true,"href":"https:\/\/pagina10.com\/web\/wp-json\/wp\/v2\/tags?post=20410"}],"curies":[{"name":"wp","href":"https:\/\/api.w.org\/{rel}","templated":true}]}}