{"id":20412,"date":"2016-04-25T19:31:32","date_gmt":"2016-04-25T19:31:32","guid":{"rendered":"https:\/\/pagina10.com\/web\/ecuador-sede-de-los-dialogos-entre-el-gobierno-santos-y-el-eln\/"},"modified":"2016-04-25T19:31:32","modified_gmt":"2016-04-25T19:31:32","slug":"ecuador-sede-de-los-dialogos-entre-el-gobierno-santos-y-el-eln","status":"publish","type":"post","link":"https:\/\/pagina10.com\/web\/ecuador-sede-de-los-dialogos-entre-el-gobierno-santos-y-el-eln\/","title":{"rendered":"Ecuador: sede de los di\u00e1logos entre el Gobierno Santos y el ELN"},"content":{"rendered":"<p><img fetchpriority=\"high\" decoding=\"async\" class=\" size-full wp-image-20411\" src=\"https:\/\/pagina10.com\/web\/wp-content\/uploads\/2016\/04\/3b330f6e26abba020db441569a6b4a31.jpg\" alt=\"\" width=\"745\" height=\"333\" srcset=\"https:\/\/pagina10.com\/web\/wp-content\/uploads\/2016\/04\/3b330f6e26abba020db441569a6b4a31.jpg 745w, https:\/\/pagina10.com\/web\/wp-content\/uploads\/2016\/04\/3b330f6e26abba020db441569a6b4a31-300x134.jpg 300w\" sizes=\"(max-width: 745px) 100vw, 745px\" \/><\/p>\n<div style=\"text-align: justify;\">El Gobierno de Colombia oficializ\u00f3 desde Manta &#8211; Ecuador la apertura de los di\u00e1logos con la guerrilla del ELN, con el apoyo de su hom\u00f3logo del vecino Pa\u00eds.&nbsp;As\u00ed se desprende de la conferencia de prensa que realiz\u00f3 el presidente Juan Manuel Santos y su par de Ecuador Rafael Correa, al entregar ayuda humanitaria a los damnificados del terreno que sacudi\u00f3 al pa\u00eds andino, cuya etapa de reconstrucci\u00f3n se inicia este lunes 25 de abril.<\/div>\n<p>  <!--more-->  <\/p>\n<div style=\"text-align: justify;\">El ELN es la segunda guerrilla de Colombia, cuenta con unos 2.500 combatientes \u2013 frente a los 8.000 de la comunista Farc- y centra su actividad en las zonas mineras y petroleras del pa\u00eds.&nbsp;Su comandante, Nicol\u00e1s Rodr\u00edguez Bautista \u2013alias Gabino- pertenece a esta guerrilla desde que era ni\u00f1o -13 a\u00f1os y ha promovido una agenda nacionalista y centrada en los recursos naturales.<\/div>\n<div style=\"text-align: justify;\">&nbsp;<\/div>\n<div style=\"text-align: justify;\">Esta guerrilla ha realizado sin \u00e9xito en el pasado dos intentos de paz. Uno a principios de 1990&nbsp; bajo el Gobierno del entonces presidente C\u00e9sar Gaviria (1190-1994) y otro durante el gobierno del ex presidente Alvaro Uribe 2002-2010, hoy senador de la Rep\u00fablica.<\/div>\n<div style=\"text-align: justify;\">&nbsp;<\/div>\n<div dir=\"ltr\" style=\"text-align: justify;\">En palabras del presidente Santos, el inicio de los di\u00e1logos con el ELN en Ecuador \u2013si se cristaliza y llega a buen puerto- impactar\u00e1 de manera positiva en la regi\u00f3n \u2013Am\u00e9rica Latina-<\/div>\n","protected":false},"excerpt":{"rendered":"<p>El Gobierno de Colombia oficializ\u00f3 desde Manta &#8211; Ecuador la apertura de los di\u00e1logos con la guerrilla del ELN, con el apoyo de su hom\u00f3logo del vecino Pa\u00eds.&nbsp;As\u00ed se desprende de la conferencia de prensa que realiz\u00f3 el presidente Juan Manuel Santos y su par de Ecuador Rafael Correa, al entregar ayuda humanitaria a los [&hellip;]<\/p>\n","protected":false},"author":38,"featured_media":20411,"comment_status":"open","ping_status":"open","sticky":false,"template":"","format":"standard","meta":{"footnotes":""},"categories":[1],"tags":[],"class_list":["post-20412","post","type-post","status-publish","format-standard","has-post-thumbnail","hentry","category-sin-categoria"],"yoast_head":"<!-- This site is optimized with the Yoast SEO plugin v27.1.1 - https:\/\/yoast.com\/product\/yoast-seo-wordpress\/ -->\n<title>Ecuador: sede de los di\u00e1logos entre el Gobierno Santos y el ELN | P\u00e1gina10<\/title>\n<meta name=\"robots\" content=\"index, follow, max-snippet:-1, max-image-preview:large, max-video-preview:-1\" \/>\n<link rel=\"canonical\" href=\"https:\/\/pagina10.com\/web\/ecuador-sede-de-los-dialogos-entre-el-gobierno-santos-y-el-eln\/\" \/>\n<meta property=\"og:locale\" content=\"es_ES\" \/>\n<meta property=\"og:type\" content=\"article\" \/>\n<meta property=\"og:title\" content=\"Ecuador: sede de los di\u00e1logos entre el Gobierno Santos y el ELN | P\u00e1gina10\" \/>\n<meta property=\"og:description\" content=\"El Gobierno de Colombia oficializ\u00f3 desde Manta &#8211; Ecuador la apertura de los di\u00e1logos con la guerrilla del ELN, con el apoyo de su hom\u00f3logo del vecino Pa\u00eds.&nbsp;As\u00ed se desprende de la conferencia de prensa que realiz\u00f3 el presidente Juan Manuel Santos y su par de Ecuador Rafael Correa, al entregar ayuda humanitaria a los [&hellip;]\" \/>\n<meta property=\"og:url\" content=\"https:\/\/pagina10.com\/web\/ecuador-sede-de-los-dialogos-entre-el-gobierno-santos-y-el-eln\/\" \/>\n<meta property=\"og:site_name\" content=\"P\u00e1gina10\" \/>\n<meta property=\"article:publisher\" content=\"https:\/\/www.facebook.com\/pag10com\" \/>\n<meta property=\"article:published_time\" content=\"2016-04-25T19:31:32+00:00\" \/>\n<meta property=\"og:image\" content=\"https:\/\/pagina10.com\/web\/wp-content\/uploads\/2016\/04\/3b330f6e26abba020db441569a6b4a31.jpg\" \/>\n\t<meta property=\"og:image:width\" content=\"745\" \/>\n\t<meta property=\"og:image:height\" content=\"333\" \/>\n\t<meta property=\"og:image:type\" content=\"image\/jpeg\" \/>\n<meta name=\"author\" content=\"Carlos Villota Santacruz.\" \/>\n<meta name=\"twitter:card\" content=\"summary_large_image\" \/>\n<meta name=\"twitter:creator\" content=\"@Pag10com\" \/>\n<meta name=\"twitter:site\" content=\"@Pag10com\" \/>\n<meta name=\"twitter:label1\" content=\"Escrito por\" \/>\n\t<meta name=\"twitter:data1\" content=\"Carlos Villota Santacruz.\" \/>\n\t<meta name=\"twitter:label2\" content=\"Tiempo de lectura\" \/>\n\t<meta name=\"twitter:data2\" content=\"1 minuto\" \/>\n<script type=\"application\/ld+json\" class=\"yoast-schema-graph\">{\"@context\":\"https:\/\/schema.org\",\"@graph\":[{\"@type\":\"Article\",\"@id\":\"https:\/\/pagina10.com\/web\/ecuador-sede-de-los-dialogos-entre-el-gobierno-santos-y-el-eln\/#article\",\"isPartOf\":{\"@id\":\"https:\/\/pagina10.com\/web\/ecuador-sede-de-los-dialogos-entre-el-gobierno-santos-y-el-eln\/\"},\"author\":{\"name\":\"Carlos Villota Santacruz.\",\"@id\":\"https:\/\/pagina10.com\/web\/#\/schema\/person\/b459e2d15ec5ba9d5a2c9a81c71c4f7b\"},\"headline\":\"Ecuador: sede de los di\u00e1logos entre el Gobierno Santos y el ELN\",\"datePublished\":\"2016-04-25T19:31:32+00:00\",\"mainEntityOfPage\":{\"@id\":\"https:\/\/pagina10.com\/web\/ecuador-sede-de-los-dialogos-entre-el-gobierno-santos-y-el-eln\/\"},\"wordCount\":241,\"commentCount\":0,\"publisher\":{\"@id\":\"https:\/\/pagina10.com\/web\/#organization\"},\"image\":{\"@id\":\"https:\/\/pagina10.com\/web\/ecuador-sede-de-los-dialogos-entre-el-gobierno-santos-y-el-eln\/#primaryimage\"},\"thumbnailUrl\":\"https:\/\/pagina10.com\/web\/wp-content\/uploads\/2016\/04\/3b330f6e26abba020db441569a6b4a31.jpg\",\"inLanguage\":\"es\",\"potentialAction\":[{\"@type\":\"CommentAction\",\"name\":\"Comment\",\"target\":[\"https:\/\/pagina10.com\/web\/ecuador-sede-de-los-dialogos-entre-el-gobierno-santos-y-el-eln\/#respond\"]}]},{\"@type\":\"WebPage\",\"@id\":\"https:\/\/pagina10.com\/web\/ecuador-sede-de-los-dialogos-entre-el-gobierno-santos-y-el-eln\/\",\"url\":\"https:\/\/pagina10.com\/web\/ecuador-sede-de-los-dialogos-entre-el-gobierno-santos-y-el-eln\/\",\"name\":\"Ecuador: sede de los di\u00e1logos entre el Gobierno Santos y el ELN | P\u00e1gina10\",\"isPartOf\":{\"@id\":\"https:\/\/pagina10.com\/web\/#website\"},\"primaryImageOfPage\":{\"@id\":\"https:\/\/pagina10.com\/web\/ecuador-sede-de-los-dialogos-entre-el-gobierno-santos-y-el-eln\/#primaryimage\"},\"image\":{\"@id\":\"https:\/\/pagina10.com\/web\/ecuador-sede-de-los-dialogos-entre-el-gobierno-santos-y-el-eln\/#primaryimage\"},\"thumbnailUrl\":\"https:\/\/pagina10.com\/web\/wp-content\/uploads\/2016\/04\/3b330f6e26abba020db441569a6b4a31.jpg\",\"datePublished\":\"2016-04-25T19:31:32+00:00\",\"breadcrumb\":{\"@id\":\"https:\/\/pagina10.com\/web\/ecuador-sede-de-los-dialogos-entre-el-gobierno-santos-y-el-eln\/#breadcrumb\"},\"inLanguage\":\"es\",\"potentialAction\":[{\"@type\":\"ReadAction\",\"target\":[\"https:\/\/pagina10.com\/web\/ecuador-sede-de-los-dialogos-entre-el-gobierno-santos-y-el-eln\/\"]}]},{\"@type\":\"ImageObject\",\"inLanguage\":\"es\",\"@id\":\"https:\/\/pagina10.com\/web\/ecuador-sede-de-los-dialogos-entre-el-gobierno-santos-y-el-eln\/#primaryimage\",\"url\":\"https:\/\/pagina10.com\/web\/wp-content\/uploads\/2016\/04\/3b330f6e26abba020db441569a6b4a31.jpg\",\"contentUrl\":\"https:\/\/pagina10.com\/web\/wp-content\/uploads\/2016\/04\/3b330f6e26abba020db441569a6b4a31.jpg\",\"width\":745,\"height\":333},{\"@type\":\"BreadcrumbList\",\"@id\":\"https:\/\/pagina10.com\/web\/ecuador-sede-de-los-dialogos-entre-el-gobierno-santos-y-el-eln\/#breadcrumb\",\"itemListElement\":[{\"@type\":\"ListItem\",\"position\":1,\"name\":\"Portada\",\"item\":\"https:\/\/pagina10.com\/web\/\"},{\"@type\":\"ListItem\",\"position\":2,\"name\":\"Ecuador: sede de los di\u00e1logos entre el Gobierno Santos y el ELN\"}]},{\"@type\":\"WebSite\",\"@id\":\"https:\/\/pagina10.com\/web\/#website\",\"url\":\"https:\/\/pagina10.com\/web\/\",\"name\":\"P\u00e1gina10\",\"description\":\"Peri\u00f3dico Regional\",\"publisher\":{\"@id\":\"https:\/\/pagina10.com\/web\/#organization\"},\"alternateName\":\"P\u00e1gina10 Peri\u00f3dico Regional\",\"potentialAction\":[{\"@type\":\"SearchAction\",\"target\":{\"@type\":\"EntryPoint\",\"urlTemplate\":\"https:\/\/pagina10.com\/web\/?s={search_term_string}\"},\"query-input\":{\"@type\":\"PropertyValueSpecification\",\"valueRequired\":true,\"valueName\":\"search_term_string\"}}],\"inLanguage\":\"es\"},{\"@type\":\"Organization\",\"@id\":\"https:\/\/pagina10.com\/web\/#organization\",\"name\":\"P\u00e1gina10\",\"alternateName\":\"P\u00e1gina10 Peri\u00f3dico Regional\",\"url\":\"https:\/\/pagina10.com\/web\/\",\"logo\":{\"@type\":\"ImageObject\",\"inLanguage\":\"es\",\"@id\":\"https:\/\/pagina10.com\/web\/#\/schema\/logo\/image\/\",\"url\":\"https:\/\/pagina10.com\/web\/wp-content\/uploads\/2024\/01\/40-pagina-10-periodico-regional-pasto.jpg\",\"contentUrl\":\"https:\/\/pagina10.com\/web\/wp-content\/uploads\/2024\/01\/40-pagina-10-periodico-regional-pasto.jpg\",\"width\":1280,\"height\":720,\"caption\":\"P\u00e1gina10\"},\"image\":{\"@id\":\"https:\/\/pagina10.com\/web\/#\/schema\/logo\/image\/\"},\"sameAs\":[\"https:\/\/www.facebook.com\/pag10com\",\"https:\/\/x.com\/Pag10com\",\"https:\/\/www.instagram.com\/pagina10col\/\",\"https:\/\/youtube.com\/channel\/pag10\",\"https:\/\/www.tiktok.com\/@p10col\"]},{\"@type\":\"Person\",\"@id\":\"https:\/\/pagina10.com\/web\/#\/schema\/person\/b459e2d15ec5ba9d5a2c9a81c71c4f7b\",\"name\":\"Carlos Villota Santacruz.\",\"description\":\"Internacionalista-Comunicador Social y Periodista. Experto en Comunicaci\u00f3n para el desarrollo y ciudad-regi\u00f3n.. Promotor de proyectos e investigaci\u00f3n comunicativa en radio, prensa y televisi\u00f3n. Experiencia en el manejo de imagen externa, interna y protocolaria de entidades p\u00fablicas y privadas, encuentros culturales, empresariales y ambientales. Docente en el \u00e1rea de televisi\u00f3n, relaciones internacionales y bloques econ\u00f3micos. Experto y conferencista en temas de marketing pol\u00edtico, marketing de ciudad, integraci\u00f3n cultural, TLC y desarrollo urban\u00edstico. E-mail: villotasantacruzcarlos@yahoo.com.co\",\"url\":\"https:\/\/pagina10.com\/web\/author\/cvillota\/\"}]}<\/script>\n<!-- \/ Yoast SEO plugin. -->","yoast_head_json":{"title":"Ecuador: sede de los di\u00e1logos entre el Gobierno Santos y el ELN | P\u00e1gina10","robots":{"index":"index","follow":"follow","max-snippet":"max-snippet:-1","max-image-preview":"max-image-preview:large","max-video-preview":"max-video-preview:-1"},"canonical":"https:\/\/pagina10.com\/web\/ecuador-sede-de-los-dialogos-entre-el-gobierno-santos-y-el-eln\/","og_locale":"es_ES","og_type":"article","og_title":"Ecuador: sede de los di\u00e1logos entre el Gobierno Santos y el ELN | P\u00e1gina10","og_description":"El Gobierno de Colombia oficializ\u00f3 desde Manta &#8211; Ecuador la apertura de los di\u00e1logos con la guerrilla del ELN, con el apoyo de su hom\u00f3logo del vecino Pa\u00eds.&nbsp;As\u00ed se desprende de la conferencia de prensa que realiz\u00f3 el presidente Juan Manuel Santos y su par de Ecuador Rafael Correa, al entregar ayuda humanitaria a los [&hellip;]","og_url":"https:\/\/pagina10.com\/web\/ecuador-sede-de-los-dialogos-entre-el-gobierno-santos-y-el-eln\/","og_site_name":"P\u00e1gina10","article_publisher":"https:\/\/www.facebook.com\/pag10com","article_published_time":"2016-04-25T19:31:32+00:00","og_image":[{"width":745,"height":333,"url":"https:\/\/pagina10.com\/web\/wp-content\/uploads\/2016\/04\/3b330f6e26abba020db441569a6b4a31.jpg","type":"image\/jpeg"}],"author":"Carlos Villota Santacruz.","twitter_card":"summary_large_image","twitter_creator":"@Pag10com","twitter_site":"@Pag10com","twitter_misc":{"Escrito por":"Carlos Villota Santacruz.","Tiempo de lectura":"1 minuto"},"schema":{"@context":"https:\/\/schema.org","@graph":[{"@type":"Article","@id":"https:\/\/pagina10.com\/web\/ecuador-sede-de-los-dialogos-entre-el-gobierno-santos-y-el-eln\/#article","isPartOf":{"@id":"https:\/\/pagina10.com\/web\/ecuador-sede-de-los-dialogos-entre-el-gobierno-santos-y-el-eln\/"},"author":{"name":"Carlos Villota Santacruz.","@id":"https:\/\/pagina10.com\/web\/#\/schema\/person\/b459e2d15ec5ba9d5a2c9a81c71c4f7b"},"headline":"Ecuador: sede de los di\u00e1logos entre el Gobierno Santos y el ELN","datePublished":"2016-04-25T19:31:32+00:00","mainEntityOfPage":{"@id":"https:\/\/pagina10.com\/web\/ecuador-sede-de-los-dialogos-entre-el-gobierno-santos-y-el-eln\/"},"wordCount":241,"commentCount":0,"publisher":{"@id":"https:\/\/pagina10.com\/web\/#organization"},"image":{"@id":"https:\/\/pagina10.com\/web\/ecuador-sede-de-los-dialogos-entre-el-gobierno-santos-y-el-eln\/#primaryimage"},"thumbnailUrl":"https:\/\/pagina10.com\/web\/wp-content\/uploads\/2016\/04\/3b330f6e26abba020db441569a6b4a31.jpg","inLanguage":"es","potentialAction":[{"@type":"CommentAction","name":"Comment","target":["https:\/\/pagina10.com\/web\/ecuador-sede-de-los-dialogos-entre-el-gobierno-santos-y-el-eln\/#respond"]}]},{"@type":"WebPage","@id":"https:\/\/pagina10.com\/web\/ecuador-sede-de-los-dialogos-entre-el-gobierno-santos-y-el-eln\/","url":"https:\/\/pagina10.com\/web\/ecuador-sede-de-los-dialogos-entre-el-gobierno-santos-y-el-eln\/","name":"Ecuador: sede de los di\u00e1logos entre el Gobierno Santos y el ELN | P\u00e1gina10","isPartOf":{"@id":"https:\/\/pagina10.com\/web\/#website"},"primaryImageOfPage":{"@id":"https:\/\/pagina10.com\/web\/ecuador-sede-de-los-dialogos-entre-el-gobierno-santos-y-el-eln\/#primaryimage"},"image":{"@id":"https:\/\/pagina10.com\/web\/ecuador-sede-de-los-dialogos-entre-el-gobierno-santos-y-el-eln\/#primaryimage"},"thumbnailUrl":"https:\/\/pagina10.com\/web\/wp-content\/uploads\/2016\/04\/3b330f6e26abba020db441569a6b4a31.jpg","datePublished":"2016-04-25T19:31:32+00:00","breadcrumb":{"@id":"https:\/\/pagina10.com\/web\/ecuador-sede-de-los-dialogos-entre-el-gobierno-santos-y-el-eln\/#breadcrumb"},"inLanguage":"es","potentialAction":[{"@type":"ReadAction","target":["https:\/\/pagina10.com\/web\/ecuador-sede-de-los-dialogos-entre-el-gobierno-santos-y-el-eln\/"]}]},{"@type":"ImageObject","inLanguage":"es","@id":"https:\/\/pagina10.com\/web\/ecuador-sede-de-los-dialogos-entre-el-gobierno-santos-y-el-eln\/#primaryimage","url":"https:\/\/pagina10.com\/web\/wp-content\/uploads\/2016\/04\/3b330f6e26abba020db441569a6b4a31.jpg","contentUrl":"https:\/\/pagina10.com\/web\/wp-content\/uploads\/2016\/04\/3b330f6e26abba020db441569a6b4a31.jpg","width":745,"height":333},{"@type":"BreadcrumbList","@id":"https:\/\/pagina10.com\/web\/ecuador-sede-de-los-dialogos-entre-el-gobierno-santos-y-el-eln\/#breadcrumb","itemListElement":[{"@type":"ListItem","position":1,"name":"Portada","item":"https:\/\/pagina10.com\/web\/"},{"@type":"ListItem","position":2,"name":"Ecuador: sede de los di\u00e1logos entre el Gobierno Santos y el ELN"}]},{"@type":"WebSite","@id":"https:\/\/pagina10.com\/web\/#website","url":"https:\/\/pagina10.com\/web\/","name":"P\u00e1gina10","description":"Peri\u00f3dico Regional","publisher":{"@id":"https:\/\/pagina10.com\/web\/#organization"},"alternateName":"P\u00e1gina10 Peri\u00f3dico Regional","potentialAction":[{"@type":"SearchAction","target":{"@type":"EntryPoint","urlTemplate":"https:\/\/pagina10.com\/web\/?s={search_term_string}"},"query-input":{"@type":"PropertyValueSpecification","valueRequired":true,"valueName":"search_term_string"}}],"inLanguage":"es"},{"@type":"Organization","@id":"https:\/\/pagina10.com\/web\/#organization","name":"P\u00e1gina10","alternateName":"P\u00e1gina10 Peri\u00f3dico Regional","url":"https:\/\/pagina10.com\/web\/","logo":{"@type":"ImageObject","inLanguage":"es","@id":"https:\/\/pagina10.com\/web\/#\/schema\/logo\/image\/","url":"https:\/\/pagina10.com\/web\/wp-content\/uploads\/2024\/01\/40-pagina-10-periodico-regional-pasto.jpg","contentUrl":"https:\/\/pagina10.com\/web\/wp-content\/uploads\/2024\/01\/40-pagina-10-periodico-regional-pasto.jpg","width":1280,"height":720,"caption":"P\u00e1gina10"},"image":{"@id":"https:\/\/pagina10.com\/web\/#\/schema\/logo\/image\/"},"sameAs":["https:\/\/www.facebook.com\/pag10com","https:\/\/x.com\/Pag10com","https:\/\/www.instagram.com\/pagina10col\/","https:\/\/youtube.com\/channel\/pag10","https:\/\/www.tiktok.com\/@p10col"]},{"@type":"Person","@id":"https:\/\/pagina10.com\/web\/#\/schema\/person\/b459e2d15ec5ba9d5a2c9a81c71c4f7b","name":"Carlos Villota Santacruz.","description":"Internacionalista-Comunicador Social y Periodista. Experto en Comunicaci\u00f3n para el desarrollo y ciudad-regi\u00f3n.. Promotor de proyectos e investigaci\u00f3n comunicativa en radio, prensa y televisi\u00f3n. Experiencia en el manejo de imagen externa, interna y protocolaria de entidades p\u00fablicas y privadas, encuentros culturales, empresariales y ambientales. Docente en el \u00e1rea de televisi\u00f3n, relaciones internacionales y bloques econ\u00f3micos. Experto y conferencista en temas de marketing pol\u00edtico, marketing de ciudad, integraci\u00f3n cultural, TLC y desarrollo urban\u00edstico. E-mail: villotasantacruzcarlos@yahoo.com.co","url":"https:\/\/pagina10.com\/web\/author\/cvillota\/"}]}},"_links":{"self":[{"href":"https:\/\/pagina10.com\/web\/wp-json\/wp\/v2\/posts\/20412","targetHints":{"allow":["GET"]}}],"collection":[{"href":"https:\/\/pagina10.com\/web\/wp-json\/wp\/v2\/posts"}],"about":[{"href":"https:\/\/pagina10.com\/web\/wp-json\/wp\/v2\/types\/post"}],"author":[{"embeddable":true,"href":"https:\/\/pagina10.com\/web\/wp-json\/wp\/v2\/users\/38"}],"replies":[{"embeddable":true,"href":"https:\/\/pagina10.com\/web\/wp-json\/wp\/v2\/comments?post=20412"}],"version-history":[{"count":0,"href":"https:\/\/pagina10.com\/web\/wp-json\/wp\/v2\/posts\/20412\/revisions"}],"wp:featuredmedia":[{"embeddable":true,"href":"https:\/\/pagina10.com\/web\/wp-json\/wp\/v2\/media\/20411"}],"wp:attachment":[{"href":"https:\/\/pagina10.com\/web\/wp-json\/wp\/v2\/media?parent=20412"}],"wp:term":[{"taxonomy":"category","embeddable":true,"href":"https:\/\/pagina10.com\/web\/wp-json\/wp\/v2\/categories?post=20412"},{"taxonomy":"post_tag","embeddable":true,"href":"https:\/\/pagina10.com\/web\/wp-json\/wp\/v2\/tags?post=20412"}],"curies":[{"name":"wp","href":"https:\/\/api.w.org\/{rel}","templated":true}]}}