{"id":20414,"date":"2016-04-26T15:56:20","date_gmt":"2016-04-26T15:56:20","guid":{"rendered":"https:\/\/pagina10.com\/web\/el-nuevo-gabinete-del-pos-conflicto\/"},"modified":"2016-04-26T15:56:20","modified_gmt":"2016-04-26T15:56:20","slug":"el-nuevo-gabinete-del-pos-conflicto","status":"publish","type":"post","link":"https:\/\/pagina10.com\/web\/el-nuevo-gabinete-del-pos-conflicto\/","title":{"rendered":"El nuevo gabinete del Pos- conflicto"},"content":{"rendered":"<p><img fetchpriority=\"high\" decoding=\"async\" class=\" size-full wp-image-20413\" src=\"https:\/\/pagina10.com\/web\/wp-content\/uploads\/2016\/04\/fa4b1c299ee20e52ce02884a2d4e555a.jpg\" alt=\"\" width=\"600\" height=\"350\" srcset=\"https:\/\/pagina10.com\/web\/wp-content\/uploads\/2016\/04\/fa4b1c299ee20e52ce02884a2d4e555a.jpg 600w, https:\/\/pagina10.com\/web\/wp-content\/uploads\/2016\/04\/fa4b1c299ee20e52ce02884a2d4e555a-300x175.jpg 300w\" sizes=\"(max-width: 600px) 100vw, 600px\" \/><\/p>\n<div style=\"text-align: justify;\">Como un paso adelante en la construcci\u00f3n al posconflicto y una mayor sinton\u00eda con el pa\u00eds y las regiones calific\u00f3 el presidente del senado Luis Fernando &nbsp;Velasco (liberal) la designaci\u00f3n la de nuevos ministros en las carteras de Justicia, Trabajo, Medio Ambiente, Comercio,, Vivienda, y Transporte.<\/div>\n<p>  <!--more-->  <\/p>\n<div style=\"text-align: justify;\"><em>\u201cMe gusta los nombres y el perfil de los nuevos ministros.&nbsp; Reflejan m\u00e1s el pa\u00eds. El pa\u00eds para el posconflicto. Son funcionarios de Regi\u00f3n de departamentos como Caldas, Boyac\u00e1 o la presencia de una mujer de las calidades de Clara L\u00f3pez\u201d,<\/em> coment\u00f3-<\/div>\n<div style=\"text-align: justify;\">&nbsp;<\/div>\n<div style=\"text-align: justify;\">En palabras de Velasco, el anuncio del presidente Santos con el entrante gabinete, se sustenta en una pluralidad ideol\u00f3gica que se sustenta en las regiones y en las localidades los altos funcionarios, como es el caso del ministro de Medio Ambiente Luis Gilberto Murillo, en representaci\u00f3n de la poblaci\u00f3n afrocolombiana.<\/div>\n<div style=\"text-align: justify;\">&nbsp;<\/div>\n<div style=\"text-align: justify;\">\u201cLos colombianos quieren verse reflejados en el Gabinete. En los espacios de decisi\u00f3n. Los entrantes ministros son egresados de Universidades P\u00fablicas de las regiones. Me gusta el gabinete. Y tengo la sensaci\u00f3n, que esta es el primer ajuste del gabinete. En el caso del partido liberal, tiene una excelente representaci\u00f3n en Juan Fernando Cristo y Rafael Pardo. En resumen, es un nuevo aire en el gabinete que aplaudimos\u201d, asever\u00f3 el presidente del senado Luis Fernando Velasco<\/div>\n<div style=\"text-align: justify;\">&nbsp;<\/div>\n<div style=\"text-align: justify;\">Estos son los nuevos miembros del gabinete del presidente Santos<\/div>\n<div style=\"text-align: justify;\"><br clear=\"none\" \/><\/div>\n<div style=\"text-align: justify;\">-Ministro de Justicia y el Derecho: Jorge Eduardo Londo\u00f1o<\/div>\n<div style=\"text-align: justify;\">-Exgobernador de Boyac\u00e1, miembro del Partido Verde, actual decano de la facultad de Derecho de la Universidad Santo Tom\u00e1s, seccional Tunja.<\/div>\n<div style=\"text-align: justify;\">-Ministra de Trabajo y Protecci\u00f3n Social: Clara L\u00f3pez Obreg\u00f3n&nbsp;Actual presidenta del Polo Democr\u00e1tico.<\/div>\n<div style=\"text-align: justify;\">-Ministra de Comercio, Industria y Turismo: Mar\u00eda Claudia Lacouture&nbsp;Actual directora de Procolombia, samaria, del Partido de la U.<\/div>\n<div style=\"text-align: justify;\">-Ministro de Ambiente y Desarrollo Sostenible: Luis Gilberto Murillo&nbsp;Actual gerente del Plan Pac\u00edfico de la Presidencia, chocoano, del partido Cambio Radical.<\/div>\n<div style=\"text-align: justify;\">-Ministra de Vivienda, Ciudad y Territorio: Elsa Noguera&nbsp;Exalcaldesa de Barranquilla, del partido Cambio Radical.<\/div>\n<div style=\"text-align: justify;\">M-inistro de Transporte: Jorge Eduardo Rojas&nbsp;Exalcalde de Manizales, del Partido de la U.<\/div>\n<div style=\"text-align: justify;\"><br clear=\"none\" \/><\/div>\n<div style=\"text-align: justify;\">El presidente Santos ratific\u00f3 en su cargo a los 11 ministros restantes:<\/div>\n<div style=\"text-align: justify;\"><br clear=\"none\" \/>-Ministerio del Interior:Juan Fernando Cristo<\/div>\n<div style=\"text-align: justify;\">-Ministerio de Relaciones Exteriores:Mar\u00eda \u00c1ngela Holgu\u00edn<\/div>\n<div style=\"text-align: justify;\">-Ministerio de Hacienda:&nbsp;Mauricio C\u00e1rdenas<\/div>\n<div style=\"text-align: justify;\">-Ministerio de Defensa Nacional:&nbsp;Luis Carlos Villegas<\/div>\n<div style=\"text-align: justify;\">-Ministerio de Agricultura y Desarrollo Rural:Aurelio Iragorri<\/div>\n<div style=\"text-align: justify;\">-Ministerio de Salud y de la Protecci\u00f3n Social:&nbsp;Alejandro Gaviria<\/div>\n<div style=\"text-align: justify;\">-Ministerio de Minas y Energ\u00eda:Mar\u00eda Lorena Guti\u00e9rrez<\/div>\n<div style=\"text-align: justify;\">-Ministerio de Educaci\u00f3n Nacional:&nbsp;Gina Parody<\/div>\n<div style=\"text-align: justify;\">-Ministerio de Tecnolog\u00edas de la Informaci\u00f3n y las Comunicaciones:David Luna S\u00e1nchez<\/div>\n<div style=\"text-align: justify;\">-Ministerio de Cultura:Mariana Garc\u00e9s<\/div>\n<div style=\"text-align: justify;\">-Ministerio de la Presidencia:Rafael Pardo<\/div>\n","protected":false},"excerpt":{"rendered":"<p>Como un paso adelante en la construcci\u00f3n al posconflicto y una mayor sinton\u00eda con el pa\u00eds y las regiones calific\u00f3 el presidente del senado Luis Fernando &nbsp;Velasco (liberal) la designaci\u00f3n la de nuevos ministros en las carteras de Justicia, Trabajo, Medio Ambiente, Comercio,, Vivienda, y Transporte.<\/p>\n","protected":false},"author":38,"featured_media":20413,"comment_status":"open","ping_status":"open","sticky":false,"template":"","format":"standard","meta":{"footnotes":""},"categories":[1],"tags":[],"class_list":["post-20414","post","type-post","status-publish","format-standard","has-post-thumbnail","hentry","category-sin-categoria"],"yoast_head":"<!-- This site is optimized with the Yoast SEO plugin v27.1.1 - https:\/\/yoast.com\/product\/yoast-seo-wordpress\/ -->\n<title>El nuevo gabinete del Pos- conflicto | P\u00e1gina10<\/title>\n<meta name=\"robots\" content=\"index, follow, max-snippet:-1, max-image-preview:large, max-video-preview:-1\" \/>\n<link rel=\"canonical\" href=\"https:\/\/pagina10.com\/web\/el-nuevo-gabinete-del-pos-conflicto\/\" \/>\n<meta property=\"og:locale\" content=\"es_ES\" \/>\n<meta property=\"og:type\" content=\"article\" \/>\n<meta property=\"og:title\" content=\"El nuevo gabinete del Pos- conflicto | P\u00e1gina10\" \/>\n<meta property=\"og:description\" content=\"Como un paso adelante en la construcci\u00f3n al posconflicto y una mayor sinton\u00eda con el pa\u00eds y las regiones calific\u00f3 el presidente del senado Luis Fernando &nbsp;Velasco (liberal) la designaci\u00f3n la de nuevos ministros en las carteras de Justicia, Trabajo, Medio Ambiente, Comercio,, Vivienda, y Transporte.\" \/>\n<meta property=\"og:url\" content=\"https:\/\/pagina10.com\/web\/el-nuevo-gabinete-del-pos-conflicto\/\" \/>\n<meta property=\"og:site_name\" content=\"P\u00e1gina10\" \/>\n<meta property=\"article:publisher\" content=\"https:\/\/www.facebook.com\/pag10com\" \/>\n<meta property=\"article:published_time\" content=\"2016-04-26T15:56:20+00:00\" \/>\n<meta property=\"og:image\" content=\"https:\/\/pagina10.com\/web\/wp-content\/uploads\/2016\/04\/fa4b1c299ee20e52ce02884a2d4e555a.jpg\" \/>\n\t<meta property=\"og:image:width\" content=\"600\" \/>\n\t<meta property=\"og:image:height\" content=\"350\" \/>\n\t<meta property=\"og:image:type\" content=\"image\/jpeg\" \/>\n<meta name=\"author\" content=\"Carlos Villota Santacruz.\" \/>\n<meta name=\"twitter:card\" content=\"summary_large_image\" \/>\n<meta name=\"twitter:creator\" content=\"@Pag10com\" \/>\n<meta name=\"twitter:site\" content=\"@Pag10com\" \/>\n<meta name=\"twitter:label1\" content=\"Escrito por\" \/>\n\t<meta name=\"twitter:data1\" content=\"Carlos Villota Santacruz.\" \/>\n\t<meta name=\"twitter:label2\" content=\"Tiempo de lectura\" \/>\n\t<meta name=\"twitter:data2\" content=\"2 minutos\" \/>\n<script type=\"application\/ld+json\" class=\"yoast-schema-graph\">{\"@context\":\"https:\/\/schema.org\",\"@graph\":[{\"@type\":\"Article\",\"@id\":\"https:\/\/pagina10.com\/web\/el-nuevo-gabinete-del-pos-conflicto\/#article\",\"isPartOf\":{\"@id\":\"https:\/\/pagina10.com\/web\/el-nuevo-gabinete-del-pos-conflicto\/\"},\"author\":{\"name\":\"Carlos Villota Santacruz.\",\"@id\":\"https:\/\/pagina10.com\/web\/#\/schema\/person\/b459e2d15ec5ba9d5a2c9a81c71c4f7b\"},\"headline\":\"El nuevo gabinete del Pos- conflicto\",\"datePublished\":\"2016-04-26T15:56:20+00:00\",\"mainEntityOfPage\":{\"@id\":\"https:\/\/pagina10.com\/web\/el-nuevo-gabinete-del-pos-conflicto\/\"},\"wordCount\":486,\"commentCount\":0,\"publisher\":{\"@id\":\"https:\/\/pagina10.com\/web\/#organization\"},\"image\":{\"@id\":\"https:\/\/pagina10.com\/web\/el-nuevo-gabinete-del-pos-conflicto\/#primaryimage\"},\"thumbnailUrl\":\"https:\/\/pagina10.com\/web\/wp-content\/uploads\/2016\/04\/fa4b1c299ee20e52ce02884a2d4e555a.jpg\",\"inLanguage\":\"es\",\"potentialAction\":[{\"@type\":\"CommentAction\",\"name\":\"Comment\",\"target\":[\"https:\/\/pagina10.com\/web\/el-nuevo-gabinete-del-pos-conflicto\/#respond\"]}]},{\"@type\":\"WebPage\",\"@id\":\"https:\/\/pagina10.com\/web\/el-nuevo-gabinete-del-pos-conflicto\/\",\"url\":\"https:\/\/pagina10.com\/web\/el-nuevo-gabinete-del-pos-conflicto\/\",\"name\":\"El nuevo gabinete del Pos- conflicto | P\u00e1gina10\",\"isPartOf\":{\"@id\":\"https:\/\/pagina10.com\/web\/#website\"},\"primaryImageOfPage\":{\"@id\":\"https:\/\/pagina10.com\/web\/el-nuevo-gabinete-del-pos-conflicto\/#primaryimage\"},\"image\":{\"@id\":\"https:\/\/pagina10.com\/web\/el-nuevo-gabinete-del-pos-conflicto\/#primaryimage\"},\"thumbnailUrl\":\"https:\/\/pagina10.com\/web\/wp-content\/uploads\/2016\/04\/fa4b1c299ee20e52ce02884a2d4e555a.jpg\",\"datePublished\":\"2016-04-26T15:56:20+00:00\",\"breadcrumb\":{\"@id\":\"https:\/\/pagina10.com\/web\/el-nuevo-gabinete-del-pos-conflicto\/#breadcrumb\"},\"inLanguage\":\"es\",\"potentialAction\":[{\"@type\":\"ReadAction\",\"target\":[\"https:\/\/pagina10.com\/web\/el-nuevo-gabinete-del-pos-conflicto\/\"]}]},{\"@type\":\"ImageObject\",\"inLanguage\":\"es\",\"@id\":\"https:\/\/pagina10.com\/web\/el-nuevo-gabinete-del-pos-conflicto\/#primaryimage\",\"url\":\"https:\/\/pagina10.com\/web\/wp-content\/uploads\/2016\/04\/fa4b1c299ee20e52ce02884a2d4e555a.jpg\",\"contentUrl\":\"https:\/\/pagina10.com\/web\/wp-content\/uploads\/2016\/04\/fa4b1c299ee20e52ce02884a2d4e555a.jpg\",\"width\":600,\"height\":350},{\"@type\":\"BreadcrumbList\",\"@id\":\"https:\/\/pagina10.com\/web\/el-nuevo-gabinete-del-pos-conflicto\/#breadcrumb\",\"itemListElement\":[{\"@type\":\"ListItem\",\"position\":1,\"name\":\"Portada\",\"item\":\"https:\/\/pagina10.com\/web\/\"},{\"@type\":\"ListItem\",\"position\":2,\"name\":\"El nuevo gabinete del Pos- conflicto\"}]},{\"@type\":\"WebSite\",\"@id\":\"https:\/\/pagina10.com\/web\/#website\",\"url\":\"https:\/\/pagina10.com\/web\/\",\"name\":\"P\u00e1gina10\",\"description\":\"Peri\u00f3dico Regional\",\"publisher\":{\"@id\":\"https:\/\/pagina10.com\/web\/#organization\"},\"alternateName\":\"P\u00e1gina10 Peri\u00f3dico Regional\",\"potentialAction\":[{\"@type\":\"SearchAction\",\"target\":{\"@type\":\"EntryPoint\",\"urlTemplate\":\"https:\/\/pagina10.com\/web\/?s={search_term_string}\"},\"query-input\":{\"@type\":\"PropertyValueSpecification\",\"valueRequired\":true,\"valueName\":\"search_term_string\"}}],\"inLanguage\":\"es\"},{\"@type\":\"Organization\",\"@id\":\"https:\/\/pagina10.com\/web\/#organization\",\"name\":\"P\u00e1gina10\",\"alternateName\":\"P\u00e1gina10 Peri\u00f3dico Regional\",\"url\":\"https:\/\/pagina10.com\/web\/\",\"logo\":{\"@type\":\"ImageObject\",\"inLanguage\":\"es\",\"@id\":\"https:\/\/pagina10.com\/web\/#\/schema\/logo\/image\/\",\"url\":\"https:\/\/pagina10.com\/web\/wp-content\/uploads\/2024\/01\/40-pagina-10-periodico-regional-pasto.jpg\",\"contentUrl\":\"https:\/\/pagina10.com\/web\/wp-content\/uploads\/2024\/01\/40-pagina-10-periodico-regional-pasto.jpg\",\"width\":1280,\"height\":720,\"caption\":\"P\u00e1gina10\"},\"image\":{\"@id\":\"https:\/\/pagina10.com\/web\/#\/schema\/logo\/image\/\"},\"sameAs\":[\"https:\/\/www.facebook.com\/pag10com\",\"https:\/\/x.com\/Pag10com\",\"https:\/\/www.instagram.com\/pagina10col\/\",\"https:\/\/youtube.com\/channel\/pag10\",\"https:\/\/www.tiktok.com\/@p10col\"]},{\"@type\":\"Person\",\"@id\":\"https:\/\/pagina10.com\/web\/#\/schema\/person\/b459e2d15ec5ba9d5a2c9a81c71c4f7b\",\"name\":\"Carlos Villota Santacruz.\",\"description\":\"Internacionalista-Comunicador Social y Periodista. Experto en Comunicaci\u00f3n para el desarrollo y ciudad-regi\u00f3n.. Promotor de proyectos e investigaci\u00f3n comunicativa en radio, prensa y televisi\u00f3n. Experiencia en el manejo de imagen externa, interna y protocolaria de entidades p\u00fablicas y privadas, encuentros culturales, empresariales y ambientales. Docente en el \u00e1rea de televisi\u00f3n, relaciones internacionales y bloques econ\u00f3micos. Experto y conferencista en temas de marketing pol\u00edtico, marketing de ciudad, integraci\u00f3n cultural, TLC y desarrollo urban\u00edstico. E-mail: villotasantacruzcarlos@yahoo.com.co\",\"url\":\"https:\/\/pagina10.com\/web\/author\/cvillota\/\"}]}<\/script>\n<!-- \/ Yoast SEO plugin. -->","yoast_head_json":{"title":"El nuevo gabinete del Pos- conflicto | P\u00e1gina10","robots":{"index":"index","follow":"follow","max-snippet":"max-snippet:-1","max-image-preview":"max-image-preview:large","max-video-preview":"max-video-preview:-1"},"canonical":"https:\/\/pagina10.com\/web\/el-nuevo-gabinete-del-pos-conflicto\/","og_locale":"es_ES","og_type":"article","og_title":"El nuevo gabinete del Pos- conflicto | P\u00e1gina10","og_description":"Como un paso adelante en la construcci\u00f3n al posconflicto y una mayor sinton\u00eda con el pa\u00eds y las regiones calific\u00f3 el presidente del senado Luis Fernando &nbsp;Velasco (liberal) la designaci\u00f3n la de nuevos ministros en las carteras de Justicia, Trabajo, Medio Ambiente, Comercio,, Vivienda, y Transporte.","og_url":"https:\/\/pagina10.com\/web\/el-nuevo-gabinete-del-pos-conflicto\/","og_site_name":"P\u00e1gina10","article_publisher":"https:\/\/www.facebook.com\/pag10com","article_published_time":"2016-04-26T15:56:20+00:00","og_image":[{"width":600,"height":350,"url":"https:\/\/pagina10.com\/web\/wp-content\/uploads\/2016\/04\/fa4b1c299ee20e52ce02884a2d4e555a.jpg","type":"image\/jpeg"}],"author":"Carlos Villota Santacruz.","twitter_card":"summary_large_image","twitter_creator":"@Pag10com","twitter_site":"@Pag10com","twitter_misc":{"Escrito por":"Carlos Villota Santacruz.","Tiempo de lectura":"2 minutos"},"schema":{"@context":"https:\/\/schema.org","@graph":[{"@type":"Article","@id":"https:\/\/pagina10.com\/web\/el-nuevo-gabinete-del-pos-conflicto\/#article","isPartOf":{"@id":"https:\/\/pagina10.com\/web\/el-nuevo-gabinete-del-pos-conflicto\/"},"author":{"name":"Carlos Villota Santacruz.","@id":"https:\/\/pagina10.com\/web\/#\/schema\/person\/b459e2d15ec5ba9d5a2c9a81c71c4f7b"},"headline":"El nuevo gabinete del Pos- conflicto","datePublished":"2016-04-26T15:56:20+00:00","mainEntityOfPage":{"@id":"https:\/\/pagina10.com\/web\/el-nuevo-gabinete-del-pos-conflicto\/"},"wordCount":486,"commentCount":0,"publisher":{"@id":"https:\/\/pagina10.com\/web\/#organization"},"image":{"@id":"https:\/\/pagina10.com\/web\/el-nuevo-gabinete-del-pos-conflicto\/#primaryimage"},"thumbnailUrl":"https:\/\/pagina10.com\/web\/wp-content\/uploads\/2016\/04\/fa4b1c299ee20e52ce02884a2d4e555a.jpg","inLanguage":"es","potentialAction":[{"@type":"CommentAction","name":"Comment","target":["https:\/\/pagina10.com\/web\/el-nuevo-gabinete-del-pos-conflicto\/#respond"]}]},{"@type":"WebPage","@id":"https:\/\/pagina10.com\/web\/el-nuevo-gabinete-del-pos-conflicto\/","url":"https:\/\/pagina10.com\/web\/el-nuevo-gabinete-del-pos-conflicto\/","name":"El nuevo gabinete del Pos- conflicto | P\u00e1gina10","isPartOf":{"@id":"https:\/\/pagina10.com\/web\/#website"},"primaryImageOfPage":{"@id":"https:\/\/pagina10.com\/web\/el-nuevo-gabinete-del-pos-conflicto\/#primaryimage"},"image":{"@id":"https:\/\/pagina10.com\/web\/el-nuevo-gabinete-del-pos-conflicto\/#primaryimage"},"thumbnailUrl":"https:\/\/pagina10.com\/web\/wp-content\/uploads\/2016\/04\/fa4b1c299ee20e52ce02884a2d4e555a.jpg","datePublished":"2016-04-26T15:56:20+00:00","breadcrumb":{"@id":"https:\/\/pagina10.com\/web\/el-nuevo-gabinete-del-pos-conflicto\/#breadcrumb"},"inLanguage":"es","potentialAction":[{"@type":"ReadAction","target":["https:\/\/pagina10.com\/web\/el-nuevo-gabinete-del-pos-conflicto\/"]}]},{"@type":"ImageObject","inLanguage":"es","@id":"https:\/\/pagina10.com\/web\/el-nuevo-gabinete-del-pos-conflicto\/#primaryimage","url":"https:\/\/pagina10.com\/web\/wp-content\/uploads\/2016\/04\/fa4b1c299ee20e52ce02884a2d4e555a.jpg","contentUrl":"https:\/\/pagina10.com\/web\/wp-content\/uploads\/2016\/04\/fa4b1c299ee20e52ce02884a2d4e555a.jpg","width":600,"height":350},{"@type":"BreadcrumbList","@id":"https:\/\/pagina10.com\/web\/el-nuevo-gabinete-del-pos-conflicto\/#breadcrumb","itemListElement":[{"@type":"ListItem","position":1,"name":"Portada","item":"https:\/\/pagina10.com\/web\/"},{"@type":"ListItem","position":2,"name":"El nuevo gabinete del Pos- conflicto"}]},{"@type":"WebSite","@id":"https:\/\/pagina10.com\/web\/#website","url":"https:\/\/pagina10.com\/web\/","name":"P\u00e1gina10","description":"Peri\u00f3dico Regional","publisher":{"@id":"https:\/\/pagina10.com\/web\/#organization"},"alternateName":"P\u00e1gina10 Peri\u00f3dico Regional","potentialAction":[{"@type":"SearchAction","target":{"@type":"EntryPoint","urlTemplate":"https:\/\/pagina10.com\/web\/?s={search_term_string}"},"query-input":{"@type":"PropertyValueSpecification","valueRequired":true,"valueName":"search_term_string"}}],"inLanguage":"es"},{"@type":"Organization","@id":"https:\/\/pagina10.com\/web\/#organization","name":"P\u00e1gina10","alternateName":"P\u00e1gina10 Peri\u00f3dico Regional","url":"https:\/\/pagina10.com\/web\/","logo":{"@type":"ImageObject","inLanguage":"es","@id":"https:\/\/pagina10.com\/web\/#\/schema\/logo\/image\/","url":"https:\/\/pagina10.com\/web\/wp-content\/uploads\/2024\/01\/40-pagina-10-periodico-regional-pasto.jpg","contentUrl":"https:\/\/pagina10.com\/web\/wp-content\/uploads\/2024\/01\/40-pagina-10-periodico-regional-pasto.jpg","width":1280,"height":720,"caption":"P\u00e1gina10"},"image":{"@id":"https:\/\/pagina10.com\/web\/#\/schema\/logo\/image\/"},"sameAs":["https:\/\/www.facebook.com\/pag10com","https:\/\/x.com\/Pag10com","https:\/\/www.instagram.com\/pagina10col\/","https:\/\/youtube.com\/channel\/pag10","https:\/\/www.tiktok.com\/@p10col"]},{"@type":"Person","@id":"https:\/\/pagina10.com\/web\/#\/schema\/person\/b459e2d15ec5ba9d5a2c9a81c71c4f7b","name":"Carlos Villota Santacruz.","description":"Internacionalista-Comunicador Social y Periodista. Experto en Comunicaci\u00f3n para el desarrollo y ciudad-regi\u00f3n.. Promotor de proyectos e investigaci\u00f3n comunicativa en radio, prensa y televisi\u00f3n. Experiencia en el manejo de imagen externa, interna y protocolaria de entidades p\u00fablicas y privadas, encuentros culturales, empresariales y ambientales. Docente en el \u00e1rea de televisi\u00f3n, relaciones internacionales y bloques econ\u00f3micos. Experto y conferencista en temas de marketing pol\u00edtico, marketing de ciudad, integraci\u00f3n cultural, TLC y desarrollo urban\u00edstico. E-mail: villotasantacruzcarlos@yahoo.com.co","url":"https:\/\/pagina10.com\/web\/author\/cvillota\/"}]}},"_links":{"self":[{"href":"https:\/\/pagina10.com\/web\/wp-json\/wp\/v2\/posts\/20414","targetHints":{"allow":["GET"]}}],"collection":[{"href":"https:\/\/pagina10.com\/web\/wp-json\/wp\/v2\/posts"}],"about":[{"href":"https:\/\/pagina10.com\/web\/wp-json\/wp\/v2\/types\/post"}],"author":[{"embeddable":true,"href":"https:\/\/pagina10.com\/web\/wp-json\/wp\/v2\/users\/38"}],"replies":[{"embeddable":true,"href":"https:\/\/pagina10.com\/web\/wp-json\/wp\/v2\/comments?post=20414"}],"version-history":[{"count":0,"href":"https:\/\/pagina10.com\/web\/wp-json\/wp\/v2\/posts\/20414\/revisions"}],"wp:featuredmedia":[{"embeddable":true,"href":"https:\/\/pagina10.com\/web\/wp-json\/wp\/v2\/media\/20413"}],"wp:attachment":[{"href":"https:\/\/pagina10.com\/web\/wp-json\/wp\/v2\/media?parent=20414"}],"wp:term":[{"taxonomy":"category","embeddable":true,"href":"https:\/\/pagina10.com\/web\/wp-json\/wp\/v2\/categories?post=20414"},{"taxonomy":"post_tag","embeddable":true,"href":"https:\/\/pagina10.com\/web\/wp-json\/wp\/v2\/tags?post=20414"}],"curies":[{"name":"wp","href":"https:\/\/api.w.org\/{rel}","templated":true}]}}