{"id":20673,"date":"2016-06-13T16:17:14","date_gmt":"2016-06-13T16:17:14","guid":{"rendered":"https:\/\/pagina10.com\/web\/incluyeron-a-narino-en-el-plan-piloto-de-ley-de-transparencia\/"},"modified":"2016-06-13T16:17:14","modified_gmt":"2016-06-13T16:17:14","slug":"incluyeron-a-narino-en-el-plan-piloto-de-ley-de-transparencia","status":"publish","type":"post","link":"https:\/\/pagina10.com\/web\/incluyeron-a-narino-en-el-plan-piloto-de-ley-de-transparencia\/","title":{"rendered":"Incluyeron a Nari\u00f1o en el plan piloto de Ley de Transparencia"},"content":{"rendered":"<p><img fetchpriority=\"high\" decoding=\"async\" class=\" size-full wp-image-20672\" src=\"https:\/\/pagina10.com\/web\/wp-content\/uploads\/2016\/06\/32ef2246115971afc63548c5edd88ead.jpg\" alt=\"\" width=\"851\" height=\"490\" srcset=\"https:\/\/pagina10.com\/web\/wp-content\/uploads\/2016\/06\/32ef2246115971afc63548c5edd88ead.jpg 851w, https:\/\/pagina10.com\/web\/wp-content\/uploads\/2016\/06\/32ef2246115971afc63548c5edd88ead-300x173.jpg 300w, https:\/\/pagina10.com\/web\/wp-content\/uploads\/2016\/06\/32ef2246115971afc63548c5edd88ead-768x442.jpg 768w\" sizes=\"(max-width: 851px) 100vw, 851px\" \/><\/p>\n<p style=\"text-align: justify;\">La Secretar\u00eda de Transparencia de la Presidencia de la Rep\u00fablica escogi\u00f3 a Nari\u00f1o como uno de los 10 departamentos priorizados para recibir acompa\u00f1amiento en temas afines al cumplimiento con los principios expuestos por la Ley de Transparencia con la que se pretende, entre otras cosas, hacerle frente a la corrupci\u00f3n y a las malas pr\u00e1cticas de gobierno.<\/p>\n<p style=\"text-align: justify;\">\u201cToda vez que Nari\u00f1o ya es un referente en temas de Gobierno Abierto, el apoyo de la Secretar\u00eda de Transparencia estar\u00e1 orientado a enriquecer y dar soporte a la plataforma de Gobierno Abierto de Nari\u00f1o, Gana\u201d, manifestaron funcionarios de la Administraci\u00f3n seccional.<\/p>\n<p style=\"text-align: justify;\">En ese sentido, la asesora para temas de innovaci\u00f3n de la Gobernaci\u00f3n de Nari\u00f1o, Paola Coral, explic\u00f3 que todas las dependencias estar\u00e1n en completa disposici\u00f3n para acompa\u00f1ar este proceso.<\/p>\n<p style=\"text-align: justify;\">&#8220;El compromiso de la Administraci\u00f3n departamental ser\u00e1 el de brindar condiciones de soporte en organizaci\u00f3n y accesibilidad a la informaci\u00f3n en consonancia con la Ley y los principios fundamentales de nuevo gobierno&#8221;, apunt\u00f3.<\/p>\n<p style=\"text-align: justify;\">A esta decisi\u00f3n de la Secretar\u00eda de Transparencia se suman otros pronunciamientos en que el propio titular de la entidad, Camilo Enciso, ha destacado las buenas pr\u00e1cticas de la Administraci\u00f3n p\u00fablica. El alto funcionario exalt\u00f3 a principios de este a\u00f1o la disposici\u00f3n de la Secretar\u00eda de Gobierno de Pasto de adelantar un estricto seguimiento de la mano del Concejo local al Plan de Alimentaci\u00f3n Escolar, PAE, que anualmente cuesta 9.799 millones de pesos.<\/p>\n","protected":false},"excerpt":{"rendered":"<p>La Secretar\u00eda de Transparencia de la Presidencia de la Rep\u00fablica escogi\u00f3 a Nari\u00f1o como uno de los 10 departamentos priorizados para recibir acompa\u00f1amiento en temas afines al cumplimiento con los principios expuestos por la Ley de Transparencia con la que se pretende, entre otras cosas, hacerle frente a la corrupci\u00f3n y a las malas pr\u00e1cticas [&hellip;]<\/p>\n","protected":false},"author":29,"featured_media":20672,"comment_status":"open","ping_status":"open","sticky":false,"template":"","format":"standard","meta":{"footnotes":""},"categories":[1],"tags":[],"class_list":["post-20673","post","type-post","status-publish","format-standard","has-post-thumbnail","hentry","category-sin-categoria"],"yoast_head":"<!-- This site is optimized with the Yoast SEO plugin v27.1.1 - https:\/\/yoast.com\/product\/yoast-seo-wordpress\/ -->\n<title>Incluyeron a Nari\u00f1o en el plan piloto de Ley de Transparencia | P\u00e1gina10<\/title>\n<meta name=\"robots\" content=\"index, follow, max-snippet:-1, max-image-preview:large, max-video-preview:-1\" \/>\n<link rel=\"canonical\" href=\"https:\/\/pagina10.com\/web\/incluyeron-a-narino-en-el-plan-piloto-de-ley-de-transparencia\/\" \/>\n<meta property=\"og:locale\" content=\"es_ES\" \/>\n<meta property=\"og:type\" content=\"article\" \/>\n<meta property=\"og:title\" content=\"Incluyeron a Nari\u00f1o en el plan piloto de Ley de Transparencia | P\u00e1gina10\" \/>\n<meta property=\"og:description\" content=\"La Secretar\u00eda de Transparencia de la Presidencia de la Rep\u00fablica escogi\u00f3 a Nari\u00f1o como uno de los 10 departamentos priorizados para recibir acompa\u00f1amiento en temas afines al cumplimiento con los principios expuestos por la Ley de Transparencia con la que se pretende, entre otras cosas, hacerle frente a la corrupci\u00f3n y a las malas pr\u00e1cticas [&hellip;]\" \/>\n<meta property=\"og:url\" content=\"https:\/\/pagina10.com\/web\/incluyeron-a-narino-en-el-plan-piloto-de-ley-de-transparencia\/\" \/>\n<meta property=\"og:site_name\" content=\"P\u00e1gina10\" \/>\n<meta property=\"article:publisher\" content=\"https:\/\/www.facebook.com\/pag10com\" \/>\n<meta property=\"article:published_time\" content=\"2016-06-13T16:17:14+00:00\" \/>\n<meta property=\"og:image\" content=\"https:\/\/pagina10.com\/web\/wp-content\/uploads\/2016\/06\/32ef2246115971afc63548c5edd88ead.jpg\" \/>\n\t<meta property=\"og:image:width\" content=\"851\" \/>\n\t<meta property=\"og:image:height\" content=\"490\" \/>\n\t<meta property=\"og:image:type\" content=\"image\/jpeg\" \/>\n<meta name=\"author\" content=\"P\u00e1gina 10\" \/>\n<meta name=\"twitter:card\" content=\"summary_large_image\" \/>\n<meta name=\"twitter:creator\" content=\"@Pag10com\" \/>\n<meta name=\"twitter:site\" content=\"@Pag10com\" \/>\n<meta name=\"twitter:label1\" content=\"Escrito por\" \/>\n\t<meta name=\"twitter:data1\" content=\"P\u00e1gina 10\" \/>\n\t<meta name=\"twitter:label2\" content=\"Tiempo de lectura\" \/>\n\t<meta name=\"twitter:data2\" content=\"1 minuto\" \/>\n<script type=\"application\/ld+json\" class=\"yoast-schema-graph\">{\"@context\":\"https:\/\/schema.org\",\"@graph\":[{\"@type\":\"Article\",\"@id\":\"https:\/\/pagina10.com\/web\/incluyeron-a-narino-en-el-plan-piloto-de-ley-de-transparencia\/#article\",\"isPartOf\":{\"@id\":\"https:\/\/pagina10.com\/web\/incluyeron-a-narino-en-el-plan-piloto-de-ley-de-transparencia\/\"},\"author\":{\"name\":\"P\u00e1gina 10\",\"@id\":\"https:\/\/pagina10.com\/web\/#\/schema\/person\/a7a5d38f0629dfc107f619fbae4f6cc3\"},\"headline\":\"Incluyeron a Nari\u00f1o en el plan piloto de Ley de Transparencia\",\"datePublished\":\"2016-06-13T16:17:14+00:00\",\"mainEntityOfPage\":{\"@id\":\"https:\/\/pagina10.com\/web\/incluyeron-a-narino-en-el-plan-piloto-de-ley-de-transparencia\/\"},\"wordCount\":272,\"commentCount\":0,\"publisher\":{\"@id\":\"https:\/\/pagina10.com\/web\/#organization\"},\"image\":{\"@id\":\"https:\/\/pagina10.com\/web\/incluyeron-a-narino-en-el-plan-piloto-de-ley-de-transparencia\/#primaryimage\"},\"thumbnailUrl\":\"https:\/\/pagina10.com\/web\/wp-content\/uploads\/2016\/06\/32ef2246115971afc63548c5edd88ead.jpg\",\"inLanguage\":\"es\",\"potentialAction\":[{\"@type\":\"CommentAction\",\"name\":\"Comment\",\"target\":[\"https:\/\/pagina10.com\/web\/incluyeron-a-narino-en-el-plan-piloto-de-ley-de-transparencia\/#respond\"]}]},{\"@type\":\"WebPage\",\"@id\":\"https:\/\/pagina10.com\/web\/incluyeron-a-narino-en-el-plan-piloto-de-ley-de-transparencia\/\",\"url\":\"https:\/\/pagina10.com\/web\/incluyeron-a-narino-en-el-plan-piloto-de-ley-de-transparencia\/\",\"name\":\"Incluyeron a Nari\u00f1o en el plan piloto de Ley de Transparencia | P\u00e1gina10\",\"isPartOf\":{\"@id\":\"https:\/\/pagina10.com\/web\/#website\"},\"primaryImageOfPage\":{\"@id\":\"https:\/\/pagina10.com\/web\/incluyeron-a-narino-en-el-plan-piloto-de-ley-de-transparencia\/#primaryimage\"},\"image\":{\"@id\":\"https:\/\/pagina10.com\/web\/incluyeron-a-narino-en-el-plan-piloto-de-ley-de-transparencia\/#primaryimage\"},\"thumbnailUrl\":\"https:\/\/pagina10.com\/web\/wp-content\/uploads\/2016\/06\/32ef2246115971afc63548c5edd88ead.jpg\",\"datePublished\":\"2016-06-13T16:17:14+00:00\",\"breadcrumb\":{\"@id\":\"https:\/\/pagina10.com\/web\/incluyeron-a-narino-en-el-plan-piloto-de-ley-de-transparencia\/#breadcrumb\"},\"inLanguage\":\"es\",\"potentialAction\":[{\"@type\":\"ReadAction\",\"target\":[\"https:\/\/pagina10.com\/web\/incluyeron-a-narino-en-el-plan-piloto-de-ley-de-transparencia\/\"]}]},{\"@type\":\"ImageObject\",\"inLanguage\":\"es\",\"@id\":\"https:\/\/pagina10.com\/web\/incluyeron-a-narino-en-el-plan-piloto-de-ley-de-transparencia\/#primaryimage\",\"url\":\"https:\/\/pagina10.com\/web\/wp-content\/uploads\/2016\/06\/32ef2246115971afc63548c5edd88ead.jpg\",\"contentUrl\":\"https:\/\/pagina10.com\/web\/wp-content\/uploads\/2016\/06\/32ef2246115971afc63548c5edd88ead.jpg\",\"width\":851,\"height\":490},{\"@type\":\"BreadcrumbList\",\"@id\":\"https:\/\/pagina10.com\/web\/incluyeron-a-narino-en-el-plan-piloto-de-ley-de-transparencia\/#breadcrumb\",\"itemListElement\":[{\"@type\":\"ListItem\",\"position\":1,\"name\":\"Portada\",\"item\":\"https:\/\/pagina10.com\/web\/\"},{\"@type\":\"ListItem\",\"position\":2,\"name\":\"Incluyeron a Nari\u00f1o en el plan piloto de Ley de Transparencia\"}]},{\"@type\":\"WebSite\",\"@id\":\"https:\/\/pagina10.com\/web\/#website\",\"url\":\"https:\/\/pagina10.com\/web\/\",\"name\":\"P\u00e1gina10\",\"description\":\"Peri\u00f3dico Regional\",\"publisher\":{\"@id\":\"https:\/\/pagina10.com\/web\/#organization\"},\"alternateName\":\"P\u00e1gina10 Peri\u00f3dico Regional\",\"potentialAction\":[{\"@type\":\"SearchAction\",\"target\":{\"@type\":\"EntryPoint\",\"urlTemplate\":\"https:\/\/pagina10.com\/web\/?s={search_term_string}\"},\"query-input\":{\"@type\":\"PropertyValueSpecification\",\"valueRequired\":true,\"valueName\":\"search_term_string\"}}],\"inLanguage\":\"es\"},{\"@type\":\"Organization\",\"@id\":\"https:\/\/pagina10.com\/web\/#organization\",\"name\":\"P\u00e1gina10\",\"alternateName\":\"P\u00e1gina10 Peri\u00f3dico Regional\",\"url\":\"https:\/\/pagina10.com\/web\/\",\"logo\":{\"@type\":\"ImageObject\",\"inLanguage\":\"es\",\"@id\":\"https:\/\/pagina10.com\/web\/#\/schema\/logo\/image\/\",\"url\":\"https:\/\/pagina10.com\/web\/wp-content\/uploads\/2024\/01\/40-pagina-10-periodico-regional-pasto.jpg\",\"contentUrl\":\"https:\/\/pagina10.com\/web\/wp-content\/uploads\/2024\/01\/40-pagina-10-periodico-regional-pasto.jpg\",\"width\":1280,\"height\":720,\"caption\":\"P\u00e1gina10\"},\"image\":{\"@id\":\"https:\/\/pagina10.com\/web\/#\/schema\/logo\/image\/\"},\"sameAs\":[\"https:\/\/www.facebook.com\/pag10com\",\"https:\/\/x.com\/Pag10com\",\"https:\/\/www.instagram.com\/pagina10col\/\",\"https:\/\/youtube.com\/channel\/pag10\",\"https:\/\/www.tiktok.com\/@p10col\"]},{\"@type\":\"Person\",\"@id\":\"https:\/\/pagina10.com\/web\/#\/schema\/person\/a7a5d38f0629dfc107f619fbae4f6cc3\",\"name\":\"P\u00e1gina 10\",\"description\":\"P\u00e1gina10.com es un peri\u00f3dico digital que nace en Colombia, en el departamento de Nari\u00f1o, con un enfoque global, fundamentado en cuatro pilares esenciales: la libertad, el pluralismo, la inclusi\u00f3n y la independencia. P\u00e1gina10.com hace referencia a Nari\u00f1o como el d\u00e9cimo departamento creado en Colombia, despu\u00e9s de un proceso pol\u00edtico liderado por actores y actrices regionales con el fin de obtener la independencia y autonom\u00eda de nuestros territorios. Con la creaci\u00f3n de P\u00e1gina10.com se pretende abrir un escenario para el dialogo, la reflexi\u00f3n y el debate que se extienda a otras geograf\u00edas de Am\u00e9rica Latina y del planeta, en una apuesta por transformar colectivamente los desaf\u00edos de un mundo contempor\u00e1neo, m\u00e1s all\u00e1 de las fronteras impuestas.\",\"url\":\"https:\/\/pagina10.com\/web\/author\/mcepeda\/\"}]}<\/script>\n<!-- \/ Yoast SEO plugin. -->","yoast_head_json":{"title":"Incluyeron a Nari\u00f1o en el plan piloto de Ley de Transparencia | P\u00e1gina10","robots":{"index":"index","follow":"follow","max-snippet":"max-snippet:-1","max-image-preview":"max-image-preview:large","max-video-preview":"max-video-preview:-1"},"canonical":"https:\/\/pagina10.com\/web\/incluyeron-a-narino-en-el-plan-piloto-de-ley-de-transparencia\/","og_locale":"es_ES","og_type":"article","og_title":"Incluyeron a Nari\u00f1o en el plan piloto de Ley de Transparencia | P\u00e1gina10","og_description":"La Secretar\u00eda de Transparencia de la Presidencia de la Rep\u00fablica escogi\u00f3 a Nari\u00f1o como uno de los 10 departamentos priorizados para recibir acompa\u00f1amiento en temas afines al cumplimiento con los principios expuestos por la Ley de Transparencia con la que se pretende, entre otras cosas, hacerle frente a la corrupci\u00f3n y a las malas pr\u00e1cticas [&hellip;]","og_url":"https:\/\/pagina10.com\/web\/incluyeron-a-narino-en-el-plan-piloto-de-ley-de-transparencia\/","og_site_name":"P\u00e1gina10","article_publisher":"https:\/\/www.facebook.com\/pag10com","article_published_time":"2016-06-13T16:17:14+00:00","og_image":[{"width":851,"height":490,"url":"https:\/\/pagina10.com\/web\/wp-content\/uploads\/2016\/06\/32ef2246115971afc63548c5edd88ead.jpg","type":"image\/jpeg"}],"author":"P\u00e1gina 10","twitter_card":"summary_large_image","twitter_creator":"@Pag10com","twitter_site":"@Pag10com","twitter_misc":{"Escrito por":"P\u00e1gina 10","Tiempo de lectura":"1 minuto"},"schema":{"@context":"https:\/\/schema.org","@graph":[{"@type":"Article","@id":"https:\/\/pagina10.com\/web\/incluyeron-a-narino-en-el-plan-piloto-de-ley-de-transparencia\/#article","isPartOf":{"@id":"https:\/\/pagina10.com\/web\/incluyeron-a-narino-en-el-plan-piloto-de-ley-de-transparencia\/"},"author":{"name":"P\u00e1gina 10","@id":"https:\/\/pagina10.com\/web\/#\/schema\/person\/a7a5d38f0629dfc107f619fbae4f6cc3"},"headline":"Incluyeron a Nari\u00f1o en el plan piloto de Ley de Transparencia","datePublished":"2016-06-13T16:17:14+00:00","mainEntityOfPage":{"@id":"https:\/\/pagina10.com\/web\/incluyeron-a-narino-en-el-plan-piloto-de-ley-de-transparencia\/"},"wordCount":272,"commentCount":0,"publisher":{"@id":"https:\/\/pagina10.com\/web\/#organization"},"image":{"@id":"https:\/\/pagina10.com\/web\/incluyeron-a-narino-en-el-plan-piloto-de-ley-de-transparencia\/#primaryimage"},"thumbnailUrl":"https:\/\/pagina10.com\/web\/wp-content\/uploads\/2016\/06\/32ef2246115971afc63548c5edd88ead.jpg","inLanguage":"es","potentialAction":[{"@type":"CommentAction","name":"Comment","target":["https:\/\/pagina10.com\/web\/incluyeron-a-narino-en-el-plan-piloto-de-ley-de-transparencia\/#respond"]}]},{"@type":"WebPage","@id":"https:\/\/pagina10.com\/web\/incluyeron-a-narino-en-el-plan-piloto-de-ley-de-transparencia\/","url":"https:\/\/pagina10.com\/web\/incluyeron-a-narino-en-el-plan-piloto-de-ley-de-transparencia\/","name":"Incluyeron a Nari\u00f1o en el plan piloto de Ley de Transparencia | P\u00e1gina10","isPartOf":{"@id":"https:\/\/pagina10.com\/web\/#website"},"primaryImageOfPage":{"@id":"https:\/\/pagina10.com\/web\/incluyeron-a-narino-en-el-plan-piloto-de-ley-de-transparencia\/#primaryimage"},"image":{"@id":"https:\/\/pagina10.com\/web\/incluyeron-a-narino-en-el-plan-piloto-de-ley-de-transparencia\/#primaryimage"},"thumbnailUrl":"https:\/\/pagina10.com\/web\/wp-content\/uploads\/2016\/06\/32ef2246115971afc63548c5edd88ead.jpg","datePublished":"2016-06-13T16:17:14+00:00","breadcrumb":{"@id":"https:\/\/pagina10.com\/web\/incluyeron-a-narino-en-el-plan-piloto-de-ley-de-transparencia\/#breadcrumb"},"inLanguage":"es","potentialAction":[{"@type":"ReadAction","target":["https:\/\/pagina10.com\/web\/incluyeron-a-narino-en-el-plan-piloto-de-ley-de-transparencia\/"]}]},{"@type":"ImageObject","inLanguage":"es","@id":"https:\/\/pagina10.com\/web\/incluyeron-a-narino-en-el-plan-piloto-de-ley-de-transparencia\/#primaryimage","url":"https:\/\/pagina10.com\/web\/wp-content\/uploads\/2016\/06\/32ef2246115971afc63548c5edd88ead.jpg","contentUrl":"https:\/\/pagina10.com\/web\/wp-content\/uploads\/2016\/06\/32ef2246115971afc63548c5edd88ead.jpg","width":851,"height":490},{"@type":"BreadcrumbList","@id":"https:\/\/pagina10.com\/web\/incluyeron-a-narino-en-el-plan-piloto-de-ley-de-transparencia\/#breadcrumb","itemListElement":[{"@type":"ListItem","position":1,"name":"Portada","item":"https:\/\/pagina10.com\/web\/"},{"@type":"ListItem","position":2,"name":"Incluyeron a Nari\u00f1o en el plan piloto de Ley de Transparencia"}]},{"@type":"WebSite","@id":"https:\/\/pagina10.com\/web\/#website","url":"https:\/\/pagina10.com\/web\/","name":"P\u00e1gina10","description":"Peri\u00f3dico Regional","publisher":{"@id":"https:\/\/pagina10.com\/web\/#organization"},"alternateName":"P\u00e1gina10 Peri\u00f3dico Regional","potentialAction":[{"@type":"SearchAction","target":{"@type":"EntryPoint","urlTemplate":"https:\/\/pagina10.com\/web\/?s={search_term_string}"},"query-input":{"@type":"PropertyValueSpecification","valueRequired":true,"valueName":"search_term_string"}}],"inLanguage":"es"},{"@type":"Organization","@id":"https:\/\/pagina10.com\/web\/#organization","name":"P\u00e1gina10","alternateName":"P\u00e1gina10 Peri\u00f3dico Regional","url":"https:\/\/pagina10.com\/web\/","logo":{"@type":"ImageObject","inLanguage":"es","@id":"https:\/\/pagina10.com\/web\/#\/schema\/logo\/image\/","url":"https:\/\/pagina10.com\/web\/wp-content\/uploads\/2024\/01\/40-pagina-10-periodico-regional-pasto.jpg","contentUrl":"https:\/\/pagina10.com\/web\/wp-content\/uploads\/2024\/01\/40-pagina-10-periodico-regional-pasto.jpg","width":1280,"height":720,"caption":"P\u00e1gina10"},"image":{"@id":"https:\/\/pagina10.com\/web\/#\/schema\/logo\/image\/"},"sameAs":["https:\/\/www.facebook.com\/pag10com","https:\/\/x.com\/Pag10com","https:\/\/www.instagram.com\/pagina10col\/","https:\/\/youtube.com\/channel\/pag10","https:\/\/www.tiktok.com\/@p10col"]},{"@type":"Person","@id":"https:\/\/pagina10.com\/web\/#\/schema\/person\/a7a5d38f0629dfc107f619fbae4f6cc3","name":"P\u00e1gina 10","description":"P\u00e1gina10.com es un peri\u00f3dico digital que nace en Colombia, en el departamento de Nari\u00f1o, con un enfoque global, fundamentado en cuatro pilares esenciales: la libertad, el pluralismo, la inclusi\u00f3n y la independencia. P\u00e1gina10.com hace referencia a Nari\u00f1o como el d\u00e9cimo departamento creado en Colombia, despu\u00e9s de un proceso pol\u00edtico liderado por actores y actrices regionales con el fin de obtener la independencia y autonom\u00eda de nuestros territorios. Con la creaci\u00f3n de P\u00e1gina10.com se pretende abrir un escenario para el dialogo, la reflexi\u00f3n y el debate que se extienda a otras geograf\u00edas de Am\u00e9rica Latina y del planeta, en una apuesta por transformar colectivamente los desaf\u00edos de un mundo contempor\u00e1neo, m\u00e1s all\u00e1 de las fronteras impuestas.","url":"https:\/\/pagina10.com\/web\/author\/mcepeda\/"}]}},"_links":{"self":[{"href":"https:\/\/pagina10.com\/web\/wp-json\/wp\/v2\/posts\/20673","targetHints":{"allow":["GET"]}}],"collection":[{"href":"https:\/\/pagina10.com\/web\/wp-json\/wp\/v2\/posts"}],"about":[{"href":"https:\/\/pagina10.com\/web\/wp-json\/wp\/v2\/types\/post"}],"author":[{"embeddable":true,"href":"https:\/\/pagina10.com\/web\/wp-json\/wp\/v2\/users\/29"}],"replies":[{"embeddable":true,"href":"https:\/\/pagina10.com\/web\/wp-json\/wp\/v2\/comments?post=20673"}],"version-history":[{"count":0,"href":"https:\/\/pagina10.com\/web\/wp-json\/wp\/v2\/posts\/20673\/revisions"}],"wp:featuredmedia":[{"embeddable":true,"href":"https:\/\/pagina10.com\/web\/wp-json\/wp\/v2\/media\/20672"}],"wp:attachment":[{"href":"https:\/\/pagina10.com\/web\/wp-json\/wp\/v2\/media?parent=20673"}],"wp:term":[{"taxonomy":"category","embeddable":true,"href":"https:\/\/pagina10.com\/web\/wp-json\/wp\/v2\/categories?post=20673"},{"taxonomy":"post_tag","embeddable":true,"href":"https:\/\/pagina10.com\/web\/wp-json\/wp\/v2\/tags?post=20673"}],"curies":[{"name":"wp","href":"https:\/\/api.w.org\/{rel}","templated":true}]}}