{"id":20675,"date":"2016-06-13T23:18:02","date_gmt":"2016-06-13T23:18:02","guid":{"rendered":"https:\/\/pagina10.com\/web\/alimentacion-de-los-ninos-en-narino-es-mas-transparente-gracias-a-la-tecnologia\/"},"modified":"2016-06-13T23:18:02","modified_gmt":"2016-06-13T23:18:02","slug":"alimentacion-de-los-ninos-en-narino-es-mas-transparente-gracias-a-la-tecnologia","status":"publish","type":"post","link":"https:\/\/pagina10.com\/web\/alimentacion-de-los-ninos-en-narino-es-mas-transparente-gracias-a-la-tecnologia\/","title":{"rendered":"Alimentaci\u00f3n de los ni\u00f1os en Nari\u00f1o es m\u00e1s transparente gracias a la tecnolog\u00eda"},"content":{"rendered":"<p><img fetchpriority=\"high\" decoding=\"async\" class=\" size-full wp-image-20674\" src=\"https:\/\/pagina10.com\/web\/wp-content\/uploads\/2016\/06\/638b66226b34dabe312d34d9b1c8df08.jpg\" alt=\"\" width=\"342\" height=\"289\" srcset=\"https:\/\/pagina10.com\/web\/wp-content\/uploads\/2016\/06\/638b66226b34dabe312d34d9b1c8df08.jpg 342w, https:\/\/pagina10.com\/web\/wp-content\/uploads\/2016\/06\/638b66226b34dabe312d34d9b1c8df08-300x254.jpg 300w\" sizes=\"(max-width: 342px) 100vw, 342px\" \/><\/p>\n<p style=\"text-align: justify;\">&#8220;La tecnolog\u00eda es una poderosa herramienta de transformaci\u00f3n social que le permite a la ciudadan\u00eda tener una mejor relaci\u00f3n con el Estado y garantizar que los recursos p\u00fablicos sean usados de forma transparente&#8221;, asegur\u00f3 el Ministro de Tecnolog\u00edas de la Informaci\u00f3n y las Comunicaciones, David Luna S\u00e1nchez, durante el evento en el que la cartera TIC entreg\u00f3 200 tabletas para apoyar la estrategia de veedur\u00eda ciudadana al Programa de Alimentaci\u00f3n Escolar (PAE) en el departamento de Nari\u00f1o.<\/p>\n<p style=\"text-align: justify;\">El evento cont\u00f3 con la participaci\u00f3n de la Ministra de Educaci\u00f3n, Gina Parody y el Gobernador del departamento de Nari\u00f1o, Camilo Romero Galeano.<\/p>\n<p style=\"text-align: justify;\">&#8220;El programa de Alimentaci\u00f3n Escolar es viable y efectivo siempre y cuando exista compromiso social y pol\u00edtico de las entidades territoriales y con iniciativas como esta, vemos c\u00f3mo, a trav\u00e9s de las nuevas tecnolog\u00edas, se involucran comunidad y gobierno local en la protecci\u00f3n de los recursos p\u00fablicos y en garantizar que a alimentaci\u00f3n de nuestros ni\u00f1os llegue en perfectas condiciones&#8221;, indic\u00f3 la Ministra Parody.<\/p>\n<p style=\"text-align: justify;\">Desde el 2016 la Gobernaci\u00f3n de Nari\u00f1o y la Uni\u00f3n Temporal &#8220;Alimentando Nari\u00f1o&#8221; llevan a cabo la entrega de la alimentaci\u00f3n escolar a 158.638 ni\u00f1os del departamento a trav\u00e9s del PAE. Hoy, para monitorear la apropiada ejecuci\u00f3n de dichos recursos, el gobierno de Nari\u00f1o, en alianza con la aplicaci\u00f3n Soma, implementaron un proyecto para llevar a cabo una Veedur\u00eda Ciudadana usando la tecnolog\u00eda, convirtiendo a Colombia en el primer pa\u00eds en utilizar esta nueva funcionalidad de Cuentas Publicas de la aplicaci\u00f3n.<\/p>\n<p style=\"text-align: justify;\">A trav\u00e9s de esta aplicaci\u00f3n, y en la&nbsp;Cuenta P\u00fablica GANA PAE,&nbsp;se registrar\u00e1n en tiempo real la calidad de alimentos entregados con recursos del PAE. Este reporte es confidencial y privado entre el administrador y el usuario. La informaci\u00f3n recibida se exporta en un formato de hoja de c\u00e1lculo que alimenta un gestor de alertas tempranas que notifican los implicados para dar soluci\u00f3n a la queja o para hacer seguimiento a las entregas que no presentan novedades.<\/p>\n<p style=\"text-align: justify;\">Soma es una aplicaci\u00f3n gratuita creada por el nari\u00f1ense Mario Chamorro, la cual logr\u00f3 en 7 meses tener 20 millones de usuarios.<\/p>\n","protected":false},"excerpt":{"rendered":"<p>&#8220;La tecnolog\u00eda es una poderosa herramienta de transformaci\u00f3n social que le permite a la ciudadan\u00eda tener una mejor relaci\u00f3n con el Estado y garantizar que los recursos p\u00fablicos sean usados de forma transparente&#8221;, asegur\u00f3 el Ministro de Tecnolog\u00edas de la Informaci\u00f3n y las Comunicaciones, David Luna S\u00e1nchez, durante el evento en el que la cartera [&hellip;]<\/p>\n","protected":false},"author":29,"featured_media":20674,"comment_status":"open","ping_status":"open","sticky":false,"template":"","format":"standard","meta":{"footnotes":""},"categories":[1],"tags":[],"class_list":["post-20675","post","type-post","status-publish","format-standard","has-post-thumbnail","hentry","category-sin-categoria"],"yoast_head":"<!-- This site is optimized with the Yoast SEO plugin v27.1.1 - https:\/\/yoast.com\/product\/yoast-seo-wordpress\/ -->\n<title>Alimentaci\u00f3n de los ni\u00f1os en Nari\u00f1o es m\u00e1s transparente gracias a la tecnolog\u00eda | P\u00e1gina10<\/title>\n<meta name=\"robots\" content=\"index, follow, max-snippet:-1, max-image-preview:large, max-video-preview:-1\" \/>\n<link rel=\"canonical\" href=\"https:\/\/pagina10.com\/web\/alimentacion-de-los-ninos-en-narino-es-mas-transparente-gracias-a-la-tecnologia\/\" \/>\n<meta property=\"og:locale\" content=\"es_ES\" \/>\n<meta property=\"og:type\" content=\"article\" \/>\n<meta property=\"og:title\" content=\"Alimentaci\u00f3n de los ni\u00f1os en Nari\u00f1o es m\u00e1s transparente gracias a la tecnolog\u00eda | P\u00e1gina10\" \/>\n<meta property=\"og:description\" content=\"&#8220;La tecnolog\u00eda es una poderosa herramienta de transformaci\u00f3n social que le permite a la ciudadan\u00eda tener una mejor relaci\u00f3n con el Estado y garantizar que los recursos p\u00fablicos sean usados de forma transparente&#8221;, asegur\u00f3 el Ministro de Tecnolog\u00edas de la Informaci\u00f3n y las Comunicaciones, David Luna S\u00e1nchez, durante el evento en el que la cartera [&hellip;]\" \/>\n<meta property=\"og:url\" content=\"https:\/\/pagina10.com\/web\/alimentacion-de-los-ninos-en-narino-es-mas-transparente-gracias-a-la-tecnologia\/\" \/>\n<meta property=\"og:site_name\" content=\"P\u00e1gina10\" \/>\n<meta property=\"article:publisher\" content=\"https:\/\/www.facebook.com\/pag10com\" \/>\n<meta property=\"article:published_time\" content=\"2016-06-13T23:18:02+00:00\" \/>\n<meta property=\"og:image\" content=\"https:\/\/pagina10.com\/web\/wp-content\/uploads\/2016\/06\/638b66226b34dabe312d34d9b1c8df08.jpg\" \/>\n\t<meta property=\"og:image:width\" content=\"342\" \/>\n\t<meta property=\"og:image:height\" content=\"289\" \/>\n\t<meta property=\"og:image:type\" content=\"image\/jpeg\" \/>\n<meta name=\"author\" content=\"P\u00e1gina 10\" \/>\n<meta name=\"twitter:card\" content=\"summary_large_image\" \/>\n<meta name=\"twitter:creator\" content=\"@Pag10com\" \/>\n<meta name=\"twitter:site\" content=\"@Pag10com\" \/>\n<meta name=\"twitter:label1\" content=\"Escrito por\" \/>\n\t<meta name=\"twitter:data1\" content=\"P\u00e1gina 10\" \/>\n\t<meta name=\"twitter:label2\" content=\"Tiempo de lectura\" \/>\n\t<meta name=\"twitter:data2\" content=\"2 minutos\" \/>\n<script type=\"application\/ld+json\" class=\"yoast-schema-graph\">{\"@context\":\"https:\/\/schema.org\",\"@graph\":[{\"@type\":\"Article\",\"@id\":\"https:\/\/pagina10.com\/web\/alimentacion-de-los-ninos-en-narino-es-mas-transparente-gracias-a-la-tecnologia\/#article\",\"isPartOf\":{\"@id\":\"https:\/\/pagina10.com\/web\/alimentacion-de-los-ninos-en-narino-es-mas-transparente-gracias-a-la-tecnologia\/\"},\"author\":{\"name\":\"P\u00e1gina 10\",\"@id\":\"https:\/\/pagina10.com\/web\/#\/schema\/person\/a7a5d38f0629dfc107f619fbae4f6cc3\"},\"headline\":\"Alimentaci\u00f3n de los ni\u00f1os en Nari\u00f1o es m\u00e1s transparente gracias a la tecnolog\u00eda\",\"datePublished\":\"2016-06-13T23:18:02+00:00\",\"mainEntityOfPage\":{\"@id\":\"https:\/\/pagina10.com\/web\/alimentacion-de-los-ninos-en-narino-es-mas-transparente-gracias-a-la-tecnologia\/\"},\"wordCount\":406,\"commentCount\":0,\"publisher\":{\"@id\":\"https:\/\/pagina10.com\/web\/#organization\"},\"image\":{\"@id\":\"https:\/\/pagina10.com\/web\/alimentacion-de-los-ninos-en-narino-es-mas-transparente-gracias-a-la-tecnologia\/#primaryimage\"},\"thumbnailUrl\":\"https:\/\/pagina10.com\/web\/wp-content\/uploads\/2016\/06\/638b66226b34dabe312d34d9b1c8df08.jpg\",\"inLanguage\":\"es\",\"potentialAction\":[{\"@type\":\"CommentAction\",\"name\":\"Comment\",\"target\":[\"https:\/\/pagina10.com\/web\/alimentacion-de-los-ninos-en-narino-es-mas-transparente-gracias-a-la-tecnologia\/#respond\"]}]},{\"@type\":\"WebPage\",\"@id\":\"https:\/\/pagina10.com\/web\/alimentacion-de-los-ninos-en-narino-es-mas-transparente-gracias-a-la-tecnologia\/\",\"url\":\"https:\/\/pagina10.com\/web\/alimentacion-de-los-ninos-en-narino-es-mas-transparente-gracias-a-la-tecnologia\/\",\"name\":\"Alimentaci\u00f3n de los ni\u00f1os en Nari\u00f1o es m\u00e1s transparente gracias a la tecnolog\u00eda | P\u00e1gina10\",\"isPartOf\":{\"@id\":\"https:\/\/pagina10.com\/web\/#website\"},\"primaryImageOfPage\":{\"@id\":\"https:\/\/pagina10.com\/web\/alimentacion-de-los-ninos-en-narino-es-mas-transparente-gracias-a-la-tecnologia\/#primaryimage\"},\"image\":{\"@id\":\"https:\/\/pagina10.com\/web\/alimentacion-de-los-ninos-en-narino-es-mas-transparente-gracias-a-la-tecnologia\/#primaryimage\"},\"thumbnailUrl\":\"https:\/\/pagina10.com\/web\/wp-content\/uploads\/2016\/06\/638b66226b34dabe312d34d9b1c8df08.jpg\",\"datePublished\":\"2016-06-13T23:18:02+00:00\",\"breadcrumb\":{\"@id\":\"https:\/\/pagina10.com\/web\/alimentacion-de-los-ninos-en-narino-es-mas-transparente-gracias-a-la-tecnologia\/#breadcrumb\"},\"inLanguage\":\"es\",\"potentialAction\":[{\"@type\":\"ReadAction\",\"target\":[\"https:\/\/pagina10.com\/web\/alimentacion-de-los-ninos-en-narino-es-mas-transparente-gracias-a-la-tecnologia\/\"]}]},{\"@type\":\"ImageObject\",\"inLanguage\":\"es\",\"@id\":\"https:\/\/pagina10.com\/web\/alimentacion-de-los-ninos-en-narino-es-mas-transparente-gracias-a-la-tecnologia\/#primaryimage\",\"url\":\"https:\/\/pagina10.com\/web\/wp-content\/uploads\/2016\/06\/638b66226b34dabe312d34d9b1c8df08.jpg\",\"contentUrl\":\"https:\/\/pagina10.com\/web\/wp-content\/uploads\/2016\/06\/638b66226b34dabe312d34d9b1c8df08.jpg\",\"width\":342,\"height\":289},{\"@type\":\"BreadcrumbList\",\"@id\":\"https:\/\/pagina10.com\/web\/alimentacion-de-los-ninos-en-narino-es-mas-transparente-gracias-a-la-tecnologia\/#breadcrumb\",\"itemListElement\":[{\"@type\":\"ListItem\",\"position\":1,\"name\":\"Portada\",\"item\":\"https:\/\/pagina10.com\/web\/\"},{\"@type\":\"ListItem\",\"position\":2,\"name\":\"Alimentaci\u00f3n de los ni\u00f1os en Nari\u00f1o es m\u00e1s transparente gracias a la tecnolog\u00eda\"}]},{\"@type\":\"WebSite\",\"@id\":\"https:\/\/pagina10.com\/web\/#website\",\"url\":\"https:\/\/pagina10.com\/web\/\",\"name\":\"P\u00e1gina10\",\"description\":\"Peri\u00f3dico Regional\",\"publisher\":{\"@id\":\"https:\/\/pagina10.com\/web\/#organization\"},\"alternateName\":\"P\u00e1gina10 Peri\u00f3dico Regional\",\"potentialAction\":[{\"@type\":\"SearchAction\",\"target\":{\"@type\":\"EntryPoint\",\"urlTemplate\":\"https:\/\/pagina10.com\/web\/?s={search_term_string}\"},\"query-input\":{\"@type\":\"PropertyValueSpecification\",\"valueRequired\":true,\"valueName\":\"search_term_string\"}}],\"inLanguage\":\"es\"},{\"@type\":\"Organization\",\"@id\":\"https:\/\/pagina10.com\/web\/#organization\",\"name\":\"P\u00e1gina10\",\"alternateName\":\"P\u00e1gina10 Peri\u00f3dico Regional\",\"url\":\"https:\/\/pagina10.com\/web\/\",\"logo\":{\"@type\":\"ImageObject\",\"inLanguage\":\"es\",\"@id\":\"https:\/\/pagina10.com\/web\/#\/schema\/logo\/image\/\",\"url\":\"https:\/\/pagina10.com\/web\/wp-content\/uploads\/2024\/01\/40-pagina-10-periodico-regional-pasto.jpg\",\"contentUrl\":\"https:\/\/pagina10.com\/web\/wp-content\/uploads\/2024\/01\/40-pagina-10-periodico-regional-pasto.jpg\",\"width\":1280,\"height\":720,\"caption\":\"P\u00e1gina10\"},\"image\":{\"@id\":\"https:\/\/pagina10.com\/web\/#\/schema\/logo\/image\/\"},\"sameAs\":[\"https:\/\/www.facebook.com\/pag10com\",\"https:\/\/x.com\/Pag10com\",\"https:\/\/www.instagram.com\/pagina10col\/\",\"https:\/\/youtube.com\/channel\/pag10\",\"https:\/\/www.tiktok.com\/@p10col\"]},{\"@type\":\"Person\",\"@id\":\"https:\/\/pagina10.com\/web\/#\/schema\/person\/a7a5d38f0629dfc107f619fbae4f6cc3\",\"name\":\"P\u00e1gina 10\",\"description\":\"P\u00e1gina10.com es un peri\u00f3dico digital que nace en Colombia, en el departamento de Nari\u00f1o, con un enfoque global, fundamentado en cuatro pilares esenciales: la libertad, el pluralismo, la inclusi\u00f3n y la independencia. P\u00e1gina10.com hace referencia a Nari\u00f1o como el d\u00e9cimo departamento creado en Colombia, despu\u00e9s de un proceso pol\u00edtico liderado por actores y actrices regionales con el fin de obtener la independencia y autonom\u00eda de nuestros territorios. Con la creaci\u00f3n de P\u00e1gina10.com se pretende abrir un escenario para el dialogo, la reflexi\u00f3n y el debate que se extienda a otras geograf\u00edas de Am\u00e9rica Latina y del planeta, en una apuesta por transformar colectivamente los desaf\u00edos de un mundo contempor\u00e1neo, m\u00e1s all\u00e1 de las fronteras impuestas.\",\"url\":\"https:\/\/pagina10.com\/web\/author\/mcepeda\/\"}]}<\/script>\n<!-- \/ Yoast SEO plugin. -->","yoast_head_json":{"title":"Alimentaci\u00f3n de los ni\u00f1os en Nari\u00f1o es m\u00e1s transparente gracias a la tecnolog\u00eda | P\u00e1gina10","robots":{"index":"index","follow":"follow","max-snippet":"max-snippet:-1","max-image-preview":"max-image-preview:large","max-video-preview":"max-video-preview:-1"},"canonical":"https:\/\/pagina10.com\/web\/alimentacion-de-los-ninos-en-narino-es-mas-transparente-gracias-a-la-tecnologia\/","og_locale":"es_ES","og_type":"article","og_title":"Alimentaci\u00f3n de los ni\u00f1os en Nari\u00f1o es m\u00e1s transparente gracias a la tecnolog\u00eda | P\u00e1gina10","og_description":"&#8220;La tecnolog\u00eda es una poderosa herramienta de transformaci\u00f3n social que le permite a la ciudadan\u00eda tener una mejor relaci\u00f3n con el Estado y garantizar que los recursos p\u00fablicos sean usados de forma transparente&#8221;, asegur\u00f3 el Ministro de Tecnolog\u00edas de la Informaci\u00f3n y las Comunicaciones, David Luna S\u00e1nchez, durante el evento en el que la cartera [&hellip;]","og_url":"https:\/\/pagina10.com\/web\/alimentacion-de-los-ninos-en-narino-es-mas-transparente-gracias-a-la-tecnologia\/","og_site_name":"P\u00e1gina10","article_publisher":"https:\/\/www.facebook.com\/pag10com","article_published_time":"2016-06-13T23:18:02+00:00","og_image":[{"width":342,"height":289,"url":"https:\/\/pagina10.com\/web\/wp-content\/uploads\/2016\/06\/638b66226b34dabe312d34d9b1c8df08.jpg","type":"image\/jpeg"}],"author":"P\u00e1gina 10","twitter_card":"summary_large_image","twitter_creator":"@Pag10com","twitter_site":"@Pag10com","twitter_misc":{"Escrito por":"P\u00e1gina 10","Tiempo de lectura":"2 minutos"},"schema":{"@context":"https:\/\/schema.org","@graph":[{"@type":"Article","@id":"https:\/\/pagina10.com\/web\/alimentacion-de-los-ninos-en-narino-es-mas-transparente-gracias-a-la-tecnologia\/#article","isPartOf":{"@id":"https:\/\/pagina10.com\/web\/alimentacion-de-los-ninos-en-narino-es-mas-transparente-gracias-a-la-tecnologia\/"},"author":{"name":"P\u00e1gina 10","@id":"https:\/\/pagina10.com\/web\/#\/schema\/person\/a7a5d38f0629dfc107f619fbae4f6cc3"},"headline":"Alimentaci\u00f3n de los ni\u00f1os en Nari\u00f1o es m\u00e1s transparente gracias a la tecnolog\u00eda","datePublished":"2016-06-13T23:18:02+00:00","mainEntityOfPage":{"@id":"https:\/\/pagina10.com\/web\/alimentacion-de-los-ninos-en-narino-es-mas-transparente-gracias-a-la-tecnologia\/"},"wordCount":406,"commentCount":0,"publisher":{"@id":"https:\/\/pagina10.com\/web\/#organization"},"image":{"@id":"https:\/\/pagina10.com\/web\/alimentacion-de-los-ninos-en-narino-es-mas-transparente-gracias-a-la-tecnologia\/#primaryimage"},"thumbnailUrl":"https:\/\/pagina10.com\/web\/wp-content\/uploads\/2016\/06\/638b66226b34dabe312d34d9b1c8df08.jpg","inLanguage":"es","potentialAction":[{"@type":"CommentAction","name":"Comment","target":["https:\/\/pagina10.com\/web\/alimentacion-de-los-ninos-en-narino-es-mas-transparente-gracias-a-la-tecnologia\/#respond"]}]},{"@type":"WebPage","@id":"https:\/\/pagina10.com\/web\/alimentacion-de-los-ninos-en-narino-es-mas-transparente-gracias-a-la-tecnologia\/","url":"https:\/\/pagina10.com\/web\/alimentacion-de-los-ninos-en-narino-es-mas-transparente-gracias-a-la-tecnologia\/","name":"Alimentaci\u00f3n de los ni\u00f1os en Nari\u00f1o es m\u00e1s transparente gracias a la tecnolog\u00eda | P\u00e1gina10","isPartOf":{"@id":"https:\/\/pagina10.com\/web\/#website"},"primaryImageOfPage":{"@id":"https:\/\/pagina10.com\/web\/alimentacion-de-los-ninos-en-narino-es-mas-transparente-gracias-a-la-tecnologia\/#primaryimage"},"image":{"@id":"https:\/\/pagina10.com\/web\/alimentacion-de-los-ninos-en-narino-es-mas-transparente-gracias-a-la-tecnologia\/#primaryimage"},"thumbnailUrl":"https:\/\/pagina10.com\/web\/wp-content\/uploads\/2016\/06\/638b66226b34dabe312d34d9b1c8df08.jpg","datePublished":"2016-06-13T23:18:02+00:00","breadcrumb":{"@id":"https:\/\/pagina10.com\/web\/alimentacion-de-los-ninos-en-narino-es-mas-transparente-gracias-a-la-tecnologia\/#breadcrumb"},"inLanguage":"es","potentialAction":[{"@type":"ReadAction","target":["https:\/\/pagina10.com\/web\/alimentacion-de-los-ninos-en-narino-es-mas-transparente-gracias-a-la-tecnologia\/"]}]},{"@type":"ImageObject","inLanguage":"es","@id":"https:\/\/pagina10.com\/web\/alimentacion-de-los-ninos-en-narino-es-mas-transparente-gracias-a-la-tecnologia\/#primaryimage","url":"https:\/\/pagina10.com\/web\/wp-content\/uploads\/2016\/06\/638b66226b34dabe312d34d9b1c8df08.jpg","contentUrl":"https:\/\/pagina10.com\/web\/wp-content\/uploads\/2016\/06\/638b66226b34dabe312d34d9b1c8df08.jpg","width":342,"height":289},{"@type":"BreadcrumbList","@id":"https:\/\/pagina10.com\/web\/alimentacion-de-los-ninos-en-narino-es-mas-transparente-gracias-a-la-tecnologia\/#breadcrumb","itemListElement":[{"@type":"ListItem","position":1,"name":"Portada","item":"https:\/\/pagina10.com\/web\/"},{"@type":"ListItem","position":2,"name":"Alimentaci\u00f3n de los ni\u00f1os en Nari\u00f1o es m\u00e1s transparente gracias a la tecnolog\u00eda"}]},{"@type":"WebSite","@id":"https:\/\/pagina10.com\/web\/#website","url":"https:\/\/pagina10.com\/web\/","name":"P\u00e1gina10","description":"Peri\u00f3dico Regional","publisher":{"@id":"https:\/\/pagina10.com\/web\/#organization"},"alternateName":"P\u00e1gina10 Peri\u00f3dico Regional","potentialAction":[{"@type":"SearchAction","target":{"@type":"EntryPoint","urlTemplate":"https:\/\/pagina10.com\/web\/?s={search_term_string}"},"query-input":{"@type":"PropertyValueSpecification","valueRequired":true,"valueName":"search_term_string"}}],"inLanguage":"es"},{"@type":"Organization","@id":"https:\/\/pagina10.com\/web\/#organization","name":"P\u00e1gina10","alternateName":"P\u00e1gina10 Peri\u00f3dico Regional","url":"https:\/\/pagina10.com\/web\/","logo":{"@type":"ImageObject","inLanguage":"es","@id":"https:\/\/pagina10.com\/web\/#\/schema\/logo\/image\/","url":"https:\/\/pagina10.com\/web\/wp-content\/uploads\/2024\/01\/40-pagina-10-periodico-regional-pasto.jpg","contentUrl":"https:\/\/pagina10.com\/web\/wp-content\/uploads\/2024\/01\/40-pagina-10-periodico-regional-pasto.jpg","width":1280,"height":720,"caption":"P\u00e1gina10"},"image":{"@id":"https:\/\/pagina10.com\/web\/#\/schema\/logo\/image\/"},"sameAs":["https:\/\/www.facebook.com\/pag10com","https:\/\/x.com\/Pag10com","https:\/\/www.instagram.com\/pagina10col\/","https:\/\/youtube.com\/channel\/pag10","https:\/\/www.tiktok.com\/@p10col"]},{"@type":"Person","@id":"https:\/\/pagina10.com\/web\/#\/schema\/person\/a7a5d38f0629dfc107f619fbae4f6cc3","name":"P\u00e1gina 10","description":"P\u00e1gina10.com es un peri\u00f3dico digital que nace en Colombia, en el departamento de Nari\u00f1o, con un enfoque global, fundamentado en cuatro pilares esenciales: la libertad, el pluralismo, la inclusi\u00f3n y la independencia. P\u00e1gina10.com hace referencia a Nari\u00f1o como el d\u00e9cimo departamento creado en Colombia, despu\u00e9s de un proceso pol\u00edtico liderado por actores y actrices regionales con el fin de obtener la independencia y autonom\u00eda de nuestros territorios. Con la creaci\u00f3n de P\u00e1gina10.com se pretende abrir un escenario para el dialogo, la reflexi\u00f3n y el debate que se extienda a otras geograf\u00edas de Am\u00e9rica Latina y del planeta, en una apuesta por transformar colectivamente los desaf\u00edos de un mundo contempor\u00e1neo, m\u00e1s all\u00e1 de las fronteras impuestas.","url":"https:\/\/pagina10.com\/web\/author\/mcepeda\/"}]}},"_links":{"self":[{"href":"https:\/\/pagina10.com\/web\/wp-json\/wp\/v2\/posts\/20675","targetHints":{"allow":["GET"]}}],"collection":[{"href":"https:\/\/pagina10.com\/web\/wp-json\/wp\/v2\/posts"}],"about":[{"href":"https:\/\/pagina10.com\/web\/wp-json\/wp\/v2\/types\/post"}],"author":[{"embeddable":true,"href":"https:\/\/pagina10.com\/web\/wp-json\/wp\/v2\/users\/29"}],"replies":[{"embeddable":true,"href":"https:\/\/pagina10.com\/web\/wp-json\/wp\/v2\/comments?post=20675"}],"version-history":[{"count":0,"href":"https:\/\/pagina10.com\/web\/wp-json\/wp\/v2\/posts\/20675\/revisions"}],"wp:featuredmedia":[{"embeddable":true,"href":"https:\/\/pagina10.com\/web\/wp-json\/wp\/v2\/media\/20674"}],"wp:attachment":[{"href":"https:\/\/pagina10.com\/web\/wp-json\/wp\/v2\/media?parent=20675"}],"wp:term":[{"taxonomy":"category","embeddable":true,"href":"https:\/\/pagina10.com\/web\/wp-json\/wp\/v2\/categories?post=20675"},{"taxonomy":"post_tag","embeddable":true,"href":"https:\/\/pagina10.com\/web\/wp-json\/wp\/v2\/tags?post=20675"}],"curies":[{"name":"wp","href":"https:\/\/api.w.org\/{rel}","templated":true}]}}