{"id":20679,"date":"2016-06-14T23:00:34","date_gmt":"2016-06-14T23:00:34","guid":{"rendered":"https:\/\/pagina10.com\/web\/la-u-n-sede-tumaco-crece-en-obras-y-programas-academicos\/"},"modified":"2016-06-14T23:00:34","modified_gmt":"2016-06-14T23:00:34","slug":"la-u-n-sede-tumaco-crece-en-obras-y-programas-academicos","status":"publish","type":"post","link":"https:\/\/pagina10.com\/web\/la-u-n-sede-tumaco-crece-en-obras-y-programas-academicos\/","title":{"rendered":"La U.N. Sede Tumaco crece en obras y programas acad\u00e9micos"},"content":{"rendered":"<p><img fetchpriority=\"high\" decoding=\"async\" class=\" size-full wp-image-20678\" src=\"https:\/\/pagina10.com\/web\/wp-content\/uploads\/2016\/06\/441d679d418591598c12c503f78a488c.jpg\" alt=\"\" width=\"876\" height=\"569\" srcset=\"https:\/\/pagina10.com\/web\/wp-content\/uploads\/2016\/06\/441d679d418591598c12c503f78a488c.jpg 876w, https:\/\/pagina10.com\/web\/wp-content\/uploads\/2016\/06\/441d679d418591598c12c503f78a488c-300x195.jpg 300w, https:\/\/pagina10.com\/web\/wp-content\/uploads\/2016\/06\/441d679d418591598c12c503f78a488c-768x499.jpg 768w, https:\/\/pagina10.com\/web\/wp-content\/uploads\/2016\/06\/441d679d418591598c12c503f78a488c-210x136.jpg 210w\" sizes=\"(max-width: 876px) 100vw, 876px\" \/><\/p>\n<div style=\"text-align: justify;\">Tres semestres acad\u00e9micos en programas de pregrado y 11 estudiantes de posgrado graduados de la Especializaci\u00f3n en Cultivos Industriales Perennes son algunas de las realizaciones acad\u00e9micas de la Universidad Nacional de Colombia Sede Tumaco.<\/div>\n<div style=\"text-align: justify;\">&nbsp;<\/div>\n<div style=\"text-align: justify;\">As\u00ed lo dio a conocer el director, Luis Enrique Gil, quien adem\u00e1s destac\u00f3 los convenios interinstitucionales logrados con empresas como Bancolombia y la ejecuci\u00f3n del proyecto \u201cSue\u00f1os de paz\u201d, as\u00ed como la reingenier\u00eda organizacional de la DIMAR.&nbsp;<\/div>\n<div style=\"text-align: justify;\">Desde la Sede, fundada en 1997, tambi\u00e9n se han establecido relaciones con la Alcald\u00eda de Tumaco, el Instituto de Estudios del Pac\u00edfico, Corpoica y C\u00e1mara de Comercio, para que dentro del plan de desarrollo municipal tengan en cuenta sectores agr\u00edcolas potenciales como cacao, coco y pl\u00e1tano, de tal manera que la regi\u00f3n tenga un desarrollo propio.&nbsp;<\/div>\n<div style=\"text-align: justify;\">En materia de logros acad\u00e9micos, la U.N Sede Tumaco ha abierto, adem\u00e1s de las carreras de las facultades de Ingenier\u00eda y Ciencias Econ\u00f3micas, los programas de Ling\u00fc\u00edstica y Filolog\u00eda e Idiomas Ingl\u00e9s. En tal sentido, se seguir\u00e1 trabajado en la implementaci\u00f3n de programas de Trabajo Social, Sociolog\u00eda y Psicolog\u00eda.&nbsp;<\/div>\n<div style=\"text-align: justify;\">En infraestructura, el directivo record\u00f3 que en 2013 inici\u00f3 la primera fase de dise\u00f1o del campus universitario de la Sede Tumaco y a la fecha cuenta con un edificio y dos contenedores destinados al funcionamiento de aulas de clase, inform\u00e1tica y oficinas, adem\u00e1s de un edificio adicional para la cimentaci\u00f3n de ba\u00f1os.&nbsp;<\/div>\n<div style=\"text-align: justify;\">Seg\u00fan el directivo, en octubre de 2016 iniciar\u00e1 la construcci\u00f3n de cuatro edificios adicionales para aulas, laboratorios, auditorio, restaurante, un espacio de Bienestar y canchas deportivas, que finalizar\u00e1 en marzo de 2018. Para ello, se requiere una inversi\u00f3n de 36.000 millones de pesos, de los cuales el Gobierno holand\u00e9s cubrir\u00e1 el 35 % y Colombia el 65 % restante.&nbsp;<\/div>\n<div style=\"text-align: justify;\">El inicio de la segunda fase se proyecta para cinco a\u00f1os despu\u00e9s de la culminaci\u00f3n de la primera e incluir\u00e1 m\u00e1s aulas, laboratorios, museo y un sendero ecol\u00f3gico, explic\u00f3 el profesor Gil.&nbsp;<\/div>\n<div style=\"text-align: justify;\">En la jornada de rendici\u00f3n de cuentas de la Sede, realizada el 9 de junio de 2016 en las instalaciones de la DIAN, en el municipio de San Andr\u00e9s de Tumaco, participaron, adem\u00e1s del director Gil, el director del Instituto de Investigaciones del Pac\u00edfico, Juan Edilberto Rinc\u00f3n; la coordinadora acad\u00e9mica de la Sede Tumaco, Luz Amparo Fajardo; y la secretaria de Sede, Sandra Vergara.&nbsp;<\/div>\n<div style=\"text-align: justify;\">Entre las realizaciones de la Sede fueron mencionadas, adem\u00e1s, la participaci\u00f3n en el Primer encuentro binacional con Ecuador, que ten\u00eda como tema central la marimba, instrumento musical de uso ancestral de las culturas afrodescendientes. Esta gesti\u00f3n estuvo a cargo de la Facultad de Artes y cont\u00f3 con la participaci\u00f3n de estudiantes de distintas zonas del Pac\u00edfico.&nbsp;<\/div>\n<div style=\"text-align: justify;\">Por otra parte, se anunci\u00f3 que se mantendr\u00e1 el convenio existente con Korea Fundation, la Universidad de Nuevo Le\u00f3n y el Centro de Estudios Asi\u00e1ticos, para dictar cursos virtuales sobre temas de relaciones en el Pac\u00edfico, implementados en el primer semestre del presente a\u00f1o.&nbsp;<\/div>\n<div style=\"text-align: justify;\">Se inform\u00f3, igualmente, que la asignatura Dimensi\u00f3n Pac\u00edfico contin\u00faa como parte de la oferta de la Sede, cuyo estudio ser\u00e1 enfocado en geograf\u00eda y territorio.&nbsp;<\/div>\n<div style=\"text-align: justify;\">El director de la Sede se\u00f1al\u00f3 que el elemento de la educaci\u00f3n presencial es una caracter\u00edstica que distingue a la U.N. con respecto a otras sedes de frontera y la posiciona como pionera en esta din\u00e1mica, pues es la sede frontera con mayor crecimiento y proyecci\u00f3n. Adem\u00e1s del compromiso de los profesionales que conforman el capital humano de la Universidad, quienes tienen siempre una evidente disposici\u00f3n a desarrollar procesos de alta calidad acad\u00e9mica, requisito que caracteriza a los profesores la U.N.<\/div>\n","protected":false},"excerpt":{"rendered":"<p>Tres semestres acad\u00e9micos en programas de pregrado y 11 estudiantes de posgrado graduados de la Especializaci\u00f3n en Cultivos Industriales Perennes son algunas de las realizaciones acad\u00e9micas de la Universidad Nacional de Colombia Sede Tumaco. &nbsp; As\u00ed lo dio a conocer el director, Luis Enrique Gil, quien adem\u00e1s destac\u00f3 los convenios interinstitucionales logrados con empresas como [&hellip;]<\/p>\n","protected":false},"author":29,"featured_media":20678,"comment_status":"open","ping_status":"open","sticky":false,"template":"","format":"standard","meta":{"footnotes":""},"categories":[1],"tags":[],"class_list":["post-20679","post","type-post","status-publish","format-standard","has-post-thumbnail","hentry","category-sin-categoria"],"yoast_head":"<!-- This site is optimized with the Yoast SEO plugin v27.1.1 - https:\/\/yoast.com\/product\/yoast-seo-wordpress\/ -->\n<title>La U.N. Sede Tumaco crece en obras y programas acad\u00e9micos | P\u00e1gina10<\/title>\n<meta name=\"robots\" content=\"index, follow, max-snippet:-1, max-image-preview:large, max-video-preview:-1\" \/>\n<link rel=\"canonical\" href=\"https:\/\/pagina10.com\/web\/la-u-n-sede-tumaco-crece-en-obras-y-programas-academicos\/\" \/>\n<meta property=\"og:locale\" content=\"es_ES\" \/>\n<meta property=\"og:type\" content=\"article\" \/>\n<meta property=\"og:title\" content=\"La U.N. Sede Tumaco crece en obras y programas acad\u00e9micos | P\u00e1gina10\" \/>\n<meta property=\"og:description\" content=\"Tres semestres acad\u00e9micos en programas de pregrado y 11 estudiantes de posgrado graduados de la Especializaci\u00f3n en Cultivos Industriales Perennes son algunas de las realizaciones acad\u00e9micas de la Universidad Nacional de Colombia Sede Tumaco. &nbsp; As\u00ed lo dio a conocer el director, Luis Enrique Gil, quien adem\u00e1s destac\u00f3 los convenios interinstitucionales logrados con empresas como [&hellip;]\" \/>\n<meta property=\"og:url\" content=\"https:\/\/pagina10.com\/web\/la-u-n-sede-tumaco-crece-en-obras-y-programas-academicos\/\" \/>\n<meta property=\"og:site_name\" content=\"P\u00e1gina10\" \/>\n<meta property=\"article:publisher\" content=\"https:\/\/www.facebook.com\/pag10com\" \/>\n<meta property=\"article:published_time\" content=\"2016-06-14T23:00:34+00:00\" \/>\n<meta property=\"og:image\" content=\"https:\/\/pagina10.com\/web\/wp-content\/uploads\/2016\/06\/441d679d418591598c12c503f78a488c.jpg\" \/>\n\t<meta property=\"og:image:width\" content=\"876\" \/>\n\t<meta property=\"og:image:height\" content=\"569\" \/>\n\t<meta property=\"og:image:type\" content=\"image\/jpeg\" \/>\n<meta name=\"author\" content=\"P\u00e1gina 10\" \/>\n<meta name=\"twitter:card\" content=\"summary_large_image\" \/>\n<meta name=\"twitter:creator\" content=\"@Pag10com\" \/>\n<meta name=\"twitter:site\" content=\"@Pag10com\" \/>\n<meta name=\"twitter:label1\" content=\"Escrito por\" \/>\n\t<meta name=\"twitter:data1\" content=\"P\u00e1gina 10\" \/>\n\t<meta name=\"twitter:label2\" content=\"Tiempo de lectura\" \/>\n\t<meta name=\"twitter:data2\" content=\"3 minutos\" \/>\n<script type=\"application\/ld+json\" class=\"yoast-schema-graph\">{\"@context\":\"https:\/\/schema.org\",\"@graph\":[{\"@type\":\"Article\",\"@id\":\"https:\/\/pagina10.com\/web\/la-u-n-sede-tumaco-crece-en-obras-y-programas-academicos\/#article\",\"isPartOf\":{\"@id\":\"https:\/\/pagina10.com\/web\/la-u-n-sede-tumaco-crece-en-obras-y-programas-academicos\/\"},\"author\":{\"name\":\"P\u00e1gina 10\",\"@id\":\"https:\/\/pagina10.com\/web\/#\/schema\/person\/a7a5d38f0629dfc107f619fbae4f6cc3\"},\"headline\":\"La U.N. Sede Tumaco crece en obras y programas acad\u00e9micos\",\"datePublished\":\"2016-06-14T23:00:34+00:00\",\"mainEntityOfPage\":{\"@id\":\"https:\/\/pagina10.com\/web\/la-u-n-sede-tumaco-crece-en-obras-y-programas-academicos\/\"},\"wordCount\":669,\"commentCount\":0,\"publisher\":{\"@id\":\"https:\/\/pagina10.com\/web\/#organization\"},\"image\":{\"@id\":\"https:\/\/pagina10.com\/web\/la-u-n-sede-tumaco-crece-en-obras-y-programas-academicos\/#primaryimage\"},\"thumbnailUrl\":\"https:\/\/pagina10.com\/web\/wp-content\/uploads\/2016\/06\/441d679d418591598c12c503f78a488c.jpg\",\"inLanguage\":\"es\",\"potentialAction\":[{\"@type\":\"CommentAction\",\"name\":\"Comment\",\"target\":[\"https:\/\/pagina10.com\/web\/la-u-n-sede-tumaco-crece-en-obras-y-programas-academicos\/#respond\"]}]},{\"@type\":\"WebPage\",\"@id\":\"https:\/\/pagina10.com\/web\/la-u-n-sede-tumaco-crece-en-obras-y-programas-academicos\/\",\"url\":\"https:\/\/pagina10.com\/web\/la-u-n-sede-tumaco-crece-en-obras-y-programas-academicos\/\",\"name\":\"La U.N. Sede Tumaco crece en obras y programas acad\u00e9micos | P\u00e1gina10\",\"isPartOf\":{\"@id\":\"https:\/\/pagina10.com\/web\/#website\"},\"primaryImageOfPage\":{\"@id\":\"https:\/\/pagina10.com\/web\/la-u-n-sede-tumaco-crece-en-obras-y-programas-academicos\/#primaryimage\"},\"image\":{\"@id\":\"https:\/\/pagina10.com\/web\/la-u-n-sede-tumaco-crece-en-obras-y-programas-academicos\/#primaryimage\"},\"thumbnailUrl\":\"https:\/\/pagina10.com\/web\/wp-content\/uploads\/2016\/06\/441d679d418591598c12c503f78a488c.jpg\",\"datePublished\":\"2016-06-14T23:00:34+00:00\",\"breadcrumb\":{\"@id\":\"https:\/\/pagina10.com\/web\/la-u-n-sede-tumaco-crece-en-obras-y-programas-academicos\/#breadcrumb\"},\"inLanguage\":\"es\",\"potentialAction\":[{\"@type\":\"ReadAction\",\"target\":[\"https:\/\/pagina10.com\/web\/la-u-n-sede-tumaco-crece-en-obras-y-programas-academicos\/\"]}]},{\"@type\":\"ImageObject\",\"inLanguage\":\"es\",\"@id\":\"https:\/\/pagina10.com\/web\/la-u-n-sede-tumaco-crece-en-obras-y-programas-academicos\/#primaryimage\",\"url\":\"https:\/\/pagina10.com\/web\/wp-content\/uploads\/2016\/06\/441d679d418591598c12c503f78a488c.jpg\",\"contentUrl\":\"https:\/\/pagina10.com\/web\/wp-content\/uploads\/2016\/06\/441d679d418591598c12c503f78a488c.jpg\",\"width\":876,\"height\":569},{\"@type\":\"BreadcrumbList\",\"@id\":\"https:\/\/pagina10.com\/web\/la-u-n-sede-tumaco-crece-en-obras-y-programas-academicos\/#breadcrumb\",\"itemListElement\":[{\"@type\":\"ListItem\",\"position\":1,\"name\":\"Portada\",\"item\":\"https:\/\/pagina10.com\/web\/\"},{\"@type\":\"ListItem\",\"position\":2,\"name\":\"La U.N. Sede Tumaco crece en obras y programas acad\u00e9micos\"}]},{\"@type\":\"WebSite\",\"@id\":\"https:\/\/pagina10.com\/web\/#website\",\"url\":\"https:\/\/pagina10.com\/web\/\",\"name\":\"P\u00e1gina10\",\"description\":\"Peri\u00f3dico Regional\",\"publisher\":{\"@id\":\"https:\/\/pagina10.com\/web\/#organization\"},\"alternateName\":\"P\u00e1gina10 Peri\u00f3dico Regional\",\"potentialAction\":[{\"@type\":\"SearchAction\",\"target\":{\"@type\":\"EntryPoint\",\"urlTemplate\":\"https:\/\/pagina10.com\/web\/?s={search_term_string}\"},\"query-input\":{\"@type\":\"PropertyValueSpecification\",\"valueRequired\":true,\"valueName\":\"search_term_string\"}}],\"inLanguage\":\"es\"},{\"@type\":\"Organization\",\"@id\":\"https:\/\/pagina10.com\/web\/#organization\",\"name\":\"P\u00e1gina10\",\"alternateName\":\"P\u00e1gina10 Peri\u00f3dico Regional\",\"url\":\"https:\/\/pagina10.com\/web\/\",\"logo\":{\"@type\":\"ImageObject\",\"inLanguage\":\"es\",\"@id\":\"https:\/\/pagina10.com\/web\/#\/schema\/logo\/image\/\",\"url\":\"https:\/\/pagina10.com\/web\/wp-content\/uploads\/2024\/01\/40-pagina-10-periodico-regional-pasto.jpg\",\"contentUrl\":\"https:\/\/pagina10.com\/web\/wp-content\/uploads\/2024\/01\/40-pagina-10-periodico-regional-pasto.jpg\",\"width\":1280,\"height\":720,\"caption\":\"P\u00e1gina10\"},\"image\":{\"@id\":\"https:\/\/pagina10.com\/web\/#\/schema\/logo\/image\/\"},\"sameAs\":[\"https:\/\/www.facebook.com\/pag10com\",\"https:\/\/x.com\/Pag10com\",\"https:\/\/www.instagram.com\/pagina10col\/\",\"https:\/\/youtube.com\/channel\/pag10\",\"https:\/\/www.tiktok.com\/@p10col\"]},{\"@type\":\"Person\",\"@id\":\"https:\/\/pagina10.com\/web\/#\/schema\/person\/a7a5d38f0629dfc107f619fbae4f6cc3\",\"name\":\"P\u00e1gina 10\",\"description\":\"P\u00e1gina10.com es un peri\u00f3dico digital que nace en Colombia, en el departamento de Nari\u00f1o, con un enfoque global, fundamentado en cuatro pilares esenciales: la libertad, el pluralismo, la inclusi\u00f3n y la independencia. P\u00e1gina10.com hace referencia a Nari\u00f1o como el d\u00e9cimo departamento creado en Colombia, despu\u00e9s de un proceso pol\u00edtico liderado por actores y actrices regionales con el fin de obtener la independencia y autonom\u00eda de nuestros territorios. Con la creaci\u00f3n de P\u00e1gina10.com se pretende abrir un escenario para el dialogo, la reflexi\u00f3n y el debate que se extienda a otras geograf\u00edas de Am\u00e9rica Latina y del planeta, en una apuesta por transformar colectivamente los desaf\u00edos de un mundo contempor\u00e1neo, m\u00e1s all\u00e1 de las fronteras impuestas.\",\"url\":\"https:\/\/pagina10.com\/web\/author\/mcepeda\/\"}]}<\/script>\n<!-- \/ Yoast SEO plugin. -->","yoast_head_json":{"title":"La U.N. Sede Tumaco crece en obras y programas acad\u00e9micos | P\u00e1gina10","robots":{"index":"index","follow":"follow","max-snippet":"max-snippet:-1","max-image-preview":"max-image-preview:large","max-video-preview":"max-video-preview:-1"},"canonical":"https:\/\/pagina10.com\/web\/la-u-n-sede-tumaco-crece-en-obras-y-programas-academicos\/","og_locale":"es_ES","og_type":"article","og_title":"La U.N. Sede Tumaco crece en obras y programas acad\u00e9micos | P\u00e1gina10","og_description":"Tres semestres acad\u00e9micos en programas de pregrado y 11 estudiantes de posgrado graduados de la Especializaci\u00f3n en Cultivos Industriales Perennes son algunas de las realizaciones acad\u00e9micas de la Universidad Nacional de Colombia Sede Tumaco. &nbsp; As\u00ed lo dio a conocer el director, Luis Enrique Gil, quien adem\u00e1s destac\u00f3 los convenios interinstitucionales logrados con empresas como [&hellip;]","og_url":"https:\/\/pagina10.com\/web\/la-u-n-sede-tumaco-crece-en-obras-y-programas-academicos\/","og_site_name":"P\u00e1gina10","article_publisher":"https:\/\/www.facebook.com\/pag10com","article_published_time":"2016-06-14T23:00:34+00:00","og_image":[{"width":876,"height":569,"url":"https:\/\/pagina10.com\/web\/wp-content\/uploads\/2016\/06\/441d679d418591598c12c503f78a488c.jpg","type":"image\/jpeg"}],"author":"P\u00e1gina 10","twitter_card":"summary_large_image","twitter_creator":"@Pag10com","twitter_site":"@Pag10com","twitter_misc":{"Escrito por":"P\u00e1gina 10","Tiempo de lectura":"3 minutos"},"schema":{"@context":"https:\/\/schema.org","@graph":[{"@type":"Article","@id":"https:\/\/pagina10.com\/web\/la-u-n-sede-tumaco-crece-en-obras-y-programas-academicos\/#article","isPartOf":{"@id":"https:\/\/pagina10.com\/web\/la-u-n-sede-tumaco-crece-en-obras-y-programas-academicos\/"},"author":{"name":"P\u00e1gina 10","@id":"https:\/\/pagina10.com\/web\/#\/schema\/person\/a7a5d38f0629dfc107f619fbae4f6cc3"},"headline":"La U.N. Sede Tumaco crece en obras y programas acad\u00e9micos","datePublished":"2016-06-14T23:00:34+00:00","mainEntityOfPage":{"@id":"https:\/\/pagina10.com\/web\/la-u-n-sede-tumaco-crece-en-obras-y-programas-academicos\/"},"wordCount":669,"commentCount":0,"publisher":{"@id":"https:\/\/pagina10.com\/web\/#organization"},"image":{"@id":"https:\/\/pagina10.com\/web\/la-u-n-sede-tumaco-crece-en-obras-y-programas-academicos\/#primaryimage"},"thumbnailUrl":"https:\/\/pagina10.com\/web\/wp-content\/uploads\/2016\/06\/441d679d418591598c12c503f78a488c.jpg","inLanguage":"es","potentialAction":[{"@type":"CommentAction","name":"Comment","target":["https:\/\/pagina10.com\/web\/la-u-n-sede-tumaco-crece-en-obras-y-programas-academicos\/#respond"]}]},{"@type":"WebPage","@id":"https:\/\/pagina10.com\/web\/la-u-n-sede-tumaco-crece-en-obras-y-programas-academicos\/","url":"https:\/\/pagina10.com\/web\/la-u-n-sede-tumaco-crece-en-obras-y-programas-academicos\/","name":"La U.N. Sede Tumaco crece en obras y programas acad\u00e9micos | P\u00e1gina10","isPartOf":{"@id":"https:\/\/pagina10.com\/web\/#website"},"primaryImageOfPage":{"@id":"https:\/\/pagina10.com\/web\/la-u-n-sede-tumaco-crece-en-obras-y-programas-academicos\/#primaryimage"},"image":{"@id":"https:\/\/pagina10.com\/web\/la-u-n-sede-tumaco-crece-en-obras-y-programas-academicos\/#primaryimage"},"thumbnailUrl":"https:\/\/pagina10.com\/web\/wp-content\/uploads\/2016\/06\/441d679d418591598c12c503f78a488c.jpg","datePublished":"2016-06-14T23:00:34+00:00","breadcrumb":{"@id":"https:\/\/pagina10.com\/web\/la-u-n-sede-tumaco-crece-en-obras-y-programas-academicos\/#breadcrumb"},"inLanguage":"es","potentialAction":[{"@type":"ReadAction","target":["https:\/\/pagina10.com\/web\/la-u-n-sede-tumaco-crece-en-obras-y-programas-academicos\/"]}]},{"@type":"ImageObject","inLanguage":"es","@id":"https:\/\/pagina10.com\/web\/la-u-n-sede-tumaco-crece-en-obras-y-programas-academicos\/#primaryimage","url":"https:\/\/pagina10.com\/web\/wp-content\/uploads\/2016\/06\/441d679d418591598c12c503f78a488c.jpg","contentUrl":"https:\/\/pagina10.com\/web\/wp-content\/uploads\/2016\/06\/441d679d418591598c12c503f78a488c.jpg","width":876,"height":569},{"@type":"BreadcrumbList","@id":"https:\/\/pagina10.com\/web\/la-u-n-sede-tumaco-crece-en-obras-y-programas-academicos\/#breadcrumb","itemListElement":[{"@type":"ListItem","position":1,"name":"Portada","item":"https:\/\/pagina10.com\/web\/"},{"@type":"ListItem","position":2,"name":"La U.N. Sede Tumaco crece en obras y programas acad\u00e9micos"}]},{"@type":"WebSite","@id":"https:\/\/pagina10.com\/web\/#website","url":"https:\/\/pagina10.com\/web\/","name":"P\u00e1gina10","description":"Peri\u00f3dico Regional","publisher":{"@id":"https:\/\/pagina10.com\/web\/#organization"},"alternateName":"P\u00e1gina10 Peri\u00f3dico Regional","potentialAction":[{"@type":"SearchAction","target":{"@type":"EntryPoint","urlTemplate":"https:\/\/pagina10.com\/web\/?s={search_term_string}"},"query-input":{"@type":"PropertyValueSpecification","valueRequired":true,"valueName":"search_term_string"}}],"inLanguage":"es"},{"@type":"Organization","@id":"https:\/\/pagina10.com\/web\/#organization","name":"P\u00e1gina10","alternateName":"P\u00e1gina10 Peri\u00f3dico Regional","url":"https:\/\/pagina10.com\/web\/","logo":{"@type":"ImageObject","inLanguage":"es","@id":"https:\/\/pagina10.com\/web\/#\/schema\/logo\/image\/","url":"https:\/\/pagina10.com\/web\/wp-content\/uploads\/2024\/01\/40-pagina-10-periodico-regional-pasto.jpg","contentUrl":"https:\/\/pagina10.com\/web\/wp-content\/uploads\/2024\/01\/40-pagina-10-periodico-regional-pasto.jpg","width":1280,"height":720,"caption":"P\u00e1gina10"},"image":{"@id":"https:\/\/pagina10.com\/web\/#\/schema\/logo\/image\/"},"sameAs":["https:\/\/www.facebook.com\/pag10com","https:\/\/x.com\/Pag10com","https:\/\/www.instagram.com\/pagina10col\/","https:\/\/youtube.com\/channel\/pag10","https:\/\/www.tiktok.com\/@p10col"]},{"@type":"Person","@id":"https:\/\/pagina10.com\/web\/#\/schema\/person\/a7a5d38f0629dfc107f619fbae4f6cc3","name":"P\u00e1gina 10","description":"P\u00e1gina10.com es un peri\u00f3dico digital que nace en Colombia, en el departamento de Nari\u00f1o, con un enfoque global, fundamentado en cuatro pilares esenciales: la libertad, el pluralismo, la inclusi\u00f3n y la independencia. P\u00e1gina10.com hace referencia a Nari\u00f1o como el d\u00e9cimo departamento creado en Colombia, despu\u00e9s de un proceso pol\u00edtico liderado por actores y actrices regionales con el fin de obtener la independencia y autonom\u00eda de nuestros territorios. Con la creaci\u00f3n de P\u00e1gina10.com se pretende abrir un escenario para el dialogo, la reflexi\u00f3n y el debate que se extienda a otras geograf\u00edas de Am\u00e9rica Latina y del planeta, en una apuesta por transformar colectivamente los desaf\u00edos de un mundo contempor\u00e1neo, m\u00e1s all\u00e1 de las fronteras impuestas.","url":"https:\/\/pagina10.com\/web\/author\/mcepeda\/"}]}},"_links":{"self":[{"href":"https:\/\/pagina10.com\/web\/wp-json\/wp\/v2\/posts\/20679","targetHints":{"allow":["GET"]}}],"collection":[{"href":"https:\/\/pagina10.com\/web\/wp-json\/wp\/v2\/posts"}],"about":[{"href":"https:\/\/pagina10.com\/web\/wp-json\/wp\/v2\/types\/post"}],"author":[{"embeddable":true,"href":"https:\/\/pagina10.com\/web\/wp-json\/wp\/v2\/users\/29"}],"replies":[{"embeddable":true,"href":"https:\/\/pagina10.com\/web\/wp-json\/wp\/v2\/comments?post=20679"}],"version-history":[{"count":0,"href":"https:\/\/pagina10.com\/web\/wp-json\/wp\/v2\/posts\/20679\/revisions"}],"wp:featuredmedia":[{"embeddable":true,"href":"https:\/\/pagina10.com\/web\/wp-json\/wp\/v2\/media\/20678"}],"wp:attachment":[{"href":"https:\/\/pagina10.com\/web\/wp-json\/wp\/v2\/media?parent=20679"}],"wp:term":[{"taxonomy":"category","embeddable":true,"href":"https:\/\/pagina10.com\/web\/wp-json\/wp\/v2\/categories?post=20679"},{"taxonomy":"post_tag","embeddable":true,"href":"https:\/\/pagina10.com\/web\/wp-json\/wp\/v2\/tags?post=20679"}],"curies":[{"name":"wp","href":"https:\/\/api.w.org\/{rel}","templated":true}]}}