{"id":20681,"date":"2016-06-14T23:16:26","date_gmt":"2016-06-14T23:16:26","guid":{"rendered":"https:\/\/pagina10.com\/web\/se-levanto-el-paro-en-narino\/"},"modified":"2016-06-14T23:16:26","modified_gmt":"2016-06-14T23:16:26","slug":"se-levanto-el-paro-en-narino","status":"publish","type":"post","link":"https:\/\/pagina10.com\/web\/se-levanto-el-paro-en-narino\/","title":{"rendered":"Se levant\u00f3 el paro en Nari\u00f1o"},"content":{"rendered":"<p><img fetchpriority=\"high\" decoding=\"async\" class=\" size-full wp-image-20680\" src=\"https:\/\/pagina10.com\/web\/wp-content\/uploads\/2016\/06\/941e54e30deb1ae241bf6c7754e0b95c.jpg\" alt=\"\" width=\"4032\" height=\"3024\" \/><\/p>\n<p style=\"text-align: justify;\">&nbsp;El valor del di\u00e1logo y la concertaci\u00f3n. Se firm\u00f3 acta de acuerdos entre gobernaci\u00f3n de Nari\u00f1o y la mesa agraria, \u00e9tnica y popular.<\/p>\n<p style=\"text-align: justify;\">En el contexto del Paro Nacional Agrario, un tema de car\u00e1cter nacional termin\u00f3, para el caso de Nari\u00f1o, en un espacio de di\u00e1logo y concertaci\u00f3n de car\u00e1cter departamental. La Mesa Agraria, \u00c9tnica y Popular encontr\u00f3 en la voluntad pol\u00edtica y disposici\u00f3n de la Gobernaci\u00f3n de Nari\u00f1o a un interlocutor para la negociaci\u00f3n de 16 puntos planteados en un pliego de peticiones entregado al inicio de la movilizaci\u00f3n.<\/p>\n<p style=\"text-align: justify;\">&nbsp;<\/p>\n<p style=\"text-align: justify;\">En la tarde del 14 de junio entre el equipo del Gobierno Departamental y los representantes de la Mesa Agraria, \u00c9tnica y Popular, se firm\u00f3, con la garant\u00eda del Rector de la Universidad de Nari\u00f1o y la Defensor\u00eda del Pueblo, el acta de acuerdos que como lo expres\u00f3 el Secretario de Gobierno Departamental, Mario Viteri, busca \u201cconcertar unos puntos que sin duda van a marcar una ruta en el mejoramiento del sector campesino en nuestro departamento\u201d.<\/p>\n<p style=\"text-align: justify;\">&nbsp;<\/p>\n<p style=\"text-align: justify;\">El acta firmada contempla en sus literales temas como paz, agua, salud con calidad, educaci\u00f3n pertinente, asistencia t\u00e9cnica, restituci\u00f3n de tierras, sustituci\u00f3n de cultivos de uso il\u00edcito.<\/p>\n<p style=\"text-align: justify;\">&nbsp;<\/p>\n<p style=\"text-align: justify;\">Al hacer la lectura del documento, los delegados de la Mesa Agraria, \u00c9tnica y Popular que re\u00fane el sentir de los pueblos campesinos, afros e ind\u00edgenas de Nari\u00f1o, reconocieron la voluntad del gobierno departamental desde el primer d\u00eda de negociaci\u00f3n, as\u00ed como el respeto y garant\u00eda al derecho a la protesta.&nbsp;<\/p>\n<p style=\"text-align: justify;\">&nbsp;<\/p>\n<p style=\"text-align: justify;\">\u201cEsa es la posici\u00f3n de un Nuevo Gobierno que reconoce esta lucha social, que reconoce a nuestros campesinos y que sin duda quiere que este sector pueda llevar a cabo todas las iniciativas para mejorarlo\u201d argument\u00f3 el Secretario de Gobierno Mario Viteri quien hizo referencia a los 7 d\u00edas de negociaci\u00f3n y a m\u00e1s de 14 horas de di\u00e1logo entre el lunes 13 y el martes 14 de junio hasta llegar a la firma del acuerdo final, reafirmando as\u00ed la disposici\u00f3n, voluntad y acompa\u00f1amiento de la Administraci\u00f3n Departamental frente a los requerimientos de la Mesa Agraria, \u00c9tnica y Popular.<\/p>\n<p style=\"text-align: justify;\">&nbsp;<\/p>\n<p style=\"text-align: justify;\">&#8220;Se ha dado di\u00e1logo abierto, una concertaci\u00f3n que se ha logrado entre el equipo de Gobierno de la Administraci\u00f3n Departamental y la Mesa Agraria. Reiteramos el llamado a la unidad de nuestro departamento, a buscar soluciones de manera conjunta y a que se entienda que en este Nuevo Gobierno la voluntad es absoluta y definitiva para buscar siempre, desde el di\u00e1logo concertado las soluciones a nuestras dificultades&#8221; expres\u00f3 el Gobernador de Nari\u00f1o, Camilo Romero.<\/p>\n<p style=\"text-align: justify;\">&nbsp;<\/p>\n<p style=\"text-align: justify;\">Por su parte, David V\u00e1squez, l\u00edder del Movimiento Agrario de la Mesa Agraria y del Consejo de los Pueblos resalt\u00f3 como logros significativos de este acuerdo \u201cel reconocimiento de los campesinos como sujetos de derechos, tema que tendr\u00e1 a su vez una amplia posibilidad legislativa. Se acordar\u00e1 una ruta normativa de la Ley 160 de la Reforma Agraria en relaci\u00f3n con temas de Territorios Campesinos Agroalimentarios y en lo relacionado con audiencias p\u00fablicas para el tema de t\u00edtulos mineros y evitar la gran miner\u00eda\u201d. &nbsp;<\/p>\n<p style=\"text-align: justify;\">&nbsp;<\/p>\n<p style=\"text-align: justify;\">El punto de mayor relevancia, sin duda, ser\u00e1 la propuesta de modificaci\u00f3n del Decreto 022 para analizar la composici\u00f3n del Comit\u00e9 Metodol\u00f3gico del CONPES Agropecuario 3811, sobre el que se demanda mayor participaci\u00f3n por parte del sector campesino, ind\u00edgena y afro.&nbsp;<\/p>\n","protected":false},"excerpt":{"rendered":"<p>&nbsp;El valor del di\u00e1logo y la concertaci\u00f3n. Se firm\u00f3 acta de acuerdos entre gobernaci\u00f3n de Nari\u00f1o y la mesa agraria, \u00e9tnica y popular. En el contexto del Paro Nacional Agrario, un tema de car\u00e1cter nacional termin\u00f3, para el caso de Nari\u00f1o, en un espacio de di\u00e1logo y concertaci\u00f3n de car\u00e1cter departamental. La Mesa Agraria, \u00c9tnica [&hellip;]<\/p>\n","protected":false},"author":29,"featured_media":20680,"comment_status":"open","ping_status":"open","sticky":false,"template":"","format":"standard","meta":{"footnotes":""},"categories":[1],"tags":[],"class_list":["post-20681","post","type-post","status-publish","format-standard","has-post-thumbnail","hentry","category-sin-categoria"],"yoast_head":"<!-- This site is optimized with the Yoast SEO plugin v27.1.1 - https:\/\/yoast.com\/product\/yoast-seo-wordpress\/ -->\n<title>Se levant\u00f3 el paro en Nari\u00f1o | P\u00e1gina10<\/title>\n<meta name=\"robots\" content=\"index, follow, max-snippet:-1, max-image-preview:large, max-video-preview:-1\" \/>\n<link rel=\"canonical\" href=\"https:\/\/pagina10.com\/web\/se-levanto-el-paro-en-narino\/\" \/>\n<meta property=\"og:locale\" content=\"es_ES\" \/>\n<meta property=\"og:type\" content=\"article\" \/>\n<meta property=\"og:title\" content=\"Se levant\u00f3 el paro en Nari\u00f1o | P\u00e1gina10\" \/>\n<meta property=\"og:description\" content=\"&nbsp;El valor del di\u00e1logo y la concertaci\u00f3n. Se firm\u00f3 acta de acuerdos entre gobernaci\u00f3n de Nari\u00f1o y la mesa agraria, \u00e9tnica y popular. En el contexto del Paro Nacional Agrario, un tema de car\u00e1cter nacional termin\u00f3, para el caso de Nari\u00f1o, en un espacio de di\u00e1logo y concertaci\u00f3n de car\u00e1cter departamental. La Mesa Agraria, \u00c9tnica [&hellip;]\" \/>\n<meta property=\"og:url\" content=\"https:\/\/pagina10.com\/web\/se-levanto-el-paro-en-narino\/\" \/>\n<meta property=\"og:site_name\" content=\"P\u00e1gina10\" \/>\n<meta property=\"article:publisher\" content=\"https:\/\/www.facebook.com\/pag10com\" \/>\n<meta property=\"article:published_time\" content=\"2016-06-14T23:16:26+00:00\" \/>\n<meta property=\"og:image\" content=\"https:\/\/pagina10.com\/web\/wp-content\/uploads\/2016\/06\/941e54e30deb1ae241bf6c7754e0b95c-scaled.jpg\" \/>\n\t<meta property=\"og:image:width\" content=\"2560\" \/>\n\t<meta property=\"og:image:height\" content=\"1920\" \/>\n\t<meta property=\"og:image:type\" content=\"image\/jpeg\" \/>\n<meta name=\"author\" content=\"P\u00e1gina 10\" \/>\n<meta name=\"twitter:card\" content=\"summary_large_image\" \/>\n<meta name=\"twitter:creator\" content=\"@Pag10com\" \/>\n<meta name=\"twitter:site\" content=\"@Pag10com\" \/>\n<meta name=\"twitter:label1\" content=\"Escrito por\" \/>\n\t<meta name=\"twitter:data1\" content=\"P\u00e1gina 10\" \/>\n\t<meta name=\"twitter:label2\" content=\"Tiempo de lectura\" \/>\n\t<meta name=\"twitter:data2\" content=\"3 minutos\" \/>\n<script type=\"application\/ld+json\" class=\"yoast-schema-graph\">{\"@context\":\"https:\/\/schema.org\",\"@graph\":[{\"@type\":\"Article\",\"@id\":\"https:\/\/pagina10.com\/web\/se-levanto-el-paro-en-narino\/#article\",\"isPartOf\":{\"@id\":\"https:\/\/pagina10.com\/web\/se-levanto-el-paro-en-narino\/\"},\"author\":{\"name\":\"P\u00e1gina 10\",\"@id\":\"https:\/\/pagina10.com\/web\/#\/schema\/person\/a7a5d38f0629dfc107f619fbae4f6cc3\"},\"headline\":\"Se levant\u00f3 el paro en Nari\u00f1o\",\"datePublished\":\"2016-06-14T23:16:26+00:00\",\"mainEntityOfPage\":{\"@id\":\"https:\/\/pagina10.com\/web\/se-levanto-el-paro-en-narino\/\"},\"wordCount\":604,\"commentCount\":0,\"publisher\":{\"@id\":\"https:\/\/pagina10.com\/web\/#organization\"},\"image\":{\"@id\":\"https:\/\/pagina10.com\/web\/se-levanto-el-paro-en-narino\/#primaryimage\"},\"thumbnailUrl\":\"https:\/\/pagina10.com\/web\/wp-content\/uploads\/2016\/06\/941e54e30deb1ae241bf6c7754e0b95c-scaled.jpg\",\"inLanguage\":\"es\",\"potentialAction\":[{\"@type\":\"CommentAction\",\"name\":\"Comment\",\"target\":[\"https:\/\/pagina10.com\/web\/se-levanto-el-paro-en-narino\/#respond\"]}]},{\"@type\":\"WebPage\",\"@id\":\"https:\/\/pagina10.com\/web\/se-levanto-el-paro-en-narino\/\",\"url\":\"https:\/\/pagina10.com\/web\/se-levanto-el-paro-en-narino\/\",\"name\":\"Se levant\u00f3 el paro en Nari\u00f1o | P\u00e1gina10\",\"isPartOf\":{\"@id\":\"https:\/\/pagina10.com\/web\/#website\"},\"primaryImageOfPage\":{\"@id\":\"https:\/\/pagina10.com\/web\/se-levanto-el-paro-en-narino\/#primaryimage\"},\"image\":{\"@id\":\"https:\/\/pagina10.com\/web\/se-levanto-el-paro-en-narino\/#primaryimage\"},\"thumbnailUrl\":\"https:\/\/pagina10.com\/web\/wp-content\/uploads\/2016\/06\/941e54e30deb1ae241bf6c7754e0b95c-scaled.jpg\",\"datePublished\":\"2016-06-14T23:16:26+00:00\",\"breadcrumb\":{\"@id\":\"https:\/\/pagina10.com\/web\/se-levanto-el-paro-en-narino\/#breadcrumb\"},\"inLanguage\":\"es\",\"potentialAction\":[{\"@type\":\"ReadAction\",\"target\":[\"https:\/\/pagina10.com\/web\/se-levanto-el-paro-en-narino\/\"]}]},{\"@type\":\"ImageObject\",\"inLanguage\":\"es\",\"@id\":\"https:\/\/pagina10.com\/web\/se-levanto-el-paro-en-narino\/#primaryimage\",\"url\":\"https:\/\/pagina10.com\/web\/wp-content\/uploads\/2016\/06\/941e54e30deb1ae241bf6c7754e0b95c-scaled.jpg\",\"contentUrl\":\"https:\/\/pagina10.com\/web\/wp-content\/uploads\/2016\/06\/941e54e30deb1ae241bf6c7754e0b95c-scaled.jpg\",\"width\":2560,\"height\":1920},{\"@type\":\"BreadcrumbList\",\"@id\":\"https:\/\/pagina10.com\/web\/se-levanto-el-paro-en-narino\/#breadcrumb\",\"itemListElement\":[{\"@type\":\"ListItem\",\"position\":1,\"name\":\"Portada\",\"item\":\"https:\/\/pagina10.com\/web\/\"},{\"@type\":\"ListItem\",\"position\":2,\"name\":\"Se levant\u00f3 el paro en Nari\u00f1o\"}]},{\"@type\":\"WebSite\",\"@id\":\"https:\/\/pagina10.com\/web\/#website\",\"url\":\"https:\/\/pagina10.com\/web\/\",\"name\":\"P\u00e1gina10\",\"description\":\"Peri\u00f3dico Regional\",\"publisher\":{\"@id\":\"https:\/\/pagina10.com\/web\/#organization\"},\"alternateName\":\"P\u00e1gina10 Peri\u00f3dico Regional\",\"potentialAction\":[{\"@type\":\"SearchAction\",\"target\":{\"@type\":\"EntryPoint\",\"urlTemplate\":\"https:\/\/pagina10.com\/web\/?s={search_term_string}\"},\"query-input\":{\"@type\":\"PropertyValueSpecification\",\"valueRequired\":true,\"valueName\":\"search_term_string\"}}],\"inLanguage\":\"es\"},{\"@type\":\"Organization\",\"@id\":\"https:\/\/pagina10.com\/web\/#organization\",\"name\":\"P\u00e1gina10\",\"alternateName\":\"P\u00e1gina10 Peri\u00f3dico Regional\",\"url\":\"https:\/\/pagina10.com\/web\/\",\"logo\":{\"@type\":\"ImageObject\",\"inLanguage\":\"es\",\"@id\":\"https:\/\/pagina10.com\/web\/#\/schema\/logo\/image\/\",\"url\":\"https:\/\/pagina10.com\/web\/wp-content\/uploads\/2024\/01\/40-pagina-10-periodico-regional-pasto.jpg\",\"contentUrl\":\"https:\/\/pagina10.com\/web\/wp-content\/uploads\/2024\/01\/40-pagina-10-periodico-regional-pasto.jpg\",\"width\":1280,\"height\":720,\"caption\":\"P\u00e1gina10\"},\"image\":{\"@id\":\"https:\/\/pagina10.com\/web\/#\/schema\/logo\/image\/\"},\"sameAs\":[\"https:\/\/www.facebook.com\/pag10com\",\"https:\/\/x.com\/Pag10com\",\"https:\/\/www.instagram.com\/pagina10col\/\",\"https:\/\/youtube.com\/channel\/pag10\",\"https:\/\/www.tiktok.com\/@p10col\"]},{\"@type\":\"Person\",\"@id\":\"https:\/\/pagina10.com\/web\/#\/schema\/person\/a7a5d38f0629dfc107f619fbae4f6cc3\",\"name\":\"P\u00e1gina 10\",\"description\":\"P\u00e1gina10.com es un peri\u00f3dico digital que nace en Colombia, en el departamento de Nari\u00f1o, con un enfoque global, fundamentado en cuatro pilares esenciales: la libertad, el pluralismo, la inclusi\u00f3n y la independencia. P\u00e1gina10.com hace referencia a Nari\u00f1o como el d\u00e9cimo departamento creado en Colombia, despu\u00e9s de un proceso pol\u00edtico liderado por actores y actrices regionales con el fin de obtener la independencia y autonom\u00eda de nuestros territorios. Con la creaci\u00f3n de P\u00e1gina10.com se pretende abrir un escenario para el dialogo, la reflexi\u00f3n y el debate que se extienda a otras geograf\u00edas de Am\u00e9rica Latina y del planeta, en una apuesta por transformar colectivamente los desaf\u00edos de un mundo contempor\u00e1neo, m\u00e1s all\u00e1 de las fronteras impuestas.\",\"url\":\"https:\/\/pagina10.com\/web\/author\/mcepeda\/\"}]}<\/script>\n<!-- \/ Yoast SEO plugin. -->","yoast_head_json":{"title":"Se levant\u00f3 el paro en Nari\u00f1o | P\u00e1gina10","robots":{"index":"index","follow":"follow","max-snippet":"max-snippet:-1","max-image-preview":"max-image-preview:large","max-video-preview":"max-video-preview:-1"},"canonical":"https:\/\/pagina10.com\/web\/se-levanto-el-paro-en-narino\/","og_locale":"es_ES","og_type":"article","og_title":"Se levant\u00f3 el paro en Nari\u00f1o | P\u00e1gina10","og_description":"&nbsp;El valor del di\u00e1logo y la concertaci\u00f3n. Se firm\u00f3 acta de acuerdos entre gobernaci\u00f3n de Nari\u00f1o y la mesa agraria, \u00e9tnica y popular. En el contexto del Paro Nacional Agrario, un tema de car\u00e1cter nacional termin\u00f3, para el caso de Nari\u00f1o, en un espacio de di\u00e1logo y concertaci\u00f3n de car\u00e1cter departamental. La Mesa Agraria, \u00c9tnica [&hellip;]","og_url":"https:\/\/pagina10.com\/web\/se-levanto-el-paro-en-narino\/","og_site_name":"P\u00e1gina10","article_publisher":"https:\/\/www.facebook.com\/pag10com","article_published_time":"2016-06-14T23:16:26+00:00","og_image":[{"width":2560,"height":1920,"url":"https:\/\/pagina10.com\/web\/wp-content\/uploads\/2016\/06\/941e54e30deb1ae241bf6c7754e0b95c-scaled.jpg","type":"image\/jpeg"}],"author":"P\u00e1gina 10","twitter_card":"summary_large_image","twitter_creator":"@Pag10com","twitter_site":"@Pag10com","twitter_misc":{"Escrito por":"P\u00e1gina 10","Tiempo de lectura":"3 minutos"},"schema":{"@context":"https:\/\/schema.org","@graph":[{"@type":"Article","@id":"https:\/\/pagina10.com\/web\/se-levanto-el-paro-en-narino\/#article","isPartOf":{"@id":"https:\/\/pagina10.com\/web\/se-levanto-el-paro-en-narino\/"},"author":{"name":"P\u00e1gina 10","@id":"https:\/\/pagina10.com\/web\/#\/schema\/person\/a7a5d38f0629dfc107f619fbae4f6cc3"},"headline":"Se levant\u00f3 el paro en Nari\u00f1o","datePublished":"2016-06-14T23:16:26+00:00","mainEntityOfPage":{"@id":"https:\/\/pagina10.com\/web\/se-levanto-el-paro-en-narino\/"},"wordCount":604,"commentCount":0,"publisher":{"@id":"https:\/\/pagina10.com\/web\/#organization"},"image":{"@id":"https:\/\/pagina10.com\/web\/se-levanto-el-paro-en-narino\/#primaryimage"},"thumbnailUrl":"https:\/\/pagina10.com\/web\/wp-content\/uploads\/2016\/06\/941e54e30deb1ae241bf6c7754e0b95c-scaled.jpg","inLanguage":"es","potentialAction":[{"@type":"CommentAction","name":"Comment","target":["https:\/\/pagina10.com\/web\/se-levanto-el-paro-en-narino\/#respond"]}]},{"@type":"WebPage","@id":"https:\/\/pagina10.com\/web\/se-levanto-el-paro-en-narino\/","url":"https:\/\/pagina10.com\/web\/se-levanto-el-paro-en-narino\/","name":"Se levant\u00f3 el paro en Nari\u00f1o | P\u00e1gina10","isPartOf":{"@id":"https:\/\/pagina10.com\/web\/#website"},"primaryImageOfPage":{"@id":"https:\/\/pagina10.com\/web\/se-levanto-el-paro-en-narino\/#primaryimage"},"image":{"@id":"https:\/\/pagina10.com\/web\/se-levanto-el-paro-en-narino\/#primaryimage"},"thumbnailUrl":"https:\/\/pagina10.com\/web\/wp-content\/uploads\/2016\/06\/941e54e30deb1ae241bf6c7754e0b95c-scaled.jpg","datePublished":"2016-06-14T23:16:26+00:00","breadcrumb":{"@id":"https:\/\/pagina10.com\/web\/se-levanto-el-paro-en-narino\/#breadcrumb"},"inLanguage":"es","potentialAction":[{"@type":"ReadAction","target":["https:\/\/pagina10.com\/web\/se-levanto-el-paro-en-narino\/"]}]},{"@type":"ImageObject","inLanguage":"es","@id":"https:\/\/pagina10.com\/web\/se-levanto-el-paro-en-narino\/#primaryimage","url":"https:\/\/pagina10.com\/web\/wp-content\/uploads\/2016\/06\/941e54e30deb1ae241bf6c7754e0b95c-scaled.jpg","contentUrl":"https:\/\/pagina10.com\/web\/wp-content\/uploads\/2016\/06\/941e54e30deb1ae241bf6c7754e0b95c-scaled.jpg","width":2560,"height":1920},{"@type":"BreadcrumbList","@id":"https:\/\/pagina10.com\/web\/se-levanto-el-paro-en-narino\/#breadcrumb","itemListElement":[{"@type":"ListItem","position":1,"name":"Portada","item":"https:\/\/pagina10.com\/web\/"},{"@type":"ListItem","position":2,"name":"Se levant\u00f3 el paro en Nari\u00f1o"}]},{"@type":"WebSite","@id":"https:\/\/pagina10.com\/web\/#website","url":"https:\/\/pagina10.com\/web\/","name":"P\u00e1gina10","description":"Peri\u00f3dico Regional","publisher":{"@id":"https:\/\/pagina10.com\/web\/#organization"},"alternateName":"P\u00e1gina10 Peri\u00f3dico Regional","potentialAction":[{"@type":"SearchAction","target":{"@type":"EntryPoint","urlTemplate":"https:\/\/pagina10.com\/web\/?s={search_term_string}"},"query-input":{"@type":"PropertyValueSpecification","valueRequired":true,"valueName":"search_term_string"}}],"inLanguage":"es"},{"@type":"Organization","@id":"https:\/\/pagina10.com\/web\/#organization","name":"P\u00e1gina10","alternateName":"P\u00e1gina10 Peri\u00f3dico Regional","url":"https:\/\/pagina10.com\/web\/","logo":{"@type":"ImageObject","inLanguage":"es","@id":"https:\/\/pagina10.com\/web\/#\/schema\/logo\/image\/","url":"https:\/\/pagina10.com\/web\/wp-content\/uploads\/2024\/01\/40-pagina-10-periodico-regional-pasto.jpg","contentUrl":"https:\/\/pagina10.com\/web\/wp-content\/uploads\/2024\/01\/40-pagina-10-periodico-regional-pasto.jpg","width":1280,"height":720,"caption":"P\u00e1gina10"},"image":{"@id":"https:\/\/pagina10.com\/web\/#\/schema\/logo\/image\/"},"sameAs":["https:\/\/www.facebook.com\/pag10com","https:\/\/x.com\/Pag10com","https:\/\/www.instagram.com\/pagina10col\/","https:\/\/youtube.com\/channel\/pag10","https:\/\/www.tiktok.com\/@p10col"]},{"@type":"Person","@id":"https:\/\/pagina10.com\/web\/#\/schema\/person\/a7a5d38f0629dfc107f619fbae4f6cc3","name":"P\u00e1gina 10","description":"P\u00e1gina10.com es un peri\u00f3dico digital que nace en Colombia, en el departamento de Nari\u00f1o, con un enfoque global, fundamentado en cuatro pilares esenciales: la libertad, el pluralismo, la inclusi\u00f3n y la independencia. P\u00e1gina10.com hace referencia a Nari\u00f1o como el d\u00e9cimo departamento creado en Colombia, despu\u00e9s de un proceso pol\u00edtico liderado por actores y actrices regionales con el fin de obtener la independencia y autonom\u00eda de nuestros territorios. Con la creaci\u00f3n de P\u00e1gina10.com se pretende abrir un escenario para el dialogo, la reflexi\u00f3n y el debate que se extienda a otras geograf\u00edas de Am\u00e9rica Latina y del planeta, en una apuesta por transformar colectivamente los desaf\u00edos de un mundo contempor\u00e1neo, m\u00e1s all\u00e1 de las fronteras impuestas.","url":"https:\/\/pagina10.com\/web\/author\/mcepeda\/"}]}},"_links":{"self":[{"href":"https:\/\/pagina10.com\/web\/wp-json\/wp\/v2\/posts\/20681","targetHints":{"allow":["GET"]}}],"collection":[{"href":"https:\/\/pagina10.com\/web\/wp-json\/wp\/v2\/posts"}],"about":[{"href":"https:\/\/pagina10.com\/web\/wp-json\/wp\/v2\/types\/post"}],"author":[{"embeddable":true,"href":"https:\/\/pagina10.com\/web\/wp-json\/wp\/v2\/users\/29"}],"replies":[{"embeddable":true,"href":"https:\/\/pagina10.com\/web\/wp-json\/wp\/v2\/comments?post=20681"}],"version-history":[{"count":0,"href":"https:\/\/pagina10.com\/web\/wp-json\/wp\/v2\/posts\/20681\/revisions"}],"wp:featuredmedia":[{"embeddable":true,"href":"https:\/\/pagina10.com\/web\/wp-json\/wp\/v2\/media\/20680"}],"wp:attachment":[{"href":"https:\/\/pagina10.com\/web\/wp-json\/wp\/v2\/media?parent=20681"}],"wp:term":[{"taxonomy":"category","embeddable":true,"href":"https:\/\/pagina10.com\/web\/wp-json\/wp\/v2\/categories?post=20681"},{"taxonomy":"post_tag","embeddable":true,"href":"https:\/\/pagina10.com\/web\/wp-json\/wp\/v2\/tags?post=20681"}],"curies":[{"name":"wp","href":"https:\/\/api.w.org\/{rel}","templated":true}]}}