{"id":20683,"date":"2016-06-16T02:35:49","date_gmt":"2016-06-16T02:35:49","guid":{"rendered":"https:\/\/pagina10.com\/web\/se-posesiono-como-viceministerio-de-agua-exalcalde-de-pasto-harold-guerrero-lopez\/"},"modified":"2016-06-16T02:35:49","modified_gmt":"2016-06-16T02:35:49","slug":"se-posesiono-como-viceministerio-de-agua-exalcalde-de-pasto-harold-guerrero-lopez","status":"publish","type":"post","link":"https:\/\/pagina10.com\/web\/se-posesiono-como-viceministerio-de-agua-exalcalde-de-pasto-harold-guerrero-lopez\/","title":{"rendered":"Se posesion\u00f3 como Viceministerio de Agua Exalcalde de Pasto, Harold Guerrero L\u00f3pez"},"content":{"rendered":"<p><img fetchpriority=\"high\" decoding=\"async\" class=\" size-full wp-image-20682\" src=\"https:\/\/pagina10.com\/web\/wp-content\/uploads\/2016\/06\/07e866daa207cbbb799efea1f264fd34.jpg\" alt=\"\" width=\"670\" height=\"366\" srcset=\"https:\/\/pagina10.com\/web\/wp-content\/uploads\/2016\/06\/07e866daa207cbbb799efea1f264fd34.jpg 670w, https:\/\/pagina10.com\/web\/wp-content\/uploads\/2016\/06\/07e866daa207cbbb799efea1f264fd34-300x164.jpg 300w\" sizes=\"(max-width: 670px) 100vw, 670px\" \/><\/p>\n<p style=\"text-align: justify;\">La ministra de Vivienda, Ciudad y Territorio, Elsa Noguera, se mostr\u00f3 complacida al conocer la designaci\u00f3n hecha por el presidente de la Rep\u00fablica, Juan Manuel Santos, de Harold Guerrero L\u00f3pez como nuevo Viceministro de Agua y Saneamiento B\u00e1sico.<\/p>\n<p style=\"text-align: justify;\">&#8220;Haremos un equipo ganador con Harold Guerrero en el Ministerio de Vivienda. Conocemos su constancia y liderazgo y sabemos que ahora en el Viceministerio de Agua cumplir\u00e1 un importante papel en la tarea de lograr que m\u00e1s colombianos accedan a agua potable y saneamiento b\u00e1sico&#8221;, dijo la ministra de Vivienda, Elsa Noguera.<\/p>\n<p style=\"text-align: justify;\">La Ministra inform\u00f3 que junto a Guerrero trabajar\u00e1 en aumentar la cifra de 5 a 7,6 millones de colombianos con agua potable y 8 millones con alcantarillado, permitiendo as\u00ed que con el agua y el saneamiento se bajen los indicadores de pobreza y se construya paz en el pa\u00eds.<\/p>\n<p style=\"text-align: justify;\">El designado Viceministro de Agua, Harold Guerrero L\u00f3pez, naci\u00f3 el 25 de noviembre de 1958 en San Juan de Pasto, es administrador de empresas. Fue alcalde de la capital de Nari\u00f1o en el periodo 2012 \u2013 2015, tiempo en el cual ejecut\u00f3 importantes programas sociales, de educaci\u00f3n, salud, transporte y agua que le cambiaron significativamente la vida a los pastusos.<\/p>\n","protected":false},"excerpt":{"rendered":"<p>La ministra de Vivienda, Ciudad y Territorio, Elsa Noguera, se mostr\u00f3 complacida al conocer la designaci\u00f3n hecha por el presidente de la Rep\u00fablica, Juan Manuel Santos, de Harold Guerrero L\u00f3pez como nuevo Viceministro de Agua y Saneamiento B\u00e1sico. &#8220;Haremos un equipo ganador con Harold Guerrero en el Ministerio de Vivienda. Conocemos su constancia y liderazgo [&hellip;]<\/p>\n","protected":false},"author":29,"featured_media":20682,"comment_status":"open","ping_status":"open","sticky":false,"template":"","format":"standard","meta":{"footnotes":""},"categories":[1],"tags":[],"class_list":["post-20683","post","type-post","status-publish","format-standard","has-post-thumbnail","hentry","category-sin-categoria"],"yoast_head":"<!-- This site is optimized with the Yoast SEO plugin v27.1.1 - https:\/\/yoast.com\/product\/yoast-seo-wordpress\/ -->\n<title>Se posesion\u00f3 como Viceministerio de Agua Exalcalde de Pasto, Harold Guerrero L\u00f3pez | P\u00e1gina10<\/title>\n<meta name=\"robots\" content=\"index, follow, max-snippet:-1, max-image-preview:large, max-video-preview:-1\" \/>\n<link rel=\"canonical\" href=\"https:\/\/pagina10.com\/web\/se-posesiono-como-viceministerio-de-agua-exalcalde-de-pasto-harold-guerrero-lopez\/\" \/>\n<meta property=\"og:locale\" content=\"es_ES\" \/>\n<meta property=\"og:type\" content=\"article\" \/>\n<meta property=\"og:title\" content=\"Se posesion\u00f3 como Viceministerio de Agua Exalcalde de Pasto, Harold Guerrero L\u00f3pez | P\u00e1gina10\" \/>\n<meta property=\"og:description\" content=\"La ministra de Vivienda, Ciudad y Territorio, Elsa Noguera, se mostr\u00f3 complacida al conocer la designaci\u00f3n hecha por el presidente de la Rep\u00fablica, Juan Manuel Santos, de Harold Guerrero L\u00f3pez como nuevo Viceministro de Agua y Saneamiento B\u00e1sico. &#8220;Haremos un equipo ganador con Harold Guerrero en el Ministerio de Vivienda. Conocemos su constancia y liderazgo [&hellip;]\" \/>\n<meta property=\"og:url\" content=\"https:\/\/pagina10.com\/web\/se-posesiono-como-viceministerio-de-agua-exalcalde-de-pasto-harold-guerrero-lopez\/\" \/>\n<meta property=\"og:site_name\" content=\"P\u00e1gina10\" \/>\n<meta property=\"article:publisher\" content=\"https:\/\/www.facebook.com\/pag10com\" \/>\n<meta property=\"article:published_time\" content=\"2016-06-16T02:35:49+00:00\" \/>\n<meta property=\"og:image\" content=\"https:\/\/pagina10.com\/web\/wp-content\/uploads\/2016\/06\/07e866daa207cbbb799efea1f264fd34.jpg\" \/>\n\t<meta property=\"og:image:width\" content=\"670\" \/>\n\t<meta property=\"og:image:height\" content=\"366\" \/>\n\t<meta property=\"og:image:type\" content=\"image\/jpeg\" \/>\n<meta name=\"author\" content=\"P\u00e1gina 10\" \/>\n<meta name=\"twitter:card\" content=\"summary_large_image\" \/>\n<meta name=\"twitter:creator\" content=\"@Pag10com\" \/>\n<meta name=\"twitter:site\" content=\"@Pag10com\" \/>\n<meta name=\"twitter:label1\" content=\"Escrito por\" \/>\n\t<meta name=\"twitter:data1\" content=\"P\u00e1gina 10\" \/>\n\t<meta name=\"twitter:label2\" content=\"Tiempo de lectura\" \/>\n\t<meta name=\"twitter:data2\" content=\"1 minuto\" \/>\n<script type=\"application\/ld+json\" class=\"yoast-schema-graph\">{\"@context\":\"https:\/\/schema.org\",\"@graph\":[{\"@type\":\"Article\",\"@id\":\"https:\/\/pagina10.com\/web\/se-posesiono-como-viceministerio-de-agua-exalcalde-de-pasto-harold-guerrero-lopez\/#article\",\"isPartOf\":{\"@id\":\"https:\/\/pagina10.com\/web\/se-posesiono-como-viceministerio-de-agua-exalcalde-de-pasto-harold-guerrero-lopez\/\"},\"author\":{\"name\":\"P\u00e1gina 10\",\"@id\":\"https:\/\/pagina10.com\/web\/#\/schema\/person\/a7a5d38f0629dfc107f619fbae4f6cc3\"},\"headline\":\"Se posesion\u00f3 como Viceministerio de Agua Exalcalde de Pasto, Harold Guerrero L\u00f3pez\",\"datePublished\":\"2016-06-16T02:35:49+00:00\",\"mainEntityOfPage\":{\"@id\":\"https:\/\/pagina10.com\/web\/se-posesiono-como-viceministerio-de-agua-exalcalde-de-pasto-harold-guerrero-lopez\/\"},\"wordCount\":214,\"commentCount\":0,\"publisher\":{\"@id\":\"https:\/\/pagina10.com\/web\/#organization\"},\"image\":{\"@id\":\"https:\/\/pagina10.com\/web\/se-posesiono-como-viceministerio-de-agua-exalcalde-de-pasto-harold-guerrero-lopez\/#primaryimage\"},\"thumbnailUrl\":\"https:\/\/pagina10.com\/web\/wp-content\/uploads\/2016\/06\/07e866daa207cbbb799efea1f264fd34.jpg\",\"inLanguage\":\"es\",\"potentialAction\":[{\"@type\":\"CommentAction\",\"name\":\"Comment\",\"target\":[\"https:\/\/pagina10.com\/web\/se-posesiono-como-viceministerio-de-agua-exalcalde-de-pasto-harold-guerrero-lopez\/#respond\"]}]},{\"@type\":\"WebPage\",\"@id\":\"https:\/\/pagina10.com\/web\/se-posesiono-como-viceministerio-de-agua-exalcalde-de-pasto-harold-guerrero-lopez\/\",\"url\":\"https:\/\/pagina10.com\/web\/se-posesiono-como-viceministerio-de-agua-exalcalde-de-pasto-harold-guerrero-lopez\/\",\"name\":\"Se posesion\u00f3 como Viceministerio de Agua Exalcalde de Pasto, Harold Guerrero L\u00f3pez | P\u00e1gina10\",\"isPartOf\":{\"@id\":\"https:\/\/pagina10.com\/web\/#website\"},\"primaryImageOfPage\":{\"@id\":\"https:\/\/pagina10.com\/web\/se-posesiono-como-viceministerio-de-agua-exalcalde-de-pasto-harold-guerrero-lopez\/#primaryimage\"},\"image\":{\"@id\":\"https:\/\/pagina10.com\/web\/se-posesiono-como-viceministerio-de-agua-exalcalde-de-pasto-harold-guerrero-lopez\/#primaryimage\"},\"thumbnailUrl\":\"https:\/\/pagina10.com\/web\/wp-content\/uploads\/2016\/06\/07e866daa207cbbb799efea1f264fd34.jpg\",\"datePublished\":\"2016-06-16T02:35:49+00:00\",\"breadcrumb\":{\"@id\":\"https:\/\/pagina10.com\/web\/se-posesiono-como-viceministerio-de-agua-exalcalde-de-pasto-harold-guerrero-lopez\/#breadcrumb\"},\"inLanguage\":\"es\",\"potentialAction\":[{\"@type\":\"ReadAction\",\"target\":[\"https:\/\/pagina10.com\/web\/se-posesiono-como-viceministerio-de-agua-exalcalde-de-pasto-harold-guerrero-lopez\/\"]}]},{\"@type\":\"ImageObject\",\"inLanguage\":\"es\",\"@id\":\"https:\/\/pagina10.com\/web\/se-posesiono-como-viceministerio-de-agua-exalcalde-de-pasto-harold-guerrero-lopez\/#primaryimage\",\"url\":\"https:\/\/pagina10.com\/web\/wp-content\/uploads\/2016\/06\/07e866daa207cbbb799efea1f264fd34.jpg\",\"contentUrl\":\"https:\/\/pagina10.com\/web\/wp-content\/uploads\/2016\/06\/07e866daa207cbbb799efea1f264fd34.jpg\",\"width\":670,\"height\":366},{\"@type\":\"BreadcrumbList\",\"@id\":\"https:\/\/pagina10.com\/web\/se-posesiono-como-viceministerio-de-agua-exalcalde-de-pasto-harold-guerrero-lopez\/#breadcrumb\",\"itemListElement\":[{\"@type\":\"ListItem\",\"position\":1,\"name\":\"Portada\",\"item\":\"https:\/\/pagina10.com\/web\/\"},{\"@type\":\"ListItem\",\"position\":2,\"name\":\"Se posesion\u00f3 como Viceministerio de Agua Exalcalde de Pasto, Harold Guerrero L\u00f3pez\"}]},{\"@type\":\"WebSite\",\"@id\":\"https:\/\/pagina10.com\/web\/#website\",\"url\":\"https:\/\/pagina10.com\/web\/\",\"name\":\"P\u00e1gina10\",\"description\":\"Peri\u00f3dico Regional\",\"publisher\":{\"@id\":\"https:\/\/pagina10.com\/web\/#organization\"},\"alternateName\":\"P\u00e1gina10 Peri\u00f3dico Regional\",\"potentialAction\":[{\"@type\":\"SearchAction\",\"target\":{\"@type\":\"EntryPoint\",\"urlTemplate\":\"https:\/\/pagina10.com\/web\/?s={search_term_string}\"},\"query-input\":{\"@type\":\"PropertyValueSpecification\",\"valueRequired\":true,\"valueName\":\"search_term_string\"}}],\"inLanguage\":\"es\"},{\"@type\":\"Organization\",\"@id\":\"https:\/\/pagina10.com\/web\/#organization\",\"name\":\"P\u00e1gina10\",\"alternateName\":\"P\u00e1gina10 Peri\u00f3dico Regional\",\"url\":\"https:\/\/pagina10.com\/web\/\",\"logo\":{\"@type\":\"ImageObject\",\"inLanguage\":\"es\",\"@id\":\"https:\/\/pagina10.com\/web\/#\/schema\/logo\/image\/\",\"url\":\"https:\/\/pagina10.com\/web\/wp-content\/uploads\/2024\/01\/40-pagina-10-periodico-regional-pasto.jpg\",\"contentUrl\":\"https:\/\/pagina10.com\/web\/wp-content\/uploads\/2024\/01\/40-pagina-10-periodico-regional-pasto.jpg\",\"width\":1280,\"height\":720,\"caption\":\"P\u00e1gina10\"},\"image\":{\"@id\":\"https:\/\/pagina10.com\/web\/#\/schema\/logo\/image\/\"},\"sameAs\":[\"https:\/\/www.facebook.com\/pag10com\",\"https:\/\/x.com\/Pag10com\",\"https:\/\/www.instagram.com\/pagina10col\/\",\"https:\/\/youtube.com\/channel\/pag10\",\"https:\/\/www.tiktok.com\/@p10col\"]},{\"@type\":\"Person\",\"@id\":\"https:\/\/pagina10.com\/web\/#\/schema\/person\/a7a5d38f0629dfc107f619fbae4f6cc3\",\"name\":\"P\u00e1gina 10\",\"description\":\"P\u00e1gina10.com es un peri\u00f3dico digital que nace en Colombia, en el departamento de Nari\u00f1o, con un enfoque global, fundamentado en cuatro pilares esenciales: la libertad, el pluralismo, la inclusi\u00f3n y la independencia. P\u00e1gina10.com hace referencia a Nari\u00f1o como el d\u00e9cimo departamento creado en Colombia, despu\u00e9s de un proceso pol\u00edtico liderado por actores y actrices regionales con el fin de obtener la independencia y autonom\u00eda de nuestros territorios. Con la creaci\u00f3n de P\u00e1gina10.com se pretende abrir un escenario para el dialogo, la reflexi\u00f3n y el debate que se extienda a otras geograf\u00edas de Am\u00e9rica Latina y del planeta, en una apuesta por transformar colectivamente los desaf\u00edos de un mundo contempor\u00e1neo, m\u00e1s all\u00e1 de las fronteras impuestas.\",\"url\":\"https:\/\/pagina10.com\/web\/author\/mcepeda\/\"}]}<\/script>\n<!-- \/ Yoast SEO plugin. -->","yoast_head_json":{"title":"Se posesion\u00f3 como Viceministerio de Agua Exalcalde de Pasto, Harold Guerrero L\u00f3pez | P\u00e1gina10","robots":{"index":"index","follow":"follow","max-snippet":"max-snippet:-1","max-image-preview":"max-image-preview:large","max-video-preview":"max-video-preview:-1"},"canonical":"https:\/\/pagina10.com\/web\/se-posesiono-como-viceministerio-de-agua-exalcalde-de-pasto-harold-guerrero-lopez\/","og_locale":"es_ES","og_type":"article","og_title":"Se posesion\u00f3 como Viceministerio de Agua Exalcalde de Pasto, Harold Guerrero L\u00f3pez | P\u00e1gina10","og_description":"La ministra de Vivienda, Ciudad y Territorio, Elsa Noguera, se mostr\u00f3 complacida al conocer la designaci\u00f3n hecha por el presidente de la Rep\u00fablica, Juan Manuel Santos, de Harold Guerrero L\u00f3pez como nuevo Viceministro de Agua y Saneamiento B\u00e1sico. &#8220;Haremos un equipo ganador con Harold Guerrero en el Ministerio de Vivienda. Conocemos su constancia y liderazgo [&hellip;]","og_url":"https:\/\/pagina10.com\/web\/se-posesiono-como-viceministerio-de-agua-exalcalde-de-pasto-harold-guerrero-lopez\/","og_site_name":"P\u00e1gina10","article_publisher":"https:\/\/www.facebook.com\/pag10com","article_published_time":"2016-06-16T02:35:49+00:00","og_image":[{"width":670,"height":366,"url":"https:\/\/pagina10.com\/web\/wp-content\/uploads\/2016\/06\/07e866daa207cbbb799efea1f264fd34.jpg","type":"image\/jpeg"}],"author":"P\u00e1gina 10","twitter_card":"summary_large_image","twitter_creator":"@Pag10com","twitter_site":"@Pag10com","twitter_misc":{"Escrito por":"P\u00e1gina 10","Tiempo de lectura":"1 minuto"},"schema":{"@context":"https:\/\/schema.org","@graph":[{"@type":"Article","@id":"https:\/\/pagina10.com\/web\/se-posesiono-como-viceministerio-de-agua-exalcalde-de-pasto-harold-guerrero-lopez\/#article","isPartOf":{"@id":"https:\/\/pagina10.com\/web\/se-posesiono-como-viceministerio-de-agua-exalcalde-de-pasto-harold-guerrero-lopez\/"},"author":{"name":"P\u00e1gina 10","@id":"https:\/\/pagina10.com\/web\/#\/schema\/person\/a7a5d38f0629dfc107f619fbae4f6cc3"},"headline":"Se posesion\u00f3 como Viceministerio de Agua Exalcalde de Pasto, Harold Guerrero L\u00f3pez","datePublished":"2016-06-16T02:35:49+00:00","mainEntityOfPage":{"@id":"https:\/\/pagina10.com\/web\/se-posesiono-como-viceministerio-de-agua-exalcalde-de-pasto-harold-guerrero-lopez\/"},"wordCount":214,"commentCount":0,"publisher":{"@id":"https:\/\/pagina10.com\/web\/#organization"},"image":{"@id":"https:\/\/pagina10.com\/web\/se-posesiono-como-viceministerio-de-agua-exalcalde-de-pasto-harold-guerrero-lopez\/#primaryimage"},"thumbnailUrl":"https:\/\/pagina10.com\/web\/wp-content\/uploads\/2016\/06\/07e866daa207cbbb799efea1f264fd34.jpg","inLanguage":"es","potentialAction":[{"@type":"CommentAction","name":"Comment","target":["https:\/\/pagina10.com\/web\/se-posesiono-como-viceministerio-de-agua-exalcalde-de-pasto-harold-guerrero-lopez\/#respond"]}]},{"@type":"WebPage","@id":"https:\/\/pagina10.com\/web\/se-posesiono-como-viceministerio-de-agua-exalcalde-de-pasto-harold-guerrero-lopez\/","url":"https:\/\/pagina10.com\/web\/se-posesiono-como-viceministerio-de-agua-exalcalde-de-pasto-harold-guerrero-lopez\/","name":"Se posesion\u00f3 como Viceministerio de Agua Exalcalde de Pasto, Harold Guerrero L\u00f3pez | P\u00e1gina10","isPartOf":{"@id":"https:\/\/pagina10.com\/web\/#website"},"primaryImageOfPage":{"@id":"https:\/\/pagina10.com\/web\/se-posesiono-como-viceministerio-de-agua-exalcalde-de-pasto-harold-guerrero-lopez\/#primaryimage"},"image":{"@id":"https:\/\/pagina10.com\/web\/se-posesiono-como-viceministerio-de-agua-exalcalde-de-pasto-harold-guerrero-lopez\/#primaryimage"},"thumbnailUrl":"https:\/\/pagina10.com\/web\/wp-content\/uploads\/2016\/06\/07e866daa207cbbb799efea1f264fd34.jpg","datePublished":"2016-06-16T02:35:49+00:00","breadcrumb":{"@id":"https:\/\/pagina10.com\/web\/se-posesiono-como-viceministerio-de-agua-exalcalde-de-pasto-harold-guerrero-lopez\/#breadcrumb"},"inLanguage":"es","potentialAction":[{"@type":"ReadAction","target":["https:\/\/pagina10.com\/web\/se-posesiono-como-viceministerio-de-agua-exalcalde-de-pasto-harold-guerrero-lopez\/"]}]},{"@type":"ImageObject","inLanguage":"es","@id":"https:\/\/pagina10.com\/web\/se-posesiono-como-viceministerio-de-agua-exalcalde-de-pasto-harold-guerrero-lopez\/#primaryimage","url":"https:\/\/pagina10.com\/web\/wp-content\/uploads\/2016\/06\/07e866daa207cbbb799efea1f264fd34.jpg","contentUrl":"https:\/\/pagina10.com\/web\/wp-content\/uploads\/2016\/06\/07e866daa207cbbb799efea1f264fd34.jpg","width":670,"height":366},{"@type":"BreadcrumbList","@id":"https:\/\/pagina10.com\/web\/se-posesiono-como-viceministerio-de-agua-exalcalde-de-pasto-harold-guerrero-lopez\/#breadcrumb","itemListElement":[{"@type":"ListItem","position":1,"name":"Portada","item":"https:\/\/pagina10.com\/web\/"},{"@type":"ListItem","position":2,"name":"Se posesion\u00f3 como Viceministerio de Agua Exalcalde de Pasto, Harold Guerrero L\u00f3pez"}]},{"@type":"WebSite","@id":"https:\/\/pagina10.com\/web\/#website","url":"https:\/\/pagina10.com\/web\/","name":"P\u00e1gina10","description":"Peri\u00f3dico Regional","publisher":{"@id":"https:\/\/pagina10.com\/web\/#organization"},"alternateName":"P\u00e1gina10 Peri\u00f3dico Regional","potentialAction":[{"@type":"SearchAction","target":{"@type":"EntryPoint","urlTemplate":"https:\/\/pagina10.com\/web\/?s={search_term_string}"},"query-input":{"@type":"PropertyValueSpecification","valueRequired":true,"valueName":"search_term_string"}}],"inLanguage":"es"},{"@type":"Organization","@id":"https:\/\/pagina10.com\/web\/#organization","name":"P\u00e1gina10","alternateName":"P\u00e1gina10 Peri\u00f3dico Regional","url":"https:\/\/pagina10.com\/web\/","logo":{"@type":"ImageObject","inLanguage":"es","@id":"https:\/\/pagina10.com\/web\/#\/schema\/logo\/image\/","url":"https:\/\/pagina10.com\/web\/wp-content\/uploads\/2024\/01\/40-pagina-10-periodico-regional-pasto.jpg","contentUrl":"https:\/\/pagina10.com\/web\/wp-content\/uploads\/2024\/01\/40-pagina-10-periodico-regional-pasto.jpg","width":1280,"height":720,"caption":"P\u00e1gina10"},"image":{"@id":"https:\/\/pagina10.com\/web\/#\/schema\/logo\/image\/"},"sameAs":["https:\/\/www.facebook.com\/pag10com","https:\/\/x.com\/Pag10com","https:\/\/www.instagram.com\/pagina10col\/","https:\/\/youtube.com\/channel\/pag10","https:\/\/www.tiktok.com\/@p10col"]},{"@type":"Person","@id":"https:\/\/pagina10.com\/web\/#\/schema\/person\/a7a5d38f0629dfc107f619fbae4f6cc3","name":"P\u00e1gina 10","description":"P\u00e1gina10.com es un peri\u00f3dico digital que nace en Colombia, en el departamento de Nari\u00f1o, con un enfoque global, fundamentado en cuatro pilares esenciales: la libertad, el pluralismo, la inclusi\u00f3n y la independencia. P\u00e1gina10.com hace referencia a Nari\u00f1o como el d\u00e9cimo departamento creado en Colombia, despu\u00e9s de un proceso pol\u00edtico liderado por actores y actrices regionales con el fin de obtener la independencia y autonom\u00eda de nuestros territorios. Con la creaci\u00f3n de P\u00e1gina10.com se pretende abrir un escenario para el dialogo, la reflexi\u00f3n y el debate que se extienda a otras geograf\u00edas de Am\u00e9rica Latina y del planeta, en una apuesta por transformar colectivamente los desaf\u00edos de un mundo contempor\u00e1neo, m\u00e1s all\u00e1 de las fronteras impuestas.","url":"https:\/\/pagina10.com\/web\/author\/mcepeda\/"}]}},"_links":{"self":[{"href":"https:\/\/pagina10.com\/web\/wp-json\/wp\/v2\/posts\/20683","targetHints":{"allow":["GET"]}}],"collection":[{"href":"https:\/\/pagina10.com\/web\/wp-json\/wp\/v2\/posts"}],"about":[{"href":"https:\/\/pagina10.com\/web\/wp-json\/wp\/v2\/types\/post"}],"author":[{"embeddable":true,"href":"https:\/\/pagina10.com\/web\/wp-json\/wp\/v2\/users\/29"}],"replies":[{"embeddable":true,"href":"https:\/\/pagina10.com\/web\/wp-json\/wp\/v2\/comments?post=20683"}],"version-history":[{"count":0,"href":"https:\/\/pagina10.com\/web\/wp-json\/wp\/v2\/posts\/20683\/revisions"}],"wp:featuredmedia":[{"embeddable":true,"href":"https:\/\/pagina10.com\/web\/wp-json\/wp\/v2\/media\/20682"}],"wp:attachment":[{"href":"https:\/\/pagina10.com\/web\/wp-json\/wp\/v2\/media?parent=20683"}],"wp:term":[{"taxonomy":"category","embeddable":true,"href":"https:\/\/pagina10.com\/web\/wp-json\/wp\/v2\/categories?post=20683"},{"taxonomy":"post_tag","embeddable":true,"href":"https:\/\/pagina10.com\/web\/wp-json\/wp\/v2\/tags?post=20683"}],"curies":[{"name":"wp","href":"https:\/\/api.w.org\/{rel}","templated":true}]}}