{"id":20685,"date":"2016-06-16T02:48:52","date_gmt":"2016-06-16T02:48:52","guid":{"rendered":"https:\/\/pagina10.com\/web\/udenar-apoya-clubes-de-ciencia-colombia-en-la-semana-nacional-de-la-ciencia\/"},"modified":"2016-06-16T02:48:52","modified_gmt":"2016-06-16T02:48:52","slug":"udenar-apoya-clubes-de-ciencia-colombia-en-la-semana-nacional-de-la-ciencia","status":"publish","type":"post","link":"https:\/\/pagina10.com\/web\/udenar-apoya-clubes-de-ciencia-colombia-en-la-semana-nacional-de-la-ciencia\/","title":{"rendered":"Udenar apoya Clubes de Ciencia Colombia en la Semana Nacional de la Ciencia"},"content":{"rendered":"<p><img fetchpriority=\"high\" decoding=\"async\" class=\" size-full wp-image-20684\" src=\"https:\/\/pagina10.com\/web\/wp-content\/uploads\/2016\/06\/855a70fd7f42b1b310481126068a3337.jpg\" alt=\"\" width=\"1256\" height=\"455\" srcset=\"https:\/\/pagina10.com\/web\/wp-content\/uploads\/2016\/06\/855a70fd7f42b1b310481126068a3337.jpg 1256w, https:\/\/pagina10.com\/web\/wp-content\/uploads\/2016\/06\/855a70fd7f42b1b310481126068a3337-300x109.jpg 300w, https:\/\/pagina10.com\/web\/wp-content\/uploads\/2016\/06\/855a70fd7f42b1b310481126068a3337-1024x371.jpg 1024w, https:\/\/pagina10.com\/web\/wp-content\/uploads\/2016\/06\/855a70fd7f42b1b310481126068a3337-768x278.jpg 768w\" sizes=\"(max-width: 1256px) 100vw, 1256px\" \/><\/p>\n<p style=\"text-align: justify;\">J\u00f3venes de colegios p\u00fablicos de seis ciudades del pa\u00eds, que incluyen a T\u00faquerres en Nari\u00f1o,&nbsp;tendr\u00e1n la oportunidad de acceder a talleres de Ciencia y Tecnolog\u00eda, guiados por expertos de&nbsp;prestigiosas universidades locales y extranjeras como Harvard, MIT, Columbia, entre otras.<\/p>\n<p style=\"text-align: justify;\">Luego de un debut exitoso en el a\u00f1o 2015, el proyecto Clubes de Ciencia Colombia anunci\u00f3 detalles&nbsp;de su segunda versi\u00f3n, que se llevar\u00e1 a cabo entre el 18 y el 25 de junio de 2016 en seis ciudades&nbsp;del pa\u00eds. El programa, que utiliza un formato innovador para despertar en los j\u00f3venes colombianos&nbsp;la pasi\u00f3n por la ciencia y la tecnolog\u00eda, triplicar\u00e1 su cobertura, pasando de 18 a 62 clubes en tan&nbsp;solo un a\u00f1o.<\/p>\n<p style=\"text-align: justify;\">Los clubes de ciencia son cursos intensivos gratuitos dirigidos a j\u00f3venes de secundaria provenientes&nbsp;de colegios p\u00fablicos, quienes participan durante una semana en talleres de ciencia y tecnolog\u00eda en&nbsp;temas diversos y relevantes como ciencias de la salud, nanotecnolog\u00eda, inteligencia artificial,&nbsp;ingenier\u00eda, innovaci\u00f3n y emprendimiento. Los talleres son dise\u00f1ados y dirigidos por investigadores&nbsp;vinculados a algunas de las universidades m\u00e1s prestigiosas del mundo, como Harvard, MIT,&nbsp;Columbia, Cornell, Stanford, entre otras.<\/p>\n<p style=\"text-align: justify;\">La segunda versi\u00f3n del evento, contar\u00e1 con charlas de m\u00e1s de 100 investigadores nacionales e&nbsp;internacionales, que dar\u00e1n talleres intensivos de ciencia en Barranquilla, Bogot\u00e1, Bucaramanga,&nbsp;Pereira, Medell\u00edn y T\u00faquerres, se ofrecer\u00e1 tambi\u00e9n un Simposio y una Feria de Ciencia, para&nbsp;complementar lo que promete ser el evento de Ciencias m\u00e1s importante del pa\u00eds.<\/p>\n<p style=\"text-align: justify;\">Los clubes de Nari\u00f1o tendr\u00e1n su evento de lanzamiento y Simposio el s\u00e1bado 18 de junio a la 7:30&nbsp;am., en el auditorio Luis Santander Benavides de la Universidad de Nari\u00f1o, Campus Torobajo,&nbsp;simult\u00e1neamente con otras 5 ciudades del pa\u00eds. A partir del lunes 20 se realizar\u00e1n los cursos en la&nbsp;Tecno-academia SENA de T\u00faquerres ubicada en la Universidad de Nari\u00f1o de esa ciudad, y&nbsp;concluyen el s\u00e1bado 25 de junio con un evento de clausura y la Feria de la Ciencia.&nbsp;<\/p>\n<p style=\"text-align: justify;\">Clubes de Ciencia es una iniciativa que busca acercar el mundo de la investigaci\u00f3n de punta a todos&nbsp;los colombianos, para convertir la ciencia en un tema cotidiano. El programa cuenta con el respaldo&nbsp;de entidades como Colciencias, SENA, Ruta N, Sapiencia; universidades tanto p\u00fablicas como&nbsp;privadas y de iniciativas de empresa privada como STEMByme de la Fundaci\u00f3n Telef\u00f3nica;&nbsp;demostrando que el trabajo conjunto en torno a la Ciencia, puede desatar una revoluci\u00f3n&nbsp;cient\u00edfica y tecnol\u00f3gica, capaz de generar una transformaci\u00f3n Social en el pa\u00eds.<\/p>\n<p style=\"text-align: justify;\">La invitaci\u00f3n a participar en la Semana Nacional de la Ciencia es abierta al p\u00fablico, a las&nbsp;mentes curiosas, a los cient\u00edficos, a los no cient\u00edficos, a los emprendedores e innovadores, y a los&nbsp;que le apuestan a la educaci\u00f3n, la ciencia y la tecnolog\u00eda como medios para lograr la Paz en nuestro&nbsp;Pa\u00eds.<\/p>\n","protected":false},"excerpt":{"rendered":"<p>J\u00f3venes de colegios p\u00fablicos de seis ciudades del pa\u00eds, que incluyen a T\u00faquerres en Nari\u00f1o,&nbsp;tendr\u00e1n la oportunidad de acceder a talleres de Ciencia y Tecnolog\u00eda, guiados por expertos de&nbsp;prestigiosas universidades locales y extranjeras como Harvard, MIT, Columbia, entre otras. Luego de un debut exitoso en el a\u00f1o 2015, el proyecto Clubes de Ciencia Colombia anunci\u00f3 [&hellip;]<\/p>\n","protected":false},"author":29,"featured_media":20684,"comment_status":"open","ping_status":"open","sticky":false,"template":"","format":"standard","meta":{"footnotes":""},"categories":[1],"tags":[],"class_list":["post-20685","post","type-post","status-publish","format-standard","has-post-thumbnail","hentry","category-sin-categoria"],"yoast_head":"<!-- This site is optimized with the Yoast SEO plugin v27.1.1 - https:\/\/yoast.com\/product\/yoast-seo-wordpress\/ -->\n<title>Udenar apoya Clubes de Ciencia Colombia en la Semana Nacional de la Ciencia | P\u00e1gina10<\/title>\n<meta name=\"robots\" content=\"index, follow, max-snippet:-1, max-image-preview:large, max-video-preview:-1\" \/>\n<link rel=\"canonical\" href=\"https:\/\/pagina10.com\/web\/udenar-apoya-clubes-de-ciencia-colombia-en-la-semana-nacional-de-la-ciencia\/\" \/>\n<meta property=\"og:locale\" content=\"es_ES\" \/>\n<meta property=\"og:type\" content=\"article\" \/>\n<meta property=\"og:title\" content=\"Udenar apoya Clubes de Ciencia Colombia en la Semana Nacional de la Ciencia | P\u00e1gina10\" \/>\n<meta property=\"og:description\" content=\"J\u00f3venes de colegios p\u00fablicos de seis ciudades del pa\u00eds, que incluyen a T\u00faquerres en Nari\u00f1o,&nbsp;tendr\u00e1n la oportunidad de acceder a talleres de Ciencia y Tecnolog\u00eda, guiados por expertos de&nbsp;prestigiosas universidades locales y extranjeras como Harvard, MIT, Columbia, entre otras. Luego de un debut exitoso en el a\u00f1o 2015, el proyecto Clubes de Ciencia Colombia anunci\u00f3 [&hellip;]\" \/>\n<meta property=\"og:url\" content=\"https:\/\/pagina10.com\/web\/udenar-apoya-clubes-de-ciencia-colombia-en-la-semana-nacional-de-la-ciencia\/\" \/>\n<meta property=\"og:site_name\" content=\"P\u00e1gina10\" \/>\n<meta property=\"article:publisher\" content=\"https:\/\/www.facebook.com\/pag10com\" \/>\n<meta property=\"article:published_time\" content=\"2016-06-16T02:48:52+00:00\" \/>\n<meta property=\"og:image\" content=\"https:\/\/pagina10.com\/web\/wp-content\/uploads\/2016\/06\/855a70fd7f42b1b310481126068a3337.jpg\" \/>\n\t<meta property=\"og:image:width\" content=\"1256\" \/>\n\t<meta property=\"og:image:height\" content=\"455\" \/>\n\t<meta property=\"og:image:type\" content=\"image\/jpeg\" \/>\n<meta name=\"author\" content=\"P\u00e1gina 10\" \/>\n<meta name=\"twitter:card\" content=\"summary_large_image\" \/>\n<meta name=\"twitter:creator\" content=\"@Pag10com\" \/>\n<meta name=\"twitter:site\" content=\"@Pag10com\" \/>\n<meta name=\"twitter:label1\" content=\"Escrito por\" \/>\n\t<meta name=\"twitter:data1\" content=\"P\u00e1gina 10\" \/>\n\t<meta name=\"twitter:label2\" content=\"Tiempo de lectura\" \/>\n\t<meta name=\"twitter:data2\" content=\"3 minutos\" \/>\n<script type=\"application\/ld+json\" class=\"yoast-schema-graph\">{\"@context\":\"https:\/\/schema.org\",\"@graph\":[{\"@type\":\"Article\",\"@id\":\"https:\/\/pagina10.com\/web\/udenar-apoya-clubes-de-ciencia-colombia-en-la-semana-nacional-de-la-ciencia\/#article\",\"isPartOf\":{\"@id\":\"https:\/\/pagina10.com\/web\/udenar-apoya-clubes-de-ciencia-colombia-en-la-semana-nacional-de-la-ciencia\/\"},\"author\":{\"name\":\"P\u00e1gina 10\",\"@id\":\"https:\/\/pagina10.com\/web\/#\/schema\/person\/a7a5d38f0629dfc107f619fbae4f6cc3\"},\"headline\":\"Udenar apoya Clubes de Ciencia Colombia en la Semana Nacional de la Ciencia\",\"datePublished\":\"2016-06-16T02:48:52+00:00\",\"mainEntityOfPage\":{\"@id\":\"https:\/\/pagina10.com\/web\/udenar-apoya-clubes-de-ciencia-colombia-en-la-semana-nacional-de-la-ciencia\/\"},\"wordCount\":547,\"commentCount\":0,\"publisher\":{\"@id\":\"https:\/\/pagina10.com\/web\/#organization\"},\"image\":{\"@id\":\"https:\/\/pagina10.com\/web\/udenar-apoya-clubes-de-ciencia-colombia-en-la-semana-nacional-de-la-ciencia\/#primaryimage\"},\"thumbnailUrl\":\"https:\/\/pagina10.com\/web\/wp-content\/uploads\/2016\/06\/855a70fd7f42b1b310481126068a3337.jpg\",\"inLanguage\":\"es\",\"potentialAction\":[{\"@type\":\"CommentAction\",\"name\":\"Comment\",\"target\":[\"https:\/\/pagina10.com\/web\/udenar-apoya-clubes-de-ciencia-colombia-en-la-semana-nacional-de-la-ciencia\/#respond\"]}]},{\"@type\":\"WebPage\",\"@id\":\"https:\/\/pagina10.com\/web\/udenar-apoya-clubes-de-ciencia-colombia-en-la-semana-nacional-de-la-ciencia\/\",\"url\":\"https:\/\/pagina10.com\/web\/udenar-apoya-clubes-de-ciencia-colombia-en-la-semana-nacional-de-la-ciencia\/\",\"name\":\"Udenar apoya Clubes de Ciencia Colombia en la Semana Nacional de la Ciencia | P\u00e1gina10\",\"isPartOf\":{\"@id\":\"https:\/\/pagina10.com\/web\/#website\"},\"primaryImageOfPage\":{\"@id\":\"https:\/\/pagina10.com\/web\/udenar-apoya-clubes-de-ciencia-colombia-en-la-semana-nacional-de-la-ciencia\/#primaryimage\"},\"image\":{\"@id\":\"https:\/\/pagina10.com\/web\/udenar-apoya-clubes-de-ciencia-colombia-en-la-semana-nacional-de-la-ciencia\/#primaryimage\"},\"thumbnailUrl\":\"https:\/\/pagina10.com\/web\/wp-content\/uploads\/2016\/06\/855a70fd7f42b1b310481126068a3337.jpg\",\"datePublished\":\"2016-06-16T02:48:52+00:00\",\"breadcrumb\":{\"@id\":\"https:\/\/pagina10.com\/web\/udenar-apoya-clubes-de-ciencia-colombia-en-la-semana-nacional-de-la-ciencia\/#breadcrumb\"},\"inLanguage\":\"es\",\"potentialAction\":[{\"@type\":\"ReadAction\",\"target\":[\"https:\/\/pagina10.com\/web\/udenar-apoya-clubes-de-ciencia-colombia-en-la-semana-nacional-de-la-ciencia\/\"]}]},{\"@type\":\"ImageObject\",\"inLanguage\":\"es\",\"@id\":\"https:\/\/pagina10.com\/web\/udenar-apoya-clubes-de-ciencia-colombia-en-la-semana-nacional-de-la-ciencia\/#primaryimage\",\"url\":\"https:\/\/pagina10.com\/web\/wp-content\/uploads\/2016\/06\/855a70fd7f42b1b310481126068a3337.jpg\",\"contentUrl\":\"https:\/\/pagina10.com\/web\/wp-content\/uploads\/2016\/06\/855a70fd7f42b1b310481126068a3337.jpg\",\"width\":1256,\"height\":455},{\"@type\":\"BreadcrumbList\",\"@id\":\"https:\/\/pagina10.com\/web\/udenar-apoya-clubes-de-ciencia-colombia-en-la-semana-nacional-de-la-ciencia\/#breadcrumb\",\"itemListElement\":[{\"@type\":\"ListItem\",\"position\":1,\"name\":\"Portada\",\"item\":\"https:\/\/pagina10.com\/web\/\"},{\"@type\":\"ListItem\",\"position\":2,\"name\":\"Udenar apoya Clubes de Ciencia Colombia en la Semana Nacional de la Ciencia\"}]},{\"@type\":\"WebSite\",\"@id\":\"https:\/\/pagina10.com\/web\/#website\",\"url\":\"https:\/\/pagina10.com\/web\/\",\"name\":\"P\u00e1gina10\",\"description\":\"Peri\u00f3dico Regional\",\"publisher\":{\"@id\":\"https:\/\/pagina10.com\/web\/#organization\"},\"alternateName\":\"P\u00e1gina10 Peri\u00f3dico Regional\",\"potentialAction\":[{\"@type\":\"SearchAction\",\"target\":{\"@type\":\"EntryPoint\",\"urlTemplate\":\"https:\/\/pagina10.com\/web\/?s={search_term_string}\"},\"query-input\":{\"@type\":\"PropertyValueSpecification\",\"valueRequired\":true,\"valueName\":\"search_term_string\"}}],\"inLanguage\":\"es\"},{\"@type\":\"Organization\",\"@id\":\"https:\/\/pagina10.com\/web\/#organization\",\"name\":\"P\u00e1gina10\",\"alternateName\":\"P\u00e1gina10 Peri\u00f3dico Regional\",\"url\":\"https:\/\/pagina10.com\/web\/\",\"logo\":{\"@type\":\"ImageObject\",\"inLanguage\":\"es\",\"@id\":\"https:\/\/pagina10.com\/web\/#\/schema\/logo\/image\/\",\"url\":\"https:\/\/pagina10.com\/web\/wp-content\/uploads\/2024\/01\/40-pagina-10-periodico-regional-pasto.jpg\",\"contentUrl\":\"https:\/\/pagina10.com\/web\/wp-content\/uploads\/2024\/01\/40-pagina-10-periodico-regional-pasto.jpg\",\"width\":1280,\"height\":720,\"caption\":\"P\u00e1gina10\"},\"image\":{\"@id\":\"https:\/\/pagina10.com\/web\/#\/schema\/logo\/image\/\"},\"sameAs\":[\"https:\/\/www.facebook.com\/pag10com\",\"https:\/\/x.com\/Pag10com\",\"https:\/\/www.instagram.com\/pagina10col\/\",\"https:\/\/youtube.com\/channel\/pag10\",\"https:\/\/www.tiktok.com\/@p10col\"]},{\"@type\":\"Person\",\"@id\":\"https:\/\/pagina10.com\/web\/#\/schema\/person\/a7a5d38f0629dfc107f619fbae4f6cc3\",\"name\":\"P\u00e1gina 10\",\"description\":\"P\u00e1gina10.com es un peri\u00f3dico digital que nace en Colombia, en el departamento de Nari\u00f1o, con un enfoque global, fundamentado en cuatro pilares esenciales: la libertad, el pluralismo, la inclusi\u00f3n y la independencia. P\u00e1gina10.com hace referencia a Nari\u00f1o como el d\u00e9cimo departamento creado en Colombia, despu\u00e9s de un proceso pol\u00edtico liderado por actores y actrices regionales con el fin de obtener la independencia y autonom\u00eda de nuestros territorios. Con la creaci\u00f3n de P\u00e1gina10.com se pretende abrir un escenario para el dialogo, la reflexi\u00f3n y el debate que se extienda a otras geograf\u00edas de Am\u00e9rica Latina y del planeta, en una apuesta por transformar colectivamente los desaf\u00edos de un mundo contempor\u00e1neo, m\u00e1s all\u00e1 de las fronteras impuestas.\",\"url\":\"https:\/\/pagina10.com\/web\/author\/mcepeda\/\"}]}<\/script>\n<!-- \/ Yoast SEO plugin. -->","yoast_head_json":{"title":"Udenar apoya Clubes de Ciencia Colombia en la Semana Nacional de la Ciencia | P\u00e1gina10","robots":{"index":"index","follow":"follow","max-snippet":"max-snippet:-1","max-image-preview":"max-image-preview:large","max-video-preview":"max-video-preview:-1"},"canonical":"https:\/\/pagina10.com\/web\/udenar-apoya-clubes-de-ciencia-colombia-en-la-semana-nacional-de-la-ciencia\/","og_locale":"es_ES","og_type":"article","og_title":"Udenar apoya Clubes de Ciencia Colombia en la Semana Nacional de la Ciencia | P\u00e1gina10","og_description":"J\u00f3venes de colegios p\u00fablicos de seis ciudades del pa\u00eds, que incluyen a T\u00faquerres en Nari\u00f1o,&nbsp;tendr\u00e1n la oportunidad de acceder a talleres de Ciencia y Tecnolog\u00eda, guiados por expertos de&nbsp;prestigiosas universidades locales y extranjeras como Harvard, MIT, Columbia, entre otras. Luego de un debut exitoso en el a\u00f1o 2015, el proyecto Clubes de Ciencia Colombia anunci\u00f3 [&hellip;]","og_url":"https:\/\/pagina10.com\/web\/udenar-apoya-clubes-de-ciencia-colombia-en-la-semana-nacional-de-la-ciencia\/","og_site_name":"P\u00e1gina10","article_publisher":"https:\/\/www.facebook.com\/pag10com","article_published_time":"2016-06-16T02:48:52+00:00","og_image":[{"width":1256,"height":455,"url":"https:\/\/pagina10.com\/web\/wp-content\/uploads\/2016\/06\/855a70fd7f42b1b310481126068a3337.jpg","type":"image\/jpeg"}],"author":"P\u00e1gina 10","twitter_card":"summary_large_image","twitter_creator":"@Pag10com","twitter_site":"@Pag10com","twitter_misc":{"Escrito por":"P\u00e1gina 10","Tiempo de lectura":"3 minutos"},"schema":{"@context":"https:\/\/schema.org","@graph":[{"@type":"Article","@id":"https:\/\/pagina10.com\/web\/udenar-apoya-clubes-de-ciencia-colombia-en-la-semana-nacional-de-la-ciencia\/#article","isPartOf":{"@id":"https:\/\/pagina10.com\/web\/udenar-apoya-clubes-de-ciencia-colombia-en-la-semana-nacional-de-la-ciencia\/"},"author":{"name":"P\u00e1gina 10","@id":"https:\/\/pagina10.com\/web\/#\/schema\/person\/a7a5d38f0629dfc107f619fbae4f6cc3"},"headline":"Udenar apoya Clubes de Ciencia Colombia en la Semana Nacional de la Ciencia","datePublished":"2016-06-16T02:48:52+00:00","mainEntityOfPage":{"@id":"https:\/\/pagina10.com\/web\/udenar-apoya-clubes-de-ciencia-colombia-en-la-semana-nacional-de-la-ciencia\/"},"wordCount":547,"commentCount":0,"publisher":{"@id":"https:\/\/pagina10.com\/web\/#organization"},"image":{"@id":"https:\/\/pagina10.com\/web\/udenar-apoya-clubes-de-ciencia-colombia-en-la-semana-nacional-de-la-ciencia\/#primaryimage"},"thumbnailUrl":"https:\/\/pagina10.com\/web\/wp-content\/uploads\/2016\/06\/855a70fd7f42b1b310481126068a3337.jpg","inLanguage":"es","potentialAction":[{"@type":"CommentAction","name":"Comment","target":["https:\/\/pagina10.com\/web\/udenar-apoya-clubes-de-ciencia-colombia-en-la-semana-nacional-de-la-ciencia\/#respond"]}]},{"@type":"WebPage","@id":"https:\/\/pagina10.com\/web\/udenar-apoya-clubes-de-ciencia-colombia-en-la-semana-nacional-de-la-ciencia\/","url":"https:\/\/pagina10.com\/web\/udenar-apoya-clubes-de-ciencia-colombia-en-la-semana-nacional-de-la-ciencia\/","name":"Udenar apoya Clubes de Ciencia Colombia en la Semana Nacional de la Ciencia | P\u00e1gina10","isPartOf":{"@id":"https:\/\/pagina10.com\/web\/#website"},"primaryImageOfPage":{"@id":"https:\/\/pagina10.com\/web\/udenar-apoya-clubes-de-ciencia-colombia-en-la-semana-nacional-de-la-ciencia\/#primaryimage"},"image":{"@id":"https:\/\/pagina10.com\/web\/udenar-apoya-clubes-de-ciencia-colombia-en-la-semana-nacional-de-la-ciencia\/#primaryimage"},"thumbnailUrl":"https:\/\/pagina10.com\/web\/wp-content\/uploads\/2016\/06\/855a70fd7f42b1b310481126068a3337.jpg","datePublished":"2016-06-16T02:48:52+00:00","breadcrumb":{"@id":"https:\/\/pagina10.com\/web\/udenar-apoya-clubes-de-ciencia-colombia-en-la-semana-nacional-de-la-ciencia\/#breadcrumb"},"inLanguage":"es","potentialAction":[{"@type":"ReadAction","target":["https:\/\/pagina10.com\/web\/udenar-apoya-clubes-de-ciencia-colombia-en-la-semana-nacional-de-la-ciencia\/"]}]},{"@type":"ImageObject","inLanguage":"es","@id":"https:\/\/pagina10.com\/web\/udenar-apoya-clubes-de-ciencia-colombia-en-la-semana-nacional-de-la-ciencia\/#primaryimage","url":"https:\/\/pagina10.com\/web\/wp-content\/uploads\/2016\/06\/855a70fd7f42b1b310481126068a3337.jpg","contentUrl":"https:\/\/pagina10.com\/web\/wp-content\/uploads\/2016\/06\/855a70fd7f42b1b310481126068a3337.jpg","width":1256,"height":455},{"@type":"BreadcrumbList","@id":"https:\/\/pagina10.com\/web\/udenar-apoya-clubes-de-ciencia-colombia-en-la-semana-nacional-de-la-ciencia\/#breadcrumb","itemListElement":[{"@type":"ListItem","position":1,"name":"Portada","item":"https:\/\/pagina10.com\/web\/"},{"@type":"ListItem","position":2,"name":"Udenar apoya Clubes de Ciencia Colombia en la Semana Nacional de la Ciencia"}]},{"@type":"WebSite","@id":"https:\/\/pagina10.com\/web\/#website","url":"https:\/\/pagina10.com\/web\/","name":"P\u00e1gina10","description":"Peri\u00f3dico Regional","publisher":{"@id":"https:\/\/pagina10.com\/web\/#organization"},"alternateName":"P\u00e1gina10 Peri\u00f3dico Regional","potentialAction":[{"@type":"SearchAction","target":{"@type":"EntryPoint","urlTemplate":"https:\/\/pagina10.com\/web\/?s={search_term_string}"},"query-input":{"@type":"PropertyValueSpecification","valueRequired":true,"valueName":"search_term_string"}}],"inLanguage":"es"},{"@type":"Organization","@id":"https:\/\/pagina10.com\/web\/#organization","name":"P\u00e1gina10","alternateName":"P\u00e1gina10 Peri\u00f3dico Regional","url":"https:\/\/pagina10.com\/web\/","logo":{"@type":"ImageObject","inLanguage":"es","@id":"https:\/\/pagina10.com\/web\/#\/schema\/logo\/image\/","url":"https:\/\/pagina10.com\/web\/wp-content\/uploads\/2024\/01\/40-pagina-10-periodico-regional-pasto.jpg","contentUrl":"https:\/\/pagina10.com\/web\/wp-content\/uploads\/2024\/01\/40-pagina-10-periodico-regional-pasto.jpg","width":1280,"height":720,"caption":"P\u00e1gina10"},"image":{"@id":"https:\/\/pagina10.com\/web\/#\/schema\/logo\/image\/"},"sameAs":["https:\/\/www.facebook.com\/pag10com","https:\/\/x.com\/Pag10com","https:\/\/www.instagram.com\/pagina10col\/","https:\/\/youtube.com\/channel\/pag10","https:\/\/www.tiktok.com\/@p10col"]},{"@type":"Person","@id":"https:\/\/pagina10.com\/web\/#\/schema\/person\/a7a5d38f0629dfc107f619fbae4f6cc3","name":"P\u00e1gina 10","description":"P\u00e1gina10.com es un peri\u00f3dico digital que nace en Colombia, en el departamento de Nari\u00f1o, con un enfoque global, fundamentado en cuatro pilares esenciales: la libertad, el pluralismo, la inclusi\u00f3n y la independencia. P\u00e1gina10.com hace referencia a Nari\u00f1o como el d\u00e9cimo departamento creado en Colombia, despu\u00e9s de un proceso pol\u00edtico liderado por actores y actrices regionales con el fin de obtener la independencia y autonom\u00eda de nuestros territorios. Con la creaci\u00f3n de P\u00e1gina10.com se pretende abrir un escenario para el dialogo, la reflexi\u00f3n y el debate que se extienda a otras geograf\u00edas de Am\u00e9rica Latina y del planeta, en una apuesta por transformar colectivamente los desaf\u00edos de un mundo contempor\u00e1neo, m\u00e1s all\u00e1 de las fronteras impuestas.","url":"https:\/\/pagina10.com\/web\/author\/mcepeda\/"}]}},"_links":{"self":[{"href":"https:\/\/pagina10.com\/web\/wp-json\/wp\/v2\/posts\/20685","targetHints":{"allow":["GET"]}}],"collection":[{"href":"https:\/\/pagina10.com\/web\/wp-json\/wp\/v2\/posts"}],"about":[{"href":"https:\/\/pagina10.com\/web\/wp-json\/wp\/v2\/types\/post"}],"author":[{"embeddable":true,"href":"https:\/\/pagina10.com\/web\/wp-json\/wp\/v2\/users\/29"}],"replies":[{"embeddable":true,"href":"https:\/\/pagina10.com\/web\/wp-json\/wp\/v2\/comments?post=20685"}],"version-history":[{"count":0,"href":"https:\/\/pagina10.com\/web\/wp-json\/wp\/v2\/posts\/20685\/revisions"}],"wp:featuredmedia":[{"embeddable":true,"href":"https:\/\/pagina10.com\/web\/wp-json\/wp\/v2\/media\/20684"}],"wp:attachment":[{"href":"https:\/\/pagina10.com\/web\/wp-json\/wp\/v2\/media?parent=20685"}],"wp:term":[{"taxonomy":"category","embeddable":true,"href":"https:\/\/pagina10.com\/web\/wp-json\/wp\/v2\/categories?post=20685"},{"taxonomy":"post_tag","embeddable":true,"href":"https:\/\/pagina10.com\/web\/wp-json\/wp\/v2\/tags?post=20685"}],"curies":[{"name":"wp","href":"https:\/\/api.w.org\/{rel}","templated":true}]}}