{"id":20687,"date":"2016-06-16T14:32:33","date_gmt":"2016-06-16T14:32:33","guid":{"rendered":"https:\/\/pagina10.com\/web\/abierta-convocatoria-para-el-afiche-del-carnaval-de-negros-y-blancos-2017\/"},"modified":"2016-06-16T14:32:33","modified_gmt":"2016-06-16T14:32:33","slug":"abierta-convocatoria-para-el-afiche-del-carnaval-de-negros-y-blancos-2017","status":"publish","type":"post","link":"https:\/\/pagina10.com\/web\/abierta-convocatoria-para-el-afiche-del-carnaval-de-negros-y-blancos-2017\/","title":{"rendered":"Abierta convocatoria para el afiche del Carnaval de Negros y Blancos 2017"},"content":{"rendered":"<p><img fetchpriority=\"high\" decoding=\"async\" class=\" size-full wp-image-20686\" src=\"https:\/\/pagina10.com\/web\/wp-content\/uploads\/2016\/06\/4c7c7d7f986cd04489cf450bd763fbd4.jpg\" alt=\"\" width=\"1108\" height=\"835\" srcset=\"https:\/\/pagina10.com\/web\/wp-content\/uploads\/2016\/06\/4c7c7d7f986cd04489cf450bd763fbd4.jpg 1108w, https:\/\/pagina10.com\/web\/wp-content\/uploads\/2016\/06\/4c7c7d7f986cd04489cf450bd763fbd4-300x226.jpg 300w, https:\/\/pagina10.com\/web\/wp-content\/uploads\/2016\/06\/4c7c7d7f986cd04489cf450bd763fbd4-1024x772.jpg 1024w, https:\/\/pagina10.com\/web\/wp-content\/uploads\/2016\/06\/4c7c7d7f986cd04489cf450bd763fbd4-768x579.jpg 768w, https:\/\/pagina10.com\/web\/wp-content\/uploads\/2016\/06\/4c7c7d7f986cd04489cf450bd763fbd4-86x64.jpg 86w\" sizes=\"(max-width: 1108px) 100vw, 1108px\" \/><\/p>\n<p style=\"text-align: justify;\">La Junta Directiva de la Corporaci\u00f3n del Carnaval de Negros y Blancos de Pasto \u2013 Corpocarnaval aprob\u00f3 en sesi\u00f3n realizada el 13 de mayo de 2016 el cronograma de actividades para la puesta en escena del Carnaval de Negros y Blancos de Pasto 2017.<\/p>\n<p style=\"text-align: justify;\">En cumplimiento de lo anterior se abre la convocatoria para seleccionar el afiche del Carnaval de Negros y Blancos de Pasto 2017. Podr\u00e1n participar de la convocatoria que estar\u00e1 abierta del 16 de junio al 2 de agosto de 2016 personas naturales mayores de 18 a\u00f1os.<\/p>\n<p style=\"text-align: justify;\">Teniendo en cuenta que el Carnaval de Negros y Blancos de Pasto hoy es un referente tur\u00edstico cultural a nivel internacional este a\u00f1o buscamos estimular la creatividad, investigaci\u00f3n, interpretaci\u00f3n, difusi\u00f3n y proyecci\u00f3n de nuestro Patrimonio Cultural Inmaterial de la Humanidad y rendir homenaje al Carnaval a trav\u00e9s del afiche para incentivar el sentido de pertenencia de los pastusos y del p\u00fablico en general.<\/p>\n<p style=\"text-align: justify;\">Entre los requisitos principales est\u00e1n:<\/p>\n<p style=\"text-align: justify;\">&#8211; La invitaci\u00f3n est\u00e1 abierta para todas las personas mayores de 18 a\u00f1os de nacionalidad colombiana.<br \/>&#8211; La propuesta deber ser in\u00e9dita<br \/>&#8211; La Corporaci\u00f3n del Carnaval de Negros y Blancos \u2013 CORPOCARNAVAL designar\u00e1 a tres profesionales de reconocido prestigio en el \u00e1rea, quienes ser\u00e1n los encargados de elegir la propuesta ganadora.<br \/>&#8211; Los requisitos completos y el formulario de inscripci\u00f3n pueden ser descargados de la p\u00e1gina web www.carnavaldepasto.org<\/p>\n<p style=\"text-align: justify;\">El afiche ganador ser\u00e1 utilizado a nivel local, regional, nacional e internacional como IMAGEN OFICIAL DEL CARNAVAL, en todos los eventos promocionales, publicitarios, de mercadeo o afines.<\/p>\n<p style=\"text-align: justify;\">&nbsp;<\/p>\n<p style=\"text-align: justify;\">MAYOR INFORMACI\u00d3N: en las oficinas de CORPOCARNAVAL, CASA DE DON LORENZO, PLAZOLETA GALAN. TEL\u00c9FONOS 7223712 \u2013 7228082, en la p\u00e1gina de internet: http:\/\/www.carnavaldepasto.org\/<br \/>Facebook: www.facebook.com\/carnavaldenegrosyblancospasto<\/p>\n","protected":false},"excerpt":{"rendered":"<p>La Junta Directiva de la Corporaci\u00f3n del Carnaval de Negros y Blancos de Pasto \u2013 Corpocarnaval aprob\u00f3 en sesi\u00f3n realizada el 13 de mayo de 2016 el cronograma de actividades para la puesta en escena del Carnaval de Negros y Blancos de Pasto 2017. En cumplimiento de lo anterior se abre la convocatoria para seleccionar [&hellip;]<\/p>\n","protected":false},"author":29,"featured_media":20686,"comment_status":"open","ping_status":"open","sticky":false,"template":"","format":"standard","meta":{"footnotes":""},"categories":[1],"tags":[],"class_list":["post-20687","post","type-post","status-publish","format-standard","has-post-thumbnail","hentry","category-sin-categoria"],"yoast_head":"<!-- This site is optimized with the Yoast SEO plugin v27.1.1 - https:\/\/yoast.com\/product\/yoast-seo-wordpress\/ -->\n<title>Abierta convocatoria para el afiche del Carnaval de Negros y Blancos 2017 | P\u00e1gina10<\/title>\n<meta name=\"robots\" content=\"index, follow, max-snippet:-1, max-image-preview:large, max-video-preview:-1\" \/>\n<link rel=\"canonical\" href=\"https:\/\/pagina10.com\/web\/abierta-convocatoria-para-el-afiche-del-carnaval-de-negros-y-blancos-2017\/\" \/>\n<meta property=\"og:locale\" content=\"es_ES\" \/>\n<meta property=\"og:type\" content=\"article\" \/>\n<meta property=\"og:title\" content=\"Abierta convocatoria para el afiche del Carnaval de Negros y Blancos 2017 | P\u00e1gina10\" \/>\n<meta property=\"og:description\" content=\"La Junta Directiva de la Corporaci\u00f3n del Carnaval de Negros y Blancos de Pasto \u2013 Corpocarnaval aprob\u00f3 en sesi\u00f3n realizada el 13 de mayo de 2016 el cronograma de actividades para la puesta en escena del Carnaval de Negros y Blancos de Pasto 2017. En cumplimiento de lo anterior se abre la convocatoria para seleccionar [&hellip;]\" \/>\n<meta property=\"og:url\" content=\"https:\/\/pagina10.com\/web\/abierta-convocatoria-para-el-afiche-del-carnaval-de-negros-y-blancos-2017\/\" \/>\n<meta property=\"og:site_name\" content=\"P\u00e1gina10\" \/>\n<meta property=\"article:publisher\" content=\"https:\/\/www.facebook.com\/pag10com\" \/>\n<meta property=\"article:published_time\" content=\"2016-06-16T14:32:33+00:00\" \/>\n<meta property=\"og:image\" content=\"https:\/\/pagina10.com\/web\/wp-content\/uploads\/2016\/06\/4c7c7d7f986cd04489cf450bd763fbd4.jpg\" \/>\n\t<meta property=\"og:image:width\" content=\"1108\" \/>\n\t<meta property=\"og:image:height\" content=\"835\" \/>\n\t<meta property=\"og:image:type\" content=\"image\/jpeg\" \/>\n<meta name=\"author\" content=\"P\u00e1gina 10\" \/>\n<meta name=\"twitter:card\" content=\"summary_large_image\" \/>\n<meta name=\"twitter:creator\" content=\"@Pag10com\" \/>\n<meta name=\"twitter:site\" content=\"@Pag10com\" \/>\n<meta name=\"twitter:label1\" content=\"Escrito por\" \/>\n\t<meta name=\"twitter:data1\" content=\"P\u00e1gina 10\" \/>\n\t<meta name=\"twitter:label2\" content=\"Tiempo de lectura\" \/>\n\t<meta name=\"twitter:data2\" content=\"1 minuto\" \/>\n<script type=\"application\/ld+json\" class=\"yoast-schema-graph\">{\"@context\":\"https:\/\/schema.org\",\"@graph\":[{\"@type\":\"Article\",\"@id\":\"https:\/\/pagina10.com\/web\/abierta-convocatoria-para-el-afiche-del-carnaval-de-negros-y-blancos-2017\/#article\",\"isPartOf\":{\"@id\":\"https:\/\/pagina10.com\/web\/abierta-convocatoria-para-el-afiche-del-carnaval-de-negros-y-blancos-2017\/\"},\"author\":{\"name\":\"P\u00e1gina 10\",\"@id\":\"https:\/\/pagina10.com\/web\/#\/schema\/person\/a7a5d38f0629dfc107f619fbae4f6cc3\"},\"headline\":\"Abierta convocatoria para el afiche del Carnaval de Negros y Blancos 2017\",\"datePublished\":\"2016-06-16T14:32:33+00:00\",\"mainEntityOfPage\":{\"@id\":\"https:\/\/pagina10.com\/web\/abierta-convocatoria-para-el-afiche-del-carnaval-de-negros-y-blancos-2017\/\"},\"wordCount\":307,\"commentCount\":0,\"publisher\":{\"@id\":\"https:\/\/pagina10.com\/web\/#organization\"},\"image\":{\"@id\":\"https:\/\/pagina10.com\/web\/abierta-convocatoria-para-el-afiche-del-carnaval-de-negros-y-blancos-2017\/#primaryimage\"},\"thumbnailUrl\":\"https:\/\/pagina10.com\/web\/wp-content\/uploads\/2016\/06\/4c7c7d7f986cd04489cf450bd763fbd4.jpg\",\"inLanguage\":\"es\",\"potentialAction\":[{\"@type\":\"CommentAction\",\"name\":\"Comment\",\"target\":[\"https:\/\/pagina10.com\/web\/abierta-convocatoria-para-el-afiche-del-carnaval-de-negros-y-blancos-2017\/#respond\"]}]},{\"@type\":\"WebPage\",\"@id\":\"https:\/\/pagina10.com\/web\/abierta-convocatoria-para-el-afiche-del-carnaval-de-negros-y-blancos-2017\/\",\"url\":\"https:\/\/pagina10.com\/web\/abierta-convocatoria-para-el-afiche-del-carnaval-de-negros-y-blancos-2017\/\",\"name\":\"Abierta convocatoria para el afiche del Carnaval de Negros y Blancos 2017 | P\u00e1gina10\",\"isPartOf\":{\"@id\":\"https:\/\/pagina10.com\/web\/#website\"},\"primaryImageOfPage\":{\"@id\":\"https:\/\/pagina10.com\/web\/abierta-convocatoria-para-el-afiche-del-carnaval-de-negros-y-blancos-2017\/#primaryimage\"},\"image\":{\"@id\":\"https:\/\/pagina10.com\/web\/abierta-convocatoria-para-el-afiche-del-carnaval-de-negros-y-blancos-2017\/#primaryimage\"},\"thumbnailUrl\":\"https:\/\/pagina10.com\/web\/wp-content\/uploads\/2016\/06\/4c7c7d7f986cd04489cf450bd763fbd4.jpg\",\"datePublished\":\"2016-06-16T14:32:33+00:00\",\"breadcrumb\":{\"@id\":\"https:\/\/pagina10.com\/web\/abierta-convocatoria-para-el-afiche-del-carnaval-de-negros-y-blancos-2017\/#breadcrumb\"},\"inLanguage\":\"es\",\"potentialAction\":[{\"@type\":\"ReadAction\",\"target\":[\"https:\/\/pagina10.com\/web\/abierta-convocatoria-para-el-afiche-del-carnaval-de-negros-y-blancos-2017\/\"]}]},{\"@type\":\"ImageObject\",\"inLanguage\":\"es\",\"@id\":\"https:\/\/pagina10.com\/web\/abierta-convocatoria-para-el-afiche-del-carnaval-de-negros-y-blancos-2017\/#primaryimage\",\"url\":\"https:\/\/pagina10.com\/web\/wp-content\/uploads\/2016\/06\/4c7c7d7f986cd04489cf450bd763fbd4.jpg\",\"contentUrl\":\"https:\/\/pagina10.com\/web\/wp-content\/uploads\/2016\/06\/4c7c7d7f986cd04489cf450bd763fbd4.jpg\",\"width\":1108,\"height\":835},{\"@type\":\"BreadcrumbList\",\"@id\":\"https:\/\/pagina10.com\/web\/abierta-convocatoria-para-el-afiche-del-carnaval-de-negros-y-blancos-2017\/#breadcrumb\",\"itemListElement\":[{\"@type\":\"ListItem\",\"position\":1,\"name\":\"Portada\",\"item\":\"https:\/\/pagina10.com\/web\/\"},{\"@type\":\"ListItem\",\"position\":2,\"name\":\"Abierta convocatoria para el afiche del Carnaval de Negros y Blancos 2017\"}]},{\"@type\":\"WebSite\",\"@id\":\"https:\/\/pagina10.com\/web\/#website\",\"url\":\"https:\/\/pagina10.com\/web\/\",\"name\":\"P\u00e1gina10\",\"description\":\"Peri\u00f3dico Regional\",\"publisher\":{\"@id\":\"https:\/\/pagina10.com\/web\/#organization\"},\"alternateName\":\"P\u00e1gina10 Peri\u00f3dico Regional\",\"potentialAction\":[{\"@type\":\"SearchAction\",\"target\":{\"@type\":\"EntryPoint\",\"urlTemplate\":\"https:\/\/pagina10.com\/web\/?s={search_term_string}\"},\"query-input\":{\"@type\":\"PropertyValueSpecification\",\"valueRequired\":true,\"valueName\":\"search_term_string\"}}],\"inLanguage\":\"es\"},{\"@type\":\"Organization\",\"@id\":\"https:\/\/pagina10.com\/web\/#organization\",\"name\":\"P\u00e1gina10\",\"alternateName\":\"P\u00e1gina10 Peri\u00f3dico Regional\",\"url\":\"https:\/\/pagina10.com\/web\/\",\"logo\":{\"@type\":\"ImageObject\",\"inLanguage\":\"es\",\"@id\":\"https:\/\/pagina10.com\/web\/#\/schema\/logo\/image\/\",\"url\":\"https:\/\/pagina10.com\/web\/wp-content\/uploads\/2024\/01\/40-pagina-10-periodico-regional-pasto.jpg\",\"contentUrl\":\"https:\/\/pagina10.com\/web\/wp-content\/uploads\/2024\/01\/40-pagina-10-periodico-regional-pasto.jpg\",\"width\":1280,\"height\":720,\"caption\":\"P\u00e1gina10\"},\"image\":{\"@id\":\"https:\/\/pagina10.com\/web\/#\/schema\/logo\/image\/\"},\"sameAs\":[\"https:\/\/www.facebook.com\/pag10com\",\"https:\/\/x.com\/Pag10com\",\"https:\/\/www.instagram.com\/pagina10col\/\",\"https:\/\/youtube.com\/channel\/pag10\",\"https:\/\/www.tiktok.com\/@p10col\"]},{\"@type\":\"Person\",\"@id\":\"https:\/\/pagina10.com\/web\/#\/schema\/person\/a7a5d38f0629dfc107f619fbae4f6cc3\",\"name\":\"P\u00e1gina 10\",\"description\":\"P\u00e1gina10.com es un peri\u00f3dico digital que nace en Colombia, en el departamento de Nari\u00f1o, con un enfoque global, fundamentado en cuatro pilares esenciales: la libertad, el pluralismo, la inclusi\u00f3n y la independencia. P\u00e1gina10.com hace referencia a Nari\u00f1o como el d\u00e9cimo departamento creado en Colombia, despu\u00e9s de un proceso pol\u00edtico liderado por actores y actrices regionales con el fin de obtener la independencia y autonom\u00eda de nuestros territorios. Con la creaci\u00f3n de P\u00e1gina10.com se pretende abrir un escenario para el dialogo, la reflexi\u00f3n y el debate que se extienda a otras geograf\u00edas de Am\u00e9rica Latina y del planeta, en una apuesta por transformar colectivamente los desaf\u00edos de un mundo contempor\u00e1neo, m\u00e1s all\u00e1 de las fronteras impuestas.\",\"url\":\"https:\/\/pagina10.com\/web\/author\/mcepeda\/\"}]}<\/script>\n<!-- \/ Yoast SEO plugin. -->","yoast_head_json":{"title":"Abierta convocatoria para el afiche del Carnaval de Negros y Blancos 2017 | P\u00e1gina10","robots":{"index":"index","follow":"follow","max-snippet":"max-snippet:-1","max-image-preview":"max-image-preview:large","max-video-preview":"max-video-preview:-1"},"canonical":"https:\/\/pagina10.com\/web\/abierta-convocatoria-para-el-afiche-del-carnaval-de-negros-y-blancos-2017\/","og_locale":"es_ES","og_type":"article","og_title":"Abierta convocatoria para el afiche del Carnaval de Negros y Blancos 2017 | P\u00e1gina10","og_description":"La Junta Directiva de la Corporaci\u00f3n del Carnaval de Negros y Blancos de Pasto \u2013 Corpocarnaval aprob\u00f3 en sesi\u00f3n realizada el 13 de mayo de 2016 el cronograma de actividades para la puesta en escena del Carnaval de Negros y Blancos de Pasto 2017. En cumplimiento de lo anterior se abre la convocatoria para seleccionar [&hellip;]","og_url":"https:\/\/pagina10.com\/web\/abierta-convocatoria-para-el-afiche-del-carnaval-de-negros-y-blancos-2017\/","og_site_name":"P\u00e1gina10","article_publisher":"https:\/\/www.facebook.com\/pag10com","article_published_time":"2016-06-16T14:32:33+00:00","og_image":[{"width":1108,"height":835,"url":"https:\/\/pagina10.com\/web\/wp-content\/uploads\/2016\/06\/4c7c7d7f986cd04489cf450bd763fbd4.jpg","type":"image\/jpeg"}],"author":"P\u00e1gina 10","twitter_card":"summary_large_image","twitter_creator":"@Pag10com","twitter_site":"@Pag10com","twitter_misc":{"Escrito por":"P\u00e1gina 10","Tiempo de lectura":"1 minuto"},"schema":{"@context":"https:\/\/schema.org","@graph":[{"@type":"Article","@id":"https:\/\/pagina10.com\/web\/abierta-convocatoria-para-el-afiche-del-carnaval-de-negros-y-blancos-2017\/#article","isPartOf":{"@id":"https:\/\/pagina10.com\/web\/abierta-convocatoria-para-el-afiche-del-carnaval-de-negros-y-blancos-2017\/"},"author":{"name":"P\u00e1gina 10","@id":"https:\/\/pagina10.com\/web\/#\/schema\/person\/a7a5d38f0629dfc107f619fbae4f6cc3"},"headline":"Abierta convocatoria para el afiche del Carnaval de Negros y Blancos 2017","datePublished":"2016-06-16T14:32:33+00:00","mainEntityOfPage":{"@id":"https:\/\/pagina10.com\/web\/abierta-convocatoria-para-el-afiche-del-carnaval-de-negros-y-blancos-2017\/"},"wordCount":307,"commentCount":0,"publisher":{"@id":"https:\/\/pagina10.com\/web\/#organization"},"image":{"@id":"https:\/\/pagina10.com\/web\/abierta-convocatoria-para-el-afiche-del-carnaval-de-negros-y-blancos-2017\/#primaryimage"},"thumbnailUrl":"https:\/\/pagina10.com\/web\/wp-content\/uploads\/2016\/06\/4c7c7d7f986cd04489cf450bd763fbd4.jpg","inLanguage":"es","potentialAction":[{"@type":"CommentAction","name":"Comment","target":["https:\/\/pagina10.com\/web\/abierta-convocatoria-para-el-afiche-del-carnaval-de-negros-y-blancos-2017\/#respond"]}]},{"@type":"WebPage","@id":"https:\/\/pagina10.com\/web\/abierta-convocatoria-para-el-afiche-del-carnaval-de-negros-y-blancos-2017\/","url":"https:\/\/pagina10.com\/web\/abierta-convocatoria-para-el-afiche-del-carnaval-de-negros-y-blancos-2017\/","name":"Abierta convocatoria para el afiche del Carnaval de Negros y Blancos 2017 | P\u00e1gina10","isPartOf":{"@id":"https:\/\/pagina10.com\/web\/#website"},"primaryImageOfPage":{"@id":"https:\/\/pagina10.com\/web\/abierta-convocatoria-para-el-afiche-del-carnaval-de-negros-y-blancos-2017\/#primaryimage"},"image":{"@id":"https:\/\/pagina10.com\/web\/abierta-convocatoria-para-el-afiche-del-carnaval-de-negros-y-blancos-2017\/#primaryimage"},"thumbnailUrl":"https:\/\/pagina10.com\/web\/wp-content\/uploads\/2016\/06\/4c7c7d7f986cd04489cf450bd763fbd4.jpg","datePublished":"2016-06-16T14:32:33+00:00","breadcrumb":{"@id":"https:\/\/pagina10.com\/web\/abierta-convocatoria-para-el-afiche-del-carnaval-de-negros-y-blancos-2017\/#breadcrumb"},"inLanguage":"es","potentialAction":[{"@type":"ReadAction","target":["https:\/\/pagina10.com\/web\/abierta-convocatoria-para-el-afiche-del-carnaval-de-negros-y-blancos-2017\/"]}]},{"@type":"ImageObject","inLanguage":"es","@id":"https:\/\/pagina10.com\/web\/abierta-convocatoria-para-el-afiche-del-carnaval-de-negros-y-blancos-2017\/#primaryimage","url":"https:\/\/pagina10.com\/web\/wp-content\/uploads\/2016\/06\/4c7c7d7f986cd04489cf450bd763fbd4.jpg","contentUrl":"https:\/\/pagina10.com\/web\/wp-content\/uploads\/2016\/06\/4c7c7d7f986cd04489cf450bd763fbd4.jpg","width":1108,"height":835},{"@type":"BreadcrumbList","@id":"https:\/\/pagina10.com\/web\/abierta-convocatoria-para-el-afiche-del-carnaval-de-negros-y-blancos-2017\/#breadcrumb","itemListElement":[{"@type":"ListItem","position":1,"name":"Portada","item":"https:\/\/pagina10.com\/web\/"},{"@type":"ListItem","position":2,"name":"Abierta convocatoria para el afiche del Carnaval de Negros y Blancos 2017"}]},{"@type":"WebSite","@id":"https:\/\/pagina10.com\/web\/#website","url":"https:\/\/pagina10.com\/web\/","name":"P\u00e1gina10","description":"Peri\u00f3dico Regional","publisher":{"@id":"https:\/\/pagina10.com\/web\/#organization"},"alternateName":"P\u00e1gina10 Peri\u00f3dico Regional","potentialAction":[{"@type":"SearchAction","target":{"@type":"EntryPoint","urlTemplate":"https:\/\/pagina10.com\/web\/?s={search_term_string}"},"query-input":{"@type":"PropertyValueSpecification","valueRequired":true,"valueName":"search_term_string"}}],"inLanguage":"es"},{"@type":"Organization","@id":"https:\/\/pagina10.com\/web\/#organization","name":"P\u00e1gina10","alternateName":"P\u00e1gina10 Peri\u00f3dico Regional","url":"https:\/\/pagina10.com\/web\/","logo":{"@type":"ImageObject","inLanguage":"es","@id":"https:\/\/pagina10.com\/web\/#\/schema\/logo\/image\/","url":"https:\/\/pagina10.com\/web\/wp-content\/uploads\/2024\/01\/40-pagina-10-periodico-regional-pasto.jpg","contentUrl":"https:\/\/pagina10.com\/web\/wp-content\/uploads\/2024\/01\/40-pagina-10-periodico-regional-pasto.jpg","width":1280,"height":720,"caption":"P\u00e1gina10"},"image":{"@id":"https:\/\/pagina10.com\/web\/#\/schema\/logo\/image\/"},"sameAs":["https:\/\/www.facebook.com\/pag10com","https:\/\/x.com\/Pag10com","https:\/\/www.instagram.com\/pagina10col\/","https:\/\/youtube.com\/channel\/pag10","https:\/\/www.tiktok.com\/@p10col"]},{"@type":"Person","@id":"https:\/\/pagina10.com\/web\/#\/schema\/person\/a7a5d38f0629dfc107f619fbae4f6cc3","name":"P\u00e1gina 10","description":"P\u00e1gina10.com es un peri\u00f3dico digital que nace en Colombia, en el departamento de Nari\u00f1o, con un enfoque global, fundamentado en cuatro pilares esenciales: la libertad, el pluralismo, la inclusi\u00f3n y la independencia. P\u00e1gina10.com hace referencia a Nari\u00f1o como el d\u00e9cimo departamento creado en Colombia, despu\u00e9s de un proceso pol\u00edtico liderado por actores y actrices regionales con el fin de obtener la independencia y autonom\u00eda de nuestros territorios. Con la creaci\u00f3n de P\u00e1gina10.com se pretende abrir un escenario para el dialogo, la reflexi\u00f3n y el debate que se extienda a otras geograf\u00edas de Am\u00e9rica Latina y del planeta, en una apuesta por transformar colectivamente los desaf\u00edos de un mundo contempor\u00e1neo, m\u00e1s all\u00e1 de las fronteras impuestas.","url":"https:\/\/pagina10.com\/web\/author\/mcepeda\/"}]}},"_links":{"self":[{"href":"https:\/\/pagina10.com\/web\/wp-json\/wp\/v2\/posts\/20687","targetHints":{"allow":["GET"]}}],"collection":[{"href":"https:\/\/pagina10.com\/web\/wp-json\/wp\/v2\/posts"}],"about":[{"href":"https:\/\/pagina10.com\/web\/wp-json\/wp\/v2\/types\/post"}],"author":[{"embeddable":true,"href":"https:\/\/pagina10.com\/web\/wp-json\/wp\/v2\/users\/29"}],"replies":[{"embeddable":true,"href":"https:\/\/pagina10.com\/web\/wp-json\/wp\/v2\/comments?post=20687"}],"version-history":[{"count":0,"href":"https:\/\/pagina10.com\/web\/wp-json\/wp\/v2\/posts\/20687\/revisions"}],"wp:featuredmedia":[{"embeddable":true,"href":"https:\/\/pagina10.com\/web\/wp-json\/wp\/v2\/media\/20686"}],"wp:attachment":[{"href":"https:\/\/pagina10.com\/web\/wp-json\/wp\/v2\/media?parent=20687"}],"wp:term":[{"taxonomy":"category","embeddable":true,"href":"https:\/\/pagina10.com\/web\/wp-json\/wp\/v2\/categories?post=20687"},{"taxonomy":"post_tag","embeddable":true,"href":"https:\/\/pagina10.com\/web\/wp-json\/wp\/v2\/tags?post=20687"}],"curies":[{"name":"wp","href":"https:\/\/api.w.org\/{rel}","templated":true}]}}