{"id":20689,"date":"2016-06-16T15:17:39","date_gmt":"2016-06-16T15:17:39","guid":{"rendered":"https:\/\/pagina10.com\/web\/no-faltan-los-malaleche\/"},"modified":"2016-06-16T15:17:39","modified_gmt":"2016-06-16T15:17:39","slug":"no-faltan-los-malaleche","status":"publish","type":"post","link":"https:\/\/pagina10.com\/web\/no-faltan-los-malaleche\/","title":{"rendered":"No faltan los \u2018malaleche\u2019"},"content":{"rendered":"<p><img fetchpriority=\"high\" decoding=\"async\" class=\" size-full wp-image-20688\" src=\"https:\/\/pagina10.com\/web\/wp-content\/uploads\/2016\/06\/c83df31386ed7035cc725d3bbea67874.jpg\" alt=\"\" width=\"375\" height=\"267\" srcset=\"https:\/\/pagina10.com\/web\/wp-content\/uploads\/2016\/06\/c83df31386ed7035cc725d3bbea67874.jpg 375w, https:\/\/pagina10.com\/web\/wp-content\/uploads\/2016\/06\/c83df31386ed7035cc725d3bbea67874-300x214.jpg 300w\" sizes=\"(max-width: 375px) 100vw, 375px\" \/><\/p>\n<p style=\"text-align: justify;\">Por fortuna en nuestro pa\u00eds se garantiza el derecho a la libre expresi\u00f3n a trav\u00e9s de la Constituci\u00f3n Nacional, recurso importante que forma parte de las libertades en una democracia formal. No obstante las opiniones que las personas emitimos deben ser responsables, con madurez y garantizando el buen nombre y honra de las personas.<\/p>\n<p style=\"text-align: justify;\">&nbsp;<\/p>\n<p style=\"text-align: justify;\">Con el surgimiento de las redes sociales, todos podemos opinar de manera \u00e1gil e interactuar de manera simult\u00e1nea con varios interlocutores, es un avance de los sistemas electr\u00f3nicos que han venido a brindar confort a los usuarios. Lo inquietante es que estos sistemas se han prestado para que la gente que no tiene la suficiente capacidad de opinar de manera directa, haga uso de perfiles falsos para denigrar de la imagen p\u00fablica que tiene cualquier ciudadano; siendo m\u00e1s notorio durante las campa\u00f1as electorales.<\/p>\n<p style=\"text-align: justify;\">&nbsp;<\/p>\n<p style=\"text-align: justify;\">Causa desaz\u00f3n ver a personas que se animan a dar opiniones en las redes sociales sin si quiera detenerse a leer y a pensar de que se trata. Eso es. Se atreven a opinar sin leer, y hacen el rid\u00edculo; pero hay otros que son aficionados a criticarlo todo, tienen un odio visceral a los gobernantes: de plano todo les desaprueban. No tienen cinco de sensatez. Qui\u00e9rase o no los gobernantes son necesarios, sin ellos no hay orden en una naci\u00f3n. Que no nos guste su gesti\u00f3n es otra cosa, pero hay que ser puntuales en lo que no compartimos y hacer uso de un lenguaje apropiado: respeto ante todo.<\/p>\n<p style=\"text-align: justify;\">&nbsp;<\/p>\n<p style=\"text-align: justify;\">Ni se diga de la ortograf\u00eda que utilizan: no son errores, son horrores ortogr\u00e1ficos. Muchos conf\u00edan en que el computador les corrija, pero no es as\u00ed, el computador tiene su alcance pero no lo es todo y tampoco les va a redactar. Podr\u00e1n vestir muy elegantes, podr\u00e1n perfumarse, podr\u00e1n tener lujos pero todo se va al suelo con una p\u00e9sima ortograf\u00eda y con un lenguaje soez.<\/p>\n<p style=\"text-align: justify;\">&nbsp;<\/p>\n<p style=\"text-align: justify;\">A prop\u00f3sito Antonio Machado, poeta espa\u00f1ol, sobre este tipo de personajes dir\u00eda: \u201cEs propio de aquellos con mentes estrechas, embestir contra todo aquello que no les cabe en la cabeza.\u201d<\/p>\n<p style=\"text-align: justify;\">&nbsp;<\/p>\n<p style=\"text-align: justify;\">Y no s\u00f3lo en las redes sociales, tambi\u00e9n est\u00e1n los que siempre llaman a la radio con el prop\u00f3sito de oponerse a cualquier iniciativa; se inventan argumentos tra\u00eddos de los cabellos. Son tan \u2018malaleche\u2019, que con saberse que van a opinar producen acidez estomacal. Nunca lanzan un comentario positivo, edificante, y menos de \u00e1nimo; su subconsciente lo tienen programado para atacar, difamar y odiar. Son unos alacranes por tanto veneno, pero tambi\u00e9n porque se cazan entre s\u00ed.<\/p>\n<p style=\"text-align: justify;\">&nbsp;<\/p>\n<p style=\"text-align: justify;\">Estas personas no viven felices si no es caus\u00e1ndole da\u00f1o a quien lo han tomado entre ojos; consideran que nadie puede ser superior a ellos. Son poseedores de la verdad absoluta, no admiten discusi\u00f3n, son muy poco humildes y les gusta que los elogien, sin devolver al menos un cumplido. Presumen de saber cualquier tema en discusi\u00f3n, y, por lo general, se hacen odiar con facilidad porque son espinosos.<\/p>\n<p style=\"text-align: justify;\">&nbsp;<\/p>\n<p style=\"text-align: justify;\">Se deben considerar a estos personajes como un factor negativo en la sociedad, pues, a muchas personas las pueden convencer de que lo que lo que dicen en es lo correcto, pero en verdad es m\u00e1s grande su poder disociador. Carecen de todo decoro para desmotivar y expresarse de manera negativa; s\u00f3lo ellos pueden hacer empresa, a los dem\u00e1s les dar\u00e1n razones para no hacerlo.<\/p>\n<p style=\"text-align: justify;\">&nbsp;<\/p>\n<p style=\"text-align: justify;\">Se caracterizan por monopolizar la palabra. Lo curioso es que presumen saber de todos los temas que se les proponga; dicen ser amigos de muchos personajes, sobre todo de la pol\u00edtica. En realidad llevan una vida m\u00e1s austera que la que aparentan.<\/p>\n<p style=\"text-align: justify;\">&nbsp;<\/p>\n<p style=\"text-align: justify;\">Es importante identificar a los \u2018malaleche\u2019 porque pueden constituir un factor negativo en las organizaciones; buscan establecer dominio, y luego es dif\u00edcil despojarlos del poder si han logrado ocupar cargos directivos.<\/p>\n","protected":false},"excerpt":{"rendered":"<p>Por fortuna en nuestro pa\u00eds se garantiza el derecho a la libre expresi\u00f3n a trav\u00e9s de la Constituci\u00f3n Nacional, recurso importante que forma parte de las libertades en una democracia formal. No obstante las opiniones que las personas emitimos deben ser responsables, con madurez y garantizando el buen nombre y honra de las personas. &nbsp; [&hellip;]<\/p>\n","protected":false},"author":65,"featured_media":20688,"comment_status":"open","ping_status":"open","sticky":false,"template":"","format":"standard","meta":{"footnotes":""},"categories":[1],"tags":[],"class_list":["post-20689","post","type-post","status-publish","format-standard","has-post-thumbnail","hentry","category-sin-categoria"],"yoast_head":"<!-- This site is optimized with the Yoast SEO plugin v27.1.1 - https:\/\/yoast.com\/product\/yoast-seo-wordpress\/ -->\n<title>No faltan los \u2018malaleche\u2019 | P\u00e1gina10<\/title>\n<meta name=\"robots\" content=\"index, follow, max-snippet:-1, max-image-preview:large, max-video-preview:-1\" \/>\n<link rel=\"canonical\" href=\"https:\/\/pagina10.com\/web\/no-faltan-los-malaleche\/\" \/>\n<meta property=\"og:locale\" content=\"es_ES\" \/>\n<meta property=\"og:type\" content=\"article\" \/>\n<meta property=\"og:title\" content=\"No faltan los \u2018malaleche\u2019 | P\u00e1gina10\" \/>\n<meta property=\"og:description\" content=\"Por fortuna en nuestro pa\u00eds se garantiza el derecho a la libre expresi\u00f3n a trav\u00e9s de la Constituci\u00f3n Nacional, recurso importante que forma parte de las libertades en una democracia formal. No obstante las opiniones que las personas emitimos deben ser responsables, con madurez y garantizando el buen nombre y honra de las personas. &nbsp; [&hellip;]\" \/>\n<meta property=\"og:url\" content=\"https:\/\/pagina10.com\/web\/no-faltan-los-malaleche\/\" \/>\n<meta property=\"og:site_name\" content=\"P\u00e1gina10\" \/>\n<meta property=\"article:publisher\" content=\"https:\/\/www.facebook.com\/pag10com\" \/>\n<meta property=\"article:published_time\" content=\"2016-06-16T15:17:39+00:00\" \/>\n<meta property=\"og:image\" content=\"https:\/\/pagina10.com\/web\/wp-content\/uploads\/2016\/06\/c83df31386ed7035cc725d3bbea67874.jpg\" \/>\n\t<meta property=\"og:image:width\" content=\"375\" \/>\n\t<meta property=\"og:image:height\" content=\"267\" \/>\n\t<meta property=\"og:image:type\" content=\"image\/jpeg\" \/>\n<meta name=\"author\" content=\"Anibal Ar\u00e9valo Rosero\" \/>\n<meta name=\"twitter:card\" content=\"summary_large_image\" \/>\n<meta name=\"twitter:creator\" content=\"@Pag10com\" \/>\n<meta name=\"twitter:site\" content=\"@Pag10com\" \/>\n<meta name=\"twitter:label1\" content=\"Escrito por\" \/>\n\t<meta name=\"twitter:data1\" content=\"Anibal Ar\u00e9valo Rosero\" \/>\n\t<meta name=\"twitter:label2\" content=\"Tiempo de lectura\" \/>\n\t<meta name=\"twitter:data2\" content=\"3 minutos\" \/>\n<script type=\"application\/ld+json\" class=\"yoast-schema-graph\">{\"@context\":\"https:\/\/schema.org\",\"@graph\":[{\"@type\":\"Article\",\"@id\":\"https:\/\/pagina10.com\/web\/no-faltan-los-malaleche\/#article\",\"isPartOf\":{\"@id\":\"https:\/\/pagina10.com\/web\/no-faltan-los-malaleche\/\"},\"author\":{\"name\":\"Anibal Ar\u00e9valo Rosero\",\"@id\":\"https:\/\/pagina10.com\/web\/#\/schema\/person\/9ec3e2b432363a195d2d01bf820c66fe\"},\"headline\":\"No faltan los \u2018malaleche\u2019\",\"datePublished\":\"2016-06-16T15:17:39+00:00\",\"mainEntityOfPage\":{\"@id\":\"https:\/\/pagina10.com\/web\/no-faltan-los-malaleche\/\"},\"wordCount\":682,\"commentCount\":0,\"publisher\":{\"@id\":\"https:\/\/pagina10.com\/web\/#organization\"},\"image\":{\"@id\":\"https:\/\/pagina10.com\/web\/no-faltan-los-malaleche\/#primaryimage\"},\"thumbnailUrl\":\"https:\/\/pagina10.com\/web\/wp-content\/uploads\/2016\/06\/c83df31386ed7035cc725d3bbea67874.jpg\",\"inLanguage\":\"es\",\"potentialAction\":[{\"@type\":\"CommentAction\",\"name\":\"Comment\",\"target\":[\"https:\/\/pagina10.com\/web\/no-faltan-los-malaleche\/#respond\"]}]},{\"@type\":\"WebPage\",\"@id\":\"https:\/\/pagina10.com\/web\/no-faltan-los-malaleche\/\",\"url\":\"https:\/\/pagina10.com\/web\/no-faltan-los-malaleche\/\",\"name\":\"No faltan los \u2018malaleche\u2019 | P\u00e1gina10\",\"isPartOf\":{\"@id\":\"https:\/\/pagina10.com\/web\/#website\"},\"primaryImageOfPage\":{\"@id\":\"https:\/\/pagina10.com\/web\/no-faltan-los-malaleche\/#primaryimage\"},\"image\":{\"@id\":\"https:\/\/pagina10.com\/web\/no-faltan-los-malaleche\/#primaryimage\"},\"thumbnailUrl\":\"https:\/\/pagina10.com\/web\/wp-content\/uploads\/2016\/06\/c83df31386ed7035cc725d3bbea67874.jpg\",\"datePublished\":\"2016-06-16T15:17:39+00:00\",\"breadcrumb\":{\"@id\":\"https:\/\/pagina10.com\/web\/no-faltan-los-malaleche\/#breadcrumb\"},\"inLanguage\":\"es\",\"potentialAction\":[{\"@type\":\"ReadAction\",\"target\":[\"https:\/\/pagina10.com\/web\/no-faltan-los-malaleche\/\"]}]},{\"@type\":\"ImageObject\",\"inLanguage\":\"es\",\"@id\":\"https:\/\/pagina10.com\/web\/no-faltan-los-malaleche\/#primaryimage\",\"url\":\"https:\/\/pagina10.com\/web\/wp-content\/uploads\/2016\/06\/c83df31386ed7035cc725d3bbea67874.jpg\",\"contentUrl\":\"https:\/\/pagina10.com\/web\/wp-content\/uploads\/2016\/06\/c83df31386ed7035cc725d3bbea67874.jpg\",\"width\":375,\"height\":267},{\"@type\":\"BreadcrumbList\",\"@id\":\"https:\/\/pagina10.com\/web\/no-faltan-los-malaleche\/#breadcrumb\",\"itemListElement\":[{\"@type\":\"ListItem\",\"position\":1,\"name\":\"Portada\",\"item\":\"https:\/\/pagina10.com\/web\/\"},{\"@type\":\"ListItem\",\"position\":2,\"name\":\"No faltan los \u2018malaleche\u2019\"}]},{\"@type\":\"WebSite\",\"@id\":\"https:\/\/pagina10.com\/web\/#website\",\"url\":\"https:\/\/pagina10.com\/web\/\",\"name\":\"P\u00e1gina10\",\"description\":\"Peri\u00f3dico Regional\",\"publisher\":{\"@id\":\"https:\/\/pagina10.com\/web\/#organization\"},\"alternateName\":\"P\u00e1gina10 Peri\u00f3dico Regional\",\"potentialAction\":[{\"@type\":\"SearchAction\",\"target\":{\"@type\":\"EntryPoint\",\"urlTemplate\":\"https:\/\/pagina10.com\/web\/?s={search_term_string}\"},\"query-input\":{\"@type\":\"PropertyValueSpecification\",\"valueRequired\":true,\"valueName\":\"search_term_string\"}}],\"inLanguage\":\"es\"},{\"@type\":\"Organization\",\"@id\":\"https:\/\/pagina10.com\/web\/#organization\",\"name\":\"P\u00e1gina10\",\"alternateName\":\"P\u00e1gina10 Peri\u00f3dico Regional\",\"url\":\"https:\/\/pagina10.com\/web\/\",\"logo\":{\"@type\":\"ImageObject\",\"inLanguage\":\"es\",\"@id\":\"https:\/\/pagina10.com\/web\/#\/schema\/logo\/image\/\",\"url\":\"https:\/\/pagina10.com\/web\/wp-content\/uploads\/2024\/01\/40-pagina-10-periodico-regional-pasto.jpg\",\"contentUrl\":\"https:\/\/pagina10.com\/web\/wp-content\/uploads\/2024\/01\/40-pagina-10-periodico-regional-pasto.jpg\",\"width\":1280,\"height\":720,\"caption\":\"P\u00e1gina10\"},\"image\":{\"@id\":\"https:\/\/pagina10.com\/web\/#\/schema\/logo\/image\/\"},\"sameAs\":[\"https:\/\/www.facebook.com\/pag10com\",\"https:\/\/x.com\/Pag10com\",\"https:\/\/www.instagram.com\/pagina10col\/\",\"https:\/\/youtube.com\/channel\/pag10\",\"https:\/\/www.tiktok.com\/@p10col\"]},{\"@type\":\"Person\",\"@id\":\"https:\/\/pagina10.com\/web\/#\/schema\/person\/9ec3e2b432363a195d2d01bf820c66fe\",\"name\":\"Anibal Ar\u00e9valo Rosero\",\"description\":\"An\u00edbal Ar\u00e9valo Rosero a trav\u00e9s de su vida ha realizado diversas actividades tendientes a reivindicar al ser humano en su conciencia plena. Durante su vida ha hecho teatro, a escrito poes\u00eda y en sus tiempos de universitario realiz\u00f3 varias publicaciones entre las que se recuerda la revista Quinde. Junto con otros compa\u00f1eros fund\u00f3 el Taller Cultural El Cueche, equipo con el que se hicieron varias publicaciones. De este mismo grupo hay que resaltar que se hizo un trabajo pionero en la difusi\u00f3n de la m\u00fasica andina, latinoamericana y del caribe. Despu\u00e9s de terminar sus estudios de biolog\u00eda en la Universidad de Nari\u00f1o entr\u00f3 a laborar en emisoras de la ciudad de Pasto como en RCN, donde se desempe\u00f1aba como locutor de planta. Dirigi\u00f3 programas en la extinta Ondas del Mayo, en varias oportunidades; tambi\u00e9n en Ecos de Pasto. Fue colaborador de el Noticias RCN y dirigi\u00f3 el programa Simana al D\u00eda, del Sindicato del Magisterio de Nari\u00f1o, en dos \u00e9pocas. En el a\u00f1o de 1992 funda el Comit\u00e9 de Solidaridad con Cuba Jos\u00e9 Mart\u00ed, cuyo objetivo era divulgar la realidad cubana y expresar apoyo moral, pol\u00edtico y material al pa\u00eds caribe\u00f1o. Ante la mala interpretaci\u00f3n que la gente le daba a este tipo de acciones, se decide promover viajes de solidad a Cuba para participar en la Brigada Latinoamericana de Trabajo Voluntario, en el Festival Cuba Vive y, de manera especia,l en el 14 Festival Mundial de la Juventud y los Estudiantes, que se desarroll\u00f3 en la isla en el a\u00f1o de 1997. Con esta experiencia impulsa el turismo al pa\u00eds caribe\u00f1o con el resultado de que miles de personas han participado de las excursiones organizadas por Ar\u00e9valo Rosero. Asimismo ha venido impulsando las Brigadas de Salud en Cuba, tendiente a llevar pacientes de c\u00e1ncer a ese destino con el fin de que reciban atenci\u00f3n m\u00e9dica, teniendo en cuenta que la experiencia cubana en el tema ha sido bastante favorable. Veinte a\u00f1os despu\u00e9s de estas nutritivas experiencias, le permiten impulsar excursiones adem\u00e1s a M\u00e9xico, Machu Picchu, Argentina, Ecuador, Panam\u00e1 y Tierra Santa. En cuanto al desempe\u00f1o period\u00edstico, adem\u00e1s de los medios radiales y de televisi\u00f3n, en los canales de la universidades de Nari\u00f1o y Mariana, se ha desempe\u00f1ado como columnista en Diario del Sur durante 6 a\u00f1os y en algunos medios virtuales. Tambi\u00e9n es colaborador de el Diario del Cauca. Considera que la pr\u00e1ctica de la lectura es beber de la fuente nutricia que permite apropiarse de manera consciente del ejercicio de la democracia; y la posibilidad de escribir y ser le\u00eddo, acceder al poder, por que considera la palabra como el mayor instrumento de acci\u00f3n cuando est\u00e1 bien encamina al leg\u00edtimo servicio social. En la actualidad adem\u00e1s de so\u00f1ar con viajar por el mundo se desempe\u00f1a como docente del departamento de ciencias de Inem Luis Delf\u00edn Insuasty de Pasto. Correo: Esta direcci\u00f3n de correo electr\u00f3nico est\u00e1 protegida contra spambots. Usted necesita tener Javascript activado para poder verla.\\\" target=\\\"_blank\\\" style=\\\"color: #1155cc; text-align: justify; font-family: arial, sans-serif; font-size: 13px; line-height: normal;\\\"&gt;fundacionecosofia@gmail.com\",\"url\":\"https:\/\/pagina10.com\/web\/author\/anibal\/\"}]}<\/script>\n<!-- \/ Yoast SEO plugin. -->","yoast_head_json":{"title":"No faltan los \u2018malaleche\u2019 | P\u00e1gina10","robots":{"index":"index","follow":"follow","max-snippet":"max-snippet:-1","max-image-preview":"max-image-preview:large","max-video-preview":"max-video-preview:-1"},"canonical":"https:\/\/pagina10.com\/web\/no-faltan-los-malaleche\/","og_locale":"es_ES","og_type":"article","og_title":"No faltan los \u2018malaleche\u2019 | P\u00e1gina10","og_description":"Por fortuna en nuestro pa\u00eds se garantiza el derecho a la libre expresi\u00f3n a trav\u00e9s de la Constituci\u00f3n Nacional, recurso importante que forma parte de las libertades en una democracia formal. No obstante las opiniones que las personas emitimos deben ser responsables, con madurez y garantizando el buen nombre y honra de las personas. &nbsp; [&hellip;]","og_url":"https:\/\/pagina10.com\/web\/no-faltan-los-malaleche\/","og_site_name":"P\u00e1gina10","article_publisher":"https:\/\/www.facebook.com\/pag10com","article_published_time":"2016-06-16T15:17:39+00:00","og_image":[{"width":375,"height":267,"url":"https:\/\/pagina10.com\/web\/wp-content\/uploads\/2016\/06\/c83df31386ed7035cc725d3bbea67874.jpg","type":"image\/jpeg"}],"author":"Anibal Ar\u00e9valo Rosero","twitter_card":"summary_large_image","twitter_creator":"@Pag10com","twitter_site":"@Pag10com","twitter_misc":{"Escrito por":"Anibal Ar\u00e9valo Rosero","Tiempo de lectura":"3 minutos"},"schema":{"@context":"https:\/\/schema.org","@graph":[{"@type":"Article","@id":"https:\/\/pagina10.com\/web\/no-faltan-los-malaleche\/#article","isPartOf":{"@id":"https:\/\/pagina10.com\/web\/no-faltan-los-malaleche\/"},"author":{"name":"Anibal Ar\u00e9valo Rosero","@id":"https:\/\/pagina10.com\/web\/#\/schema\/person\/9ec3e2b432363a195d2d01bf820c66fe"},"headline":"No faltan los \u2018malaleche\u2019","datePublished":"2016-06-16T15:17:39+00:00","mainEntityOfPage":{"@id":"https:\/\/pagina10.com\/web\/no-faltan-los-malaleche\/"},"wordCount":682,"commentCount":0,"publisher":{"@id":"https:\/\/pagina10.com\/web\/#organization"},"image":{"@id":"https:\/\/pagina10.com\/web\/no-faltan-los-malaleche\/#primaryimage"},"thumbnailUrl":"https:\/\/pagina10.com\/web\/wp-content\/uploads\/2016\/06\/c83df31386ed7035cc725d3bbea67874.jpg","inLanguage":"es","potentialAction":[{"@type":"CommentAction","name":"Comment","target":["https:\/\/pagina10.com\/web\/no-faltan-los-malaleche\/#respond"]}]},{"@type":"WebPage","@id":"https:\/\/pagina10.com\/web\/no-faltan-los-malaleche\/","url":"https:\/\/pagina10.com\/web\/no-faltan-los-malaleche\/","name":"No faltan los \u2018malaleche\u2019 | P\u00e1gina10","isPartOf":{"@id":"https:\/\/pagina10.com\/web\/#website"},"primaryImageOfPage":{"@id":"https:\/\/pagina10.com\/web\/no-faltan-los-malaleche\/#primaryimage"},"image":{"@id":"https:\/\/pagina10.com\/web\/no-faltan-los-malaleche\/#primaryimage"},"thumbnailUrl":"https:\/\/pagina10.com\/web\/wp-content\/uploads\/2016\/06\/c83df31386ed7035cc725d3bbea67874.jpg","datePublished":"2016-06-16T15:17:39+00:00","breadcrumb":{"@id":"https:\/\/pagina10.com\/web\/no-faltan-los-malaleche\/#breadcrumb"},"inLanguage":"es","potentialAction":[{"@type":"ReadAction","target":["https:\/\/pagina10.com\/web\/no-faltan-los-malaleche\/"]}]},{"@type":"ImageObject","inLanguage":"es","@id":"https:\/\/pagina10.com\/web\/no-faltan-los-malaleche\/#primaryimage","url":"https:\/\/pagina10.com\/web\/wp-content\/uploads\/2016\/06\/c83df31386ed7035cc725d3bbea67874.jpg","contentUrl":"https:\/\/pagina10.com\/web\/wp-content\/uploads\/2016\/06\/c83df31386ed7035cc725d3bbea67874.jpg","width":375,"height":267},{"@type":"BreadcrumbList","@id":"https:\/\/pagina10.com\/web\/no-faltan-los-malaleche\/#breadcrumb","itemListElement":[{"@type":"ListItem","position":1,"name":"Portada","item":"https:\/\/pagina10.com\/web\/"},{"@type":"ListItem","position":2,"name":"No faltan los \u2018malaleche\u2019"}]},{"@type":"WebSite","@id":"https:\/\/pagina10.com\/web\/#website","url":"https:\/\/pagina10.com\/web\/","name":"P\u00e1gina10","description":"Peri\u00f3dico Regional","publisher":{"@id":"https:\/\/pagina10.com\/web\/#organization"},"alternateName":"P\u00e1gina10 Peri\u00f3dico Regional","potentialAction":[{"@type":"SearchAction","target":{"@type":"EntryPoint","urlTemplate":"https:\/\/pagina10.com\/web\/?s={search_term_string}"},"query-input":{"@type":"PropertyValueSpecification","valueRequired":true,"valueName":"search_term_string"}}],"inLanguage":"es"},{"@type":"Organization","@id":"https:\/\/pagina10.com\/web\/#organization","name":"P\u00e1gina10","alternateName":"P\u00e1gina10 Peri\u00f3dico Regional","url":"https:\/\/pagina10.com\/web\/","logo":{"@type":"ImageObject","inLanguage":"es","@id":"https:\/\/pagina10.com\/web\/#\/schema\/logo\/image\/","url":"https:\/\/pagina10.com\/web\/wp-content\/uploads\/2024\/01\/40-pagina-10-periodico-regional-pasto.jpg","contentUrl":"https:\/\/pagina10.com\/web\/wp-content\/uploads\/2024\/01\/40-pagina-10-periodico-regional-pasto.jpg","width":1280,"height":720,"caption":"P\u00e1gina10"},"image":{"@id":"https:\/\/pagina10.com\/web\/#\/schema\/logo\/image\/"},"sameAs":["https:\/\/www.facebook.com\/pag10com","https:\/\/x.com\/Pag10com","https:\/\/www.instagram.com\/pagina10col\/","https:\/\/youtube.com\/channel\/pag10","https:\/\/www.tiktok.com\/@p10col"]},{"@type":"Person","@id":"https:\/\/pagina10.com\/web\/#\/schema\/person\/9ec3e2b432363a195d2d01bf820c66fe","name":"Anibal Ar\u00e9valo Rosero","description":"An\u00edbal Ar\u00e9valo Rosero a trav\u00e9s de su vida ha realizado diversas actividades tendientes a reivindicar al ser humano en su conciencia plena. Durante su vida ha hecho teatro, a escrito poes\u00eda y en sus tiempos de universitario realiz\u00f3 varias publicaciones entre las que se recuerda la revista Quinde. Junto con otros compa\u00f1eros fund\u00f3 el Taller Cultural El Cueche, equipo con el que se hicieron varias publicaciones. De este mismo grupo hay que resaltar que se hizo un trabajo pionero en la difusi\u00f3n de la m\u00fasica andina, latinoamericana y del caribe. Despu\u00e9s de terminar sus estudios de biolog\u00eda en la Universidad de Nari\u00f1o entr\u00f3 a laborar en emisoras de la ciudad de Pasto como en RCN, donde se desempe\u00f1aba como locutor de planta. Dirigi\u00f3 programas en la extinta Ondas del Mayo, en varias oportunidades; tambi\u00e9n en Ecos de Pasto. Fue colaborador de el Noticias RCN y dirigi\u00f3 el programa Simana al D\u00eda, del Sindicato del Magisterio de Nari\u00f1o, en dos \u00e9pocas. En el a\u00f1o de 1992 funda el Comit\u00e9 de Solidaridad con Cuba Jos\u00e9 Mart\u00ed, cuyo objetivo era divulgar la realidad cubana y expresar apoyo moral, pol\u00edtico y material al pa\u00eds caribe\u00f1o. Ante la mala interpretaci\u00f3n que la gente le daba a este tipo de acciones, se decide promover viajes de solidad a Cuba para participar en la Brigada Latinoamericana de Trabajo Voluntario, en el Festival Cuba Vive y, de manera especia,l en el 14 Festival Mundial de la Juventud y los Estudiantes, que se desarroll\u00f3 en la isla en el a\u00f1o de 1997. Con esta experiencia impulsa el turismo al pa\u00eds caribe\u00f1o con el resultado de que miles de personas han participado de las excursiones organizadas por Ar\u00e9valo Rosero. Asimismo ha venido impulsando las Brigadas de Salud en Cuba, tendiente a llevar pacientes de c\u00e1ncer a ese destino con el fin de que reciban atenci\u00f3n m\u00e9dica, teniendo en cuenta que la experiencia cubana en el tema ha sido bastante favorable. Veinte a\u00f1os despu\u00e9s de estas nutritivas experiencias, le permiten impulsar excursiones adem\u00e1s a M\u00e9xico, Machu Picchu, Argentina, Ecuador, Panam\u00e1 y Tierra Santa. En cuanto al desempe\u00f1o period\u00edstico, adem\u00e1s de los medios radiales y de televisi\u00f3n, en los canales de la universidades de Nari\u00f1o y Mariana, se ha desempe\u00f1ado como columnista en Diario del Sur durante 6 a\u00f1os y en algunos medios virtuales. Tambi\u00e9n es colaborador de el Diario del Cauca. Considera que la pr\u00e1ctica de la lectura es beber de la fuente nutricia que permite apropiarse de manera consciente del ejercicio de la democracia; y la posibilidad de escribir y ser le\u00eddo, acceder al poder, por que considera la palabra como el mayor instrumento de acci\u00f3n cuando est\u00e1 bien encamina al leg\u00edtimo servicio social. En la actualidad adem\u00e1s de so\u00f1ar con viajar por el mundo se desempe\u00f1a como docente del departamento de ciencias de Inem Luis Delf\u00edn Insuasty de Pasto. Correo: Esta direcci\u00f3n de correo electr\u00f3nico est\u00e1 protegida contra spambots. Usted necesita tener Javascript activado para poder verla.\" target=\"_blank\" style=\"color: #1155cc; text-align: justify; font-family: arial, sans-serif; font-size: 13px; line-height: normal;\"&gt;fundacionecosofia@gmail.com","url":"https:\/\/pagina10.com\/web\/author\/anibal\/"}]}},"_links":{"self":[{"href":"https:\/\/pagina10.com\/web\/wp-json\/wp\/v2\/posts\/20689","targetHints":{"allow":["GET"]}}],"collection":[{"href":"https:\/\/pagina10.com\/web\/wp-json\/wp\/v2\/posts"}],"about":[{"href":"https:\/\/pagina10.com\/web\/wp-json\/wp\/v2\/types\/post"}],"author":[{"embeddable":true,"href":"https:\/\/pagina10.com\/web\/wp-json\/wp\/v2\/users\/65"}],"replies":[{"embeddable":true,"href":"https:\/\/pagina10.com\/web\/wp-json\/wp\/v2\/comments?post=20689"}],"version-history":[{"count":0,"href":"https:\/\/pagina10.com\/web\/wp-json\/wp\/v2\/posts\/20689\/revisions"}],"wp:featuredmedia":[{"embeddable":true,"href":"https:\/\/pagina10.com\/web\/wp-json\/wp\/v2\/media\/20688"}],"wp:attachment":[{"href":"https:\/\/pagina10.com\/web\/wp-json\/wp\/v2\/media?parent=20689"}],"wp:term":[{"taxonomy":"category","embeddable":true,"href":"https:\/\/pagina10.com\/web\/wp-json\/wp\/v2\/categories?post=20689"},{"taxonomy":"post_tag","embeddable":true,"href":"https:\/\/pagina10.com\/web\/wp-json\/wp\/v2\/tags?post=20689"}],"curies":[{"name":"wp","href":"https:\/\/api.w.org\/{rel}","templated":true}]}}