{"id":20693,"date":"2016-06-16T15:43:52","date_gmt":"2016-06-16T15:43:52","guid":{"rendered":"https:\/\/pagina10.com\/web\/columnista-de-pagina-10-recibio-premio-raices-de-cultura-y-educacion\/"},"modified":"2016-06-16T15:43:52","modified_gmt":"2016-06-16T15:43:52","slug":"columnista-de-pagina-10-recibio-premio-raices-de-cultura-y-educacion","status":"publish","type":"post","link":"https:\/\/pagina10.com\/web\/columnista-de-pagina-10-recibio-premio-raices-de-cultura-y-educacion\/","title":{"rendered":"Columnista de P\u00e1gina 10 recibi\u00f3 Premio Ra\u00edces de Cultura y Educaci\u00f3n"},"content":{"rendered":"<p><img fetchpriority=\"high\" decoding=\"async\" class=\" size-full wp-image-20692\" src=\"https:\/\/pagina10.com\/web\/wp-content\/uploads\/2016\/06\/304d3699297b0ef0fa1a24a686896b18.jpg\" alt=\"\" width=\"655\" height=\"347\" srcset=\"https:\/\/pagina10.com\/web\/wp-content\/uploads\/2016\/06\/304d3699297b0ef0fa1a24a686896b18.jpg 655w, https:\/\/pagina10.com\/web\/wp-content\/uploads\/2016\/06\/304d3699297b0ef0fa1a24a686896b18-300x159.jpg 300w\" sizes=\"(max-width: 655px) 100vw, 655px\" \/><\/p>\n<p style=\"text-align: justify;\">El pasado 7 de junio en Buenos Aires, el corresponsal de P\u00e1gina 10 en Bogot\u00e1, el Internacionalista, Comunicador Social y Periodista Carlos Villota Santacruz experto en marketing pol\u00edtico y marketing de ciudad recibi\u00f3 en el complejo hist\u00f3rico de esta ciudad \u201cLa Manzana de Las Luces\u201d, el Premio Ra\u00edces de Educaci\u00f3n y Cultura en reconocimiento a su trayectoria profesional en su pa\u00eds y Am\u00e9rica Latina.<\/p>\n<p style=\"text-align: justify;\">Villota Santacruz es profesional de la comunicaci\u00f3n, que impuls\u00f3 y acompa\u00f1\u00f3 la internacionalizaci\u00f3n del Carnaval de Negros y Blancos \u2013Patrimonio de la Humanidad- fue cofundador del Festival Internacional de Tr\u00edos de Ipiales, edific\u00f3 el encuentro de Culturas en Ciudad de M\u00e9xico en el a\u00f1o 2006,&nbsp; es consultor en el \u00e1rea de comunicaciones del proyecto cultural de la Fundaci\u00f3n Musicoral \u2013en el Valle del Cauca- que tiene la direcci\u00f3n e Eduardo Uribe, que adem\u00e1s gan\u00f3 el Premio Mono N\u00fa\u00f1ez del presente a\u00f1o en el municipio de Ginebra el pasado 30 de mayo, a trav\u00e9s del dueto \u201cCafecito y Ca\u00f1a\u201d.<\/p>\n<p style=\"text-align: justify;\">Adem\u00e1s, en su paso por Argentina dict\u00f3 tres conferencias, en la Provincia de Rionegro en la ciudad de Viedma y en la IX Cumbre Mundial de Comunicaci\u00f3n Pol\u00edtica, representando a Colombia por octava ocasi\u00f3n. En esta oportunidad, habl\u00f3 sobre la comunicaci\u00f3n en el proceso de paz desde el Congreso de su pa\u00eds, que hoy se encuentra en la mira de la comunidad internacional, entre los Estados Unidos y el Vaticano&nbsp;<\/p>\n<p style=\"text-align: justify;\">El equipo humano y profesional de PAGINA 10&nbsp; felicita a nuestro corresponsal, lo que reafirma la calidad de su trabajo, su compromiso y la manera de tender puentes de orden informativo entre Bogot\u00e1 y Buenos Aires, con&nbsp; noticias, cr\u00f3nicas y reportajes de alto inter\u00e9s para la opini\u00f3n p\u00fablica.<\/p>\n<p style=\"text-align: justify;\">A continuaci\u00f3n reproducimos las palabras de&nbsp; Carlos Villota Santacruz,&nbsp; a recibir el Premio Ra\u00edces de Educaci\u00f3n y Cultura 2016, de manos de su fundador Oswaldo Garc\u00eda Napo, Embajador de la paz de Argentina para el mundo:<\/p>\n<p style=\"text-align: justify;\">Llegar a este edificio tradicional, cargado de contenido simb\u00f3lico representativo de la Rep\u00fablica Argentina esta noche, en el marco de la vig\u00e9sima s\u00e9ptima edici\u00f3n del Premio Ra\u00edces, de la mano de la cultura de mi pa\u00eds: Colombia y de mi hija Alejandra, no solo se constituye en un motivo de alegr\u00eda, sino una oportunidad hist\u00f3rica para dejar testimonio que la cultura no solo tiende puentes, sino que edifica proyectos de vida, trasforma una sociedad. Hace posible que los sue\u00f1os se conviertan en realidad, como lo plasmo en sus libros escritores como Jorge Luis Borges y Ernesto S\u00e1bato. Una de ellas, su relato sobre la ciudad de Buenos Aires o el T\u00fanel, que marcaron mi adolescencia y el&nbsp; encuentro hacia la juventud, como pre\u00e1mbulo al inicio del pregrado en la Facultad de Comunicaci\u00f3n Social y periodismo de la Universidad de la Sabana<\/p>\n<p style=\"text-align: justify;\">Ese fue la \u201csemilla\u201d&nbsp; de nuestro trabajo profesional en el Carnaval de Negros y Blancos, Patrimonio de la Humanidad, en la ciudad de San Juan de Pasto, en las faldas del Volc\u00e1n Galeras, capital del departamento de Nari\u00f1o. La tierra de mis antepasados. De mis abuelos. De mi padre y de madre, a quienes les agradezco regalarme la vida, fruto de su amor. De mi hermana, Liliana.<\/p>\n<p style=\"text-align: justify;\">Como su hijo, los represento, tambi\u00e9n a mi familia, a un pa\u00eds como Colombia: cuna del Nobel Gabriel Garc\u00eda M\u00e1rquez, del poeta Aurelio Arturo y de miles de ni\u00f1os, j\u00f3venes, hombres y mujeres an\u00f3nimos que de manera individual y colectiva, hacen germinar la cultura, a trav\u00e9s de un escrito, de una narraci\u00f3n, el trinar de una guitarra, de una bandola o simplemente; a trav\u00e9s de su voz.<\/p>\n<p style=\"text-align: justify;\">Prueba de ello, es la Vereda Chicoral en el Valle del Cauca, donde tiene su sede la Fundaci\u00f3n Musicoral, en medio de un bosque de niebla, el Festival Internacional de Tr\u00edos de Ipiales, que surgi\u00f3 en el 2008, cuna de Grandes Tr\u00edos de Colombia y un referente para Am\u00e9rica Latina, al que se suma las escalitas del Congreso \u2013en el coraz\u00f3n de la ciudad de Bogot\u00e1- elevada a un espacio cultural p\u00fablico y gratuito para los ciudadanos desde diciembre de 2015,&nbsp; con el sello del presidente del senado Luis Fernando Velasco y la mesa directiva de la c\u00e1mara alta que le acompa\u00f1a, al que se suma el Encuentro de Cultural de ciudad de M\u00e9xico que qued\u00f3 consignado en la historia de una de las capitales m\u00e1s importantes del mundo, que con el paso del tiempo hizo de los ni\u00f1os y los j\u00f3venes gestores culturales y actores de cambio.<\/p>\n<p style=\"text-align: justify;\">Nuestra tarea, se resume en trabajar con pasi\u00f3n. Edificar una comunicaci\u00f3n con una visi\u00f3n human\u00edstica cultural, que trasciende en el tiempo. De generaci\u00f3n en generaci\u00f3n. Hoy, cuando las nuevas tecnolog\u00edas de la informaci\u00f3n alimentan cada segundo, nuestro quehacer diario, potencializar su impacto en un mundo globalizado, visibiliza procesos locales en mi pa\u00eds, que le apuesta a la paz, bajo el liderazgo del presidente Juan Manuel Santos.<\/p>\n<p style=\"text-align: justify;\">Este reconocimiento haca mi labor profesional en Colombia y el exterior, lo agradezco desde el m\u00e1s profundo de mi coraz\u00f3n a qui\u00e9n lo hace posible, como es Oswaldo&nbsp; Garc\u00eda Napo, un hombre que tiene el periodismo en su sangre y la defensa de la paz, como motor de vida. As\u00ed se le conoce y se le reconoce su tarea desde el Asia, Centro Am\u00e9rica, Europa y por supuesto, su pa\u00eds, Argentina, del cual es un Embajador, m\u00e1s all\u00e1 de los canales diplom\u00e1ticos, de la luz del derecho internacional, porque esculpe su accionar desde el coraz\u00f3n y con el poder de la palabra.<\/p>\n<p style=\"text-align: justify;\">Que nos queda por delante. Agradecer a Dios por su presencia en nuestras vida de qui\u00e9n habla y de cada uno de los aqu\u00ed presentes, muchas ellas que conozco desde hace m\u00e1s de una d\u00e9cada, que me han visto crecer como persona, profesional y han sido testigo el disfrute de mi rol de padre de Mar\u00eda Alejandra Villota Ram\u00edrez, que me acompa\u00f1a esta noche.<\/p>\n<p style=\"text-align: justify;\">De su mano y con la bendici\u00f3n del alt\u00edsimo seguiremos trabajando por la cultura: dentro y fuera de Colombia. El reto, es crear un gran pacto en el continente alrededor de la cultura que trascienda los Gobiernos y que se acompa\u00f1a la evoluci\u00f3n constante de una sociedad, que tiene retos y oportunidades. La \u00fanica manera de visibilizarle, es una comunicaci\u00f3n incluyente y participativa.<\/p>\n<p style=\"text-align: justify;\">Por \u00faltimo, quiero decirle a los argentinos aqu\u00ed presentes, de nacimiento y adopci\u00f3n, que la cultura resalta en el ser humano los aspectos m\u00e1s nobles y elevados de su ser. Los invito a seguir esa hoja de ruta, que los har\u00e1 crecer individualmente como personas y colectivamente como comunidad, como n\u00facleo familiar. Es a ventana \u2013como sucede en Colombia en la Vereda Chicoral, en el Valle del Cauca- al encuentro del disfrute, de creatividad, que m\u00e1s temprano que tarde, les permitir\u00e1 llegar al encuentro de los valores universales de la solidaridad, el respeto, la libertad y la paz. Un lugar cargado de cultura y naturaleza, que tiene en sus alumnos Fabi\u00e1n Fajardo y Mauricio Arcila, a los Ganadores del Premio Mono N\u00fa\u00f1ez de M\u00fasica Andina Colombia en su versi\u00f3n 42, el pasado 29 de mayo, en el municipio de Ginebra, departamento del Valle del Cauca.<\/p>\n<p style=\"text-align: justify;\">Un hecho hist\u00f3rico, que demuestra que si es posible cultivar la cultura con el poder de la palabra, de la comunicaci\u00f3n, acompa\u00f1ado con la fe y la bendici\u00f3n de Dios, en lugares an\u00f3nimos para el mundo, pero visibles para quienes tenemos la cultura en la sangre, como nuestro anfitri\u00f3n Oswaldo Garc\u00eda Napo, un hombre constructor de paz, que es capaz de tender puentes, en lugares equidistantes de Argentina y en el planeta.<\/p>\n<p style=\"text-align: justify;\">Vuestro compatriota y escritor Jorge Luis Borges dijo en alguna oportunidad, que \u201cSiempre imagin\u00f3 que el Para\u00edso ser\u00eda alg\u00fan tipo de biblioteca. Tambi\u00e9n uno de los suyos, un hombre conocido hoy mundialmente, el Papa Francisco&nbsp; se\u00f1al\u00f3 que Hay que despertar la palabra, porque cada palabra tiene dentro de s\u00ed una chispa de vida y este es el primer deber del comunicador.<\/p>\n<p style=\"text-align: justify;\">As\u00ed puedo resumir el TENER EL HONOR DE estar entre ustedes, con mi pasado, mi presente y delineando el futuro desde el orden personal y profesional:<\/p>\n<p style=\"text-align: justify;\">Porque nada nos llevamos, solamente nuestras obras, nuestras acciones y el servicio por los dem\u00e1s.<\/p>\n<p style=\"text-align: justify;\">Un legado que dej\u00f3 en manos de mi hija Alejandra Villota Ram\u00edrez, para que lo contin\u00fae, lo mejore y lo proyecte de su condici\u00f3n de mujer y artista visual.<\/p>\n","protected":false},"excerpt":{"rendered":"<p>El pasado 7 de junio en Buenos Aires, el corresponsal de P\u00e1gina 10 en Bogot\u00e1, el Internacionalista, Comunicador Social y Periodista Carlos Villota Santacruz experto en marketing pol\u00edtico y marketing de ciudad recibi\u00f3 en el complejo hist\u00f3rico de esta ciudad \u201cLa Manzana de Las Luces\u201d, el Premio Ra\u00edces de Educaci\u00f3n y Cultura en reconocimiento a [&hellip;]<\/p>\n","protected":false},"author":29,"featured_media":20692,"comment_status":"open","ping_status":"open","sticky":false,"template":"","format":"standard","meta":{"footnotes":""},"categories":[1],"tags":[],"class_list":["post-20693","post","type-post","status-publish","format-standard","has-post-thumbnail","hentry","category-sin-categoria"],"yoast_head":"<!-- This site is optimized with the Yoast SEO plugin v27.1.1 - https:\/\/yoast.com\/product\/yoast-seo-wordpress\/ -->\n<title>Columnista de P\u00e1gina 10 recibi\u00f3 Premio Ra\u00edces de Cultura y Educaci\u00f3n | P\u00e1gina10<\/title>\n<meta name=\"robots\" content=\"index, follow, max-snippet:-1, max-image-preview:large, max-video-preview:-1\" \/>\n<link rel=\"canonical\" href=\"https:\/\/pagina10.com\/web\/columnista-de-pagina-10-recibio-premio-raices-de-cultura-y-educacion\/\" \/>\n<meta property=\"og:locale\" content=\"es_ES\" \/>\n<meta property=\"og:type\" content=\"article\" \/>\n<meta property=\"og:title\" content=\"Columnista de P\u00e1gina 10 recibi\u00f3 Premio Ra\u00edces de Cultura y Educaci\u00f3n | P\u00e1gina10\" \/>\n<meta property=\"og:description\" content=\"El pasado 7 de junio en Buenos Aires, el corresponsal de P\u00e1gina 10 en Bogot\u00e1, el Internacionalista, Comunicador Social y Periodista Carlos Villota Santacruz experto en marketing pol\u00edtico y marketing de ciudad recibi\u00f3 en el complejo hist\u00f3rico de esta ciudad \u201cLa Manzana de Las Luces\u201d, el Premio Ra\u00edces de Educaci\u00f3n y Cultura en reconocimiento a [&hellip;]\" \/>\n<meta property=\"og:url\" content=\"https:\/\/pagina10.com\/web\/columnista-de-pagina-10-recibio-premio-raices-de-cultura-y-educacion\/\" \/>\n<meta property=\"og:site_name\" content=\"P\u00e1gina10\" \/>\n<meta property=\"article:publisher\" content=\"https:\/\/www.facebook.com\/pag10com\" \/>\n<meta property=\"article:published_time\" content=\"2016-06-16T15:43:52+00:00\" \/>\n<meta property=\"og:image\" content=\"https:\/\/pagina10.com\/web\/wp-content\/uploads\/2016\/06\/304d3699297b0ef0fa1a24a686896b18.jpg\" \/>\n\t<meta property=\"og:image:width\" content=\"655\" \/>\n\t<meta property=\"og:image:height\" content=\"347\" \/>\n\t<meta property=\"og:image:type\" content=\"image\/jpeg\" \/>\n<meta name=\"author\" content=\"P\u00e1gina 10\" \/>\n<meta name=\"twitter:card\" content=\"summary_large_image\" \/>\n<meta name=\"twitter:creator\" content=\"@Pag10com\" \/>\n<meta name=\"twitter:site\" content=\"@Pag10com\" \/>\n<meta name=\"twitter:label1\" content=\"Escrito por\" \/>\n\t<meta name=\"twitter:data1\" content=\"P\u00e1gina 10\" \/>\n\t<meta name=\"twitter:label2\" content=\"Tiempo de lectura\" \/>\n\t<meta name=\"twitter:data2\" content=\"8 minutos\" \/>\n<script type=\"application\/ld+json\" class=\"yoast-schema-graph\">{\"@context\":\"https:\/\/schema.org\",\"@graph\":[{\"@type\":\"Article\",\"@id\":\"https:\/\/pagina10.com\/web\/columnista-de-pagina-10-recibio-premio-raices-de-cultura-y-educacion\/#article\",\"isPartOf\":{\"@id\":\"https:\/\/pagina10.com\/web\/columnista-de-pagina-10-recibio-premio-raices-de-cultura-y-educacion\/\"},\"author\":{\"name\":\"P\u00e1gina 10\",\"@id\":\"https:\/\/pagina10.com\/web\/#\/schema\/person\/a7a5d38f0629dfc107f619fbae4f6cc3\"},\"headline\":\"Columnista de P\u00e1gina 10 recibi\u00f3 Premio Ra\u00edces de Cultura y Educaci\u00f3n\",\"datePublished\":\"2016-06-16T15:43:52+00:00\",\"mainEntityOfPage\":{\"@id\":\"https:\/\/pagina10.com\/web\/columnista-de-pagina-10-recibio-premio-raices-de-cultura-y-educacion\/\"},\"wordCount\":1521,\"commentCount\":0,\"publisher\":{\"@id\":\"https:\/\/pagina10.com\/web\/#organization\"},\"image\":{\"@id\":\"https:\/\/pagina10.com\/web\/columnista-de-pagina-10-recibio-premio-raices-de-cultura-y-educacion\/#primaryimage\"},\"thumbnailUrl\":\"https:\/\/pagina10.com\/web\/wp-content\/uploads\/2016\/06\/304d3699297b0ef0fa1a24a686896b18.jpg\",\"inLanguage\":\"es\",\"potentialAction\":[{\"@type\":\"CommentAction\",\"name\":\"Comment\",\"target\":[\"https:\/\/pagina10.com\/web\/columnista-de-pagina-10-recibio-premio-raices-de-cultura-y-educacion\/#respond\"]}]},{\"@type\":\"WebPage\",\"@id\":\"https:\/\/pagina10.com\/web\/columnista-de-pagina-10-recibio-premio-raices-de-cultura-y-educacion\/\",\"url\":\"https:\/\/pagina10.com\/web\/columnista-de-pagina-10-recibio-premio-raices-de-cultura-y-educacion\/\",\"name\":\"Columnista de P\u00e1gina 10 recibi\u00f3 Premio Ra\u00edces de Cultura y Educaci\u00f3n | P\u00e1gina10\",\"isPartOf\":{\"@id\":\"https:\/\/pagina10.com\/web\/#website\"},\"primaryImageOfPage\":{\"@id\":\"https:\/\/pagina10.com\/web\/columnista-de-pagina-10-recibio-premio-raices-de-cultura-y-educacion\/#primaryimage\"},\"image\":{\"@id\":\"https:\/\/pagina10.com\/web\/columnista-de-pagina-10-recibio-premio-raices-de-cultura-y-educacion\/#primaryimage\"},\"thumbnailUrl\":\"https:\/\/pagina10.com\/web\/wp-content\/uploads\/2016\/06\/304d3699297b0ef0fa1a24a686896b18.jpg\",\"datePublished\":\"2016-06-16T15:43:52+00:00\",\"breadcrumb\":{\"@id\":\"https:\/\/pagina10.com\/web\/columnista-de-pagina-10-recibio-premio-raices-de-cultura-y-educacion\/#breadcrumb\"},\"inLanguage\":\"es\",\"potentialAction\":[{\"@type\":\"ReadAction\",\"target\":[\"https:\/\/pagina10.com\/web\/columnista-de-pagina-10-recibio-premio-raices-de-cultura-y-educacion\/\"]}]},{\"@type\":\"ImageObject\",\"inLanguage\":\"es\",\"@id\":\"https:\/\/pagina10.com\/web\/columnista-de-pagina-10-recibio-premio-raices-de-cultura-y-educacion\/#primaryimage\",\"url\":\"https:\/\/pagina10.com\/web\/wp-content\/uploads\/2016\/06\/304d3699297b0ef0fa1a24a686896b18.jpg\",\"contentUrl\":\"https:\/\/pagina10.com\/web\/wp-content\/uploads\/2016\/06\/304d3699297b0ef0fa1a24a686896b18.jpg\",\"width\":655,\"height\":347},{\"@type\":\"BreadcrumbList\",\"@id\":\"https:\/\/pagina10.com\/web\/columnista-de-pagina-10-recibio-premio-raices-de-cultura-y-educacion\/#breadcrumb\",\"itemListElement\":[{\"@type\":\"ListItem\",\"position\":1,\"name\":\"Portada\",\"item\":\"https:\/\/pagina10.com\/web\/\"},{\"@type\":\"ListItem\",\"position\":2,\"name\":\"Columnista de P\u00e1gina 10 recibi\u00f3 Premio Ra\u00edces de Cultura y Educaci\u00f3n\"}]},{\"@type\":\"WebSite\",\"@id\":\"https:\/\/pagina10.com\/web\/#website\",\"url\":\"https:\/\/pagina10.com\/web\/\",\"name\":\"P\u00e1gina10\",\"description\":\"Peri\u00f3dico Regional\",\"publisher\":{\"@id\":\"https:\/\/pagina10.com\/web\/#organization\"},\"alternateName\":\"P\u00e1gina10 Peri\u00f3dico Regional\",\"potentialAction\":[{\"@type\":\"SearchAction\",\"target\":{\"@type\":\"EntryPoint\",\"urlTemplate\":\"https:\/\/pagina10.com\/web\/?s={search_term_string}\"},\"query-input\":{\"@type\":\"PropertyValueSpecification\",\"valueRequired\":true,\"valueName\":\"search_term_string\"}}],\"inLanguage\":\"es\"},{\"@type\":\"Organization\",\"@id\":\"https:\/\/pagina10.com\/web\/#organization\",\"name\":\"P\u00e1gina10\",\"alternateName\":\"P\u00e1gina10 Peri\u00f3dico Regional\",\"url\":\"https:\/\/pagina10.com\/web\/\",\"logo\":{\"@type\":\"ImageObject\",\"inLanguage\":\"es\",\"@id\":\"https:\/\/pagina10.com\/web\/#\/schema\/logo\/image\/\",\"url\":\"https:\/\/pagina10.com\/web\/wp-content\/uploads\/2024\/01\/40-pagina-10-periodico-regional-pasto.jpg\",\"contentUrl\":\"https:\/\/pagina10.com\/web\/wp-content\/uploads\/2024\/01\/40-pagina-10-periodico-regional-pasto.jpg\",\"width\":1280,\"height\":720,\"caption\":\"P\u00e1gina10\"},\"image\":{\"@id\":\"https:\/\/pagina10.com\/web\/#\/schema\/logo\/image\/\"},\"sameAs\":[\"https:\/\/www.facebook.com\/pag10com\",\"https:\/\/x.com\/Pag10com\",\"https:\/\/www.instagram.com\/pagina10col\/\",\"https:\/\/youtube.com\/channel\/pag10\",\"https:\/\/www.tiktok.com\/@p10col\"]},{\"@type\":\"Person\",\"@id\":\"https:\/\/pagina10.com\/web\/#\/schema\/person\/a7a5d38f0629dfc107f619fbae4f6cc3\",\"name\":\"P\u00e1gina 10\",\"description\":\"P\u00e1gina10.com es un peri\u00f3dico digital que nace en Colombia, en el departamento de Nari\u00f1o, con un enfoque global, fundamentado en cuatro pilares esenciales: la libertad, el pluralismo, la inclusi\u00f3n y la independencia. P\u00e1gina10.com hace referencia a Nari\u00f1o como el d\u00e9cimo departamento creado en Colombia, despu\u00e9s de un proceso pol\u00edtico liderado por actores y actrices regionales con el fin de obtener la independencia y autonom\u00eda de nuestros territorios. Con la creaci\u00f3n de P\u00e1gina10.com se pretende abrir un escenario para el dialogo, la reflexi\u00f3n y el debate que se extienda a otras geograf\u00edas de Am\u00e9rica Latina y del planeta, en una apuesta por transformar colectivamente los desaf\u00edos de un mundo contempor\u00e1neo, m\u00e1s all\u00e1 de las fronteras impuestas.\",\"url\":\"https:\/\/pagina10.com\/web\/author\/mcepeda\/\"}]}<\/script>\n<!-- \/ Yoast SEO plugin. -->","yoast_head_json":{"title":"Columnista de P\u00e1gina 10 recibi\u00f3 Premio Ra\u00edces de Cultura y Educaci\u00f3n | P\u00e1gina10","robots":{"index":"index","follow":"follow","max-snippet":"max-snippet:-1","max-image-preview":"max-image-preview:large","max-video-preview":"max-video-preview:-1"},"canonical":"https:\/\/pagina10.com\/web\/columnista-de-pagina-10-recibio-premio-raices-de-cultura-y-educacion\/","og_locale":"es_ES","og_type":"article","og_title":"Columnista de P\u00e1gina 10 recibi\u00f3 Premio Ra\u00edces de Cultura y Educaci\u00f3n | P\u00e1gina10","og_description":"El pasado 7 de junio en Buenos Aires, el corresponsal de P\u00e1gina 10 en Bogot\u00e1, el Internacionalista, Comunicador Social y Periodista Carlos Villota Santacruz experto en marketing pol\u00edtico y marketing de ciudad recibi\u00f3 en el complejo hist\u00f3rico de esta ciudad \u201cLa Manzana de Las Luces\u201d, el Premio Ra\u00edces de Educaci\u00f3n y Cultura en reconocimiento a [&hellip;]","og_url":"https:\/\/pagina10.com\/web\/columnista-de-pagina-10-recibio-premio-raices-de-cultura-y-educacion\/","og_site_name":"P\u00e1gina10","article_publisher":"https:\/\/www.facebook.com\/pag10com","article_published_time":"2016-06-16T15:43:52+00:00","og_image":[{"width":655,"height":347,"url":"https:\/\/pagina10.com\/web\/wp-content\/uploads\/2016\/06\/304d3699297b0ef0fa1a24a686896b18.jpg","type":"image\/jpeg"}],"author":"P\u00e1gina 10","twitter_card":"summary_large_image","twitter_creator":"@Pag10com","twitter_site":"@Pag10com","twitter_misc":{"Escrito por":"P\u00e1gina 10","Tiempo de lectura":"8 minutos"},"schema":{"@context":"https:\/\/schema.org","@graph":[{"@type":"Article","@id":"https:\/\/pagina10.com\/web\/columnista-de-pagina-10-recibio-premio-raices-de-cultura-y-educacion\/#article","isPartOf":{"@id":"https:\/\/pagina10.com\/web\/columnista-de-pagina-10-recibio-premio-raices-de-cultura-y-educacion\/"},"author":{"name":"P\u00e1gina 10","@id":"https:\/\/pagina10.com\/web\/#\/schema\/person\/a7a5d38f0629dfc107f619fbae4f6cc3"},"headline":"Columnista de P\u00e1gina 10 recibi\u00f3 Premio Ra\u00edces de Cultura y Educaci\u00f3n","datePublished":"2016-06-16T15:43:52+00:00","mainEntityOfPage":{"@id":"https:\/\/pagina10.com\/web\/columnista-de-pagina-10-recibio-premio-raices-de-cultura-y-educacion\/"},"wordCount":1521,"commentCount":0,"publisher":{"@id":"https:\/\/pagina10.com\/web\/#organization"},"image":{"@id":"https:\/\/pagina10.com\/web\/columnista-de-pagina-10-recibio-premio-raices-de-cultura-y-educacion\/#primaryimage"},"thumbnailUrl":"https:\/\/pagina10.com\/web\/wp-content\/uploads\/2016\/06\/304d3699297b0ef0fa1a24a686896b18.jpg","inLanguage":"es","potentialAction":[{"@type":"CommentAction","name":"Comment","target":["https:\/\/pagina10.com\/web\/columnista-de-pagina-10-recibio-premio-raices-de-cultura-y-educacion\/#respond"]}]},{"@type":"WebPage","@id":"https:\/\/pagina10.com\/web\/columnista-de-pagina-10-recibio-premio-raices-de-cultura-y-educacion\/","url":"https:\/\/pagina10.com\/web\/columnista-de-pagina-10-recibio-premio-raices-de-cultura-y-educacion\/","name":"Columnista de P\u00e1gina 10 recibi\u00f3 Premio Ra\u00edces de Cultura y Educaci\u00f3n | P\u00e1gina10","isPartOf":{"@id":"https:\/\/pagina10.com\/web\/#website"},"primaryImageOfPage":{"@id":"https:\/\/pagina10.com\/web\/columnista-de-pagina-10-recibio-premio-raices-de-cultura-y-educacion\/#primaryimage"},"image":{"@id":"https:\/\/pagina10.com\/web\/columnista-de-pagina-10-recibio-premio-raices-de-cultura-y-educacion\/#primaryimage"},"thumbnailUrl":"https:\/\/pagina10.com\/web\/wp-content\/uploads\/2016\/06\/304d3699297b0ef0fa1a24a686896b18.jpg","datePublished":"2016-06-16T15:43:52+00:00","breadcrumb":{"@id":"https:\/\/pagina10.com\/web\/columnista-de-pagina-10-recibio-premio-raices-de-cultura-y-educacion\/#breadcrumb"},"inLanguage":"es","potentialAction":[{"@type":"ReadAction","target":["https:\/\/pagina10.com\/web\/columnista-de-pagina-10-recibio-premio-raices-de-cultura-y-educacion\/"]}]},{"@type":"ImageObject","inLanguage":"es","@id":"https:\/\/pagina10.com\/web\/columnista-de-pagina-10-recibio-premio-raices-de-cultura-y-educacion\/#primaryimage","url":"https:\/\/pagina10.com\/web\/wp-content\/uploads\/2016\/06\/304d3699297b0ef0fa1a24a686896b18.jpg","contentUrl":"https:\/\/pagina10.com\/web\/wp-content\/uploads\/2016\/06\/304d3699297b0ef0fa1a24a686896b18.jpg","width":655,"height":347},{"@type":"BreadcrumbList","@id":"https:\/\/pagina10.com\/web\/columnista-de-pagina-10-recibio-premio-raices-de-cultura-y-educacion\/#breadcrumb","itemListElement":[{"@type":"ListItem","position":1,"name":"Portada","item":"https:\/\/pagina10.com\/web\/"},{"@type":"ListItem","position":2,"name":"Columnista de P\u00e1gina 10 recibi\u00f3 Premio Ra\u00edces de Cultura y Educaci\u00f3n"}]},{"@type":"WebSite","@id":"https:\/\/pagina10.com\/web\/#website","url":"https:\/\/pagina10.com\/web\/","name":"P\u00e1gina10","description":"Peri\u00f3dico Regional","publisher":{"@id":"https:\/\/pagina10.com\/web\/#organization"},"alternateName":"P\u00e1gina10 Peri\u00f3dico Regional","potentialAction":[{"@type":"SearchAction","target":{"@type":"EntryPoint","urlTemplate":"https:\/\/pagina10.com\/web\/?s={search_term_string}"},"query-input":{"@type":"PropertyValueSpecification","valueRequired":true,"valueName":"search_term_string"}}],"inLanguage":"es"},{"@type":"Organization","@id":"https:\/\/pagina10.com\/web\/#organization","name":"P\u00e1gina10","alternateName":"P\u00e1gina10 Peri\u00f3dico Regional","url":"https:\/\/pagina10.com\/web\/","logo":{"@type":"ImageObject","inLanguage":"es","@id":"https:\/\/pagina10.com\/web\/#\/schema\/logo\/image\/","url":"https:\/\/pagina10.com\/web\/wp-content\/uploads\/2024\/01\/40-pagina-10-periodico-regional-pasto.jpg","contentUrl":"https:\/\/pagina10.com\/web\/wp-content\/uploads\/2024\/01\/40-pagina-10-periodico-regional-pasto.jpg","width":1280,"height":720,"caption":"P\u00e1gina10"},"image":{"@id":"https:\/\/pagina10.com\/web\/#\/schema\/logo\/image\/"},"sameAs":["https:\/\/www.facebook.com\/pag10com","https:\/\/x.com\/Pag10com","https:\/\/www.instagram.com\/pagina10col\/","https:\/\/youtube.com\/channel\/pag10","https:\/\/www.tiktok.com\/@p10col"]},{"@type":"Person","@id":"https:\/\/pagina10.com\/web\/#\/schema\/person\/a7a5d38f0629dfc107f619fbae4f6cc3","name":"P\u00e1gina 10","description":"P\u00e1gina10.com es un peri\u00f3dico digital que nace en Colombia, en el departamento de Nari\u00f1o, con un enfoque global, fundamentado en cuatro pilares esenciales: la libertad, el pluralismo, la inclusi\u00f3n y la independencia. P\u00e1gina10.com hace referencia a Nari\u00f1o como el d\u00e9cimo departamento creado en Colombia, despu\u00e9s de un proceso pol\u00edtico liderado por actores y actrices regionales con el fin de obtener la independencia y autonom\u00eda de nuestros territorios. Con la creaci\u00f3n de P\u00e1gina10.com se pretende abrir un escenario para el dialogo, la reflexi\u00f3n y el debate que se extienda a otras geograf\u00edas de Am\u00e9rica Latina y del planeta, en una apuesta por transformar colectivamente los desaf\u00edos de un mundo contempor\u00e1neo, m\u00e1s all\u00e1 de las fronteras impuestas.","url":"https:\/\/pagina10.com\/web\/author\/mcepeda\/"}]}},"_links":{"self":[{"href":"https:\/\/pagina10.com\/web\/wp-json\/wp\/v2\/posts\/20693","targetHints":{"allow":["GET"]}}],"collection":[{"href":"https:\/\/pagina10.com\/web\/wp-json\/wp\/v2\/posts"}],"about":[{"href":"https:\/\/pagina10.com\/web\/wp-json\/wp\/v2\/types\/post"}],"author":[{"embeddable":true,"href":"https:\/\/pagina10.com\/web\/wp-json\/wp\/v2\/users\/29"}],"replies":[{"embeddable":true,"href":"https:\/\/pagina10.com\/web\/wp-json\/wp\/v2\/comments?post=20693"}],"version-history":[{"count":0,"href":"https:\/\/pagina10.com\/web\/wp-json\/wp\/v2\/posts\/20693\/revisions"}],"wp:featuredmedia":[{"embeddable":true,"href":"https:\/\/pagina10.com\/web\/wp-json\/wp\/v2\/media\/20692"}],"wp:attachment":[{"href":"https:\/\/pagina10.com\/web\/wp-json\/wp\/v2\/media?parent=20693"}],"wp:term":[{"taxonomy":"category","embeddable":true,"href":"https:\/\/pagina10.com\/web\/wp-json\/wp\/v2\/categories?post=20693"},{"taxonomy":"post_tag","embeddable":true,"href":"https:\/\/pagina10.com\/web\/wp-json\/wp\/v2\/tags?post=20693"}],"curies":[{"name":"wp","href":"https:\/\/api.w.org\/{rel}","templated":true}]}}