{"id":20695,"date":"2016-06-16T15:56:23","date_gmt":"2016-06-16T15:56:23","guid":{"rendered":"https:\/\/pagina10.com\/web\/2017-05-11-22-38-03-10907\/"},"modified":"2016-06-16T15:56:23","modified_gmt":"2016-06-16T15:56:23","slug":"2017-05-11-22-38-03-10907","status":"publish","type":"post","link":"https:\/\/pagina10.com\/web\/2017-05-11-22-38-03-10907\/","title":{"rendered":"Los lobos del Siglo XXI"},"content":{"rendered":"<p><img fetchpriority=\"high\" decoding=\"async\" class=\" size-full wp-image-20694\" src=\"https:\/\/pagina10.com\/web\/wp-content\/uploads\/2016\/06\/4c56a106079b40681bd8a5d9c5bf0111.jpg\" alt=\"\" width=\"900\" height=\"600\" srcset=\"https:\/\/pagina10.com\/web\/wp-content\/uploads\/2016\/06\/4c56a106079b40681bd8a5d9c5bf0111.jpg 900w, https:\/\/pagina10.com\/web\/wp-content\/uploads\/2016\/06\/4c56a106079b40681bd8a5d9c5bf0111-300x200.jpg 300w, https:\/\/pagina10.com\/web\/wp-content\/uploads\/2016\/06\/4c56a106079b40681bd8a5d9c5bf0111-768x512.jpg 768w, https:\/\/pagina10.com\/web\/wp-content\/uploads\/2016\/06\/4c56a106079b40681bd8a5d9c5bf0111-450x300.jpg 450w\" sizes=\"(max-width: 900px) 100vw, 900px\" \/><\/p>\n<p style=\"text-align: justify;\">En nuestro paradigma actual, los ni\u00f1os y sus juegos por ejemplo, son una amenaza para la integridad de los amados veh\u00edculos. Pudiera ser que sus balones rayen la valiosa pintura o que con sus recreos p\u00fablicos estorben y quiten in\u00fatilmente espacio para el reposo de las adoradas m\u00e1quinas. Pero ya casi no quedan ni\u00f1os que se diviertan en el espacio p\u00fablico, han sido obligados a encerrarse en sus casas. Los pocos que quedan est\u00e1n desplazados porque no tienen donde confinarse.<\/p>\n<p style=\"text-align: justify;\">El alto costo de la dependencia del autom\u00f3vil ha potenciado un estilo de vida destructivo desde el punto de vista humano, ecol\u00f3gico y social. Se ha convertido en un factor de segregaci\u00f3n y dominaci\u00f3n. En Colombia al menos 80 por ciento de la poblaci\u00f3n nunca se beneficiar\u00e1 del carro particular. Para movilizarse la mayor\u00eda debe apelar al servicio p\u00fablico y a caminar. Otros tantos a la motocicleta y unos pocos a la bicicleta. Pero el 80 por ciento del espacio de las calzadas est\u00e1 ocupado por veh\u00edculos privados, la mayor\u00eda con un solo pasajero.<\/p>\n<p style=\"text-align: justify;\">Si bien su auge ha favorecido el avance del mundo, su mal uso y la superpoblaci\u00f3n motorizada han generado crisis. En 1950, el mundo ten\u00eda 70 millones de automotores. Para el a\u00f1o 2000 la cifra se multiplic\u00f3 por diez, lo cual ha supuesto que desde 1970 creciera a 16 millones de veh\u00edculos por a\u00f1o. Si esta progresi\u00f3n contin\u00faa, sobre el 2020 circular\u00e1n m\u00e1s de mil millones de unidades motorizadas en el mundo. Estos veh\u00edculos hoy consumen cerca de 40 millones de barriles de petr\u00f3leo cada d\u00eda, algo m\u00e1s de la mitad del consumo mundial, y son responsables del 50% de la contaminaci\u00f3n ambiental y tambi\u00e9n de un tercio de las emisiones de gases de efecto invernadero.<\/p>\n<p style=\"text-align: justify;\">El carro, aunque se le ponga la etiqueta de &#8220;limpio&#8221; o &#8220;verde&#8221;, se ha convertido en la causa principal de heridos y muertos en muchos pa\u00edses del mundo. El tr\u00e1fico motorizado mata cuatro veces m\u00e1s que las guerras, o sea, 1.26 millones de personas cada a\u00f1o. Esto supone m\u00e1s de 3.000 personas muertas en las carreteras del mundo por d\u00eda, sin contar los casos de asma y algunos tipos de c\u00e1ncer. Cuando se analizan las cifras de 10 a 15 millones de muertos por d\u00e9cada en carretera, heridos con invalidez, junto a los animales muertos, el problema se agrava mucho m\u00e1s.<\/p>\n<p style=\"text-align: justify;\">Hay que a\u00f1adir a esta tragedia que los autos modifican gravemente el entorno urbano. Sustituyen a las comunidades hechas a escala humana, donde caminar es habitual, por comunidades con infraestructuras para llegar a cualquier sitio lo antes posible y con anchas calles llenas de asfalto destinadas al tr\u00e1fico vehicular. Con ello se consigue que ya no se pueda acceder a pie, quedando as\u00ed los lugares de encuentro social e intercambio cultural dispersados, y desapareciendo la posibilidad de contactos informales entre personas que unen a las sociedades. La vida se desplaza hacia el interior, separada de la de los dem\u00e1s.<\/p>\n<p style=\"text-align: justify;\">La dependencia de nuestra sociedad de esta tecnolog\u00eda tan cara y que causa desigualdad se ha extendido de tal modo que el autom\u00f3vil ha conseguido un gran monopolio y poder en muchos lugares. Algo que poco consideran seriamente pol\u00edticos y gobernantes en los llamados \u201cplanes de movilidad\u201d. Este sistema basado en el petr\u00f3leo y las calzadas vehiculares impide que los ni\u00f1os, los viejos, las gentes m\u00e1s pobres y discapacitadas puedan moverse libremente.<\/p>\n<p style=\"text-align: justify;\">El transporte p\u00fablico, la bicicleta y las infraestructuras para peatones quedan en segundo plano. La salud se afecta, disminuye la actividad f\u00edsica contribuyendo a la epidemia global del sedentarismo, al sobrepeso y a un alto riesgo de males del coraz\u00f3n. Promoviendo espacios para autos a todo costo, la sociedad crea un desierto urbano que sustituye el sentido de lugar y comunidad, por el aislamiento. No sin raz\u00f3n, en una reciente conferencia un gran urbanista del mundo concluy\u00f3: \u201cLos carros son para los ni\u00f1os de hoy, lo que los lobos eran para los ni\u00f1os de la Edad Media\u201d.<\/p>\n","protected":false},"excerpt":{"rendered":"<p>En nuestro paradigma actual, los ni\u00f1os y sus juegos por ejemplo, son una amenaza para la integridad de los amados veh\u00edculos. Pudiera ser que sus balones rayen la valiosa pintura o que con sus recreos p\u00fablicos estorben y quiten in\u00fatilmente espacio para el reposo de las adoradas m\u00e1quinas. Pero ya casi no quedan ni\u00f1os que [&hellip;]<\/p>\n","protected":false},"author":67,"featured_media":20694,"comment_status":"open","ping_status":"open","sticky":false,"template":"","format":"standard","meta":{"footnotes":""},"categories":[1],"tags":[],"class_list":["post-20695","post","type-post","status-publish","format-standard","has-post-thumbnail","hentry","category-sin-categoria"],"yoast_head":"<!-- This site is optimized with the Yoast SEO plugin v27.1.1 - https:\/\/yoast.com\/product\/yoast-seo-wordpress\/ -->\n<title>Los lobos del Siglo XXI | P\u00e1gina10<\/title>\n<meta name=\"robots\" content=\"index, follow, max-snippet:-1, max-image-preview:large, max-video-preview:-1\" \/>\n<link rel=\"canonical\" href=\"https:\/\/pagina10.com\/web\/2017-05-11-22-38-03-10907\/\" \/>\n<meta property=\"og:locale\" content=\"es_ES\" \/>\n<meta property=\"og:type\" content=\"article\" \/>\n<meta property=\"og:title\" content=\"Los lobos del Siglo XXI | P\u00e1gina10\" \/>\n<meta property=\"og:description\" content=\"En nuestro paradigma actual, los ni\u00f1os y sus juegos por ejemplo, son una amenaza para la integridad de los amados veh\u00edculos. Pudiera ser que sus balones rayen la valiosa pintura o que con sus recreos p\u00fablicos estorben y quiten in\u00fatilmente espacio para el reposo de las adoradas m\u00e1quinas. Pero ya casi no quedan ni\u00f1os que [&hellip;]\" \/>\n<meta property=\"og:url\" content=\"https:\/\/pagina10.com\/web\/2017-05-11-22-38-03-10907\/\" \/>\n<meta property=\"og:site_name\" content=\"P\u00e1gina10\" \/>\n<meta property=\"article:publisher\" content=\"https:\/\/www.facebook.com\/pag10com\" \/>\n<meta property=\"article:published_time\" content=\"2016-06-16T15:56:23+00:00\" \/>\n<meta property=\"og:image\" content=\"https:\/\/pagina10.com\/web\/wp-content\/uploads\/2016\/06\/4c56a106079b40681bd8a5d9c5bf0111.jpg\" \/>\n\t<meta property=\"og:image:width\" content=\"900\" \/>\n\t<meta property=\"og:image:height\" content=\"600\" \/>\n\t<meta property=\"og:image:type\" content=\"image\/jpeg\" \/>\n<meta name=\"author\" content=\"Fabio Ar\u00e9valo\" \/>\n<meta name=\"twitter:card\" content=\"summary_large_image\" \/>\n<meta name=\"twitter:creator\" content=\"@Pag10com\" \/>\n<meta name=\"twitter:site\" content=\"@Pag10com\" \/>\n<meta name=\"twitter:label1\" content=\"Escrito por\" \/>\n\t<meta name=\"twitter:data1\" content=\"Fabio Ar\u00e9valo\" \/>\n\t<meta name=\"twitter:label2\" content=\"Tiempo de lectura\" \/>\n\t<meta name=\"twitter:data2\" content=\"4 minutos\" \/>\n<script type=\"application\/ld+json\" class=\"yoast-schema-graph\">{\"@context\":\"https:\/\/schema.org\",\"@graph\":[{\"@type\":\"Article\",\"@id\":\"https:\/\/pagina10.com\/web\/2017-05-11-22-38-03-10907\/#article\",\"isPartOf\":{\"@id\":\"https:\/\/pagina10.com\/web\/2017-05-11-22-38-03-10907\/\"},\"author\":{\"name\":\"Fabio Ar\u00e9valo\",\"@id\":\"https:\/\/pagina10.com\/web\/#\/schema\/person\/1ac5abd7c2098da67025a537f88703e2\"},\"headline\":\"Los lobos del Siglo XXI\",\"datePublished\":\"2016-06-16T15:56:23+00:00\",\"mainEntityOfPage\":{\"@id\":\"https:\/\/pagina10.com\/web\/2017-05-11-22-38-03-10907\/\"},\"wordCount\":706,\"commentCount\":0,\"publisher\":{\"@id\":\"https:\/\/pagina10.com\/web\/#organization\"},\"image\":{\"@id\":\"https:\/\/pagina10.com\/web\/2017-05-11-22-38-03-10907\/#primaryimage\"},\"thumbnailUrl\":\"https:\/\/pagina10.com\/web\/wp-content\/uploads\/2016\/06\/4c56a106079b40681bd8a5d9c5bf0111.jpg\",\"inLanguage\":\"es\",\"potentialAction\":[{\"@type\":\"CommentAction\",\"name\":\"Comment\",\"target\":[\"https:\/\/pagina10.com\/web\/2017-05-11-22-38-03-10907\/#respond\"]}]},{\"@type\":\"WebPage\",\"@id\":\"https:\/\/pagina10.com\/web\/2017-05-11-22-38-03-10907\/\",\"url\":\"https:\/\/pagina10.com\/web\/2017-05-11-22-38-03-10907\/\",\"name\":\"Los lobos del Siglo XXI | P\u00e1gina10\",\"isPartOf\":{\"@id\":\"https:\/\/pagina10.com\/web\/#website\"},\"primaryImageOfPage\":{\"@id\":\"https:\/\/pagina10.com\/web\/2017-05-11-22-38-03-10907\/#primaryimage\"},\"image\":{\"@id\":\"https:\/\/pagina10.com\/web\/2017-05-11-22-38-03-10907\/#primaryimage\"},\"thumbnailUrl\":\"https:\/\/pagina10.com\/web\/wp-content\/uploads\/2016\/06\/4c56a106079b40681bd8a5d9c5bf0111.jpg\",\"datePublished\":\"2016-06-16T15:56:23+00:00\",\"breadcrumb\":{\"@id\":\"https:\/\/pagina10.com\/web\/2017-05-11-22-38-03-10907\/#breadcrumb\"},\"inLanguage\":\"es\",\"potentialAction\":[{\"@type\":\"ReadAction\",\"target\":[\"https:\/\/pagina10.com\/web\/2017-05-11-22-38-03-10907\/\"]}]},{\"@type\":\"ImageObject\",\"inLanguage\":\"es\",\"@id\":\"https:\/\/pagina10.com\/web\/2017-05-11-22-38-03-10907\/#primaryimage\",\"url\":\"https:\/\/pagina10.com\/web\/wp-content\/uploads\/2016\/06\/4c56a106079b40681bd8a5d9c5bf0111.jpg\",\"contentUrl\":\"https:\/\/pagina10.com\/web\/wp-content\/uploads\/2016\/06\/4c56a106079b40681bd8a5d9c5bf0111.jpg\",\"width\":900,\"height\":600},{\"@type\":\"BreadcrumbList\",\"@id\":\"https:\/\/pagina10.com\/web\/2017-05-11-22-38-03-10907\/#breadcrumb\",\"itemListElement\":[{\"@type\":\"ListItem\",\"position\":1,\"name\":\"Portada\",\"item\":\"https:\/\/pagina10.com\/web\/\"},{\"@type\":\"ListItem\",\"position\":2,\"name\":\"Los lobos del Siglo XXI\"}]},{\"@type\":\"WebSite\",\"@id\":\"https:\/\/pagina10.com\/web\/#website\",\"url\":\"https:\/\/pagina10.com\/web\/\",\"name\":\"P\u00e1gina10\",\"description\":\"Peri\u00f3dico Regional\",\"publisher\":{\"@id\":\"https:\/\/pagina10.com\/web\/#organization\"},\"alternateName\":\"P\u00e1gina10 Peri\u00f3dico Regional\",\"potentialAction\":[{\"@type\":\"SearchAction\",\"target\":{\"@type\":\"EntryPoint\",\"urlTemplate\":\"https:\/\/pagina10.com\/web\/?s={search_term_string}\"},\"query-input\":{\"@type\":\"PropertyValueSpecification\",\"valueRequired\":true,\"valueName\":\"search_term_string\"}}],\"inLanguage\":\"es\"},{\"@type\":\"Organization\",\"@id\":\"https:\/\/pagina10.com\/web\/#organization\",\"name\":\"P\u00e1gina10\",\"alternateName\":\"P\u00e1gina10 Peri\u00f3dico Regional\",\"url\":\"https:\/\/pagina10.com\/web\/\",\"logo\":{\"@type\":\"ImageObject\",\"inLanguage\":\"es\",\"@id\":\"https:\/\/pagina10.com\/web\/#\/schema\/logo\/image\/\",\"url\":\"https:\/\/pagina10.com\/web\/wp-content\/uploads\/2024\/01\/40-pagina-10-periodico-regional-pasto.jpg\",\"contentUrl\":\"https:\/\/pagina10.com\/web\/wp-content\/uploads\/2024\/01\/40-pagina-10-periodico-regional-pasto.jpg\",\"width\":1280,\"height\":720,\"caption\":\"P\u00e1gina10\"},\"image\":{\"@id\":\"https:\/\/pagina10.com\/web\/#\/schema\/logo\/image\/\"},\"sameAs\":[\"https:\/\/www.facebook.com\/pag10com\",\"https:\/\/x.com\/Pag10com\",\"https:\/\/www.instagram.com\/pagina10col\/\",\"https:\/\/youtube.com\/channel\/pag10\",\"https:\/\/www.tiktok.com\/@p10col\"]},{\"@type\":\"Person\",\"@id\":\"https:\/\/pagina10.com\/web\/#\/schema\/person\/1ac5abd7c2098da67025a537f88703e2\",\"name\":\"Fabio Ar\u00e9valo\",\"description\":\"M\u00e9dico, bioqu\u00edmico, escritor, consultor urbano, educador ciudadano, divulgador cient\u00edfico, innovador social, dise\u00f1ador de ciudades saludables, Campe\u00f3n del mundo atletismo, JMS, Islas Canarias). Docente universitario, investigador en salud p\u00fablica. Candidato a Premio Nacional de Paz 2012. Reconocido como Mejor columnista web, Suroccidente colombiano, 2013, Fundaci\u00f3n Correo del Sur. Presidente Sociedad Colombiana de Ciencias del Deporte. Autor de obras como: \u2018Caf\u00e9 para el alma, lecturas para ser feliz\u2019, \u2018Activarse m\u00e1s, nutrirse bien, vivir mejor\u2019 y \u2018El deporte como fen\u00f3meno social\u2019. L\u00edder y creador del proyecto internacional: \u2018CIUDAD FELIZ, una forma distinta de vivir\u2019. Columnista en Las 2Orillas Twitter: @fabioarevalo\",\"url\":\"https:\/\/pagina10.com\/web\/author\/farevalo\/\"}]}<\/script>\n<!-- \/ Yoast SEO plugin. -->","yoast_head_json":{"title":"Los lobos del Siglo XXI | P\u00e1gina10","robots":{"index":"index","follow":"follow","max-snippet":"max-snippet:-1","max-image-preview":"max-image-preview:large","max-video-preview":"max-video-preview:-1"},"canonical":"https:\/\/pagina10.com\/web\/2017-05-11-22-38-03-10907\/","og_locale":"es_ES","og_type":"article","og_title":"Los lobos del Siglo XXI | P\u00e1gina10","og_description":"En nuestro paradigma actual, los ni\u00f1os y sus juegos por ejemplo, son una amenaza para la integridad de los amados veh\u00edculos. Pudiera ser que sus balones rayen la valiosa pintura o que con sus recreos p\u00fablicos estorben y quiten in\u00fatilmente espacio para el reposo de las adoradas m\u00e1quinas. Pero ya casi no quedan ni\u00f1os que [&hellip;]","og_url":"https:\/\/pagina10.com\/web\/2017-05-11-22-38-03-10907\/","og_site_name":"P\u00e1gina10","article_publisher":"https:\/\/www.facebook.com\/pag10com","article_published_time":"2016-06-16T15:56:23+00:00","og_image":[{"width":900,"height":600,"url":"https:\/\/pagina10.com\/web\/wp-content\/uploads\/2016\/06\/4c56a106079b40681bd8a5d9c5bf0111.jpg","type":"image\/jpeg"}],"author":"Fabio Ar\u00e9valo","twitter_card":"summary_large_image","twitter_creator":"@Pag10com","twitter_site":"@Pag10com","twitter_misc":{"Escrito por":"Fabio Ar\u00e9valo","Tiempo de lectura":"4 minutos"},"schema":{"@context":"https:\/\/schema.org","@graph":[{"@type":"Article","@id":"https:\/\/pagina10.com\/web\/2017-05-11-22-38-03-10907\/#article","isPartOf":{"@id":"https:\/\/pagina10.com\/web\/2017-05-11-22-38-03-10907\/"},"author":{"name":"Fabio Ar\u00e9valo","@id":"https:\/\/pagina10.com\/web\/#\/schema\/person\/1ac5abd7c2098da67025a537f88703e2"},"headline":"Los lobos del Siglo XXI","datePublished":"2016-06-16T15:56:23+00:00","mainEntityOfPage":{"@id":"https:\/\/pagina10.com\/web\/2017-05-11-22-38-03-10907\/"},"wordCount":706,"commentCount":0,"publisher":{"@id":"https:\/\/pagina10.com\/web\/#organization"},"image":{"@id":"https:\/\/pagina10.com\/web\/2017-05-11-22-38-03-10907\/#primaryimage"},"thumbnailUrl":"https:\/\/pagina10.com\/web\/wp-content\/uploads\/2016\/06\/4c56a106079b40681bd8a5d9c5bf0111.jpg","inLanguage":"es","potentialAction":[{"@type":"CommentAction","name":"Comment","target":["https:\/\/pagina10.com\/web\/2017-05-11-22-38-03-10907\/#respond"]}]},{"@type":"WebPage","@id":"https:\/\/pagina10.com\/web\/2017-05-11-22-38-03-10907\/","url":"https:\/\/pagina10.com\/web\/2017-05-11-22-38-03-10907\/","name":"Los lobos del Siglo XXI | P\u00e1gina10","isPartOf":{"@id":"https:\/\/pagina10.com\/web\/#website"},"primaryImageOfPage":{"@id":"https:\/\/pagina10.com\/web\/2017-05-11-22-38-03-10907\/#primaryimage"},"image":{"@id":"https:\/\/pagina10.com\/web\/2017-05-11-22-38-03-10907\/#primaryimage"},"thumbnailUrl":"https:\/\/pagina10.com\/web\/wp-content\/uploads\/2016\/06\/4c56a106079b40681bd8a5d9c5bf0111.jpg","datePublished":"2016-06-16T15:56:23+00:00","breadcrumb":{"@id":"https:\/\/pagina10.com\/web\/2017-05-11-22-38-03-10907\/#breadcrumb"},"inLanguage":"es","potentialAction":[{"@type":"ReadAction","target":["https:\/\/pagina10.com\/web\/2017-05-11-22-38-03-10907\/"]}]},{"@type":"ImageObject","inLanguage":"es","@id":"https:\/\/pagina10.com\/web\/2017-05-11-22-38-03-10907\/#primaryimage","url":"https:\/\/pagina10.com\/web\/wp-content\/uploads\/2016\/06\/4c56a106079b40681bd8a5d9c5bf0111.jpg","contentUrl":"https:\/\/pagina10.com\/web\/wp-content\/uploads\/2016\/06\/4c56a106079b40681bd8a5d9c5bf0111.jpg","width":900,"height":600},{"@type":"BreadcrumbList","@id":"https:\/\/pagina10.com\/web\/2017-05-11-22-38-03-10907\/#breadcrumb","itemListElement":[{"@type":"ListItem","position":1,"name":"Portada","item":"https:\/\/pagina10.com\/web\/"},{"@type":"ListItem","position":2,"name":"Los lobos del Siglo XXI"}]},{"@type":"WebSite","@id":"https:\/\/pagina10.com\/web\/#website","url":"https:\/\/pagina10.com\/web\/","name":"P\u00e1gina10","description":"Peri\u00f3dico Regional","publisher":{"@id":"https:\/\/pagina10.com\/web\/#organization"},"alternateName":"P\u00e1gina10 Peri\u00f3dico Regional","potentialAction":[{"@type":"SearchAction","target":{"@type":"EntryPoint","urlTemplate":"https:\/\/pagina10.com\/web\/?s={search_term_string}"},"query-input":{"@type":"PropertyValueSpecification","valueRequired":true,"valueName":"search_term_string"}}],"inLanguage":"es"},{"@type":"Organization","@id":"https:\/\/pagina10.com\/web\/#organization","name":"P\u00e1gina10","alternateName":"P\u00e1gina10 Peri\u00f3dico Regional","url":"https:\/\/pagina10.com\/web\/","logo":{"@type":"ImageObject","inLanguage":"es","@id":"https:\/\/pagina10.com\/web\/#\/schema\/logo\/image\/","url":"https:\/\/pagina10.com\/web\/wp-content\/uploads\/2024\/01\/40-pagina-10-periodico-regional-pasto.jpg","contentUrl":"https:\/\/pagina10.com\/web\/wp-content\/uploads\/2024\/01\/40-pagina-10-periodico-regional-pasto.jpg","width":1280,"height":720,"caption":"P\u00e1gina10"},"image":{"@id":"https:\/\/pagina10.com\/web\/#\/schema\/logo\/image\/"},"sameAs":["https:\/\/www.facebook.com\/pag10com","https:\/\/x.com\/Pag10com","https:\/\/www.instagram.com\/pagina10col\/","https:\/\/youtube.com\/channel\/pag10","https:\/\/www.tiktok.com\/@p10col"]},{"@type":"Person","@id":"https:\/\/pagina10.com\/web\/#\/schema\/person\/1ac5abd7c2098da67025a537f88703e2","name":"Fabio Ar\u00e9valo","description":"M\u00e9dico, bioqu\u00edmico, escritor, consultor urbano, educador ciudadano, divulgador cient\u00edfico, innovador social, dise\u00f1ador de ciudades saludables, Campe\u00f3n del mundo atletismo, JMS, Islas Canarias). Docente universitario, investigador en salud p\u00fablica. Candidato a Premio Nacional de Paz 2012. Reconocido como Mejor columnista web, Suroccidente colombiano, 2013, Fundaci\u00f3n Correo del Sur. Presidente Sociedad Colombiana de Ciencias del Deporte. Autor de obras como: \u2018Caf\u00e9 para el alma, lecturas para ser feliz\u2019, \u2018Activarse m\u00e1s, nutrirse bien, vivir mejor\u2019 y \u2018El deporte como fen\u00f3meno social\u2019. L\u00edder y creador del proyecto internacional: \u2018CIUDAD FELIZ, una forma distinta de vivir\u2019. Columnista en Las 2Orillas Twitter: @fabioarevalo","url":"https:\/\/pagina10.com\/web\/author\/farevalo\/"}]}},"_links":{"self":[{"href":"https:\/\/pagina10.com\/web\/wp-json\/wp\/v2\/posts\/20695","targetHints":{"allow":["GET"]}}],"collection":[{"href":"https:\/\/pagina10.com\/web\/wp-json\/wp\/v2\/posts"}],"about":[{"href":"https:\/\/pagina10.com\/web\/wp-json\/wp\/v2\/types\/post"}],"author":[{"embeddable":true,"href":"https:\/\/pagina10.com\/web\/wp-json\/wp\/v2\/users\/67"}],"replies":[{"embeddable":true,"href":"https:\/\/pagina10.com\/web\/wp-json\/wp\/v2\/comments?post=20695"}],"version-history":[{"count":0,"href":"https:\/\/pagina10.com\/web\/wp-json\/wp\/v2\/posts\/20695\/revisions"}],"wp:featuredmedia":[{"embeddable":true,"href":"https:\/\/pagina10.com\/web\/wp-json\/wp\/v2\/media\/20694"}],"wp:attachment":[{"href":"https:\/\/pagina10.com\/web\/wp-json\/wp\/v2\/media?parent=20695"}],"wp:term":[{"taxonomy":"category","embeddable":true,"href":"https:\/\/pagina10.com\/web\/wp-json\/wp\/v2\/categories?post=20695"},{"taxonomy":"post_tag","embeddable":true,"href":"https:\/\/pagina10.com\/web\/wp-json\/wp\/v2\/tags?post=20695"}],"curies":[{"name":"wp","href":"https:\/\/api.w.org\/{rel}","templated":true}]}}