{"id":20700,"date":"2016-06-17T15:44:06","date_gmt":"2016-06-17T15:44:06","guid":{"rendered":"https:\/\/pagina10.com\/web\/asi-fue-el-v-festiencuentro-con-la-infancia\/"},"modified":"2016-06-17T15:44:06","modified_gmt":"2016-06-17T15:44:06","slug":"asi-fue-el-v-festiencuentro-con-la-infancia","status":"publish","type":"post","link":"https:\/\/pagina10.com\/web\/asi-fue-el-v-festiencuentro-con-la-infancia\/","title":{"rendered":"As\u00ed fue el V Festiencuentro con la Infancia"},"content":{"rendered":"<p><img fetchpriority=\"high\" decoding=\"async\" class=\" size-full wp-image-20696\" src=\"https:\/\/pagina10.com\/web\/wp-content\/uploads\/2016\/06\/dd34f8fb1f04096c10fd8d144dff4d04.jpg\" alt=\"\" width=\"852\" height=\"316\" srcset=\"https:\/\/pagina10.com\/web\/wp-content\/uploads\/2016\/06\/dd34f8fb1f04096c10fd8d144dff4d04.jpg 852w, https:\/\/pagina10.com\/web\/wp-content\/uploads\/2016\/06\/dd34f8fb1f04096c10fd8d144dff4d04-300x111.jpg 300w, https:\/\/pagina10.com\/web\/wp-content\/uploads\/2016\/06\/dd34f8fb1f04096c10fd8d144dff4d04-768x285.jpg 768w\" sizes=\"(max-width: 852px) 100vw, 852px\" \/><\/p>\n<p align=\"center\" style=\"text-align: justify;\">La quinta versi\u00f3n del Festicuentro con la Infancia organizada por la Fundaci\u00f3n Cultural Rayuela y apoyada por el Ministerio de Cultura,&nbsp; la Gobernaci\u00f3n de Nari\u00f1o, la Alcald\u00eda Municipal de Pasto, El Banco de la Rep\u00fablica, la Fundaci\u00f3n Luna Crearte, las salas concertadas de la ciudad de Pasto entre otras entidades p\u00fablicas y empresas privadas, estuvo cargada de emociones, risas, aprendizajes y objetivos claros orientados a encaminar a los ni\u00f1os y adolescentes de la regi\u00f3n hacia una nueva tendencia educativa en donde la sana lectura, la m\u00fasica, los colores, los t\u00edteres y los valores constituyen un factor fundamental en la b\u00fasqueda de una realizaci\u00f3n personal y social.<\/p>\n<p>  <!--more-->  <\/p>\n<p style=\"text-align: justify;\">P\u00e1gina10.com acompa\u00f1\u00f3 los 5 d\u00edas de Festival y rememora los m\u00e1s bellos momentos.<\/p>\n<p style=\"text-align: justify;\"><img decoding=\"async\" class=\" size-full wp-image-20697\" src=\"https:\/\/pagina10.com\/web\/wp-content\/uploads\/2016\/06\/2b.jpg\" width=\"488\" height=\"275\" alt=\"2b\" style=\"line-height: 19.8px; display: block; margin-left: auto; margin-right: auto;\" srcset=\"https:\/\/pagina10.com\/web\/wp-content\/uploads\/2016\/06\/2b.jpg 960w, https:\/\/pagina10.com\/web\/wp-content\/uploads\/2016\/06\/2b-300x169.jpg 300w, https:\/\/pagina10.com\/web\/wp-content\/uploads\/2016\/06\/2b-768x432.jpg 768w\" sizes=\"(max-width: 488px) 100vw, 488px\" \/><\/p>\n<p style=\"text-align: justify;\"><strong>1.- Apertura oficial<\/strong><\/p>\n<p style=\"text-align: justify;\">El pasado 31 de mayo de 2016, el&nbsp; auditorio de la C\u00e1mara de Comercio de la ciudad de Pasto se transform\u00f3 en un lugar donde las cometas, el origami, las rondas infantiles, el bullicio de los ni\u00f1os y los libros jugaron un papel fundamental. En honor a la infancia la tarde inici\u00f3 con la presentaci\u00f3n m\u00fasical del coro Quilla Musica con Voz y en adelante se realiz\u00f3 el conversatorio \u201cLas ni\u00f1as y los ni\u00f1os en el tejido de la paz\u201d, donde sus exponentes dieron a conocer a todos los asistentes la verdadera importancia de crear espacios educativos y nuevas orientaciones encaminadas a que el aprendizaje de los ni\u00f1os y adolescentes sean conocimientos consientes y efectivos.<\/p>\n<p><img decoding=\"async\" class=\" size-full wp-image-20698\" src=\"https:\/\/pagina10.com\/web\/wp-content\/uploads\/2016\/06\/quii.jpg\" width=\"615\" height=\"346\" alt=\"quii\" style=\"display: block; margin-left: auto; margin-right: auto;\" srcset=\"https:\/\/pagina10.com\/web\/wp-content\/uploads\/2016\/06\/quii.jpg 960w, https:\/\/pagina10.com\/web\/wp-content\/uploads\/2016\/06\/quii-300x169.jpg 300w, https:\/\/pagina10.com\/web\/wp-content\/uploads\/2016\/06\/quii-768x432.jpg 768w\" sizes=\"(max-width: 615px) 100vw, 615px\" \/><\/p>\n<p align=\"center\" style=\"text-align: center;\">Coro Infantil Quilla M\u00fasica con Voz<\/p>\n<p style=\"text-align: justify;\">&nbsp;<\/p>\n<p><em>\u201cEl cord\u00f3n umbilical de la infancia a\u00fan no ha sido cortado&#8221;<\/em> expres\u00f3 el poeta y escritor antioque\u00f1o Javier Naranjo, refiri\u00e9ndose en alg\u00fan momento de su intervenci\u00f3n de que es el momento adecuado para que la educaci\u00f3n en Colombia realice un cambio trascendental en la vida de los ni\u00f1os en temas tan fundamentales como la perd\u00f3n, la reconciliaci\u00f3n, la paz, el posconflicto.<\/p>\n<p><img loading=\"lazy\" decoding=\"async\" class=\" size-full wp-image-1891\" src=\"https:\/\/pagina10.com\/web\/wp-content\/uploads\/2013\/04\/3.jpg\" width=\"588\" height=\"331\" alt=\"3\" style=\"display: block; margin-left: auto; margin-right: auto;\" \/><\/p>\n<p align=\"center\" style=\"text-align: center;\">De derecha a izquierda \u00c1ngela Sanz\u00f3n coordinadora del V de la Fundaci\u00f3n cultural Rayuela, Erika Guerreo proyecto La Casa patas arriba de la comuna 10 de Pasto, Javier Naranjo poeta y escritor antioeque\u00f1o, Beatriz Orozco del programa Pisot\u00f3n de Barranquilla, Tiya Maya de la Corporaci\u00f3n Canto Alegre.<\/p>\n<p align=\"center\" style=\"text-align: center;\">&nbsp;<\/p>\n<p style=\"text-align: justify;\"><strong>2.- Funciones de t\u00edteres y Musicales<\/strong><\/p>\n<p style=\"text-align: justify;\">A lo largo de la semana destacada entre la apertura del V Festiencuentro con la Infancia hasta el 05 de Junio se agendaron grandes presentaciones infantiles en donde los t\u00edteres ocuparon el centro de atenci\u00f3n entre los ni\u00f1os y padres de familia. Estas presentaciones art\u00edsticas se realizaron en &nbsp;Aleph Teatro, auditorio de la Fundanci\u00f3n Luna Crearte y&nbsp; la Coporaci\u00f3n Esc\u00e9nica La Guagua.<\/p>\n<p><img loading=\"lazy\" decoding=\"async\" class=\" size-full wp-image-2161\" src=\"https:\/\/pagina10.com\/web\/wp-content\/uploads\/2013\/05\/4.jpg\" width=\"526\" height=\"296\" alt=\"4\" style=\"display: block; margin-left: auto; margin-right: auto;\" \/><\/p>\n<p style=\"text-align: justify;\">Artistas nacionales, locales e internacionales presentaron sus mejores obras, demostrando que la tradicional manera de imaginar, crear y sonre\u00edr siempre ser\u00e1 efectiva para pasar una buena tarde en familia. Entre los grupos teatrales se puede destacar La Triada de Bogot\u00e1 con su obra el \u201cPato y la Muerte\u201d, La Loca Compa\u00f1\u00eda de Armenia y su obra \u201cLa&nbsp; Maleta M\u00e1gica\u201d,&nbsp; La Lib\u00e9lula Dorada de Bogot\u00e1 y su obras&nbsp; \u201cLos H\u00e9roes que vencieron todo menos el miedo &#8211;&nbsp; La Rebeli\u00f3n de los t\u00edteres\u201d,&nbsp; Manicomio de Mu\u00f1ecos de Medell\u00edn y su obra Ricitos de Oro, grupo&nbsp; Los Gui\u00f1oleros de UAS (Universidad Autonoma de Sinaloa) de M\u00e9xico y su obra&nbsp; La Carpa de los Colores, grupo Sociedad Ant\u00f3nima&nbsp; de Ecuador y su obra \u201cEl Negro Cirilo\u201d entre muchos otros artistas invitados.<\/p>\n<p align=\"center\"><img loading=\"lazy\" decoding=\"async\" class=\" size-full wp-image-2162\" src=\"https:\/\/pagina10.com\/web\/wp-content\/uploads\/2013\/05\/5.jpg\" width=\"326\" height=\"579\" alt=\"5\" style=\"display: block; margin-left: auto; margin-right: auto;\" \/><\/p>\n<p align=\"center\">Grupo Arte Vivo de Pasto<\/p>\n<p align=\"center\"><img loading=\"lazy\" decoding=\"async\" class=\" size-full wp-image-2165\" src=\"https:\/\/pagina10.com\/web\/wp-content\/uploads\/2013\/05\/8.jpg\" width=\"575\" height=\"323\" alt=\"8\" srcset=\"https:\/\/pagina10.com\/web\/wp-content\/uploads\/2013\/05\/8-300x169.jpg 300w, https:\/\/pagina10.com\/web\/wp-content\/uploads\/2013\/05\/8-768x432.jpg 768w\" sizes=\"(max-width: 575px) 100vw, 575px\" \/><\/p>\n<p style=\"text-align: center;\">Grupo La Libelula Dorada de Bogot\u00e1&nbsp;<\/p>\n<p style=\"text-align: justify;\">La cuota mexicana que acompa\u00f1\u00f3 el Festival declar\u00f3 que uno de los factores m\u00e1s importantes cuando realizan su funci\u00f3n es que a trav\u00e9s de los cl\u00e1sicos espect\u00e1culos de un circo (como trata su obra)&nbsp; los ni\u00f1os experimentan la armon\u00eda, la belleza, la imaginaci\u00f3n pero tambi\u00e9n enfrentan sus miedos y encuentran su valent\u00eda al tener una interacci\u00f3n con un \u201cferoz\u201d tigre de bengala resaltado en un peque\u00f1o personaje de t\u00edtere.<\/p>\n<p><img loading=\"lazy\" decoding=\"async\" class=\" size-full wp-image-2167\" src=\"https:\/\/pagina10.com\/web\/wp-content\/uploads\/2013\/05\/10.jpg\" width=\"616\" height=\"346\" alt=\"10\" style=\"display: block; margin-left: auto; margin-right: auto;\" \/><\/p>\n<p>&nbsp;<\/p>\n<p style=\"text-align: justify;\">&nbsp;<\/p>\n<p style=\"text-align: justify;\">Uno de los momentos m\u00e1s emotivos del Festiencuentro se manifest\u00f3 en el Hospital&nbsp; Infantil los \u00c1ngeles donde el artista Jose Perdomo realiz\u00f3 una presentaci\u00f3n de clown y malabares en los diferentes pisos del mismo, regalando sonrisas, ilusiones y acompa\u00f1amiento a todos los ni\u00f1os y ni\u00f1as que por diversas circunstancias se encontraban en el lugar.<\/p>\n<p style=\"text-align: justify;\"><img loading=\"lazy\" decoding=\"async\" class=\" size-full wp-image-4391\" src=\"https:\/\/pagina10.com\/web\/wp-content\/uploads\/2013\/09\/11.jpg\" width=\"584\" height=\"389\" alt=\"11\" style=\"line-height: 19.8px; display: block; margin-left: auto; margin-right: auto;\" srcset=\"https:\/\/pagina10.com\/web\/wp-content\/uploads\/2013\/09\/11-450x300.jpg 450w, https:\/\/pagina10.com\/web\/wp-content\/uploads\/2013\/09\/11-1024x683.jpg 1024w\" sizes=\"(max-width: 584px) 100vw, 584px\" \/>&nbsp;<\/p>\n<p style=\"text-align: justify;\"><strong>3.- Talleres<\/strong><\/p>\n<p style=\"text-align: justify;\">Los talleres subsidiados &#8211; gratuitos&nbsp; que se realizaron a la largo del Festiencuentro con la Infancia dirigidos principalmente a profesores, m\u00fasicos, madres comunitarias, bibliotecarios y toda la comunidad que trabaja&nbsp; y tiene contacto con la infancia y la adolescencia rescataron la verdadera esencia de la ense\u00f1anza contempor\u00e1nea.<\/p>\n<p><img loading=\"lazy\" decoding=\"async\" class=\" size-full wp-image-4465\" src=\"https:\/\/pagina10.com\/web\/wp-content\/uploads\/2013\/09\/12.jpg\" width=\"588\" height=\"330\" alt=\"12\" style=\"display: block; margin-left: auto; margin-right: auto;\" \/><\/p>\n<p style=\"text-align: justify;\">&nbsp;<\/p>\n<p style=\"text-align: justify;\">Una de las talleristas invitadas Tita Maya, profesora a lo largo de 30&nbsp; a\u00f1os en el Colegio de M\u00fasica de Medell\u00edn y fundadora y asesora proyectos de educaci\u00f3n como Cantoalegre, movimiento de creaci\u00f3n, investigaci\u00f3n y montaje de la canci\u00f3n infantil y&nbsp; Secretos para Contar, educaci\u00f3n activa para el campo colombiano, declar\u00f3 que la creaci\u00f3n de espacios como los talleres vividos le llenan de esperanzas ya que las luces encontradas en cada momento de interacci\u00f3n con los ni\u00f1os permiten promover j\u00f3venes y adultos mucho m\u00e1s en armon\u00eda con la vida.<\/p>\n<p style=\"text-align: justify;\">Los temas abordados en su taller se reflejaron en la tem\u00e1tica de c\u00f3mo abordar la lectoescritura en fusi\u00f3n con la atmosfera sonora, en el mundo, como entender los sabores, como entender que leer es m\u00e1s all\u00e1 que pegar palabras, la&nbsp; importante real de aprender el mundo.<\/p>\n<p align=\"center\"><img loading=\"lazy\" decoding=\"async\" class=\" size-full wp-image-20699\" src=\"https:\/\/pagina10.com\/web\/wp-content\/uploads\/2016\/06\/333.jpg\" width=\"413\" height=\"751\" alt=\"333\" style=\"display: block; margin-left: auto; margin-right: auto;\" srcset=\"https:\/\/pagina10.com\/web\/wp-content\/uploads\/2016\/06\/333.jpg 528w, https:\/\/pagina10.com\/web\/wp-content\/uploads\/2016\/06\/333-165x300.jpg 165w\" sizes=\"(max-width: 413px) 100vw, 413px\" \/><\/p>\n<p style=\"text-align: justify;\">Para Tita lo que ha perdido la escuela y lo que han perdido los hogares con los ni\u00f1os es la conexi\u00f3n con el hacer, la conexi\u00f3n con las artes y los oficios espec\u00edficos, con las manualidades, con la cocina, con la carpinter\u00eda, con la siembra y un poco a eso es donde se le apuesta hoy por hoy en la educaci\u00f3n, que ese sentir del ni\u00f1o este pegado con su pensar y con el hacer ya que la humanidad est\u00e1 desconectada con este \u00faltimo elemento y viene desde la infancia.<\/p>\n<p style=\"text-align: justify;\">&nbsp;<\/p>\n<p style=\"text-align: justify;\">Finalmente declara que los rituales es un factor muy importante en los establecimientos educativos, es necesario retomar los buenos espacios y las buenas ideas en torno al aprendizaje de los ni\u00f1os.<\/p>\n<p align=\"center\" style=\"text-align: justify;\">&nbsp;<\/p>\n<p align=\"center\" style=\"text-align: justify;\">&nbsp;Para mayor informaci\u00f3n de futuros eventos y programaci\u00f3n de la Fundaci\u00f3n Cultural Rayuela&nbsp;<a href=\"https:\/\/www.facebook.com\/rayuelapasto\/\">https:\/\/www.facebook.com\/rayuelapasto\/<\/a><\/p>\n<p style=\"text-align: justify;\">&nbsp;<\/p>\n","protected":false},"excerpt":{"rendered":"<p>La quinta versi\u00f3n del Festicuentro con la Infancia organizada por la Fundaci\u00f3n Cultural Rayuela y apoyada por el Ministerio de Cultura,&nbsp; la Gobernaci\u00f3n de Nari\u00f1o, la Alcald\u00eda Municipal de Pasto, El Banco de la Rep\u00fablica, la Fundaci\u00f3n Luna Crearte, las salas concertadas de la ciudad de Pasto entre otras entidades p\u00fablicas y empresas privadas, estuvo [&hellip;]<\/p>\n","protected":false},"author":29,"featured_media":20696,"comment_status":"open","ping_status":"open","sticky":false,"template":"","format":"standard","meta":{"footnotes":""},"categories":[1],"tags":[],"class_list":["post-20700","post","type-post","status-publish","format-standard","has-post-thumbnail","hentry","category-sin-categoria"],"yoast_head":"<!-- This site is optimized with the Yoast SEO plugin v27.1.1 - https:\/\/yoast.com\/product\/yoast-seo-wordpress\/ -->\n<title>As\u00ed fue el V Festiencuentro con la Infancia | P\u00e1gina10<\/title>\n<meta name=\"robots\" content=\"index, follow, max-snippet:-1, max-image-preview:large, max-video-preview:-1\" \/>\n<link rel=\"canonical\" href=\"https:\/\/pagina10.com\/web\/asi-fue-el-v-festiencuentro-con-la-infancia\/\" \/>\n<meta property=\"og:locale\" content=\"es_ES\" \/>\n<meta property=\"og:type\" content=\"article\" \/>\n<meta property=\"og:title\" content=\"As\u00ed fue el V Festiencuentro con la Infancia | P\u00e1gina10\" \/>\n<meta property=\"og:description\" content=\"La quinta versi\u00f3n del Festicuentro con la Infancia organizada por la Fundaci\u00f3n Cultural Rayuela y apoyada por el Ministerio de Cultura,&nbsp; la Gobernaci\u00f3n de Nari\u00f1o, la Alcald\u00eda Municipal de Pasto, El Banco de la Rep\u00fablica, la Fundaci\u00f3n Luna Crearte, las salas concertadas de la ciudad de Pasto entre otras entidades p\u00fablicas y empresas privadas, estuvo [&hellip;]\" \/>\n<meta property=\"og:url\" content=\"https:\/\/pagina10.com\/web\/asi-fue-el-v-festiencuentro-con-la-infancia\/\" \/>\n<meta property=\"og:site_name\" content=\"P\u00e1gina10\" \/>\n<meta property=\"article:publisher\" content=\"https:\/\/www.facebook.com\/pag10com\" \/>\n<meta property=\"article:published_time\" content=\"2016-06-17T15:44:06+00:00\" \/>\n<meta property=\"og:image\" content=\"https:\/\/pagina10.com\/web\/wp-content\/uploads\/2016\/06\/dd34f8fb1f04096c10fd8d144dff4d04.jpg\" \/>\n\t<meta property=\"og:image:width\" content=\"852\" \/>\n\t<meta property=\"og:image:height\" content=\"316\" \/>\n\t<meta property=\"og:image:type\" content=\"image\/jpeg\" \/>\n<meta name=\"author\" content=\"P\u00e1gina 10\" \/>\n<meta name=\"twitter:card\" content=\"summary_large_image\" \/>\n<meta name=\"twitter:creator\" content=\"@Pag10com\" \/>\n<meta name=\"twitter:site\" content=\"@Pag10com\" \/>\n<meta name=\"twitter:label1\" content=\"Escrito por\" \/>\n\t<meta name=\"twitter:data1\" content=\"P\u00e1gina 10\" \/>\n\t<meta name=\"twitter:label2\" content=\"Tiempo de lectura\" \/>\n\t<meta name=\"twitter:data2\" content=\"6 minutos\" \/>\n<script type=\"application\/ld+json\" class=\"yoast-schema-graph\">{\"@context\":\"https:\/\/schema.org\",\"@graph\":[{\"@type\":\"Article\",\"@id\":\"https:\/\/pagina10.com\/web\/asi-fue-el-v-festiencuentro-con-la-infancia\/#article\",\"isPartOf\":{\"@id\":\"https:\/\/pagina10.com\/web\/asi-fue-el-v-festiencuentro-con-la-infancia\/\"},\"author\":{\"name\":\"P\u00e1gina 10\",\"@id\":\"https:\/\/pagina10.com\/web\/#\/schema\/person\/a7a5d38f0629dfc107f619fbae4f6cc3\"},\"headline\":\"As\u00ed fue el V Festiencuentro con la Infancia\",\"datePublished\":\"2016-06-17T15:44:06+00:00\",\"mainEntityOfPage\":{\"@id\":\"https:\/\/pagina10.com\/web\/asi-fue-el-v-festiencuentro-con-la-infancia\/\"},\"wordCount\":1147,\"commentCount\":0,\"publisher\":{\"@id\":\"https:\/\/pagina10.com\/web\/#organization\"},\"image\":{\"@id\":\"https:\/\/pagina10.com\/web\/asi-fue-el-v-festiencuentro-con-la-infancia\/#primaryimage\"},\"thumbnailUrl\":\"https:\/\/pagina10.com\/web\/wp-content\/uploads\/2016\/06\/dd34f8fb1f04096c10fd8d144dff4d04.jpg\",\"inLanguage\":\"es\",\"potentialAction\":[{\"@type\":\"CommentAction\",\"name\":\"Comment\",\"target\":[\"https:\/\/pagina10.com\/web\/asi-fue-el-v-festiencuentro-con-la-infancia\/#respond\"]}]},{\"@type\":\"WebPage\",\"@id\":\"https:\/\/pagina10.com\/web\/asi-fue-el-v-festiencuentro-con-la-infancia\/\",\"url\":\"https:\/\/pagina10.com\/web\/asi-fue-el-v-festiencuentro-con-la-infancia\/\",\"name\":\"As\u00ed fue el V Festiencuentro con la Infancia | P\u00e1gina10\",\"isPartOf\":{\"@id\":\"https:\/\/pagina10.com\/web\/#website\"},\"primaryImageOfPage\":{\"@id\":\"https:\/\/pagina10.com\/web\/asi-fue-el-v-festiencuentro-con-la-infancia\/#primaryimage\"},\"image\":{\"@id\":\"https:\/\/pagina10.com\/web\/asi-fue-el-v-festiencuentro-con-la-infancia\/#primaryimage\"},\"thumbnailUrl\":\"https:\/\/pagina10.com\/web\/wp-content\/uploads\/2016\/06\/dd34f8fb1f04096c10fd8d144dff4d04.jpg\",\"datePublished\":\"2016-06-17T15:44:06+00:00\",\"breadcrumb\":{\"@id\":\"https:\/\/pagina10.com\/web\/asi-fue-el-v-festiencuentro-con-la-infancia\/#breadcrumb\"},\"inLanguage\":\"es\",\"potentialAction\":[{\"@type\":\"ReadAction\",\"target\":[\"https:\/\/pagina10.com\/web\/asi-fue-el-v-festiencuentro-con-la-infancia\/\"]}]},{\"@type\":\"ImageObject\",\"inLanguage\":\"es\",\"@id\":\"https:\/\/pagina10.com\/web\/asi-fue-el-v-festiencuentro-con-la-infancia\/#primaryimage\",\"url\":\"https:\/\/pagina10.com\/web\/wp-content\/uploads\/2016\/06\/dd34f8fb1f04096c10fd8d144dff4d04.jpg\",\"contentUrl\":\"https:\/\/pagina10.com\/web\/wp-content\/uploads\/2016\/06\/dd34f8fb1f04096c10fd8d144dff4d04.jpg\",\"width\":852,\"height\":316},{\"@type\":\"BreadcrumbList\",\"@id\":\"https:\/\/pagina10.com\/web\/asi-fue-el-v-festiencuentro-con-la-infancia\/#breadcrumb\",\"itemListElement\":[{\"@type\":\"ListItem\",\"position\":1,\"name\":\"Portada\",\"item\":\"https:\/\/pagina10.com\/web\/\"},{\"@type\":\"ListItem\",\"position\":2,\"name\":\"As\u00ed fue el V Festiencuentro con la Infancia\"}]},{\"@type\":\"WebSite\",\"@id\":\"https:\/\/pagina10.com\/web\/#website\",\"url\":\"https:\/\/pagina10.com\/web\/\",\"name\":\"P\u00e1gina10\",\"description\":\"Peri\u00f3dico Regional\",\"publisher\":{\"@id\":\"https:\/\/pagina10.com\/web\/#organization\"},\"alternateName\":\"P\u00e1gina10 Peri\u00f3dico Regional\",\"potentialAction\":[{\"@type\":\"SearchAction\",\"target\":{\"@type\":\"EntryPoint\",\"urlTemplate\":\"https:\/\/pagina10.com\/web\/?s={search_term_string}\"},\"query-input\":{\"@type\":\"PropertyValueSpecification\",\"valueRequired\":true,\"valueName\":\"search_term_string\"}}],\"inLanguage\":\"es\"},{\"@type\":\"Organization\",\"@id\":\"https:\/\/pagina10.com\/web\/#organization\",\"name\":\"P\u00e1gina10\",\"alternateName\":\"P\u00e1gina10 Peri\u00f3dico Regional\",\"url\":\"https:\/\/pagina10.com\/web\/\",\"logo\":{\"@type\":\"ImageObject\",\"inLanguage\":\"es\",\"@id\":\"https:\/\/pagina10.com\/web\/#\/schema\/logo\/image\/\",\"url\":\"https:\/\/pagina10.com\/web\/wp-content\/uploads\/2024\/01\/40-pagina-10-periodico-regional-pasto.jpg\",\"contentUrl\":\"https:\/\/pagina10.com\/web\/wp-content\/uploads\/2024\/01\/40-pagina-10-periodico-regional-pasto.jpg\",\"width\":1280,\"height\":720,\"caption\":\"P\u00e1gina10\"},\"image\":{\"@id\":\"https:\/\/pagina10.com\/web\/#\/schema\/logo\/image\/\"},\"sameAs\":[\"https:\/\/www.facebook.com\/pag10com\",\"https:\/\/x.com\/Pag10com\",\"https:\/\/www.instagram.com\/pagina10col\/\",\"https:\/\/youtube.com\/channel\/pag10\",\"https:\/\/www.tiktok.com\/@p10col\"]},{\"@type\":\"Person\",\"@id\":\"https:\/\/pagina10.com\/web\/#\/schema\/person\/a7a5d38f0629dfc107f619fbae4f6cc3\",\"name\":\"P\u00e1gina 10\",\"description\":\"P\u00e1gina10.com es un peri\u00f3dico digital que nace en Colombia, en el departamento de Nari\u00f1o, con un enfoque global, fundamentado en cuatro pilares esenciales: la libertad, el pluralismo, la inclusi\u00f3n y la independencia. P\u00e1gina10.com hace referencia a Nari\u00f1o como el d\u00e9cimo departamento creado en Colombia, despu\u00e9s de un proceso pol\u00edtico liderado por actores y actrices regionales con el fin de obtener la independencia y autonom\u00eda de nuestros territorios. Con la creaci\u00f3n de P\u00e1gina10.com se pretende abrir un escenario para el dialogo, la reflexi\u00f3n y el debate que se extienda a otras geograf\u00edas de Am\u00e9rica Latina y del planeta, en una apuesta por transformar colectivamente los desaf\u00edos de un mundo contempor\u00e1neo, m\u00e1s all\u00e1 de las fronteras impuestas.\",\"url\":\"https:\/\/pagina10.com\/web\/author\/mcepeda\/\"}]}<\/script>\n<!-- \/ Yoast SEO plugin. -->","yoast_head_json":{"title":"As\u00ed fue el V Festiencuentro con la Infancia | P\u00e1gina10","robots":{"index":"index","follow":"follow","max-snippet":"max-snippet:-1","max-image-preview":"max-image-preview:large","max-video-preview":"max-video-preview:-1"},"canonical":"https:\/\/pagina10.com\/web\/asi-fue-el-v-festiencuentro-con-la-infancia\/","og_locale":"es_ES","og_type":"article","og_title":"As\u00ed fue el V Festiencuentro con la Infancia | P\u00e1gina10","og_description":"La quinta versi\u00f3n del Festicuentro con la Infancia organizada por la Fundaci\u00f3n Cultural Rayuela y apoyada por el Ministerio de Cultura,&nbsp; la Gobernaci\u00f3n de Nari\u00f1o, la Alcald\u00eda Municipal de Pasto, El Banco de la Rep\u00fablica, la Fundaci\u00f3n Luna Crearte, las salas concertadas de la ciudad de Pasto entre otras entidades p\u00fablicas y empresas privadas, estuvo [&hellip;]","og_url":"https:\/\/pagina10.com\/web\/asi-fue-el-v-festiencuentro-con-la-infancia\/","og_site_name":"P\u00e1gina10","article_publisher":"https:\/\/www.facebook.com\/pag10com","article_published_time":"2016-06-17T15:44:06+00:00","og_image":[{"width":852,"height":316,"url":"https:\/\/pagina10.com\/web\/wp-content\/uploads\/2016\/06\/dd34f8fb1f04096c10fd8d144dff4d04.jpg","type":"image\/jpeg"}],"author":"P\u00e1gina 10","twitter_card":"summary_large_image","twitter_creator":"@Pag10com","twitter_site":"@Pag10com","twitter_misc":{"Escrito por":"P\u00e1gina 10","Tiempo de lectura":"6 minutos"},"schema":{"@context":"https:\/\/schema.org","@graph":[{"@type":"Article","@id":"https:\/\/pagina10.com\/web\/asi-fue-el-v-festiencuentro-con-la-infancia\/#article","isPartOf":{"@id":"https:\/\/pagina10.com\/web\/asi-fue-el-v-festiencuentro-con-la-infancia\/"},"author":{"name":"P\u00e1gina 10","@id":"https:\/\/pagina10.com\/web\/#\/schema\/person\/a7a5d38f0629dfc107f619fbae4f6cc3"},"headline":"As\u00ed fue el V Festiencuentro con la Infancia","datePublished":"2016-06-17T15:44:06+00:00","mainEntityOfPage":{"@id":"https:\/\/pagina10.com\/web\/asi-fue-el-v-festiencuentro-con-la-infancia\/"},"wordCount":1147,"commentCount":0,"publisher":{"@id":"https:\/\/pagina10.com\/web\/#organization"},"image":{"@id":"https:\/\/pagina10.com\/web\/asi-fue-el-v-festiencuentro-con-la-infancia\/#primaryimage"},"thumbnailUrl":"https:\/\/pagina10.com\/web\/wp-content\/uploads\/2016\/06\/dd34f8fb1f04096c10fd8d144dff4d04.jpg","inLanguage":"es","potentialAction":[{"@type":"CommentAction","name":"Comment","target":["https:\/\/pagina10.com\/web\/asi-fue-el-v-festiencuentro-con-la-infancia\/#respond"]}]},{"@type":"WebPage","@id":"https:\/\/pagina10.com\/web\/asi-fue-el-v-festiencuentro-con-la-infancia\/","url":"https:\/\/pagina10.com\/web\/asi-fue-el-v-festiencuentro-con-la-infancia\/","name":"As\u00ed fue el V Festiencuentro con la Infancia | P\u00e1gina10","isPartOf":{"@id":"https:\/\/pagina10.com\/web\/#website"},"primaryImageOfPage":{"@id":"https:\/\/pagina10.com\/web\/asi-fue-el-v-festiencuentro-con-la-infancia\/#primaryimage"},"image":{"@id":"https:\/\/pagina10.com\/web\/asi-fue-el-v-festiencuentro-con-la-infancia\/#primaryimage"},"thumbnailUrl":"https:\/\/pagina10.com\/web\/wp-content\/uploads\/2016\/06\/dd34f8fb1f04096c10fd8d144dff4d04.jpg","datePublished":"2016-06-17T15:44:06+00:00","breadcrumb":{"@id":"https:\/\/pagina10.com\/web\/asi-fue-el-v-festiencuentro-con-la-infancia\/#breadcrumb"},"inLanguage":"es","potentialAction":[{"@type":"ReadAction","target":["https:\/\/pagina10.com\/web\/asi-fue-el-v-festiencuentro-con-la-infancia\/"]}]},{"@type":"ImageObject","inLanguage":"es","@id":"https:\/\/pagina10.com\/web\/asi-fue-el-v-festiencuentro-con-la-infancia\/#primaryimage","url":"https:\/\/pagina10.com\/web\/wp-content\/uploads\/2016\/06\/dd34f8fb1f04096c10fd8d144dff4d04.jpg","contentUrl":"https:\/\/pagina10.com\/web\/wp-content\/uploads\/2016\/06\/dd34f8fb1f04096c10fd8d144dff4d04.jpg","width":852,"height":316},{"@type":"BreadcrumbList","@id":"https:\/\/pagina10.com\/web\/asi-fue-el-v-festiencuentro-con-la-infancia\/#breadcrumb","itemListElement":[{"@type":"ListItem","position":1,"name":"Portada","item":"https:\/\/pagina10.com\/web\/"},{"@type":"ListItem","position":2,"name":"As\u00ed fue el V Festiencuentro con la Infancia"}]},{"@type":"WebSite","@id":"https:\/\/pagina10.com\/web\/#website","url":"https:\/\/pagina10.com\/web\/","name":"P\u00e1gina10","description":"Peri\u00f3dico Regional","publisher":{"@id":"https:\/\/pagina10.com\/web\/#organization"},"alternateName":"P\u00e1gina10 Peri\u00f3dico Regional","potentialAction":[{"@type":"SearchAction","target":{"@type":"EntryPoint","urlTemplate":"https:\/\/pagina10.com\/web\/?s={search_term_string}"},"query-input":{"@type":"PropertyValueSpecification","valueRequired":true,"valueName":"search_term_string"}}],"inLanguage":"es"},{"@type":"Organization","@id":"https:\/\/pagina10.com\/web\/#organization","name":"P\u00e1gina10","alternateName":"P\u00e1gina10 Peri\u00f3dico Regional","url":"https:\/\/pagina10.com\/web\/","logo":{"@type":"ImageObject","inLanguage":"es","@id":"https:\/\/pagina10.com\/web\/#\/schema\/logo\/image\/","url":"https:\/\/pagina10.com\/web\/wp-content\/uploads\/2024\/01\/40-pagina-10-periodico-regional-pasto.jpg","contentUrl":"https:\/\/pagina10.com\/web\/wp-content\/uploads\/2024\/01\/40-pagina-10-periodico-regional-pasto.jpg","width":1280,"height":720,"caption":"P\u00e1gina10"},"image":{"@id":"https:\/\/pagina10.com\/web\/#\/schema\/logo\/image\/"},"sameAs":["https:\/\/www.facebook.com\/pag10com","https:\/\/x.com\/Pag10com","https:\/\/www.instagram.com\/pagina10col\/","https:\/\/youtube.com\/channel\/pag10","https:\/\/www.tiktok.com\/@p10col"]},{"@type":"Person","@id":"https:\/\/pagina10.com\/web\/#\/schema\/person\/a7a5d38f0629dfc107f619fbae4f6cc3","name":"P\u00e1gina 10","description":"P\u00e1gina10.com es un peri\u00f3dico digital que nace en Colombia, en el departamento de Nari\u00f1o, con un enfoque global, fundamentado en cuatro pilares esenciales: la libertad, el pluralismo, la inclusi\u00f3n y la independencia. P\u00e1gina10.com hace referencia a Nari\u00f1o como el d\u00e9cimo departamento creado en Colombia, despu\u00e9s de un proceso pol\u00edtico liderado por actores y actrices regionales con el fin de obtener la independencia y autonom\u00eda de nuestros territorios. Con la creaci\u00f3n de P\u00e1gina10.com se pretende abrir un escenario para el dialogo, la reflexi\u00f3n y el debate que se extienda a otras geograf\u00edas de Am\u00e9rica Latina y del planeta, en una apuesta por transformar colectivamente los desaf\u00edos de un mundo contempor\u00e1neo, m\u00e1s all\u00e1 de las fronteras impuestas.","url":"https:\/\/pagina10.com\/web\/author\/mcepeda\/"}]}},"_links":{"self":[{"href":"https:\/\/pagina10.com\/web\/wp-json\/wp\/v2\/posts\/20700","targetHints":{"allow":["GET"]}}],"collection":[{"href":"https:\/\/pagina10.com\/web\/wp-json\/wp\/v2\/posts"}],"about":[{"href":"https:\/\/pagina10.com\/web\/wp-json\/wp\/v2\/types\/post"}],"author":[{"embeddable":true,"href":"https:\/\/pagina10.com\/web\/wp-json\/wp\/v2\/users\/29"}],"replies":[{"embeddable":true,"href":"https:\/\/pagina10.com\/web\/wp-json\/wp\/v2\/comments?post=20700"}],"version-history":[{"count":0,"href":"https:\/\/pagina10.com\/web\/wp-json\/wp\/v2\/posts\/20700\/revisions"}],"wp:featuredmedia":[{"embeddable":true,"href":"https:\/\/pagina10.com\/web\/wp-json\/wp\/v2\/media\/20696"}],"wp:attachment":[{"href":"https:\/\/pagina10.com\/web\/wp-json\/wp\/v2\/media?parent=20700"}],"wp:term":[{"taxonomy":"category","embeddable":true,"href":"https:\/\/pagina10.com\/web\/wp-json\/wp\/v2\/categories?post=20700"},{"taxonomy":"post_tag","embeddable":true,"href":"https:\/\/pagina10.com\/web\/wp-json\/wp\/v2\/tags?post=20700"}],"curies":[{"name":"wp","href":"https:\/\/api.w.org\/{rel}","templated":true}]}}