{"id":20702,"date":"2016-06-17T16:10:18","date_gmt":"2016-06-17T16:10:18","guid":{"rendered":"https:\/\/pagina10.com\/web\/pasto-a-tono-con-la-movilidad-sostenible\/"},"modified":"2016-06-17T16:10:18","modified_gmt":"2016-06-17T16:10:18","slug":"pasto-a-tono-con-la-movilidad-sostenible","status":"publish","type":"post","link":"https:\/\/pagina10.com\/web\/pasto-a-tono-con-la-movilidad-sostenible\/","title":{"rendered":"Pasto a tono con la movilidad sostenible"},"content":{"rendered":"<p><img fetchpriority=\"high\" decoding=\"async\" class=\" size-full wp-image-20701\" src=\"https:\/\/pagina10.com\/web\/wp-content\/uploads\/2016\/06\/ebee658c8aa6cd0d98bcf6ff03239cb4.jpg\" alt=\"\" width=\"960\" height=\"540\" srcset=\"https:\/\/pagina10.com\/web\/wp-content\/uploads\/2016\/06\/ebee658c8aa6cd0d98bcf6ff03239cb4.jpg 960w, https:\/\/pagina10.com\/web\/wp-content\/uploads\/2016\/06\/ebee658c8aa6cd0d98bcf6ff03239cb4-300x169.jpg 300w, https:\/\/pagina10.com\/web\/wp-content\/uploads\/2016\/06\/ebee658c8aa6cd0d98bcf6ff03239cb4-768x432.jpg 768w\" sizes=\"(max-width: 960px) 100vw, 960px\" \/><\/p>\n<p style=\"text-align: justify;\">El alcalde de Pasto Pedro Vicente Obando Ord\u00f3\u00f1ez, anunci\u00f3 que luego de un proceso que permiti\u00f3 conocer las diferentes posturas frente a los dos dise\u00f1os existentes para los trabajos en la carrera 27, se ha tomado la decisi\u00f3n de que el proyecto se ejecutar\u00e1 con el dise\u00f1o que contempla tres carriles y que aporta mayor espacio p\u00fablico para la ciudadan\u00eda y permite adem\u00e1s la implementaci\u00f3n de una&nbsp;ciclo-ruta en doble v\u00eda por el centro de la nueva avenida<\/p>\n<div style=\"text-align: justify;\">\n<p>El mandatario local explic\u00f3 que esta decisi\u00f3n se la toma en sinton\u00eda con las que se vienen tomando en todo el mundo en las grandes ciudades y que privilegian al peat\u00f3n como el principal protagonista de los grandes proyectos urban\u00edsticos. Indic\u00f3 que se instal\u00f3 una mesa de interlocuci\u00f3n donde tanto expertos, como voceros de organizaciones ciudadanas expusieron sus argumentos frente a los dos dise\u00f1os y el proceso deriv\u00f3 en la presente decisi\u00f3n.<\/p>\n<p>El alcalde Pedro Vicente dijo adem\u00e1s que el dise\u00f1o de los tres carriles es el que est\u00e1 aprobado por el Ministerio de Cultura, al ser \u00e9ste quien vela por la preservaci\u00f3n del patrimonio hist\u00f3rico de las ciudades, y que cuenta con el visto bueno tambi\u00e9n, de los ministerios de Hacienda, Transporte y el DNP, como integrantes de la Junta Directiva de Avante, entidad responsable del proyecto. Asegur\u00f3 que a partir del mes de agosto Empopasto, comenzar\u00e1 sus obras para la instalaci\u00f3n de redes de acueducto y alcantarillado, igual que Sepal y Cedenar; cronogramas de trabajos conjuntos con Avante que se espera se cumplan en su totalidad en el presente cuatrenio.<\/p>\n<\/p><\/div>\n","protected":false},"excerpt":{"rendered":"<p>El alcalde de Pasto Pedro Vicente Obando Ord\u00f3\u00f1ez, anunci\u00f3 que luego de un proceso que permiti\u00f3 conocer las diferentes posturas frente a los dos dise\u00f1os existentes para los trabajos en la carrera 27, se ha tomado la decisi\u00f3n de que el proyecto se ejecutar\u00e1 con el dise\u00f1o que contempla tres carriles y que aporta mayor [&hellip;]<\/p>\n","protected":false},"author":29,"featured_media":20701,"comment_status":"open","ping_status":"open","sticky":false,"template":"","format":"standard","meta":{"footnotes":""},"categories":[1],"tags":[],"class_list":["post-20702","post","type-post","status-publish","format-standard","has-post-thumbnail","hentry","category-sin-categoria"],"yoast_head":"<!-- This site is optimized with the Yoast SEO plugin v27.1.1 - https:\/\/yoast.com\/product\/yoast-seo-wordpress\/ -->\n<title>Pasto a tono con la movilidad sostenible | P\u00e1gina10<\/title>\n<meta name=\"robots\" content=\"index, follow, max-snippet:-1, max-image-preview:large, max-video-preview:-1\" \/>\n<link rel=\"canonical\" href=\"https:\/\/pagina10.com\/web\/pasto-a-tono-con-la-movilidad-sostenible\/\" \/>\n<meta property=\"og:locale\" content=\"es_ES\" \/>\n<meta property=\"og:type\" content=\"article\" \/>\n<meta property=\"og:title\" content=\"Pasto a tono con la movilidad sostenible | P\u00e1gina10\" \/>\n<meta property=\"og:description\" content=\"El alcalde de Pasto Pedro Vicente Obando Ord\u00f3\u00f1ez, anunci\u00f3 que luego de un proceso que permiti\u00f3 conocer las diferentes posturas frente a los dos dise\u00f1os existentes para los trabajos en la carrera 27, se ha tomado la decisi\u00f3n de que el proyecto se ejecutar\u00e1 con el dise\u00f1o que contempla tres carriles y que aporta mayor [&hellip;]\" \/>\n<meta property=\"og:url\" content=\"https:\/\/pagina10.com\/web\/pasto-a-tono-con-la-movilidad-sostenible\/\" \/>\n<meta property=\"og:site_name\" content=\"P\u00e1gina10\" \/>\n<meta property=\"article:publisher\" content=\"https:\/\/www.facebook.com\/pag10com\" \/>\n<meta property=\"article:published_time\" content=\"2016-06-17T16:10:18+00:00\" \/>\n<meta property=\"og:image\" content=\"https:\/\/pagina10.com\/web\/wp-content\/uploads\/2016\/06\/ebee658c8aa6cd0d98bcf6ff03239cb4.jpg\" \/>\n\t<meta property=\"og:image:width\" content=\"960\" \/>\n\t<meta property=\"og:image:height\" content=\"540\" \/>\n\t<meta property=\"og:image:type\" content=\"image\/jpeg\" \/>\n<meta name=\"author\" content=\"P\u00e1gina 10\" \/>\n<meta name=\"twitter:card\" content=\"summary_large_image\" \/>\n<meta name=\"twitter:creator\" content=\"@Pag10com\" \/>\n<meta name=\"twitter:site\" content=\"@Pag10com\" \/>\n<meta name=\"twitter:label1\" content=\"Escrito por\" \/>\n\t<meta name=\"twitter:data1\" content=\"P\u00e1gina 10\" \/>\n\t<meta name=\"twitter:label2\" content=\"Tiempo de lectura\" \/>\n\t<meta name=\"twitter:data2\" content=\"1 minuto\" \/>\n<script type=\"application\/ld+json\" class=\"yoast-schema-graph\">{\"@context\":\"https:\/\/schema.org\",\"@graph\":[{\"@type\":\"Article\",\"@id\":\"https:\/\/pagina10.com\/web\/pasto-a-tono-con-la-movilidad-sostenible\/#article\",\"isPartOf\":{\"@id\":\"https:\/\/pagina10.com\/web\/pasto-a-tono-con-la-movilidad-sostenible\/\"},\"author\":{\"name\":\"P\u00e1gina 10\",\"@id\":\"https:\/\/pagina10.com\/web\/#\/schema\/person\/a7a5d38f0629dfc107f619fbae4f6cc3\"},\"headline\":\"Pasto a tono con la movilidad sostenible\",\"datePublished\":\"2016-06-17T16:10:18+00:00\",\"mainEntityOfPage\":{\"@id\":\"https:\/\/pagina10.com\/web\/pasto-a-tono-con-la-movilidad-sostenible\/\"},\"wordCount\":289,\"commentCount\":0,\"publisher\":{\"@id\":\"https:\/\/pagina10.com\/web\/#organization\"},\"image\":{\"@id\":\"https:\/\/pagina10.com\/web\/pasto-a-tono-con-la-movilidad-sostenible\/#primaryimage\"},\"thumbnailUrl\":\"https:\/\/pagina10.com\/web\/wp-content\/uploads\/2016\/06\/ebee658c8aa6cd0d98bcf6ff03239cb4.jpg\",\"inLanguage\":\"es\",\"potentialAction\":[{\"@type\":\"CommentAction\",\"name\":\"Comment\",\"target\":[\"https:\/\/pagina10.com\/web\/pasto-a-tono-con-la-movilidad-sostenible\/#respond\"]}]},{\"@type\":\"WebPage\",\"@id\":\"https:\/\/pagina10.com\/web\/pasto-a-tono-con-la-movilidad-sostenible\/\",\"url\":\"https:\/\/pagina10.com\/web\/pasto-a-tono-con-la-movilidad-sostenible\/\",\"name\":\"Pasto a tono con la movilidad sostenible | P\u00e1gina10\",\"isPartOf\":{\"@id\":\"https:\/\/pagina10.com\/web\/#website\"},\"primaryImageOfPage\":{\"@id\":\"https:\/\/pagina10.com\/web\/pasto-a-tono-con-la-movilidad-sostenible\/#primaryimage\"},\"image\":{\"@id\":\"https:\/\/pagina10.com\/web\/pasto-a-tono-con-la-movilidad-sostenible\/#primaryimage\"},\"thumbnailUrl\":\"https:\/\/pagina10.com\/web\/wp-content\/uploads\/2016\/06\/ebee658c8aa6cd0d98bcf6ff03239cb4.jpg\",\"datePublished\":\"2016-06-17T16:10:18+00:00\",\"breadcrumb\":{\"@id\":\"https:\/\/pagina10.com\/web\/pasto-a-tono-con-la-movilidad-sostenible\/#breadcrumb\"},\"inLanguage\":\"es\",\"potentialAction\":[{\"@type\":\"ReadAction\",\"target\":[\"https:\/\/pagina10.com\/web\/pasto-a-tono-con-la-movilidad-sostenible\/\"]}]},{\"@type\":\"ImageObject\",\"inLanguage\":\"es\",\"@id\":\"https:\/\/pagina10.com\/web\/pasto-a-tono-con-la-movilidad-sostenible\/#primaryimage\",\"url\":\"https:\/\/pagina10.com\/web\/wp-content\/uploads\/2016\/06\/ebee658c8aa6cd0d98bcf6ff03239cb4.jpg\",\"contentUrl\":\"https:\/\/pagina10.com\/web\/wp-content\/uploads\/2016\/06\/ebee658c8aa6cd0d98bcf6ff03239cb4.jpg\",\"width\":960,\"height\":540},{\"@type\":\"BreadcrumbList\",\"@id\":\"https:\/\/pagina10.com\/web\/pasto-a-tono-con-la-movilidad-sostenible\/#breadcrumb\",\"itemListElement\":[{\"@type\":\"ListItem\",\"position\":1,\"name\":\"Portada\",\"item\":\"https:\/\/pagina10.com\/web\/\"},{\"@type\":\"ListItem\",\"position\":2,\"name\":\"Pasto a tono con la movilidad sostenible\"}]},{\"@type\":\"WebSite\",\"@id\":\"https:\/\/pagina10.com\/web\/#website\",\"url\":\"https:\/\/pagina10.com\/web\/\",\"name\":\"P\u00e1gina10\",\"description\":\"Peri\u00f3dico Regional\",\"publisher\":{\"@id\":\"https:\/\/pagina10.com\/web\/#organization\"},\"alternateName\":\"P\u00e1gina10 Peri\u00f3dico Regional\",\"potentialAction\":[{\"@type\":\"SearchAction\",\"target\":{\"@type\":\"EntryPoint\",\"urlTemplate\":\"https:\/\/pagina10.com\/web\/?s={search_term_string}\"},\"query-input\":{\"@type\":\"PropertyValueSpecification\",\"valueRequired\":true,\"valueName\":\"search_term_string\"}}],\"inLanguage\":\"es\"},{\"@type\":\"Organization\",\"@id\":\"https:\/\/pagina10.com\/web\/#organization\",\"name\":\"P\u00e1gina10\",\"alternateName\":\"P\u00e1gina10 Peri\u00f3dico Regional\",\"url\":\"https:\/\/pagina10.com\/web\/\",\"logo\":{\"@type\":\"ImageObject\",\"inLanguage\":\"es\",\"@id\":\"https:\/\/pagina10.com\/web\/#\/schema\/logo\/image\/\",\"url\":\"https:\/\/pagina10.com\/web\/wp-content\/uploads\/2024\/01\/40-pagina-10-periodico-regional-pasto.jpg\",\"contentUrl\":\"https:\/\/pagina10.com\/web\/wp-content\/uploads\/2024\/01\/40-pagina-10-periodico-regional-pasto.jpg\",\"width\":1280,\"height\":720,\"caption\":\"P\u00e1gina10\"},\"image\":{\"@id\":\"https:\/\/pagina10.com\/web\/#\/schema\/logo\/image\/\"},\"sameAs\":[\"https:\/\/www.facebook.com\/pag10com\",\"https:\/\/x.com\/Pag10com\",\"https:\/\/www.instagram.com\/pagina10col\/\",\"https:\/\/youtube.com\/channel\/pag10\",\"https:\/\/www.tiktok.com\/@p10col\"]},{\"@type\":\"Person\",\"@id\":\"https:\/\/pagina10.com\/web\/#\/schema\/person\/a7a5d38f0629dfc107f619fbae4f6cc3\",\"name\":\"P\u00e1gina 10\",\"description\":\"P\u00e1gina10.com es un peri\u00f3dico digital que nace en Colombia, en el departamento de Nari\u00f1o, con un enfoque global, fundamentado en cuatro pilares esenciales: la libertad, el pluralismo, la inclusi\u00f3n y la independencia. P\u00e1gina10.com hace referencia a Nari\u00f1o como el d\u00e9cimo departamento creado en Colombia, despu\u00e9s de un proceso pol\u00edtico liderado por actores y actrices regionales con el fin de obtener la independencia y autonom\u00eda de nuestros territorios. Con la creaci\u00f3n de P\u00e1gina10.com se pretende abrir un escenario para el dialogo, la reflexi\u00f3n y el debate que se extienda a otras geograf\u00edas de Am\u00e9rica Latina y del planeta, en una apuesta por transformar colectivamente los desaf\u00edos de un mundo contempor\u00e1neo, m\u00e1s all\u00e1 de las fronteras impuestas.\",\"url\":\"https:\/\/pagina10.com\/web\/author\/mcepeda\/\"}]}<\/script>\n<!-- \/ Yoast SEO plugin. -->","yoast_head_json":{"title":"Pasto a tono con la movilidad sostenible | P\u00e1gina10","robots":{"index":"index","follow":"follow","max-snippet":"max-snippet:-1","max-image-preview":"max-image-preview:large","max-video-preview":"max-video-preview:-1"},"canonical":"https:\/\/pagina10.com\/web\/pasto-a-tono-con-la-movilidad-sostenible\/","og_locale":"es_ES","og_type":"article","og_title":"Pasto a tono con la movilidad sostenible | P\u00e1gina10","og_description":"El alcalde de Pasto Pedro Vicente Obando Ord\u00f3\u00f1ez, anunci\u00f3 que luego de un proceso que permiti\u00f3 conocer las diferentes posturas frente a los dos dise\u00f1os existentes para los trabajos en la carrera 27, se ha tomado la decisi\u00f3n de que el proyecto se ejecutar\u00e1 con el dise\u00f1o que contempla tres carriles y que aporta mayor [&hellip;]","og_url":"https:\/\/pagina10.com\/web\/pasto-a-tono-con-la-movilidad-sostenible\/","og_site_name":"P\u00e1gina10","article_publisher":"https:\/\/www.facebook.com\/pag10com","article_published_time":"2016-06-17T16:10:18+00:00","og_image":[{"width":960,"height":540,"url":"https:\/\/pagina10.com\/web\/wp-content\/uploads\/2016\/06\/ebee658c8aa6cd0d98bcf6ff03239cb4.jpg","type":"image\/jpeg"}],"author":"P\u00e1gina 10","twitter_card":"summary_large_image","twitter_creator":"@Pag10com","twitter_site":"@Pag10com","twitter_misc":{"Escrito por":"P\u00e1gina 10","Tiempo de lectura":"1 minuto"},"schema":{"@context":"https:\/\/schema.org","@graph":[{"@type":"Article","@id":"https:\/\/pagina10.com\/web\/pasto-a-tono-con-la-movilidad-sostenible\/#article","isPartOf":{"@id":"https:\/\/pagina10.com\/web\/pasto-a-tono-con-la-movilidad-sostenible\/"},"author":{"name":"P\u00e1gina 10","@id":"https:\/\/pagina10.com\/web\/#\/schema\/person\/a7a5d38f0629dfc107f619fbae4f6cc3"},"headline":"Pasto a tono con la movilidad sostenible","datePublished":"2016-06-17T16:10:18+00:00","mainEntityOfPage":{"@id":"https:\/\/pagina10.com\/web\/pasto-a-tono-con-la-movilidad-sostenible\/"},"wordCount":289,"commentCount":0,"publisher":{"@id":"https:\/\/pagina10.com\/web\/#organization"},"image":{"@id":"https:\/\/pagina10.com\/web\/pasto-a-tono-con-la-movilidad-sostenible\/#primaryimage"},"thumbnailUrl":"https:\/\/pagina10.com\/web\/wp-content\/uploads\/2016\/06\/ebee658c8aa6cd0d98bcf6ff03239cb4.jpg","inLanguage":"es","potentialAction":[{"@type":"CommentAction","name":"Comment","target":["https:\/\/pagina10.com\/web\/pasto-a-tono-con-la-movilidad-sostenible\/#respond"]}]},{"@type":"WebPage","@id":"https:\/\/pagina10.com\/web\/pasto-a-tono-con-la-movilidad-sostenible\/","url":"https:\/\/pagina10.com\/web\/pasto-a-tono-con-la-movilidad-sostenible\/","name":"Pasto a tono con la movilidad sostenible | P\u00e1gina10","isPartOf":{"@id":"https:\/\/pagina10.com\/web\/#website"},"primaryImageOfPage":{"@id":"https:\/\/pagina10.com\/web\/pasto-a-tono-con-la-movilidad-sostenible\/#primaryimage"},"image":{"@id":"https:\/\/pagina10.com\/web\/pasto-a-tono-con-la-movilidad-sostenible\/#primaryimage"},"thumbnailUrl":"https:\/\/pagina10.com\/web\/wp-content\/uploads\/2016\/06\/ebee658c8aa6cd0d98bcf6ff03239cb4.jpg","datePublished":"2016-06-17T16:10:18+00:00","breadcrumb":{"@id":"https:\/\/pagina10.com\/web\/pasto-a-tono-con-la-movilidad-sostenible\/#breadcrumb"},"inLanguage":"es","potentialAction":[{"@type":"ReadAction","target":["https:\/\/pagina10.com\/web\/pasto-a-tono-con-la-movilidad-sostenible\/"]}]},{"@type":"ImageObject","inLanguage":"es","@id":"https:\/\/pagina10.com\/web\/pasto-a-tono-con-la-movilidad-sostenible\/#primaryimage","url":"https:\/\/pagina10.com\/web\/wp-content\/uploads\/2016\/06\/ebee658c8aa6cd0d98bcf6ff03239cb4.jpg","contentUrl":"https:\/\/pagina10.com\/web\/wp-content\/uploads\/2016\/06\/ebee658c8aa6cd0d98bcf6ff03239cb4.jpg","width":960,"height":540},{"@type":"BreadcrumbList","@id":"https:\/\/pagina10.com\/web\/pasto-a-tono-con-la-movilidad-sostenible\/#breadcrumb","itemListElement":[{"@type":"ListItem","position":1,"name":"Portada","item":"https:\/\/pagina10.com\/web\/"},{"@type":"ListItem","position":2,"name":"Pasto a tono con la movilidad sostenible"}]},{"@type":"WebSite","@id":"https:\/\/pagina10.com\/web\/#website","url":"https:\/\/pagina10.com\/web\/","name":"P\u00e1gina10","description":"Peri\u00f3dico Regional","publisher":{"@id":"https:\/\/pagina10.com\/web\/#organization"},"alternateName":"P\u00e1gina10 Peri\u00f3dico Regional","potentialAction":[{"@type":"SearchAction","target":{"@type":"EntryPoint","urlTemplate":"https:\/\/pagina10.com\/web\/?s={search_term_string}"},"query-input":{"@type":"PropertyValueSpecification","valueRequired":true,"valueName":"search_term_string"}}],"inLanguage":"es"},{"@type":"Organization","@id":"https:\/\/pagina10.com\/web\/#organization","name":"P\u00e1gina10","alternateName":"P\u00e1gina10 Peri\u00f3dico Regional","url":"https:\/\/pagina10.com\/web\/","logo":{"@type":"ImageObject","inLanguage":"es","@id":"https:\/\/pagina10.com\/web\/#\/schema\/logo\/image\/","url":"https:\/\/pagina10.com\/web\/wp-content\/uploads\/2024\/01\/40-pagina-10-periodico-regional-pasto.jpg","contentUrl":"https:\/\/pagina10.com\/web\/wp-content\/uploads\/2024\/01\/40-pagina-10-periodico-regional-pasto.jpg","width":1280,"height":720,"caption":"P\u00e1gina10"},"image":{"@id":"https:\/\/pagina10.com\/web\/#\/schema\/logo\/image\/"},"sameAs":["https:\/\/www.facebook.com\/pag10com","https:\/\/x.com\/Pag10com","https:\/\/www.instagram.com\/pagina10col\/","https:\/\/youtube.com\/channel\/pag10","https:\/\/www.tiktok.com\/@p10col"]},{"@type":"Person","@id":"https:\/\/pagina10.com\/web\/#\/schema\/person\/a7a5d38f0629dfc107f619fbae4f6cc3","name":"P\u00e1gina 10","description":"P\u00e1gina10.com es un peri\u00f3dico digital que nace en Colombia, en el departamento de Nari\u00f1o, con un enfoque global, fundamentado en cuatro pilares esenciales: la libertad, el pluralismo, la inclusi\u00f3n y la independencia. P\u00e1gina10.com hace referencia a Nari\u00f1o como el d\u00e9cimo departamento creado en Colombia, despu\u00e9s de un proceso pol\u00edtico liderado por actores y actrices regionales con el fin de obtener la independencia y autonom\u00eda de nuestros territorios. Con la creaci\u00f3n de P\u00e1gina10.com se pretende abrir un escenario para el dialogo, la reflexi\u00f3n y el debate que se extienda a otras geograf\u00edas de Am\u00e9rica Latina y del planeta, en una apuesta por transformar colectivamente los desaf\u00edos de un mundo contempor\u00e1neo, m\u00e1s all\u00e1 de las fronteras impuestas.","url":"https:\/\/pagina10.com\/web\/author\/mcepeda\/"}]}},"_links":{"self":[{"href":"https:\/\/pagina10.com\/web\/wp-json\/wp\/v2\/posts\/20702","targetHints":{"allow":["GET"]}}],"collection":[{"href":"https:\/\/pagina10.com\/web\/wp-json\/wp\/v2\/posts"}],"about":[{"href":"https:\/\/pagina10.com\/web\/wp-json\/wp\/v2\/types\/post"}],"author":[{"embeddable":true,"href":"https:\/\/pagina10.com\/web\/wp-json\/wp\/v2\/users\/29"}],"replies":[{"embeddable":true,"href":"https:\/\/pagina10.com\/web\/wp-json\/wp\/v2\/comments?post=20702"}],"version-history":[{"count":0,"href":"https:\/\/pagina10.com\/web\/wp-json\/wp\/v2\/posts\/20702\/revisions"}],"wp:featuredmedia":[{"embeddable":true,"href":"https:\/\/pagina10.com\/web\/wp-json\/wp\/v2\/media\/20701"}],"wp:attachment":[{"href":"https:\/\/pagina10.com\/web\/wp-json\/wp\/v2\/media?parent=20702"}],"wp:term":[{"taxonomy":"category","embeddable":true,"href":"https:\/\/pagina10.com\/web\/wp-json\/wp\/v2\/categories?post=20702"},{"taxonomy":"post_tag","embeddable":true,"href":"https:\/\/pagina10.com\/web\/wp-json\/wp\/v2\/tags?post=20702"}],"curies":[{"name":"wp","href":"https:\/\/api.w.org\/{rel}","templated":true}]}}