{"id":20706,"date":"2016-06-18T14:30:15","date_gmt":"2016-06-18T14:30:15","guid":{"rendered":"https:\/\/pagina10.com\/web\/si-hay-plata-para-cultura-narino-convocatoria-abierta\/"},"modified":"2016-06-18T14:30:15","modified_gmt":"2016-06-18T14:30:15","slug":"si-hay-plata-para-cultura-narino-convocatoria-abierta","status":"publish","type":"post","link":"https:\/\/pagina10.com\/web\/si-hay-plata-para-cultura-narino-convocatoria-abierta\/","title":{"rendered":"S\u00ed hay plata para Cultura-Nari\u00f1o. Convocatoria abierta"},"content":{"rendered":"<p><img fetchpriority=\"high\" decoding=\"async\" class=\" size-full wp-image-20705\" src=\"https:\/\/pagina10.com\/web\/wp-content\/uploads\/2016\/06\/254b2e98c56ed9fa4c2cc527494b24b7.jpg\" alt=\"\" width=\"960\" height=\"640\" srcset=\"https:\/\/pagina10.com\/web\/wp-content\/uploads\/2016\/06\/254b2e98c56ed9fa4c2cc527494b24b7.jpg 960w, https:\/\/pagina10.com\/web\/wp-content\/uploads\/2016\/06\/254b2e98c56ed9fa4c2cc527494b24b7-300x200.jpg 300w, https:\/\/pagina10.com\/web\/wp-content\/uploads\/2016\/06\/254b2e98c56ed9fa4c2cc527494b24b7-768x512.jpg 768w, https:\/\/pagina10.com\/web\/wp-content\/uploads\/2016\/06\/254b2e98c56ed9fa4c2cc527494b24b7-450x300.jpg 450w\" sizes=\"(max-width: 960px) 100vw, 960px\" \/><\/p>\n<div style=\"text-align: justify;\">\n<p>&nbsp;La Direcci\u00f3n Administrativa de Cultura de la Gobernaci\u00f3n de Nari\u00f1o dio apertura a la convocatoria p\u00fablica para cofinanciar proyectos presentados por el sector cultural de Nari\u00f1o. Con un presupuesto asignado de mil quinientos millones de pesos ($1.500.000.000.oo) este ejercicio de Nuevo Gobierno se constituye como un hecho hist\u00f3rico para la Cultura del departamento.<\/p>\n<p>&nbsp;<\/p>\n<p>Mil quinientos millones de pesos ($1.500.000.000.oo) es el monto asignado en 2016 para que artistas, investigadores, gestores, organizaciones e instituciones vinculadas al sector art\u00edstico y cultural del Departamento de Nari\u00f1o cofinancien sus proyectos.<\/p>\n<p>&nbsp;<\/p>\n<p>Con la firma del Decreto por parte del se\u00f1or Gobernador de Nari\u00f1o Camilo Romero Galeano, se implementa la primera fase del&nbsp;Programa Departamental de Est\u00edmulos y Apoyos Concertados dirigido a creadores, investigadores, gestores, organizaciones e instituciones vinculadas al sector art\u00edstico y cultural del departamento.<\/p>\n<p>&nbsp;<\/p>\n<p>\u201cEsta convocatoria es el resultado del mandato ciudadano&nbsp;plasmado en la Pol\u00edtica P\u00fablica de Cultura del Departamento (2012), de las propuestas planteadas en los Pactos Ciudadanos por la Cultura (2012 y 2015) y en las apuestas recogidas durante la construcci\u00f3n participativa del Plan de Desarrollo 2016-2019 \u201cNari\u00f1o Coraz\u00f3n del Mundo\u201d,&nbsp;a trav\u00e9s del cual&nbsp;se reconoce la importancia de estimular la investigaci\u00f3n, creaci\u00f3n, formaci\u00f3n y circulaci\u00f3n como fuentes primordiales del desarrollo cultural de Nari\u00f1o\u201d expres\u00f3 la&nbsp;Directora Administrativa de Cultura de Nari\u00f1o, Gloria Ximena Garz\u00f3n Guerrero.<\/p>\n<p>&nbsp;<\/p>\n<p>Las l\u00edneas para aplicar a esta convocatoria son:<\/p>\n<p>&nbsp;<\/p>\n<p>1.&nbsp;&nbsp;&nbsp;&nbsp;Investigaci\u00f3n, creaci\u00f3n, formaci\u00f3n y circulaci\u00f3n de manifestaciones art\u00edsticas y culturales.<\/p>\n<p>2.&nbsp;&nbsp;&nbsp;&nbsp;Proyectos encaminados a promover y fomentar en diferentes sectores poblacionales la lectura y escritura; as\u00ed como la dinamizaci\u00f3n de Bibliotecas P\u00fablicas municipales como espacios de creaci\u00f3n de contenidos, circulaci\u00f3n de ofertas culturales y apropiaci\u00f3n social de estos espacios.<\/p>\n<p>3.&nbsp;&nbsp;&nbsp;&nbsp;Proyectos culturales que promuevan la construcci\u00f3n de paz, la inclusi\u00f3n social y la equidad de g\u00e9nero.<\/p>\n<p>4.&nbsp;&nbsp;&nbsp;&nbsp;Proyectos encaminados a la formaci\u00f3n, creaci\u00f3n y circulaci\u00f3n de contenidos en el marco de la implementaci\u00f3n de la Pol\u00edtica P\u00fablica de Comunicaci\u00f3n de Nari\u00f1o.<\/p>\n<p>&nbsp;<\/p>\n<p>&nbsp;<\/p>\n<p>&nbsp;<\/p>\n<p align=\"center\">Apertura de la convocatoria: viernes 17 de junio<\/p>\n<p align=\"center\">Cierre de la convocatoria: martes 5 de julio<\/p>\n<p align=\"center\">Publicaci\u00f3n de resultados: martes 19 de julio<\/p>\n<p align=\"center\">Plazo para la ejecuci\u00f3n de proyectos: 31 de diciembre de 2016<\/p>\n<p align=\"center\">&nbsp;<\/p>\n<p>Se&nbsp;podr\u00e1n presentar&nbsp;hasta dos (2)&nbsp;proyectos por proponente. Se defini\u00f3 un monto m\u00e1ximo de cofinanciaci\u00f3n por propuesta presentada de treinta millones de pesos ($30.000.000.oo)<\/p>\n<p>&nbsp;<\/p>\n<p>&nbsp;<\/p>\n<p>\u00bfQui\u00e9nes pueden participar?<\/p>\n<p>&nbsp;<\/p>\n<p>La convocatoria est\u00e1 abierta para:<\/p>\n<p>&nbsp;<\/p>\n<ul>\n<li>Personas naturales mayores de dieciocho (18) a\u00f1os cuyo lugar de residencia sea cualquier municipio del Departamento de Nari\u00f1o.<\/li>\n<\/ul>\n<p>&nbsp;<\/p>\n<ul>\n<li>Personas naturales mayores de dieciocho (18) a\u00f1os nari\u00f1enses de nacimiento y que residan fuera del Departamento.<\/li>\n<\/ul>\n<p>&nbsp;<\/p>\n<ul>\n<li>Personas jur\u00eddicas de car\u00e1cter p\u00fablico o privado sin \u00e1nimo de lucro, con domicilio principal en cualquier municipio del departamento de Nari\u00f1o. Las personas jur\u00eddicas privadas deben tener como m\u00ednimo 6 meses de creaci\u00f3n anterior a la fecha de apertura de la convocatoria.<\/li>\n<\/ul>\n<p>&nbsp;<\/p>\n<ul>\n<li>Ciudadanos extranjeros mayores de dieciocho (18) a\u00f1os que acrediten residencia en los \u00faltimos cinco (5) a\u00f1os continuos en el Departamento de Nari\u00f1o, con la presentaci\u00f3n de c\u00e9dula de extranjer\u00eda o visa de residencia.<\/li>\n<\/ul>\n<p align=\"center\">&nbsp;<\/p>\n<p>Mayor informaci\u00f3n&nbsp;en el link:&nbsp;<a href=\"http:\/\/xn--nario-rta.gov.co\/inicio\/index.php\/sala-de-prensa\/noticias\/340-apertura-de-la-convocatoria-para-cofinanciar-propuestas-del-sector-cultural-de-narino\" target=\"_blank\" data-saferedirecturl=\"https:\/\/www.google.com\/url?hl=es&amp;q=http:\/\/xn--nario-rta.gov.co\/inicio\/index.php\/sala-de-prensa\/noticias\/340-apertura-de-la-convocatoria-para-cofinanciar-propuestas-del-sector-cultural-de-narino&amp;source=gmail&amp;ust=1466346271973000&amp;usg=AFQjCNEOumXz7gvDSMf6T8JPDkGFxu3FvA\"><\/a><a href=\"http:\/\/xn--nario-rta.gov.co\/\">http:\/\/xn--nario-rta.gov.co\/<\/a><wbr \/>inicio\/index.php\/sala-de-<wbr \/>prensa\/noticias\/340-apertura-<wbr \/>de-la-convocatoria-para-<wbr \/>cofinanciar-propuestas-del-<wbr \/>sector-cultural-de-narino.<\/p>\n<p>&nbsp;<\/p>\n<p>P\u00e1gina web:&nbsp;<a href=\"http:\/\/www.xn--nario-rta.gov.co\/\" target=\"_blank\" data-saferedirecturl=\"https:\/\/www.google.com\/url?hl=es&amp;q=http:\/\/www.xn--nario-rta.gov.co\/&amp;source=gmail&amp;ust=1466346271973000&amp;usg=AFQjCNF6VQlLMc8OdL7ZJaZ0dbtcYaHZEA\">www.nari\u00f1o.gov.co<\/a><\/p>\n<p>Direcci\u00f3n Administrativa de Cultura de Nari\u00f1o:<\/p>\n<p>Carrera 27 No. 12 &#8211; 89 Interior Museo Taminango &#8211; Barrio San Felipe, Pasto.<\/p>\n<p>7227225<\/p>\n<p><a href=\"mailto:culturanarino@gmail.com\" target=\"_blank\"><\/a><a href=\"mailto:culturanarino@gmail.com\">culturanarino@gmail.com<\/a><\/p>\n<p>Twitter: @dirculturanar<\/p>\n<p>Facebook: Cultura Nari\u00f1o<\/p>\n<\/p><\/div>\n<p style=\"text-align: justify;\">&#8212;&nbsp;<\/p>\n","protected":false},"excerpt":{"rendered":"<p>&nbsp;La Direcci\u00f3n Administrativa de Cultura de la Gobernaci\u00f3n de Nari\u00f1o dio apertura a la convocatoria p\u00fablica para cofinanciar proyectos presentados por el sector cultural de Nari\u00f1o. Con un presupuesto asignado de mil quinientos millones de pesos ($1.500.000.000.oo) este ejercicio de Nuevo Gobierno se constituye como un hecho hist\u00f3rico para la Cultura del departamento. &nbsp; Mil [&hellip;]<\/p>\n","protected":false},"author":29,"featured_media":20705,"comment_status":"open","ping_status":"open","sticky":false,"template":"","format":"standard","meta":{"footnotes":""},"categories":[1],"tags":[],"class_list":["post-20706","post","type-post","status-publish","format-standard","has-post-thumbnail","hentry","category-sin-categoria"],"yoast_head":"<!-- This site is optimized with the Yoast SEO plugin v27.1.1 - https:\/\/yoast.com\/product\/yoast-seo-wordpress\/ -->\n<title>S\u00ed hay plata para Cultura-Nari\u00f1o. Convocatoria abierta | P\u00e1gina10<\/title>\n<meta name=\"robots\" content=\"index, follow, max-snippet:-1, max-image-preview:large, max-video-preview:-1\" \/>\n<link rel=\"canonical\" href=\"https:\/\/pagina10.com\/web\/si-hay-plata-para-cultura-narino-convocatoria-abierta\/\" \/>\n<meta property=\"og:locale\" content=\"es_ES\" \/>\n<meta property=\"og:type\" content=\"article\" \/>\n<meta property=\"og:title\" content=\"S\u00ed hay plata para Cultura-Nari\u00f1o. Convocatoria abierta | P\u00e1gina10\" \/>\n<meta property=\"og:description\" content=\"&nbsp;La Direcci\u00f3n Administrativa de Cultura de la Gobernaci\u00f3n de Nari\u00f1o dio apertura a la convocatoria p\u00fablica para cofinanciar proyectos presentados por el sector cultural de Nari\u00f1o. Con un presupuesto asignado de mil quinientos millones de pesos ($1.500.000.000.oo) este ejercicio de Nuevo Gobierno se constituye como un hecho hist\u00f3rico para la Cultura del departamento. &nbsp; Mil [&hellip;]\" \/>\n<meta property=\"og:url\" content=\"https:\/\/pagina10.com\/web\/si-hay-plata-para-cultura-narino-convocatoria-abierta\/\" \/>\n<meta property=\"og:site_name\" content=\"P\u00e1gina10\" \/>\n<meta property=\"article:publisher\" content=\"https:\/\/www.facebook.com\/pag10com\" \/>\n<meta property=\"article:published_time\" content=\"2016-06-18T14:30:15+00:00\" \/>\n<meta property=\"og:image\" content=\"https:\/\/pagina10.com\/web\/wp-content\/uploads\/2016\/06\/254b2e98c56ed9fa4c2cc527494b24b7.jpg\" \/>\n\t<meta property=\"og:image:width\" content=\"960\" \/>\n\t<meta property=\"og:image:height\" content=\"640\" \/>\n\t<meta property=\"og:image:type\" content=\"image\/jpeg\" \/>\n<meta name=\"author\" content=\"P\u00e1gina 10\" \/>\n<meta name=\"twitter:card\" content=\"summary_large_image\" \/>\n<meta name=\"twitter:creator\" content=\"@Pag10com\" \/>\n<meta name=\"twitter:site\" content=\"@Pag10com\" \/>\n<meta name=\"twitter:label1\" content=\"Escrito por\" \/>\n\t<meta name=\"twitter:data1\" content=\"P\u00e1gina 10\" \/>\n\t<meta name=\"twitter:label2\" content=\"Tiempo de lectura\" \/>\n\t<meta name=\"twitter:data2\" content=\"3 minutos\" \/>\n<script type=\"application\/ld+json\" class=\"yoast-schema-graph\">{\"@context\":\"https:\/\/schema.org\",\"@graph\":[{\"@type\":\"Article\",\"@id\":\"https:\/\/pagina10.com\/web\/si-hay-plata-para-cultura-narino-convocatoria-abierta\/#article\",\"isPartOf\":{\"@id\":\"https:\/\/pagina10.com\/web\/si-hay-plata-para-cultura-narino-convocatoria-abierta\/\"},\"author\":{\"name\":\"P\u00e1gina 10\",\"@id\":\"https:\/\/pagina10.com\/web\/#\/schema\/person\/a7a5d38f0629dfc107f619fbae4f6cc3\"},\"headline\":\"S\u00ed hay plata para Cultura-Nari\u00f1o. Convocatoria abierta\",\"datePublished\":\"2016-06-18T14:30:15+00:00\",\"mainEntityOfPage\":{\"@id\":\"https:\/\/pagina10.com\/web\/si-hay-plata-para-cultura-narino-convocatoria-abierta\/\"},\"wordCount\":651,\"commentCount\":0,\"publisher\":{\"@id\":\"https:\/\/pagina10.com\/web\/#organization\"},\"image\":{\"@id\":\"https:\/\/pagina10.com\/web\/si-hay-plata-para-cultura-narino-convocatoria-abierta\/#primaryimage\"},\"thumbnailUrl\":\"https:\/\/pagina10.com\/web\/wp-content\/uploads\/2016\/06\/254b2e98c56ed9fa4c2cc527494b24b7.jpg\",\"inLanguage\":\"es\",\"potentialAction\":[{\"@type\":\"CommentAction\",\"name\":\"Comment\",\"target\":[\"https:\/\/pagina10.com\/web\/si-hay-plata-para-cultura-narino-convocatoria-abierta\/#respond\"]}]},{\"@type\":\"WebPage\",\"@id\":\"https:\/\/pagina10.com\/web\/si-hay-plata-para-cultura-narino-convocatoria-abierta\/\",\"url\":\"https:\/\/pagina10.com\/web\/si-hay-plata-para-cultura-narino-convocatoria-abierta\/\",\"name\":\"S\u00ed hay plata para Cultura-Nari\u00f1o. Convocatoria abierta | P\u00e1gina10\",\"isPartOf\":{\"@id\":\"https:\/\/pagina10.com\/web\/#website\"},\"primaryImageOfPage\":{\"@id\":\"https:\/\/pagina10.com\/web\/si-hay-plata-para-cultura-narino-convocatoria-abierta\/#primaryimage\"},\"image\":{\"@id\":\"https:\/\/pagina10.com\/web\/si-hay-plata-para-cultura-narino-convocatoria-abierta\/#primaryimage\"},\"thumbnailUrl\":\"https:\/\/pagina10.com\/web\/wp-content\/uploads\/2016\/06\/254b2e98c56ed9fa4c2cc527494b24b7.jpg\",\"datePublished\":\"2016-06-18T14:30:15+00:00\",\"breadcrumb\":{\"@id\":\"https:\/\/pagina10.com\/web\/si-hay-plata-para-cultura-narino-convocatoria-abierta\/#breadcrumb\"},\"inLanguage\":\"es\",\"potentialAction\":[{\"@type\":\"ReadAction\",\"target\":[\"https:\/\/pagina10.com\/web\/si-hay-plata-para-cultura-narino-convocatoria-abierta\/\"]}]},{\"@type\":\"ImageObject\",\"inLanguage\":\"es\",\"@id\":\"https:\/\/pagina10.com\/web\/si-hay-plata-para-cultura-narino-convocatoria-abierta\/#primaryimage\",\"url\":\"https:\/\/pagina10.com\/web\/wp-content\/uploads\/2016\/06\/254b2e98c56ed9fa4c2cc527494b24b7.jpg\",\"contentUrl\":\"https:\/\/pagina10.com\/web\/wp-content\/uploads\/2016\/06\/254b2e98c56ed9fa4c2cc527494b24b7.jpg\",\"width\":960,\"height\":640},{\"@type\":\"BreadcrumbList\",\"@id\":\"https:\/\/pagina10.com\/web\/si-hay-plata-para-cultura-narino-convocatoria-abierta\/#breadcrumb\",\"itemListElement\":[{\"@type\":\"ListItem\",\"position\":1,\"name\":\"Portada\",\"item\":\"https:\/\/pagina10.com\/web\/\"},{\"@type\":\"ListItem\",\"position\":2,\"name\":\"S\u00ed hay plata para Cultura-Nari\u00f1o. Convocatoria abierta\"}]},{\"@type\":\"WebSite\",\"@id\":\"https:\/\/pagina10.com\/web\/#website\",\"url\":\"https:\/\/pagina10.com\/web\/\",\"name\":\"P\u00e1gina10\",\"description\":\"Peri\u00f3dico Regional\",\"publisher\":{\"@id\":\"https:\/\/pagina10.com\/web\/#organization\"},\"alternateName\":\"P\u00e1gina10 Peri\u00f3dico Regional\",\"potentialAction\":[{\"@type\":\"SearchAction\",\"target\":{\"@type\":\"EntryPoint\",\"urlTemplate\":\"https:\/\/pagina10.com\/web\/?s={search_term_string}\"},\"query-input\":{\"@type\":\"PropertyValueSpecification\",\"valueRequired\":true,\"valueName\":\"search_term_string\"}}],\"inLanguage\":\"es\"},{\"@type\":\"Organization\",\"@id\":\"https:\/\/pagina10.com\/web\/#organization\",\"name\":\"P\u00e1gina10\",\"alternateName\":\"P\u00e1gina10 Peri\u00f3dico Regional\",\"url\":\"https:\/\/pagina10.com\/web\/\",\"logo\":{\"@type\":\"ImageObject\",\"inLanguage\":\"es\",\"@id\":\"https:\/\/pagina10.com\/web\/#\/schema\/logo\/image\/\",\"url\":\"https:\/\/pagina10.com\/web\/wp-content\/uploads\/2024\/01\/40-pagina-10-periodico-regional-pasto.jpg\",\"contentUrl\":\"https:\/\/pagina10.com\/web\/wp-content\/uploads\/2024\/01\/40-pagina-10-periodico-regional-pasto.jpg\",\"width\":1280,\"height\":720,\"caption\":\"P\u00e1gina10\"},\"image\":{\"@id\":\"https:\/\/pagina10.com\/web\/#\/schema\/logo\/image\/\"},\"sameAs\":[\"https:\/\/www.facebook.com\/pag10com\",\"https:\/\/x.com\/Pag10com\",\"https:\/\/www.instagram.com\/pagina10col\/\",\"https:\/\/youtube.com\/channel\/pag10\",\"https:\/\/www.tiktok.com\/@p10col\"]},{\"@type\":\"Person\",\"@id\":\"https:\/\/pagina10.com\/web\/#\/schema\/person\/a7a5d38f0629dfc107f619fbae4f6cc3\",\"name\":\"P\u00e1gina 10\",\"description\":\"P\u00e1gina10.com es un peri\u00f3dico digital que nace en Colombia, en el departamento de Nari\u00f1o, con un enfoque global, fundamentado en cuatro pilares esenciales: la libertad, el pluralismo, la inclusi\u00f3n y la independencia. P\u00e1gina10.com hace referencia a Nari\u00f1o como el d\u00e9cimo departamento creado en Colombia, despu\u00e9s de un proceso pol\u00edtico liderado por actores y actrices regionales con el fin de obtener la independencia y autonom\u00eda de nuestros territorios. Con la creaci\u00f3n de P\u00e1gina10.com se pretende abrir un escenario para el dialogo, la reflexi\u00f3n y el debate que se extienda a otras geograf\u00edas de Am\u00e9rica Latina y del planeta, en una apuesta por transformar colectivamente los desaf\u00edos de un mundo contempor\u00e1neo, m\u00e1s all\u00e1 de las fronteras impuestas.\",\"url\":\"https:\/\/pagina10.com\/web\/author\/mcepeda\/\"}]}<\/script>\n<!-- \/ Yoast SEO plugin. -->","yoast_head_json":{"title":"S\u00ed hay plata para Cultura-Nari\u00f1o. Convocatoria abierta | P\u00e1gina10","robots":{"index":"index","follow":"follow","max-snippet":"max-snippet:-1","max-image-preview":"max-image-preview:large","max-video-preview":"max-video-preview:-1"},"canonical":"https:\/\/pagina10.com\/web\/si-hay-plata-para-cultura-narino-convocatoria-abierta\/","og_locale":"es_ES","og_type":"article","og_title":"S\u00ed hay plata para Cultura-Nari\u00f1o. Convocatoria abierta | P\u00e1gina10","og_description":"&nbsp;La Direcci\u00f3n Administrativa de Cultura de la Gobernaci\u00f3n de Nari\u00f1o dio apertura a la convocatoria p\u00fablica para cofinanciar proyectos presentados por el sector cultural de Nari\u00f1o. Con un presupuesto asignado de mil quinientos millones de pesos ($1.500.000.000.oo) este ejercicio de Nuevo Gobierno se constituye como un hecho hist\u00f3rico para la Cultura del departamento. &nbsp; Mil [&hellip;]","og_url":"https:\/\/pagina10.com\/web\/si-hay-plata-para-cultura-narino-convocatoria-abierta\/","og_site_name":"P\u00e1gina10","article_publisher":"https:\/\/www.facebook.com\/pag10com","article_published_time":"2016-06-18T14:30:15+00:00","og_image":[{"width":960,"height":640,"url":"https:\/\/pagina10.com\/web\/wp-content\/uploads\/2016\/06\/254b2e98c56ed9fa4c2cc527494b24b7.jpg","type":"image\/jpeg"}],"author":"P\u00e1gina 10","twitter_card":"summary_large_image","twitter_creator":"@Pag10com","twitter_site":"@Pag10com","twitter_misc":{"Escrito por":"P\u00e1gina 10","Tiempo de lectura":"3 minutos"},"schema":{"@context":"https:\/\/schema.org","@graph":[{"@type":"Article","@id":"https:\/\/pagina10.com\/web\/si-hay-plata-para-cultura-narino-convocatoria-abierta\/#article","isPartOf":{"@id":"https:\/\/pagina10.com\/web\/si-hay-plata-para-cultura-narino-convocatoria-abierta\/"},"author":{"name":"P\u00e1gina 10","@id":"https:\/\/pagina10.com\/web\/#\/schema\/person\/a7a5d38f0629dfc107f619fbae4f6cc3"},"headline":"S\u00ed hay plata para Cultura-Nari\u00f1o. Convocatoria abierta","datePublished":"2016-06-18T14:30:15+00:00","mainEntityOfPage":{"@id":"https:\/\/pagina10.com\/web\/si-hay-plata-para-cultura-narino-convocatoria-abierta\/"},"wordCount":651,"commentCount":0,"publisher":{"@id":"https:\/\/pagina10.com\/web\/#organization"},"image":{"@id":"https:\/\/pagina10.com\/web\/si-hay-plata-para-cultura-narino-convocatoria-abierta\/#primaryimage"},"thumbnailUrl":"https:\/\/pagina10.com\/web\/wp-content\/uploads\/2016\/06\/254b2e98c56ed9fa4c2cc527494b24b7.jpg","inLanguage":"es","potentialAction":[{"@type":"CommentAction","name":"Comment","target":["https:\/\/pagina10.com\/web\/si-hay-plata-para-cultura-narino-convocatoria-abierta\/#respond"]}]},{"@type":"WebPage","@id":"https:\/\/pagina10.com\/web\/si-hay-plata-para-cultura-narino-convocatoria-abierta\/","url":"https:\/\/pagina10.com\/web\/si-hay-plata-para-cultura-narino-convocatoria-abierta\/","name":"S\u00ed hay plata para Cultura-Nari\u00f1o. Convocatoria abierta | P\u00e1gina10","isPartOf":{"@id":"https:\/\/pagina10.com\/web\/#website"},"primaryImageOfPage":{"@id":"https:\/\/pagina10.com\/web\/si-hay-plata-para-cultura-narino-convocatoria-abierta\/#primaryimage"},"image":{"@id":"https:\/\/pagina10.com\/web\/si-hay-plata-para-cultura-narino-convocatoria-abierta\/#primaryimage"},"thumbnailUrl":"https:\/\/pagina10.com\/web\/wp-content\/uploads\/2016\/06\/254b2e98c56ed9fa4c2cc527494b24b7.jpg","datePublished":"2016-06-18T14:30:15+00:00","breadcrumb":{"@id":"https:\/\/pagina10.com\/web\/si-hay-plata-para-cultura-narino-convocatoria-abierta\/#breadcrumb"},"inLanguage":"es","potentialAction":[{"@type":"ReadAction","target":["https:\/\/pagina10.com\/web\/si-hay-plata-para-cultura-narino-convocatoria-abierta\/"]}]},{"@type":"ImageObject","inLanguage":"es","@id":"https:\/\/pagina10.com\/web\/si-hay-plata-para-cultura-narino-convocatoria-abierta\/#primaryimage","url":"https:\/\/pagina10.com\/web\/wp-content\/uploads\/2016\/06\/254b2e98c56ed9fa4c2cc527494b24b7.jpg","contentUrl":"https:\/\/pagina10.com\/web\/wp-content\/uploads\/2016\/06\/254b2e98c56ed9fa4c2cc527494b24b7.jpg","width":960,"height":640},{"@type":"BreadcrumbList","@id":"https:\/\/pagina10.com\/web\/si-hay-plata-para-cultura-narino-convocatoria-abierta\/#breadcrumb","itemListElement":[{"@type":"ListItem","position":1,"name":"Portada","item":"https:\/\/pagina10.com\/web\/"},{"@type":"ListItem","position":2,"name":"S\u00ed hay plata para Cultura-Nari\u00f1o. Convocatoria abierta"}]},{"@type":"WebSite","@id":"https:\/\/pagina10.com\/web\/#website","url":"https:\/\/pagina10.com\/web\/","name":"P\u00e1gina10","description":"Peri\u00f3dico Regional","publisher":{"@id":"https:\/\/pagina10.com\/web\/#organization"},"alternateName":"P\u00e1gina10 Peri\u00f3dico Regional","potentialAction":[{"@type":"SearchAction","target":{"@type":"EntryPoint","urlTemplate":"https:\/\/pagina10.com\/web\/?s={search_term_string}"},"query-input":{"@type":"PropertyValueSpecification","valueRequired":true,"valueName":"search_term_string"}}],"inLanguage":"es"},{"@type":"Organization","@id":"https:\/\/pagina10.com\/web\/#organization","name":"P\u00e1gina10","alternateName":"P\u00e1gina10 Peri\u00f3dico Regional","url":"https:\/\/pagina10.com\/web\/","logo":{"@type":"ImageObject","inLanguage":"es","@id":"https:\/\/pagina10.com\/web\/#\/schema\/logo\/image\/","url":"https:\/\/pagina10.com\/web\/wp-content\/uploads\/2024\/01\/40-pagina-10-periodico-regional-pasto.jpg","contentUrl":"https:\/\/pagina10.com\/web\/wp-content\/uploads\/2024\/01\/40-pagina-10-periodico-regional-pasto.jpg","width":1280,"height":720,"caption":"P\u00e1gina10"},"image":{"@id":"https:\/\/pagina10.com\/web\/#\/schema\/logo\/image\/"},"sameAs":["https:\/\/www.facebook.com\/pag10com","https:\/\/x.com\/Pag10com","https:\/\/www.instagram.com\/pagina10col\/","https:\/\/youtube.com\/channel\/pag10","https:\/\/www.tiktok.com\/@p10col"]},{"@type":"Person","@id":"https:\/\/pagina10.com\/web\/#\/schema\/person\/a7a5d38f0629dfc107f619fbae4f6cc3","name":"P\u00e1gina 10","description":"P\u00e1gina10.com es un peri\u00f3dico digital que nace en Colombia, en el departamento de Nari\u00f1o, con un enfoque global, fundamentado en cuatro pilares esenciales: la libertad, el pluralismo, la inclusi\u00f3n y la independencia. P\u00e1gina10.com hace referencia a Nari\u00f1o como el d\u00e9cimo departamento creado en Colombia, despu\u00e9s de un proceso pol\u00edtico liderado por actores y actrices regionales con el fin de obtener la independencia y autonom\u00eda de nuestros territorios. Con la creaci\u00f3n de P\u00e1gina10.com se pretende abrir un escenario para el dialogo, la reflexi\u00f3n y el debate que se extienda a otras geograf\u00edas de Am\u00e9rica Latina y del planeta, en una apuesta por transformar colectivamente los desaf\u00edos de un mundo contempor\u00e1neo, m\u00e1s all\u00e1 de las fronteras impuestas.","url":"https:\/\/pagina10.com\/web\/author\/mcepeda\/"}]}},"_links":{"self":[{"href":"https:\/\/pagina10.com\/web\/wp-json\/wp\/v2\/posts\/20706","targetHints":{"allow":["GET"]}}],"collection":[{"href":"https:\/\/pagina10.com\/web\/wp-json\/wp\/v2\/posts"}],"about":[{"href":"https:\/\/pagina10.com\/web\/wp-json\/wp\/v2\/types\/post"}],"author":[{"embeddable":true,"href":"https:\/\/pagina10.com\/web\/wp-json\/wp\/v2\/users\/29"}],"replies":[{"embeddable":true,"href":"https:\/\/pagina10.com\/web\/wp-json\/wp\/v2\/comments?post=20706"}],"version-history":[{"count":0,"href":"https:\/\/pagina10.com\/web\/wp-json\/wp\/v2\/posts\/20706\/revisions"}],"wp:featuredmedia":[{"embeddable":true,"href":"https:\/\/pagina10.com\/web\/wp-json\/wp\/v2\/media\/20705"}],"wp:attachment":[{"href":"https:\/\/pagina10.com\/web\/wp-json\/wp\/v2\/media?parent=20706"}],"wp:term":[{"taxonomy":"category","embeddable":true,"href":"https:\/\/pagina10.com\/web\/wp-json\/wp\/v2\/categories?post=20706"},{"taxonomy":"post_tag","embeddable":true,"href":"https:\/\/pagina10.com\/web\/wp-json\/wp\/v2\/tags?post=20706"}],"curies":[{"name":"wp","href":"https:\/\/api.w.org\/{rel}","templated":true}]}}