{"id":21567,"date":"2016-10-14T13:27:14","date_gmt":"2016-10-14T13:27:14","guid":{"rendered":"https:\/\/pagina10.com\/web\/convenio-para-implementacion-de-proyecto-de-desarrollo-rural-mejorara-calidad-de-vida-de-7-municipios-de-narino\/"},"modified":"2016-10-14T13:27:14","modified_gmt":"2016-10-14T13:27:14","slug":"convenio-para-implementacion-de-proyecto-de-desarrollo-rural-mejorara-calidad-de-vida-de-7-municipios-de-narino","status":"publish","type":"post","link":"https:\/\/pagina10.com\/web\/convenio-para-implementacion-de-proyecto-de-desarrollo-rural-mejorara-calidad-de-vida-de-7-municipios-de-narino\/","title":{"rendered":"Convenio para implementaci\u00f3n de proyecto de desarrollo rural mejorar\u00e1 calidad de vida de 7 municipios de Nari\u00f1o"},"content":{"rendered":"<p><img fetchpriority=\"high\" decoding=\"async\" class=\" size-full wp-image-21566\" src=\"https:\/\/pagina10.com\/web\/wp-content\/uploads\/2016\/10\/7552e3158cb13e0a2327b86410224531.jpg\" alt=\"\" width=\"1280\" height=\"720\" srcset=\"https:\/\/pagina10.com\/web\/wp-content\/uploads\/2016\/10\/7552e3158cb13e0a2327b86410224531.jpg 1280w, https:\/\/pagina10.com\/web\/wp-content\/uploads\/2016\/10\/7552e3158cb13e0a2327b86410224531-300x169.jpg 300w, https:\/\/pagina10.com\/web\/wp-content\/uploads\/2016\/10\/7552e3158cb13e0a2327b86410224531-1024x576.jpg 1024w, https:\/\/pagina10.com\/web\/wp-content\/uploads\/2016\/10\/7552e3158cb13e0a2327b86410224531-768x432.jpg 768w\" sizes=\"(max-width: 1280px) 100vw, 1280px\" \/><\/p>\n<p style=\"text-align: justify;\">La Gobernaci\u00f3n de Nari\u00f1o, La Embajada de Canad\u00e1 y la Organizaci\u00f3n Internacional para las Migraciones \u2013 OIM &#8211; firmaron convenio para la implementaci\u00f3n del proyecto de Desarrollo Rural con Enfoque territorial para el Postconflicto en la Subregi\u00f3n del R\u00edo Mayo \u2013 DRET-.<\/p>\n<p style=\"text-align: justify;\">Este proyecto beneficiar\u00e1 a m\u00e1s de 2000 peque\u00f1os productores en los municipios de: Tabl\u00f3n de G\u00f3mez, San Jos\u00e9 de Alb\u00e1n, San Bernardo, Bel\u00e9n, La Cruz, San Pablo, y Col\u00f3n \u2013 G\u00e9nova.<\/p>\n<p style=\"text-align: justify;\">El Desarrollo Rural con Enfoque Territorial pretende mejorar las condiciones sociales y econ\u00f3micas de la poblaci\u00f3n, a trav\u00e9s del incremento de la generaci\u00f3n de ingresos en zonas emblem\u00e1ticas generando compromisos, no solo desde la institucionalidad, sino desde los participantes del proyecto para garantizar el sostenimiento de las acciones.<\/p>\n<p style=\"text-align: justify;\">Diego Olegario Arcos, Gobernador Encargado, manifest\u00f3 &#8220;los compromisos dentro del acuerdo con respecto a los aportes por parte de la Gobernaci\u00f3n de Nari\u00f1o son de 3.000 millones de pesos. Por parte de la Organizaci\u00f3n Internacional para las Migraciones OIM se dispone de un total de 3.800 millones, de los cuales 3.000 millones son el aporte de la OIM para la cofinanciaci\u00f3n de los proyectos denominados insignia y 800 millones est\u00e1n destinados para la cofinanciaci\u00f3n de los proyectos denominados como bienes p\u00fablicos que corresponden al aporte del gobierno canadiense&#8221;.<\/p>\n<p style=\"text-align: justify;\">Ryan Clark, Director de la Cooperaci\u00f3n de la Embajada de Canad\u00e1, a\u00f1adi\u00f3 que &#8220;el acuerdo es la oportunidad para seguir trabajando juntos y mejorar el desarrollo en Nari\u00f1o. Me consta que el gobernador est\u00e1 bastante comprometido con el proyecto. Estamos satisfechos con eso y esperamos seguir trabajando con ellos. Esta es la primera vez que trabajamos con el gobernador, pero no ser\u00e1 la \u00faltima&#8221;.<\/p>\n<p style=\"text-align: justify;\">Por su parte, Fernando Calado Director del Programa Misi\u00f3n OIM-Colombia subray\u00f3 que &#8220;esta alianza es muy importante para brindar apoyo a los productores de la regi\u00f3n del Rio Mayo, trabajaremos con 1350 productores generando alianzas p\u00fablico-privadas alrededor de unas cadenas productivas que permitan a peque\u00f1os agricultores que se encuentran por debajo de la l\u00ednea de extrema pobreza, y as\u00ed mejorar su capacidad de ingresos y poder acceder a servicios p\u00fablicos rurales y asistencia t\u00e9cnica para la producci\u00f3n&#8221;, adem\u00e1s, coment\u00f3 que &#8220;la Gobernaci\u00f3n de Nari\u00f1o es un aliado clave para aunar esas voluntades y poder agregar cofinanciadores a este proceso&#8221;.<\/p>\n<p style=\"text-align: justify;\">&#8220;Nosotros, como la mayor\u00eda de municipios del departamento, somos un municipio rural y es donde se encuentra la comunidad m\u00e1s vulnerable. Por eso es indispensable que todas las acciones que recibimos est\u00e9n encaminadas hacia el desarrollo rural de nuestras tierras y de nuestra gente. Esperamos que, con estos esfuerzos mancomunados entre gobernaci\u00f3n, OIM, Canad\u00e1 y municipios, podamos sacar adelante estos importantes proyectos que benefician a nuestro campo&#8221;, reconoci\u00f3 el Alcalde del Municipio de La Cruz, Rom\u00e1n Palacios.<\/p>\n","protected":false},"excerpt":{"rendered":"<p>La Gobernaci\u00f3n de Nari\u00f1o, La Embajada de Canad\u00e1 y la Organizaci\u00f3n Internacional para las Migraciones \u2013 OIM &#8211; firmaron convenio para la implementaci\u00f3n del proyecto de Desarrollo Rural con Enfoque territorial para el Postconflicto en la Subregi\u00f3n del R\u00edo Mayo \u2013 DRET-. Este proyecto beneficiar\u00e1 a m\u00e1s de 2000 peque\u00f1os productores en los municipios de: [&hellip;]<\/p>\n","protected":false},"author":29,"featured_media":21566,"comment_status":"open","ping_status":"open","sticky":false,"template":"","format":"standard","meta":{"footnotes":""},"categories":[1],"tags":[],"class_list":["post-21567","post","type-post","status-publish","format-standard","has-post-thumbnail","hentry","category-sin-categoria"],"yoast_head":"<!-- This site is optimized with the Yoast SEO plugin v27.1.1 - https:\/\/yoast.com\/product\/yoast-seo-wordpress\/ -->\n<title>Convenio para implementaci\u00f3n de proyecto de desarrollo rural mejorar\u00e1 calidad de vida de 7 municipios de Nari\u00f1o | P\u00e1gina10<\/title>\n<meta name=\"robots\" content=\"index, follow, max-snippet:-1, max-image-preview:large, max-video-preview:-1\" \/>\n<link rel=\"canonical\" href=\"https:\/\/pagina10.com\/web\/convenio-para-implementacion-de-proyecto-de-desarrollo-rural-mejorara-calidad-de-vida-de-7-municipios-de-narino\/\" \/>\n<meta property=\"og:locale\" content=\"es_ES\" \/>\n<meta property=\"og:type\" content=\"article\" \/>\n<meta property=\"og:title\" content=\"Convenio para implementaci\u00f3n de proyecto de desarrollo rural mejorar\u00e1 calidad de vida de 7 municipios de Nari\u00f1o | P\u00e1gina10\" \/>\n<meta property=\"og:description\" content=\"La Gobernaci\u00f3n de Nari\u00f1o, La Embajada de Canad\u00e1 y la Organizaci\u00f3n Internacional para las Migraciones \u2013 OIM &#8211; firmaron convenio para la implementaci\u00f3n del proyecto de Desarrollo Rural con Enfoque territorial para el Postconflicto en la Subregi\u00f3n del R\u00edo Mayo \u2013 DRET-. Este proyecto beneficiar\u00e1 a m\u00e1s de 2000 peque\u00f1os productores en los municipios de: [&hellip;]\" \/>\n<meta property=\"og:url\" content=\"https:\/\/pagina10.com\/web\/convenio-para-implementacion-de-proyecto-de-desarrollo-rural-mejorara-calidad-de-vida-de-7-municipios-de-narino\/\" \/>\n<meta property=\"og:site_name\" content=\"P\u00e1gina10\" \/>\n<meta property=\"article:publisher\" content=\"https:\/\/www.facebook.com\/pag10com\" \/>\n<meta property=\"article:published_time\" content=\"2016-10-14T13:27:14+00:00\" \/>\n<meta property=\"og:image\" content=\"https:\/\/pagina10.com\/web\/wp-content\/uploads\/2016\/10\/7552e3158cb13e0a2327b86410224531.jpg\" \/>\n\t<meta property=\"og:image:width\" content=\"1280\" \/>\n\t<meta property=\"og:image:height\" content=\"720\" \/>\n\t<meta property=\"og:image:type\" content=\"image\/jpeg\" \/>\n<meta name=\"author\" content=\"P\u00e1gina 10\" \/>\n<meta name=\"twitter:card\" content=\"summary_large_image\" \/>\n<meta name=\"twitter:creator\" content=\"@Pag10com\" \/>\n<meta name=\"twitter:site\" content=\"@Pag10com\" \/>\n<meta name=\"twitter:label1\" content=\"Escrito por\" \/>\n\t<meta name=\"twitter:data1\" content=\"P\u00e1gina 10\" \/>\n\t<meta name=\"twitter:label2\" content=\"Tiempo de lectura\" \/>\n\t<meta name=\"twitter:data2\" content=\"2 minutos\" \/>\n<script type=\"application\/ld+json\" class=\"yoast-schema-graph\">{\"@context\":\"https:\/\/schema.org\",\"@graph\":[{\"@type\":\"Article\",\"@id\":\"https:\/\/pagina10.com\/web\/convenio-para-implementacion-de-proyecto-de-desarrollo-rural-mejorara-calidad-de-vida-de-7-municipios-de-narino\/#article\",\"isPartOf\":{\"@id\":\"https:\/\/pagina10.com\/web\/convenio-para-implementacion-de-proyecto-de-desarrollo-rural-mejorara-calidad-de-vida-de-7-municipios-de-narino\/\"},\"author\":{\"name\":\"P\u00e1gina 10\",\"@id\":\"https:\/\/pagina10.com\/web\/#\/schema\/person\/a7a5d38f0629dfc107f619fbae4f6cc3\"},\"headline\":\"Convenio para implementaci\u00f3n de proyecto de desarrollo rural mejorar\u00e1 calidad de vida de 7 municipios de Nari\u00f1o\",\"datePublished\":\"2016-10-14T13:27:14+00:00\",\"mainEntityOfPage\":{\"@id\":\"https:\/\/pagina10.com\/web\/convenio-para-implementacion-de-proyecto-de-desarrollo-rural-mejorara-calidad-de-vida-de-7-municipios-de-narino\/\"},\"wordCount\":503,\"commentCount\":0,\"publisher\":{\"@id\":\"https:\/\/pagina10.com\/web\/#organization\"},\"image\":{\"@id\":\"https:\/\/pagina10.com\/web\/convenio-para-implementacion-de-proyecto-de-desarrollo-rural-mejorara-calidad-de-vida-de-7-municipios-de-narino\/#primaryimage\"},\"thumbnailUrl\":\"https:\/\/pagina10.com\/web\/wp-content\/uploads\/2016\/10\/7552e3158cb13e0a2327b86410224531.jpg\",\"inLanguage\":\"es\",\"potentialAction\":[{\"@type\":\"CommentAction\",\"name\":\"Comment\",\"target\":[\"https:\/\/pagina10.com\/web\/convenio-para-implementacion-de-proyecto-de-desarrollo-rural-mejorara-calidad-de-vida-de-7-municipios-de-narino\/#respond\"]}]},{\"@type\":\"WebPage\",\"@id\":\"https:\/\/pagina10.com\/web\/convenio-para-implementacion-de-proyecto-de-desarrollo-rural-mejorara-calidad-de-vida-de-7-municipios-de-narino\/\",\"url\":\"https:\/\/pagina10.com\/web\/convenio-para-implementacion-de-proyecto-de-desarrollo-rural-mejorara-calidad-de-vida-de-7-municipios-de-narino\/\",\"name\":\"Convenio para implementaci\u00f3n de proyecto de desarrollo rural mejorar\u00e1 calidad de vida de 7 municipios de Nari\u00f1o | P\u00e1gina10\",\"isPartOf\":{\"@id\":\"https:\/\/pagina10.com\/web\/#website\"},\"primaryImageOfPage\":{\"@id\":\"https:\/\/pagina10.com\/web\/convenio-para-implementacion-de-proyecto-de-desarrollo-rural-mejorara-calidad-de-vida-de-7-municipios-de-narino\/#primaryimage\"},\"image\":{\"@id\":\"https:\/\/pagina10.com\/web\/convenio-para-implementacion-de-proyecto-de-desarrollo-rural-mejorara-calidad-de-vida-de-7-municipios-de-narino\/#primaryimage\"},\"thumbnailUrl\":\"https:\/\/pagina10.com\/web\/wp-content\/uploads\/2016\/10\/7552e3158cb13e0a2327b86410224531.jpg\",\"datePublished\":\"2016-10-14T13:27:14+00:00\",\"breadcrumb\":{\"@id\":\"https:\/\/pagina10.com\/web\/convenio-para-implementacion-de-proyecto-de-desarrollo-rural-mejorara-calidad-de-vida-de-7-municipios-de-narino\/#breadcrumb\"},\"inLanguage\":\"es\",\"potentialAction\":[{\"@type\":\"ReadAction\",\"target\":[\"https:\/\/pagina10.com\/web\/convenio-para-implementacion-de-proyecto-de-desarrollo-rural-mejorara-calidad-de-vida-de-7-municipios-de-narino\/\"]}]},{\"@type\":\"ImageObject\",\"inLanguage\":\"es\",\"@id\":\"https:\/\/pagina10.com\/web\/convenio-para-implementacion-de-proyecto-de-desarrollo-rural-mejorara-calidad-de-vida-de-7-municipios-de-narino\/#primaryimage\",\"url\":\"https:\/\/pagina10.com\/web\/wp-content\/uploads\/2016\/10\/7552e3158cb13e0a2327b86410224531.jpg\",\"contentUrl\":\"https:\/\/pagina10.com\/web\/wp-content\/uploads\/2016\/10\/7552e3158cb13e0a2327b86410224531.jpg\",\"width\":1280,\"height\":720},{\"@type\":\"BreadcrumbList\",\"@id\":\"https:\/\/pagina10.com\/web\/convenio-para-implementacion-de-proyecto-de-desarrollo-rural-mejorara-calidad-de-vida-de-7-municipios-de-narino\/#breadcrumb\",\"itemListElement\":[{\"@type\":\"ListItem\",\"position\":1,\"name\":\"Portada\",\"item\":\"https:\/\/pagina10.com\/web\/\"},{\"@type\":\"ListItem\",\"position\":2,\"name\":\"Convenio para implementaci\u00f3n de proyecto de desarrollo rural mejorar\u00e1 calidad de vida de 7 municipios de Nari\u00f1o\"}]},{\"@type\":\"WebSite\",\"@id\":\"https:\/\/pagina10.com\/web\/#website\",\"url\":\"https:\/\/pagina10.com\/web\/\",\"name\":\"P\u00e1gina10\",\"description\":\"Peri\u00f3dico Regional\",\"publisher\":{\"@id\":\"https:\/\/pagina10.com\/web\/#organization\"},\"alternateName\":\"P\u00e1gina10 Peri\u00f3dico Regional\",\"potentialAction\":[{\"@type\":\"SearchAction\",\"target\":{\"@type\":\"EntryPoint\",\"urlTemplate\":\"https:\/\/pagina10.com\/web\/?s={search_term_string}\"},\"query-input\":{\"@type\":\"PropertyValueSpecification\",\"valueRequired\":true,\"valueName\":\"search_term_string\"}}],\"inLanguage\":\"es\"},{\"@type\":\"Organization\",\"@id\":\"https:\/\/pagina10.com\/web\/#organization\",\"name\":\"P\u00e1gina10\",\"alternateName\":\"P\u00e1gina10 Peri\u00f3dico Regional\",\"url\":\"https:\/\/pagina10.com\/web\/\",\"logo\":{\"@type\":\"ImageObject\",\"inLanguage\":\"es\",\"@id\":\"https:\/\/pagina10.com\/web\/#\/schema\/logo\/image\/\",\"url\":\"https:\/\/pagina10.com\/web\/wp-content\/uploads\/2024\/01\/40-pagina-10-periodico-regional-pasto.jpg\",\"contentUrl\":\"https:\/\/pagina10.com\/web\/wp-content\/uploads\/2024\/01\/40-pagina-10-periodico-regional-pasto.jpg\",\"width\":1280,\"height\":720,\"caption\":\"P\u00e1gina10\"},\"image\":{\"@id\":\"https:\/\/pagina10.com\/web\/#\/schema\/logo\/image\/\"},\"sameAs\":[\"https:\/\/www.facebook.com\/pag10com\",\"https:\/\/x.com\/Pag10com\",\"https:\/\/www.instagram.com\/pagina10col\/\",\"https:\/\/youtube.com\/channel\/pag10\",\"https:\/\/www.tiktok.com\/@p10col\"]},{\"@type\":\"Person\",\"@id\":\"https:\/\/pagina10.com\/web\/#\/schema\/person\/a7a5d38f0629dfc107f619fbae4f6cc3\",\"name\":\"P\u00e1gina 10\",\"description\":\"P\u00e1gina10.com es un peri\u00f3dico digital que nace en Colombia, en el departamento de Nari\u00f1o, con un enfoque global, fundamentado en cuatro pilares esenciales: la libertad, el pluralismo, la inclusi\u00f3n y la independencia. P\u00e1gina10.com hace referencia a Nari\u00f1o como el d\u00e9cimo departamento creado en Colombia, despu\u00e9s de un proceso pol\u00edtico liderado por actores y actrices regionales con el fin de obtener la independencia y autonom\u00eda de nuestros territorios. Con la creaci\u00f3n de P\u00e1gina10.com se pretende abrir un escenario para el dialogo, la reflexi\u00f3n y el debate que se extienda a otras geograf\u00edas de Am\u00e9rica Latina y del planeta, en una apuesta por transformar colectivamente los desaf\u00edos de un mundo contempor\u00e1neo, m\u00e1s all\u00e1 de las fronteras impuestas.\",\"url\":\"https:\/\/pagina10.com\/web\/author\/mcepeda\/\"}]}<\/script>\n<!-- \/ Yoast SEO plugin. -->","yoast_head_json":{"title":"Convenio para implementaci\u00f3n de proyecto de desarrollo rural mejorar\u00e1 calidad de vida de 7 municipios de Nari\u00f1o | P\u00e1gina10","robots":{"index":"index","follow":"follow","max-snippet":"max-snippet:-1","max-image-preview":"max-image-preview:large","max-video-preview":"max-video-preview:-1"},"canonical":"https:\/\/pagina10.com\/web\/convenio-para-implementacion-de-proyecto-de-desarrollo-rural-mejorara-calidad-de-vida-de-7-municipios-de-narino\/","og_locale":"es_ES","og_type":"article","og_title":"Convenio para implementaci\u00f3n de proyecto de desarrollo rural mejorar\u00e1 calidad de vida de 7 municipios de Nari\u00f1o | P\u00e1gina10","og_description":"La Gobernaci\u00f3n de Nari\u00f1o, La Embajada de Canad\u00e1 y la Organizaci\u00f3n Internacional para las Migraciones \u2013 OIM &#8211; firmaron convenio para la implementaci\u00f3n del proyecto de Desarrollo Rural con Enfoque territorial para el Postconflicto en la Subregi\u00f3n del R\u00edo Mayo \u2013 DRET-. Este proyecto beneficiar\u00e1 a m\u00e1s de 2000 peque\u00f1os productores en los municipios de: [&hellip;]","og_url":"https:\/\/pagina10.com\/web\/convenio-para-implementacion-de-proyecto-de-desarrollo-rural-mejorara-calidad-de-vida-de-7-municipios-de-narino\/","og_site_name":"P\u00e1gina10","article_publisher":"https:\/\/www.facebook.com\/pag10com","article_published_time":"2016-10-14T13:27:14+00:00","og_image":[{"width":1280,"height":720,"url":"https:\/\/pagina10.com\/web\/wp-content\/uploads\/2016\/10\/7552e3158cb13e0a2327b86410224531.jpg","type":"image\/jpeg"}],"author":"P\u00e1gina 10","twitter_card":"summary_large_image","twitter_creator":"@Pag10com","twitter_site":"@Pag10com","twitter_misc":{"Escrito por":"P\u00e1gina 10","Tiempo de lectura":"2 minutos"},"schema":{"@context":"https:\/\/schema.org","@graph":[{"@type":"Article","@id":"https:\/\/pagina10.com\/web\/convenio-para-implementacion-de-proyecto-de-desarrollo-rural-mejorara-calidad-de-vida-de-7-municipios-de-narino\/#article","isPartOf":{"@id":"https:\/\/pagina10.com\/web\/convenio-para-implementacion-de-proyecto-de-desarrollo-rural-mejorara-calidad-de-vida-de-7-municipios-de-narino\/"},"author":{"name":"P\u00e1gina 10","@id":"https:\/\/pagina10.com\/web\/#\/schema\/person\/a7a5d38f0629dfc107f619fbae4f6cc3"},"headline":"Convenio para implementaci\u00f3n de proyecto de desarrollo rural mejorar\u00e1 calidad de vida de 7 municipios de Nari\u00f1o","datePublished":"2016-10-14T13:27:14+00:00","mainEntityOfPage":{"@id":"https:\/\/pagina10.com\/web\/convenio-para-implementacion-de-proyecto-de-desarrollo-rural-mejorara-calidad-de-vida-de-7-municipios-de-narino\/"},"wordCount":503,"commentCount":0,"publisher":{"@id":"https:\/\/pagina10.com\/web\/#organization"},"image":{"@id":"https:\/\/pagina10.com\/web\/convenio-para-implementacion-de-proyecto-de-desarrollo-rural-mejorara-calidad-de-vida-de-7-municipios-de-narino\/#primaryimage"},"thumbnailUrl":"https:\/\/pagina10.com\/web\/wp-content\/uploads\/2016\/10\/7552e3158cb13e0a2327b86410224531.jpg","inLanguage":"es","potentialAction":[{"@type":"CommentAction","name":"Comment","target":["https:\/\/pagina10.com\/web\/convenio-para-implementacion-de-proyecto-de-desarrollo-rural-mejorara-calidad-de-vida-de-7-municipios-de-narino\/#respond"]}]},{"@type":"WebPage","@id":"https:\/\/pagina10.com\/web\/convenio-para-implementacion-de-proyecto-de-desarrollo-rural-mejorara-calidad-de-vida-de-7-municipios-de-narino\/","url":"https:\/\/pagina10.com\/web\/convenio-para-implementacion-de-proyecto-de-desarrollo-rural-mejorara-calidad-de-vida-de-7-municipios-de-narino\/","name":"Convenio para implementaci\u00f3n de proyecto de desarrollo rural mejorar\u00e1 calidad de vida de 7 municipios de Nari\u00f1o | P\u00e1gina10","isPartOf":{"@id":"https:\/\/pagina10.com\/web\/#website"},"primaryImageOfPage":{"@id":"https:\/\/pagina10.com\/web\/convenio-para-implementacion-de-proyecto-de-desarrollo-rural-mejorara-calidad-de-vida-de-7-municipios-de-narino\/#primaryimage"},"image":{"@id":"https:\/\/pagina10.com\/web\/convenio-para-implementacion-de-proyecto-de-desarrollo-rural-mejorara-calidad-de-vida-de-7-municipios-de-narino\/#primaryimage"},"thumbnailUrl":"https:\/\/pagina10.com\/web\/wp-content\/uploads\/2016\/10\/7552e3158cb13e0a2327b86410224531.jpg","datePublished":"2016-10-14T13:27:14+00:00","breadcrumb":{"@id":"https:\/\/pagina10.com\/web\/convenio-para-implementacion-de-proyecto-de-desarrollo-rural-mejorara-calidad-de-vida-de-7-municipios-de-narino\/#breadcrumb"},"inLanguage":"es","potentialAction":[{"@type":"ReadAction","target":["https:\/\/pagina10.com\/web\/convenio-para-implementacion-de-proyecto-de-desarrollo-rural-mejorara-calidad-de-vida-de-7-municipios-de-narino\/"]}]},{"@type":"ImageObject","inLanguage":"es","@id":"https:\/\/pagina10.com\/web\/convenio-para-implementacion-de-proyecto-de-desarrollo-rural-mejorara-calidad-de-vida-de-7-municipios-de-narino\/#primaryimage","url":"https:\/\/pagina10.com\/web\/wp-content\/uploads\/2016\/10\/7552e3158cb13e0a2327b86410224531.jpg","contentUrl":"https:\/\/pagina10.com\/web\/wp-content\/uploads\/2016\/10\/7552e3158cb13e0a2327b86410224531.jpg","width":1280,"height":720},{"@type":"BreadcrumbList","@id":"https:\/\/pagina10.com\/web\/convenio-para-implementacion-de-proyecto-de-desarrollo-rural-mejorara-calidad-de-vida-de-7-municipios-de-narino\/#breadcrumb","itemListElement":[{"@type":"ListItem","position":1,"name":"Portada","item":"https:\/\/pagina10.com\/web\/"},{"@type":"ListItem","position":2,"name":"Convenio para implementaci\u00f3n de proyecto de desarrollo rural mejorar\u00e1 calidad de vida de 7 municipios de Nari\u00f1o"}]},{"@type":"WebSite","@id":"https:\/\/pagina10.com\/web\/#website","url":"https:\/\/pagina10.com\/web\/","name":"P\u00e1gina10","description":"Peri\u00f3dico Regional","publisher":{"@id":"https:\/\/pagina10.com\/web\/#organization"},"alternateName":"P\u00e1gina10 Peri\u00f3dico Regional","potentialAction":[{"@type":"SearchAction","target":{"@type":"EntryPoint","urlTemplate":"https:\/\/pagina10.com\/web\/?s={search_term_string}"},"query-input":{"@type":"PropertyValueSpecification","valueRequired":true,"valueName":"search_term_string"}}],"inLanguage":"es"},{"@type":"Organization","@id":"https:\/\/pagina10.com\/web\/#organization","name":"P\u00e1gina10","alternateName":"P\u00e1gina10 Peri\u00f3dico Regional","url":"https:\/\/pagina10.com\/web\/","logo":{"@type":"ImageObject","inLanguage":"es","@id":"https:\/\/pagina10.com\/web\/#\/schema\/logo\/image\/","url":"https:\/\/pagina10.com\/web\/wp-content\/uploads\/2024\/01\/40-pagina-10-periodico-regional-pasto.jpg","contentUrl":"https:\/\/pagina10.com\/web\/wp-content\/uploads\/2024\/01\/40-pagina-10-periodico-regional-pasto.jpg","width":1280,"height":720,"caption":"P\u00e1gina10"},"image":{"@id":"https:\/\/pagina10.com\/web\/#\/schema\/logo\/image\/"},"sameAs":["https:\/\/www.facebook.com\/pag10com","https:\/\/x.com\/Pag10com","https:\/\/www.instagram.com\/pagina10col\/","https:\/\/youtube.com\/channel\/pag10","https:\/\/www.tiktok.com\/@p10col"]},{"@type":"Person","@id":"https:\/\/pagina10.com\/web\/#\/schema\/person\/a7a5d38f0629dfc107f619fbae4f6cc3","name":"P\u00e1gina 10","description":"P\u00e1gina10.com es un peri\u00f3dico digital que nace en Colombia, en el departamento de Nari\u00f1o, con un enfoque global, fundamentado en cuatro pilares esenciales: la libertad, el pluralismo, la inclusi\u00f3n y la independencia. P\u00e1gina10.com hace referencia a Nari\u00f1o como el d\u00e9cimo departamento creado en Colombia, despu\u00e9s de un proceso pol\u00edtico liderado por actores y actrices regionales con el fin de obtener la independencia y autonom\u00eda de nuestros territorios. Con la creaci\u00f3n de P\u00e1gina10.com se pretende abrir un escenario para el dialogo, la reflexi\u00f3n y el debate que se extienda a otras geograf\u00edas de Am\u00e9rica Latina y del planeta, en una apuesta por transformar colectivamente los desaf\u00edos de un mundo contempor\u00e1neo, m\u00e1s all\u00e1 de las fronteras impuestas.","url":"https:\/\/pagina10.com\/web\/author\/mcepeda\/"}]}},"_links":{"self":[{"href":"https:\/\/pagina10.com\/web\/wp-json\/wp\/v2\/posts\/21567","targetHints":{"allow":["GET"]}}],"collection":[{"href":"https:\/\/pagina10.com\/web\/wp-json\/wp\/v2\/posts"}],"about":[{"href":"https:\/\/pagina10.com\/web\/wp-json\/wp\/v2\/types\/post"}],"author":[{"embeddable":true,"href":"https:\/\/pagina10.com\/web\/wp-json\/wp\/v2\/users\/29"}],"replies":[{"embeddable":true,"href":"https:\/\/pagina10.com\/web\/wp-json\/wp\/v2\/comments?post=21567"}],"version-history":[{"count":0,"href":"https:\/\/pagina10.com\/web\/wp-json\/wp\/v2\/posts\/21567\/revisions"}],"wp:featuredmedia":[{"embeddable":true,"href":"https:\/\/pagina10.com\/web\/wp-json\/wp\/v2\/media\/21566"}],"wp:attachment":[{"href":"https:\/\/pagina10.com\/web\/wp-json\/wp\/v2\/media?parent=21567"}],"wp:term":[{"taxonomy":"category","embeddable":true,"href":"https:\/\/pagina10.com\/web\/wp-json\/wp\/v2\/categories?post=21567"},{"taxonomy":"post_tag","embeddable":true,"href":"https:\/\/pagina10.com\/web\/wp-json\/wp\/v2\/tags?post=21567"}],"curies":[{"name":"wp","href":"https:\/\/api.w.org\/{rel}","templated":true}]}}