{"id":21705,"date":"2016-10-14T00:15:28","date_gmt":"2016-10-14T00:15:28","guid":{"rendered":"https:\/\/pagina10.com\/web\/fenalco-celebra-el-dia-nacional-del-tendero-este-domingo-16-de-octubre\/"},"modified":"2016-10-14T00:15:28","modified_gmt":"2016-10-14T00:15:28","slug":"fenalco-celebra-el-dia-nacional-del-tendero-este-domingo-16-de-octubre","status":"publish","type":"post","link":"https:\/\/pagina10.com\/web\/fenalco-celebra-el-dia-nacional-del-tendero-este-domingo-16-de-octubre\/","title":{"rendered":"Fenalco celebra el d\u00eda Nacional del Tendero, este domingo 16 de octubre"},"content":{"rendered":"<p><img fetchpriority=\"high\" decoding=\"async\" class=\" size-full wp-image-21704\" src=\"https:\/\/pagina10.com\/web\/wp-content\/uploads\/2016\/10\/df15268804d48eb8a1a3df2a43f42055.jpg\" alt=\"\" width=\"259\" height=\"194\" srcset=\"https:\/\/pagina10.com\/web\/wp-content\/uploads\/2016\/10\/df15268804d48eb8a1a3df2a43f42055.jpg 259w, https:\/\/pagina10.com\/web\/wp-content\/uploads\/2016\/10\/df15268804d48eb8a1a3df2a43f42055-86x64.jpg 86w\" sizes=\"(max-width: 259px) 100vw, 259px\" \/><\/p>\n<p style=\"text-align: justify;\">Fenalco Nari\u00f1o junto a sus empresas afiliadas se preparan a celebrar el D\u00eda Nacional del Tendero, este domingo 16 de octubre en las instalaciones del Coliseo Sergio Antonio Ruano de Pasto.<\/p>\n<p style=\"text-align: justify;\">La jornada tendr\u00e1, como es tradici\u00f3n espect\u00e1culos musicales, ofertas, descuentos especiales y servicios ofrecidos a los m\u00e1s de 2000 tenderos que cada a\u00f1o asisten a este evento.<\/p>\n<p style=\"text-align: justify;\">La directora ejecutiva de Fenalco en la regi\u00f3n Eugenia Zarama Carvajal manifest\u00f3 que esta celebraci\u00f3n constituye un apoyo y reconocimiento a la labor de los tenderos como engranaje principal de la cadena comercial y dinamizadores de la econom\u00eda.<\/p>\n<p style=\"text-align: justify;\">&#8220;Invitamos a los tenderos de la regi\u00f3n a que nos acompa\u00f1en en esta jornada a partir de las 10 de la ma\u00f1ana y que nos permitan reconocerles esa labor tan importante en la comunidad, tendremos artistas invitados como El Dueto Quite\u00f1o y Javier Acosta, adem\u00e1s de rifas, promociones especiales y obsequios de nuestros afiliados&#8221;, indic\u00f3 la directiva.<\/p>\n","protected":false},"excerpt":{"rendered":"<p>Fenalco Nari\u00f1o junto a sus empresas afiliadas se preparan a celebrar el D\u00eda Nacional del Tendero, este domingo 16 de octubre en las instalaciones del Coliseo Sergio Antonio Ruano de Pasto. La jornada tendr\u00e1, como es tradici\u00f3n espect\u00e1culos musicales, ofertas, descuentos especiales y servicios ofrecidos a los m\u00e1s de 2000 tenderos que cada a\u00f1o asisten [&hellip;]<\/p>\n","protected":false},"author":29,"featured_media":21704,"comment_status":"open","ping_status":"open","sticky":false,"template":"","format":"standard","meta":{"footnotes":""},"categories":[1],"tags":[],"class_list":["post-21705","post","type-post","status-publish","format-standard","has-post-thumbnail","hentry","category-sin-categoria"],"yoast_head":"<!-- This site is optimized with the Yoast SEO plugin v27.1.1 - https:\/\/yoast.com\/product\/yoast-seo-wordpress\/ -->\n<title>Fenalco celebra el d\u00eda Nacional del Tendero, este domingo 16 de octubre | P\u00e1gina10<\/title>\n<meta name=\"robots\" content=\"index, follow, max-snippet:-1, max-image-preview:large, max-video-preview:-1\" \/>\n<link rel=\"canonical\" href=\"https:\/\/pagina10.com\/web\/fenalco-celebra-el-dia-nacional-del-tendero-este-domingo-16-de-octubre\/\" \/>\n<meta property=\"og:locale\" content=\"es_ES\" \/>\n<meta property=\"og:type\" content=\"article\" \/>\n<meta property=\"og:title\" content=\"Fenalco celebra el d\u00eda Nacional del Tendero, este domingo 16 de octubre | P\u00e1gina10\" \/>\n<meta property=\"og:description\" content=\"Fenalco Nari\u00f1o junto a sus empresas afiliadas se preparan a celebrar el D\u00eda Nacional del Tendero, este domingo 16 de octubre en las instalaciones del Coliseo Sergio Antonio Ruano de Pasto. La jornada tendr\u00e1, como es tradici\u00f3n espect\u00e1culos musicales, ofertas, descuentos especiales y servicios ofrecidos a los m\u00e1s de 2000 tenderos que cada a\u00f1o asisten [&hellip;]\" \/>\n<meta property=\"og:url\" content=\"https:\/\/pagina10.com\/web\/fenalco-celebra-el-dia-nacional-del-tendero-este-domingo-16-de-octubre\/\" \/>\n<meta property=\"og:site_name\" content=\"P\u00e1gina10\" \/>\n<meta property=\"article:publisher\" content=\"https:\/\/www.facebook.com\/pag10com\" \/>\n<meta property=\"article:published_time\" content=\"2016-10-14T00:15:28+00:00\" \/>\n<meta property=\"og:image\" content=\"https:\/\/pagina10.com\/web\/wp-content\/uploads\/2016\/10\/df15268804d48eb8a1a3df2a43f42055.jpg\" \/>\n\t<meta property=\"og:image:width\" content=\"259\" \/>\n\t<meta property=\"og:image:height\" content=\"194\" \/>\n\t<meta property=\"og:image:type\" content=\"image\/jpeg\" \/>\n<meta name=\"author\" content=\"P\u00e1gina 10\" \/>\n<meta name=\"twitter:card\" content=\"summary_large_image\" \/>\n<meta name=\"twitter:creator\" content=\"@Pag10com\" \/>\n<meta name=\"twitter:site\" content=\"@Pag10com\" \/>\n<meta name=\"twitter:label1\" content=\"Escrito por\" \/>\n\t<meta name=\"twitter:data1\" content=\"P\u00e1gina 10\" \/>\n\t<meta name=\"twitter:label2\" content=\"Tiempo de lectura\" \/>\n\t<meta name=\"twitter:data2\" content=\"1 minuto\" \/>\n<script type=\"application\/ld+json\" class=\"yoast-schema-graph\">{\"@context\":\"https:\/\/schema.org\",\"@graph\":[{\"@type\":\"Article\",\"@id\":\"https:\/\/pagina10.com\/web\/fenalco-celebra-el-dia-nacional-del-tendero-este-domingo-16-de-octubre\/#article\",\"isPartOf\":{\"@id\":\"https:\/\/pagina10.com\/web\/fenalco-celebra-el-dia-nacional-del-tendero-este-domingo-16-de-octubre\/\"},\"author\":{\"name\":\"P\u00e1gina 10\",\"@id\":\"https:\/\/pagina10.com\/web\/#\/schema\/person\/a7a5d38f0629dfc107f619fbae4f6cc3\"},\"headline\":\"Fenalco celebra el d\u00eda Nacional del Tendero, este domingo 16 de octubre\",\"datePublished\":\"2016-10-14T00:15:28+00:00\",\"mainEntityOfPage\":{\"@id\":\"https:\/\/pagina10.com\/web\/fenalco-celebra-el-dia-nacional-del-tendero-este-domingo-16-de-octubre\/\"},\"wordCount\":176,\"commentCount\":0,\"publisher\":{\"@id\":\"https:\/\/pagina10.com\/web\/#organization\"},\"image\":{\"@id\":\"https:\/\/pagina10.com\/web\/fenalco-celebra-el-dia-nacional-del-tendero-este-domingo-16-de-octubre\/#primaryimage\"},\"thumbnailUrl\":\"https:\/\/pagina10.com\/web\/wp-content\/uploads\/2016\/10\/df15268804d48eb8a1a3df2a43f42055.jpg\",\"inLanguage\":\"es\",\"potentialAction\":[{\"@type\":\"CommentAction\",\"name\":\"Comment\",\"target\":[\"https:\/\/pagina10.com\/web\/fenalco-celebra-el-dia-nacional-del-tendero-este-domingo-16-de-octubre\/#respond\"]}]},{\"@type\":\"WebPage\",\"@id\":\"https:\/\/pagina10.com\/web\/fenalco-celebra-el-dia-nacional-del-tendero-este-domingo-16-de-octubre\/\",\"url\":\"https:\/\/pagina10.com\/web\/fenalco-celebra-el-dia-nacional-del-tendero-este-domingo-16-de-octubre\/\",\"name\":\"Fenalco celebra el d\u00eda Nacional del Tendero, este domingo 16 de octubre | P\u00e1gina10\",\"isPartOf\":{\"@id\":\"https:\/\/pagina10.com\/web\/#website\"},\"primaryImageOfPage\":{\"@id\":\"https:\/\/pagina10.com\/web\/fenalco-celebra-el-dia-nacional-del-tendero-este-domingo-16-de-octubre\/#primaryimage\"},\"image\":{\"@id\":\"https:\/\/pagina10.com\/web\/fenalco-celebra-el-dia-nacional-del-tendero-este-domingo-16-de-octubre\/#primaryimage\"},\"thumbnailUrl\":\"https:\/\/pagina10.com\/web\/wp-content\/uploads\/2016\/10\/df15268804d48eb8a1a3df2a43f42055.jpg\",\"datePublished\":\"2016-10-14T00:15:28+00:00\",\"breadcrumb\":{\"@id\":\"https:\/\/pagina10.com\/web\/fenalco-celebra-el-dia-nacional-del-tendero-este-domingo-16-de-octubre\/#breadcrumb\"},\"inLanguage\":\"es\",\"potentialAction\":[{\"@type\":\"ReadAction\",\"target\":[\"https:\/\/pagina10.com\/web\/fenalco-celebra-el-dia-nacional-del-tendero-este-domingo-16-de-octubre\/\"]}]},{\"@type\":\"ImageObject\",\"inLanguage\":\"es\",\"@id\":\"https:\/\/pagina10.com\/web\/fenalco-celebra-el-dia-nacional-del-tendero-este-domingo-16-de-octubre\/#primaryimage\",\"url\":\"https:\/\/pagina10.com\/web\/wp-content\/uploads\/2016\/10\/df15268804d48eb8a1a3df2a43f42055.jpg\",\"contentUrl\":\"https:\/\/pagina10.com\/web\/wp-content\/uploads\/2016\/10\/df15268804d48eb8a1a3df2a43f42055.jpg\",\"width\":259,\"height\":194},{\"@type\":\"BreadcrumbList\",\"@id\":\"https:\/\/pagina10.com\/web\/fenalco-celebra-el-dia-nacional-del-tendero-este-domingo-16-de-octubre\/#breadcrumb\",\"itemListElement\":[{\"@type\":\"ListItem\",\"position\":1,\"name\":\"Portada\",\"item\":\"https:\/\/pagina10.com\/web\/\"},{\"@type\":\"ListItem\",\"position\":2,\"name\":\"Fenalco celebra el d\u00eda Nacional del Tendero, este domingo 16 de octubre\"}]},{\"@type\":\"WebSite\",\"@id\":\"https:\/\/pagina10.com\/web\/#website\",\"url\":\"https:\/\/pagina10.com\/web\/\",\"name\":\"P\u00e1gina10\",\"description\":\"Peri\u00f3dico Regional\",\"publisher\":{\"@id\":\"https:\/\/pagina10.com\/web\/#organization\"},\"alternateName\":\"P\u00e1gina10 Peri\u00f3dico Regional\",\"potentialAction\":[{\"@type\":\"SearchAction\",\"target\":{\"@type\":\"EntryPoint\",\"urlTemplate\":\"https:\/\/pagina10.com\/web\/?s={search_term_string}\"},\"query-input\":{\"@type\":\"PropertyValueSpecification\",\"valueRequired\":true,\"valueName\":\"search_term_string\"}}],\"inLanguage\":\"es\"},{\"@type\":\"Organization\",\"@id\":\"https:\/\/pagina10.com\/web\/#organization\",\"name\":\"P\u00e1gina10\",\"alternateName\":\"P\u00e1gina10 Peri\u00f3dico Regional\",\"url\":\"https:\/\/pagina10.com\/web\/\",\"logo\":{\"@type\":\"ImageObject\",\"inLanguage\":\"es\",\"@id\":\"https:\/\/pagina10.com\/web\/#\/schema\/logo\/image\/\",\"url\":\"https:\/\/pagina10.com\/web\/wp-content\/uploads\/2024\/01\/40-pagina-10-periodico-regional-pasto.jpg\",\"contentUrl\":\"https:\/\/pagina10.com\/web\/wp-content\/uploads\/2024\/01\/40-pagina-10-periodico-regional-pasto.jpg\",\"width\":1280,\"height\":720,\"caption\":\"P\u00e1gina10\"},\"image\":{\"@id\":\"https:\/\/pagina10.com\/web\/#\/schema\/logo\/image\/\"},\"sameAs\":[\"https:\/\/www.facebook.com\/pag10com\",\"https:\/\/x.com\/Pag10com\",\"https:\/\/www.instagram.com\/pagina10col\/\",\"https:\/\/youtube.com\/channel\/pag10\",\"https:\/\/www.tiktok.com\/@p10col\"]},{\"@type\":\"Person\",\"@id\":\"https:\/\/pagina10.com\/web\/#\/schema\/person\/a7a5d38f0629dfc107f619fbae4f6cc3\",\"name\":\"P\u00e1gina 10\",\"description\":\"P\u00e1gina10.com es un peri\u00f3dico digital que nace en Colombia, en el departamento de Nari\u00f1o, con un enfoque global, fundamentado en cuatro pilares esenciales: la libertad, el pluralismo, la inclusi\u00f3n y la independencia. P\u00e1gina10.com hace referencia a Nari\u00f1o como el d\u00e9cimo departamento creado en Colombia, despu\u00e9s de un proceso pol\u00edtico liderado por actores y actrices regionales con el fin de obtener la independencia y autonom\u00eda de nuestros territorios. Con la creaci\u00f3n de P\u00e1gina10.com se pretende abrir un escenario para el dialogo, la reflexi\u00f3n y el debate que se extienda a otras geograf\u00edas de Am\u00e9rica Latina y del planeta, en una apuesta por transformar colectivamente los desaf\u00edos de un mundo contempor\u00e1neo, m\u00e1s all\u00e1 de las fronteras impuestas.\",\"url\":\"https:\/\/pagina10.com\/web\/author\/mcepeda\/\"}]}<\/script>\n<!-- \/ Yoast SEO plugin. -->","yoast_head_json":{"title":"Fenalco celebra el d\u00eda Nacional del Tendero, este domingo 16 de octubre | P\u00e1gina10","robots":{"index":"index","follow":"follow","max-snippet":"max-snippet:-1","max-image-preview":"max-image-preview:large","max-video-preview":"max-video-preview:-1"},"canonical":"https:\/\/pagina10.com\/web\/fenalco-celebra-el-dia-nacional-del-tendero-este-domingo-16-de-octubre\/","og_locale":"es_ES","og_type":"article","og_title":"Fenalco celebra el d\u00eda Nacional del Tendero, este domingo 16 de octubre | P\u00e1gina10","og_description":"Fenalco Nari\u00f1o junto a sus empresas afiliadas se preparan a celebrar el D\u00eda Nacional del Tendero, este domingo 16 de octubre en las instalaciones del Coliseo Sergio Antonio Ruano de Pasto. La jornada tendr\u00e1, como es tradici\u00f3n espect\u00e1culos musicales, ofertas, descuentos especiales y servicios ofrecidos a los m\u00e1s de 2000 tenderos que cada a\u00f1o asisten [&hellip;]","og_url":"https:\/\/pagina10.com\/web\/fenalco-celebra-el-dia-nacional-del-tendero-este-domingo-16-de-octubre\/","og_site_name":"P\u00e1gina10","article_publisher":"https:\/\/www.facebook.com\/pag10com","article_published_time":"2016-10-14T00:15:28+00:00","og_image":[{"width":259,"height":194,"url":"https:\/\/pagina10.com\/web\/wp-content\/uploads\/2016\/10\/df15268804d48eb8a1a3df2a43f42055.jpg","type":"image\/jpeg"}],"author":"P\u00e1gina 10","twitter_card":"summary_large_image","twitter_creator":"@Pag10com","twitter_site":"@Pag10com","twitter_misc":{"Escrito por":"P\u00e1gina 10","Tiempo de lectura":"1 minuto"},"schema":{"@context":"https:\/\/schema.org","@graph":[{"@type":"Article","@id":"https:\/\/pagina10.com\/web\/fenalco-celebra-el-dia-nacional-del-tendero-este-domingo-16-de-octubre\/#article","isPartOf":{"@id":"https:\/\/pagina10.com\/web\/fenalco-celebra-el-dia-nacional-del-tendero-este-domingo-16-de-octubre\/"},"author":{"name":"P\u00e1gina 10","@id":"https:\/\/pagina10.com\/web\/#\/schema\/person\/a7a5d38f0629dfc107f619fbae4f6cc3"},"headline":"Fenalco celebra el d\u00eda Nacional del Tendero, este domingo 16 de octubre","datePublished":"2016-10-14T00:15:28+00:00","mainEntityOfPage":{"@id":"https:\/\/pagina10.com\/web\/fenalco-celebra-el-dia-nacional-del-tendero-este-domingo-16-de-octubre\/"},"wordCount":176,"commentCount":0,"publisher":{"@id":"https:\/\/pagina10.com\/web\/#organization"},"image":{"@id":"https:\/\/pagina10.com\/web\/fenalco-celebra-el-dia-nacional-del-tendero-este-domingo-16-de-octubre\/#primaryimage"},"thumbnailUrl":"https:\/\/pagina10.com\/web\/wp-content\/uploads\/2016\/10\/df15268804d48eb8a1a3df2a43f42055.jpg","inLanguage":"es","potentialAction":[{"@type":"CommentAction","name":"Comment","target":["https:\/\/pagina10.com\/web\/fenalco-celebra-el-dia-nacional-del-tendero-este-domingo-16-de-octubre\/#respond"]}]},{"@type":"WebPage","@id":"https:\/\/pagina10.com\/web\/fenalco-celebra-el-dia-nacional-del-tendero-este-domingo-16-de-octubre\/","url":"https:\/\/pagina10.com\/web\/fenalco-celebra-el-dia-nacional-del-tendero-este-domingo-16-de-octubre\/","name":"Fenalco celebra el d\u00eda Nacional del Tendero, este domingo 16 de octubre | P\u00e1gina10","isPartOf":{"@id":"https:\/\/pagina10.com\/web\/#website"},"primaryImageOfPage":{"@id":"https:\/\/pagina10.com\/web\/fenalco-celebra-el-dia-nacional-del-tendero-este-domingo-16-de-octubre\/#primaryimage"},"image":{"@id":"https:\/\/pagina10.com\/web\/fenalco-celebra-el-dia-nacional-del-tendero-este-domingo-16-de-octubre\/#primaryimage"},"thumbnailUrl":"https:\/\/pagina10.com\/web\/wp-content\/uploads\/2016\/10\/df15268804d48eb8a1a3df2a43f42055.jpg","datePublished":"2016-10-14T00:15:28+00:00","breadcrumb":{"@id":"https:\/\/pagina10.com\/web\/fenalco-celebra-el-dia-nacional-del-tendero-este-domingo-16-de-octubre\/#breadcrumb"},"inLanguage":"es","potentialAction":[{"@type":"ReadAction","target":["https:\/\/pagina10.com\/web\/fenalco-celebra-el-dia-nacional-del-tendero-este-domingo-16-de-octubre\/"]}]},{"@type":"ImageObject","inLanguage":"es","@id":"https:\/\/pagina10.com\/web\/fenalco-celebra-el-dia-nacional-del-tendero-este-domingo-16-de-octubre\/#primaryimage","url":"https:\/\/pagina10.com\/web\/wp-content\/uploads\/2016\/10\/df15268804d48eb8a1a3df2a43f42055.jpg","contentUrl":"https:\/\/pagina10.com\/web\/wp-content\/uploads\/2016\/10\/df15268804d48eb8a1a3df2a43f42055.jpg","width":259,"height":194},{"@type":"BreadcrumbList","@id":"https:\/\/pagina10.com\/web\/fenalco-celebra-el-dia-nacional-del-tendero-este-domingo-16-de-octubre\/#breadcrumb","itemListElement":[{"@type":"ListItem","position":1,"name":"Portada","item":"https:\/\/pagina10.com\/web\/"},{"@type":"ListItem","position":2,"name":"Fenalco celebra el d\u00eda Nacional del Tendero, este domingo 16 de octubre"}]},{"@type":"WebSite","@id":"https:\/\/pagina10.com\/web\/#website","url":"https:\/\/pagina10.com\/web\/","name":"P\u00e1gina10","description":"Peri\u00f3dico Regional","publisher":{"@id":"https:\/\/pagina10.com\/web\/#organization"},"alternateName":"P\u00e1gina10 Peri\u00f3dico Regional","potentialAction":[{"@type":"SearchAction","target":{"@type":"EntryPoint","urlTemplate":"https:\/\/pagina10.com\/web\/?s={search_term_string}"},"query-input":{"@type":"PropertyValueSpecification","valueRequired":true,"valueName":"search_term_string"}}],"inLanguage":"es"},{"@type":"Organization","@id":"https:\/\/pagina10.com\/web\/#organization","name":"P\u00e1gina10","alternateName":"P\u00e1gina10 Peri\u00f3dico Regional","url":"https:\/\/pagina10.com\/web\/","logo":{"@type":"ImageObject","inLanguage":"es","@id":"https:\/\/pagina10.com\/web\/#\/schema\/logo\/image\/","url":"https:\/\/pagina10.com\/web\/wp-content\/uploads\/2024\/01\/40-pagina-10-periodico-regional-pasto.jpg","contentUrl":"https:\/\/pagina10.com\/web\/wp-content\/uploads\/2024\/01\/40-pagina-10-periodico-regional-pasto.jpg","width":1280,"height":720,"caption":"P\u00e1gina10"},"image":{"@id":"https:\/\/pagina10.com\/web\/#\/schema\/logo\/image\/"},"sameAs":["https:\/\/www.facebook.com\/pag10com","https:\/\/x.com\/Pag10com","https:\/\/www.instagram.com\/pagina10col\/","https:\/\/youtube.com\/channel\/pag10","https:\/\/www.tiktok.com\/@p10col"]},{"@type":"Person","@id":"https:\/\/pagina10.com\/web\/#\/schema\/person\/a7a5d38f0629dfc107f619fbae4f6cc3","name":"P\u00e1gina 10","description":"P\u00e1gina10.com es un peri\u00f3dico digital que nace en Colombia, en el departamento de Nari\u00f1o, con un enfoque global, fundamentado en cuatro pilares esenciales: la libertad, el pluralismo, la inclusi\u00f3n y la independencia. P\u00e1gina10.com hace referencia a Nari\u00f1o como el d\u00e9cimo departamento creado en Colombia, despu\u00e9s de un proceso pol\u00edtico liderado por actores y actrices regionales con el fin de obtener la independencia y autonom\u00eda de nuestros territorios. Con la creaci\u00f3n de P\u00e1gina10.com se pretende abrir un escenario para el dialogo, la reflexi\u00f3n y el debate que se extienda a otras geograf\u00edas de Am\u00e9rica Latina y del planeta, en una apuesta por transformar colectivamente los desaf\u00edos de un mundo contempor\u00e1neo, m\u00e1s all\u00e1 de las fronteras impuestas.","url":"https:\/\/pagina10.com\/web\/author\/mcepeda\/"}]}},"_links":{"self":[{"href":"https:\/\/pagina10.com\/web\/wp-json\/wp\/v2\/posts\/21705","targetHints":{"allow":["GET"]}}],"collection":[{"href":"https:\/\/pagina10.com\/web\/wp-json\/wp\/v2\/posts"}],"about":[{"href":"https:\/\/pagina10.com\/web\/wp-json\/wp\/v2\/types\/post"}],"author":[{"embeddable":true,"href":"https:\/\/pagina10.com\/web\/wp-json\/wp\/v2\/users\/29"}],"replies":[{"embeddable":true,"href":"https:\/\/pagina10.com\/web\/wp-json\/wp\/v2\/comments?post=21705"}],"version-history":[{"count":0,"href":"https:\/\/pagina10.com\/web\/wp-json\/wp\/v2\/posts\/21705\/revisions"}],"wp:featuredmedia":[{"embeddable":true,"href":"https:\/\/pagina10.com\/web\/wp-json\/wp\/v2\/media\/21704"}],"wp:attachment":[{"href":"https:\/\/pagina10.com\/web\/wp-json\/wp\/v2\/media?parent=21705"}],"wp:term":[{"taxonomy":"category","embeddable":true,"href":"https:\/\/pagina10.com\/web\/wp-json\/wp\/v2\/categories?post=21705"},{"taxonomy":"post_tag","embeddable":true,"href":"https:\/\/pagina10.com\/web\/wp-json\/wp\/v2\/tags?post=21705"}],"curies":[{"name":"wp","href":"https:\/\/api.w.org\/{rel}","templated":true}]}}