{"id":21711,"date":"2016-10-16T16:56:42","date_gmt":"2016-10-16T16:56:42","guid":{"rendered":"https:\/\/pagina10.com\/web\/udenar-iniciara-proceso-de-construccion-nuevo-bloque-con-inversion-de-13-500-millones\/"},"modified":"2016-10-16T16:56:42","modified_gmt":"2016-10-16T16:56:42","slug":"udenar-iniciara-proceso-de-construccion-nuevo-bloque-con-inversion-de-13-500-millones","status":"publish","type":"post","link":"https:\/\/pagina10.com\/web\/udenar-iniciara-proceso-de-construccion-nuevo-bloque-con-inversion-de-13-500-millones\/","title":{"rendered":"Udenar iniciar\u00e1 proceso de construcci\u00f3n nuevo bloque con inversi\u00f3n de 13.500 millones"},"content":{"rendered":"<p><img fetchpriority=\"high\" decoding=\"async\" class=\" size-full wp-image-21710\" src=\"https:\/\/pagina10.com\/web\/wp-content\/uploads\/2016\/10\/1d40d55364a3bbec09e31d061ca59970.jpg\" alt=\"\" width=\"580\" height=\"201\" srcset=\"https:\/\/pagina10.com\/web\/wp-content\/uploads\/2016\/10\/1d40d55364a3bbec09e31d061ca59970.jpg 580w, https:\/\/pagina10.com\/web\/wp-content\/uploads\/2016\/10\/1d40d55364a3bbec09e31d061ca59970-300x104.jpg 300w\" sizes=\"(max-width: 580px) 100vw, 580px\" \/><\/p>\n<p style=\"text-align: justify;\">El Rector de la Universidad de Nari\u00f1o, Dr. Carlos Solarte Portilla, inform\u00f3 que en se iniciar\u00e1 el proceso de construcci\u00f3n del nuevo Bloque I, en el sector norte, con una inversi\u00f3n de 13.500 millones de pesos.<\/p>\n<p style=\"text-align: justify;\">Las primeras obras corresponden a la instalaci\u00f3n de redes hidr\u00e1ulicas y sanitarias, lo que a su vez permitir\u00e1 que la Universidad se conecte al sistema de Empopasto y con ello, ofrecer un manejo de residuos l\u00edquidos de manera m\u00e1s eficiente y amigable con el medio ambiente.<\/p>\n<p style=\"text-align: justify;\">Durante el tiempo de ejecuci\u00f3n de las obras se originar\u00e1n inevitables incomodidades, especialmente en la movilidad peatonal y vehicular, que se tratar\u00e1n de mitigar para que el impacto sea m\u00ednimo. Frente a esta circunstancia solicitamos respetuosamente a la comunidad Universitaria y en General, la m\u00e1xima comprensi\u00f3n y colaboraci\u00f3n, ya que se presentar\u00e1 una disminuci\u00f3n en espacio disponible para parquear veh\u00edculos. La capacidad m\u00e1xima disponible a partir del momento ser\u00e1 de 202 puestos para autom\u00f3viles, una vez se haya alcanzado ese n\u00famero, no se permitir\u00e1 el ingreso de m\u00e1s carros.<\/p>\n<p style=\"text-align: justify;\">Teniendo en cuenta este cambio temporal en la disponibilidad de parqueaderos, a los conductores solamente se permitir\u00e1 el ingreso con el carn\u00e9 institucional.<\/p>\n<p style=\"text-align: justify;\">Para el parqueo de motocicletas se adecuar\u00e1 un espacio adicional que estar\u00e1 al servicio la pr\u00f3xima semana, junto al bloque del programa de Ingenier\u00eda en Producci\u00f3n Acu\u00edcola.<\/p>\n","protected":false},"excerpt":{"rendered":"<p>El Rector de la Universidad de Nari\u00f1o, Dr. Carlos Solarte Portilla, inform\u00f3 que en se iniciar\u00e1 el proceso de construcci\u00f3n del nuevo Bloque I, en el sector norte, con una inversi\u00f3n de 13.500 millones de pesos. Las primeras obras corresponden a la instalaci\u00f3n de redes hidr\u00e1ulicas y sanitarias, lo que a su vez permitir\u00e1 que [&hellip;]<\/p>\n","protected":false},"author":29,"featured_media":21710,"comment_status":"open","ping_status":"open","sticky":false,"template":"","format":"standard","meta":{"footnotes":""},"categories":[1],"tags":[],"class_list":["post-21711","post","type-post","status-publish","format-standard","has-post-thumbnail","hentry","category-sin-categoria"],"yoast_head":"<!-- This site is optimized with the Yoast SEO plugin v27.1.1 - https:\/\/yoast.com\/product\/yoast-seo-wordpress\/ -->\n<title>Udenar iniciar\u00e1 proceso de construcci\u00f3n nuevo bloque con inversi\u00f3n de 13.500 millones | P\u00e1gina10<\/title>\n<meta name=\"robots\" content=\"index, follow, max-snippet:-1, max-image-preview:large, max-video-preview:-1\" \/>\n<link rel=\"canonical\" href=\"https:\/\/pagina10.com\/web\/udenar-iniciara-proceso-de-construccion-nuevo-bloque-con-inversion-de-13-500-millones\/\" \/>\n<meta property=\"og:locale\" content=\"es_ES\" \/>\n<meta property=\"og:type\" content=\"article\" \/>\n<meta property=\"og:title\" content=\"Udenar iniciar\u00e1 proceso de construcci\u00f3n nuevo bloque con inversi\u00f3n de 13.500 millones | P\u00e1gina10\" \/>\n<meta property=\"og:description\" content=\"El Rector de la Universidad de Nari\u00f1o, Dr. Carlos Solarte Portilla, inform\u00f3 que en se iniciar\u00e1 el proceso de construcci\u00f3n del nuevo Bloque I, en el sector norte, con una inversi\u00f3n de 13.500 millones de pesos. Las primeras obras corresponden a la instalaci\u00f3n de redes hidr\u00e1ulicas y sanitarias, lo que a su vez permitir\u00e1 que [&hellip;]\" \/>\n<meta property=\"og:url\" content=\"https:\/\/pagina10.com\/web\/udenar-iniciara-proceso-de-construccion-nuevo-bloque-con-inversion-de-13-500-millones\/\" \/>\n<meta property=\"og:site_name\" content=\"P\u00e1gina10\" \/>\n<meta property=\"article:publisher\" content=\"https:\/\/www.facebook.com\/pag10com\" \/>\n<meta property=\"article:published_time\" content=\"2016-10-16T16:56:42+00:00\" \/>\n<meta property=\"og:image\" content=\"https:\/\/pagina10.com\/web\/wp-content\/uploads\/2016\/10\/1d40d55364a3bbec09e31d061ca59970.jpg\" \/>\n\t<meta property=\"og:image:width\" content=\"580\" \/>\n\t<meta property=\"og:image:height\" content=\"201\" \/>\n\t<meta property=\"og:image:type\" content=\"image\/jpeg\" \/>\n<meta name=\"author\" content=\"P\u00e1gina 10\" \/>\n<meta name=\"twitter:card\" content=\"summary_large_image\" \/>\n<meta name=\"twitter:creator\" content=\"@Pag10com\" \/>\n<meta name=\"twitter:site\" content=\"@Pag10com\" \/>\n<meta name=\"twitter:label1\" content=\"Escrito por\" \/>\n\t<meta name=\"twitter:data1\" content=\"P\u00e1gina 10\" \/>\n\t<meta name=\"twitter:label2\" content=\"Tiempo de lectura\" \/>\n\t<meta name=\"twitter:data2\" content=\"1 minuto\" \/>\n<script type=\"application\/ld+json\" class=\"yoast-schema-graph\">{\"@context\":\"https:\/\/schema.org\",\"@graph\":[{\"@type\":\"Article\",\"@id\":\"https:\/\/pagina10.com\/web\/udenar-iniciara-proceso-de-construccion-nuevo-bloque-con-inversion-de-13-500-millones\/#article\",\"isPartOf\":{\"@id\":\"https:\/\/pagina10.com\/web\/udenar-iniciara-proceso-de-construccion-nuevo-bloque-con-inversion-de-13-500-millones\/\"},\"author\":{\"name\":\"P\u00e1gina 10\",\"@id\":\"https:\/\/pagina10.com\/web\/#\/schema\/person\/a7a5d38f0629dfc107f619fbae4f6cc3\"},\"headline\":\"Udenar iniciar\u00e1 proceso de construcci\u00f3n nuevo bloque con inversi\u00f3n de 13.500 millones\",\"datePublished\":\"2016-10-16T16:56:42+00:00\",\"mainEntityOfPage\":{\"@id\":\"https:\/\/pagina10.com\/web\/udenar-iniciara-proceso-de-construccion-nuevo-bloque-con-inversion-de-13-500-millones\/\"},\"wordCount\":256,\"commentCount\":0,\"publisher\":{\"@id\":\"https:\/\/pagina10.com\/web\/#organization\"},\"image\":{\"@id\":\"https:\/\/pagina10.com\/web\/udenar-iniciara-proceso-de-construccion-nuevo-bloque-con-inversion-de-13-500-millones\/#primaryimage\"},\"thumbnailUrl\":\"https:\/\/pagina10.com\/web\/wp-content\/uploads\/2016\/10\/1d40d55364a3bbec09e31d061ca59970.jpg\",\"inLanguage\":\"es\",\"potentialAction\":[{\"@type\":\"CommentAction\",\"name\":\"Comment\",\"target\":[\"https:\/\/pagina10.com\/web\/udenar-iniciara-proceso-de-construccion-nuevo-bloque-con-inversion-de-13-500-millones\/#respond\"]}]},{\"@type\":\"WebPage\",\"@id\":\"https:\/\/pagina10.com\/web\/udenar-iniciara-proceso-de-construccion-nuevo-bloque-con-inversion-de-13-500-millones\/\",\"url\":\"https:\/\/pagina10.com\/web\/udenar-iniciara-proceso-de-construccion-nuevo-bloque-con-inversion-de-13-500-millones\/\",\"name\":\"Udenar iniciar\u00e1 proceso de construcci\u00f3n nuevo bloque con inversi\u00f3n de 13.500 millones | P\u00e1gina10\",\"isPartOf\":{\"@id\":\"https:\/\/pagina10.com\/web\/#website\"},\"primaryImageOfPage\":{\"@id\":\"https:\/\/pagina10.com\/web\/udenar-iniciara-proceso-de-construccion-nuevo-bloque-con-inversion-de-13-500-millones\/#primaryimage\"},\"image\":{\"@id\":\"https:\/\/pagina10.com\/web\/udenar-iniciara-proceso-de-construccion-nuevo-bloque-con-inversion-de-13-500-millones\/#primaryimage\"},\"thumbnailUrl\":\"https:\/\/pagina10.com\/web\/wp-content\/uploads\/2016\/10\/1d40d55364a3bbec09e31d061ca59970.jpg\",\"datePublished\":\"2016-10-16T16:56:42+00:00\",\"breadcrumb\":{\"@id\":\"https:\/\/pagina10.com\/web\/udenar-iniciara-proceso-de-construccion-nuevo-bloque-con-inversion-de-13-500-millones\/#breadcrumb\"},\"inLanguage\":\"es\",\"potentialAction\":[{\"@type\":\"ReadAction\",\"target\":[\"https:\/\/pagina10.com\/web\/udenar-iniciara-proceso-de-construccion-nuevo-bloque-con-inversion-de-13-500-millones\/\"]}]},{\"@type\":\"ImageObject\",\"inLanguage\":\"es\",\"@id\":\"https:\/\/pagina10.com\/web\/udenar-iniciara-proceso-de-construccion-nuevo-bloque-con-inversion-de-13-500-millones\/#primaryimage\",\"url\":\"https:\/\/pagina10.com\/web\/wp-content\/uploads\/2016\/10\/1d40d55364a3bbec09e31d061ca59970.jpg\",\"contentUrl\":\"https:\/\/pagina10.com\/web\/wp-content\/uploads\/2016\/10\/1d40d55364a3bbec09e31d061ca59970.jpg\",\"width\":580,\"height\":201},{\"@type\":\"BreadcrumbList\",\"@id\":\"https:\/\/pagina10.com\/web\/udenar-iniciara-proceso-de-construccion-nuevo-bloque-con-inversion-de-13-500-millones\/#breadcrumb\",\"itemListElement\":[{\"@type\":\"ListItem\",\"position\":1,\"name\":\"Portada\",\"item\":\"https:\/\/pagina10.com\/web\/\"},{\"@type\":\"ListItem\",\"position\":2,\"name\":\"Udenar iniciar\u00e1 proceso de construcci\u00f3n nuevo bloque con inversi\u00f3n de 13.500 millones\"}]},{\"@type\":\"WebSite\",\"@id\":\"https:\/\/pagina10.com\/web\/#website\",\"url\":\"https:\/\/pagina10.com\/web\/\",\"name\":\"P\u00e1gina10\",\"description\":\"Peri\u00f3dico Regional\",\"publisher\":{\"@id\":\"https:\/\/pagina10.com\/web\/#organization\"},\"alternateName\":\"P\u00e1gina10 Peri\u00f3dico Regional\",\"potentialAction\":[{\"@type\":\"SearchAction\",\"target\":{\"@type\":\"EntryPoint\",\"urlTemplate\":\"https:\/\/pagina10.com\/web\/?s={search_term_string}\"},\"query-input\":{\"@type\":\"PropertyValueSpecification\",\"valueRequired\":true,\"valueName\":\"search_term_string\"}}],\"inLanguage\":\"es\"},{\"@type\":\"Organization\",\"@id\":\"https:\/\/pagina10.com\/web\/#organization\",\"name\":\"P\u00e1gina10\",\"alternateName\":\"P\u00e1gina10 Peri\u00f3dico Regional\",\"url\":\"https:\/\/pagina10.com\/web\/\",\"logo\":{\"@type\":\"ImageObject\",\"inLanguage\":\"es\",\"@id\":\"https:\/\/pagina10.com\/web\/#\/schema\/logo\/image\/\",\"url\":\"https:\/\/pagina10.com\/web\/wp-content\/uploads\/2024\/01\/40-pagina-10-periodico-regional-pasto.jpg\",\"contentUrl\":\"https:\/\/pagina10.com\/web\/wp-content\/uploads\/2024\/01\/40-pagina-10-periodico-regional-pasto.jpg\",\"width\":1280,\"height\":720,\"caption\":\"P\u00e1gina10\"},\"image\":{\"@id\":\"https:\/\/pagina10.com\/web\/#\/schema\/logo\/image\/\"},\"sameAs\":[\"https:\/\/www.facebook.com\/pag10com\",\"https:\/\/x.com\/Pag10com\",\"https:\/\/www.instagram.com\/pagina10col\/\",\"https:\/\/youtube.com\/channel\/pag10\",\"https:\/\/www.tiktok.com\/@p10col\"]},{\"@type\":\"Person\",\"@id\":\"https:\/\/pagina10.com\/web\/#\/schema\/person\/a7a5d38f0629dfc107f619fbae4f6cc3\",\"name\":\"P\u00e1gina 10\",\"description\":\"P\u00e1gina10.com es un peri\u00f3dico digital que nace en Colombia, en el departamento de Nari\u00f1o, con un enfoque global, fundamentado en cuatro pilares esenciales: la libertad, el pluralismo, la inclusi\u00f3n y la independencia. P\u00e1gina10.com hace referencia a Nari\u00f1o como el d\u00e9cimo departamento creado en Colombia, despu\u00e9s de un proceso pol\u00edtico liderado por actores y actrices regionales con el fin de obtener la independencia y autonom\u00eda de nuestros territorios. Con la creaci\u00f3n de P\u00e1gina10.com se pretende abrir un escenario para el dialogo, la reflexi\u00f3n y el debate que se extienda a otras geograf\u00edas de Am\u00e9rica Latina y del planeta, en una apuesta por transformar colectivamente los desaf\u00edos de un mundo contempor\u00e1neo, m\u00e1s all\u00e1 de las fronteras impuestas.\",\"url\":\"https:\/\/pagina10.com\/web\/author\/mcepeda\/\"}]}<\/script>\n<!-- \/ Yoast SEO plugin. -->","yoast_head_json":{"title":"Udenar iniciar\u00e1 proceso de construcci\u00f3n nuevo bloque con inversi\u00f3n de 13.500 millones | P\u00e1gina10","robots":{"index":"index","follow":"follow","max-snippet":"max-snippet:-1","max-image-preview":"max-image-preview:large","max-video-preview":"max-video-preview:-1"},"canonical":"https:\/\/pagina10.com\/web\/udenar-iniciara-proceso-de-construccion-nuevo-bloque-con-inversion-de-13-500-millones\/","og_locale":"es_ES","og_type":"article","og_title":"Udenar iniciar\u00e1 proceso de construcci\u00f3n nuevo bloque con inversi\u00f3n de 13.500 millones | P\u00e1gina10","og_description":"El Rector de la Universidad de Nari\u00f1o, Dr. Carlos Solarte Portilla, inform\u00f3 que en se iniciar\u00e1 el proceso de construcci\u00f3n del nuevo Bloque I, en el sector norte, con una inversi\u00f3n de 13.500 millones de pesos. Las primeras obras corresponden a la instalaci\u00f3n de redes hidr\u00e1ulicas y sanitarias, lo que a su vez permitir\u00e1 que [&hellip;]","og_url":"https:\/\/pagina10.com\/web\/udenar-iniciara-proceso-de-construccion-nuevo-bloque-con-inversion-de-13-500-millones\/","og_site_name":"P\u00e1gina10","article_publisher":"https:\/\/www.facebook.com\/pag10com","article_published_time":"2016-10-16T16:56:42+00:00","og_image":[{"width":580,"height":201,"url":"https:\/\/pagina10.com\/web\/wp-content\/uploads\/2016\/10\/1d40d55364a3bbec09e31d061ca59970.jpg","type":"image\/jpeg"}],"author":"P\u00e1gina 10","twitter_card":"summary_large_image","twitter_creator":"@Pag10com","twitter_site":"@Pag10com","twitter_misc":{"Escrito por":"P\u00e1gina 10","Tiempo de lectura":"1 minuto"},"schema":{"@context":"https:\/\/schema.org","@graph":[{"@type":"Article","@id":"https:\/\/pagina10.com\/web\/udenar-iniciara-proceso-de-construccion-nuevo-bloque-con-inversion-de-13-500-millones\/#article","isPartOf":{"@id":"https:\/\/pagina10.com\/web\/udenar-iniciara-proceso-de-construccion-nuevo-bloque-con-inversion-de-13-500-millones\/"},"author":{"name":"P\u00e1gina 10","@id":"https:\/\/pagina10.com\/web\/#\/schema\/person\/a7a5d38f0629dfc107f619fbae4f6cc3"},"headline":"Udenar iniciar\u00e1 proceso de construcci\u00f3n nuevo bloque con inversi\u00f3n de 13.500 millones","datePublished":"2016-10-16T16:56:42+00:00","mainEntityOfPage":{"@id":"https:\/\/pagina10.com\/web\/udenar-iniciara-proceso-de-construccion-nuevo-bloque-con-inversion-de-13-500-millones\/"},"wordCount":256,"commentCount":0,"publisher":{"@id":"https:\/\/pagina10.com\/web\/#organization"},"image":{"@id":"https:\/\/pagina10.com\/web\/udenar-iniciara-proceso-de-construccion-nuevo-bloque-con-inversion-de-13-500-millones\/#primaryimage"},"thumbnailUrl":"https:\/\/pagina10.com\/web\/wp-content\/uploads\/2016\/10\/1d40d55364a3bbec09e31d061ca59970.jpg","inLanguage":"es","potentialAction":[{"@type":"CommentAction","name":"Comment","target":["https:\/\/pagina10.com\/web\/udenar-iniciara-proceso-de-construccion-nuevo-bloque-con-inversion-de-13-500-millones\/#respond"]}]},{"@type":"WebPage","@id":"https:\/\/pagina10.com\/web\/udenar-iniciara-proceso-de-construccion-nuevo-bloque-con-inversion-de-13-500-millones\/","url":"https:\/\/pagina10.com\/web\/udenar-iniciara-proceso-de-construccion-nuevo-bloque-con-inversion-de-13-500-millones\/","name":"Udenar iniciar\u00e1 proceso de construcci\u00f3n nuevo bloque con inversi\u00f3n de 13.500 millones | P\u00e1gina10","isPartOf":{"@id":"https:\/\/pagina10.com\/web\/#website"},"primaryImageOfPage":{"@id":"https:\/\/pagina10.com\/web\/udenar-iniciara-proceso-de-construccion-nuevo-bloque-con-inversion-de-13-500-millones\/#primaryimage"},"image":{"@id":"https:\/\/pagina10.com\/web\/udenar-iniciara-proceso-de-construccion-nuevo-bloque-con-inversion-de-13-500-millones\/#primaryimage"},"thumbnailUrl":"https:\/\/pagina10.com\/web\/wp-content\/uploads\/2016\/10\/1d40d55364a3bbec09e31d061ca59970.jpg","datePublished":"2016-10-16T16:56:42+00:00","breadcrumb":{"@id":"https:\/\/pagina10.com\/web\/udenar-iniciara-proceso-de-construccion-nuevo-bloque-con-inversion-de-13-500-millones\/#breadcrumb"},"inLanguage":"es","potentialAction":[{"@type":"ReadAction","target":["https:\/\/pagina10.com\/web\/udenar-iniciara-proceso-de-construccion-nuevo-bloque-con-inversion-de-13-500-millones\/"]}]},{"@type":"ImageObject","inLanguage":"es","@id":"https:\/\/pagina10.com\/web\/udenar-iniciara-proceso-de-construccion-nuevo-bloque-con-inversion-de-13-500-millones\/#primaryimage","url":"https:\/\/pagina10.com\/web\/wp-content\/uploads\/2016\/10\/1d40d55364a3bbec09e31d061ca59970.jpg","contentUrl":"https:\/\/pagina10.com\/web\/wp-content\/uploads\/2016\/10\/1d40d55364a3bbec09e31d061ca59970.jpg","width":580,"height":201},{"@type":"BreadcrumbList","@id":"https:\/\/pagina10.com\/web\/udenar-iniciara-proceso-de-construccion-nuevo-bloque-con-inversion-de-13-500-millones\/#breadcrumb","itemListElement":[{"@type":"ListItem","position":1,"name":"Portada","item":"https:\/\/pagina10.com\/web\/"},{"@type":"ListItem","position":2,"name":"Udenar iniciar\u00e1 proceso de construcci\u00f3n nuevo bloque con inversi\u00f3n de 13.500 millones"}]},{"@type":"WebSite","@id":"https:\/\/pagina10.com\/web\/#website","url":"https:\/\/pagina10.com\/web\/","name":"P\u00e1gina10","description":"Peri\u00f3dico Regional","publisher":{"@id":"https:\/\/pagina10.com\/web\/#organization"},"alternateName":"P\u00e1gina10 Peri\u00f3dico Regional","potentialAction":[{"@type":"SearchAction","target":{"@type":"EntryPoint","urlTemplate":"https:\/\/pagina10.com\/web\/?s={search_term_string}"},"query-input":{"@type":"PropertyValueSpecification","valueRequired":true,"valueName":"search_term_string"}}],"inLanguage":"es"},{"@type":"Organization","@id":"https:\/\/pagina10.com\/web\/#organization","name":"P\u00e1gina10","alternateName":"P\u00e1gina10 Peri\u00f3dico Regional","url":"https:\/\/pagina10.com\/web\/","logo":{"@type":"ImageObject","inLanguage":"es","@id":"https:\/\/pagina10.com\/web\/#\/schema\/logo\/image\/","url":"https:\/\/pagina10.com\/web\/wp-content\/uploads\/2024\/01\/40-pagina-10-periodico-regional-pasto.jpg","contentUrl":"https:\/\/pagina10.com\/web\/wp-content\/uploads\/2024\/01\/40-pagina-10-periodico-regional-pasto.jpg","width":1280,"height":720,"caption":"P\u00e1gina10"},"image":{"@id":"https:\/\/pagina10.com\/web\/#\/schema\/logo\/image\/"},"sameAs":["https:\/\/www.facebook.com\/pag10com","https:\/\/x.com\/Pag10com","https:\/\/www.instagram.com\/pagina10col\/","https:\/\/youtube.com\/channel\/pag10","https:\/\/www.tiktok.com\/@p10col"]},{"@type":"Person","@id":"https:\/\/pagina10.com\/web\/#\/schema\/person\/a7a5d38f0629dfc107f619fbae4f6cc3","name":"P\u00e1gina 10","description":"P\u00e1gina10.com es un peri\u00f3dico digital que nace en Colombia, en el departamento de Nari\u00f1o, con un enfoque global, fundamentado en cuatro pilares esenciales: la libertad, el pluralismo, la inclusi\u00f3n y la independencia. P\u00e1gina10.com hace referencia a Nari\u00f1o como el d\u00e9cimo departamento creado en Colombia, despu\u00e9s de un proceso pol\u00edtico liderado por actores y actrices regionales con el fin de obtener la independencia y autonom\u00eda de nuestros territorios. Con la creaci\u00f3n de P\u00e1gina10.com se pretende abrir un escenario para el dialogo, la reflexi\u00f3n y el debate que se extienda a otras geograf\u00edas de Am\u00e9rica Latina y del planeta, en una apuesta por transformar colectivamente los desaf\u00edos de un mundo contempor\u00e1neo, m\u00e1s all\u00e1 de las fronteras impuestas.","url":"https:\/\/pagina10.com\/web\/author\/mcepeda\/"}]}},"_links":{"self":[{"href":"https:\/\/pagina10.com\/web\/wp-json\/wp\/v2\/posts\/21711","targetHints":{"allow":["GET"]}}],"collection":[{"href":"https:\/\/pagina10.com\/web\/wp-json\/wp\/v2\/posts"}],"about":[{"href":"https:\/\/pagina10.com\/web\/wp-json\/wp\/v2\/types\/post"}],"author":[{"embeddable":true,"href":"https:\/\/pagina10.com\/web\/wp-json\/wp\/v2\/users\/29"}],"replies":[{"embeddable":true,"href":"https:\/\/pagina10.com\/web\/wp-json\/wp\/v2\/comments?post=21711"}],"version-history":[{"count":0,"href":"https:\/\/pagina10.com\/web\/wp-json\/wp\/v2\/posts\/21711\/revisions"}],"wp:featuredmedia":[{"embeddable":true,"href":"https:\/\/pagina10.com\/web\/wp-json\/wp\/v2\/media\/21710"}],"wp:attachment":[{"href":"https:\/\/pagina10.com\/web\/wp-json\/wp\/v2\/media?parent=21711"}],"wp:term":[{"taxonomy":"category","embeddable":true,"href":"https:\/\/pagina10.com\/web\/wp-json\/wp\/v2\/categories?post=21711"},{"taxonomy":"post_tag","embeddable":true,"href":"https:\/\/pagina10.com\/web\/wp-json\/wp\/v2\/tags?post=21711"}],"curies":[{"name":"wp","href":"https:\/\/api.w.org\/{rel}","templated":true}]}}