{"id":21715,"date":"2016-10-17T14:19:00","date_gmt":"2016-10-17T14:19:00","guid":{"rendered":"https:\/\/pagina10.com\/web\/dialogos-con-el-eln\/"},"modified":"2016-10-17T14:19:00","modified_gmt":"2016-10-17T14:19:00","slug":"dialogos-con-el-eln","status":"publish","type":"post","link":"https:\/\/pagina10.com\/web\/dialogos-con-el-eln\/","title":{"rendered":"Di\u00e1logos con el Eln"},"content":{"rendered":"<p><img fetchpriority=\"high\" decoding=\"async\" class=\" size-full wp-image-21714\" src=\"https:\/\/pagina10.com\/web\/wp-content\/uploads\/2016\/10\/f2313c5d563a85e94d60d0af82623b8f.jpg\" alt=\"\" width=\"734\" height=\"486\" srcset=\"https:\/\/pagina10.com\/web\/wp-content\/uploads\/2016\/10\/f2313c5d563a85e94d60d0af82623b8f.jpg 734w, https:\/\/pagina10.com\/web\/wp-content\/uploads\/2016\/10\/f2313c5d563a85e94d60d0af82623b8f-300x199.jpg 300w\" sizes=\"(max-width: 734px) 100vw, 734px\" \/><\/p>\n<p style=\"text-align: justify;\">El momento hist\u00f3rico que vive el pa\u00eds con la consolidaci\u00f3n de los di\u00e1logos de paz ser\u00e1 recordado por muchas generaciones, pues permite pasar la p\u00e1gina de un momento dif\u00edcil para la vida pol\u00edtica de la naci\u00f3n. Los grupos guerrilleros surgieron por falta de democracia, y es la democracia la que les abre las puertas a la participaci\u00f3n pol\u00edtica.<\/p>\n<p style=\"text-align: justify;\">&nbsp;<\/p>\n<p style=\"text-align: justify;\">La confirmaci\u00f3n de los di\u00e1logos con el Ej\u00e9rcito de Liberaci\u00f3n Nacional (Eln) con el gobierno nacional es una noticia que devuelve la confianza en el pa\u00eds. Es un paso importante porque el grupo insurgente ha venido demostrando acciones en favor de la pacificaci\u00f3n como es la liberaci\u00f3n voluntaria de quienes estaban secuestrados.<\/p>\n<p style=\"text-align: justify;\">&nbsp;<\/p>\n<p style=\"text-align: justify;\">El Eln a trav\u00e9s de sus 52 a\u00f1os de historia ha demostrado ser una guerrilla radical; sus mensajes han sido de no entrega y de no rendici\u00f3n. De esta manera los acercamientos para propiciar di\u00e1logos de paz han sido infructuosos; durante su existencia todos los gobiernos han buscado acercamientos, pero nunca se hab\u00edan consolidado como ahora.<\/p>\n<p style=\"text-align: justify;\">&nbsp;<\/p>\n<p style=\"text-align: justify;\">El grupo guerrillero fue inspirado en la Revoluci\u00f3n Cubana que hab\u00eda acontecido recientemente; fundado por un grupo de estudiantes becarios del Partido Comunista que adelantaban estudios en Cuba, entre los que se encontraba Fabio V\u00e1squez Casta\u00f1o. Al poco tiempo se vincula Camilo Torres Restrepo, un sacerdote perteneciente a la alta sociedad Bogotana y art\u00edfice la Teolog\u00eda de la Liberaci\u00f3n en Colombia, abatido al poco tiempo de alzarse en armas.<\/p>\n<p style=\"text-align: justify;\">&nbsp;<\/p>\n<p style=\"text-align: justify;\">El Eln contar\u00eda como grupos de base con laicos, religiosas y sacerdotes cat\u00f3licos con afinidad socialista, es por ello que su ideolog\u00eda se determinaba como marxista-cristiana, lo que llevar\u00eda a que el sacerdote de procedencia espa\u00f1ola Manuel P\u00e9rez Mart\u00ednez fuera su comandante desde la d\u00e9cada de los 70 hasta 1998, cuando muere a causa de hepatitis.<\/p>\n<p style=\"text-align: justify;\">&nbsp;<\/p>\n<p style=\"text-align: justify;\">Con el gobierno de Misael Pastrana Borrero sufrieron un golpe tan fuerte con la operaci\u00f3n Anor\u00ed que fue confirmado el desmantelamiento del Eln, ataque del Ej\u00e9rcito en el que se report\u00f3 la muerte de Manuel y Antonio V\u00e1squez Casta\u00f1o, hermanos del comandante y fundador de la agrupaci\u00f3n, Fabio V\u00e1squez, adem\u00e1s del sacerdote espa\u00f1ol Domingo La\u00edn.<\/p>\n<p style=\"text-align: justify;\">&nbsp;<\/p>\n<p style=\"text-align: justify;\">En 1998 prefirieron reunirse con representantes de la sociedad civil antes que con el gobierno de Samper. Esta reuni\u00f3n llevada a cabo en Maguncia, Alemania, arrojar\u00eda como resultado el impulso de la Convenci\u00f3n Nacional. Sin embargo, el Eln nunca dej\u00f3 su accionar militar. Desde su fundaci\u00f3n su proceder se centr\u00f3 en los ataques a la infraestructura petrolera causando graves da\u00f1os ambientales.<\/p>\n<p style=\"text-align: justify;\">&nbsp;<\/p>\n<p style=\"text-align: justify;\">Algunas facciones del Eln negociaron con el gobierno y se reinsertaron a la vida civil, como fue el caso de la Corriente de Renovaci\u00f3n Socialista. Pero tambi\u00e9n, en desarrollo de sus operaciones han entrado en contradicciones, como es el caso de tener confrontaciones territoriales con las Farc.<\/p>\n<p style=\"text-align: justify;\">&nbsp;<\/p>\n<p style=\"text-align: justify;\">La fatiga que produce la guerra no distingue personas, a qu\u00e9 bando pertenecen o si son poblaci\u00f3n civil, de ah\u00ed que las comunidades ind\u00edgenas y campesinas se han visto afectadas aportando su cuota de sacrificios. Pero tambi\u00e9n estos sectores poblacionales han sido los que aportan la base de combatientes debido a la alta pobreza y la falta de oportunidades, no es por otra raz\u00f3n. Y en la guerrilla tienen la posibilidad de adquirir poder y mejoramiento de las condiciones de vida.<\/p>\n<p style=\"text-align: justify;\">&nbsp;<\/p>\n<p style=\"text-align: justify;\">Es por ello que entre todos debemos contribuir con ese granito de arena, para que los j\u00f3venes marginados de los sectores rurales y urbanos puedan acceder a educaci\u00f3n, salud y mejores oportunidades laborales. El prop\u00f3sito es acabar con el rencor y el odio abri\u00e9ndoles la puerta a una mejor vida; de lo contrario el conflicto se prolongar\u00eda de manera indefinida.<\/p>\n","protected":false},"excerpt":{"rendered":"<p>El momento hist\u00f3rico que vive el pa\u00eds con la consolidaci\u00f3n de los di\u00e1logos de paz ser\u00e1 recordado por muchas generaciones, pues permite pasar la p\u00e1gina de un momento dif\u00edcil para la vida pol\u00edtica de la naci\u00f3n. Los grupos guerrilleros surgieron por falta de democracia, y es la democracia la que les abre las puertas a [&hellip;]<\/p>\n","protected":false},"author":65,"featured_media":21714,"comment_status":"open","ping_status":"open","sticky":false,"template":"","format":"standard","meta":{"footnotes":""},"categories":[1],"tags":[],"class_list":["post-21715","post","type-post","status-publish","format-standard","has-post-thumbnail","hentry","category-sin-categoria"],"yoast_head":"<!-- This site is optimized with the Yoast SEO plugin v27.1.1 - https:\/\/yoast.com\/product\/yoast-seo-wordpress\/ -->\n<title>Di\u00e1logos con el Eln | P\u00e1gina10<\/title>\n<meta name=\"robots\" content=\"index, follow, max-snippet:-1, max-image-preview:large, max-video-preview:-1\" \/>\n<link rel=\"canonical\" href=\"https:\/\/pagina10.com\/web\/dialogos-con-el-eln\/\" \/>\n<meta property=\"og:locale\" content=\"es_ES\" \/>\n<meta property=\"og:type\" content=\"article\" \/>\n<meta property=\"og:title\" content=\"Di\u00e1logos con el Eln | P\u00e1gina10\" \/>\n<meta property=\"og:description\" content=\"El momento hist\u00f3rico que vive el pa\u00eds con la consolidaci\u00f3n de los di\u00e1logos de paz ser\u00e1 recordado por muchas generaciones, pues permite pasar la p\u00e1gina de un momento dif\u00edcil para la vida pol\u00edtica de la naci\u00f3n. Los grupos guerrilleros surgieron por falta de democracia, y es la democracia la que les abre las puertas a [&hellip;]\" \/>\n<meta property=\"og:url\" content=\"https:\/\/pagina10.com\/web\/dialogos-con-el-eln\/\" \/>\n<meta property=\"og:site_name\" content=\"P\u00e1gina10\" \/>\n<meta property=\"article:publisher\" content=\"https:\/\/www.facebook.com\/pag10com\" \/>\n<meta property=\"article:published_time\" content=\"2016-10-17T14:19:00+00:00\" \/>\n<meta property=\"og:image\" content=\"https:\/\/pagina10.com\/web\/wp-content\/uploads\/2016\/10\/f2313c5d563a85e94d60d0af82623b8f.jpg\" \/>\n\t<meta property=\"og:image:width\" content=\"734\" \/>\n\t<meta property=\"og:image:height\" content=\"486\" \/>\n\t<meta property=\"og:image:type\" content=\"image\/jpeg\" \/>\n<meta name=\"author\" content=\"Anibal Ar\u00e9valo Rosero\" \/>\n<meta name=\"twitter:card\" content=\"summary_large_image\" \/>\n<meta name=\"twitter:creator\" content=\"@Pag10com\" \/>\n<meta name=\"twitter:site\" content=\"@Pag10com\" \/>\n<meta name=\"twitter:label1\" content=\"Escrito por\" \/>\n\t<meta name=\"twitter:data1\" content=\"Anibal Ar\u00e9valo Rosero\" \/>\n\t<meta name=\"twitter:label2\" content=\"Tiempo de lectura\" \/>\n\t<meta name=\"twitter:data2\" content=\"3 minutos\" \/>\n<script type=\"application\/ld+json\" class=\"yoast-schema-graph\">{\"@context\":\"https:\/\/schema.org\",\"@graph\":[{\"@type\":\"Article\",\"@id\":\"https:\/\/pagina10.com\/web\/dialogos-con-el-eln\/#article\",\"isPartOf\":{\"@id\":\"https:\/\/pagina10.com\/web\/dialogos-con-el-eln\/\"},\"author\":{\"name\":\"Anibal Ar\u00e9valo Rosero\",\"@id\":\"https:\/\/pagina10.com\/web\/#\/schema\/person\/9ec3e2b432363a195d2d01bf820c66fe\"},\"headline\":\"Di\u00e1logos con el Eln\",\"datePublished\":\"2016-10-17T14:19:00+00:00\",\"mainEntityOfPage\":{\"@id\":\"https:\/\/pagina10.com\/web\/dialogos-con-el-eln\/\"},\"wordCount\":667,\"commentCount\":0,\"publisher\":{\"@id\":\"https:\/\/pagina10.com\/web\/#organization\"},\"image\":{\"@id\":\"https:\/\/pagina10.com\/web\/dialogos-con-el-eln\/#primaryimage\"},\"thumbnailUrl\":\"https:\/\/pagina10.com\/web\/wp-content\/uploads\/2016\/10\/f2313c5d563a85e94d60d0af82623b8f.jpg\",\"inLanguage\":\"es\",\"potentialAction\":[{\"@type\":\"CommentAction\",\"name\":\"Comment\",\"target\":[\"https:\/\/pagina10.com\/web\/dialogos-con-el-eln\/#respond\"]}]},{\"@type\":\"WebPage\",\"@id\":\"https:\/\/pagina10.com\/web\/dialogos-con-el-eln\/\",\"url\":\"https:\/\/pagina10.com\/web\/dialogos-con-el-eln\/\",\"name\":\"Di\u00e1logos con el Eln | P\u00e1gina10\",\"isPartOf\":{\"@id\":\"https:\/\/pagina10.com\/web\/#website\"},\"primaryImageOfPage\":{\"@id\":\"https:\/\/pagina10.com\/web\/dialogos-con-el-eln\/#primaryimage\"},\"image\":{\"@id\":\"https:\/\/pagina10.com\/web\/dialogos-con-el-eln\/#primaryimage\"},\"thumbnailUrl\":\"https:\/\/pagina10.com\/web\/wp-content\/uploads\/2016\/10\/f2313c5d563a85e94d60d0af82623b8f.jpg\",\"datePublished\":\"2016-10-17T14:19:00+00:00\",\"breadcrumb\":{\"@id\":\"https:\/\/pagina10.com\/web\/dialogos-con-el-eln\/#breadcrumb\"},\"inLanguage\":\"es\",\"potentialAction\":[{\"@type\":\"ReadAction\",\"target\":[\"https:\/\/pagina10.com\/web\/dialogos-con-el-eln\/\"]}]},{\"@type\":\"ImageObject\",\"inLanguage\":\"es\",\"@id\":\"https:\/\/pagina10.com\/web\/dialogos-con-el-eln\/#primaryimage\",\"url\":\"https:\/\/pagina10.com\/web\/wp-content\/uploads\/2016\/10\/f2313c5d563a85e94d60d0af82623b8f.jpg\",\"contentUrl\":\"https:\/\/pagina10.com\/web\/wp-content\/uploads\/2016\/10\/f2313c5d563a85e94d60d0af82623b8f.jpg\",\"width\":734,\"height\":486},{\"@type\":\"BreadcrumbList\",\"@id\":\"https:\/\/pagina10.com\/web\/dialogos-con-el-eln\/#breadcrumb\",\"itemListElement\":[{\"@type\":\"ListItem\",\"position\":1,\"name\":\"Portada\",\"item\":\"https:\/\/pagina10.com\/web\/\"},{\"@type\":\"ListItem\",\"position\":2,\"name\":\"Di\u00e1logos con el Eln\"}]},{\"@type\":\"WebSite\",\"@id\":\"https:\/\/pagina10.com\/web\/#website\",\"url\":\"https:\/\/pagina10.com\/web\/\",\"name\":\"P\u00e1gina10\",\"description\":\"Peri\u00f3dico Regional\",\"publisher\":{\"@id\":\"https:\/\/pagina10.com\/web\/#organization\"},\"alternateName\":\"P\u00e1gina10 Peri\u00f3dico Regional\",\"potentialAction\":[{\"@type\":\"SearchAction\",\"target\":{\"@type\":\"EntryPoint\",\"urlTemplate\":\"https:\/\/pagina10.com\/web\/?s={search_term_string}\"},\"query-input\":{\"@type\":\"PropertyValueSpecification\",\"valueRequired\":true,\"valueName\":\"search_term_string\"}}],\"inLanguage\":\"es\"},{\"@type\":\"Organization\",\"@id\":\"https:\/\/pagina10.com\/web\/#organization\",\"name\":\"P\u00e1gina10\",\"alternateName\":\"P\u00e1gina10 Peri\u00f3dico Regional\",\"url\":\"https:\/\/pagina10.com\/web\/\",\"logo\":{\"@type\":\"ImageObject\",\"inLanguage\":\"es\",\"@id\":\"https:\/\/pagina10.com\/web\/#\/schema\/logo\/image\/\",\"url\":\"https:\/\/pagina10.com\/web\/wp-content\/uploads\/2024\/01\/40-pagina-10-periodico-regional-pasto.jpg\",\"contentUrl\":\"https:\/\/pagina10.com\/web\/wp-content\/uploads\/2024\/01\/40-pagina-10-periodico-regional-pasto.jpg\",\"width\":1280,\"height\":720,\"caption\":\"P\u00e1gina10\"},\"image\":{\"@id\":\"https:\/\/pagina10.com\/web\/#\/schema\/logo\/image\/\"},\"sameAs\":[\"https:\/\/www.facebook.com\/pag10com\",\"https:\/\/x.com\/Pag10com\",\"https:\/\/www.instagram.com\/pagina10col\/\",\"https:\/\/youtube.com\/channel\/pag10\",\"https:\/\/www.tiktok.com\/@p10col\"]},{\"@type\":\"Person\",\"@id\":\"https:\/\/pagina10.com\/web\/#\/schema\/person\/9ec3e2b432363a195d2d01bf820c66fe\",\"name\":\"Anibal Ar\u00e9valo Rosero\",\"description\":\"An\u00edbal Ar\u00e9valo Rosero a trav\u00e9s de su vida ha realizado diversas actividades tendientes a reivindicar al ser humano en su conciencia plena. Durante su vida ha hecho teatro, a escrito poes\u00eda y en sus tiempos de universitario realiz\u00f3 varias publicaciones entre las que se recuerda la revista Quinde. Junto con otros compa\u00f1eros fund\u00f3 el Taller Cultural El Cueche, equipo con el que se hicieron varias publicaciones. De este mismo grupo hay que resaltar que se hizo un trabajo pionero en la difusi\u00f3n de la m\u00fasica andina, latinoamericana y del caribe. Despu\u00e9s de terminar sus estudios de biolog\u00eda en la Universidad de Nari\u00f1o entr\u00f3 a laborar en emisoras de la ciudad de Pasto como en RCN, donde se desempe\u00f1aba como locutor de planta. Dirigi\u00f3 programas en la extinta Ondas del Mayo, en varias oportunidades; tambi\u00e9n en Ecos de Pasto. Fue colaborador de el Noticias RCN y dirigi\u00f3 el programa Simana al D\u00eda, del Sindicato del Magisterio de Nari\u00f1o, en dos \u00e9pocas. En el a\u00f1o de 1992 funda el Comit\u00e9 de Solidaridad con Cuba Jos\u00e9 Mart\u00ed, cuyo objetivo era divulgar la realidad cubana y expresar apoyo moral, pol\u00edtico y material al pa\u00eds caribe\u00f1o. Ante la mala interpretaci\u00f3n que la gente le daba a este tipo de acciones, se decide promover viajes de solidad a Cuba para participar en la Brigada Latinoamericana de Trabajo Voluntario, en el Festival Cuba Vive y, de manera especia,l en el 14 Festival Mundial de la Juventud y los Estudiantes, que se desarroll\u00f3 en la isla en el a\u00f1o de 1997. Con esta experiencia impulsa el turismo al pa\u00eds caribe\u00f1o con el resultado de que miles de personas han participado de las excursiones organizadas por Ar\u00e9valo Rosero. Asimismo ha venido impulsando las Brigadas de Salud en Cuba, tendiente a llevar pacientes de c\u00e1ncer a ese destino con el fin de que reciban atenci\u00f3n m\u00e9dica, teniendo en cuenta que la experiencia cubana en el tema ha sido bastante favorable. Veinte a\u00f1os despu\u00e9s de estas nutritivas experiencias, le permiten impulsar excursiones adem\u00e1s a M\u00e9xico, Machu Picchu, Argentina, Ecuador, Panam\u00e1 y Tierra Santa. En cuanto al desempe\u00f1o period\u00edstico, adem\u00e1s de los medios radiales y de televisi\u00f3n, en los canales de la universidades de Nari\u00f1o y Mariana, se ha desempe\u00f1ado como columnista en Diario del Sur durante 6 a\u00f1os y en algunos medios virtuales. Tambi\u00e9n es colaborador de el Diario del Cauca. Considera que la pr\u00e1ctica de la lectura es beber de la fuente nutricia que permite apropiarse de manera consciente del ejercicio de la democracia; y la posibilidad de escribir y ser le\u00eddo, acceder al poder, por que considera la palabra como el mayor instrumento de acci\u00f3n cuando est\u00e1 bien encamina al leg\u00edtimo servicio social. En la actualidad adem\u00e1s de so\u00f1ar con viajar por el mundo se desempe\u00f1a como docente del departamento de ciencias de Inem Luis Delf\u00edn Insuasty de Pasto. Correo: Esta direcci\u00f3n de correo electr\u00f3nico est\u00e1 protegida contra spambots. Usted necesita tener Javascript activado para poder verla.\\\" target=\\\"_blank\\\" style=\\\"color: #1155cc; text-align: justify; font-family: arial, sans-serif; font-size: 13px; line-height: normal;\\\"&gt;fundacionecosofia@gmail.com\",\"url\":\"https:\/\/pagina10.com\/web\/author\/anibal\/\"}]}<\/script>\n<!-- \/ Yoast SEO plugin. -->","yoast_head_json":{"title":"Di\u00e1logos con el Eln | P\u00e1gina10","robots":{"index":"index","follow":"follow","max-snippet":"max-snippet:-1","max-image-preview":"max-image-preview:large","max-video-preview":"max-video-preview:-1"},"canonical":"https:\/\/pagina10.com\/web\/dialogos-con-el-eln\/","og_locale":"es_ES","og_type":"article","og_title":"Di\u00e1logos con el Eln | P\u00e1gina10","og_description":"El momento hist\u00f3rico que vive el pa\u00eds con la consolidaci\u00f3n de los di\u00e1logos de paz ser\u00e1 recordado por muchas generaciones, pues permite pasar la p\u00e1gina de un momento dif\u00edcil para la vida pol\u00edtica de la naci\u00f3n. Los grupos guerrilleros surgieron por falta de democracia, y es la democracia la que les abre las puertas a [&hellip;]","og_url":"https:\/\/pagina10.com\/web\/dialogos-con-el-eln\/","og_site_name":"P\u00e1gina10","article_publisher":"https:\/\/www.facebook.com\/pag10com","article_published_time":"2016-10-17T14:19:00+00:00","og_image":[{"width":734,"height":486,"url":"https:\/\/pagina10.com\/web\/wp-content\/uploads\/2016\/10\/f2313c5d563a85e94d60d0af82623b8f.jpg","type":"image\/jpeg"}],"author":"Anibal Ar\u00e9valo Rosero","twitter_card":"summary_large_image","twitter_creator":"@Pag10com","twitter_site":"@Pag10com","twitter_misc":{"Escrito por":"Anibal Ar\u00e9valo Rosero","Tiempo de lectura":"3 minutos"},"schema":{"@context":"https:\/\/schema.org","@graph":[{"@type":"Article","@id":"https:\/\/pagina10.com\/web\/dialogos-con-el-eln\/#article","isPartOf":{"@id":"https:\/\/pagina10.com\/web\/dialogos-con-el-eln\/"},"author":{"name":"Anibal Ar\u00e9valo Rosero","@id":"https:\/\/pagina10.com\/web\/#\/schema\/person\/9ec3e2b432363a195d2d01bf820c66fe"},"headline":"Di\u00e1logos con el Eln","datePublished":"2016-10-17T14:19:00+00:00","mainEntityOfPage":{"@id":"https:\/\/pagina10.com\/web\/dialogos-con-el-eln\/"},"wordCount":667,"commentCount":0,"publisher":{"@id":"https:\/\/pagina10.com\/web\/#organization"},"image":{"@id":"https:\/\/pagina10.com\/web\/dialogos-con-el-eln\/#primaryimage"},"thumbnailUrl":"https:\/\/pagina10.com\/web\/wp-content\/uploads\/2016\/10\/f2313c5d563a85e94d60d0af82623b8f.jpg","inLanguage":"es","potentialAction":[{"@type":"CommentAction","name":"Comment","target":["https:\/\/pagina10.com\/web\/dialogos-con-el-eln\/#respond"]}]},{"@type":"WebPage","@id":"https:\/\/pagina10.com\/web\/dialogos-con-el-eln\/","url":"https:\/\/pagina10.com\/web\/dialogos-con-el-eln\/","name":"Di\u00e1logos con el Eln | P\u00e1gina10","isPartOf":{"@id":"https:\/\/pagina10.com\/web\/#website"},"primaryImageOfPage":{"@id":"https:\/\/pagina10.com\/web\/dialogos-con-el-eln\/#primaryimage"},"image":{"@id":"https:\/\/pagina10.com\/web\/dialogos-con-el-eln\/#primaryimage"},"thumbnailUrl":"https:\/\/pagina10.com\/web\/wp-content\/uploads\/2016\/10\/f2313c5d563a85e94d60d0af82623b8f.jpg","datePublished":"2016-10-17T14:19:00+00:00","breadcrumb":{"@id":"https:\/\/pagina10.com\/web\/dialogos-con-el-eln\/#breadcrumb"},"inLanguage":"es","potentialAction":[{"@type":"ReadAction","target":["https:\/\/pagina10.com\/web\/dialogos-con-el-eln\/"]}]},{"@type":"ImageObject","inLanguage":"es","@id":"https:\/\/pagina10.com\/web\/dialogos-con-el-eln\/#primaryimage","url":"https:\/\/pagina10.com\/web\/wp-content\/uploads\/2016\/10\/f2313c5d563a85e94d60d0af82623b8f.jpg","contentUrl":"https:\/\/pagina10.com\/web\/wp-content\/uploads\/2016\/10\/f2313c5d563a85e94d60d0af82623b8f.jpg","width":734,"height":486},{"@type":"BreadcrumbList","@id":"https:\/\/pagina10.com\/web\/dialogos-con-el-eln\/#breadcrumb","itemListElement":[{"@type":"ListItem","position":1,"name":"Portada","item":"https:\/\/pagina10.com\/web\/"},{"@type":"ListItem","position":2,"name":"Di\u00e1logos con el Eln"}]},{"@type":"WebSite","@id":"https:\/\/pagina10.com\/web\/#website","url":"https:\/\/pagina10.com\/web\/","name":"P\u00e1gina10","description":"Peri\u00f3dico Regional","publisher":{"@id":"https:\/\/pagina10.com\/web\/#organization"},"alternateName":"P\u00e1gina10 Peri\u00f3dico Regional","potentialAction":[{"@type":"SearchAction","target":{"@type":"EntryPoint","urlTemplate":"https:\/\/pagina10.com\/web\/?s={search_term_string}"},"query-input":{"@type":"PropertyValueSpecification","valueRequired":true,"valueName":"search_term_string"}}],"inLanguage":"es"},{"@type":"Organization","@id":"https:\/\/pagina10.com\/web\/#organization","name":"P\u00e1gina10","alternateName":"P\u00e1gina10 Peri\u00f3dico Regional","url":"https:\/\/pagina10.com\/web\/","logo":{"@type":"ImageObject","inLanguage":"es","@id":"https:\/\/pagina10.com\/web\/#\/schema\/logo\/image\/","url":"https:\/\/pagina10.com\/web\/wp-content\/uploads\/2024\/01\/40-pagina-10-periodico-regional-pasto.jpg","contentUrl":"https:\/\/pagina10.com\/web\/wp-content\/uploads\/2024\/01\/40-pagina-10-periodico-regional-pasto.jpg","width":1280,"height":720,"caption":"P\u00e1gina10"},"image":{"@id":"https:\/\/pagina10.com\/web\/#\/schema\/logo\/image\/"},"sameAs":["https:\/\/www.facebook.com\/pag10com","https:\/\/x.com\/Pag10com","https:\/\/www.instagram.com\/pagina10col\/","https:\/\/youtube.com\/channel\/pag10","https:\/\/www.tiktok.com\/@p10col"]},{"@type":"Person","@id":"https:\/\/pagina10.com\/web\/#\/schema\/person\/9ec3e2b432363a195d2d01bf820c66fe","name":"Anibal Ar\u00e9valo Rosero","description":"An\u00edbal Ar\u00e9valo Rosero a trav\u00e9s de su vida ha realizado diversas actividades tendientes a reivindicar al ser humano en su conciencia plena. Durante su vida ha hecho teatro, a escrito poes\u00eda y en sus tiempos de universitario realiz\u00f3 varias publicaciones entre las que se recuerda la revista Quinde. Junto con otros compa\u00f1eros fund\u00f3 el Taller Cultural El Cueche, equipo con el que se hicieron varias publicaciones. De este mismo grupo hay que resaltar que se hizo un trabajo pionero en la difusi\u00f3n de la m\u00fasica andina, latinoamericana y del caribe. Despu\u00e9s de terminar sus estudios de biolog\u00eda en la Universidad de Nari\u00f1o entr\u00f3 a laborar en emisoras de la ciudad de Pasto como en RCN, donde se desempe\u00f1aba como locutor de planta. Dirigi\u00f3 programas en la extinta Ondas del Mayo, en varias oportunidades; tambi\u00e9n en Ecos de Pasto. Fue colaborador de el Noticias RCN y dirigi\u00f3 el programa Simana al D\u00eda, del Sindicato del Magisterio de Nari\u00f1o, en dos \u00e9pocas. En el a\u00f1o de 1992 funda el Comit\u00e9 de Solidaridad con Cuba Jos\u00e9 Mart\u00ed, cuyo objetivo era divulgar la realidad cubana y expresar apoyo moral, pol\u00edtico y material al pa\u00eds caribe\u00f1o. Ante la mala interpretaci\u00f3n que la gente le daba a este tipo de acciones, se decide promover viajes de solidad a Cuba para participar en la Brigada Latinoamericana de Trabajo Voluntario, en el Festival Cuba Vive y, de manera especia,l en el 14 Festival Mundial de la Juventud y los Estudiantes, que se desarroll\u00f3 en la isla en el a\u00f1o de 1997. Con esta experiencia impulsa el turismo al pa\u00eds caribe\u00f1o con el resultado de que miles de personas han participado de las excursiones organizadas por Ar\u00e9valo Rosero. Asimismo ha venido impulsando las Brigadas de Salud en Cuba, tendiente a llevar pacientes de c\u00e1ncer a ese destino con el fin de que reciban atenci\u00f3n m\u00e9dica, teniendo en cuenta que la experiencia cubana en el tema ha sido bastante favorable. Veinte a\u00f1os despu\u00e9s de estas nutritivas experiencias, le permiten impulsar excursiones adem\u00e1s a M\u00e9xico, Machu Picchu, Argentina, Ecuador, Panam\u00e1 y Tierra Santa. En cuanto al desempe\u00f1o period\u00edstico, adem\u00e1s de los medios radiales y de televisi\u00f3n, en los canales de la universidades de Nari\u00f1o y Mariana, se ha desempe\u00f1ado como columnista en Diario del Sur durante 6 a\u00f1os y en algunos medios virtuales. Tambi\u00e9n es colaborador de el Diario del Cauca. Considera que la pr\u00e1ctica de la lectura es beber de la fuente nutricia que permite apropiarse de manera consciente del ejercicio de la democracia; y la posibilidad de escribir y ser le\u00eddo, acceder al poder, por que considera la palabra como el mayor instrumento de acci\u00f3n cuando est\u00e1 bien encamina al leg\u00edtimo servicio social. En la actualidad adem\u00e1s de so\u00f1ar con viajar por el mundo se desempe\u00f1a como docente del departamento de ciencias de Inem Luis Delf\u00edn Insuasty de Pasto. Correo: Esta direcci\u00f3n de correo electr\u00f3nico est\u00e1 protegida contra spambots. Usted necesita tener Javascript activado para poder verla.\" target=\"_blank\" style=\"color: #1155cc; text-align: justify; font-family: arial, sans-serif; font-size: 13px; line-height: normal;\"&gt;fundacionecosofia@gmail.com","url":"https:\/\/pagina10.com\/web\/author\/anibal\/"}]}},"_links":{"self":[{"href":"https:\/\/pagina10.com\/web\/wp-json\/wp\/v2\/posts\/21715","targetHints":{"allow":["GET"]}}],"collection":[{"href":"https:\/\/pagina10.com\/web\/wp-json\/wp\/v2\/posts"}],"about":[{"href":"https:\/\/pagina10.com\/web\/wp-json\/wp\/v2\/types\/post"}],"author":[{"embeddable":true,"href":"https:\/\/pagina10.com\/web\/wp-json\/wp\/v2\/users\/65"}],"replies":[{"embeddable":true,"href":"https:\/\/pagina10.com\/web\/wp-json\/wp\/v2\/comments?post=21715"}],"version-history":[{"count":0,"href":"https:\/\/pagina10.com\/web\/wp-json\/wp\/v2\/posts\/21715\/revisions"}],"wp:featuredmedia":[{"embeddable":true,"href":"https:\/\/pagina10.com\/web\/wp-json\/wp\/v2\/media\/21714"}],"wp:attachment":[{"href":"https:\/\/pagina10.com\/web\/wp-json\/wp\/v2\/media?parent=21715"}],"wp:term":[{"taxonomy":"category","embeddable":true,"href":"https:\/\/pagina10.com\/web\/wp-json\/wp\/v2\/categories?post=21715"},{"taxonomy":"post_tag","embeddable":true,"href":"https:\/\/pagina10.com\/web\/wp-json\/wp\/v2\/tags?post=21715"}],"curies":[{"name":"wp","href":"https:\/\/api.w.org\/{rel}","templated":true}]}}