{"id":21719,"date":"2016-10-19T00:31:03","date_gmt":"2016-10-19T00:31:03","guid":{"rendered":"https:\/\/pagina10.com\/web\/medida-de-aseguramiento-por-supuesto-abuso-sexual-de-su-primo\/"},"modified":"2016-10-19T00:31:03","modified_gmt":"2016-10-19T00:31:03","slug":"medida-de-aseguramiento-por-supuesto-abuso-sexual-de-su-primo","status":"publish","type":"post","link":"https:\/\/pagina10.com\/web\/medida-de-aseguramiento-por-supuesto-abuso-sexual-de-su-primo\/","title":{"rendered":"Medida de aseguramiento por supuesto abuso sexual de su primo"},"content":{"rendered":"<p><img fetchpriority=\"high\" decoding=\"async\" class=\" size-full wp-image-21718\" src=\"https:\/\/pagina10.com\/web\/wp-content\/uploads\/2016\/10\/850c03aee75ee085c721dedabddf8600.jpg\" alt=\"\" width=\"560\" height=\"373\" srcset=\"https:\/\/pagina10.com\/web\/wp-content\/uploads\/2016\/10\/850c03aee75ee085c721dedabddf8600.jpg 560w, https:\/\/pagina10.com\/web\/wp-content\/uploads\/2016\/10\/850c03aee75ee085c721dedabddf8600-300x200.jpg 300w, https:\/\/pagina10.com\/web\/wp-content\/uploads\/2016\/10\/850c03aee75ee085c721dedabddf8600-450x300.jpg 450w\" sizes=\"(max-width: 560px) 100vw, 560px\" \/><\/p>\n<p style=\"text-align: justify;\">Por el presunto abuso sexual de su primo de 14 a\u00f1os de edad, el Juzgado Segundo Penal Municipal con funciones de control de garant\u00edas de Pasto (Nari\u00f1o) dict\u00f3 medida de aseguramiento intramuros en contra de J.C.T.C.<\/p>\n<p style=\"text-align: justify;\">De acuerdo con la investigaci\u00f3n adelantada por la Fiscal\u00eda 60 Seccional, el procesado habr\u00eda utilizado sustancias alucin\u00f3genas para dejar en estado de indefensi\u00f3n al menor y abusar sexualmente de \u00e9l, el 3 de septiembre \u00faltimo.<\/p>\n<p style=\"text-align: justify;\">El procesado, de 24 a\u00f1os y de oficio obrero de construcci\u00f3n, fue capturado por servidores adscritos al Centro de Atenci\u00f3n Integral a V\u00edctimas de Abuso Sexual a V\u00edctimas (Caivas) del CTI Pasto (Nari\u00f1o), en v\u00eda p\u00fablica del barrio Los Aquines de esa ciudad.<\/p>\n<p style=\"text-align: justify;\">En el desarrollo de las audiencias, la Fiscal\u00eda imput\u00f3 el delito de acceso carnal abusivo con menor de 14 a\u00f1os contra el indiciado, quien no acept\u00f3 cargos y deber\u00e1 cumplir la medida en la c\u00e1rcel judicial de la capital nari\u00f1ense.<\/p>\n","protected":false},"excerpt":{"rendered":"<p>Por el presunto abuso sexual de su primo de 14 a\u00f1os de edad, el Juzgado Segundo Penal Municipal con funciones de control de garant\u00edas de Pasto (Nari\u00f1o) dict\u00f3 medida de aseguramiento intramuros en contra de J.C.T.C. De acuerdo con la investigaci\u00f3n adelantada por la Fiscal\u00eda 60 Seccional, el procesado habr\u00eda utilizado sustancias alucin\u00f3genas para dejar [&hellip;]<\/p>\n","protected":false},"author":29,"featured_media":21718,"comment_status":"open","ping_status":"open","sticky":false,"template":"","format":"standard","meta":{"footnotes":""},"categories":[1],"tags":[],"class_list":["post-21719","post","type-post","status-publish","format-standard","has-post-thumbnail","hentry","category-sin-categoria"],"yoast_head":"<!-- This site is optimized with the Yoast SEO plugin v27.1.1 - https:\/\/yoast.com\/product\/yoast-seo-wordpress\/ -->\n<title>Medida de aseguramiento por supuesto abuso sexual de su primo | P\u00e1gina10<\/title>\n<meta name=\"robots\" content=\"index, follow, max-snippet:-1, max-image-preview:large, max-video-preview:-1\" \/>\n<link rel=\"canonical\" href=\"https:\/\/pagina10.com\/web\/medida-de-aseguramiento-por-supuesto-abuso-sexual-de-su-primo\/\" \/>\n<meta property=\"og:locale\" content=\"es_ES\" \/>\n<meta property=\"og:type\" content=\"article\" \/>\n<meta property=\"og:title\" content=\"Medida de aseguramiento por supuesto abuso sexual de su primo | P\u00e1gina10\" \/>\n<meta property=\"og:description\" content=\"Por el presunto abuso sexual de su primo de 14 a\u00f1os de edad, el Juzgado Segundo Penal Municipal con funciones de control de garant\u00edas de Pasto (Nari\u00f1o) dict\u00f3 medida de aseguramiento intramuros en contra de J.C.T.C. De acuerdo con la investigaci\u00f3n adelantada por la Fiscal\u00eda 60 Seccional, el procesado habr\u00eda utilizado sustancias alucin\u00f3genas para dejar [&hellip;]\" \/>\n<meta property=\"og:url\" content=\"https:\/\/pagina10.com\/web\/medida-de-aseguramiento-por-supuesto-abuso-sexual-de-su-primo\/\" \/>\n<meta property=\"og:site_name\" content=\"P\u00e1gina10\" \/>\n<meta property=\"article:publisher\" content=\"https:\/\/www.facebook.com\/pag10com\" \/>\n<meta property=\"article:published_time\" content=\"2016-10-19T00:31:03+00:00\" \/>\n<meta property=\"og:image\" content=\"https:\/\/pagina10.com\/web\/wp-content\/uploads\/2016\/10\/850c03aee75ee085c721dedabddf8600.jpg\" \/>\n\t<meta property=\"og:image:width\" content=\"560\" \/>\n\t<meta property=\"og:image:height\" content=\"373\" \/>\n\t<meta property=\"og:image:type\" content=\"image\/jpeg\" \/>\n<meta name=\"author\" content=\"P\u00e1gina 10\" \/>\n<meta name=\"twitter:card\" content=\"summary_large_image\" \/>\n<meta name=\"twitter:creator\" content=\"@Pag10com\" \/>\n<meta name=\"twitter:site\" content=\"@Pag10com\" \/>\n<meta name=\"twitter:label1\" content=\"Escrito por\" \/>\n\t<meta name=\"twitter:data1\" content=\"P\u00e1gina 10\" \/>\n\t<meta name=\"twitter:label2\" content=\"Tiempo de lectura\" \/>\n\t<meta name=\"twitter:data2\" content=\"1 minuto\" \/>\n<script type=\"application\/ld+json\" class=\"yoast-schema-graph\">{\"@context\":\"https:\/\/schema.org\",\"@graph\":[{\"@type\":\"Article\",\"@id\":\"https:\/\/pagina10.com\/web\/medida-de-aseguramiento-por-supuesto-abuso-sexual-de-su-primo\/#article\",\"isPartOf\":{\"@id\":\"https:\/\/pagina10.com\/web\/medida-de-aseguramiento-por-supuesto-abuso-sexual-de-su-primo\/\"},\"author\":{\"name\":\"P\u00e1gina 10\",\"@id\":\"https:\/\/pagina10.com\/web\/#\/schema\/person\/a7a5d38f0629dfc107f619fbae4f6cc3\"},\"headline\":\"Medida de aseguramiento por supuesto abuso sexual de su primo\",\"datePublished\":\"2016-10-19T00:31:03+00:00\",\"mainEntityOfPage\":{\"@id\":\"https:\/\/pagina10.com\/web\/medida-de-aseguramiento-por-supuesto-abuso-sexual-de-su-primo\/\"},\"wordCount\":182,\"commentCount\":0,\"publisher\":{\"@id\":\"https:\/\/pagina10.com\/web\/#organization\"},\"image\":{\"@id\":\"https:\/\/pagina10.com\/web\/medida-de-aseguramiento-por-supuesto-abuso-sexual-de-su-primo\/#primaryimage\"},\"thumbnailUrl\":\"https:\/\/pagina10.com\/web\/wp-content\/uploads\/2016\/10\/850c03aee75ee085c721dedabddf8600.jpg\",\"inLanguage\":\"es\",\"potentialAction\":[{\"@type\":\"CommentAction\",\"name\":\"Comment\",\"target\":[\"https:\/\/pagina10.com\/web\/medida-de-aseguramiento-por-supuesto-abuso-sexual-de-su-primo\/#respond\"]}]},{\"@type\":\"WebPage\",\"@id\":\"https:\/\/pagina10.com\/web\/medida-de-aseguramiento-por-supuesto-abuso-sexual-de-su-primo\/\",\"url\":\"https:\/\/pagina10.com\/web\/medida-de-aseguramiento-por-supuesto-abuso-sexual-de-su-primo\/\",\"name\":\"Medida de aseguramiento por supuesto abuso sexual de su primo | P\u00e1gina10\",\"isPartOf\":{\"@id\":\"https:\/\/pagina10.com\/web\/#website\"},\"primaryImageOfPage\":{\"@id\":\"https:\/\/pagina10.com\/web\/medida-de-aseguramiento-por-supuesto-abuso-sexual-de-su-primo\/#primaryimage\"},\"image\":{\"@id\":\"https:\/\/pagina10.com\/web\/medida-de-aseguramiento-por-supuesto-abuso-sexual-de-su-primo\/#primaryimage\"},\"thumbnailUrl\":\"https:\/\/pagina10.com\/web\/wp-content\/uploads\/2016\/10\/850c03aee75ee085c721dedabddf8600.jpg\",\"datePublished\":\"2016-10-19T00:31:03+00:00\",\"breadcrumb\":{\"@id\":\"https:\/\/pagina10.com\/web\/medida-de-aseguramiento-por-supuesto-abuso-sexual-de-su-primo\/#breadcrumb\"},\"inLanguage\":\"es\",\"potentialAction\":[{\"@type\":\"ReadAction\",\"target\":[\"https:\/\/pagina10.com\/web\/medida-de-aseguramiento-por-supuesto-abuso-sexual-de-su-primo\/\"]}]},{\"@type\":\"ImageObject\",\"inLanguage\":\"es\",\"@id\":\"https:\/\/pagina10.com\/web\/medida-de-aseguramiento-por-supuesto-abuso-sexual-de-su-primo\/#primaryimage\",\"url\":\"https:\/\/pagina10.com\/web\/wp-content\/uploads\/2016\/10\/850c03aee75ee085c721dedabddf8600.jpg\",\"contentUrl\":\"https:\/\/pagina10.com\/web\/wp-content\/uploads\/2016\/10\/850c03aee75ee085c721dedabddf8600.jpg\",\"width\":560,\"height\":373},{\"@type\":\"BreadcrumbList\",\"@id\":\"https:\/\/pagina10.com\/web\/medida-de-aseguramiento-por-supuesto-abuso-sexual-de-su-primo\/#breadcrumb\",\"itemListElement\":[{\"@type\":\"ListItem\",\"position\":1,\"name\":\"Portada\",\"item\":\"https:\/\/pagina10.com\/web\/\"},{\"@type\":\"ListItem\",\"position\":2,\"name\":\"Medida de aseguramiento por supuesto abuso sexual de su primo\"}]},{\"@type\":\"WebSite\",\"@id\":\"https:\/\/pagina10.com\/web\/#website\",\"url\":\"https:\/\/pagina10.com\/web\/\",\"name\":\"P\u00e1gina10\",\"description\":\"Peri\u00f3dico Regional\",\"publisher\":{\"@id\":\"https:\/\/pagina10.com\/web\/#organization\"},\"alternateName\":\"P\u00e1gina10 Peri\u00f3dico Regional\",\"potentialAction\":[{\"@type\":\"SearchAction\",\"target\":{\"@type\":\"EntryPoint\",\"urlTemplate\":\"https:\/\/pagina10.com\/web\/?s={search_term_string}\"},\"query-input\":{\"@type\":\"PropertyValueSpecification\",\"valueRequired\":true,\"valueName\":\"search_term_string\"}}],\"inLanguage\":\"es\"},{\"@type\":\"Organization\",\"@id\":\"https:\/\/pagina10.com\/web\/#organization\",\"name\":\"P\u00e1gina10\",\"alternateName\":\"P\u00e1gina10 Peri\u00f3dico Regional\",\"url\":\"https:\/\/pagina10.com\/web\/\",\"logo\":{\"@type\":\"ImageObject\",\"inLanguage\":\"es\",\"@id\":\"https:\/\/pagina10.com\/web\/#\/schema\/logo\/image\/\",\"url\":\"https:\/\/pagina10.com\/web\/wp-content\/uploads\/2024\/01\/40-pagina-10-periodico-regional-pasto.jpg\",\"contentUrl\":\"https:\/\/pagina10.com\/web\/wp-content\/uploads\/2024\/01\/40-pagina-10-periodico-regional-pasto.jpg\",\"width\":1280,\"height\":720,\"caption\":\"P\u00e1gina10\"},\"image\":{\"@id\":\"https:\/\/pagina10.com\/web\/#\/schema\/logo\/image\/\"},\"sameAs\":[\"https:\/\/www.facebook.com\/pag10com\",\"https:\/\/x.com\/Pag10com\",\"https:\/\/www.instagram.com\/pagina10col\/\",\"https:\/\/youtube.com\/channel\/pag10\",\"https:\/\/www.tiktok.com\/@p10col\"]},{\"@type\":\"Person\",\"@id\":\"https:\/\/pagina10.com\/web\/#\/schema\/person\/a7a5d38f0629dfc107f619fbae4f6cc3\",\"name\":\"P\u00e1gina 10\",\"description\":\"P\u00e1gina10.com es un peri\u00f3dico digital que nace en Colombia, en el departamento de Nari\u00f1o, con un enfoque global, fundamentado en cuatro pilares esenciales: la libertad, el pluralismo, la inclusi\u00f3n y la independencia. P\u00e1gina10.com hace referencia a Nari\u00f1o como el d\u00e9cimo departamento creado en Colombia, despu\u00e9s de un proceso pol\u00edtico liderado por actores y actrices regionales con el fin de obtener la independencia y autonom\u00eda de nuestros territorios. Con la creaci\u00f3n de P\u00e1gina10.com se pretende abrir un escenario para el dialogo, la reflexi\u00f3n y el debate que se extienda a otras geograf\u00edas de Am\u00e9rica Latina y del planeta, en una apuesta por transformar colectivamente los desaf\u00edos de un mundo contempor\u00e1neo, m\u00e1s all\u00e1 de las fronteras impuestas.\",\"url\":\"https:\/\/pagina10.com\/web\/author\/mcepeda\/\"}]}<\/script>\n<!-- \/ Yoast SEO plugin. -->","yoast_head_json":{"title":"Medida de aseguramiento por supuesto abuso sexual de su primo | P\u00e1gina10","robots":{"index":"index","follow":"follow","max-snippet":"max-snippet:-1","max-image-preview":"max-image-preview:large","max-video-preview":"max-video-preview:-1"},"canonical":"https:\/\/pagina10.com\/web\/medida-de-aseguramiento-por-supuesto-abuso-sexual-de-su-primo\/","og_locale":"es_ES","og_type":"article","og_title":"Medida de aseguramiento por supuesto abuso sexual de su primo | P\u00e1gina10","og_description":"Por el presunto abuso sexual de su primo de 14 a\u00f1os de edad, el Juzgado Segundo Penal Municipal con funciones de control de garant\u00edas de Pasto (Nari\u00f1o) dict\u00f3 medida de aseguramiento intramuros en contra de J.C.T.C. De acuerdo con la investigaci\u00f3n adelantada por la Fiscal\u00eda 60 Seccional, el procesado habr\u00eda utilizado sustancias alucin\u00f3genas para dejar [&hellip;]","og_url":"https:\/\/pagina10.com\/web\/medida-de-aseguramiento-por-supuesto-abuso-sexual-de-su-primo\/","og_site_name":"P\u00e1gina10","article_publisher":"https:\/\/www.facebook.com\/pag10com","article_published_time":"2016-10-19T00:31:03+00:00","og_image":[{"width":560,"height":373,"url":"https:\/\/pagina10.com\/web\/wp-content\/uploads\/2016\/10\/850c03aee75ee085c721dedabddf8600.jpg","type":"image\/jpeg"}],"author":"P\u00e1gina 10","twitter_card":"summary_large_image","twitter_creator":"@Pag10com","twitter_site":"@Pag10com","twitter_misc":{"Escrito por":"P\u00e1gina 10","Tiempo de lectura":"1 minuto"},"schema":{"@context":"https:\/\/schema.org","@graph":[{"@type":"Article","@id":"https:\/\/pagina10.com\/web\/medida-de-aseguramiento-por-supuesto-abuso-sexual-de-su-primo\/#article","isPartOf":{"@id":"https:\/\/pagina10.com\/web\/medida-de-aseguramiento-por-supuesto-abuso-sexual-de-su-primo\/"},"author":{"name":"P\u00e1gina 10","@id":"https:\/\/pagina10.com\/web\/#\/schema\/person\/a7a5d38f0629dfc107f619fbae4f6cc3"},"headline":"Medida de aseguramiento por supuesto abuso sexual de su primo","datePublished":"2016-10-19T00:31:03+00:00","mainEntityOfPage":{"@id":"https:\/\/pagina10.com\/web\/medida-de-aseguramiento-por-supuesto-abuso-sexual-de-su-primo\/"},"wordCount":182,"commentCount":0,"publisher":{"@id":"https:\/\/pagina10.com\/web\/#organization"},"image":{"@id":"https:\/\/pagina10.com\/web\/medida-de-aseguramiento-por-supuesto-abuso-sexual-de-su-primo\/#primaryimage"},"thumbnailUrl":"https:\/\/pagina10.com\/web\/wp-content\/uploads\/2016\/10\/850c03aee75ee085c721dedabddf8600.jpg","inLanguage":"es","potentialAction":[{"@type":"CommentAction","name":"Comment","target":["https:\/\/pagina10.com\/web\/medida-de-aseguramiento-por-supuesto-abuso-sexual-de-su-primo\/#respond"]}]},{"@type":"WebPage","@id":"https:\/\/pagina10.com\/web\/medida-de-aseguramiento-por-supuesto-abuso-sexual-de-su-primo\/","url":"https:\/\/pagina10.com\/web\/medida-de-aseguramiento-por-supuesto-abuso-sexual-de-su-primo\/","name":"Medida de aseguramiento por supuesto abuso sexual de su primo | P\u00e1gina10","isPartOf":{"@id":"https:\/\/pagina10.com\/web\/#website"},"primaryImageOfPage":{"@id":"https:\/\/pagina10.com\/web\/medida-de-aseguramiento-por-supuesto-abuso-sexual-de-su-primo\/#primaryimage"},"image":{"@id":"https:\/\/pagina10.com\/web\/medida-de-aseguramiento-por-supuesto-abuso-sexual-de-su-primo\/#primaryimage"},"thumbnailUrl":"https:\/\/pagina10.com\/web\/wp-content\/uploads\/2016\/10\/850c03aee75ee085c721dedabddf8600.jpg","datePublished":"2016-10-19T00:31:03+00:00","breadcrumb":{"@id":"https:\/\/pagina10.com\/web\/medida-de-aseguramiento-por-supuesto-abuso-sexual-de-su-primo\/#breadcrumb"},"inLanguage":"es","potentialAction":[{"@type":"ReadAction","target":["https:\/\/pagina10.com\/web\/medida-de-aseguramiento-por-supuesto-abuso-sexual-de-su-primo\/"]}]},{"@type":"ImageObject","inLanguage":"es","@id":"https:\/\/pagina10.com\/web\/medida-de-aseguramiento-por-supuesto-abuso-sexual-de-su-primo\/#primaryimage","url":"https:\/\/pagina10.com\/web\/wp-content\/uploads\/2016\/10\/850c03aee75ee085c721dedabddf8600.jpg","contentUrl":"https:\/\/pagina10.com\/web\/wp-content\/uploads\/2016\/10\/850c03aee75ee085c721dedabddf8600.jpg","width":560,"height":373},{"@type":"BreadcrumbList","@id":"https:\/\/pagina10.com\/web\/medida-de-aseguramiento-por-supuesto-abuso-sexual-de-su-primo\/#breadcrumb","itemListElement":[{"@type":"ListItem","position":1,"name":"Portada","item":"https:\/\/pagina10.com\/web\/"},{"@type":"ListItem","position":2,"name":"Medida de aseguramiento por supuesto abuso sexual de su primo"}]},{"@type":"WebSite","@id":"https:\/\/pagina10.com\/web\/#website","url":"https:\/\/pagina10.com\/web\/","name":"P\u00e1gina10","description":"Peri\u00f3dico Regional","publisher":{"@id":"https:\/\/pagina10.com\/web\/#organization"},"alternateName":"P\u00e1gina10 Peri\u00f3dico Regional","potentialAction":[{"@type":"SearchAction","target":{"@type":"EntryPoint","urlTemplate":"https:\/\/pagina10.com\/web\/?s={search_term_string}"},"query-input":{"@type":"PropertyValueSpecification","valueRequired":true,"valueName":"search_term_string"}}],"inLanguage":"es"},{"@type":"Organization","@id":"https:\/\/pagina10.com\/web\/#organization","name":"P\u00e1gina10","alternateName":"P\u00e1gina10 Peri\u00f3dico Regional","url":"https:\/\/pagina10.com\/web\/","logo":{"@type":"ImageObject","inLanguage":"es","@id":"https:\/\/pagina10.com\/web\/#\/schema\/logo\/image\/","url":"https:\/\/pagina10.com\/web\/wp-content\/uploads\/2024\/01\/40-pagina-10-periodico-regional-pasto.jpg","contentUrl":"https:\/\/pagina10.com\/web\/wp-content\/uploads\/2024\/01\/40-pagina-10-periodico-regional-pasto.jpg","width":1280,"height":720,"caption":"P\u00e1gina10"},"image":{"@id":"https:\/\/pagina10.com\/web\/#\/schema\/logo\/image\/"},"sameAs":["https:\/\/www.facebook.com\/pag10com","https:\/\/x.com\/Pag10com","https:\/\/www.instagram.com\/pagina10col\/","https:\/\/youtube.com\/channel\/pag10","https:\/\/www.tiktok.com\/@p10col"]},{"@type":"Person","@id":"https:\/\/pagina10.com\/web\/#\/schema\/person\/a7a5d38f0629dfc107f619fbae4f6cc3","name":"P\u00e1gina 10","description":"P\u00e1gina10.com es un peri\u00f3dico digital que nace en Colombia, en el departamento de Nari\u00f1o, con un enfoque global, fundamentado en cuatro pilares esenciales: la libertad, el pluralismo, la inclusi\u00f3n y la independencia. P\u00e1gina10.com hace referencia a Nari\u00f1o como el d\u00e9cimo departamento creado en Colombia, despu\u00e9s de un proceso pol\u00edtico liderado por actores y actrices regionales con el fin de obtener la independencia y autonom\u00eda de nuestros territorios. Con la creaci\u00f3n de P\u00e1gina10.com se pretende abrir un escenario para el dialogo, la reflexi\u00f3n y el debate que se extienda a otras geograf\u00edas de Am\u00e9rica Latina y del planeta, en una apuesta por transformar colectivamente los desaf\u00edos de un mundo contempor\u00e1neo, m\u00e1s all\u00e1 de las fronteras impuestas.","url":"https:\/\/pagina10.com\/web\/author\/mcepeda\/"}]}},"_links":{"self":[{"href":"https:\/\/pagina10.com\/web\/wp-json\/wp\/v2\/posts\/21719","targetHints":{"allow":["GET"]}}],"collection":[{"href":"https:\/\/pagina10.com\/web\/wp-json\/wp\/v2\/posts"}],"about":[{"href":"https:\/\/pagina10.com\/web\/wp-json\/wp\/v2\/types\/post"}],"author":[{"embeddable":true,"href":"https:\/\/pagina10.com\/web\/wp-json\/wp\/v2\/users\/29"}],"replies":[{"embeddable":true,"href":"https:\/\/pagina10.com\/web\/wp-json\/wp\/v2\/comments?post=21719"}],"version-history":[{"count":0,"href":"https:\/\/pagina10.com\/web\/wp-json\/wp\/v2\/posts\/21719\/revisions"}],"wp:featuredmedia":[{"embeddable":true,"href":"https:\/\/pagina10.com\/web\/wp-json\/wp\/v2\/media\/21718"}],"wp:attachment":[{"href":"https:\/\/pagina10.com\/web\/wp-json\/wp\/v2\/media?parent=21719"}],"wp:term":[{"taxonomy":"category","embeddable":true,"href":"https:\/\/pagina10.com\/web\/wp-json\/wp\/v2\/categories?post=21719"},{"taxonomy":"post_tag","embeddable":true,"href":"https:\/\/pagina10.com\/web\/wp-json\/wp\/v2\/tags?post=21719"}],"curies":[{"name":"wp","href":"https:\/\/api.w.org\/{rel}","templated":true}]}}