{"id":21725,"date":"2016-10-21T15:52:57","date_gmt":"2016-10-21T15:52:57","guid":{"rendered":"https:\/\/pagina10.com\/web\/de-reaccionarios-e-iconoclastas\/"},"modified":"2016-10-21T15:52:57","modified_gmt":"2016-10-21T15:52:57","slug":"de-reaccionarios-e-iconoclastas","status":"publish","type":"post","link":"https:\/\/pagina10.com\/web\/de-reaccionarios-e-iconoclastas\/","title":{"rendered":"De reaccionarios e iconoclastas"},"content":{"rendered":"<p><img fetchpriority=\"high\" decoding=\"async\" class=\" size-full wp-image-21724\" src=\"https:\/\/pagina10.com\/web\/wp-content\/uploads\/2016\/10\/45ad714773b44d1381a0e88e741132c5.jpg\" alt=\"\" width=\"640\" height=\"482\" srcset=\"https:\/\/pagina10.com\/web\/wp-content\/uploads\/2016\/10\/45ad714773b44d1381a0e88e741132c5.jpg 640w, https:\/\/pagina10.com\/web\/wp-content\/uploads\/2016\/10\/45ad714773b44d1381a0e88e741132c5-300x226.jpg 300w, https:\/\/pagina10.com\/web\/wp-content\/uploads\/2016\/10\/45ad714773b44d1381a0e88e741132c5-86x64.jpg 86w\" sizes=\"(max-width: 640px) 100vw, 640px\" \/><\/p>\n<p style=\"text-align: justify;\">Hace alg\u00fan tiempo, un gran amigo me dec\u00eda, en son de burla, que nos hab\u00edamos vuelto reaccionarios, en la medida que nuestras ideas, que siempre cre\u00edmos de avanzada o revolucionarias, se parec\u00edan mucho a la a\u00f1oranza de aquello ya pasado. Hoy ha vuelto a mi cabeza el t\u00e9rmino en relaci\u00f3n a un comentario que hice respecto a por qu\u00e9 se borr\u00f3 la ic\u00f3nica imagen del Che en la Universidad Nacional de Colombia. Llovieron toda clase de improperios y hasta de insultos, porque dije que la Plaza Che sin el Che parec\u00eda un tamal sin chocolate, recordando aquella c\u00e9lebre canci\u00f3n cachaca de anta\u00f1o. Entonces, en detenida meditaci\u00f3n quise relacionar el hecho, banal si se quiere para algunos, de volverse iconoclastas o reaccionarios, con los hechos que han sucedido en el pa\u00eds en los \u00faltimos d\u00edas.<\/p>\n<p style=\"text-align: justify;\">&nbsp;&nbsp;&nbsp;&nbsp;&nbsp;&nbsp;&nbsp;&nbsp;&nbsp;&nbsp;&nbsp; Dije que a los iconoclastas toda memoria les recuerda a la revoluci\u00f3n, pero alguien coment\u00f3 que igual pas\u00f3 cuando quitaron el Santander de la plaza que lleva su nombre, hecho del cual fui testigo presencial, cuando los entonces guardias rojos sacaron amarrada la estatua que permanec\u00eda en la Biblioteca \u201cCamilo Torres\u201d, para cogerlo a martillazos y destruirlo. Esto me puso a reflexionar, claro, Santander, el mayor impulsador de la educaci\u00f3n laica a inicios de la Rep\u00fablica, y quien en plena guerra de Independencia fundaba universidades y colegios, fruto de ello son las Centrales de Quito y Caracas, y la hoy Nacional de Colombia, adem\u00e1s de un centenar de colegios que se riegan por todos los rincones del pa\u00eds, aun en los m\u00e1s rec\u00f3nditos y peque\u00f1os. Pero as\u00ed mismo record\u00e9 como en otra ocasi\u00f3n los encapuchados sacaron un antiguo retrato al \u00f3leo de Santander e intentaron quemarlo en la plaza Che, ante lo cual, me opuse de manera ferviente, no tanto por lo que el retrato representaba pol\u00edticamente, el odiado enemigo de Bol\u00edvar, seg\u00fan arg\u00fc\u00edan los pir\u00f3manos de entonces, sino porque consider\u00e9 que era una pieza de arte importante y que no merec\u00eda tal suerte, menos mal se sumaron otros compa\u00f1eros y el cuadro finalmente fue puesto en mano de los gendarmes contratados por la Nacional para cuidar a sus habitantes, seg\u00fan propia expresi\u00f3n de ellos.<\/p>\n<p style=\"text-align: justify;\">Y como si esto fuese poco, hace unos pocos meses se levant\u00f3 en Pasto, capital de Nari\u00f1o, un verdadero revuelo porque se propuso sacar de la ciudad el monumento a Bol\u00edvar que se hab\u00eda erigido a mediados del siglo XX, aduciendo que \u00e9ste era un sanguinario, enemigo de la ciudad, y que hab\u00eda ordenado desaparecerla de la faz de los pueblos, como bien puede comprobarse en su correspondencia con el entonces Vicepresidente Santander, la raz\u00f3n no tan simple, es que Pasto fue afecta al rey hasta bien entrada la Independencia, ya que las \u00e9lites quer\u00edan mantener su status quo y se prendieron de cuanto fanatismo existiera para hacer figurar no s\u00f3lo a Bol\u00edvar, sino a todo lo que les oliera a independencia, como a verdaderos diablos enemigos de la fe y del rey. Y para sorpresa de muchos, las palabras m\u00e1s fuertes y los enconos m\u00e1s grandes llegaban de j\u00f3venes que han crecido o han alimentado m\u00e1s los odios, porque realmente fueron muy pocos quienes argumentaban que el s\u00edmbolo debe ser revalorado, y que la estatua realmente es lo de menos. &nbsp;<\/p>\n<p style=\"text-align: justify;\">Pero falta un ingrediente principal frente a esta serie de hechos de iconoclastas y de reaccionarios, la no tan victoriosa del No frente al plebiscito para aprobar los acuerdos del Gobierno con las Farc, digo no tan victoriosa, porque lo que realmente demuestra esos resultados es la polarizaci\u00f3n que vive el pa\u00eds, fruto de un desgaste de la clase dirigente, de todas las posiciones y colores, as\u00ed como del cansancio de un pa\u00eds que no sabe qu\u00e9 decidir frente a su propio futuro. Yo vot\u00e9 por el s\u00ed, convencido por dem\u00e1s de que la victoria ser\u00eda aplastante, pero cuan equivocado estaba. Claro, las reacciones inmediatas son decir que los del No se dejaron manipular, m\u00e1xime cuando es el propio asesor de la campa\u00f1a quien sale a decir a los medios que se basaron en una lucha medi\u00e1tica para desinformar a las personas con cosas tan de la raigambre popular como son el salario para los guerrilleros, el castro-chavismo-gay, que dicho sea de paso nadie entiende qu\u00e9 es realmente, y el fin de la familia con la inclusi\u00f3n del enfoque de g\u00e9nero en los di\u00e1logos, cosas que realmente no se encuentran en los di\u00e1logos, sino en cabeza del ex procurador Ordo\u00f1ez, quiz\u00e1, y de sus \u00e1ulicos.<\/p>\n<p style=\"text-align: justify;\">\u00bfEntonces? Son muchos los asuntos por tratar, pero quiero detenerme exclusivamente en la posici\u00f3n que los j\u00f3venes toman frente a los sucesos del pa\u00eds. Las apabullantes marchas a favor de los acuerdos luego del plebiscito, convocadas por estudiantes, realmente muestran que son una fuerza viva en el pa\u00eds, el problema es reconocer hasta qu\u00e9 punto de convencimiento y de apropiaci\u00f3n del tema existe por parte de ellos, lo digo porque las arengas, las silbatinas, las andadas, son las mismas que hac\u00edamos hace m\u00e1s de 20 a\u00f1os los j\u00f3venes de entonces, y mientras entregan una flor a los miembros del ESMAD, cantan arengas cargadas de rencor y odio hacia el se\u00f1or innombrable, por citar un solo ejemplo.<\/p>\n<p style=\"text-align: justify;\">En la Universidad Nacional, pasa otro tanto, parece que por orden de la Rector\u00eda el ic\u00f3nico Che fue borrado, sin embargo, al otro d\u00eda es pintando nuevamente, y nuevamente borrado, seg\u00fan versiones no oficiales, por los propios estudiantes. Tal vez son las contradicciones propias de la edad, pero tambi\u00e9n muestran manifiestamente la polaridad en que vivimos. Uno de los argumentos frente a lo que escrib\u00ed respecto al Che, fue que \u201ca rey muerto, rey puesto\u201d, as\u00ed como primero fue Santander y luego el Che, la pregunta es \u00bfy ahora qui\u00e9n? En el romanticismo revolucionario propio de los de mi generaci\u00f3n, el Che es el s\u00edmbolo de la lucha, de la entrega constante, de la oblaci\u00f3n total por los m\u00e1s necesitados, sin embargo, muchos argumentan que es un asesino, un homicida y que no quien ni al Che ni a Camilo Torres en la Nacional. Nuevamente, \u00bfentonces? Seg\u00fan esa l\u00f3gica, deben desaparecer de la faz de la tierra todos los monumentos a todos aquellos que por hacer una revoluci\u00f3n, por buscar cambios, debieron enfrentar una guerra y convertirse tambi\u00e9n en homicidas, si no ellos, si sus huestes y sus seguidores, como en toda guerra.<\/p>\n<p style=\"text-align: justify;\">En la semi\u00f3tica, el objeto deja de serlo porque tiene un significado para alguien, entonces los s\u00edmbolos est\u00e1n enfrentando tambi\u00e9n un periodo de decadencia y de revaluaci\u00f3n, porque los significados cambian, ya el Che no le dice al joven de hoy lo que le dec\u00eda al joven de hace 20 o m\u00e1s a\u00f1os; pero entonces aparecen tambi\u00e9n los reaccionarios, como en Pasto, en donde los odios toman otros matices frente a la imagen de Bol\u00edvar, hay una apropiaci\u00f3n del s\u00edmbolo para querer demostrar singularidad, no fundada \u00e9sta en el reconocimiento de las alteridades, sino tambi\u00e9n como centro de poder y de dominio desde una ciudad hacia todo un departamento.<\/p>\n<p style=\"text-align: justify;\">Quiz\u00e1 hemos crecido odi\u00e1ndonos, los principales medios de comunicaci\u00f3n han hecho que seamos banales y superfluos, por eso sufrimos m\u00e1s cuando no se marca un gol o cuando a una reina le quitan su corona, esos son nuestros s\u00edmbolos. Quiz\u00e1 nos hace falta dialogar con \u201clos otros\u201d para poder compartir tambi\u00e9n esos significados, para re-fundarnos como naci\u00f3n, y que no terminen los monumentos y las estatuas oliendo a las micciones del odio y la apat\u00eda.&nbsp;<\/p>\n","protected":false},"excerpt":{"rendered":"<p>Hace alg\u00fan tiempo, un gran amigo me dec\u00eda, en son de burla, que nos hab\u00edamos vuelto reaccionarios, en la medida que nuestras ideas, que siempre cre\u00edmos de avanzada o revolucionarias, se parec\u00edan mucho a la a\u00f1oranza de aquello ya pasado. Hoy ha vuelto a mi cabeza el t\u00e9rmino en relaci\u00f3n a un comentario que hice [&hellip;]<\/p>\n","protected":false},"author":8,"featured_media":21724,"comment_status":"open","ping_status":"open","sticky":false,"template":"","format":"standard","meta":{"footnotes":""},"categories":[1],"tags":[],"class_list":["post-21725","post","type-post","status-publish","format-standard","has-post-thumbnail","hentry","category-sin-categoria"],"yoast_head":"<!-- This site is optimized with the Yoast SEO plugin v27.1.1 - https:\/\/yoast.com\/product\/yoast-seo-wordpress\/ -->\n<title>De reaccionarios e iconoclastas | P\u00e1gina10<\/title>\n<meta name=\"robots\" content=\"index, follow, max-snippet:-1, max-image-preview:large, max-video-preview:-1\" \/>\n<link rel=\"canonical\" href=\"https:\/\/pagina10.com\/web\/de-reaccionarios-e-iconoclastas\/\" \/>\n<meta property=\"og:locale\" content=\"es_ES\" \/>\n<meta property=\"og:type\" content=\"article\" \/>\n<meta property=\"og:title\" content=\"De reaccionarios e iconoclastas | P\u00e1gina10\" \/>\n<meta property=\"og:description\" content=\"Hace alg\u00fan tiempo, un gran amigo me dec\u00eda, en son de burla, que nos hab\u00edamos vuelto reaccionarios, en la medida que nuestras ideas, que siempre cre\u00edmos de avanzada o revolucionarias, se parec\u00edan mucho a la a\u00f1oranza de aquello ya pasado. Hoy ha vuelto a mi cabeza el t\u00e9rmino en relaci\u00f3n a un comentario que hice [&hellip;]\" \/>\n<meta property=\"og:url\" content=\"https:\/\/pagina10.com\/web\/de-reaccionarios-e-iconoclastas\/\" \/>\n<meta property=\"og:site_name\" content=\"P\u00e1gina10\" \/>\n<meta property=\"article:publisher\" content=\"https:\/\/www.facebook.com\/pag10com\" \/>\n<meta property=\"article:published_time\" content=\"2016-10-21T15:52:57+00:00\" \/>\n<meta property=\"og:image\" content=\"https:\/\/pagina10.com\/web\/wp-content\/uploads\/2016\/10\/45ad714773b44d1381a0e88e741132c5.jpg\" \/>\n\t<meta property=\"og:image:width\" content=\"640\" \/>\n\t<meta property=\"og:image:height\" content=\"482\" \/>\n\t<meta property=\"og:image:type\" content=\"image\/jpeg\" \/>\n<meta name=\"author\" content=\"J. Mauricio Chaves Bustos\" \/>\n<meta name=\"twitter:card\" content=\"summary_large_image\" \/>\n<meta name=\"twitter:creator\" content=\"@Pag10com\" \/>\n<meta name=\"twitter:site\" content=\"@Pag10com\" \/>\n<meta name=\"twitter:label1\" content=\"Escrito por\" \/>\n\t<meta name=\"twitter:data1\" content=\"J. Mauricio Chaves Bustos\" \/>\n\t<meta name=\"twitter:label2\" content=\"Tiempo de lectura\" \/>\n\t<meta name=\"twitter:data2\" content=\"7 minutos\" \/>\n<script type=\"application\/ld+json\" class=\"yoast-schema-graph\">{\"@context\":\"https:\/\/schema.org\",\"@graph\":[{\"@type\":\"Article\",\"@id\":\"https:\/\/pagina10.com\/web\/de-reaccionarios-e-iconoclastas\/#article\",\"isPartOf\":{\"@id\":\"https:\/\/pagina10.com\/web\/de-reaccionarios-e-iconoclastas\/\"},\"author\":{\"name\":\"J. Mauricio Chaves Bustos\",\"@id\":\"https:\/\/pagina10.com\/web\/#\/schema\/person\/7760391e9db42adcf8b31ccdc078fc8b\"},\"headline\":\"De reaccionarios e iconoclastas\",\"datePublished\":\"2016-10-21T15:52:57+00:00\",\"mainEntityOfPage\":{\"@id\":\"https:\/\/pagina10.com\/web\/de-reaccionarios-e-iconoclastas\/\"},\"wordCount\":1358,\"commentCount\":0,\"publisher\":{\"@id\":\"https:\/\/pagina10.com\/web\/#organization\"},\"image\":{\"@id\":\"https:\/\/pagina10.com\/web\/de-reaccionarios-e-iconoclastas\/#primaryimage\"},\"thumbnailUrl\":\"https:\/\/pagina10.com\/web\/wp-content\/uploads\/2016\/10\/45ad714773b44d1381a0e88e741132c5.jpg\",\"inLanguage\":\"es\",\"potentialAction\":[{\"@type\":\"CommentAction\",\"name\":\"Comment\",\"target\":[\"https:\/\/pagina10.com\/web\/de-reaccionarios-e-iconoclastas\/#respond\"]}]},{\"@type\":\"WebPage\",\"@id\":\"https:\/\/pagina10.com\/web\/de-reaccionarios-e-iconoclastas\/\",\"url\":\"https:\/\/pagina10.com\/web\/de-reaccionarios-e-iconoclastas\/\",\"name\":\"De reaccionarios e iconoclastas | P\u00e1gina10\",\"isPartOf\":{\"@id\":\"https:\/\/pagina10.com\/web\/#website\"},\"primaryImageOfPage\":{\"@id\":\"https:\/\/pagina10.com\/web\/de-reaccionarios-e-iconoclastas\/#primaryimage\"},\"image\":{\"@id\":\"https:\/\/pagina10.com\/web\/de-reaccionarios-e-iconoclastas\/#primaryimage\"},\"thumbnailUrl\":\"https:\/\/pagina10.com\/web\/wp-content\/uploads\/2016\/10\/45ad714773b44d1381a0e88e741132c5.jpg\",\"datePublished\":\"2016-10-21T15:52:57+00:00\",\"breadcrumb\":{\"@id\":\"https:\/\/pagina10.com\/web\/de-reaccionarios-e-iconoclastas\/#breadcrumb\"},\"inLanguage\":\"es\",\"potentialAction\":[{\"@type\":\"ReadAction\",\"target\":[\"https:\/\/pagina10.com\/web\/de-reaccionarios-e-iconoclastas\/\"]}]},{\"@type\":\"ImageObject\",\"inLanguage\":\"es\",\"@id\":\"https:\/\/pagina10.com\/web\/de-reaccionarios-e-iconoclastas\/#primaryimage\",\"url\":\"https:\/\/pagina10.com\/web\/wp-content\/uploads\/2016\/10\/45ad714773b44d1381a0e88e741132c5.jpg\",\"contentUrl\":\"https:\/\/pagina10.com\/web\/wp-content\/uploads\/2016\/10\/45ad714773b44d1381a0e88e741132c5.jpg\",\"width\":640,\"height\":482},{\"@type\":\"BreadcrumbList\",\"@id\":\"https:\/\/pagina10.com\/web\/de-reaccionarios-e-iconoclastas\/#breadcrumb\",\"itemListElement\":[{\"@type\":\"ListItem\",\"position\":1,\"name\":\"Portada\",\"item\":\"https:\/\/pagina10.com\/web\/\"},{\"@type\":\"ListItem\",\"position\":2,\"name\":\"De reaccionarios e iconoclastas\"}]},{\"@type\":\"WebSite\",\"@id\":\"https:\/\/pagina10.com\/web\/#website\",\"url\":\"https:\/\/pagina10.com\/web\/\",\"name\":\"P\u00e1gina10\",\"description\":\"Peri\u00f3dico Regional\",\"publisher\":{\"@id\":\"https:\/\/pagina10.com\/web\/#organization\"},\"alternateName\":\"P\u00e1gina10 Peri\u00f3dico Regional\",\"potentialAction\":[{\"@type\":\"SearchAction\",\"target\":{\"@type\":\"EntryPoint\",\"urlTemplate\":\"https:\/\/pagina10.com\/web\/?s={search_term_string}\"},\"query-input\":{\"@type\":\"PropertyValueSpecification\",\"valueRequired\":true,\"valueName\":\"search_term_string\"}}],\"inLanguage\":\"es\"},{\"@type\":\"Organization\",\"@id\":\"https:\/\/pagina10.com\/web\/#organization\",\"name\":\"P\u00e1gina10\",\"alternateName\":\"P\u00e1gina10 Peri\u00f3dico Regional\",\"url\":\"https:\/\/pagina10.com\/web\/\",\"logo\":{\"@type\":\"ImageObject\",\"inLanguage\":\"es\",\"@id\":\"https:\/\/pagina10.com\/web\/#\/schema\/logo\/image\/\",\"url\":\"https:\/\/pagina10.com\/web\/wp-content\/uploads\/2024\/01\/40-pagina-10-periodico-regional-pasto.jpg\",\"contentUrl\":\"https:\/\/pagina10.com\/web\/wp-content\/uploads\/2024\/01\/40-pagina-10-periodico-regional-pasto.jpg\",\"width\":1280,\"height\":720,\"caption\":\"P\u00e1gina10\"},\"image\":{\"@id\":\"https:\/\/pagina10.com\/web\/#\/schema\/logo\/image\/\"},\"sameAs\":[\"https:\/\/www.facebook.com\/pag10com\",\"https:\/\/x.com\/Pag10com\",\"https:\/\/www.instagram.com\/pagina10col\/\",\"https:\/\/youtube.com\/channel\/pag10\",\"https:\/\/www.tiktok.com\/@p10col\"]},{\"@type\":\"Person\",\"@id\":\"https:\/\/pagina10.com\/web\/#\/schema\/person\/7760391e9db42adcf8b31ccdc078fc8b\",\"name\":\"J. Mauricio Chaves Bustos\",\"description\":\"Escritor de poes\u00eda, cuento y ensayo. Gestor cultural. E-mail: jemaoch@gmail.com\",\"url\":\"https:\/\/pagina10.com\/web\/author\/jchaves\/\"}]}<\/script>\n<!-- \/ Yoast SEO plugin. -->","yoast_head_json":{"title":"De reaccionarios e iconoclastas | P\u00e1gina10","robots":{"index":"index","follow":"follow","max-snippet":"max-snippet:-1","max-image-preview":"max-image-preview:large","max-video-preview":"max-video-preview:-1"},"canonical":"https:\/\/pagina10.com\/web\/de-reaccionarios-e-iconoclastas\/","og_locale":"es_ES","og_type":"article","og_title":"De reaccionarios e iconoclastas | P\u00e1gina10","og_description":"Hace alg\u00fan tiempo, un gran amigo me dec\u00eda, en son de burla, que nos hab\u00edamos vuelto reaccionarios, en la medida que nuestras ideas, que siempre cre\u00edmos de avanzada o revolucionarias, se parec\u00edan mucho a la a\u00f1oranza de aquello ya pasado. Hoy ha vuelto a mi cabeza el t\u00e9rmino en relaci\u00f3n a un comentario que hice [&hellip;]","og_url":"https:\/\/pagina10.com\/web\/de-reaccionarios-e-iconoclastas\/","og_site_name":"P\u00e1gina10","article_publisher":"https:\/\/www.facebook.com\/pag10com","article_published_time":"2016-10-21T15:52:57+00:00","og_image":[{"width":640,"height":482,"url":"https:\/\/pagina10.com\/web\/wp-content\/uploads\/2016\/10\/45ad714773b44d1381a0e88e741132c5.jpg","type":"image\/jpeg"}],"author":"J. Mauricio Chaves Bustos","twitter_card":"summary_large_image","twitter_creator":"@Pag10com","twitter_site":"@Pag10com","twitter_misc":{"Escrito por":"J. Mauricio Chaves Bustos","Tiempo de lectura":"7 minutos"},"schema":{"@context":"https:\/\/schema.org","@graph":[{"@type":"Article","@id":"https:\/\/pagina10.com\/web\/de-reaccionarios-e-iconoclastas\/#article","isPartOf":{"@id":"https:\/\/pagina10.com\/web\/de-reaccionarios-e-iconoclastas\/"},"author":{"name":"J. Mauricio Chaves Bustos","@id":"https:\/\/pagina10.com\/web\/#\/schema\/person\/7760391e9db42adcf8b31ccdc078fc8b"},"headline":"De reaccionarios e iconoclastas","datePublished":"2016-10-21T15:52:57+00:00","mainEntityOfPage":{"@id":"https:\/\/pagina10.com\/web\/de-reaccionarios-e-iconoclastas\/"},"wordCount":1358,"commentCount":0,"publisher":{"@id":"https:\/\/pagina10.com\/web\/#organization"},"image":{"@id":"https:\/\/pagina10.com\/web\/de-reaccionarios-e-iconoclastas\/#primaryimage"},"thumbnailUrl":"https:\/\/pagina10.com\/web\/wp-content\/uploads\/2016\/10\/45ad714773b44d1381a0e88e741132c5.jpg","inLanguage":"es","potentialAction":[{"@type":"CommentAction","name":"Comment","target":["https:\/\/pagina10.com\/web\/de-reaccionarios-e-iconoclastas\/#respond"]}]},{"@type":"WebPage","@id":"https:\/\/pagina10.com\/web\/de-reaccionarios-e-iconoclastas\/","url":"https:\/\/pagina10.com\/web\/de-reaccionarios-e-iconoclastas\/","name":"De reaccionarios e iconoclastas | P\u00e1gina10","isPartOf":{"@id":"https:\/\/pagina10.com\/web\/#website"},"primaryImageOfPage":{"@id":"https:\/\/pagina10.com\/web\/de-reaccionarios-e-iconoclastas\/#primaryimage"},"image":{"@id":"https:\/\/pagina10.com\/web\/de-reaccionarios-e-iconoclastas\/#primaryimage"},"thumbnailUrl":"https:\/\/pagina10.com\/web\/wp-content\/uploads\/2016\/10\/45ad714773b44d1381a0e88e741132c5.jpg","datePublished":"2016-10-21T15:52:57+00:00","breadcrumb":{"@id":"https:\/\/pagina10.com\/web\/de-reaccionarios-e-iconoclastas\/#breadcrumb"},"inLanguage":"es","potentialAction":[{"@type":"ReadAction","target":["https:\/\/pagina10.com\/web\/de-reaccionarios-e-iconoclastas\/"]}]},{"@type":"ImageObject","inLanguage":"es","@id":"https:\/\/pagina10.com\/web\/de-reaccionarios-e-iconoclastas\/#primaryimage","url":"https:\/\/pagina10.com\/web\/wp-content\/uploads\/2016\/10\/45ad714773b44d1381a0e88e741132c5.jpg","contentUrl":"https:\/\/pagina10.com\/web\/wp-content\/uploads\/2016\/10\/45ad714773b44d1381a0e88e741132c5.jpg","width":640,"height":482},{"@type":"BreadcrumbList","@id":"https:\/\/pagina10.com\/web\/de-reaccionarios-e-iconoclastas\/#breadcrumb","itemListElement":[{"@type":"ListItem","position":1,"name":"Portada","item":"https:\/\/pagina10.com\/web\/"},{"@type":"ListItem","position":2,"name":"De reaccionarios e iconoclastas"}]},{"@type":"WebSite","@id":"https:\/\/pagina10.com\/web\/#website","url":"https:\/\/pagina10.com\/web\/","name":"P\u00e1gina10","description":"Peri\u00f3dico Regional","publisher":{"@id":"https:\/\/pagina10.com\/web\/#organization"},"alternateName":"P\u00e1gina10 Peri\u00f3dico Regional","potentialAction":[{"@type":"SearchAction","target":{"@type":"EntryPoint","urlTemplate":"https:\/\/pagina10.com\/web\/?s={search_term_string}"},"query-input":{"@type":"PropertyValueSpecification","valueRequired":true,"valueName":"search_term_string"}}],"inLanguage":"es"},{"@type":"Organization","@id":"https:\/\/pagina10.com\/web\/#organization","name":"P\u00e1gina10","alternateName":"P\u00e1gina10 Peri\u00f3dico Regional","url":"https:\/\/pagina10.com\/web\/","logo":{"@type":"ImageObject","inLanguage":"es","@id":"https:\/\/pagina10.com\/web\/#\/schema\/logo\/image\/","url":"https:\/\/pagina10.com\/web\/wp-content\/uploads\/2024\/01\/40-pagina-10-periodico-regional-pasto.jpg","contentUrl":"https:\/\/pagina10.com\/web\/wp-content\/uploads\/2024\/01\/40-pagina-10-periodico-regional-pasto.jpg","width":1280,"height":720,"caption":"P\u00e1gina10"},"image":{"@id":"https:\/\/pagina10.com\/web\/#\/schema\/logo\/image\/"},"sameAs":["https:\/\/www.facebook.com\/pag10com","https:\/\/x.com\/Pag10com","https:\/\/www.instagram.com\/pagina10col\/","https:\/\/youtube.com\/channel\/pag10","https:\/\/www.tiktok.com\/@p10col"]},{"@type":"Person","@id":"https:\/\/pagina10.com\/web\/#\/schema\/person\/7760391e9db42adcf8b31ccdc078fc8b","name":"J. Mauricio Chaves Bustos","description":"Escritor de poes\u00eda, cuento y ensayo. Gestor cultural. E-mail: jemaoch@gmail.com","url":"https:\/\/pagina10.com\/web\/author\/jchaves\/"}]}},"_links":{"self":[{"href":"https:\/\/pagina10.com\/web\/wp-json\/wp\/v2\/posts\/21725","targetHints":{"allow":["GET"]}}],"collection":[{"href":"https:\/\/pagina10.com\/web\/wp-json\/wp\/v2\/posts"}],"about":[{"href":"https:\/\/pagina10.com\/web\/wp-json\/wp\/v2\/types\/post"}],"author":[{"embeddable":true,"href":"https:\/\/pagina10.com\/web\/wp-json\/wp\/v2\/users\/8"}],"replies":[{"embeddable":true,"href":"https:\/\/pagina10.com\/web\/wp-json\/wp\/v2\/comments?post=21725"}],"version-history":[{"count":0,"href":"https:\/\/pagina10.com\/web\/wp-json\/wp\/v2\/posts\/21725\/revisions"}],"wp:featuredmedia":[{"embeddable":true,"href":"https:\/\/pagina10.com\/web\/wp-json\/wp\/v2\/media\/21724"}],"wp:attachment":[{"href":"https:\/\/pagina10.com\/web\/wp-json\/wp\/v2\/media?parent=21725"}],"wp:term":[{"taxonomy":"category","embeddable":true,"href":"https:\/\/pagina10.com\/web\/wp-json\/wp\/v2\/categories?post=21725"},{"taxonomy":"post_tag","embeddable":true,"href":"https:\/\/pagina10.com\/web\/wp-json\/wp\/v2\/tags?post=21725"}],"curies":[{"name":"wp","href":"https:\/\/api.w.org\/{rel}","templated":true}]}}