{"id":21727,"date":"2016-10-22T12:58:51","date_gmt":"2016-10-22T12:58:51","guid":{"rendered":"https:\/\/pagina10.com\/web\/en-narino-sentencia-por-induccion-a-la-prostitucion\/"},"modified":"2016-10-22T12:58:51","modified_gmt":"2016-10-22T12:58:51","slug":"en-narino-sentencia-por-induccion-a-la-prostitucion","status":"publish","type":"post","link":"https:\/\/pagina10.com\/web\/en-narino-sentencia-por-induccion-a-la-prostitucion\/","title":{"rendered":"En Nari\u00f1o, sentencia por inducci\u00f3n a la prostituci\u00f3n"},"content":{"rendered":"<p><img fetchpriority=\"high\" decoding=\"async\" class=\" size-full wp-image-21726\" src=\"https:\/\/pagina10.com\/web\/wp-content\/uploads\/2016\/10\/c64f4664160405f01e244b59502454f6.jpg\" alt=\"\" width=\"490\" height=\"245\" srcset=\"https:\/\/pagina10.com\/web\/wp-content\/uploads\/2016\/10\/c64f4664160405f01e244b59502454f6.jpg 490w, https:\/\/pagina10.com\/web\/wp-content\/uploads\/2016\/10\/c64f4664160405f01e244b59502454f6-300x150.jpg 300w\" sizes=\"(max-width: 490px) 100vw, 490px\" \/><\/p>\n<p style=\"text-align: justify;\">El Juzgado Tercero Penal de Circuito de Pasto (Nari\u00f1o) profiri\u00f3 sentencia condenatoria de 22 meses de prisi\u00f3n en contra de Yury Daniela Urbano Pazos, por el delito de inducci\u00f3n a la prostituci\u00f3n.<\/p>\n<p style=\"text-align: justify;\">Los hechos ocurrieron el 26 de junio de 2014, cuando la denunciante al revisar el tel\u00e9fono celular de su hija, se encontr\u00f3 con mensajes de la hoy condenada, induciendo a la menor&nbsp; a trabajar en una casa de citas como prepago.<\/p>\n<p style=\"text-align: justify;\">En la sentencia, el juez dispuso que la mujer debe cumplir la pena en el resguardo ind\u00edgena ubicado en el municipio de Santacruz de Guachav\u00e9s (Nari\u00f1o), luego de que la defensa acreditara su condici\u00f3n de aborigen.<\/p>\n","protected":false},"excerpt":{"rendered":"<p>El Juzgado Tercero Penal de Circuito de Pasto (Nari\u00f1o) profiri\u00f3 sentencia condenatoria de 22 meses de prisi\u00f3n en contra de Yury Daniela Urbano Pazos, por el delito de inducci\u00f3n a la prostituci\u00f3n. Los hechos ocurrieron el 26 de junio de 2014, cuando la denunciante al revisar el tel\u00e9fono celular de su hija, se encontr\u00f3 con [&hellip;]<\/p>\n","protected":false},"author":29,"featured_media":21726,"comment_status":"open","ping_status":"open","sticky":false,"template":"","format":"standard","meta":{"footnotes":""},"categories":[1],"tags":[],"class_list":["post-21727","post","type-post","status-publish","format-standard","has-post-thumbnail","hentry","category-sin-categoria"],"yoast_head":"<!-- This site is optimized with the Yoast SEO plugin v27.1.1 - https:\/\/yoast.com\/product\/yoast-seo-wordpress\/ -->\n<title>En Nari\u00f1o, sentencia por inducci\u00f3n a la prostituci\u00f3n | P\u00e1gina10<\/title>\n<meta name=\"robots\" content=\"index, follow, max-snippet:-1, max-image-preview:large, max-video-preview:-1\" \/>\n<link rel=\"canonical\" href=\"https:\/\/pagina10.com\/web\/en-narino-sentencia-por-induccion-a-la-prostitucion\/\" \/>\n<meta property=\"og:locale\" content=\"es_ES\" \/>\n<meta property=\"og:type\" content=\"article\" \/>\n<meta property=\"og:title\" content=\"En Nari\u00f1o, sentencia por inducci\u00f3n a la prostituci\u00f3n | P\u00e1gina10\" \/>\n<meta property=\"og:description\" content=\"El Juzgado Tercero Penal de Circuito de Pasto (Nari\u00f1o) profiri\u00f3 sentencia condenatoria de 22 meses de prisi\u00f3n en contra de Yury Daniela Urbano Pazos, por el delito de inducci\u00f3n a la prostituci\u00f3n. Los hechos ocurrieron el 26 de junio de 2014, cuando la denunciante al revisar el tel\u00e9fono celular de su hija, se encontr\u00f3 con [&hellip;]\" \/>\n<meta property=\"og:url\" content=\"https:\/\/pagina10.com\/web\/en-narino-sentencia-por-induccion-a-la-prostitucion\/\" \/>\n<meta property=\"og:site_name\" content=\"P\u00e1gina10\" \/>\n<meta property=\"article:publisher\" content=\"https:\/\/www.facebook.com\/pag10com\" \/>\n<meta property=\"article:published_time\" content=\"2016-10-22T12:58:51+00:00\" \/>\n<meta property=\"og:image\" content=\"https:\/\/pagina10.com\/web\/wp-content\/uploads\/2016\/10\/c64f4664160405f01e244b59502454f6.jpg\" \/>\n\t<meta property=\"og:image:width\" content=\"490\" \/>\n\t<meta property=\"og:image:height\" content=\"245\" \/>\n\t<meta property=\"og:image:type\" content=\"image\/jpeg\" \/>\n<meta name=\"author\" content=\"P\u00e1gina 10\" \/>\n<meta name=\"twitter:card\" content=\"summary_large_image\" \/>\n<meta name=\"twitter:creator\" content=\"@Pag10com\" \/>\n<meta name=\"twitter:site\" content=\"@Pag10com\" \/>\n<meta name=\"twitter:label1\" content=\"Escrito por\" \/>\n\t<meta name=\"twitter:data1\" content=\"P\u00e1gina 10\" \/>\n\t<meta name=\"twitter:label2\" content=\"Tiempo de lectura\" \/>\n\t<meta name=\"twitter:data2\" content=\"1 minuto\" \/>\n<script type=\"application\/ld+json\" class=\"yoast-schema-graph\">{\"@context\":\"https:\/\/schema.org\",\"@graph\":[{\"@type\":\"Article\",\"@id\":\"https:\/\/pagina10.com\/web\/en-narino-sentencia-por-induccion-a-la-prostitucion\/#article\",\"isPartOf\":{\"@id\":\"https:\/\/pagina10.com\/web\/en-narino-sentencia-por-induccion-a-la-prostitucion\/\"},\"author\":{\"name\":\"P\u00e1gina 10\",\"@id\":\"https:\/\/pagina10.com\/web\/#\/schema\/person\/a7a5d38f0629dfc107f619fbae4f6cc3\"},\"headline\":\"En Nari\u00f1o, sentencia por inducci\u00f3n a la prostituci\u00f3n\",\"datePublished\":\"2016-10-22T12:58:51+00:00\",\"mainEntityOfPage\":{\"@id\":\"https:\/\/pagina10.com\/web\/en-narino-sentencia-por-induccion-a-la-prostitucion\/\"},\"wordCount\":127,\"commentCount\":0,\"publisher\":{\"@id\":\"https:\/\/pagina10.com\/web\/#organization\"},\"image\":{\"@id\":\"https:\/\/pagina10.com\/web\/en-narino-sentencia-por-induccion-a-la-prostitucion\/#primaryimage\"},\"thumbnailUrl\":\"https:\/\/pagina10.com\/web\/wp-content\/uploads\/2016\/10\/c64f4664160405f01e244b59502454f6.jpg\",\"inLanguage\":\"es\",\"potentialAction\":[{\"@type\":\"CommentAction\",\"name\":\"Comment\",\"target\":[\"https:\/\/pagina10.com\/web\/en-narino-sentencia-por-induccion-a-la-prostitucion\/#respond\"]}]},{\"@type\":\"WebPage\",\"@id\":\"https:\/\/pagina10.com\/web\/en-narino-sentencia-por-induccion-a-la-prostitucion\/\",\"url\":\"https:\/\/pagina10.com\/web\/en-narino-sentencia-por-induccion-a-la-prostitucion\/\",\"name\":\"En Nari\u00f1o, sentencia por inducci\u00f3n a la prostituci\u00f3n | P\u00e1gina10\",\"isPartOf\":{\"@id\":\"https:\/\/pagina10.com\/web\/#website\"},\"primaryImageOfPage\":{\"@id\":\"https:\/\/pagina10.com\/web\/en-narino-sentencia-por-induccion-a-la-prostitucion\/#primaryimage\"},\"image\":{\"@id\":\"https:\/\/pagina10.com\/web\/en-narino-sentencia-por-induccion-a-la-prostitucion\/#primaryimage\"},\"thumbnailUrl\":\"https:\/\/pagina10.com\/web\/wp-content\/uploads\/2016\/10\/c64f4664160405f01e244b59502454f6.jpg\",\"datePublished\":\"2016-10-22T12:58:51+00:00\",\"breadcrumb\":{\"@id\":\"https:\/\/pagina10.com\/web\/en-narino-sentencia-por-induccion-a-la-prostitucion\/#breadcrumb\"},\"inLanguage\":\"es\",\"potentialAction\":[{\"@type\":\"ReadAction\",\"target\":[\"https:\/\/pagina10.com\/web\/en-narino-sentencia-por-induccion-a-la-prostitucion\/\"]}]},{\"@type\":\"ImageObject\",\"inLanguage\":\"es\",\"@id\":\"https:\/\/pagina10.com\/web\/en-narino-sentencia-por-induccion-a-la-prostitucion\/#primaryimage\",\"url\":\"https:\/\/pagina10.com\/web\/wp-content\/uploads\/2016\/10\/c64f4664160405f01e244b59502454f6.jpg\",\"contentUrl\":\"https:\/\/pagina10.com\/web\/wp-content\/uploads\/2016\/10\/c64f4664160405f01e244b59502454f6.jpg\",\"width\":490,\"height\":245},{\"@type\":\"BreadcrumbList\",\"@id\":\"https:\/\/pagina10.com\/web\/en-narino-sentencia-por-induccion-a-la-prostitucion\/#breadcrumb\",\"itemListElement\":[{\"@type\":\"ListItem\",\"position\":1,\"name\":\"Portada\",\"item\":\"https:\/\/pagina10.com\/web\/\"},{\"@type\":\"ListItem\",\"position\":2,\"name\":\"En Nari\u00f1o, sentencia por inducci\u00f3n a la prostituci\u00f3n\"}]},{\"@type\":\"WebSite\",\"@id\":\"https:\/\/pagina10.com\/web\/#website\",\"url\":\"https:\/\/pagina10.com\/web\/\",\"name\":\"P\u00e1gina10\",\"description\":\"Peri\u00f3dico Regional\",\"publisher\":{\"@id\":\"https:\/\/pagina10.com\/web\/#organization\"},\"alternateName\":\"P\u00e1gina10 Peri\u00f3dico Regional\",\"potentialAction\":[{\"@type\":\"SearchAction\",\"target\":{\"@type\":\"EntryPoint\",\"urlTemplate\":\"https:\/\/pagina10.com\/web\/?s={search_term_string}\"},\"query-input\":{\"@type\":\"PropertyValueSpecification\",\"valueRequired\":true,\"valueName\":\"search_term_string\"}}],\"inLanguage\":\"es\"},{\"@type\":\"Organization\",\"@id\":\"https:\/\/pagina10.com\/web\/#organization\",\"name\":\"P\u00e1gina10\",\"alternateName\":\"P\u00e1gina10 Peri\u00f3dico Regional\",\"url\":\"https:\/\/pagina10.com\/web\/\",\"logo\":{\"@type\":\"ImageObject\",\"inLanguage\":\"es\",\"@id\":\"https:\/\/pagina10.com\/web\/#\/schema\/logo\/image\/\",\"url\":\"https:\/\/pagina10.com\/web\/wp-content\/uploads\/2024\/01\/40-pagina-10-periodico-regional-pasto.jpg\",\"contentUrl\":\"https:\/\/pagina10.com\/web\/wp-content\/uploads\/2024\/01\/40-pagina-10-periodico-regional-pasto.jpg\",\"width\":1280,\"height\":720,\"caption\":\"P\u00e1gina10\"},\"image\":{\"@id\":\"https:\/\/pagina10.com\/web\/#\/schema\/logo\/image\/\"},\"sameAs\":[\"https:\/\/www.facebook.com\/pag10com\",\"https:\/\/x.com\/Pag10com\",\"https:\/\/www.instagram.com\/pagina10col\/\",\"https:\/\/youtube.com\/channel\/pag10\",\"https:\/\/www.tiktok.com\/@p10col\"]},{\"@type\":\"Person\",\"@id\":\"https:\/\/pagina10.com\/web\/#\/schema\/person\/a7a5d38f0629dfc107f619fbae4f6cc3\",\"name\":\"P\u00e1gina 10\",\"description\":\"P\u00e1gina10.com es un peri\u00f3dico digital que nace en Colombia, en el departamento de Nari\u00f1o, con un enfoque global, fundamentado en cuatro pilares esenciales: la libertad, el pluralismo, la inclusi\u00f3n y la independencia. P\u00e1gina10.com hace referencia a Nari\u00f1o como el d\u00e9cimo departamento creado en Colombia, despu\u00e9s de un proceso pol\u00edtico liderado por actores y actrices regionales con el fin de obtener la independencia y autonom\u00eda de nuestros territorios. Con la creaci\u00f3n de P\u00e1gina10.com se pretende abrir un escenario para el dialogo, la reflexi\u00f3n y el debate que se extienda a otras geograf\u00edas de Am\u00e9rica Latina y del planeta, en una apuesta por transformar colectivamente los desaf\u00edos de un mundo contempor\u00e1neo, m\u00e1s all\u00e1 de las fronteras impuestas.\",\"url\":\"https:\/\/pagina10.com\/web\/author\/mcepeda\/\"}]}<\/script>\n<!-- \/ Yoast SEO plugin. -->","yoast_head_json":{"title":"En Nari\u00f1o, sentencia por inducci\u00f3n a la prostituci\u00f3n | P\u00e1gina10","robots":{"index":"index","follow":"follow","max-snippet":"max-snippet:-1","max-image-preview":"max-image-preview:large","max-video-preview":"max-video-preview:-1"},"canonical":"https:\/\/pagina10.com\/web\/en-narino-sentencia-por-induccion-a-la-prostitucion\/","og_locale":"es_ES","og_type":"article","og_title":"En Nari\u00f1o, sentencia por inducci\u00f3n a la prostituci\u00f3n | P\u00e1gina10","og_description":"El Juzgado Tercero Penal de Circuito de Pasto (Nari\u00f1o) profiri\u00f3 sentencia condenatoria de 22 meses de prisi\u00f3n en contra de Yury Daniela Urbano Pazos, por el delito de inducci\u00f3n a la prostituci\u00f3n. Los hechos ocurrieron el 26 de junio de 2014, cuando la denunciante al revisar el tel\u00e9fono celular de su hija, se encontr\u00f3 con [&hellip;]","og_url":"https:\/\/pagina10.com\/web\/en-narino-sentencia-por-induccion-a-la-prostitucion\/","og_site_name":"P\u00e1gina10","article_publisher":"https:\/\/www.facebook.com\/pag10com","article_published_time":"2016-10-22T12:58:51+00:00","og_image":[{"width":490,"height":245,"url":"https:\/\/pagina10.com\/web\/wp-content\/uploads\/2016\/10\/c64f4664160405f01e244b59502454f6.jpg","type":"image\/jpeg"}],"author":"P\u00e1gina 10","twitter_card":"summary_large_image","twitter_creator":"@Pag10com","twitter_site":"@Pag10com","twitter_misc":{"Escrito por":"P\u00e1gina 10","Tiempo de lectura":"1 minuto"},"schema":{"@context":"https:\/\/schema.org","@graph":[{"@type":"Article","@id":"https:\/\/pagina10.com\/web\/en-narino-sentencia-por-induccion-a-la-prostitucion\/#article","isPartOf":{"@id":"https:\/\/pagina10.com\/web\/en-narino-sentencia-por-induccion-a-la-prostitucion\/"},"author":{"name":"P\u00e1gina 10","@id":"https:\/\/pagina10.com\/web\/#\/schema\/person\/a7a5d38f0629dfc107f619fbae4f6cc3"},"headline":"En Nari\u00f1o, sentencia por inducci\u00f3n a la prostituci\u00f3n","datePublished":"2016-10-22T12:58:51+00:00","mainEntityOfPage":{"@id":"https:\/\/pagina10.com\/web\/en-narino-sentencia-por-induccion-a-la-prostitucion\/"},"wordCount":127,"commentCount":0,"publisher":{"@id":"https:\/\/pagina10.com\/web\/#organization"},"image":{"@id":"https:\/\/pagina10.com\/web\/en-narino-sentencia-por-induccion-a-la-prostitucion\/#primaryimage"},"thumbnailUrl":"https:\/\/pagina10.com\/web\/wp-content\/uploads\/2016\/10\/c64f4664160405f01e244b59502454f6.jpg","inLanguage":"es","potentialAction":[{"@type":"CommentAction","name":"Comment","target":["https:\/\/pagina10.com\/web\/en-narino-sentencia-por-induccion-a-la-prostitucion\/#respond"]}]},{"@type":"WebPage","@id":"https:\/\/pagina10.com\/web\/en-narino-sentencia-por-induccion-a-la-prostitucion\/","url":"https:\/\/pagina10.com\/web\/en-narino-sentencia-por-induccion-a-la-prostitucion\/","name":"En Nari\u00f1o, sentencia por inducci\u00f3n a la prostituci\u00f3n | P\u00e1gina10","isPartOf":{"@id":"https:\/\/pagina10.com\/web\/#website"},"primaryImageOfPage":{"@id":"https:\/\/pagina10.com\/web\/en-narino-sentencia-por-induccion-a-la-prostitucion\/#primaryimage"},"image":{"@id":"https:\/\/pagina10.com\/web\/en-narino-sentencia-por-induccion-a-la-prostitucion\/#primaryimage"},"thumbnailUrl":"https:\/\/pagina10.com\/web\/wp-content\/uploads\/2016\/10\/c64f4664160405f01e244b59502454f6.jpg","datePublished":"2016-10-22T12:58:51+00:00","breadcrumb":{"@id":"https:\/\/pagina10.com\/web\/en-narino-sentencia-por-induccion-a-la-prostitucion\/#breadcrumb"},"inLanguage":"es","potentialAction":[{"@type":"ReadAction","target":["https:\/\/pagina10.com\/web\/en-narino-sentencia-por-induccion-a-la-prostitucion\/"]}]},{"@type":"ImageObject","inLanguage":"es","@id":"https:\/\/pagina10.com\/web\/en-narino-sentencia-por-induccion-a-la-prostitucion\/#primaryimage","url":"https:\/\/pagina10.com\/web\/wp-content\/uploads\/2016\/10\/c64f4664160405f01e244b59502454f6.jpg","contentUrl":"https:\/\/pagina10.com\/web\/wp-content\/uploads\/2016\/10\/c64f4664160405f01e244b59502454f6.jpg","width":490,"height":245},{"@type":"BreadcrumbList","@id":"https:\/\/pagina10.com\/web\/en-narino-sentencia-por-induccion-a-la-prostitucion\/#breadcrumb","itemListElement":[{"@type":"ListItem","position":1,"name":"Portada","item":"https:\/\/pagina10.com\/web\/"},{"@type":"ListItem","position":2,"name":"En Nari\u00f1o, sentencia por inducci\u00f3n a la prostituci\u00f3n"}]},{"@type":"WebSite","@id":"https:\/\/pagina10.com\/web\/#website","url":"https:\/\/pagina10.com\/web\/","name":"P\u00e1gina10","description":"Peri\u00f3dico Regional","publisher":{"@id":"https:\/\/pagina10.com\/web\/#organization"},"alternateName":"P\u00e1gina10 Peri\u00f3dico Regional","potentialAction":[{"@type":"SearchAction","target":{"@type":"EntryPoint","urlTemplate":"https:\/\/pagina10.com\/web\/?s={search_term_string}"},"query-input":{"@type":"PropertyValueSpecification","valueRequired":true,"valueName":"search_term_string"}}],"inLanguage":"es"},{"@type":"Organization","@id":"https:\/\/pagina10.com\/web\/#organization","name":"P\u00e1gina10","alternateName":"P\u00e1gina10 Peri\u00f3dico Regional","url":"https:\/\/pagina10.com\/web\/","logo":{"@type":"ImageObject","inLanguage":"es","@id":"https:\/\/pagina10.com\/web\/#\/schema\/logo\/image\/","url":"https:\/\/pagina10.com\/web\/wp-content\/uploads\/2024\/01\/40-pagina-10-periodico-regional-pasto.jpg","contentUrl":"https:\/\/pagina10.com\/web\/wp-content\/uploads\/2024\/01\/40-pagina-10-periodico-regional-pasto.jpg","width":1280,"height":720,"caption":"P\u00e1gina10"},"image":{"@id":"https:\/\/pagina10.com\/web\/#\/schema\/logo\/image\/"},"sameAs":["https:\/\/www.facebook.com\/pag10com","https:\/\/x.com\/Pag10com","https:\/\/www.instagram.com\/pagina10col\/","https:\/\/youtube.com\/channel\/pag10","https:\/\/www.tiktok.com\/@p10col"]},{"@type":"Person","@id":"https:\/\/pagina10.com\/web\/#\/schema\/person\/a7a5d38f0629dfc107f619fbae4f6cc3","name":"P\u00e1gina 10","description":"P\u00e1gina10.com es un peri\u00f3dico digital que nace en Colombia, en el departamento de Nari\u00f1o, con un enfoque global, fundamentado en cuatro pilares esenciales: la libertad, el pluralismo, la inclusi\u00f3n y la independencia. P\u00e1gina10.com hace referencia a Nari\u00f1o como el d\u00e9cimo departamento creado en Colombia, despu\u00e9s de un proceso pol\u00edtico liderado por actores y actrices regionales con el fin de obtener la independencia y autonom\u00eda de nuestros territorios. Con la creaci\u00f3n de P\u00e1gina10.com se pretende abrir un escenario para el dialogo, la reflexi\u00f3n y el debate que se extienda a otras geograf\u00edas de Am\u00e9rica Latina y del planeta, en una apuesta por transformar colectivamente los desaf\u00edos de un mundo contempor\u00e1neo, m\u00e1s all\u00e1 de las fronteras impuestas.","url":"https:\/\/pagina10.com\/web\/author\/mcepeda\/"}]}},"_links":{"self":[{"href":"https:\/\/pagina10.com\/web\/wp-json\/wp\/v2\/posts\/21727","targetHints":{"allow":["GET"]}}],"collection":[{"href":"https:\/\/pagina10.com\/web\/wp-json\/wp\/v2\/posts"}],"about":[{"href":"https:\/\/pagina10.com\/web\/wp-json\/wp\/v2\/types\/post"}],"author":[{"embeddable":true,"href":"https:\/\/pagina10.com\/web\/wp-json\/wp\/v2\/users\/29"}],"replies":[{"embeddable":true,"href":"https:\/\/pagina10.com\/web\/wp-json\/wp\/v2\/comments?post=21727"}],"version-history":[{"count":0,"href":"https:\/\/pagina10.com\/web\/wp-json\/wp\/v2\/posts\/21727\/revisions"}],"wp:featuredmedia":[{"embeddable":true,"href":"https:\/\/pagina10.com\/web\/wp-json\/wp\/v2\/media\/21726"}],"wp:attachment":[{"href":"https:\/\/pagina10.com\/web\/wp-json\/wp\/v2\/media?parent=21727"}],"wp:term":[{"taxonomy":"category","embeddable":true,"href":"https:\/\/pagina10.com\/web\/wp-json\/wp\/v2\/categories?post=21727"},{"taxonomy":"post_tag","embeddable":true,"href":"https:\/\/pagina10.com\/web\/wp-json\/wp\/v2\/tags?post=21727"}],"curies":[{"name":"wp","href":"https:\/\/api.w.org\/{rel}","templated":true}]}}