{"id":22562,"date":"2017-05-23T15:45:04","date_gmt":"2017-05-23T15:45:04","guid":{"rendered":"https:\/\/pagina10.com\/web\/?p=22562"},"modified":"2017-05-23T15:45:04","modified_gmt":"2017-05-23T15:45:04","slug":"el-pais-mas-educado","status":"publish","type":"post","link":"https:\/\/pagina10.com\/web\/el-pais-mas-educado\/","title":{"rendered":"\u00bfEl pa\u00eds m\u00e1s educado?"},"content":{"rendered":"<p style=\"text-align: justify;\">Por: An\u00edbal Ar\u00e9valo Rosero<\/p>\n<p style=\"text-align: justify;\">\n<p style=\"text-align: justify;\">Resulta muy curioso que el gobierno del presidente Santos tenga como lema \u201cTodos por un nuevo pa\u00eds: paz, equidad y educaci\u00f3n\u201d. Esto lo vociferan a cada nada, en cuanto programa de televisi\u00f3n, sobre todo de los dos canales privados, pagando millonadas en mensajes publicitarios mentirosos, con plata que sale de los bolsillos de todos los contribuyentes.<\/p>\n<p style=\"text-align: justify;\">\n<p style=\"text-align: justify;\">Para empezar, la paz est\u00e1 a medias, pues, no est\u00e1 muy clara la aplicaci\u00f3n de la Justicia Especial para la Paz (JEP) y hay expansi\u00f3n de bandas paramilitares en todo el pa\u00eds. En cuanto a equidad, Colombia es uno de los pa\u00edses con mayores desigualdades, y no hay programas conducentes a reducir la pobreza a trav\u00e9s del empleo. Cada d\u00eda aparece m\u00e1s gente en las calles de las ciudades que en el rebusque y la delincuencia encuentra su caldo de cultivo.<\/p>\n<p style=\"text-align: justify;\">\n<p style=\"text-align: justify;\">Pero de manera especial en lo que tiene que ver con educaci\u00f3n, el pa\u00eds est\u00e1 muy mal, ocupando los \u00faltimos lugares en las pruebas internacionales Pisa. Estas pruebas se realizan cada tres a\u00f1os, buscan evaluar a los estudiantes de 15 a\u00f1os, sin importar el grado escolar, en las \u00e1reas de matem\u00e1ticas, lenguaje y ciencias.<\/p>\n<p style=\"text-align: justify;\">\n<p style=\"text-align: justify;\">Se empezaron a aplicar a partir del a\u00f1o 2000 con el prop\u00f3sito de vincular al pa\u00eds como miembro de la Ocde, llamado tambi\u00e9n el club de los pa\u00edses m\u00e1s ricos. Esta organizaci\u00f3n es muy estricta con sus miembros, tienen que ser muy competitivos econ\u00f3micamente. Es decir el pa\u00eds tiene que tener capacidad de endeudamiento, y para ello tiene que reducir la inversi\u00f3n social, y la educaci\u00f3n se convierte en la Cenicienta.<\/p>\n<p style=\"text-align: justify;\">\n<p style=\"text-align: justify;\">\u00bfY por qu\u00e9 no es de calidad la educaci\u00f3n de nuestro pa\u00eds? Una de las razones m\u00e1s importantes es la rampante corrupci\u00f3n en todos los niveles del Estado. Mucha gente se hace elegir con el firme prop\u00f3sito de apropiarse de los recursos p\u00fablicos, y as\u00ed no hay presupuesto que aguante. Se soborna a los congresistas, diputados y concejales, por lo tanto el presupuesto de la educaci\u00f3n se ve menguado.<\/p>\n<p style=\"text-align: justify;\">\n<p style=\"text-align: justify;\">Esta es una forma de sostener la pir\u00e1mide mafiosa del Estado. Los escandalosos casos de corrupci\u00f3n con la contrataci\u00f3n de obras Odebrech, Dragacol, Reficar son un desangre para el pa\u00eds, y para los gobiernos de Uribe como de Santos son la cosa m\u00e1s normal. Mientras tanto no tienen empacho para decir que para la educaci\u00f3n de los ni\u00f1os y los j\u00f3venes colombianos no hay plata, porque el pa\u00eds est\u00e1 en crisis econ\u00f3mica.<\/p>\n<p style=\"text-align: justify;\">\n<p style=\"text-align: justify;\">Es bueno darse una pasadita por la instituci\u00f3n p\u00fablica donde estudiaron muchos padres de familia y se den cuenta que en los mismos pupitres obsoletos que ellos ocuparon est\u00e1n estudiando sus hijos y nietos. Cuando la educaci\u00f3n deber\u00eda ser la consentida del poder p\u00fablico, pero vea que no es as\u00ed. Los presidentes con la educaci\u00f3n hacen discursos conmovedores, hicieron campa\u00f1a para llegar a ese cargo, pero la realidad es otra.<\/p>\n<p style=\"text-align: justify;\">\n<p style=\"text-align: justify;\">Un maestro de los nuevos, vinculado mediante el decreto1278, tiene que vivir las duras y las maduras para poder ascender en el escalaf\u00f3n docente. Primero empieza ganando un salario \u00ednfimo de $1.400.000. Se imaginar\u00e1n lo que es eso para un profesional universitario, que se ha quemado las pesta\u00f1as estudiando y pagando los costos educativos. Luego, para ascender en el escalaf\u00f3n \u2013que es una cuca\u00f1a tramposa- tiene que hacer posgrados con costos de alrededor de $10 millones y un doctorado para optar por la m\u00e1xima categor\u00eda por el orden de $30 millones. \u00bfSe imaginan lo rid\u00edculo que resulta, y con un salario tan p\u00edrrico?<\/p>\n<p style=\"text-align: justify;\">\n<p style=\"text-align: justify;\">Luego est\u00e1 el tema de la contrataci\u00f3n de la salud. Como es vivido por todos, el sistema de atenci\u00f3n en salud en Colombia es de los peores del mundo, y la contrataci\u00f3n del servicio de salud para los maestros a partir del presente a\u00f1o est\u00e1 embolatada. Todo por falta de voluntad pol\u00edtica, por la bendita corrupci\u00f3n, por las imposiciones de los organismos supranacionales como la Ocde que buscan hacer \u201ccompetitivo\u201d a nuestro pa\u00eds.<\/p>\n<p style=\"text-align: justify;\">\n<p style=\"text-align: justify;\">El paro del magisterio se hace por una sentida necesidad de brindar una verdadera calidad educativa, y no la mentirosa verborrea del se\u00f1or Santos en decir que busca hacer de Colombia el pa\u00eds m\u00e1s educado.<\/p>\n","protected":false},"excerpt":{"rendered":"<p>Por: An\u00edbal Ar\u00e9valo Rosero Resulta muy curioso que el gobierno del presidente Santos tenga como lema \u201cTodos por un nuevo pa\u00eds: paz, equidad y educaci\u00f3n\u201d. Esto lo vociferan a cada nada, en cuanto programa de televisi\u00f3n, sobre todo de los dos canales privados, pagando millonadas en mensajes publicitarios mentirosos, con plata que sale de los [&hellip;]<\/p>\n","protected":false},"author":65,"featured_media":22563,"comment_status":"open","ping_status":"open","sticky":false,"template":"","format":"standard","meta":{"footnotes":""},"categories":[94],"tags":[],"class_list":["post-22562","post","type-post","status-publish","format-standard","has-post-thumbnail","hentry","category-nacional-global-2"],"yoast_head":"<!-- This site is optimized with the Yoast SEO plugin v27.1.1 - https:\/\/yoast.com\/product\/yoast-seo-wordpress\/ -->\n<title>\u00bfEl pa\u00eds m\u00e1s educado? | P\u00e1gina10<\/title>\n<meta name=\"robots\" content=\"index, follow, max-snippet:-1, max-image-preview:large, max-video-preview:-1\" \/>\n<link rel=\"canonical\" href=\"https:\/\/pagina10.com\/web\/el-pais-mas-educado\/\" \/>\n<meta property=\"og:locale\" content=\"es_ES\" \/>\n<meta property=\"og:type\" content=\"article\" \/>\n<meta property=\"og:title\" content=\"\u00bfEl pa\u00eds m\u00e1s educado? | P\u00e1gina10\" \/>\n<meta property=\"og:description\" content=\"Por: An\u00edbal Ar\u00e9valo Rosero Resulta muy curioso que el gobierno del presidente Santos tenga como lema \u201cTodos por un nuevo pa\u00eds: paz, equidad y educaci\u00f3n\u201d. Esto lo vociferan a cada nada, en cuanto programa de televisi\u00f3n, sobre todo de los dos canales privados, pagando millonadas en mensajes publicitarios mentirosos, con plata que sale de los [&hellip;]\" \/>\n<meta property=\"og:url\" content=\"https:\/\/pagina10.com\/web\/el-pais-mas-educado\/\" \/>\n<meta property=\"og:site_name\" content=\"P\u00e1gina10\" \/>\n<meta property=\"article:publisher\" content=\"https:\/\/www.facebook.com\/pag10com\" \/>\n<meta property=\"article:published_time\" content=\"2017-05-23T15:45:04+00:00\" \/>\n<meta property=\"og:image\" content=\"https:\/\/pagina10.com\/web\/wp-content\/uploads\/2017\/05\/Paro-del-magisterio.jpg\" \/>\n\t<meta property=\"og:image:width\" content=\"630\" \/>\n\t<meta property=\"og:image:height\" content=\"345\" \/>\n\t<meta property=\"og:image:type\" content=\"image\/jpeg\" \/>\n<meta name=\"author\" content=\"Anibal Ar\u00e9valo Rosero\" \/>\n<meta name=\"twitter:card\" content=\"summary_large_image\" \/>\n<meta name=\"twitter:creator\" content=\"@Pag10com\" \/>\n<meta name=\"twitter:site\" content=\"@Pag10com\" \/>\n<meta name=\"twitter:label1\" content=\"Escrito por\" \/>\n\t<meta name=\"twitter:data1\" content=\"Anibal Ar\u00e9valo Rosero\" \/>\n\t<meta name=\"twitter:label2\" content=\"Tiempo de lectura\" \/>\n\t<meta name=\"twitter:data2\" content=\"4 minutos\" \/>\n<script type=\"application\/ld+json\" class=\"yoast-schema-graph\">{\"@context\":\"https:\/\/schema.org\",\"@graph\":[{\"@type\":\"Article\",\"@id\":\"https:\/\/pagina10.com\/web\/el-pais-mas-educado\/#article\",\"isPartOf\":{\"@id\":\"https:\/\/pagina10.com\/web\/el-pais-mas-educado\/\"},\"author\":{\"name\":\"Anibal Ar\u00e9valo Rosero\",\"@id\":\"https:\/\/pagina10.com\/web\/#\/schema\/person\/9ec3e2b432363a195d2d01bf820c66fe\"},\"headline\":\"\u00bfEl pa\u00eds m\u00e1s educado?\",\"datePublished\":\"2017-05-23T15:45:04+00:00\",\"mainEntityOfPage\":{\"@id\":\"https:\/\/pagina10.com\/web\/el-pais-mas-educado\/\"},\"wordCount\":761,\"commentCount\":0,\"publisher\":{\"@id\":\"https:\/\/pagina10.com\/web\/#organization\"},\"image\":{\"@id\":\"https:\/\/pagina10.com\/web\/el-pais-mas-educado\/#primaryimage\"},\"thumbnailUrl\":\"https:\/\/pagina10.com\/web\/wp-content\/uploads\/2017\/05\/Paro-del-magisterio.jpg\",\"articleSection\":[\"Nacional\"],\"inLanguage\":\"es\",\"potentialAction\":[{\"@type\":\"CommentAction\",\"name\":\"Comment\",\"target\":[\"https:\/\/pagina10.com\/web\/el-pais-mas-educado\/#respond\"]}]},{\"@type\":\"WebPage\",\"@id\":\"https:\/\/pagina10.com\/web\/el-pais-mas-educado\/\",\"url\":\"https:\/\/pagina10.com\/web\/el-pais-mas-educado\/\",\"name\":\"\u00bfEl pa\u00eds m\u00e1s educado? | P\u00e1gina10\",\"isPartOf\":{\"@id\":\"https:\/\/pagina10.com\/web\/#website\"},\"primaryImageOfPage\":{\"@id\":\"https:\/\/pagina10.com\/web\/el-pais-mas-educado\/#primaryimage\"},\"image\":{\"@id\":\"https:\/\/pagina10.com\/web\/el-pais-mas-educado\/#primaryimage\"},\"thumbnailUrl\":\"https:\/\/pagina10.com\/web\/wp-content\/uploads\/2017\/05\/Paro-del-magisterio.jpg\",\"datePublished\":\"2017-05-23T15:45:04+00:00\",\"breadcrumb\":{\"@id\":\"https:\/\/pagina10.com\/web\/el-pais-mas-educado\/#breadcrumb\"},\"inLanguage\":\"es\",\"potentialAction\":[{\"@type\":\"ReadAction\",\"target\":[\"https:\/\/pagina10.com\/web\/el-pais-mas-educado\/\"]}]},{\"@type\":\"ImageObject\",\"inLanguage\":\"es\",\"@id\":\"https:\/\/pagina10.com\/web\/el-pais-mas-educado\/#primaryimage\",\"url\":\"https:\/\/pagina10.com\/web\/wp-content\/uploads\/2017\/05\/Paro-del-magisterio.jpg\",\"contentUrl\":\"https:\/\/pagina10.com\/web\/wp-content\/uploads\/2017\/05\/Paro-del-magisterio.jpg\",\"width\":630,\"height\":345},{\"@type\":\"BreadcrumbList\",\"@id\":\"https:\/\/pagina10.com\/web\/el-pais-mas-educado\/#breadcrumb\",\"itemListElement\":[{\"@type\":\"ListItem\",\"position\":1,\"name\":\"Portada\",\"item\":\"https:\/\/pagina10.com\/web\/\"},{\"@type\":\"ListItem\",\"position\":2,\"name\":\"\u00bfEl pa\u00eds m\u00e1s educado?\"}]},{\"@type\":\"WebSite\",\"@id\":\"https:\/\/pagina10.com\/web\/#website\",\"url\":\"https:\/\/pagina10.com\/web\/\",\"name\":\"P\u00e1gina10\",\"description\":\"Peri\u00f3dico Regional\",\"publisher\":{\"@id\":\"https:\/\/pagina10.com\/web\/#organization\"},\"alternateName\":\"P\u00e1gina10 Peri\u00f3dico Regional\",\"potentialAction\":[{\"@type\":\"SearchAction\",\"target\":{\"@type\":\"EntryPoint\",\"urlTemplate\":\"https:\/\/pagina10.com\/web\/?s={search_term_string}\"},\"query-input\":{\"@type\":\"PropertyValueSpecification\",\"valueRequired\":true,\"valueName\":\"search_term_string\"}}],\"inLanguage\":\"es\"},{\"@type\":\"Organization\",\"@id\":\"https:\/\/pagina10.com\/web\/#organization\",\"name\":\"P\u00e1gina10\",\"alternateName\":\"P\u00e1gina10 Peri\u00f3dico Regional\",\"url\":\"https:\/\/pagina10.com\/web\/\",\"logo\":{\"@type\":\"ImageObject\",\"inLanguage\":\"es\",\"@id\":\"https:\/\/pagina10.com\/web\/#\/schema\/logo\/image\/\",\"url\":\"https:\/\/pagina10.com\/web\/wp-content\/uploads\/2024\/01\/40-pagina-10-periodico-regional-pasto.jpg\",\"contentUrl\":\"https:\/\/pagina10.com\/web\/wp-content\/uploads\/2024\/01\/40-pagina-10-periodico-regional-pasto.jpg\",\"width\":1280,\"height\":720,\"caption\":\"P\u00e1gina10\"},\"image\":{\"@id\":\"https:\/\/pagina10.com\/web\/#\/schema\/logo\/image\/\"},\"sameAs\":[\"https:\/\/www.facebook.com\/pag10com\",\"https:\/\/x.com\/Pag10com\",\"https:\/\/www.instagram.com\/pagina10col\/\",\"https:\/\/youtube.com\/channel\/pag10\",\"https:\/\/www.tiktok.com\/@p10col\"]},{\"@type\":\"Person\",\"@id\":\"https:\/\/pagina10.com\/web\/#\/schema\/person\/9ec3e2b432363a195d2d01bf820c66fe\",\"name\":\"Anibal Ar\u00e9valo Rosero\",\"description\":\"An\u00edbal Ar\u00e9valo Rosero a trav\u00e9s de su vida ha realizado diversas actividades tendientes a reivindicar al ser humano en su conciencia plena. Durante su vida ha hecho teatro, a escrito poes\u00eda y en sus tiempos de universitario realiz\u00f3 varias publicaciones entre las que se recuerda la revista Quinde. Junto con otros compa\u00f1eros fund\u00f3 el Taller Cultural El Cueche, equipo con el que se hicieron varias publicaciones. De este mismo grupo hay que resaltar que se hizo un trabajo pionero en la difusi\u00f3n de la m\u00fasica andina, latinoamericana y del caribe. Despu\u00e9s de terminar sus estudios de biolog\u00eda en la Universidad de Nari\u00f1o entr\u00f3 a laborar en emisoras de la ciudad de Pasto como en RCN, donde se desempe\u00f1aba como locutor de planta. Dirigi\u00f3 programas en la extinta Ondas del Mayo, en varias oportunidades; tambi\u00e9n en Ecos de Pasto. Fue colaborador de el Noticias RCN y dirigi\u00f3 el programa Simana al D\u00eda, del Sindicato del Magisterio de Nari\u00f1o, en dos \u00e9pocas. En el a\u00f1o de 1992 funda el Comit\u00e9 de Solidaridad con Cuba Jos\u00e9 Mart\u00ed, cuyo objetivo era divulgar la realidad cubana y expresar apoyo moral, pol\u00edtico y material al pa\u00eds caribe\u00f1o. Ante la mala interpretaci\u00f3n que la gente le daba a este tipo de acciones, se decide promover viajes de solidad a Cuba para participar en la Brigada Latinoamericana de Trabajo Voluntario, en el Festival Cuba Vive y, de manera especia,l en el 14 Festival Mundial de la Juventud y los Estudiantes, que se desarroll\u00f3 en la isla en el a\u00f1o de 1997. Con esta experiencia impulsa el turismo al pa\u00eds caribe\u00f1o con el resultado de que miles de personas han participado de las excursiones organizadas por Ar\u00e9valo Rosero. Asimismo ha venido impulsando las Brigadas de Salud en Cuba, tendiente a llevar pacientes de c\u00e1ncer a ese destino con el fin de que reciban atenci\u00f3n m\u00e9dica, teniendo en cuenta que la experiencia cubana en el tema ha sido bastante favorable. Veinte a\u00f1os despu\u00e9s de estas nutritivas experiencias, le permiten impulsar excursiones adem\u00e1s a M\u00e9xico, Machu Picchu, Argentina, Ecuador, Panam\u00e1 y Tierra Santa. En cuanto al desempe\u00f1o period\u00edstico, adem\u00e1s de los medios radiales y de televisi\u00f3n, en los canales de la universidades de Nari\u00f1o y Mariana, se ha desempe\u00f1ado como columnista en Diario del Sur durante 6 a\u00f1os y en algunos medios virtuales. Tambi\u00e9n es colaborador de el Diario del Cauca. Considera que la pr\u00e1ctica de la lectura es beber de la fuente nutricia que permite apropiarse de manera consciente del ejercicio de la democracia; y la posibilidad de escribir y ser le\u00eddo, acceder al poder, por que considera la palabra como el mayor instrumento de acci\u00f3n cuando est\u00e1 bien encamina al leg\u00edtimo servicio social. En la actualidad adem\u00e1s de so\u00f1ar con viajar por el mundo se desempe\u00f1a como docente del departamento de ciencias de Inem Luis Delf\u00edn Insuasty de Pasto. Correo: Esta direcci\u00f3n de correo electr\u00f3nico est\u00e1 protegida contra spambots. Usted necesita tener Javascript activado para poder verla.\\\" target=\\\"_blank\\\" style=\\\"color: #1155cc; text-align: justify; font-family: arial, sans-serif; font-size: 13px; line-height: normal;\\\"&gt;fundacionecosofia@gmail.com\",\"url\":\"https:\/\/pagina10.com\/web\/author\/anibal\/\"}]}<\/script>\n<!-- \/ Yoast SEO plugin. -->","yoast_head_json":{"title":"\u00bfEl pa\u00eds m\u00e1s educado? | P\u00e1gina10","robots":{"index":"index","follow":"follow","max-snippet":"max-snippet:-1","max-image-preview":"max-image-preview:large","max-video-preview":"max-video-preview:-1"},"canonical":"https:\/\/pagina10.com\/web\/el-pais-mas-educado\/","og_locale":"es_ES","og_type":"article","og_title":"\u00bfEl pa\u00eds m\u00e1s educado? | P\u00e1gina10","og_description":"Por: An\u00edbal Ar\u00e9valo Rosero Resulta muy curioso que el gobierno del presidente Santos tenga como lema \u201cTodos por un nuevo pa\u00eds: paz, equidad y educaci\u00f3n\u201d. Esto lo vociferan a cada nada, en cuanto programa de televisi\u00f3n, sobre todo de los dos canales privados, pagando millonadas en mensajes publicitarios mentirosos, con plata que sale de los [&hellip;]","og_url":"https:\/\/pagina10.com\/web\/el-pais-mas-educado\/","og_site_name":"P\u00e1gina10","article_publisher":"https:\/\/www.facebook.com\/pag10com","article_published_time":"2017-05-23T15:45:04+00:00","og_image":[{"width":630,"height":345,"url":"https:\/\/pagina10.com\/web\/wp-content\/uploads\/2017\/05\/Paro-del-magisterio.jpg","type":"image\/jpeg"}],"author":"Anibal Ar\u00e9valo Rosero","twitter_card":"summary_large_image","twitter_creator":"@Pag10com","twitter_site":"@Pag10com","twitter_misc":{"Escrito por":"Anibal Ar\u00e9valo Rosero","Tiempo de lectura":"4 minutos"},"schema":{"@context":"https:\/\/schema.org","@graph":[{"@type":"Article","@id":"https:\/\/pagina10.com\/web\/el-pais-mas-educado\/#article","isPartOf":{"@id":"https:\/\/pagina10.com\/web\/el-pais-mas-educado\/"},"author":{"name":"Anibal Ar\u00e9valo Rosero","@id":"https:\/\/pagina10.com\/web\/#\/schema\/person\/9ec3e2b432363a195d2d01bf820c66fe"},"headline":"\u00bfEl pa\u00eds m\u00e1s educado?","datePublished":"2017-05-23T15:45:04+00:00","mainEntityOfPage":{"@id":"https:\/\/pagina10.com\/web\/el-pais-mas-educado\/"},"wordCount":761,"commentCount":0,"publisher":{"@id":"https:\/\/pagina10.com\/web\/#organization"},"image":{"@id":"https:\/\/pagina10.com\/web\/el-pais-mas-educado\/#primaryimage"},"thumbnailUrl":"https:\/\/pagina10.com\/web\/wp-content\/uploads\/2017\/05\/Paro-del-magisterio.jpg","articleSection":["Nacional"],"inLanguage":"es","potentialAction":[{"@type":"CommentAction","name":"Comment","target":["https:\/\/pagina10.com\/web\/el-pais-mas-educado\/#respond"]}]},{"@type":"WebPage","@id":"https:\/\/pagina10.com\/web\/el-pais-mas-educado\/","url":"https:\/\/pagina10.com\/web\/el-pais-mas-educado\/","name":"\u00bfEl pa\u00eds m\u00e1s educado? | P\u00e1gina10","isPartOf":{"@id":"https:\/\/pagina10.com\/web\/#website"},"primaryImageOfPage":{"@id":"https:\/\/pagina10.com\/web\/el-pais-mas-educado\/#primaryimage"},"image":{"@id":"https:\/\/pagina10.com\/web\/el-pais-mas-educado\/#primaryimage"},"thumbnailUrl":"https:\/\/pagina10.com\/web\/wp-content\/uploads\/2017\/05\/Paro-del-magisterio.jpg","datePublished":"2017-05-23T15:45:04+00:00","breadcrumb":{"@id":"https:\/\/pagina10.com\/web\/el-pais-mas-educado\/#breadcrumb"},"inLanguage":"es","potentialAction":[{"@type":"ReadAction","target":["https:\/\/pagina10.com\/web\/el-pais-mas-educado\/"]}]},{"@type":"ImageObject","inLanguage":"es","@id":"https:\/\/pagina10.com\/web\/el-pais-mas-educado\/#primaryimage","url":"https:\/\/pagina10.com\/web\/wp-content\/uploads\/2017\/05\/Paro-del-magisterio.jpg","contentUrl":"https:\/\/pagina10.com\/web\/wp-content\/uploads\/2017\/05\/Paro-del-magisterio.jpg","width":630,"height":345},{"@type":"BreadcrumbList","@id":"https:\/\/pagina10.com\/web\/el-pais-mas-educado\/#breadcrumb","itemListElement":[{"@type":"ListItem","position":1,"name":"Portada","item":"https:\/\/pagina10.com\/web\/"},{"@type":"ListItem","position":2,"name":"\u00bfEl pa\u00eds m\u00e1s educado?"}]},{"@type":"WebSite","@id":"https:\/\/pagina10.com\/web\/#website","url":"https:\/\/pagina10.com\/web\/","name":"P\u00e1gina10","description":"Peri\u00f3dico Regional","publisher":{"@id":"https:\/\/pagina10.com\/web\/#organization"},"alternateName":"P\u00e1gina10 Peri\u00f3dico Regional","potentialAction":[{"@type":"SearchAction","target":{"@type":"EntryPoint","urlTemplate":"https:\/\/pagina10.com\/web\/?s={search_term_string}"},"query-input":{"@type":"PropertyValueSpecification","valueRequired":true,"valueName":"search_term_string"}}],"inLanguage":"es"},{"@type":"Organization","@id":"https:\/\/pagina10.com\/web\/#organization","name":"P\u00e1gina10","alternateName":"P\u00e1gina10 Peri\u00f3dico Regional","url":"https:\/\/pagina10.com\/web\/","logo":{"@type":"ImageObject","inLanguage":"es","@id":"https:\/\/pagina10.com\/web\/#\/schema\/logo\/image\/","url":"https:\/\/pagina10.com\/web\/wp-content\/uploads\/2024\/01\/40-pagina-10-periodico-regional-pasto.jpg","contentUrl":"https:\/\/pagina10.com\/web\/wp-content\/uploads\/2024\/01\/40-pagina-10-periodico-regional-pasto.jpg","width":1280,"height":720,"caption":"P\u00e1gina10"},"image":{"@id":"https:\/\/pagina10.com\/web\/#\/schema\/logo\/image\/"},"sameAs":["https:\/\/www.facebook.com\/pag10com","https:\/\/x.com\/Pag10com","https:\/\/www.instagram.com\/pagina10col\/","https:\/\/youtube.com\/channel\/pag10","https:\/\/www.tiktok.com\/@p10col"]},{"@type":"Person","@id":"https:\/\/pagina10.com\/web\/#\/schema\/person\/9ec3e2b432363a195d2d01bf820c66fe","name":"Anibal Ar\u00e9valo Rosero","description":"An\u00edbal Ar\u00e9valo Rosero a trav\u00e9s de su vida ha realizado diversas actividades tendientes a reivindicar al ser humano en su conciencia plena. Durante su vida ha hecho teatro, a escrito poes\u00eda y en sus tiempos de universitario realiz\u00f3 varias publicaciones entre las que se recuerda la revista Quinde. Junto con otros compa\u00f1eros fund\u00f3 el Taller Cultural El Cueche, equipo con el que se hicieron varias publicaciones. De este mismo grupo hay que resaltar que se hizo un trabajo pionero en la difusi\u00f3n de la m\u00fasica andina, latinoamericana y del caribe. Despu\u00e9s de terminar sus estudios de biolog\u00eda en la Universidad de Nari\u00f1o entr\u00f3 a laborar en emisoras de la ciudad de Pasto como en RCN, donde se desempe\u00f1aba como locutor de planta. Dirigi\u00f3 programas en la extinta Ondas del Mayo, en varias oportunidades; tambi\u00e9n en Ecos de Pasto. Fue colaborador de el Noticias RCN y dirigi\u00f3 el programa Simana al D\u00eda, del Sindicato del Magisterio de Nari\u00f1o, en dos \u00e9pocas. En el a\u00f1o de 1992 funda el Comit\u00e9 de Solidaridad con Cuba Jos\u00e9 Mart\u00ed, cuyo objetivo era divulgar la realidad cubana y expresar apoyo moral, pol\u00edtico y material al pa\u00eds caribe\u00f1o. Ante la mala interpretaci\u00f3n que la gente le daba a este tipo de acciones, se decide promover viajes de solidad a Cuba para participar en la Brigada Latinoamericana de Trabajo Voluntario, en el Festival Cuba Vive y, de manera especia,l en el 14 Festival Mundial de la Juventud y los Estudiantes, que se desarroll\u00f3 en la isla en el a\u00f1o de 1997. Con esta experiencia impulsa el turismo al pa\u00eds caribe\u00f1o con el resultado de que miles de personas han participado de las excursiones organizadas por Ar\u00e9valo Rosero. Asimismo ha venido impulsando las Brigadas de Salud en Cuba, tendiente a llevar pacientes de c\u00e1ncer a ese destino con el fin de que reciban atenci\u00f3n m\u00e9dica, teniendo en cuenta que la experiencia cubana en el tema ha sido bastante favorable. Veinte a\u00f1os despu\u00e9s de estas nutritivas experiencias, le permiten impulsar excursiones adem\u00e1s a M\u00e9xico, Machu Picchu, Argentina, Ecuador, Panam\u00e1 y Tierra Santa. En cuanto al desempe\u00f1o period\u00edstico, adem\u00e1s de los medios radiales y de televisi\u00f3n, en los canales de la universidades de Nari\u00f1o y Mariana, se ha desempe\u00f1ado como columnista en Diario del Sur durante 6 a\u00f1os y en algunos medios virtuales. Tambi\u00e9n es colaborador de el Diario del Cauca. Considera que la pr\u00e1ctica de la lectura es beber de la fuente nutricia que permite apropiarse de manera consciente del ejercicio de la democracia; y la posibilidad de escribir y ser le\u00eddo, acceder al poder, por que considera la palabra como el mayor instrumento de acci\u00f3n cuando est\u00e1 bien encamina al leg\u00edtimo servicio social. En la actualidad adem\u00e1s de so\u00f1ar con viajar por el mundo se desempe\u00f1a como docente del departamento de ciencias de Inem Luis Delf\u00edn Insuasty de Pasto. Correo: Esta direcci\u00f3n de correo electr\u00f3nico est\u00e1 protegida contra spambots. Usted necesita tener Javascript activado para poder verla.\" target=\"_blank\" style=\"color: #1155cc; text-align: justify; font-family: arial, sans-serif; font-size: 13px; line-height: normal;\"&gt;fundacionecosofia@gmail.com","url":"https:\/\/pagina10.com\/web\/author\/anibal\/"}]}},"_links":{"self":[{"href":"https:\/\/pagina10.com\/web\/wp-json\/wp\/v2\/posts\/22562","targetHints":{"allow":["GET"]}}],"collection":[{"href":"https:\/\/pagina10.com\/web\/wp-json\/wp\/v2\/posts"}],"about":[{"href":"https:\/\/pagina10.com\/web\/wp-json\/wp\/v2\/types\/post"}],"author":[{"embeddable":true,"href":"https:\/\/pagina10.com\/web\/wp-json\/wp\/v2\/users\/65"}],"replies":[{"embeddable":true,"href":"https:\/\/pagina10.com\/web\/wp-json\/wp\/v2\/comments?post=22562"}],"version-history":[{"count":1,"href":"https:\/\/pagina10.com\/web\/wp-json\/wp\/v2\/posts\/22562\/revisions"}],"predecessor-version":[{"id":22564,"href":"https:\/\/pagina10.com\/web\/wp-json\/wp\/v2\/posts\/22562\/revisions\/22564"}],"wp:featuredmedia":[{"embeddable":true,"href":"https:\/\/pagina10.com\/web\/wp-json\/wp\/v2\/media\/22563"}],"wp:attachment":[{"href":"https:\/\/pagina10.com\/web\/wp-json\/wp\/v2\/media?parent=22562"}],"wp:term":[{"taxonomy":"category","embeddable":true,"href":"https:\/\/pagina10.com\/web\/wp-json\/wp\/v2\/categories?post=22562"},{"taxonomy":"post_tag","embeddable":true,"href":"https:\/\/pagina10.com\/web\/wp-json\/wp\/v2\/tags?post=22562"}],"curies":[{"name":"wp","href":"https:\/\/api.w.org\/{rel}","templated":true}]}}