{"id":28483,"date":"2018-01-22T14:14:04","date_gmt":"2018-01-22T14:14:04","guid":{"rendered":"https:\/\/pagina10.com\/web\/?p=28483"},"modified":"2018-01-22T14:14:04","modified_gmt":"2018-01-22T14:14:04","slug":"como-castillo-de-naipes","status":"publish","type":"post","link":"https:\/\/pagina10.com\/web\/como-castillo-de-naipes\/","title":{"rendered":"Como castillo de naipes"},"content":{"rendered":"<p style=\"text-align: justify;\">Por: An\u00edbal Ar\u00e9valo Rosero<\/p>\n<p style=\"text-align: justify;\">\n<p style=\"text-align: justify;\">El pa\u00eds entero ha quedado con los pelos de punta al ver las dantescas im\u00e1genes del desplome del puente Chirajara, en la v\u00eda que conduce de Bogot\u00e1 a Villavicencio. Este puente, cuyo costo es de 75.000 millones de pesos, se constituye como el m\u00e1s grande de Latinoam\u00e9rica, con 446 metros. A pesar de que no se conocen las causas que llevaron a su colapso, s\u00ed es un suceso desafortunado para el pa\u00eds, porque hubo una p\u00e9rdida de 9 vidas, pero tambi\u00e9n \u2013m\u00e1s all\u00e1 de las p\u00e9rdidas materiales- se pierde la confianza en la ingenier\u00eda del pa\u00eds, lo que puede representar un alto costo hacia el futuro.<\/p>\n<p style=\"text-align: justify;\">\n<p style=\"text-align: justify;\">Todo el mundo opina sobre el tema en las redes sociales, y la mayor cr\u00edtica est\u00e1 en lo pol\u00edtico, principalmente al presidente Santos, quien est\u00e1 sufriendo un rechazo muy fuerte, y, luego, al candidato presidencial, Germ\u00e1n Vargas Lleras, quien ha dicho que la contrataci\u00f3n se hizo antes de que \u00e9l formara parte del actual gobierno.<\/p>\n<p style=\"text-align: justify;\">\n<p style=\"text-align: justify;\">Pero tambi\u00e9n las cr\u00edticas le llueven a Luis Carlos Sarmiento Angulo, contratista de la obra, con su firma Coviandes, que a su vez contrata con otras 5 compa\u00f1\u00edas que se encargan de ejecutar la obra de 54 kil\u00f3metros por tramos, 45 puentes y 18 t\u00faneles. Recordemos que el banquero tambi\u00e9n estuvo vinculado en el contrato de ejecuci\u00f3n de la obra Ruta del Sol II y de recuperaci\u00f3n de la navegabilidad del r\u00edo Magdalena, esta \u00faltima con la firma Navelena, en las cuales estall\u00f3 el caso de millonarios sobornos para ejecutar las obras con la firma brasilera Odebrecht.<\/p>\n<p style=\"text-align: justify;\">\n<p style=\"text-align: justify;\">El fiscal general de la Naci\u00f3n, Nestor Humberto Mart\u00ednez, a quien le corresponde asumir la investigaci\u00f3n de los responsables o las causas que llevaron al colapso del puente, no es garant\u00eda de transparencia, puesto que a trav\u00e9s de su bufete de abogados prest\u00f3 asesor\u00eda jur\u00eddica a las empresas de Sarmiento Angulo, lo que hace inferir, que como muchos hechos en Colombia, la investigaci\u00f3n quedar\u00e1 en \u2018tablas\u2019.<\/p>\n<p style=\"text-align: justify;\">\n<p style=\"text-align: justify;\">No obstante, con la verificaci\u00f3n de personal de Polic\u00eda Judicial, fiscales e ingenieros expertos en infraestructura, descartaron de plano que la tragedia haya ocurrido por causas de sismicidad, lo que hace que recaiga la responsabilidad sobre el consorcio Coviandes.<\/p>\n<p style=\"text-align: justify;\">\n<p style=\"text-align: justify;\">Seg\u00fan el criterio de los expertos en la materia, los factores que pueden haber incido son: fallas en el dise\u00f1o, errores en el proceso de construcci\u00f3n, deficiencia en los materiales empleados, mala cimentaci\u00f3n o las inadecuadas condiciones del suelo.<\/p>\n<p style=\"text-align: justify;\">\n<p style=\"text-align: justify;\">Con esto nos deja la inquietud de qu\u00e9 est\u00e1 pasando con las obras civiles y arquitect\u00f3nicas. La experiencias vividas en Colombia con las tragedias ocurridas en Armero, Manizales, Mocoa, Salgar y otros pueblos afectados por el mal empleo de las condiciones ambientales, son un reflejo de que las obras no se est\u00e1n ejecutando para las contingencias de la naturaleza.<\/p>\n<p style=\"text-align: justify;\">\n<p style=\"text-align: justify;\">El pa\u00eds tiene un mal recuerdo cuando se present\u00f3 el terremoto de Popay\u00e1n, en 1983, con la ca\u00edda de edificaciones hist\u00f3ricas, pero tambi\u00e9n torres de apartamentos que no eran sismo-resistentes. Es a partir de ese momento cuando se empieza a implementar una normatividad para garantizar que las edificaciones cumplan con unos m\u00ednimos requisitos de resistencia a los embates de la naturaleza y la calidad de los materiales utilizados.<\/p>\n<p style=\"text-align: justify;\">\n<p style=\"text-align: justify;\">Pero hay otras edificaciones que se caen sin necesidad de que se presente un sismo, como el caso de la torre Space de Medell\u00edn, que colaps\u00f3 por fallas estructurales; y en Cartagena hay m\u00e1s de 10 edificios que amenazan ruina (y son de reciente construcci\u00f3n) porque no cumplen con los requerimientos t\u00e9cnicos, o por ahorrarse un dinero le meten materiales de la peor calidad para que luego caigan como castillos de naipes.<\/p>\n<p style=\"text-align: justify;\">\n<p style=\"text-align: justify;\">Ni pensar que esto no nos llegue a ocurrir en la ciudad de Pasto, donde la propiedad horizontal est\u00e1 en auge y tenemos amenazas m\u00faltiples por los sismos de origen tect\u00f3nico y volc\u00e1nico, las inundaciones que se presentan cuando arrecia el invierno, con el desbordamiento de los r\u00edos, como ya lo conocemos.<\/p>\n<p style=\"text-align: justify;\">\n<p style=\"text-align: justify;\">La cercan\u00eda de acontecimientos sociales como el debate electoral y el Mundial de F\u00fatbol, obnubilan nuestra memoria, y en poco tiempo este desastre \u2013como otros- ir\u00e1 quedando en la distancia del tiempo.<\/p>\n","protected":false},"excerpt":{"rendered":"<p>Por: An\u00edbal Ar\u00e9valo Rosero El pa\u00eds entero ha quedado con los pelos de punta al ver las dantescas im\u00e1genes del desplome del puente Chirajara, en la v\u00eda que conduce de Bogot\u00e1 a Villavicencio. Este puente, cuyo costo es de 75.000 millones de pesos, se constituye como el m\u00e1s grande de Latinoam\u00e9rica, con 446 metros. A [&hellip;]<\/p>\n","protected":false},"author":65,"featured_media":28484,"comment_status":"open","ping_status":"open","sticky":false,"template":"","format":"standard","meta":{"footnotes":""},"categories":[94],"tags":[],"class_list":["post-28483","post","type-post","status-publish","format-standard","has-post-thumbnail","hentry","category-nacional-global-2"],"yoast_head":"<!-- This site is optimized with the Yoast SEO plugin v27.1.1 - https:\/\/yoast.com\/product\/yoast-seo-wordpress\/ -->\n<title>Como castillo de naipes | P\u00e1gina10<\/title>\n<meta name=\"robots\" content=\"index, follow, max-snippet:-1, max-image-preview:large, max-video-preview:-1\" \/>\n<link rel=\"canonical\" href=\"https:\/\/pagina10.com\/web\/como-castillo-de-naipes\/\" \/>\n<meta property=\"og:locale\" content=\"es_ES\" \/>\n<meta property=\"og:type\" content=\"article\" \/>\n<meta property=\"og:title\" content=\"Como castillo de naipes | P\u00e1gina10\" \/>\n<meta property=\"og:description\" content=\"Por: An\u00edbal Ar\u00e9valo Rosero El pa\u00eds entero ha quedado con los pelos de punta al ver las dantescas im\u00e1genes del desplome del puente Chirajara, en la v\u00eda que conduce de Bogot\u00e1 a Villavicencio. Este puente, cuyo costo es de 75.000 millones de pesos, se constituye como el m\u00e1s grande de Latinoam\u00e9rica, con 446 metros. A [&hellip;]\" \/>\n<meta property=\"og:url\" content=\"https:\/\/pagina10.com\/web\/como-castillo-de-naipes\/\" \/>\n<meta property=\"og:site_name\" content=\"P\u00e1gina10\" \/>\n<meta property=\"article:publisher\" content=\"https:\/\/www.facebook.com\/pag10com\" \/>\n<meta property=\"article:published_time\" content=\"2018-01-22T14:14:04+00:00\" \/>\n<meta property=\"og:image\" content=\"https:\/\/pagina10.com\/web\/wp-content\/uploads\/2018\/01\/Puente-Chirajara.jpg\" \/>\n\t<meta property=\"og:image:width\" content=\"900\" \/>\n\t<meta property=\"og:image:height\" content=\"485\" \/>\n\t<meta property=\"og:image:type\" content=\"image\/jpeg\" \/>\n<meta name=\"author\" content=\"Anibal Ar\u00e9valo Rosero\" \/>\n<meta name=\"twitter:card\" content=\"summary_large_image\" \/>\n<meta name=\"twitter:creator\" content=\"@Pag10com\" \/>\n<meta name=\"twitter:site\" content=\"@Pag10com\" \/>\n<meta name=\"twitter:label1\" content=\"Escrito por\" \/>\n\t<meta name=\"twitter:data1\" content=\"Anibal Ar\u00e9valo Rosero\" \/>\n\t<meta name=\"twitter:label2\" content=\"Tiempo de lectura\" \/>\n\t<meta name=\"twitter:data2\" content=\"4 minutos\" \/>\n<script type=\"application\/ld+json\" class=\"yoast-schema-graph\">{\"@context\":\"https:\/\/schema.org\",\"@graph\":[{\"@type\":\"Article\",\"@id\":\"https:\/\/pagina10.com\/web\/como-castillo-de-naipes\/#article\",\"isPartOf\":{\"@id\":\"https:\/\/pagina10.com\/web\/como-castillo-de-naipes\/\"},\"author\":{\"name\":\"Anibal Ar\u00e9valo Rosero\",\"@id\":\"https:\/\/pagina10.com\/web\/#\/schema\/person\/9ec3e2b432363a195d2d01bf820c66fe\"},\"headline\":\"Como castillo de naipes\",\"datePublished\":\"2018-01-22T14:14:04+00:00\",\"mainEntityOfPage\":{\"@id\":\"https:\/\/pagina10.com\/web\/como-castillo-de-naipes\/\"},\"wordCount\":743,\"commentCount\":0,\"publisher\":{\"@id\":\"https:\/\/pagina10.com\/web\/#organization\"},\"image\":{\"@id\":\"https:\/\/pagina10.com\/web\/como-castillo-de-naipes\/#primaryimage\"},\"thumbnailUrl\":\"https:\/\/pagina10.com\/web\/wp-content\/uploads\/2018\/01\/Puente-Chirajara.jpg\",\"articleSection\":[\"Nacional\"],\"inLanguage\":\"es\",\"potentialAction\":[{\"@type\":\"CommentAction\",\"name\":\"Comment\",\"target\":[\"https:\/\/pagina10.com\/web\/como-castillo-de-naipes\/#respond\"]}]},{\"@type\":\"WebPage\",\"@id\":\"https:\/\/pagina10.com\/web\/como-castillo-de-naipes\/\",\"url\":\"https:\/\/pagina10.com\/web\/como-castillo-de-naipes\/\",\"name\":\"Como castillo de naipes | P\u00e1gina10\",\"isPartOf\":{\"@id\":\"https:\/\/pagina10.com\/web\/#website\"},\"primaryImageOfPage\":{\"@id\":\"https:\/\/pagina10.com\/web\/como-castillo-de-naipes\/#primaryimage\"},\"image\":{\"@id\":\"https:\/\/pagina10.com\/web\/como-castillo-de-naipes\/#primaryimage\"},\"thumbnailUrl\":\"https:\/\/pagina10.com\/web\/wp-content\/uploads\/2018\/01\/Puente-Chirajara.jpg\",\"datePublished\":\"2018-01-22T14:14:04+00:00\",\"breadcrumb\":{\"@id\":\"https:\/\/pagina10.com\/web\/como-castillo-de-naipes\/#breadcrumb\"},\"inLanguage\":\"es\",\"potentialAction\":[{\"@type\":\"ReadAction\",\"target\":[\"https:\/\/pagina10.com\/web\/como-castillo-de-naipes\/\"]}]},{\"@type\":\"ImageObject\",\"inLanguage\":\"es\",\"@id\":\"https:\/\/pagina10.com\/web\/como-castillo-de-naipes\/#primaryimage\",\"url\":\"https:\/\/pagina10.com\/web\/wp-content\/uploads\/2018\/01\/Puente-Chirajara.jpg\",\"contentUrl\":\"https:\/\/pagina10.com\/web\/wp-content\/uploads\/2018\/01\/Puente-Chirajara.jpg\",\"width\":900,\"height\":485},{\"@type\":\"BreadcrumbList\",\"@id\":\"https:\/\/pagina10.com\/web\/como-castillo-de-naipes\/#breadcrumb\",\"itemListElement\":[{\"@type\":\"ListItem\",\"position\":1,\"name\":\"Portada\",\"item\":\"https:\/\/pagina10.com\/web\/\"},{\"@type\":\"ListItem\",\"position\":2,\"name\":\"Como castillo de naipes\"}]},{\"@type\":\"WebSite\",\"@id\":\"https:\/\/pagina10.com\/web\/#website\",\"url\":\"https:\/\/pagina10.com\/web\/\",\"name\":\"P\u00e1gina10\",\"description\":\"Peri\u00f3dico Regional\",\"publisher\":{\"@id\":\"https:\/\/pagina10.com\/web\/#organization\"},\"alternateName\":\"P\u00e1gina10 Peri\u00f3dico Regional\",\"potentialAction\":[{\"@type\":\"SearchAction\",\"target\":{\"@type\":\"EntryPoint\",\"urlTemplate\":\"https:\/\/pagina10.com\/web\/?s={search_term_string}\"},\"query-input\":{\"@type\":\"PropertyValueSpecification\",\"valueRequired\":true,\"valueName\":\"search_term_string\"}}],\"inLanguage\":\"es\"},{\"@type\":\"Organization\",\"@id\":\"https:\/\/pagina10.com\/web\/#organization\",\"name\":\"P\u00e1gina10\",\"alternateName\":\"P\u00e1gina10 Peri\u00f3dico Regional\",\"url\":\"https:\/\/pagina10.com\/web\/\",\"logo\":{\"@type\":\"ImageObject\",\"inLanguage\":\"es\",\"@id\":\"https:\/\/pagina10.com\/web\/#\/schema\/logo\/image\/\",\"url\":\"https:\/\/pagina10.com\/web\/wp-content\/uploads\/2024\/01\/40-pagina-10-periodico-regional-pasto.jpg\",\"contentUrl\":\"https:\/\/pagina10.com\/web\/wp-content\/uploads\/2024\/01\/40-pagina-10-periodico-regional-pasto.jpg\",\"width\":1280,\"height\":720,\"caption\":\"P\u00e1gina10\"},\"image\":{\"@id\":\"https:\/\/pagina10.com\/web\/#\/schema\/logo\/image\/\"},\"sameAs\":[\"https:\/\/www.facebook.com\/pag10com\",\"https:\/\/x.com\/Pag10com\",\"https:\/\/www.instagram.com\/pagina10col\/\",\"https:\/\/youtube.com\/channel\/pag10\",\"https:\/\/www.tiktok.com\/@p10col\"]},{\"@type\":\"Person\",\"@id\":\"https:\/\/pagina10.com\/web\/#\/schema\/person\/9ec3e2b432363a195d2d01bf820c66fe\",\"name\":\"Anibal Ar\u00e9valo Rosero\",\"description\":\"An\u00edbal Ar\u00e9valo Rosero a trav\u00e9s de su vida ha realizado diversas actividades tendientes a reivindicar al ser humano en su conciencia plena. Durante su vida ha hecho teatro, a escrito poes\u00eda y en sus tiempos de universitario realiz\u00f3 varias publicaciones entre las que se recuerda la revista Quinde. Junto con otros compa\u00f1eros fund\u00f3 el Taller Cultural El Cueche, equipo con el que se hicieron varias publicaciones. De este mismo grupo hay que resaltar que se hizo un trabajo pionero en la difusi\u00f3n de la m\u00fasica andina, latinoamericana y del caribe. Despu\u00e9s de terminar sus estudios de biolog\u00eda en la Universidad de Nari\u00f1o entr\u00f3 a laborar en emisoras de la ciudad de Pasto como en RCN, donde se desempe\u00f1aba como locutor de planta. Dirigi\u00f3 programas en la extinta Ondas del Mayo, en varias oportunidades; tambi\u00e9n en Ecos de Pasto. Fue colaborador de el Noticias RCN y dirigi\u00f3 el programa Simana al D\u00eda, del Sindicato del Magisterio de Nari\u00f1o, en dos \u00e9pocas. En el a\u00f1o de 1992 funda el Comit\u00e9 de Solidaridad con Cuba Jos\u00e9 Mart\u00ed, cuyo objetivo era divulgar la realidad cubana y expresar apoyo moral, pol\u00edtico y material al pa\u00eds caribe\u00f1o. Ante la mala interpretaci\u00f3n que la gente le daba a este tipo de acciones, se decide promover viajes de solidad a Cuba para participar en la Brigada Latinoamericana de Trabajo Voluntario, en el Festival Cuba Vive y, de manera especia,l en el 14 Festival Mundial de la Juventud y los Estudiantes, que se desarroll\u00f3 en la isla en el a\u00f1o de 1997. Con esta experiencia impulsa el turismo al pa\u00eds caribe\u00f1o con el resultado de que miles de personas han participado de las excursiones organizadas por Ar\u00e9valo Rosero. Asimismo ha venido impulsando las Brigadas de Salud en Cuba, tendiente a llevar pacientes de c\u00e1ncer a ese destino con el fin de que reciban atenci\u00f3n m\u00e9dica, teniendo en cuenta que la experiencia cubana en el tema ha sido bastante favorable. Veinte a\u00f1os despu\u00e9s de estas nutritivas experiencias, le permiten impulsar excursiones adem\u00e1s a M\u00e9xico, Machu Picchu, Argentina, Ecuador, Panam\u00e1 y Tierra Santa. En cuanto al desempe\u00f1o period\u00edstico, adem\u00e1s de los medios radiales y de televisi\u00f3n, en los canales de la universidades de Nari\u00f1o y Mariana, se ha desempe\u00f1ado como columnista en Diario del Sur durante 6 a\u00f1os y en algunos medios virtuales. Tambi\u00e9n es colaborador de el Diario del Cauca. Considera que la pr\u00e1ctica de la lectura es beber de la fuente nutricia que permite apropiarse de manera consciente del ejercicio de la democracia; y la posibilidad de escribir y ser le\u00eddo, acceder al poder, por que considera la palabra como el mayor instrumento de acci\u00f3n cuando est\u00e1 bien encamina al leg\u00edtimo servicio social. En la actualidad adem\u00e1s de so\u00f1ar con viajar por el mundo se desempe\u00f1a como docente del departamento de ciencias de Inem Luis Delf\u00edn Insuasty de Pasto. Correo: Esta direcci\u00f3n de correo electr\u00f3nico est\u00e1 protegida contra spambots. Usted necesita tener Javascript activado para poder verla.\\\" target=\\\"_blank\\\" style=\\\"color: #1155cc; text-align: justify; font-family: arial, sans-serif; font-size: 13px; line-height: normal;\\\"&gt;fundacionecosofia@gmail.com\",\"url\":\"https:\/\/pagina10.com\/web\/author\/anibal\/\"}]}<\/script>\n<!-- \/ Yoast SEO plugin. -->","yoast_head_json":{"title":"Como castillo de naipes | P\u00e1gina10","robots":{"index":"index","follow":"follow","max-snippet":"max-snippet:-1","max-image-preview":"max-image-preview:large","max-video-preview":"max-video-preview:-1"},"canonical":"https:\/\/pagina10.com\/web\/como-castillo-de-naipes\/","og_locale":"es_ES","og_type":"article","og_title":"Como castillo de naipes | P\u00e1gina10","og_description":"Por: An\u00edbal Ar\u00e9valo Rosero El pa\u00eds entero ha quedado con los pelos de punta al ver las dantescas im\u00e1genes del desplome del puente Chirajara, en la v\u00eda que conduce de Bogot\u00e1 a Villavicencio. Este puente, cuyo costo es de 75.000 millones de pesos, se constituye como el m\u00e1s grande de Latinoam\u00e9rica, con 446 metros. A [&hellip;]","og_url":"https:\/\/pagina10.com\/web\/como-castillo-de-naipes\/","og_site_name":"P\u00e1gina10","article_publisher":"https:\/\/www.facebook.com\/pag10com","article_published_time":"2018-01-22T14:14:04+00:00","og_image":[{"width":900,"height":485,"url":"https:\/\/pagina10.com\/web\/wp-content\/uploads\/2018\/01\/Puente-Chirajara.jpg","type":"image\/jpeg"}],"author":"Anibal Ar\u00e9valo Rosero","twitter_card":"summary_large_image","twitter_creator":"@Pag10com","twitter_site":"@Pag10com","twitter_misc":{"Escrito por":"Anibal Ar\u00e9valo Rosero","Tiempo de lectura":"4 minutos"},"schema":{"@context":"https:\/\/schema.org","@graph":[{"@type":"Article","@id":"https:\/\/pagina10.com\/web\/como-castillo-de-naipes\/#article","isPartOf":{"@id":"https:\/\/pagina10.com\/web\/como-castillo-de-naipes\/"},"author":{"name":"Anibal Ar\u00e9valo Rosero","@id":"https:\/\/pagina10.com\/web\/#\/schema\/person\/9ec3e2b432363a195d2d01bf820c66fe"},"headline":"Como castillo de naipes","datePublished":"2018-01-22T14:14:04+00:00","mainEntityOfPage":{"@id":"https:\/\/pagina10.com\/web\/como-castillo-de-naipes\/"},"wordCount":743,"commentCount":0,"publisher":{"@id":"https:\/\/pagina10.com\/web\/#organization"},"image":{"@id":"https:\/\/pagina10.com\/web\/como-castillo-de-naipes\/#primaryimage"},"thumbnailUrl":"https:\/\/pagina10.com\/web\/wp-content\/uploads\/2018\/01\/Puente-Chirajara.jpg","articleSection":["Nacional"],"inLanguage":"es","potentialAction":[{"@type":"CommentAction","name":"Comment","target":["https:\/\/pagina10.com\/web\/como-castillo-de-naipes\/#respond"]}]},{"@type":"WebPage","@id":"https:\/\/pagina10.com\/web\/como-castillo-de-naipes\/","url":"https:\/\/pagina10.com\/web\/como-castillo-de-naipes\/","name":"Como castillo de naipes | P\u00e1gina10","isPartOf":{"@id":"https:\/\/pagina10.com\/web\/#website"},"primaryImageOfPage":{"@id":"https:\/\/pagina10.com\/web\/como-castillo-de-naipes\/#primaryimage"},"image":{"@id":"https:\/\/pagina10.com\/web\/como-castillo-de-naipes\/#primaryimage"},"thumbnailUrl":"https:\/\/pagina10.com\/web\/wp-content\/uploads\/2018\/01\/Puente-Chirajara.jpg","datePublished":"2018-01-22T14:14:04+00:00","breadcrumb":{"@id":"https:\/\/pagina10.com\/web\/como-castillo-de-naipes\/#breadcrumb"},"inLanguage":"es","potentialAction":[{"@type":"ReadAction","target":["https:\/\/pagina10.com\/web\/como-castillo-de-naipes\/"]}]},{"@type":"ImageObject","inLanguage":"es","@id":"https:\/\/pagina10.com\/web\/como-castillo-de-naipes\/#primaryimage","url":"https:\/\/pagina10.com\/web\/wp-content\/uploads\/2018\/01\/Puente-Chirajara.jpg","contentUrl":"https:\/\/pagina10.com\/web\/wp-content\/uploads\/2018\/01\/Puente-Chirajara.jpg","width":900,"height":485},{"@type":"BreadcrumbList","@id":"https:\/\/pagina10.com\/web\/como-castillo-de-naipes\/#breadcrumb","itemListElement":[{"@type":"ListItem","position":1,"name":"Portada","item":"https:\/\/pagina10.com\/web\/"},{"@type":"ListItem","position":2,"name":"Como castillo de naipes"}]},{"@type":"WebSite","@id":"https:\/\/pagina10.com\/web\/#website","url":"https:\/\/pagina10.com\/web\/","name":"P\u00e1gina10","description":"Peri\u00f3dico Regional","publisher":{"@id":"https:\/\/pagina10.com\/web\/#organization"},"alternateName":"P\u00e1gina10 Peri\u00f3dico Regional","potentialAction":[{"@type":"SearchAction","target":{"@type":"EntryPoint","urlTemplate":"https:\/\/pagina10.com\/web\/?s={search_term_string}"},"query-input":{"@type":"PropertyValueSpecification","valueRequired":true,"valueName":"search_term_string"}}],"inLanguage":"es"},{"@type":"Organization","@id":"https:\/\/pagina10.com\/web\/#organization","name":"P\u00e1gina10","alternateName":"P\u00e1gina10 Peri\u00f3dico Regional","url":"https:\/\/pagina10.com\/web\/","logo":{"@type":"ImageObject","inLanguage":"es","@id":"https:\/\/pagina10.com\/web\/#\/schema\/logo\/image\/","url":"https:\/\/pagina10.com\/web\/wp-content\/uploads\/2024\/01\/40-pagina-10-periodico-regional-pasto.jpg","contentUrl":"https:\/\/pagina10.com\/web\/wp-content\/uploads\/2024\/01\/40-pagina-10-periodico-regional-pasto.jpg","width":1280,"height":720,"caption":"P\u00e1gina10"},"image":{"@id":"https:\/\/pagina10.com\/web\/#\/schema\/logo\/image\/"},"sameAs":["https:\/\/www.facebook.com\/pag10com","https:\/\/x.com\/Pag10com","https:\/\/www.instagram.com\/pagina10col\/","https:\/\/youtube.com\/channel\/pag10","https:\/\/www.tiktok.com\/@p10col"]},{"@type":"Person","@id":"https:\/\/pagina10.com\/web\/#\/schema\/person\/9ec3e2b432363a195d2d01bf820c66fe","name":"Anibal Ar\u00e9valo Rosero","description":"An\u00edbal Ar\u00e9valo Rosero a trav\u00e9s de su vida ha realizado diversas actividades tendientes a reivindicar al ser humano en su conciencia plena. Durante su vida ha hecho teatro, a escrito poes\u00eda y en sus tiempos de universitario realiz\u00f3 varias publicaciones entre las que se recuerda la revista Quinde. Junto con otros compa\u00f1eros fund\u00f3 el Taller Cultural El Cueche, equipo con el que se hicieron varias publicaciones. De este mismo grupo hay que resaltar que se hizo un trabajo pionero en la difusi\u00f3n de la m\u00fasica andina, latinoamericana y del caribe. Despu\u00e9s de terminar sus estudios de biolog\u00eda en la Universidad de Nari\u00f1o entr\u00f3 a laborar en emisoras de la ciudad de Pasto como en RCN, donde se desempe\u00f1aba como locutor de planta. Dirigi\u00f3 programas en la extinta Ondas del Mayo, en varias oportunidades; tambi\u00e9n en Ecos de Pasto. Fue colaborador de el Noticias RCN y dirigi\u00f3 el programa Simana al D\u00eda, del Sindicato del Magisterio de Nari\u00f1o, en dos \u00e9pocas. En el a\u00f1o de 1992 funda el Comit\u00e9 de Solidaridad con Cuba Jos\u00e9 Mart\u00ed, cuyo objetivo era divulgar la realidad cubana y expresar apoyo moral, pol\u00edtico y material al pa\u00eds caribe\u00f1o. Ante la mala interpretaci\u00f3n que la gente le daba a este tipo de acciones, se decide promover viajes de solidad a Cuba para participar en la Brigada Latinoamericana de Trabajo Voluntario, en el Festival Cuba Vive y, de manera especia,l en el 14 Festival Mundial de la Juventud y los Estudiantes, que se desarroll\u00f3 en la isla en el a\u00f1o de 1997. Con esta experiencia impulsa el turismo al pa\u00eds caribe\u00f1o con el resultado de que miles de personas han participado de las excursiones organizadas por Ar\u00e9valo Rosero. Asimismo ha venido impulsando las Brigadas de Salud en Cuba, tendiente a llevar pacientes de c\u00e1ncer a ese destino con el fin de que reciban atenci\u00f3n m\u00e9dica, teniendo en cuenta que la experiencia cubana en el tema ha sido bastante favorable. Veinte a\u00f1os despu\u00e9s de estas nutritivas experiencias, le permiten impulsar excursiones adem\u00e1s a M\u00e9xico, Machu Picchu, Argentina, Ecuador, Panam\u00e1 y Tierra Santa. En cuanto al desempe\u00f1o period\u00edstico, adem\u00e1s de los medios radiales y de televisi\u00f3n, en los canales de la universidades de Nari\u00f1o y Mariana, se ha desempe\u00f1ado como columnista en Diario del Sur durante 6 a\u00f1os y en algunos medios virtuales. Tambi\u00e9n es colaborador de el Diario del Cauca. Considera que la pr\u00e1ctica de la lectura es beber de la fuente nutricia que permite apropiarse de manera consciente del ejercicio de la democracia; y la posibilidad de escribir y ser le\u00eddo, acceder al poder, por que considera la palabra como el mayor instrumento de acci\u00f3n cuando est\u00e1 bien encamina al leg\u00edtimo servicio social. En la actualidad adem\u00e1s de so\u00f1ar con viajar por el mundo se desempe\u00f1a como docente del departamento de ciencias de Inem Luis Delf\u00edn Insuasty de Pasto. Correo: Esta direcci\u00f3n de correo electr\u00f3nico est\u00e1 protegida contra spambots. Usted necesita tener Javascript activado para poder verla.\" target=\"_blank\" style=\"color: #1155cc; text-align: justify; font-family: arial, sans-serif; font-size: 13px; line-height: normal;\"&gt;fundacionecosofia@gmail.com","url":"https:\/\/pagina10.com\/web\/author\/anibal\/"}]}},"_links":{"self":[{"href":"https:\/\/pagina10.com\/web\/wp-json\/wp\/v2\/posts\/28483","targetHints":{"allow":["GET"]}}],"collection":[{"href":"https:\/\/pagina10.com\/web\/wp-json\/wp\/v2\/posts"}],"about":[{"href":"https:\/\/pagina10.com\/web\/wp-json\/wp\/v2\/types\/post"}],"author":[{"embeddable":true,"href":"https:\/\/pagina10.com\/web\/wp-json\/wp\/v2\/users\/65"}],"replies":[{"embeddable":true,"href":"https:\/\/pagina10.com\/web\/wp-json\/wp\/v2\/comments?post=28483"}],"version-history":[{"count":1,"href":"https:\/\/pagina10.com\/web\/wp-json\/wp\/v2\/posts\/28483\/revisions"}],"predecessor-version":[{"id":28485,"href":"https:\/\/pagina10.com\/web\/wp-json\/wp\/v2\/posts\/28483\/revisions\/28485"}],"wp:featuredmedia":[{"embeddable":true,"href":"https:\/\/pagina10.com\/web\/wp-json\/wp\/v2\/media\/28484"}],"wp:attachment":[{"href":"https:\/\/pagina10.com\/web\/wp-json\/wp\/v2\/media?parent=28483"}],"wp:term":[{"taxonomy":"category","embeddable":true,"href":"https:\/\/pagina10.com\/web\/wp-json\/wp\/v2\/categories?post=28483"},{"taxonomy":"post_tag","embeddable":true,"href":"https:\/\/pagina10.com\/web\/wp-json\/wp\/v2\/tags?post=28483"}],"curies":[{"name":"wp","href":"https:\/\/api.w.org\/{rel}","templated":true}]}}