{"id":30436,"date":"2018-04-16T21:06:24","date_gmt":"2018-04-16T21:06:24","guid":{"rendered":"https:\/\/pagina10.com\/web\/?p=30436"},"modified":"2018-04-16T21:06:24","modified_gmt":"2018-04-16T21:06:24","slug":"encuestas-debates-y-manifestaciones","status":"publish","type":"post","link":"https:\/\/pagina10.com\/web\/encuestas-debates-y-manifestaciones\/","title":{"rendered":"Encuestas, debates y manifestaciones"},"content":{"rendered":"<p style=\"text-align: justify;\">Por: An\u00edbal Ar\u00e9valo Rosero<\/p>\n<p style=\"text-align: justify;\">\n<p style=\"text-align: justify;\">Parece que al uribismo, al Centro Democr\u00e1tico y al candidato Duque se les est\u00e1 acabando la gasolina antes de tiempo. No es ninguna sorpresa que el remoquete del castrochavismo se les agot\u00f3 sin m\u00e1s ni m\u00e1s, simplemente ven\u00edan cansado a la gente con la repetici\u00f3n de la repetidera; perdiendo valiosas oportunidades en debatir con altura. En un principio parec\u00eda que eso iba a marcar la diferencia, pero Petro h\u00e1bilmente logr\u00f3 desmarcarse de tal estigma, y miren los resultados: miles de personas acuden a la plaza p\u00fablica a darle la bienvenida.<\/p>\n<p style=\"text-align: justify;\">\n<p style=\"text-align: justify;\">El secreto del \u00e9xito est\u00e1 en un viejo refr\u00e1n de nuestros abuelos que dec\u00edan que la imagen del santo es la que hace el milagro. No vemos que ning\u00fan otro candidato haga lo que hace Petro: llenar (literalmente)\u00a0 las plazas de las principales ciudades del pa\u00eds. Mientras que Iv\u00e1n Duque lo que consigue en las ciudades donde visita es abucheos de los universitarios, como ocurri\u00f3 en Popay\u00e1n o Bucaramanga, teniendo que hacer s\u00f3lo reuniones en recintos cerrados. He ah\u00ed la diferencia.<\/p>\n<p style=\"text-align: justify;\">\n<p style=\"text-align: justify;\">Causa mucha sorpresa en el candidato de Uribe los cambios repentinos que viene dando, y no me refiero a los frecuentes cambios de tinte de su pelo ni a los dos falsos t\u00edtulos obtenidos en Harvard, sino que de unos d\u00edas para ac\u00e1 est\u00e1 copiando el discurso de Petro como si fuera propio. En \u00e9l los temas referidos a los acuerdos de paz ya no los har\u00edan trizas al menos; los temas ambientales que con gran pedagog\u00eda los ha expuesto el candidato de la Colombia Humana, tambi\u00e9n los menciona.<\/p>\n<p style=\"text-align: justify;\">\n<p style=\"text-align: justify;\">Nos preguntamos, entonces, de d\u00f3nde salen los resultados de las encuestas si hay un solo candidato que llena plazas; al parecer son como vestido de sastrer\u00eda, hechas a la medida del cliente. Por otra parte, el mapa pol\u00edtico ha cambiado con la adhesi\u00f3n del partido de La U a Vargas Lleras, retir\u00e1ndole apoyo a Duque de 10 senadores y no menos de 20 representantes.<\/p>\n<p style=\"text-align: justify;\">\n<p style=\"text-align: justify;\">Mientras que Petro busca seducir el voto liberal a trav\u00e9s de un discurso que rescata a L\u00f3pez Pumarejo, que dec\u00eda que hab\u00eda que acabar con el latifundio improductivo y establecer un impuesto a la tierra; la figura de Gait\u00e1n con su discurso de paz con justicia social; y Gal\u00e1n, que dijo que las mafias se podr\u00edan tomar el Estado, los partidos y las instituciones. Pero tambi\u00e9n rescat\u00f3 a \u00c1lvaro G\u00f3mez, quien propuso un acuerdo fundamental para evitar un r\u00e9gimen de corrupci\u00f3n.<\/p>\n<p style=\"text-align: justify;\">\n<p style=\"text-align: justify;\">Un hecho fundamental es que el caf\u00e9 propuesto por Fajardo a De la Calle no fructific\u00f3, que hubiera sido fatal en contra de Petro, pues con la suma de los apoyos de la Coalici\u00f3n Colombia con los del partido Liberal lo habr\u00edan logrado superar. Pero contin\u00faa avante con este suceso y con la petici\u00f3n de los dirigentes del Polo que los dejen en libertad para brindarle apoyo a Petro, lo que quiere decir que est\u00e1 en crecimiento, as\u00ed las encuestas puedan decir lo contrario.<\/p>\n<p style=\"text-align: justify;\">\n<p style=\"text-align: justify;\">Y si se trata de tener en cuenta las encuestas, Duque cay\u00f3 precipitadamente, mientras que Petro se mantiene, Vargas Lleras nunca despeg\u00f3, Fajardo se hunde y De la Calle se queda rezagado por la falta de apoyo del partido Liberal.<\/p>\n<p style=\"text-align: justify;\">\n<p style=\"text-align: justify;\">Un hecho muy comentado en todos los medios es que Petro siempre sale bien librado en los debates por su conocimiento, serenidad y sus propuestas en torno a las energ\u00edas alternativas y el cuidado del medio ambiente, que son temas que seducen a la poblaci\u00f3n joven. Le aporta mucho el estoicismo con que habla, hasta el momento nadie ha logrado sacarlo de casillas, a pesar de las provocaciones. Pero tambi\u00e9n tiene una gran ventaja con la pedagog\u00eda que hace en las manifestaciones: a la gente le pide que levante la mano para saber qui\u00e9nes han logrado obtener un cr\u00e9dito bancario y qui\u00e9nes viven del \u2018gota a gota\u2019.<\/p>\n<p style=\"text-align: justify;\">\n<p style=\"text-align: justify;\">Lo de Petro es un fen\u00f3meno, viene con todo, ha logrado una gran ventaja, ha conseguido unificar el pa\u00eds en contra de la infamia, las calumnias y los golpes bajos. Ning\u00fan candidato de la izquierda ha logrado llegar tan alto en la historia de Colombia. Para detener el creciente apoyo, el uribismo siembra el miedo en la clase media, que no deja de ser propaganda negra.<\/p>\n","protected":false},"excerpt":{"rendered":"<p>Por: An\u00edbal Ar\u00e9valo Rosero Parece que al uribismo, al Centro Democr\u00e1tico y al candidato Duque se les est\u00e1 acabando la gasolina antes de tiempo. No es ninguna sorpresa que el remoquete del castrochavismo se les agot\u00f3 sin m\u00e1s ni m\u00e1s, simplemente ven\u00edan cansado a la gente con la repetici\u00f3n de la repetidera; perdiendo valiosas oportunidades [&hellip;]<\/p>\n","protected":false},"author":65,"featured_media":30441,"comment_status":"open","ping_status":"open","sticky":false,"template":"","format":"standard","meta":{"footnotes":""},"categories":[94],"tags":[],"class_list":["post-30436","post","type-post","status-publish","format-standard","has-post-thumbnail","hentry","category-nacional-global-2"],"yoast_head":"<!-- This site is optimized with the Yoast SEO plugin v27.1.1 - https:\/\/yoast.com\/product\/yoast-seo-wordpress\/ -->\n<title>Encuestas, debates y manifestaciones | P\u00e1gina10<\/title>\n<meta name=\"robots\" content=\"index, follow, max-snippet:-1, max-image-preview:large, max-video-preview:-1\" \/>\n<link rel=\"canonical\" href=\"https:\/\/pagina10.com\/web\/encuestas-debates-y-manifestaciones\/\" \/>\n<meta property=\"og:locale\" content=\"es_ES\" \/>\n<meta property=\"og:type\" content=\"article\" \/>\n<meta property=\"og:title\" content=\"Encuestas, debates y manifestaciones | P\u00e1gina10\" \/>\n<meta property=\"og:description\" content=\"Por: An\u00edbal Ar\u00e9valo Rosero Parece que al uribismo, al Centro Democr\u00e1tico y al candidato Duque se les est\u00e1 acabando la gasolina antes de tiempo. No es ninguna sorpresa que el remoquete del castrochavismo se les agot\u00f3 sin m\u00e1s ni m\u00e1s, simplemente ven\u00edan cansado a la gente con la repetici\u00f3n de la repetidera; perdiendo valiosas oportunidades [&hellip;]\" \/>\n<meta property=\"og:url\" content=\"https:\/\/pagina10.com\/web\/encuestas-debates-y-manifestaciones\/\" \/>\n<meta property=\"og:site_name\" content=\"P\u00e1gina10\" \/>\n<meta property=\"article:publisher\" content=\"https:\/\/www.facebook.com\/pag10com\" \/>\n<meta property=\"article:published_time\" content=\"2018-04-16T21:06:24+00:00\" \/>\n<meta property=\"og:image\" content=\"https:\/\/pagina10.com\/web\/wp-content\/uploads\/2018\/04\/Candid\u00e1tos_opt-1.jpg\" \/>\n\t<meta property=\"og:image:width\" content=\"764\" \/>\n\t<meta property=\"og:image:height\" content=\"405\" \/>\n\t<meta property=\"og:image:type\" content=\"image\/jpeg\" \/>\n<meta name=\"author\" content=\"Anibal Ar\u00e9valo Rosero\" \/>\n<meta name=\"twitter:card\" content=\"summary_large_image\" \/>\n<meta name=\"twitter:creator\" content=\"@Pag10com\" \/>\n<meta name=\"twitter:site\" content=\"@Pag10com\" \/>\n<meta name=\"twitter:label1\" content=\"Escrito por\" \/>\n\t<meta name=\"twitter:data1\" content=\"Anibal Ar\u00e9valo Rosero\" \/>\n\t<meta name=\"twitter:label2\" content=\"Tiempo de lectura\" \/>\n\t<meta name=\"twitter:data2\" content=\"4 minutos\" \/>\n<script type=\"application\/ld+json\" class=\"yoast-schema-graph\">{\"@context\":\"https:\/\/schema.org\",\"@graph\":[{\"@type\":\"Article\",\"@id\":\"https:\/\/pagina10.com\/web\/encuestas-debates-y-manifestaciones\/#article\",\"isPartOf\":{\"@id\":\"https:\/\/pagina10.com\/web\/encuestas-debates-y-manifestaciones\/\"},\"author\":{\"name\":\"Anibal Ar\u00e9valo Rosero\",\"@id\":\"https:\/\/pagina10.com\/web\/#\/schema\/person\/9ec3e2b432363a195d2d01bf820c66fe\"},\"headline\":\"Encuestas, debates y manifestaciones\",\"datePublished\":\"2018-04-16T21:06:24+00:00\",\"mainEntityOfPage\":{\"@id\":\"https:\/\/pagina10.com\/web\/encuestas-debates-y-manifestaciones\/\"},\"wordCount\":760,\"commentCount\":0,\"publisher\":{\"@id\":\"https:\/\/pagina10.com\/web\/#organization\"},\"image\":{\"@id\":\"https:\/\/pagina10.com\/web\/encuestas-debates-y-manifestaciones\/#primaryimage\"},\"thumbnailUrl\":\"https:\/\/pagina10.com\/web\/wp-content\/uploads\/2018\/04\/Candid\u00e1tos_opt-1.jpg\",\"articleSection\":[\"Nacional\"],\"inLanguage\":\"es\",\"potentialAction\":[{\"@type\":\"CommentAction\",\"name\":\"Comment\",\"target\":[\"https:\/\/pagina10.com\/web\/encuestas-debates-y-manifestaciones\/#respond\"]}]},{\"@type\":\"WebPage\",\"@id\":\"https:\/\/pagina10.com\/web\/encuestas-debates-y-manifestaciones\/\",\"url\":\"https:\/\/pagina10.com\/web\/encuestas-debates-y-manifestaciones\/\",\"name\":\"Encuestas, debates y manifestaciones | P\u00e1gina10\",\"isPartOf\":{\"@id\":\"https:\/\/pagina10.com\/web\/#website\"},\"primaryImageOfPage\":{\"@id\":\"https:\/\/pagina10.com\/web\/encuestas-debates-y-manifestaciones\/#primaryimage\"},\"image\":{\"@id\":\"https:\/\/pagina10.com\/web\/encuestas-debates-y-manifestaciones\/#primaryimage\"},\"thumbnailUrl\":\"https:\/\/pagina10.com\/web\/wp-content\/uploads\/2018\/04\/Candid\u00e1tos_opt-1.jpg\",\"datePublished\":\"2018-04-16T21:06:24+00:00\",\"breadcrumb\":{\"@id\":\"https:\/\/pagina10.com\/web\/encuestas-debates-y-manifestaciones\/#breadcrumb\"},\"inLanguage\":\"es\",\"potentialAction\":[{\"@type\":\"ReadAction\",\"target\":[\"https:\/\/pagina10.com\/web\/encuestas-debates-y-manifestaciones\/\"]}]},{\"@type\":\"ImageObject\",\"inLanguage\":\"es\",\"@id\":\"https:\/\/pagina10.com\/web\/encuestas-debates-y-manifestaciones\/#primaryimage\",\"url\":\"https:\/\/pagina10.com\/web\/wp-content\/uploads\/2018\/04\/Candid\u00e1tos_opt-1.jpg\",\"contentUrl\":\"https:\/\/pagina10.com\/web\/wp-content\/uploads\/2018\/04\/Candid\u00e1tos_opt-1.jpg\",\"width\":764,\"height\":405},{\"@type\":\"BreadcrumbList\",\"@id\":\"https:\/\/pagina10.com\/web\/encuestas-debates-y-manifestaciones\/#breadcrumb\",\"itemListElement\":[{\"@type\":\"ListItem\",\"position\":1,\"name\":\"Portada\",\"item\":\"https:\/\/pagina10.com\/web\/\"},{\"@type\":\"ListItem\",\"position\":2,\"name\":\"Encuestas, debates y manifestaciones\"}]},{\"@type\":\"WebSite\",\"@id\":\"https:\/\/pagina10.com\/web\/#website\",\"url\":\"https:\/\/pagina10.com\/web\/\",\"name\":\"P\u00e1gina10\",\"description\":\"Peri\u00f3dico Regional\",\"publisher\":{\"@id\":\"https:\/\/pagina10.com\/web\/#organization\"},\"alternateName\":\"P\u00e1gina10 Peri\u00f3dico Regional\",\"potentialAction\":[{\"@type\":\"SearchAction\",\"target\":{\"@type\":\"EntryPoint\",\"urlTemplate\":\"https:\/\/pagina10.com\/web\/?s={search_term_string}\"},\"query-input\":{\"@type\":\"PropertyValueSpecification\",\"valueRequired\":true,\"valueName\":\"search_term_string\"}}],\"inLanguage\":\"es\"},{\"@type\":\"Organization\",\"@id\":\"https:\/\/pagina10.com\/web\/#organization\",\"name\":\"P\u00e1gina10\",\"alternateName\":\"P\u00e1gina10 Peri\u00f3dico Regional\",\"url\":\"https:\/\/pagina10.com\/web\/\",\"logo\":{\"@type\":\"ImageObject\",\"inLanguage\":\"es\",\"@id\":\"https:\/\/pagina10.com\/web\/#\/schema\/logo\/image\/\",\"url\":\"https:\/\/pagina10.com\/web\/wp-content\/uploads\/2024\/01\/40-pagina-10-periodico-regional-pasto.jpg\",\"contentUrl\":\"https:\/\/pagina10.com\/web\/wp-content\/uploads\/2024\/01\/40-pagina-10-periodico-regional-pasto.jpg\",\"width\":1280,\"height\":720,\"caption\":\"P\u00e1gina10\"},\"image\":{\"@id\":\"https:\/\/pagina10.com\/web\/#\/schema\/logo\/image\/\"},\"sameAs\":[\"https:\/\/www.facebook.com\/pag10com\",\"https:\/\/x.com\/Pag10com\",\"https:\/\/www.instagram.com\/pagina10col\/\",\"https:\/\/youtube.com\/channel\/pag10\",\"https:\/\/www.tiktok.com\/@p10col\"]},{\"@type\":\"Person\",\"@id\":\"https:\/\/pagina10.com\/web\/#\/schema\/person\/9ec3e2b432363a195d2d01bf820c66fe\",\"name\":\"Anibal Ar\u00e9valo Rosero\",\"description\":\"An\u00edbal Ar\u00e9valo Rosero a trav\u00e9s de su vida ha realizado diversas actividades tendientes a reivindicar al ser humano en su conciencia plena. Durante su vida ha hecho teatro, a escrito poes\u00eda y en sus tiempos de universitario realiz\u00f3 varias publicaciones entre las que se recuerda la revista Quinde. Junto con otros compa\u00f1eros fund\u00f3 el Taller Cultural El Cueche, equipo con el que se hicieron varias publicaciones. De este mismo grupo hay que resaltar que se hizo un trabajo pionero en la difusi\u00f3n de la m\u00fasica andina, latinoamericana y del caribe. Despu\u00e9s de terminar sus estudios de biolog\u00eda en la Universidad de Nari\u00f1o entr\u00f3 a laborar en emisoras de la ciudad de Pasto como en RCN, donde se desempe\u00f1aba como locutor de planta. Dirigi\u00f3 programas en la extinta Ondas del Mayo, en varias oportunidades; tambi\u00e9n en Ecos de Pasto. Fue colaborador de el Noticias RCN y dirigi\u00f3 el programa Simana al D\u00eda, del Sindicato del Magisterio de Nari\u00f1o, en dos \u00e9pocas. En el a\u00f1o de 1992 funda el Comit\u00e9 de Solidaridad con Cuba Jos\u00e9 Mart\u00ed, cuyo objetivo era divulgar la realidad cubana y expresar apoyo moral, pol\u00edtico y material al pa\u00eds caribe\u00f1o. Ante la mala interpretaci\u00f3n que la gente le daba a este tipo de acciones, se decide promover viajes de solidad a Cuba para participar en la Brigada Latinoamericana de Trabajo Voluntario, en el Festival Cuba Vive y, de manera especia,l en el 14 Festival Mundial de la Juventud y los Estudiantes, que se desarroll\u00f3 en la isla en el a\u00f1o de 1997. Con esta experiencia impulsa el turismo al pa\u00eds caribe\u00f1o con el resultado de que miles de personas han participado de las excursiones organizadas por Ar\u00e9valo Rosero. Asimismo ha venido impulsando las Brigadas de Salud en Cuba, tendiente a llevar pacientes de c\u00e1ncer a ese destino con el fin de que reciban atenci\u00f3n m\u00e9dica, teniendo en cuenta que la experiencia cubana en el tema ha sido bastante favorable. Veinte a\u00f1os despu\u00e9s de estas nutritivas experiencias, le permiten impulsar excursiones adem\u00e1s a M\u00e9xico, Machu Picchu, Argentina, Ecuador, Panam\u00e1 y Tierra Santa. En cuanto al desempe\u00f1o period\u00edstico, adem\u00e1s de los medios radiales y de televisi\u00f3n, en los canales de la universidades de Nari\u00f1o y Mariana, se ha desempe\u00f1ado como columnista en Diario del Sur durante 6 a\u00f1os y en algunos medios virtuales. Tambi\u00e9n es colaborador de el Diario del Cauca. Considera que la pr\u00e1ctica de la lectura es beber de la fuente nutricia que permite apropiarse de manera consciente del ejercicio de la democracia; y la posibilidad de escribir y ser le\u00eddo, acceder al poder, por que considera la palabra como el mayor instrumento de acci\u00f3n cuando est\u00e1 bien encamina al leg\u00edtimo servicio social. En la actualidad adem\u00e1s de so\u00f1ar con viajar por el mundo se desempe\u00f1a como docente del departamento de ciencias de Inem Luis Delf\u00edn Insuasty de Pasto. Correo: Esta direcci\u00f3n de correo electr\u00f3nico est\u00e1 protegida contra spambots. Usted necesita tener Javascript activado para poder verla.\\\" target=\\\"_blank\\\" style=\\\"color: #1155cc; text-align: justify; font-family: arial, sans-serif; font-size: 13px; line-height: normal;\\\"&gt;fundacionecosofia@gmail.com\",\"url\":\"https:\/\/pagina10.com\/web\/author\/anibal\/\"}]}<\/script>\n<!-- \/ Yoast SEO plugin. -->","yoast_head_json":{"title":"Encuestas, debates y manifestaciones | P\u00e1gina10","robots":{"index":"index","follow":"follow","max-snippet":"max-snippet:-1","max-image-preview":"max-image-preview:large","max-video-preview":"max-video-preview:-1"},"canonical":"https:\/\/pagina10.com\/web\/encuestas-debates-y-manifestaciones\/","og_locale":"es_ES","og_type":"article","og_title":"Encuestas, debates y manifestaciones | P\u00e1gina10","og_description":"Por: An\u00edbal Ar\u00e9valo Rosero Parece que al uribismo, al Centro Democr\u00e1tico y al candidato Duque se les est\u00e1 acabando la gasolina antes de tiempo. No es ninguna sorpresa que el remoquete del castrochavismo se les agot\u00f3 sin m\u00e1s ni m\u00e1s, simplemente ven\u00edan cansado a la gente con la repetici\u00f3n de la repetidera; perdiendo valiosas oportunidades [&hellip;]","og_url":"https:\/\/pagina10.com\/web\/encuestas-debates-y-manifestaciones\/","og_site_name":"P\u00e1gina10","article_publisher":"https:\/\/www.facebook.com\/pag10com","article_published_time":"2018-04-16T21:06:24+00:00","og_image":[{"width":764,"height":405,"url":"https:\/\/pagina10.com\/web\/wp-content\/uploads\/2018\/04\/Candid\u00e1tos_opt-1.jpg","type":"image\/jpeg"}],"author":"Anibal Ar\u00e9valo Rosero","twitter_card":"summary_large_image","twitter_creator":"@Pag10com","twitter_site":"@Pag10com","twitter_misc":{"Escrito por":"Anibal Ar\u00e9valo Rosero","Tiempo de lectura":"4 minutos"},"schema":{"@context":"https:\/\/schema.org","@graph":[{"@type":"Article","@id":"https:\/\/pagina10.com\/web\/encuestas-debates-y-manifestaciones\/#article","isPartOf":{"@id":"https:\/\/pagina10.com\/web\/encuestas-debates-y-manifestaciones\/"},"author":{"name":"Anibal Ar\u00e9valo Rosero","@id":"https:\/\/pagina10.com\/web\/#\/schema\/person\/9ec3e2b432363a195d2d01bf820c66fe"},"headline":"Encuestas, debates y manifestaciones","datePublished":"2018-04-16T21:06:24+00:00","mainEntityOfPage":{"@id":"https:\/\/pagina10.com\/web\/encuestas-debates-y-manifestaciones\/"},"wordCount":760,"commentCount":0,"publisher":{"@id":"https:\/\/pagina10.com\/web\/#organization"},"image":{"@id":"https:\/\/pagina10.com\/web\/encuestas-debates-y-manifestaciones\/#primaryimage"},"thumbnailUrl":"https:\/\/pagina10.com\/web\/wp-content\/uploads\/2018\/04\/Candid\u00e1tos_opt-1.jpg","articleSection":["Nacional"],"inLanguage":"es","potentialAction":[{"@type":"CommentAction","name":"Comment","target":["https:\/\/pagina10.com\/web\/encuestas-debates-y-manifestaciones\/#respond"]}]},{"@type":"WebPage","@id":"https:\/\/pagina10.com\/web\/encuestas-debates-y-manifestaciones\/","url":"https:\/\/pagina10.com\/web\/encuestas-debates-y-manifestaciones\/","name":"Encuestas, debates y manifestaciones | P\u00e1gina10","isPartOf":{"@id":"https:\/\/pagina10.com\/web\/#website"},"primaryImageOfPage":{"@id":"https:\/\/pagina10.com\/web\/encuestas-debates-y-manifestaciones\/#primaryimage"},"image":{"@id":"https:\/\/pagina10.com\/web\/encuestas-debates-y-manifestaciones\/#primaryimage"},"thumbnailUrl":"https:\/\/pagina10.com\/web\/wp-content\/uploads\/2018\/04\/Candid\u00e1tos_opt-1.jpg","datePublished":"2018-04-16T21:06:24+00:00","breadcrumb":{"@id":"https:\/\/pagina10.com\/web\/encuestas-debates-y-manifestaciones\/#breadcrumb"},"inLanguage":"es","potentialAction":[{"@type":"ReadAction","target":["https:\/\/pagina10.com\/web\/encuestas-debates-y-manifestaciones\/"]}]},{"@type":"ImageObject","inLanguage":"es","@id":"https:\/\/pagina10.com\/web\/encuestas-debates-y-manifestaciones\/#primaryimage","url":"https:\/\/pagina10.com\/web\/wp-content\/uploads\/2018\/04\/Candid\u00e1tos_opt-1.jpg","contentUrl":"https:\/\/pagina10.com\/web\/wp-content\/uploads\/2018\/04\/Candid\u00e1tos_opt-1.jpg","width":764,"height":405},{"@type":"BreadcrumbList","@id":"https:\/\/pagina10.com\/web\/encuestas-debates-y-manifestaciones\/#breadcrumb","itemListElement":[{"@type":"ListItem","position":1,"name":"Portada","item":"https:\/\/pagina10.com\/web\/"},{"@type":"ListItem","position":2,"name":"Encuestas, debates y manifestaciones"}]},{"@type":"WebSite","@id":"https:\/\/pagina10.com\/web\/#website","url":"https:\/\/pagina10.com\/web\/","name":"P\u00e1gina10","description":"Peri\u00f3dico Regional","publisher":{"@id":"https:\/\/pagina10.com\/web\/#organization"},"alternateName":"P\u00e1gina10 Peri\u00f3dico Regional","potentialAction":[{"@type":"SearchAction","target":{"@type":"EntryPoint","urlTemplate":"https:\/\/pagina10.com\/web\/?s={search_term_string}"},"query-input":{"@type":"PropertyValueSpecification","valueRequired":true,"valueName":"search_term_string"}}],"inLanguage":"es"},{"@type":"Organization","@id":"https:\/\/pagina10.com\/web\/#organization","name":"P\u00e1gina10","alternateName":"P\u00e1gina10 Peri\u00f3dico Regional","url":"https:\/\/pagina10.com\/web\/","logo":{"@type":"ImageObject","inLanguage":"es","@id":"https:\/\/pagina10.com\/web\/#\/schema\/logo\/image\/","url":"https:\/\/pagina10.com\/web\/wp-content\/uploads\/2024\/01\/40-pagina-10-periodico-regional-pasto.jpg","contentUrl":"https:\/\/pagina10.com\/web\/wp-content\/uploads\/2024\/01\/40-pagina-10-periodico-regional-pasto.jpg","width":1280,"height":720,"caption":"P\u00e1gina10"},"image":{"@id":"https:\/\/pagina10.com\/web\/#\/schema\/logo\/image\/"},"sameAs":["https:\/\/www.facebook.com\/pag10com","https:\/\/x.com\/Pag10com","https:\/\/www.instagram.com\/pagina10col\/","https:\/\/youtube.com\/channel\/pag10","https:\/\/www.tiktok.com\/@p10col"]},{"@type":"Person","@id":"https:\/\/pagina10.com\/web\/#\/schema\/person\/9ec3e2b432363a195d2d01bf820c66fe","name":"Anibal Ar\u00e9valo Rosero","description":"An\u00edbal Ar\u00e9valo Rosero a trav\u00e9s de su vida ha realizado diversas actividades tendientes a reivindicar al ser humano en su conciencia plena. Durante su vida ha hecho teatro, a escrito poes\u00eda y en sus tiempos de universitario realiz\u00f3 varias publicaciones entre las que se recuerda la revista Quinde. Junto con otros compa\u00f1eros fund\u00f3 el Taller Cultural El Cueche, equipo con el que se hicieron varias publicaciones. De este mismo grupo hay que resaltar que se hizo un trabajo pionero en la difusi\u00f3n de la m\u00fasica andina, latinoamericana y del caribe. Despu\u00e9s de terminar sus estudios de biolog\u00eda en la Universidad de Nari\u00f1o entr\u00f3 a laborar en emisoras de la ciudad de Pasto como en RCN, donde se desempe\u00f1aba como locutor de planta. Dirigi\u00f3 programas en la extinta Ondas del Mayo, en varias oportunidades; tambi\u00e9n en Ecos de Pasto. Fue colaborador de el Noticias RCN y dirigi\u00f3 el programa Simana al D\u00eda, del Sindicato del Magisterio de Nari\u00f1o, en dos \u00e9pocas. En el a\u00f1o de 1992 funda el Comit\u00e9 de Solidaridad con Cuba Jos\u00e9 Mart\u00ed, cuyo objetivo era divulgar la realidad cubana y expresar apoyo moral, pol\u00edtico y material al pa\u00eds caribe\u00f1o. Ante la mala interpretaci\u00f3n que la gente le daba a este tipo de acciones, se decide promover viajes de solidad a Cuba para participar en la Brigada Latinoamericana de Trabajo Voluntario, en el Festival Cuba Vive y, de manera especia,l en el 14 Festival Mundial de la Juventud y los Estudiantes, que se desarroll\u00f3 en la isla en el a\u00f1o de 1997. Con esta experiencia impulsa el turismo al pa\u00eds caribe\u00f1o con el resultado de que miles de personas han participado de las excursiones organizadas por Ar\u00e9valo Rosero. Asimismo ha venido impulsando las Brigadas de Salud en Cuba, tendiente a llevar pacientes de c\u00e1ncer a ese destino con el fin de que reciban atenci\u00f3n m\u00e9dica, teniendo en cuenta que la experiencia cubana en el tema ha sido bastante favorable. Veinte a\u00f1os despu\u00e9s de estas nutritivas experiencias, le permiten impulsar excursiones adem\u00e1s a M\u00e9xico, Machu Picchu, Argentina, Ecuador, Panam\u00e1 y Tierra Santa. En cuanto al desempe\u00f1o period\u00edstico, adem\u00e1s de los medios radiales y de televisi\u00f3n, en los canales de la universidades de Nari\u00f1o y Mariana, se ha desempe\u00f1ado como columnista en Diario del Sur durante 6 a\u00f1os y en algunos medios virtuales. Tambi\u00e9n es colaborador de el Diario del Cauca. Considera que la pr\u00e1ctica de la lectura es beber de la fuente nutricia que permite apropiarse de manera consciente del ejercicio de la democracia; y la posibilidad de escribir y ser le\u00eddo, acceder al poder, por que considera la palabra como el mayor instrumento de acci\u00f3n cuando est\u00e1 bien encamina al leg\u00edtimo servicio social. En la actualidad adem\u00e1s de so\u00f1ar con viajar por el mundo se desempe\u00f1a como docente del departamento de ciencias de Inem Luis Delf\u00edn Insuasty de Pasto. Correo: Esta direcci\u00f3n de correo electr\u00f3nico est\u00e1 protegida contra spambots. Usted necesita tener Javascript activado para poder verla.\" target=\"_blank\" style=\"color: #1155cc; text-align: justify; font-family: arial, sans-serif; font-size: 13px; line-height: normal;\"&gt;fundacionecosofia@gmail.com","url":"https:\/\/pagina10.com\/web\/author\/anibal\/"}]}},"_links":{"self":[{"href":"https:\/\/pagina10.com\/web\/wp-json\/wp\/v2\/posts\/30436","targetHints":{"allow":["GET"]}}],"collection":[{"href":"https:\/\/pagina10.com\/web\/wp-json\/wp\/v2\/posts"}],"about":[{"href":"https:\/\/pagina10.com\/web\/wp-json\/wp\/v2\/types\/post"}],"author":[{"embeddable":true,"href":"https:\/\/pagina10.com\/web\/wp-json\/wp\/v2\/users\/65"}],"replies":[{"embeddable":true,"href":"https:\/\/pagina10.com\/web\/wp-json\/wp\/v2\/comments?post=30436"}],"version-history":[{"count":2,"href":"https:\/\/pagina10.com\/web\/wp-json\/wp\/v2\/posts\/30436\/revisions"}],"predecessor-version":[{"id":30440,"href":"https:\/\/pagina10.com\/web\/wp-json\/wp\/v2\/posts\/30436\/revisions\/30440"}],"wp:featuredmedia":[{"embeddable":true,"href":"https:\/\/pagina10.com\/web\/wp-json\/wp\/v2\/media\/30441"}],"wp:attachment":[{"href":"https:\/\/pagina10.com\/web\/wp-json\/wp\/v2\/media?parent=30436"}],"wp:term":[{"taxonomy":"category","embeddable":true,"href":"https:\/\/pagina10.com\/web\/wp-json\/wp\/v2\/categories?post=30436"},{"taxonomy":"post_tag","embeddable":true,"href":"https:\/\/pagina10.com\/web\/wp-json\/wp\/v2\/tags?post=30436"}],"curies":[{"name":"wp","href":"https:\/\/api.w.org\/{rel}","templated":true}]}}