{"id":32695,"date":"2018-07-24T12:46:57","date_gmt":"2018-07-24T12:46:57","guid":{"rendered":"https:\/\/pagina10.com\/web\/?p=32695"},"modified":"2018-07-24T12:46:57","modified_gmt":"2018-07-24T12:46:57","slug":"destacado-abogado-pedro-antonio-solarte-portilla-es-el-personaje-10-del-dia","status":"publish","type":"post","link":"https:\/\/pagina10.com\/web\/destacado-abogado-pedro-antonio-solarte-portilla-es-el-personaje-10-del-dia\/","title":{"rendered":"Destacado abogado, Pedro Antonio Solarte Portilla, es \u201cEl personaje 10 del d\u00eda\u201d"},"content":{"rendered":"<p style=\"text-align: justify;\">Pedro Antonio Solarte Portilla es Abogado especialista en Derecho Urbano. Naci\u00f3 en el municipio de Guaitarilla (Nari\u00f1o), pero vivi\u00f3 hasta los veinte a\u00f1os en el municipio de Mallama. Actualmente reside en Bogot\u00e1.<\/p>\n<p style=\"text-align: justify;\">Solarte es uno de los primeros abogados promotores del Derecho Urbano en Colombia, \u00e1rea que hasta hace poco ven\u00eda siendo relegada o desatendida. Es autor del libro Ordenamiento Territorial y Derecho Urbano, publicado por la editorial Leyer (Tercera edici\u00f3n abril de 2017), una de las obras m\u00e1s completas sobre los aspectos jur\u00eddicos del urbanismo. Es estudiante de doctorado en Derecho Administrativo de la Universidad de Buenos Aires, Argentina; profesor ocasional de la Universidad Externado y Nacional en las materias de Derecho Urbano y Derecho Administrativo. Excatedr\u00e1dico de la especializaci\u00f3n de Derecho Urbano de la Universidad del Rosario. Se ha desempe\u00f1ado como consultor y asesor en m\u00faltiples proyectos urban\u00edsticos de gran impacto. Su obra ha contribuido a estudiantes, funcionarios p\u00fablicos, curadur\u00edas urbanas, constructoras y particulares en general.<\/p>\n<p style=\"text-align: justify;\">Actualmente es director de la firma Solarte Abogados SAS, por medio de la cual ejerce como abogado independiente, asesor y consultor de varias empresas constructoras y promotoras de proyectos urban\u00edsticos en Colombia.<\/p>\n<p style=\"text-align: justify;\"><strong><em>Los personajes<\/em><\/strong><em>\u00a0<span style=\"color: #ff0000;\"><strong>10\u00a0<\/strong><\/span>del d\u00eda son ciudadanas y ciudadanos que trabajan por un mejor Nari\u00f1o, desde diferentes sectores de la sociedad. Con esto se quiere reconocer su esfuerzo, compromiso, dedicaci\u00f3n y sentido de pertenencia con la regi\u00f3n.<\/em><\/p>\n","protected":false},"excerpt":{"rendered":"<p>Pedro Antonio Solarte Portilla es Abogado especialista en Derecho Urbano. Naci\u00f3 en el municipio de Guaitarilla (Nari\u00f1o), pero vivi\u00f3 hasta los veinte a\u00f1os en el municipio de Mallama. Actualmente reside en Bogot\u00e1. Solarte es uno de los primeros abogados promotores del Derecho Urbano en Colombia, \u00e1rea que hasta hace poco ven\u00eda siendo relegada o desatendida. [&hellip;]<\/p>\n","protected":false},"author":1,"featured_media":32696,"comment_status":"open","ping_status":"open","sticky":false,"template":"","format":"standard","meta":{"footnotes":""},"categories":[14,1528],"tags":[],"class_list":["post-32695","post","type-post","status-publish","format-standard","has-post-thumbnail","hentry","category-narino-actual","category-titulares"],"yoast_head":"<!-- This site is optimized with the Yoast SEO plugin v27.1.1 - https:\/\/yoast.com\/product\/yoast-seo-wordpress\/ -->\n<title>Destacado abogado, Pedro Antonio Solarte Portilla, es \u201cEl personaje 10 del d\u00eda\u201d | P\u00e1gina10<\/title>\n<meta name=\"robots\" content=\"index, follow, max-snippet:-1, max-image-preview:large, max-video-preview:-1\" \/>\n<link rel=\"canonical\" href=\"https:\/\/pagina10.com\/web\/destacado-abogado-pedro-antonio-solarte-portilla-es-el-personaje-10-del-dia\/\" \/>\n<meta property=\"og:locale\" content=\"es_ES\" \/>\n<meta property=\"og:type\" content=\"article\" \/>\n<meta property=\"og:title\" content=\"Destacado abogado, Pedro Antonio Solarte Portilla, es \u201cEl personaje 10 del d\u00eda\u201d | P\u00e1gina10\" \/>\n<meta property=\"og:description\" content=\"Pedro Antonio Solarte Portilla es Abogado especialista en Derecho Urbano. Naci\u00f3 en el municipio de Guaitarilla (Nari\u00f1o), pero vivi\u00f3 hasta los veinte a\u00f1os en el municipio de Mallama. Actualmente reside en Bogot\u00e1. Solarte es uno de los primeros abogados promotores del Derecho Urbano en Colombia, \u00e1rea que hasta hace poco ven\u00eda siendo relegada o desatendida. [&hellip;]\" \/>\n<meta property=\"og:url\" content=\"https:\/\/pagina10.com\/web\/destacado-abogado-pedro-antonio-solarte-portilla-es-el-personaje-10-del-dia\/\" \/>\n<meta property=\"og:site_name\" content=\"P\u00e1gina10\" \/>\n<meta property=\"article:publisher\" content=\"https:\/\/www.facebook.com\/pag10com\" \/>\n<meta property=\"article:published_time\" content=\"2018-07-24T12:46:57+00:00\" \/>\n<meta property=\"og:image\" content=\"https:\/\/pagina10.com\/web\/wp-content\/uploads\/2018\/07\/Pedro-antonio-solarte_opt.jpg\" \/>\n\t<meta property=\"og:image:width\" content=\"413\" \/>\n\t<meta property=\"og:image:height\" content=\"420\" \/>\n\t<meta property=\"og:image:type\" content=\"image\/jpeg\" \/>\n<meta name=\"author\" content=\"P\u00e1gina 10\" \/>\n<meta name=\"twitter:card\" content=\"summary_large_image\" \/>\n<meta name=\"twitter:creator\" content=\"@Pag10com\" \/>\n<meta name=\"twitter:site\" content=\"@Pag10com\" \/>\n<meta name=\"twitter:label1\" content=\"Escrito por\" \/>\n\t<meta name=\"twitter:data1\" content=\"P\u00e1gina 10\" \/>\n\t<meta name=\"twitter:label2\" content=\"Tiempo de lectura\" \/>\n\t<meta name=\"twitter:data2\" content=\"1 minuto\" \/>\n<script type=\"application\/ld+json\" class=\"yoast-schema-graph\">{\"@context\":\"https:\/\/schema.org\",\"@graph\":[{\"@type\":\"Article\",\"@id\":\"https:\/\/pagina10.com\/web\/destacado-abogado-pedro-antonio-solarte-portilla-es-el-personaje-10-del-dia\/#article\",\"isPartOf\":{\"@id\":\"https:\/\/pagina10.com\/web\/destacado-abogado-pedro-antonio-solarte-portilla-es-el-personaje-10-del-dia\/\"},\"author\":{\"name\":\"P\u00e1gina 10\",\"@id\":\"https:\/\/pagina10.com\/web\/#\/schema\/person\/2efc4a090d25b667d3bc796798a3a81b\"},\"headline\":\"Destacado abogado, Pedro Antonio Solarte Portilla, es \u201cEl personaje 10 del d\u00eda\u201d\",\"datePublished\":\"2018-07-24T12:46:57+00:00\",\"mainEntityOfPage\":{\"@id\":\"https:\/\/pagina10.com\/web\/destacado-abogado-pedro-antonio-solarte-portilla-es-el-personaje-10-del-dia\/\"},\"wordCount\":255,\"commentCount\":0,\"publisher\":{\"@id\":\"https:\/\/pagina10.com\/web\/#organization\"},\"image\":{\"@id\":\"https:\/\/pagina10.com\/web\/destacado-abogado-pedro-antonio-solarte-portilla-es-el-personaje-10-del-dia\/#primaryimage\"},\"thumbnailUrl\":\"https:\/\/pagina10.com\/web\/wp-content\/uploads\/2018\/07\/Pedro-antonio-solarte_opt.jpg\",\"articleSection\":[\"Nari\u00f1o Actual\",\"Titulares\"],\"inLanguage\":\"es\",\"potentialAction\":[{\"@type\":\"CommentAction\",\"name\":\"Comment\",\"target\":[\"https:\/\/pagina10.com\/web\/destacado-abogado-pedro-antonio-solarte-portilla-es-el-personaje-10-del-dia\/#respond\"]}]},{\"@type\":\"WebPage\",\"@id\":\"https:\/\/pagina10.com\/web\/destacado-abogado-pedro-antonio-solarte-portilla-es-el-personaje-10-del-dia\/\",\"url\":\"https:\/\/pagina10.com\/web\/destacado-abogado-pedro-antonio-solarte-portilla-es-el-personaje-10-del-dia\/\",\"name\":\"Destacado abogado, Pedro Antonio Solarte Portilla, es \u201cEl personaje 10 del d\u00eda\u201d | P\u00e1gina10\",\"isPartOf\":{\"@id\":\"https:\/\/pagina10.com\/web\/#website\"},\"primaryImageOfPage\":{\"@id\":\"https:\/\/pagina10.com\/web\/destacado-abogado-pedro-antonio-solarte-portilla-es-el-personaje-10-del-dia\/#primaryimage\"},\"image\":{\"@id\":\"https:\/\/pagina10.com\/web\/destacado-abogado-pedro-antonio-solarte-portilla-es-el-personaje-10-del-dia\/#primaryimage\"},\"thumbnailUrl\":\"https:\/\/pagina10.com\/web\/wp-content\/uploads\/2018\/07\/Pedro-antonio-solarte_opt.jpg\",\"datePublished\":\"2018-07-24T12:46:57+00:00\",\"breadcrumb\":{\"@id\":\"https:\/\/pagina10.com\/web\/destacado-abogado-pedro-antonio-solarte-portilla-es-el-personaje-10-del-dia\/#breadcrumb\"},\"inLanguage\":\"es\",\"potentialAction\":[{\"@type\":\"ReadAction\",\"target\":[\"https:\/\/pagina10.com\/web\/destacado-abogado-pedro-antonio-solarte-portilla-es-el-personaje-10-del-dia\/\"]}]},{\"@type\":\"ImageObject\",\"inLanguage\":\"es\",\"@id\":\"https:\/\/pagina10.com\/web\/destacado-abogado-pedro-antonio-solarte-portilla-es-el-personaje-10-del-dia\/#primaryimage\",\"url\":\"https:\/\/pagina10.com\/web\/wp-content\/uploads\/2018\/07\/Pedro-antonio-solarte_opt.jpg\",\"contentUrl\":\"https:\/\/pagina10.com\/web\/wp-content\/uploads\/2018\/07\/Pedro-antonio-solarte_opt.jpg\",\"width\":413,\"height\":420},{\"@type\":\"BreadcrumbList\",\"@id\":\"https:\/\/pagina10.com\/web\/destacado-abogado-pedro-antonio-solarte-portilla-es-el-personaje-10-del-dia\/#breadcrumb\",\"itemListElement\":[{\"@type\":\"ListItem\",\"position\":1,\"name\":\"Portada\",\"item\":\"https:\/\/pagina10.com\/web\/\"},{\"@type\":\"ListItem\",\"position\":2,\"name\":\"Destacado abogado, Pedro Antonio Solarte Portilla, es \u201cEl personaje 10 del d\u00eda\u201d\"}]},{\"@type\":\"WebSite\",\"@id\":\"https:\/\/pagina10.com\/web\/#website\",\"url\":\"https:\/\/pagina10.com\/web\/\",\"name\":\"P\u00e1gina10\",\"description\":\"Peri\u00f3dico Regional\",\"publisher\":{\"@id\":\"https:\/\/pagina10.com\/web\/#organization\"},\"alternateName\":\"P\u00e1gina10 Peri\u00f3dico Regional\",\"potentialAction\":[{\"@type\":\"SearchAction\",\"target\":{\"@type\":\"EntryPoint\",\"urlTemplate\":\"https:\/\/pagina10.com\/web\/?s={search_term_string}\"},\"query-input\":{\"@type\":\"PropertyValueSpecification\",\"valueRequired\":true,\"valueName\":\"search_term_string\"}}],\"inLanguage\":\"es\"},{\"@type\":\"Organization\",\"@id\":\"https:\/\/pagina10.com\/web\/#organization\",\"name\":\"P\u00e1gina10\",\"alternateName\":\"P\u00e1gina10 Peri\u00f3dico Regional\",\"url\":\"https:\/\/pagina10.com\/web\/\",\"logo\":{\"@type\":\"ImageObject\",\"inLanguage\":\"es\",\"@id\":\"https:\/\/pagina10.com\/web\/#\/schema\/logo\/image\/\",\"url\":\"https:\/\/pagina10.com\/web\/wp-content\/uploads\/2024\/01\/40-pagina-10-periodico-regional-pasto.jpg\",\"contentUrl\":\"https:\/\/pagina10.com\/web\/wp-content\/uploads\/2024\/01\/40-pagina-10-periodico-regional-pasto.jpg\",\"width\":1280,\"height\":720,\"caption\":\"P\u00e1gina10\"},\"image\":{\"@id\":\"https:\/\/pagina10.com\/web\/#\/schema\/logo\/image\/\"},\"sameAs\":[\"https:\/\/www.facebook.com\/pag10com\",\"https:\/\/x.com\/Pag10com\",\"https:\/\/www.instagram.com\/pagina10col\/\",\"https:\/\/youtube.com\/channel\/pag10\",\"https:\/\/www.tiktok.com\/@p10col\"]},{\"@type\":\"Person\",\"@id\":\"https:\/\/pagina10.com\/web\/#\/schema\/person\/2efc4a090d25b667d3bc796798a3a81b\",\"name\":\"P\u00e1gina 10\",\"description\":\"P\u00e1gina 10 es un peri\u00f3dico regional que nace en Colombia, en el departamento de Nari\u00f1o, con un enfoque global, fundamentado en cuatro pilares esenciales: la libertad, el pluralismo, la inclusi\u00f3n y la independencia. P\u00e1gina 10 hace referencia a Nari\u00f1o como el d\u00e9cimo departamento creado en Colombia, despu\u00e9s de un proceso pol\u00edtico liderado por actores y actrices regionales con el fin de obtener la independencia y autonom\u00eda de nuestros territorios. Con la creaci\u00f3n de P\u00e1gina 10 se pretende abrir un escenario para el dialogo, la reflexi\u00f3n y el debate que se extienda a otras geograf\u00edas de Am\u00e9rica Latina y del planeta, en una apuesta por transformar colectivamente los desaf\u00edos de un mundo contempor\u00e1neo, m\u00e1s all\u00e1 de las fronteras impuestas.\",\"url\":\"https:\/\/pagina10.com\/web\/author\/pdiezadmin\/\"}]}<\/script>\n<!-- \/ Yoast SEO plugin. -->","yoast_head_json":{"title":"Destacado abogado, Pedro Antonio Solarte Portilla, es \u201cEl personaje 10 del d\u00eda\u201d | P\u00e1gina10","robots":{"index":"index","follow":"follow","max-snippet":"max-snippet:-1","max-image-preview":"max-image-preview:large","max-video-preview":"max-video-preview:-1"},"canonical":"https:\/\/pagina10.com\/web\/destacado-abogado-pedro-antonio-solarte-portilla-es-el-personaje-10-del-dia\/","og_locale":"es_ES","og_type":"article","og_title":"Destacado abogado, Pedro Antonio Solarte Portilla, es \u201cEl personaje 10 del d\u00eda\u201d | P\u00e1gina10","og_description":"Pedro Antonio Solarte Portilla es Abogado especialista en Derecho Urbano. Naci\u00f3 en el municipio de Guaitarilla (Nari\u00f1o), pero vivi\u00f3 hasta los veinte a\u00f1os en el municipio de Mallama. Actualmente reside en Bogot\u00e1. Solarte es uno de los primeros abogados promotores del Derecho Urbano en Colombia, \u00e1rea que hasta hace poco ven\u00eda siendo relegada o desatendida. [&hellip;]","og_url":"https:\/\/pagina10.com\/web\/destacado-abogado-pedro-antonio-solarte-portilla-es-el-personaje-10-del-dia\/","og_site_name":"P\u00e1gina10","article_publisher":"https:\/\/www.facebook.com\/pag10com","article_published_time":"2018-07-24T12:46:57+00:00","og_image":[{"width":413,"height":420,"url":"https:\/\/pagina10.com\/web\/wp-content\/uploads\/2018\/07\/Pedro-antonio-solarte_opt.jpg","type":"image\/jpeg"}],"author":"P\u00e1gina 10","twitter_card":"summary_large_image","twitter_creator":"@Pag10com","twitter_site":"@Pag10com","twitter_misc":{"Escrito por":"P\u00e1gina 10","Tiempo de lectura":"1 minuto"},"schema":{"@context":"https:\/\/schema.org","@graph":[{"@type":"Article","@id":"https:\/\/pagina10.com\/web\/destacado-abogado-pedro-antonio-solarte-portilla-es-el-personaje-10-del-dia\/#article","isPartOf":{"@id":"https:\/\/pagina10.com\/web\/destacado-abogado-pedro-antonio-solarte-portilla-es-el-personaje-10-del-dia\/"},"author":{"name":"P\u00e1gina 10","@id":"https:\/\/pagina10.com\/web\/#\/schema\/person\/2efc4a090d25b667d3bc796798a3a81b"},"headline":"Destacado abogado, Pedro Antonio Solarte Portilla, es \u201cEl personaje 10 del d\u00eda\u201d","datePublished":"2018-07-24T12:46:57+00:00","mainEntityOfPage":{"@id":"https:\/\/pagina10.com\/web\/destacado-abogado-pedro-antonio-solarte-portilla-es-el-personaje-10-del-dia\/"},"wordCount":255,"commentCount":0,"publisher":{"@id":"https:\/\/pagina10.com\/web\/#organization"},"image":{"@id":"https:\/\/pagina10.com\/web\/destacado-abogado-pedro-antonio-solarte-portilla-es-el-personaje-10-del-dia\/#primaryimage"},"thumbnailUrl":"https:\/\/pagina10.com\/web\/wp-content\/uploads\/2018\/07\/Pedro-antonio-solarte_opt.jpg","articleSection":["Nari\u00f1o Actual","Titulares"],"inLanguage":"es","potentialAction":[{"@type":"CommentAction","name":"Comment","target":["https:\/\/pagina10.com\/web\/destacado-abogado-pedro-antonio-solarte-portilla-es-el-personaje-10-del-dia\/#respond"]}]},{"@type":"WebPage","@id":"https:\/\/pagina10.com\/web\/destacado-abogado-pedro-antonio-solarte-portilla-es-el-personaje-10-del-dia\/","url":"https:\/\/pagina10.com\/web\/destacado-abogado-pedro-antonio-solarte-portilla-es-el-personaje-10-del-dia\/","name":"Destacado abogado, Pedro Antonio Solarte Portilla, es \u201cEl personaje 10 del d\u00eda\u201d | P\u00e1gina10","isPartOf":{"@id":"https:\/\/pagina10.com\/web\/#website"},"primaryImageOfPage":{"@id":"https:\/\/pagina10.com\/web\/destacado-abogado-pedro-antonio-solarte-portilla-es-el-personaje-10-del-dia\/#primaryimage"},"image":{"@id":"https:\/\/pagina10.com\/web\/destacado-abogado-pedro-antonio-solarte-portilla-es-el-personaje-10-del-dia\/#primaryimage"},"thumbnailUrl":"https:\/\/pagina10.com\/web\/wp-content\/uploads\/2018\/07\/Pedro-antonio-solarte_opt.jpg","datePublished":"2018-07-24T12:46:57+00:00","breadcrumb":{"@id":"https:\/\/pagina10.com\/web\/destacado-abogado-pedro-antonio-solarte-portilla-es-el-personaje-10-del-dia\/#breadcrumb"},"inLanguage":"es","potentialAction":[{"@type":"ReadAction","target":["https:\/\/pagina10.com\/web\/destacado-abogado-pedro-antonio-solarte-portilla-es-el-personaje-10-del-dia\/"]}]},{"@type":"ImageObject","inLanguage":"es","@id":"https:\/\/pagina10.com\/web\/destacado-abogado-pedro-antonio-solarte-portilla-es-el-personaje-10-del-dia\/#primaryimage","url":"https:\/\/pagina10.com\/web\/wp-content\/uploads\/2018\/07\/Pedro-antonio-solarte_opt.jpg","contentUrl":"https:\/\/pagina10.com\/web\/wp-content\/uploads\/2018\/07\/Pedro-antonio-solarte_opt.jpg","width":413,"height":420},{"@type":"BreadcrumbList","@id":"https:\/\/pagina10.com\/web\/destacado-abogado-pedro-antonio-solarte-portilla-es-el-personaje-10-del-dia\/#breadcrumb","itemListElement":[{"@type":"ListItem","position":1,"name":"Portada","item":"https:\/\/pagina10.com\/web\/"},{"@type":"ListItem","position":2,"name":"Destacado abogado, Pedro Antonio Solarte Portilla, es \u201cEl personaje 10 del d\u00eda\u201d"}]},{"@type":"WebSite","@id":"https:\/\/pagina10.com\/web\/#website","url":"https:\/\/pagina10.com\/web\/","name":"P\u00e1gina10","description":"Peri\u00f3dico Regional","publisher":{"@id":"https:\/\/pagina10.com\/web\/#organization"},"alternateName":"P\u00e1gina10 Peri\u00f3dico Regional","potentialAction":[{"@type":"SearchAction","target":{"@type":"EntryPoint","urlTemplate":"https:\/\/pagina10.com\/web\/?s={search_term_string}"},"query-input":{"@type":"PropertyValueSpecification","valueRequired":true,"valueName":"search_term_string"}}],"inLanguage":"es"},{"@type":"Organization","@id":"https:\/\/pagina10.com\/web\/#organization","name":"P\u00e1gina10","alternateName":"P\u00e1gina10 Peri\u00f3dico Regional","url":"https:\/\/pagina10.com\/web\/","logo":{"@type":"ImageObject","inLanguage":"es","@id":"https:\/\/pagina10.com\/web\/#\/schema\/logo\/image\/","url":"https:\/\/pagina10.com\/web\/wp-content\/uploads\/2024\/01\/40-pagina-10-periodico-regional-pasto.jpg","contentUrl":"https:\/\/pagina10.com\/web\/wp-content\/uploads\/2024\/01\/40-pagina-10-periodico-regional-pasto.jpg","width":1280,"height":720,"caption":"P\u00e1gina10"},"image":{"@id":"https:\/\/pagina10.com\/web\/#\/schema\/logo\/image\/"},"sameAs":["https:\/\/www.facebook.com\/pag10com","https:\/\/x.com\/Pag10com","https:\/\/www.instagram.com\/pagina10col\/","https:\/\/youtube.com\/channel\/pag10","https:\/\/www.tiktok.com\/@p10col"]},{"@type":"Person","@id":"https:\/\/pagina10.com\/web\/#\/schema\/person\/2efc4a090d25b667d3bc796798a3a81b","name":"P\u00e1gina 10","description":"P\u00e1gina 10 es un peri\u00f3dico regional que nace en Colombia, en el departamento de Nari\u00f1o, con un enfoque global, fundamentado en cuatro pilares esenciales: la libertad, el pluralismo, la inclusi\u00f3n y la independencia. P\u00e1gina 10 hace referencia a Nari\u00f1o como el d\u00e9cimo departamento creado en Colombia, despu\u00e9s de un proceso pol\u00edtico liderado por actores y actrices regionales con el fin de obtener la independencia y autonom\u00eda de nuestros territorios. Con la creaci\u00f3n de P\u00e1gina 10 se pretende abrir un escenario para el dialogo, la reflexi\u00f3n y el debate que se extienda a otras geograf\u00edas de Am\u00e9rica Latina y del planeta, en una apuesta por transformar colectivamente los desaf\u00edos de un mundo contempor\u00e1neo, m\u00e1s all\u00e1 de las fronteras impuestas.","url":"https:\/\/pagina10.com\/web\/author\/pdiezadmin\/"}]}},"_links":{"self":[{"href":"https:\/\/pagina10.com\/web\/wp-json\/wp\/v2\/posts\/32695","targetHints":{"allow":["GET"]}}],"collection":[{"href":"https:\/\/pagina10.com\/web\/wp-json\/wp\/v2\/posts"}],"about":[{"href":"https:\/\/pagina10.com\/web\/wp-json\/wp\/v2\/types\/post"}],"author":[{"embeddable":true,"href":"https:\/\/pagina10.com\/web\/wp-json\/wp\/v2\/users\/1"}],"replies":[{"embeddable":true,"href":"https:\/\/pagina10.com\/web\/wp-json\/wp\/v2\/comments?post=32695"}],"version-history":[{"count":4,"href":"https:\/\/pagina10.com\/web\/wp-json\/wp\/v2\/posts\/32695\/revisions"}],"predecessor-version":[{"id":32700,"href":"https:\/\/pagina10.com\/web\/wp-json\/wp\/v2\/posts\/32695\/revisions\/32700"}],"wp:featuredmedia":[{"embeddable":true,"href":"https:\/\/pagina10.com\/web\/wp-json\/wp\/v2\/media\/32696"}],"wp:attachment":[{"href":"https:\/\/pagina10.com\/web\/wp-json\/wp\/v2\/media?parent=32695"}],"wp:term":[{"taxonomy":"category","embeddable":true,"href":"https:\/\/pagina10.com\/web\/wp-json\/wp\/v2\/categories?post=32695"},{"taxonomy":"post_tag","embeddable":true,"href":"https:\/\/pagina10.com\/web\/wp-json\/wp\/v2\/tags?post=32695"}],"curies":[{"name":"wp","href":"https:\/\/api.w.org\/{rel}","templated":true}]}}