{"id":36686,"date":"2019-01-30T12:50:31","date_gmt":"2019-01-30T12:50:31","guid":{"rendered":"https:\/\/pagina10.com\/web\/?p=36686"},"modified":"2019-01-30T12:50:31","modified_gmt":"2019-01-30T12:50:31","slug":"la-montana-de-siete-colores-atrae-a-miles-de-turistas-de-todo-el-mundo","status":"publish","type":"post","link":"https:\/\/pagina10.com\/web\/la-montana-de-siete-colores-atrae-a-miles-de-turistas-de-todo-el-mundo\/","title":{"rendered":"La monta\u00f1a de siete colores atrae a miles de turistas de todo el mundo"},"content":{"rendered":"<p style=\"text-align: justify;\">Si bien es cierto que Vinikunka o monta\u00f1a de 7 colores est\u00e1 hace 4.500 millones de a\u00f1os, cuando se form\u00f3 la tierra, muy pocos sab\u00edan de su existencia, sobre todo del gran atractivo que tiene en la actualidad para el turismo internacional.<\/p>\n<p style=\"text-align: justify;\">Todo se dio cuando algunos caminantes y aventureros conoc\u00edan una ruta de acceso para el lugar y empezaron a publicar fotos a trav\u00e9s de Facebook e Instagram. A partir del a\u00f1o 2016 se produjo el gran impacto por la belleza de esta cumbre de los Andes peruanos, que m\u00e1s se parece a una obra maestra de un pintor impresionista.<\/p>\n<p style=\"text-align: justify;\">En realidad es muy reciente el aprovechamiento tur\u00edstico de la monta\u00f1a Vinikunka, apenas lleva un poco m\u00e1s de dos a\u00f1os. Seg\u00fan cuentan los gu\u00edas que nos acompa\u00f1aron en el recorrido, la monta\u00f1a estuvo oculta por millones de a\u00f1os, hasta cuando se produjo el deshielo de sus cumbres por efecto del cambio clim\u00e1tico, producido hace aproximadamente 60 a\u00f1os.<\/p>\n<p style=\"text-align: justify;\">Ubicada en el departamento de Cusco, en la municipalidad de Pitumarca. Para llegar a ella, se sale del Cusco en buseta, en un viaje de m\u00e1s de tres horas. La salida se hace a las cuatro de la ma\u00f1ana; en la mitad del recorrido le ofrecen un delicioso desayuno en un restaurante de nativos de la zona. Se contin\u00faa con la marcha por una hora y media, hasta llegar a la estaci\u00f3n de buses, por un carreteable que se encuentra en buenas condiciones por su reciente apertura.<\/p>\n<p style=\"text-align: justify;\">Se llega a un improvisado terminal, donde se parquean decenas de buses. A partir de ese momento los gu\u00edas dan instrucciones precisas para que el grupo se mantenga en permanente contacto con su gu\u00eda a trav\u00e9s del nombre del grupo y el bander\u00edn como distintivo. Sobre empinadas cuestas est\u00e1n marcados dos senderos: uno para caminantes y otro para el tr\u00e1nsito de caballos, para los que no tengan tan buen estado f\u00edsico para llegar a la cumbre de la monta\u00f1a.<\/p>\n<p style=\"text-align: justify;\">Son cinco kil\u00f3metros de caminata que se los cubre en aproximadamente 2 horas, dependiendo del ritmo del caminante y su capacidad para soportar temperaturas de cero grados cent\u00edgrados y la escasez de ox\u00edgeno en una altura m\u00e1xima de 5.200 msnm. Quienes no tengan un buen estado f\u00edsico pueden sufrir de soroche o mal de altura que hace que sobrevenga una sensaci\u00f3n de ahogamiento y debilidad f\u00edsica. Por ello se recomienda permanecer en Cusco unos dos d\u00edas antes para efectos de aclimataci\u00f3n.<\/p>\n<p style=\"text-align: justify;\">Mientras ascendemos podemos observar unos maravillosos paisajes que a\u00fan conservan sus cumbres nevadas. En las laderas de las fr\u00edas monta\u00f1as se logran apreciar reba\u00f1os de cientos de llamas y alpacas. Los nativos de la zona suben tirando sus caballos con turistas agotados que prefirieron hacer el ascenso a lomo de equino. Mientras tanto otros ind\u00edgenas, ataviados de sus trajes t\u00edpicos, descienden a trote con su caballo para aprovechar el momento de la presencia de cientos de turistas, muchos de ellos no resisten la caminata, por eso pagan 60 soles para llegar m\u00e1s descansados a la cumbre.<\/p>\n<p style=\"text-align: justify;\">El flujo de visitantes es tan alto, que se considera que los mismos turistas que visitaron Machupicchu, luego est\u00e1n ascendiendo a la monta\u00f1a de 7 Colores. El d\u00eda de nuestra visita, le calculo que no hab\u00eda menos de 2.000 caminantes con el prop\u00f3sito de cumplir un sue\u00f1o.<\/p>\n<p style=\"text-align: justify;\">Una vez hemos llegado a la cumbre nos encontramos con turistas de cualquier pa\u00eds del mundo, que para expiar un poco el fr\u00edo se toman una infusi\u00f3n del coca o un humeante caf\u00e9 de las m\u00faltiples ventas que hacen los nativos. El descenso no es tan f\u00e1cil porque, resultado del descanso mientras se toman las fotos, las piernas se han encalambrado.<\/p>\n<p style=\"text-align: justify;\">Cerca de la una de la tarde se re\u00fanen todos los grupos en la estaci\u00f3n, y bajamos hasta el restaurante campestre para deleitarnos con un delicioso almuerzo. Atr\u00e1s queda la nostalgia de un sue\u00f1o cumplido: la monta\u00f1a tiene m\u00e1s de siete colores por los minerales que la cubren, pero el paisaje es de ensue\u00f1o.<\/p>\n","protected":false},"excerpt":{"rendered":"<p>Si bien es cierto que Vinikunka o monta\u00f1a de 7 colores est\u00e1 hace 4.500 millones de a\u00f1os, cuando se form\u00f3 la tierra, muy pocos sab\u00edan de su existencia, sobre todo del gran atractivo que tiene en la actualidad para el turismo internacional. Todo se dio cuando algunos caminantes y aventureros conoc\u00edan una ruta de acceso [&hellip;]<\/p>\n","protected":false},"author":65,"featured_media":36688,"comment_status":"open","ping_status":"open","sticky":false,"template":"","format":"standard","meta":{"footnotes":""},"categories":[9],"tags":[],"class_list":["post-36686","post","type-post","status-publish","format-standard","has-post-thumbnail","hentry","category-global"],"yoast_head":"<!-- This site is optimized with the Yoast SEO plugin v27.1.1 - https:\/\/yoast.com\/product\/yoast-seo-wordpress\/ -->\n<title>La monta\u00f1a de siete colores atrae a miles de turistas de todo el mundo | P\u00e1gina10<\/title>\n<meta name=\"robots\" content=\"index, follow, max-snippet:-1, max-image-preview:large, max-video-preview:-1\" \/>\n<link rel=\"canonical\" href=\"https:\/\/pagina10.com\/web\/la-montana-de-siete-colores-atrae-a-miles-de-turistas-de-todo-el-mundo\/\" \/>\n<meta property=\"og:locale\" content=\"es_ES\" \/>\n<meta property=\"og:type\" content=\"article\" \/>\n<meta property=\"og:title\" content=\"La monta\u00f1a de siete colores atrae a miles de turistas de todo el mundo | P\u00e1gina10\" \/>\n<meta property=\"og:description\" content=\"Si bien es cierto que Vinikunka o monta\u00f1a de 7 colores est\u00e1 hace 4.500 millones de a\u00f1os, cuando se form\u00f3 la tierra, muy pocos sab\u00edan de su existencia, sobre todo del gran atractivo que tiene en la actualidad para el turismo internacional. Todo se dio cuando algunos caminantes y aventureros conoc\u00edan una ruta de acceso [&hellip;]\" \/>\n<meta property=\"og:url\" content=\"https:\/\/pagina10.com\/web\/la-montana-de-siete-colores-atrae-a-miles-de-turistas-de-todo-el-mundo\/\" \/>\n<meta property=\"og:site_name\" content=\"P\u00e1gina10\" \/>\n<meta property=\"article:publisher\" content=\"https:\/\/www.facebook.com\/pag10com\" \/>\n<meta property=\"article:published_time\" content=\"2019-01-30T12:50:31+00:00\" \/>\n<meta property=\"og:image\" content=\"https:\/\/pagina10.com\/web\/wp-content\/uploads\/2019\/01\/aniii.jpg\" \/>\n\t<meta property=\"og:image:width\" content=\"857\" \/>\n\t<meta property=\"og:image:height\" content=\"477\" \/>\n\t<meta property=\"og:image:type\" content=\"image\/jpeg\" \/>\n<meta name=\"author\" content=\"Anibal Ar\u00e9valo Rosero\" \/>\n<meta name=\"twitter:card\" content=\"summary_large_image\" \/>\n<meta name=\"twitter:creator\" content=\"@Pag10com\" \/>\n<meta name=\"twitter:site\" content=\"@Pag10com\" \/>\n<meta name=\"twitter:label1\" content=\"Escrito por\" \/>\n\t<meta name=\"twitter:data1\" content=\"Anibal Ar\u00e9valo Rosero\" \/>\n\t<meta name=\"twitter:label2\" content=\"Tiempo de lectura\" \/>\n\t<meta name=\"twitter:data2\" content=\"4 minutos\" \/>\n<script type=\"application\/ld+json\" class=\"yoast-schema-graph\">{\"@context\":\"https:\/\/schema.org\",\"@graph\":[{\"@type\":\"Article\",\"@id\":\"https:\/\/pagina10.com\/web\/la-montana-de-siete-colores-atrae-a-miles-de-turistas-de-todo-el-mundo\/#article\",\"isPartOf\":{\"@id\":\"https:\/\/pagina10.com\/web\/la-montana-de-siete-colores-atrae-a-miles-de-turistas-de-todo-el-mundo\/\"},\"author\":{\"name\":\"Anibal Ar\u00e9valo Rosero\",\"@id\":\"https:\/\/pagina10.com\/web\/#\/schema\/person\/9ec3e2b432363a195d2d01bf820c66fe\"},\"headline\":\"La monta\u00f1a de siete colores atrae a miles de turistas de todo el mundo\",\"datePublished\":\"2019-01-30T12:50:31+00:00\",\"mainEntityOfPage\":{\"@id\":\"https:\/\/pagina10.com\/web\/la-montana-de-siete-colores-atrae-a-miles-de-turistas-de-todo-el-mundo\/\"},\"wordCount\":733,\"commentCount\":0,\"publisher\":{\"@id\":\"https:\/\/pagina10.com\/web\/#organization\"},\"image\":{\"@id\":\"https:\/\/pagina10.com\/web\/la-montana-de-siete-colores-atrae-a-miles-de-turistas-de-todo-el-mundo\/#primaryimage\"},\"thumbnailUrl\":\"https:\/\/pagina10.com\/web\/wp-content\/uploads\/2019\/01\/aniii.jpg\",\"articleSection\":[\"Global\"],\"inLanguage\":\"es\",\"potentialAction\":[{\"@type\":\"CommentAction\",\"name\":\"Comment\",\"target\":[\"https:\/\/pagina10.com\/web\/la-montana-de-siete-colores-atrae-a-miles-de-turistas-de-todo-el-mundo\/#respond\"]}]},{\"@type\":\"WebPage\",\"@id\":\"https:\/\/pagina10.com\/web\/la-montana-de-siete-colores-atrae-a-miles-de-turistas-de-todo-el-mundo\/\",\"url\":\"https:\/\/pagina10.com\/web\/la-montana-de-siete-colores-atrae-a-miles-de-turistas-de-todo-el-mundo\/\",\"name\":\"La monta\u00f1a de siete colores atrae a miles de turistas de todo el mundo | P\u00e1gina10\",\"isPartOf\":{\"@id\":\"https:\/\/pagina10.com\/web\/#website\"},\"primaryImageOfPage\":{\"@id\":\"https:\/\/pagina10.com\/web\/la-montana-de-siete-colores-atrae-a-miles-de-turistas-de-todo-el-mundo\/#primaryimage\"},\"image\":{\"@id\":\"https:\/\/pagina10.com\/web\/la-montana-de-siete-colores-atrae-a-miles-de-turistas-de-todo-el-mundo\/#primaryimage\"},\"thumbnailUrl\":\"https:\/\/pagina10.com\/web\/wp-content\/uploads\/2019\/01\/aniii.jpg\",\"datePublished\":\"2019-01-30T12:50:31+00:00\",\"breadcrumb\":{\"@id\":\"https:\/\/pagina10.com\/web\/la-montana-de-siete-colores-atrae-a-miles-de-turistas-de-todo-el-mundo\/#breadcrumb\"},\"inLanguage\":\"es\",\"potentialAction\":[{\"@type\":\"ReadAction\",\"target\":[\"https:\/\/pagina10.com\/web\/la-montana-de-siete-colores-atrae-a-miles-de-turistas-de-todo-el-mundo\/\"]}]},{\"@type\":\"ImageObject\",\"inLanguage\":\"es\",\"@id\":\"https:\/\/pagina10.com\/web\/la-montana-de-siete-colores-atrae-a-miles-de-turistas-de-todo-el-mundo\/#primaryimage\",\"url\":\"https:\/\/pagina10.com\/web\/wp-content\/uploads\/2019\/01\/aniii.jpg\",\"contentUrl\":\"https:\/\/pagina10.com\/web\/wp-content\/uploads\/2019\/01\/aniii.jpg\",\"width\":857,\"height\":477},{\"@type\":\"BreadcrumbList\",\"@id\":\"https:\/\/pagina10.com\/web\/la-montana-de-siete-colores-atrae-a-miles-de-turistas-de-todo-el-mundo\/#breadcrumb\",\"itemListElement\":[{\"@type\":\"ListItem\",\"position\":1,\"name\":\"Portada\",\"item\":\"https:\/\/pagina10.com\/web\/\"},{\"@type\":\"ListItem\",\"position\":2,\"name\":\"La monta\u00f1a de siete colores atrae a miles de turistas de todo el mundo\"}]},{\"@type\":\"WebSite\",\"@id\":\"https:\/\/pagina10.com\/web\/#website\",\"url\":\"https:\/\/pagina10.com\/web\/\",\"name\":\"P\u00e1gina10\",\"description\":\"Peri\u00f3dico Regional\",\"publisher\":{\"@id\":\"https:\/\/pagina10.com\/web\/#organization\"},\"alternateName\":\"P\u00e1gina10 Peri\u00f3dico Regional\",\"potentialAction\":[{\"@type\":\"SearchAction\",\"target\":{\"@type\":\"EntryPoint\",\"urlTemplate\":\"https:\/\/pagina10.com\/web\/?s={search_term_string}\"},\"query-input\":{\"@type\":\"PropertyValueSpecification\",\"valueRequired\":true,\"valueName\":\"search_term_string\"}}],\"inLanguage\":\"es\"},{\"@type\":\"Organization\",\"@id\":\"https:\/\/pagina10.com\/web\/#organization\",\"name\":\"P\u00e1gina10\",\"alternateName\":\"P\u00e1gina10 Peri\u00f3dico Regional\",\"url\":\"https:\/\/pagina10.com\/web\/\",\"logo\":{\"@type\":\"ImageObject\",\"inLanguage\":\"es\",\"@id\":\"https:\/\/pagina10.com\/web\/#\/schema\/logo\/image\/\",\"url\":\"https:\/\/pagina10.com\/web\/wp-content\/uploads\/2024\/01\/40-pagina-10-periodico-regional-pasto.jpg\",\"contentUrl\":\"https:\/\/pagina10.com\/web\/wp-content\/uploads\/2024\/01\/40-pagina-10-periodico-regional-pasto.jpg\",\"width\":1280,\"height\":720,\"caption\":\"P\u00e1gina10\"},\"image\":{\"@id\":\"https:\/\/pagina10.com\/web\/#\/schema\/logo\/image\/\"},\"sameAs\":[\"https:\/\/www.facebook.com\/pag10com\",\"https:\/\/x.com\/Pag10com\",\"https:\/\/www.instagram.com\/pagina10col\/\",\"https:\/\/youtube.com\/channel\/pag10\",\"https:\/\/www.tiktok.com\/@p10col\"]},{\"@type\":\"Person\",\"@id\":\"https:\/\/pagina10.com\/web\/#\/schema\/person\/9ec3e2b432363a195d2d01bf820c66fe\",\"name\":\"Anibal Ar\u00e9valo Rosero\",\"description\":\"An\u00edbal Ar\u00e9valo Rosero a trav\u00e9s de su vida ha realizado diversas actividades tendientes a reivindicar al ser humano en su conciencia plena. Durante su vida ha hecho teatro, a escrito poes\u00eda y en sus tiempos de universitario realiz\u00f3 varias publicaciones entre las que se recuerda la revista Quinde. Junto con otros compa\u00f1eros fund\u00f3 el Taller Cultural El Cueche, equipo con el que se hicieron varias publicaciones. De este mismo grupo hay que resaltar que se hizo un trabajo pionero en la difusi\u00f3n de la m\u00fasica andina, latinoamericana y del caribe. Despu\u00e9s de terminar sus estudios de biolog\u00eda en la Universidad de Nari\u00f1o entr\u00f3 a laborar en emisoras de la ciudad de Pasto como en RCN, donde se desempe\u00f1aba como locutor de planta. Dirigi\u00f3 programas en la extinta Ondas del Mayo, en varias oportunidades; tambi\u00e9n en Ecos de Pasto. Fue colaborador de el Noticias RCN y dirigi\u00f3 el programa Simana al D\u00eda, del Sindicato del Magisterio de Nari\u00f1o, en dos \u00e9pocas. En el a\u00f1o de 1992 funda el Comit\u00e9 de Solidaridad con Cuba Jos\u00e9 Mart\u00ed, cuyo objetivo era divulgar la realidad cubana y expresar apoyo moral, pol\u00edtico y material al pa\u00eds caribe\u00f1o. Ante la mala interpretaci\u00f3n que la gente le daba a este tipo de acciones, se decide promover viajes de solidad a Cuba para participar en la Brigada Latinoamericana de Trabajo Voluntario, en el Festival Cuba Vive y, de manera especia,l en el 14 Festival Mundial de la Juventud y los Estudiantes, que se desarroll\u00f3 en la isla en el a\u00f1o de 1997. Con esta experiencia impulsa el turismo al pa\u00eds caribe\u00f1o con el resultado de que miles de personas han participado de las excursiones organizadas por Ar\u00e9valo Rosero. Asimismo ha venido impulsando las Brigadas de Salud en Cuba, tendiente a llevar pacientes de c\u00e1ncer a ese destino con el fin de que reciban atenci\u00f3n m\u00e9dica, teniendo en cuenta que la experiencia cubana en el tema ha sido bastante favorable. Veinte a\u00f1os despu\u00e9s de estas nutritivas experiencias, le permiten impulsar excursiones adem\u00e1s a M\u00e9xico, Machu Picchu, Argentina, Ecuador, Panam\u00e1 y Tierra Santa. En cuanto al desempe\u00f1o period\u00edstico, adem\u00e1s de los medios radiales y de televisi\u00f3n, en los canales de la universidades de Nari\u00f1o y Mariana, se ha desempe\u00f1ado como columnista en Diario del Sur durante 6 a\u00f1os y en algunos medios virtuales. Tambi\u00e9n es colaborador de el Diario del Cauca. Considera que la pr\u00e1ctica de la lectura es beber de la fuente nutricia que permite apropiarse de manera consciente del ejercicio de la democracia; y la posibilidad de escribir y ser le\u00eddo, acceder al poder, por que considera la palabra como el mayor instrumento de acci\u00f3n cuando est\u00e1 bien encamina al leg\u00edtimo servicio social. En la actualidad adem\u00e1s de so\u00f1ar con viajar por el mundo se desempe\u00f1a como docente del departamento de ciencias de Inem Luis Delf\u00edn Insuasty de Pasto. Correo: Esta direcci\u00f3n de correo electr\u00f3nico est\u00e1 protegida contra spambots. Usted necesita tener Javascript activado para poder verla.\\\" target=\\\"_blank\\\" style=\\\"color: #1155cc; text-align: justify; font-family: arial, sans-serif; font-size: 13px; line-height: normal;\\\"&gt;fundacionecosofia@gmail.com\",\"url\":\"https:\/\/pagina10.com\/web\/author\/anibal\/\"}]}<\/script>\n<!-- \/ Yoast SEO plugin. -->","yoast_head_json":{"title":"La monta\u00f1a de siete colores atrae a miles de turistas de todo el mundo | P\u00e1gina10","robots":{"index":"index","follow":"follow","max-snippet":"max-snippet:-1","max-image-preview":"max-image-preview:large","max-video-preview":"max-video-preview:-1"},"canonical":"https:\/\/pagina10.com\/web\/la-montana-de-siete-colores-atrae-a-miles-de-turistas-de-todo-el-mundo\/","og_locale":"es_ES","og_type":"article","og_title":"La monta\u00f1a de siete colores atrae a miles de turistas de todo el mundo | P\u00e1gina10","og_description":"Si bien es cierto que Vinikunka o monta\u00f1a de 7 colores est\u00e1 hace 4.500 millones de a\u00f1os, cuando se form\u00f3 la tierra, muy pocos sab\u00edan de su existencia, sobre todo del gran atractivo que tiene en la actualidad para el turismo internacional. Todo se dio cuando algunos caminantes y aventureros conoc\u00edan una ruta de acceso [&hellip;]","og_url":"https:\/\/pagina10.com\/web\/la-montana-de-siete-colores-atrae-a-miles-de-turistas-de-todo-el-mundo\/","og_site_name":"P\u00e1gina10","article_publisher":"https:\/\/www.facebook.com\/pag10com","article_published_time":"2019-01-30T12:50:31+00:00","og_image":[{"width":857,"height":477,"url":"https:\/\/pagina10.com\/web\/wp-content\/uploads\/2019\/01\/aniii.jpg","type":"image\/jpeg"}],"author":"Anibal Ar\u00e9valo Rosero","twitter_card":"summary_large_image","twitter_creator":"@Pag10com","twitter_site":"@Pag10com","twitter_misc":{"Escrito por":"Anibal Ar\u00e9valo Rosero","Tiempo de lectura":"4 minutos"},"schema":{"@context":"https:\/\/schema.org","@graph":[{"@type":"Article","@id":"https:\/\/pagina10.com\/web\/la-montana-de-siete-colores-atrae-a-miles-de-turistas-de-todo-el-mundo\/#article","isPartOf":{"@id":"https:\/\/pagina10.com\/web\/la-montana-de-siete-colores-atrae-a-miles-de-turistas-de-todo-el-mundo\/"},"author":{"name":"Anibal Ar\u00e9valo Rosero","@id":"https:\/\/pagina10.com\/web\/#\/schema\/person\/9ec3e2b432363a195d2d01bf820c66fe"},"headline":"La monta\u00f1a de siete colores atrae a miles de turistas de todo el mundo","datePublished":"2019-01-30T12:50:31+00:00","mainEntityOfPage":{"@id":"https:\/\/pagina10.com\/web\/la-montana-de-siete-colores-atrae-a-miles-de-turistas-de-todo-el-mundo\/"},"wordCount":733,"commentCount":0,"publisher":{"@id":"https:\/\/pagina10.com\/web\/#organization"},"image":{"@id":"https:\/\/pagina10.com\/web\/la-montana-de-siete-colores-atrae-a-miles-de-turistas-de-todo-el-mundo\/#primaryimage"},"thumbnailUrl":"https:\/\/pagina10.com\/web\/wp-content\/uploads\/2019\/01\/aniii.jpg","articleSection":["Global"],"inLanguage":"es","potentialAction":[{"@type":"CommentAction","name":"Comment","target":["https:\/\/pagina10.com\/web\/la-montana-de-siete-colores-atrae-a-miles-de-turistas-de-todo-el-mundo\/#respond"]}]},{"@type":"WebPage","@id":"https:\/\/pagina10.com\/web\/la-montana-de-siete-colores-atrae-a-miles-de-turistas-de-todo-el-mundo\/","url":"https:\/\/pagina10.com\/web\/la-montana-de-siete-colores-atrae-a-miles-de-turistas-de-todo-el-mundo\/","name":"La monta\u00f1a de siete colores atrae a miles de turistas de todo el mundo | P\u00e1gina10","isPartOf":{"@id":"https:\/\/pagina10.com\/web\/#website"},"primaryImageOfPage":{"@id":"https:\/\/pagina10.com\/web\/la-montana-de-siete-colores-atrae-a-miles-de-turistas-de-todo-el-mundo\/#primaryimage"},"image":{"@id":"https:\/\/pagina10.com\/web\/la-montana-de-siete-colores-atrae-a-miles-de-turistas-de-todo-el-mundo\/#primaryimage"},"thumbnailUrl":"https:\/\/pagina10.com\/web\/wp-content\/uploads\/2019\/01\/aniii.jpg","datePublished":"2019-01-30T12:50:31+00:00","breadcrumb":{"@id":"https:\/\/pagina10.com\/web\/la-montana-de-siete-colores-atrae-a-miles-de-turistas-de-todo-el-mundo\/#breadcrumb"},"inLanguage":"es","potentialAction":[{"@type":"ReadAction","target":["https:\/\/pagina10.com\/web\/la-montana-de-siete-colores-atrae-a-miles-de-turistas-de-todo-el-mundo\/"]}]},{"@type":"ImageObject","inLanguage":"es","@id":"https:\/\/pagina10.com\/web\/la-montana-de-siete-colores-atrae-a-miles-de-turistas-de-todo-el-mundo\/#primaryimage","url":"https:\/\/pagina10.com\/web\/wp-content\/uploads\/2019\/01\/aniii.jpg","contentUrl":"https:\/\/pagina10.com\/web\/wp-content\/uploads\/2019\/01\/aniii.jpg","width":857,"height":477},{"@type":"BreadcrumbList","@id":"https:\/\/pagina10.com\/web\/la-montana-de-siete-colores-atrae-a-miles-de-turistas-de-todo-el-mundo\/#breadcrumb","itemListElement":[{"@type":"ListItem","position":1,"name":"Portada","item":"https:\/\/pagina10.com\/web\/"},{"@type":"ListItem","position":2,"name":"La monta\u00f1a de siete colores atrae a miles de turistas de todo el mundo"}]},{"@type":"WebSite","@id":"https:\/\/pagina10.com\/web\/#website","url":"https:\/\/pagina10.com\/web\/","name":"P\u00e1gina10","description":"Peri\u00f3dico Regional","publisher":{"@id":"https:\/\/pagina10.com\/web\/#organization"},"alternateName":"P\u00e1gina10 Peri\u00f3dico Regional","potentialAction":[{"@type":"SearchAction","target":{"@type":"EntryPoint","urlTemplate":"https:\/\/pagina10.com\/web\/?s={search_term_string}"},"query-input":{"@type":"PropertyValueSpecification","valueRequired":true,"valueName":"search_term_string"}}],"inLanguage":"es"},{"@type":"Organization","@id":"https:\/\/pagina10.com\/web\/#organization","name":"P\u00e1gina10","alternateName":"P\u00e1gina10 Peri\u00f3dico Regional","url":"https:\/\/pagina10.com\/web\/","logo":{"@type":"ImageObject","inLanguage":"es","@id":"https:\/\/pagina10.com\/web\/#\/schema\/logo\/image\/","url":"https:\/\/pagina10.com\/web\/wp-content\/uploads\/2024\/01\/40-pagina-10-periodico-regional-pasto.jpg","contentUrl":"https:\/\/pagina10.com\/web\/wp-content\/uploads\/2024\/01\/40-pagina-10-periodico-regional-pasto.jpg","width":1280,"height":720,"caption":"P\u00e1gina10"},"image":{"@id":"https:\/\/pagina10.com\/web\/#\/schema\/logo\/image\/"},"sameAs":["https:\/\/www.facebook.com\/pag10com","https:\/\/x.com\/Pag10com","https:\/\/www.instagram.com\/pagina10col\/","https:\/\/youtube.com\/channel\/pag10","https:\/\/www.tiktok.com\/@p10col"]},{"@type":"Person","@id":"https:\/\/pagina10.com\/web\/#\/schema\/person\/9ec3e2b432363a195d2d01bf820c66fe","name":"Anibal Ar\u00e9valo Rosero","description":"An\u00edbal Ar\u00e9valo Rosero a trav\u00e9s de su vida ha realizado diversas actividades tendientes a reivindicar al ser humano en su conciencia plena. Durante su vida ha hecho teatro, a escrito poes\u00eda y en sus tiempos de universitario realiz\u00f3 varias publicaciones entre las que se recuerda la revista Quinde. Junto con otros compa\u00f1eros fund\u00f3 el Taller Cultural El Cueche, equipo con el que se hicieron varias publicaciones. De este mismo grupo hay que resaltar que se hizo un trabajo pionero en la difusi\u00f3n de la m\u00fasica andina, latinoamericana y del caribe. Despu\u00e9s de terminar sus estudios de biolog\u00eda en la Universidad de Nari\u00f1o entr\u00f3 a laborar en emisoras de la ciudad de Pasto como en RCN, donde se desempe\u00f1aba como locutor de planta. Dirigi\u00f3 programas en la extinta Ondas del Mayo, en varias oportunidades; tambi\u00e9n en Ecos de Pasto. Fue colaborador de el Noticias RCN y dirigi\u00f3 el programa Simana al D\u00eda, del Sindicato del Magisterio de Nari\u00f1o, en dos \u00e9pocas. En el a\u00f1o de 1992 funda el Comit\u00e9 de Solidaridad con Cuba Jos\u00e9 Mart\u00ed, cuyo objetivo era divulgar la realidad cubana y expresar apoyo moral, pol\u00edtico y material al pa\u00eds caribe\u00f1o. Ante la mala interpretaci\u00f3n que la gente le daba a este tipo de acciones, se decide promover viajes de solidad a Cuba para participar en la Brigada Latinoamericana de Trabajo Voluntario, en el Festival Cuba Vive y, de manera especia,l en el 14 Festival Mundial de la Juventud y los Estudiantes, que se desarroll\u00f3 en la isla en el a\u00f1o de 1997. Con esta experiencia impulsa el turismo al pa\u00eds caribe\u00f1o con el resultado de que miles de personas han participado de las excursiones organizadas por Ar\u00e9valo Rosero. Asimismo ha venido impulsando las Brigadas de Salud en Cuba, tendiente a llevar pacientes de c\u00e1ncer a ese destino con el fin de que reciban atenci\u00f3n m\u00e9dica, teniendo en cuenta que la experiencia cubana en el tema ha sido bastante favorable. Veinte a\u00f1os despu\u00e9s de estas nutritivas experiencias, le permiten impulsar excursiones adem\u00e1s a M\u00e9xico, Machu Picchu, Argentina, Ecuador, Panam\u00e1 y Tierra Santa. En cuanto al desempe\u00f1o period\u00edstico, adem\u00e1s de los medios radiales y de televisi\u00f3n, en los canales de la universidades de Nari\u00f1o y Mariana, se ha desempe\u00f1ado como columnista en Diario del Sur durante 6 a\u00f1os y en algunos medios virtuales. Tambi\u00e9n es colaborador de el Diario del Cauca. Considera que la pr\u00e1ctica de la lectura es beber de la fuente nutricia que permite apropiarse de manera consciente del ejercicio de la democracia; y la posibilidad de escribir y ser le\u00eddo, acceder al poder, por que considera la palabra como el mayor instrumento de acci\u00f3n cuando est\u00e1 bien encamina al leg\u00edtimo servicio social. En la actualidad adem\u00e1s de so\u00f1ar con viajar por el mundo se desempe\u00f1a como docente del departamento de ciencias de Inem Luis Delf\u00edn Insuasty de Pasto. Correo: Esta direcci\u00f3n de correo electr\u00f3nico est\u00e1 protegida contra spambots. Usted necesita tener Javascript activado para poder verla.\" target=\"_blank\" style=\"color: #1155cc; text-align: justify; font-family: arial, sans-serif; font-size: 13px; line-height: normal;\"&gt;fundacionecosofia@gmail.com","url":"https:\/\/pagina10.com\/web\/author\/anibal\/"}]}},"_links":{"self":[{"href":"https:\/\/pagina10.com\/web\/wp-json\/wp\/v2\/posts\/36686","targetHints":{"allow":["GET"]}}],"collection":[{"href":"https:\/\/pagina10.com\/web\/wp-json\/wp\/v2\/posts"}],"about":[{"href":"https:\/\/pagina10.com\/web\/wp-json\/wp\/v2\/types\/post"}],"author":[{"embeddable":true,"href":"https:\/\/pagina10.com\/web\/wp-json\/wp\/v2\/users\/65"}],"replies":[{"embeddable":true,"href":"https:\/\/pagina10.com\/web\/wp-json\/wp\/v2\/comments?post=36686"}],"version-history":[{"count":1,"href":"https:\/\/pagina10.com\/web\/wp-json\/wp\/v2\/posts\/36686\/revisions"}],"predecessor-version":[{"id":36689,"href":"https:\/\/pagina10.com\/web\/wp-json\/wp\/v2\/posts\/36686\/revisions\/36689"}],"wp:featuredmedia":[{"embeddable":true,"href":"https:\/\/pagina10.com\/web\/wp-json\/wp\/v2\/media\/36688"}],"wp:attachment":[{"href":"https:\/\/pagina10.com\/web\/wp-json\/wp\/v2\/media?parent=36686"}],"wp:term":[{"taxonomy":"category","embeddable":true,"href":"https:\/\/pagina10.com\/web\/wp-json\/wp\/v2\/categories?post=36686"},{"taxonomy":"post_tag","embeddable":true,"href":"https:\/\/pagina10.com\/web\/wp-json\/wp\/v2\/tags?post=36686"}],"curies":[{"name":"wp","href":"https:\/\/api.w.org\/{rel}","templated":true}]}}