{"id":41703,"date":"2019-09-18T20:21:23","date_gmt":"2019-09-18T20:21:23","guid":{"rendered":"https:\/\/pagina10.com\/web\/?p=41703"},"modified":"2019-09-18T20:21:23","modified_gmt":"2019-09-18T20:21:23","slug":"ha-robado-usted-senor-alcalde","status":"publish","type":"post","link":"https:\/\/pagina10.com\/web\/ha-robado-usted-senor-alcalde\/","title":{"rendered":"\u00bfHa robado usted, se\u00f1or alcalde?"},"content":{"rendered":"<p style=\"text-align: justify;\">Provoca cogerse la cara a dos manos o comerse las u\u00f1as. A este pa\u00eds se lo han robado varias veces y se lo seguir\u00e1n robando. Los recursos que est\u00e1n destinados para la salud, la educaci\u00f3n, el agua potable y el saneamiento b\u00e1sico est\u00e1n sirviendo para engordar las arcas de ciertos personajes que sin ning\u00fan tipo de escr\u00fapulos, y de manera descarada, robustecen no s\u00f3lo sus vientres sino las empresas que nunca tuvieron.<\/p>\n<p style=\"text-align: justify;\">Al parecer, se encontraron con la l\u00e1mpara de Aladino y le pidieron tres deseos: que puedan recuperar la \u2018inversi\u00f3n\u2019 multiplicada, que el contralor se haga el de la vista gorda, y puedan pasar todas las pruebas, y que los ingenieros contratistas inflen el presupuesto. Lo peor es que es un secreto a voces y, por lo que se ve, esto no va a parar en el inmediato futuro.<\/p>\n<p style=\"text-align: justify;\">Cr\u00e9anme que me he declarado devoto de la Constituci\u00f3n del 91 porque ha contribuido a la modernizaci\u00f3n del Estado, y de manera particular por las bondades que ha tra\u00eddo la tutela. Aunque de Estado social de derecho es una mera ilusi\u00f3n. Lo cierto es que la Carta Magna, en su art\u00edculo 267, establece que: &#8220;El control fiscal es una funci\u00f3n p\u00fablica que ejercer\u00e1 la Contralor\u00eda General de la Rep\u00fablica, la cual vigila la gesti\u00f3n fiscal de la administraci\u00f3n y de los particulares o entidades que manejan fondos o bienes de la Naci\u00f3n&#8221;. \u00a0Hasta ah\u00ed todo va bien.<\/p>\n<p style=\"text-align: justify;\">Pero resulta que al Contralor General de la Rep\u00fablica lo elige el Congreso en pleno; a los departamentales y municipales los eligen las asambleas y concejos municipales, respectivamente. He ah\u00ed el \u201cpeque\u00f1o\u201d gran \u2018conejo\u2019.<\/p>\n<p style=\"text-align: justify;\">Por lo general, las coaliciones mayoritarias son las que respaldan al Presidente de la Rep\u00fablica, los gobernadores y alcaldes, en sus respectivas jurisdicciones. En consecuencia, si el Contralor depende de la voluntad de estas corporaciones dif\u00edcilmente se podr\u00e1 ejercer un control fiscal adecuado. Por otra parte, la Contralor\u00eda General de la Rep\u00fablica es uno de los \u00f3rganos aut\u00f3nomos e independientes del Estado, situaci\u00f3n que refuerza libertad para actuar.<\/p>\n<p style=\"text-align: justify;\">Es necesario tener en cuenta que los congresistas, diputados, concejales afines al ejecutivo participan del ponqu\u00e9 burocr\u00e1tico que les reparte el mandatario, lo que quiere decir que qui\u00e9n controla al Contralor, seg\u00fan el caso, es el Presidente, el gobernador o el alcalde. Finalmente, todos quedan como amigos y compadres y no hay raz\u00f3n para pelear.<\/p>\n<p style=\"text-align: justify;\">En alguna oportunidad, en el programa de leyes de cierta universidad, en la clase de argumentaci\u00f3n, el docente le pregunta a un ex servidor p\u00fablico: \u00bfusted rob\u00f3 cuando fue alcalde? \u201cClaro \u2013contest\u00f3 de manera pasmosa el interrogado-, o usted conoce otra forma de hacer pol\u00edtica en Colombia\u201d. Sinceridad, cinismo o descaro, es una realidad que no se puede desconocer, es como tapar el sol con las manos.<\/p>\n<p style=\"text-align: justify;\">En un nuevo escenario,\u00a0 otro ex mandatario justificaba su vida relajada y placentera debido a que, luego de dejar su cargo oficial, se dedic\u00f3 al lucrativo negocio de los combustibles. Antes de pasar por la alcald\u00eda de un municipio pobre no ten\u00eda donde caerse muerto. Y todo cambi\u00f3 gracias a la magia de Aladino. Esta misma situaci\u00f3n se replica en cientos de casos en todo el pa\u00eds sin que tengan mayor inconveniente.<\/p>\n<p style=\"text-align: justify;\">Los se\u00f1ores Nule contrataron con mandatarios \u2013de manera directa e indirecta- desde Pasto a la Guajira. Luego, en las audiencias dijeron que la corrupci\u00f3n es inherente al ser humano.<\/p>\n<p style=\"text-align: justify;\">\n","protected":false},"excerpt":{"rendered":"<p>Provoca cogerse la cara a dos manos o comerse las u\u00f1as. A este pa\u00eds se lo han robado varias veces y se lo seguir\u00e1n robando. Los recursos que est\u00e1n destinados para la salud, la educaci\u00f3n, el agua potable y el saneamiento b\u00e1sico est\u00e1n sirviendo para engordar las arcas de ciertos personajes que sin ning\u00fan tipo [&hellip;]<\/p>\n","protected":false},"author":65,"featured_media":41704,"comment_status":"open","ping_status":"open","sticky":false,"template":"","format":"standard","meta":{"footnotes":""},"categories":[9],"tags":[],"class_list":["post-41703","post","type-post","status-publish","format-standard","has-post-thumbnail","hentry","category-global"],"yoast_head":"<!-- This site is optimized with the Yoast SEO plugin v27.1.1 - https:\/\/yoast.com\/product\/yoast-seo-wordpress\/ -->\n<title>\u00bfHa robado usted, se\u00f1or alcalde? | P\u00e1gina10<\/title>\n<meta name=\"robots\" content=\"index, follow, max-snippet:-1, max-image-preview:large, max-video-preview:-1\" \/>\n<link rel=\"canonical\" href=\"https:\/\/pagina10.com\/web\/ha-robado-usted-senor-alcalde\/\" \/>\n<meta property=\"og:locale\" content=\"es_ES\" \/>\n<meta property=\"og:type\" content=\"article\" \/>\n<meta property=\"og:title\" content=\"\u00bfHa robado usted, se\u00f1or alcalde? | P\u00e1gina10\" \/>\n<meta property=\"og:description\" content=\"Provoca cogerse la cara a dos manos o comerse las u\u00f1as. A este pa\u00eds se lo han robado varias veces y se lo seguir\u00e1n robando. Los recursos que est\u00e1n destinados para la salud, la educaci\u00f3n, el agua potable y el saneamiento b\u00e1sico est\u00e1n sirviendo para engordar las arcas de ciertos personajes que sin ning\u00fan tipo [&hellip;]\" \/>\n<meta property=\"og:url\" content=\"https:\/\/pagina10.com\/web\/ha-robado-usted-senor-alcalde\/\" \/>\n<meta property=\"og:site_name\" content=\"P\u00e1gina10\" \/>\n<meta property=\"article:publisher\" content=\"https:\/\/www.facebook.com\/pag10com\" \/>\n<meta property=\"article:published_time\" content=\"2019-09-18T20:21:23+00:00\" \/>\n<meta property=\"og:image\" content=\"https:\/\/pagina10.com\/web\/wp-content\/uploads\/2019\/09\/Robando.jpg\" \/>\n\t<meta property=\"og:image:width\" content=\"623\" \/>\n\t<meta property=\"og:image:height\" content=\"350\" \/>\n\t<meta property=\"og:image:type\" content=\"image\/jpeg\" \/>\n<meta name=\"author\" content=\"Anibal Ar\u00e9valo Rosero\" \/>\n<meta name=\"twitter:card\" content=\"summary_large_image\" \/>\n<meta name=\"twitter:creator\" content=\"@Pag10com\" \/>\n<meta name=\"twitter:site\" content=\"@Pag10com\" \/>\n<meta name=\"twitter:label1\" content=\"Escrito por\" \/>\n\t<meta name=\"twitter:data1\" content=\"Anibal Ar\u00e9valo Rosero\" \/>\n\t<meta name=\"twitter:label2\" content=\"Tiempo de lectura\" \/>\n\t<meta name=\"twitter:data2\" content=\"3 minutos\" \/>\n<script type=\"application\/ld+json\" class=\"yoast-schema-graph\">{\"@context\":\"https:\/\/schema.org\",\"@graph\":[{\"@type\":\"Article\",\"@id\":\"https:\/\/pagina10.com\/web\/ha-robado-usted-senor-alcalde\/#article\",\"isPartOf\":{\"@id\":\"https:\/\/pagina10.com\/web\/ha-robado-usted-senor-alcalde\/\"},\"author\":{\"name\":\"Anibal Ar\u00e9valo Rosero\",\"@id\":\"https:\/\/pagina10.com\/web\/#\/schema\/person\/9ec3e2b432363a195d2d01bf820c66fe\"},\"headline\":\"\u00bfHa robado usted, se\u00f1or alcalde?\",\"datePublished\":\"2019-09-18T20:21:23+00:00\",\"mainEntityOfPage\":{\"@id\":\"https:\/\/pagina10.com\/web\/ha-robado-usted-senor-alcalde\/\"},\"wordCount\":612,\"commentCount\":0,\"publisher\":{\"@id\":\"https:\/\/pagina10.com\/web\/#organization\"},\"image\":{\"@id\":\"https:\/\/pagina10.com\/web\/ha-robado-usted-senor-alcalde\/#primaryimage\"},\"thumbnailUrl\":\"https:\/\/pagina10.com\/web\/wp-content\/uploads\/2019\/09\/Robando.jpg\",\"articleSection\":[\"Global\"],\"inLanguage\":\"es\",\"potentialAction\":[{\"@type\":\"CommentAction\",\"name\":\"Comment\",\"target\":[\"https:\/\/pagina10.com\/web\/ha-robado-usted-senor-alcalde\/#respond\"]}]},{\"@type\":\"WebPage\",\"@id\":\"https:\/\/pagina10.com\/web\/ha-robado-usted-senor-alcalde\/\",\"url\":\"https:\/\/pagina10.com\/web\/ha-robado-usted-senor-alcalde\/\",\"name\":\"\u00bfHa robado usted, se\u00f1or alcalde? | P\u00e1gina10\",\"isPartOf\":{\"@id\":\"https:\/\/pagina10.com\/web\/#website\"},\"primaryImageOfPage\":{\"@id\":\"https:\/\/pagina10.com\/web\/ha-robado-usted-senor-alcalde\/#primaryimage\"},\"image\":{\"@id\":\"https:\/\/pagina10.com\/web\/ha-robado-usted-senor-alcalde\/#primaryimage\"},\"thumbnailUrl\":\"https:\/\/pagina10.com\/web\/wp-content\/uploads\/2019\/09\/Robando.jpg\",\"datePublished\":\"2019-09-18T20:21:23+00:00\",\"breadcrumb\":{\"@id\":\"https:\/\/pagina10.com\/web\/ha-robado-usted-senor-alcalde\/#breadcrumb\"},\"inLanguage\":\"es\",\"potentialAction\":[{\"@type\":\"ReadAction\",\"target\":[\"https:\/\/pagina10.com\/web\/ha-robado-usted-senor-alcalde\/\"]}]},{\"@type\":\"ImageObject\",\"inLanguage\":\"es\",\"@id\":\"https:\/\/pagina10.com\/web\/ha-robado-usted-senor-alcalde\/#primaryimage\",\"url\":\"https:\/\/pagina10.com\/web\/wp-content\/uploads\/2019\/09\/Robando.jpg\",\"contentUrl\":\"https:\/\/pagina10.com\/web\/wp-content\/uploads\/2019\/09\/Robando.jpg\",\"width\":623,\"height\":350},{\"@type\":\"BreadcrumbList\",\"@id\":\"https:\/\/pagina10.com\/web\/ha-robado-usted-senor-alcalde\/#breadcrumb\",\"itemListElement\":[{\"@type\":\"ListItem\",\"position\":1,\"name\":\"Portada\",\"item\":\"https:\/\/pagina10.com\/web\/\"},{\"@type\":\"ListItem\",\"position\":2,\"name\":\"\u00bfHa robado usted, se\u00f1or alcalde?\"}]},{\"@type\":\"WebSite\",\"@id\":\"https:\/\/pagina10.com\/web\/#website\",\"url\":\"https:\/\/pagina10.com\/web\/\",\"name\":\"P\u00e1gina10\",\"description\":\"Peri\u00f3dico Regional\",\"publisher\":{\"@id\":\"https:\/\/pagina10.com\/web\/#organization\"},\"alternateName\":\"P\u00e1gina10 Peri\u00f3dico Regional\",\"potentialAction\":[{\"@type\":\"SearchAction\",\"target\":{\"@type\":\"EntryPoint\",\"urlTemplate\":\"https:\/\/pagina10.com\/web\/?s={search_term_string}\"},\"query-input\":{\"@type\":\"PropertyValueSpecification\",\"valueRequired\":true,\"valueName\":\"search_term_string\"}}],\"inLanguage\":\"es\"},{\"@type\":\"Organization\",\"@id\":\"https:\/\/pagina10.com\/web\/#organization\",\"name\":\"P\u00e1gina10\",\"alternateName\":\"P\u00e1gina10 Peri\u00f3dico Regional\",\"url\":\"https:\/\/pagina10.com\/web\/\",\"logo\":{\"@type\":\"ImageObject\",\"inLanguage\":\"es\",\"@id\":\"https:\/\/pagina10.com\/web\/#\/schema\/logo\/image\/\",\"url\":\"https:\/\/pagina10.com\/web\/wp-content\/uploads\/2024\/01\/40-pagina-10-periodico-regional-pasto.jpg\",\"contentUrl\":\"https:\/\/pagina10.com\/web\/wp-content\/uploads\/2024\/01\/40-pagina-10-periodico-regional-pasto.jpg\",\"width\":1280,\"height\":720,\"caption\":\"P\u00e1gina10\"},\"image\":{\"@id\":\"https:\/\/pagina10.com\/web\/#\/schema\/logo\/image\/\"},\"sameAs\":[\"https:\/\/www.facebook.com\/pag10com\",\"https:\/\/x.com\/Pag10com\",\"https:\/\/www.instagram.com\/pagina10col\/\",\"https:\/\/youtube.com\/channel\/pag10\",\"https:\/\/www.tiktok.com\/@p10col\"]},{\"@type\":\"Person\",\"@id\":\"https:\/\/pagina10.com\/web\/#\/schema\/person\/9ec3e2b432363a195d2d01bf820c66fe\",\"name\":\"Anibal Ar\u00e9valo Rosero\",\"description\":\"An\u00edbal Ar\u00e9valo Rosero a trav\u00e9s de su vida ha realizado diversas actividades tendientes a reivindicar al ser humano en su conciencia plena. Durante su vida ha hecho teatro, a escrito poes\u00eda y en sus tiempos de universitario realiz\u00f3 varias publicaciones entre las que se recuerda la revista Quinde. Junto con otros compa\u00f1eros fund\u00f3 el Taller Cultural El Cueche, equipo con el que se hicieron varias publicaciones. De este mismo grupo hay que resaltar que se hizo un trabajo pionero en la difusi\u00f3n de la m\u00fasica andina, latinoamericana y del caribe. Despu\u00e9s de terminar sus estudios de biolog\u00eda en la Universidad de Nari\u00f1o entr\u00f3 a laborar en emisoras de la ciudad de Pasto como en RCN, donde se desempe\u00f1aba como locutor de planta. Dirigi\u00f3 programas en la extinta Ondas del Mayo, en varias oportunidades; tambi\u00e9n en Ecos de Pasto. Fue colaborador de el Noticias RCN y dirigi\u00f3 el programa Simana al D\u00eda, del Sindicato del Magisterio de Nari\u00f1o, en dos \u00e9pocas. En el a\u00f1o de 1992 funda el Comit\u00e9 de Solidaridad con Cuba Jos\u00e9 Mart\u00ed, cuyo objetivo era divulgar la realidad cubana y expresar apoyo moral, pol\u00edtico y material al pa\u00eds caribe\u00f1o. Ante la mala interpretaci\u00f3n que la gente le daba a este tipo de acciones, se decide promover viajes de solidad a Cuba para participar en la Brigada Latinoamericana de Trabajo Voluntario, en el Festival Cuba Vive y, de manera especia,l en el 14 Festival Mundial de la Juventud y los Estudiantes, que se desarroll\u00f3 en la isla en el a\u00f1o de 1997. Con esta experiencia impulsa el turismo al pa\u00eds caribe\u00f1o con el resultado de que miles de personas han participado de las excursiones organizadas por Ar\u00e9valo Rosero. Asimismo ha venido impulsando las Brigadas de Salud en Cuba, tendiente a llevar pacientes de c\u00e1ncer a ese destino con el fin de que reciban atenci\u00f3n m\u00e9dica, teniendo en cuenta que la experiencia cubana en el tema ha sido bastante favorable. Veinte a\u00f1os despu\u00e9s de estas nutritivas experiencias, le permiten impulsar excursiones adem\u00e1s a M\u00e9xico, Machu Picchu, Argentina, Ecuador, Panam\u00e1 y Tierra Santa. En cuanto al desempe\u00f1o period\u00edstico, adem\u00e1s de los medios radiales y de televisi\u00f3n, en los canales de la universidades de Nari\u00f1o y Mariana, se ha desempe\u00f1ado como columnista en Diario del Sur durante 6 a\u00f1os y en algunos medios virtuales. Tambi\u00e9n es colaborador de el Diario del Cauca. Considera que la pr\u00e1ctica de la lectura es beber de la fuente nutricia que permite apropiarse de manera consciente del ejercicio de la democracia; y la posibilidad de escribir y ser le\u00eddo, acceder al poder, por que considera la palabra como el mayor instrumento de acci\u00f3n cuando est\u00e1 bien encamina al leg\u00edtimo servicio social. En la actualidad adem\u00e1s de so\u00f1ar con viajar por el mundo se desempe\u00f1a como docente del departamento de ciencias de Inem Luis Delf\u00edn Insuasty de Pasto. Correo: Esta direcci\u00f3n de correo electr\u00f3nico est\u00e1 protegida contra spambots. Usted necesita tener Javascript activado para poder verla.\\\" target=\\\"_blank\\\" style=\\\"color: #1155cc; text-align: justify; font-family: arial, sans-serif; font-size: 13px; line-height: normal;\\\"&gt;fundacionecosofia@gmail.com\",\"url\":\"https:\/\/pagina10.com\/web\/author\/anibal\/\"}]}<\/script>\n<!-- \/ Yoast SEO plugin. -->","yoast_head_json":{"title":"\u00bfHa robado usted, se\u00f1or alcalde? | P\u00e1gina10","robots":{"index":"index","follow":"follow","max-snippet":"max-snippet:-1","max-image-preview":"max-image-preview:large","max-video-preview":"max-video-preview:-1"},"canonical":"https:\/\/pagina10.com\/web\/ha-robado-usted-senor-alcalde\/","og_locale":"es_ES","og_type":"article","og_title":"\u00bfHa robado usted, se\u00f1or alcalde? | P\u00e1gina10","og_description":"Provoca cogerse la cara a dos manos o comerse las u\u00f1as. A este pa\u00eds se lo han robado varias veces y se lo seguir\u00e1n robando. Los recursos que est\u00e1n destinados para la salud, la educaci\u00f3n, el agua potable y el saneamiento b\u00e1sico est\u00e1n sirviendo para engordar las arcas de ciertos personajes que sin ning\u00fan tipo [&hellip;]","og_url":"https:\/\/pagina10.com\/web\/ha-robado-usted-senor-alcalde\/","og_site_name":"P\u00e1gina10","article_publisher":"https:\/\/www.facebook.com\/pag10com","article_published_time":"2019-09-18T20:21:23+00:00","og_image":[{"width":623,"height":350,"url":"https:\/\/pagina10.com\/web\/wp-content\/uploads\/2019\/09\/Robando.jpg","type":"image\/jpeg"}],"author":"Anibal Ar\u00e9valo Rosero","twitter_card":"summary_large_image","twitter_creator":"@Pag10com","twitter_site":"@Pag10com","twitter_misc":{"Escrito por":"Anibal Ar\u00e9valo Rosero","Tiempo de lectura":"3 minutos"},"schema":{"@context":"https:\/\/schema.org","@graph":[{"@type":"Article","@id":"https:\/\/pagina10.com\/web\/ha-robado-usted-senor-alcalde\/#article","isPartOf":{"@id":"https:\/\/pagina10.com\/web\/ha-robado-usted-senor-alcalde\/"},"author":{"name":"Anibal Ar\u00e9valo Rosero","@id":"https:\/\/pagina10.com\/web\/#\/schema\/person\/9ec3e2b432363a195d2d01bf820c66fe"},"headline":"\u00bfHa robado usted, se\u00f1or alcalde?","datePublished":"2019-09-18T20:21:23+00:00","mainEntityOfPage":{"@id":"https:\/\/pagina10.com\/web\/ha-robado-usted-senor-alcalde\/"},"wordCount":612,"commentCount":0,"publisher":{"@id":"https:\/\/pagina10.com\/web\/#organization"},"image":{"@id":"https:\/\/pagina10.com\/web\/ha-robado-usted-senor-alcalde\/#primaryimage"},"thumbnailUrl":"https:\/\/pagina10.com\/web\/wp-content\/uploads\/2019\/09\/Robando.jpg","articleSection":["Global"],"inLanguage":"es","potentialAction":[{"@type":"CommentAction","name":"Comment","target":["https:\/\/pagina10.com\/web\/ha-robado-usted-senor-alcalde\/#respond"]}]},{"@type":"WebPage","@id":"https:\/\/pagina10.com\/web\/ha-robado-usted-senor-alcalde\/","url":"https:\/\/pagina10.com\/web\/ha-robado-usted-senor-alcalde\/","name":"\u00bfHa robado usted, se\u00f1or alcalde? | P\u00e1gina10","isPartOf":{"@id":"https:\/\/pagina10.com\/web\/#website"},"primaryImageOfPage":{"@id":"https:\/\/pagina10.com\/web\/ha-robado-usted-senor-alcalde\/#primaryimage"},"image":{"@id":"https:\/\/pagina10.com\/web\/ha-robado-usted-senor-alcalde\/#primaryimage"},"thumbnailUrl":"https:\/\/pagina10.com\/web\/wp-content\/uploads\/2019\/09\/Robando.jpg","datePublished":"2019-09-18T20:21:23+00:00","breadcrumb":{"@id":"https:\/\/pagina10.com\/web\/ha-robado-usted-senor-alcalde\/#breadcrumb"},"inLanguage":"es","potentialAction":[{"@type":"ReadAction","target":["https:\/\/pagina10.com\/web\/ha-robado-usted-senor-alcalde\/"]}]},{"@type":"ImageObject","inLanguage":"es","@id":"https:\/\/pagina10.com\/web\/ha-robado-usted-senor-alcalde\/#primaryimage","url":"https:\/\/pagina10.com\/web\/wp-content\/uploads\/2019\/09\/Robando.jpg","contentUrl":"https:\/\/pagina10.com\/web\/wp-content\/uploads\/2019\/09\/Robando.jpg","width":623,"height":350},{"@type":"BreadcrumbList","@id":"https:\/\/pagina10.com\/web\/ha-robado-usted-senor-alcalde\/#breadcrumb","itemListElement":[{"@type":"ListItem","position":1,"name":"Portada","item":"https:\/\/pagina10.com\/web\/"},{"@type":"ListItem","position":2,"name":"\u00bfHa robado usted, se\u00f1or alcalde?"}]},{"@type":"WebSite","@id":"https:\/\/pagina10.com\/web\/#website","url":"https:\/\/pagina10.com\/web\/","name":"P\u00e1gina10","description":"Peri\u00f3dico Regional","publisher":{"@id":"https:\/\/pagina10.com\/web\/#organization"},"alternateName":"P\u00e1gina10 Peri\u00f3dico Regional","potentialAction":[{"@type":"SearchAction","target":{"@type":"EntryPoint","urlTemplate":"https:\/\/pagina10.com\/web\/?s={search_term_string}"},"query-input":{"@type":"PropertyValueSpecification","valueRequired":true,"valueName":"search_term_string"}}],"inLanguage":"es"},{"@type":"Organization","@id":"https:\/\/pagina10.com\/web\/#organization","name":"P\u00e1gina10","alternateName":"P\u00e1gina10 Peri\u00f3dico Regional","url":"https:\/\/pagina10.com\/web\/","logo":{"@type":"ImageObject","inLanguage":"es","@id":"https:\/\/pagina10.com\/web\/#\/schema\/logo\/image\/","url":"https:\/\/pagina10.com\/web\/wp-content\/uploads\/2024\/01\/40-pagina-10-periodico-regional-pasto.jpg","contentUrl":"https:\/\/pagina10.com\/web\/wp-content\/uploads\/2024\/01\/40-pagina-10-periodico-regional-pasto.jpg","width":1280,"height":720,"caption":"P\u00e1gina10"},"image":{"@id":"https:\/\/pagina10.com\/web\/#\/schema\/logo\/image\/"},"sameAs":["https:\/\/www.facebook.com\/pag10com","https:\/\/x.com\/Pag10com","https:\/\/www.instagram.com\/pagina10col\/","https:\/\/youtube.com\/channel\/pag10","https:\/\/www.tiktok.com\/@p10col"]},{"@type":"Person","@id":"https:\/\/pagina10.com\/web\/#\/schema\/person\/9ec3e2b432363a195d2d01bf820c66fe","name":"Anibal Ar\u00e9valo Rosero","description":"An\u00edbal Ar\u00e9valo Rosero a trav\u00e9s de su vida ha realizado diversas actividades tendientes a reivindicar al ser humano en su conciencia plena. Durante su vida ha hecho teatro, a escrito poes\u00eda y en sus tiempos de universitario realiz\u00f3 varias publicaciones entre las que se recuerda la revista Quinde. Junto con otros compa\u00f1eros fund\u00f3 el Taller Cultural El Cueche, equipo con el que se hicieron varias publicaciones. De este mismo grupo hay que resaltar que se hizo un trabajo pionero en la difusi\u00f3n de la m\u00fasica andina, latinoamericana y del caribe. Despu\u00e9s de terminar sus estudios de biolog\u00eda en la Universidad de Nari\u00f1o entr\u00f3 a laborar en emisoras de la ciudad de Pasto como en RCN, donde se desempe\u00f1aba como locutor de planta. Dirigi\u00f3 programas en la extinta Ondas del Mayo, en varias oportunidades; tambi\u00e9n en Ecos de Pasto. Fue colaborador de el Noticias RCN y dirigi\u00f3 el programa Simana al D\u00eda, del Sindicato del Magisterio de Nari\u00f1o, en dos \u00e9pocas. En el a\u00f1o de 1992 funda el Comit\u00e9 de Solidaridad con Cuba Jos\u00e9 Mart\u00ed, cuyo objetivo era divulgar la realidad cubana y expresar apoyo moral, pol\u00edtico y material al pa\u00eds caribe\u00f1o. Ante la mala interpretaci\u00f3n que la gente le daba a este tipo de acciones, se decide promover viajes de solidad a Cuba para participar en la Brigada Latinoamericana de Trabajo Voluntario, en el Festival Cuba Vive y, de manera especia,l en el 14 Festival Mundial de la Juventud y los Estudiantes, que se desarroll\u00f3 en la isla en el a\u00f1o de 1997. Con esta experiencia impulsa el turismo al pa\u00eds caribe\u00f1o con el resultado de que miles de personas han participado de las excursiones organizadas por Ar\u00e9valo Rosero. Asimismo ha venido impulsando las Brigadas de Salud en Cuba, tendiente a llevar pacientes de c\u00e1ncer a ese destino con el fin de que reciban atenci\u00f3n m\u00e9dica, teniendo en cuenta que la experiencia cubana en el tema ha sido bastante favorable. Veinte a\u00f1os despu\u00e9s de estas nutritivas experiencias, le permiten impulsar excursiones adem\u00e1s a M\u00e9xico, Machu Picchu, Argentina, Ecuador, Panam\u00e1 y Tierra Santa. En cuanto al desempe\u00f1o period\u00edstico, adem\u00e1s de los medios radiales y de televisi\u00f3n, en los canales de la universidades de Nari\u00f1o y Mariana, se ha desempe\u00f1ado como columnista en Diario del Sur durante 6 a\u00f1os y en algunos medios virtuales. Tambi\u00e9n es colaborador de el Diario del Cauca. Considera que la pr\u00e1ctica de la lectura es beber de la fuente nutricia que permite apropiarse de manera consciente del ejercicio de la democracia; y la posibilidad de escribir y ser le\u00eddo, acceder al poder, por que considera la palabra como el mayor instrumento de acci\u00f3n cuando est\u00e1 bien encamina al leg\u00edtimo servicio social. En la actualidad adem\u00e1s de so\u00f1ar con viajar por el mundo se desempe\u00f1a como docente del departamento de ciencias de Inem Luis Delf\u00edn Insuasty de Pasto. Correo: Esta direcci\u00f3n de correo electr\u00f3nico est\u00e1 protegida contra spambots. Usted necesita tener Javascript activado para poder verla.\" target=\"_blank\" style=\"color: #1155cc; text-align: justify; font-family: arial, sans-serif; font-size: 13px; line-height: normal;\"&gt;fundacionecosofia@gmail.com","url":"https:\/\/pagina10.com\/web\/author\/anibal\/"}]}},"_links":{"self":[{"href":"https:\/\/pagina10.com\/web\/wp-json\/wp\/v2\/posts\/41703","targetHints":{"allow":["GET"]}}],"collection":[{"href":"https:\/\/pagina10.com\/web\/wp-json\/wp\/v2\/posts"}],"about":[{"href":"https:\/\/pagina10.com\/web\/wp-json\/wp\/v2\/types\/post"}],"author":[{"embeddable":true,"href":"https:\/\/pagina10.com\/web\/wp-json\/wp\/v2\/users\/65"}],"replies":[{"embeddable":true,"href":"https:\/\/pagina10.com\/web\/wp-json\/wp\/v2\/comments?post=41703"}],"version-history":[{"count":1,"href":"https:\/\/pagina10.com\/web\/wp-json\/wp\/v2\/posts\/41703\/revisions"}],"predecessor-version":[{"id":41705,"href":"https:\/\/pagina10.com\/web\/wp-json\/wp\/v2\/posts\/41703\/revisions\/41705"}],"wp:featuredmedia":[{"embeddable":true,"href":"https:\/\/pagina10.com\/web\/wp-json\/wp\/v2\/media\/41704"}],"wp:attachment":[{"href":"https:\/\/pagina10.com\/web\/wp-json\/wp\/v2\/media?parent=41703"}],"wp:term":[{"taxonomy":"category","embeddable":true,"href":"https:\/\/pagina10.com\/web\/wp-json\/wp\/v2\/categories?post=41703"},{"taxonomy":"post_tag","embeddable":true,"href":"https:\/\/pagina10.com\/web\/wp-json\/wp\/v2\/tags?post=41703"}],"curies":[{"name":"wp","href":"https:\/\/api.w.org\/{rel}","templated":true}]}}