{"id":43745,"date":"2020-01-21T19:36:28","date_gmt":"2020-01-21T19:36:28","guid":{"rendered":"https:\/\/pagina10.com\/web\/?p=43745"},"modified":"2020-01-21T19:37:43","modified_gmt":"2020-01-21T19:37:43","slug":"por-primera-vez-en-el-pacifico-colombiano-se-realizaran-estudios-para-mitigar-amenazas-de-tsunami","status":"publish","type":"post","link":"https:\/\/pagina10.com\/web\/por-primera-vez-en-el-pacifico-colombiano-se-realizaran-estudios-para-mitigar-amenazas-de-tsunami\/","title":{"rendered":"Por primera vez en el Pac\u00edfico colombiano se realizar\u00e1n estudios para mitigar amenazas de Tsunami"},"content":{"rendered":"<div style=\"text-align: justify;\">La Direcci\u00f3n General Mar\u00edtima a trav\u00e9s del Centro de Investigaciones Oceanogr\u00e1ficas e Hidrogr\u00e1ficas del Pac\u00edfico (CCCP), \u201cdio inicio a la ejecuci\u00f3n del primer proyecto financiado por el Sistema General de Regal\u00edas para realizar estudios que implementen acciones que mitiguen los efectos por amenaza de Tsunami y cambio clim\u00e1tico en los municipios de Tumaco y Francisco Pizarro (Salahonda) en el departamento de Nari\u00f1o\u201d, as\u00ed lo expres\u00f3 el Capit\u00e1n de Fragata Carlos Andr\u00e9s Mart\u00ednez Ledesma, Director del CCCP.<\/div>\n<p style=\"text-align: justify;\">El proceso inicio el pasado 16 de enero con la socializaci\u00f3n con la Gobernaci\u00f3n de Nari\u00f1o, la empresa Uni\u00f3n Temporal Proyectos Costeros y Oce\u00e1nicos y el Comit\u00e9 de Conocimiento del Departamento de Nari\u00f1o, avanzando as\u00ed con la firma del acta de inicio para avanzar en el proceso.<\/p>\n<p style=\"text-align: justify;\">El objetivo principal es fortalecer el proceso de conocimiento para reducir el riesgo, mediante estudios que buscan implementar acciones de mitigaci\u00f3n por efectos de la amenaza por Tsunami y que contribuyan para la planificaci\u00f3n del territorio en la zona urbana de los municipios de Tumaco y Francisco Pizarro.<\/p>\n<p style=\"text-align: justify;\">Desde el a\u00f1o 2018 la Autoridad Mar\u00edtima realiz\u00f3 las acciones necesarias para la autorizaci\u00f3n por parte del Gobernador del Departamento de Nari\u00f1o y del \u00d3rgano Colegiado de Decisi\u00f3n y Administraci\u00f3n Del Pac\u00edfico \u2013 OCAD, mediante los acuerdos No. 077 del 20 de diciembre de 2018 y No. 085 del 10 junio de 2019, que aprueban este proyecto por un valor de siete mil ochocientos sesenta y siete millones novecientos catorce mil pesos ($7.867.914.000).<\/p>\n<p style=\"text-align: justify;\">Seg\u00fan el Capit\u00e1n Mart\u00ednez, este proyecto es fundamental para la regi\u00f3n \u201cdebido a que esta es una zona con alta vulnerabilidad a las amenazas de origen marino; en el pasado se han tenido all\u00ed tres registros de eventos Tsunamig\u00e9nicoses por eso se ha priorizado teniendo en cuenta la cantidad de personas que podr\u00edan estar en riesgo\u201d.<\/p>\n<p style=\"text-align: justify;\">Es as\u00ed que el proyecto busca realizar la elaboraci\u00f3n de estudios de evacuaci\u00f3n por Tsunami, de obras de protecci\u00f3n para mitigaci\u00f3n ante Tsunami y cambio clim\u00e1tico, el desarrollo de Sistemas de Alerta Temprana, y el desarrollo de talleres de socia-<\/p>\n<p style=\"text-align: justify;\">lizaci\u00f3n y capacitaci\u00f3n a las comunidades de Tumaco y Francisco Pizarro en acciones de mitigaci\u00f3n ante Tsunami y cambio clim\u00e1tico.<\/p>\n<p style=\"text-align: justify;\">Este proyecto definir\u00e1 y dise\u00f1ar\u00e1 para Tumaco (casco urbano) y Francisco Pizarro (casco urbano Salahonda) sitios y rutas de evacuaci\u00f3n, realizar\u00e1 estudios para identificar, definir y presentar propuestas de alternativas blandas y fuertes de reducci\u00f3n de impacto por Tsunami, as\u00ed como redise\u00f1ar\u00e1 el sistema de alerta temprana y caracterizar\u00e1 la percepci\u00f3n de gesti\u00f3n del riesgo por Tsunami y cambio clim\u00e1tico a la poblaci\u00f3n desde una visi\u00f3n socio \u2013 cultural, adem\u00e1s capacitar\u00e1 a la comunidad en las mismas acciones.<\/p>\n<p style=\"text-align: justify;\">La ejecuci\u00f3n del proyecto se prev\u00e9 para desarrollar en dos a\u00f1os y medio, contar\u00e1 con la supervisi\u00f3n de la Gobernaci\u00f3n de Nari\u00f1o y la empresa Uni\u00f3n Temporal Proyectos Costero y Oce\u00e1nicos har\u00e1 las veces de interventor del mismo.<\/p>\n","protected":false},"excerpt":{"rendered":"<p>La Direcci\u00f3n General Mar\u00edtima a trav\u00e9s del Centro de Investigaciones Oceanogr\u00e1ficas e Hidrogr\u00e1ficas del Pac\u00edfico (CCCP), \u201cdio inicio a la ejecuci\u00f3n del primer proyecto financiado por el Sistema General de Regal\u00edas para realizar estudios que implementen acciones que mitiguen los efectos por amenaza de Tsunami y cambio clim\u00e1tico en los municipios de Tumaco y Francisco [&hellip;]<\/p>\n","protected":false},"author":1,"featured_media":4361,"comment_status":"open","ping_status":"open","sticky":false,"template":"","format":"standard","meta":{"footnotes":""},"categories":[10],"tags":[],"class_list":["post-43745","post","type-post","status-publish","format-standard","has-post-thumbnail","hentry","category-pacifico"],"yoast_head":"<!-- This site is optimized with the Yoast SEO plugin v27.1.1 - https:\/\/yoast.com\/product\/yoast-seo-wordpress\/ -->\n<title>Por primera vez en el Pac\u00edfico colombiano se realizar\u00e1n estudios para mitigar amenazas de Tsunami | P\u00e1gina10<\/title>\n<meta name=\"robots\" content=\"index, follow, max-snippet:-1, max-image-preview:large, max-video-preview:-1\" \/>\n<link rel=\"canonical\" href=\"https:\/\/pagina10.com\/web\/por-primera-vez-en-el-pacifico-colombiano-se-realizaran-estudios-para-mitigar-amenazas-de-tsunami\/\" \/>\n<meta property=\"og:locale\" content=\"es_ES\" \/>\n<meta property=\"og:type\" content=\"article\" \/>\n<meta property=\"og:title\" content=\"Por primera vez en el Pac\u00edfico colombiano se realizar\u00e1n estudios para mitigar amenazas de Tsunami | P\u00e1gina10\" \/>\n<meta property=\"og:description\" content=\"La Direcci\u00f3n General Mar\u00edtima a trav\u00e9s del Centro de Investigaciones Oceanogr\u00e1ficas e Hidrogr\u00e1ficas del Pac\u00edfico (CCCP), \u201cdio inicio a la ejecuci\u00f3n del primer proyecto financiado por el Sistema General de Regal\u00edas para realizar estudios que implementen acciones que mitiguen los efectos por amenaza de Tsunami y cambio clim\u00e1tico en los municipios de Tumaco y Francisco [&hellip;]\" \/>\n<meta property=\"og:url\" content=\"https:\/\/pagina10.com\/web\/por-primera-vez-en-el-pacifico-colombiano-se-realizaran-estudios-para-mitigar-amenazas-de-tsunami\/\" \/>\n<meta property=\"og:site_name\" content=\"P\u00e1gina10\" \/>\n<meta property=\"article:publisher\" content=\"https:\/\/www.facebook.com\/pag10com\" \/>\n<meta property=\"article:published_time\" content=\"2020-01-21T19:36:28+00:00\" \/>\n<meta property=\"article:modified_time\" content=\"2020-01-21T19:37:43+00:00\" \/>\n<meta property=\"og:image\" content=\"https:\/\/pagina10.com\/web\/wp-content\/uploads\/2013\/09\/7c5847514b9d1d7a8d0c76ff28ff4011.jpg\" \/>\n\t<meta property=\"og:image:width\" content=\"259\" \/>\n\t<meta property=\"og:image:height\" content=\"194\" \/>\n\t<meta property=\"og:image:type\" content=\"image\/jpeg\" \/>\n<meta name=\"author\" content=\"P\u00e1gina 10\" \/>\n<meta name=\"twitter:card\" content=\"summary_large_image\" \/>\n<meta name=\"twitter:creator\" content=\"@Pag10com\" \/>\n<meta name=\"twitter:site\" content=\"@Pag10com\" \/>\n<meta name=\"twitter:label1\" content=\"Escrito por\" \/>\n\t<meta name=\"twitter:data1\" content=\"P\u00e1gina 10\" \/>\n\t<meta name=\"twitter:label2\" content=\"Tiempo de lectura\" \/>\n\t<meta name=\"twitter:data2\" content=\"3 minutos\" \/>\n<script type=\"application\/ld+json\" class=\"yoast-schema-graph\">{\"@context\":\"https:\/\/schema.org\",\"@graph\":[{\"@type\":\"Article\",\"@id\":\"https:\/\/pagina10.com\/web\/por-primera-vez-en-el-pacifico-colombiano-se-realizaran-estudios-para-mitigar-amenazas-de-tsunami\/#article\",\"isPartOf\":{\"@id\":\"https:\/\/pagina10.com\/web\/por-primera-vez-en-el-pacifico-colombiano-se-realizaran-estudios-para-mitigar-amenazas-de-tsunami\/\"},\"author\":{\"name\":\"P\u00e1gina 10\",\"@id\":\"https:\/\/pagina10.com\/web\/#\/schema\/person\/2efc4a090d25b667d3bc796798a3a81b\"},\"headline\":\"Por primera vez en el Pac\u00edfico colombiano se realizar\u00e1n estudios para mitigar amenazas de Tsunami\",\"datePublished\":\"2020-01-21T19:36:28+00:00\",\"dateModified\":\"2020-01-21T19:37:43+00:00\",\"mainEntityOfPage\":{\"@id\":\"https:\/\/pagina10.com\/web\/por-primera-vez-en-el-pacifico-colombiano-se-realizaran-estudios-para-mitigar-amenazas-de-tsunami\/\"},\"wordCount\":542,\"commentCount\":0,\"publisher\":{\"@id\":\"https:\/\/pagina10.com\/web\/#organization\"},\"image\":{\"@id\":\"https:\/\/pagina10.com\/web\/por-primera-vez-en-el-pacifico-colombiano-se-realizaran-estudios-para-mitigar-amenazas-de-tsunami\/#primaryimage\"},\"thumbnailUrl\":\"https:\/\/pagina10.com\/web\/wp-content\/uploads\/2013\/09\/7c5847514b9d1d7a8d0c76ff28ff4011.jpg\",\"articleSection\":[\"Pac\u00edfico\"],\"inLanguage\":\"es\",\"potentialAction\":[{\"@type\":\"CommentAction\",\"name\":\"Comment\",\"target\":[\"https:\/\/pagina10.com\/web\/por-primera-vez-en-el-pacifico-colombiano-se-realizaran-estudios-para-mitigar-amenazas-de-tsunami\/#respond\"]}]},{\"@type\":\"WebPage\",\"@id\":\"https:\/\/pagina10.com\/web\/por-primera-vez-en-el-pacifico-colombiano-se-realizaran-estudios-para-mitigar-amenazas-de-tsunami\/\",\"url\":\"https:\/\/pagina10.com\/web\/por-primera-vez-en-el-pacifico-colombiano-se-realizaran-estudios-para-mitigar-amenazas-de-tsunami\/\",\"name\":\"Por primera vez en el Pac\u00edfico colombiano se realizar\u00e1n estudios para mitigar amenazas de Tsunami | P\u00e1gina10\",\"isPartOf\":{\"@id\":\"https:\/\/pagina10.com\/web\/#website\"},\"primaryImageOfPage\":{\"@id\":\"https:\/\/pagina10.com\/web\/por-primera-vez-en-el-pacifico-colombiano-se-realizaran-estudios-para-mitigar-amenazas-de-tsunami\/#primaryimage\"},\"image\":{\"@id\":\"https:\/\/pagina10.com\/web\/por-primera-vez-en-el-pacifico-colombiano-se-realizaran-estudios-para-mitigar-amenazas-de-tsunami\/#primaryimage\"},\"thumbnailUrl\":\"https:\/\/pagina10.com\/web\/wp-content\/uploads\/2013\/09\/7c5847514b9d1d7a8d0c76ff28ff4011.jpg\",\"datePublished\":\"2020-01-21T19:36:28+00:00\",\"dateModified\":\"2020-01-21T19:37:43+00:00\",\"breadcrumb\":{\"@id\":\"https:\/\/pagina10.com\/web\/por-primera-vez-en-el-pacifico-colombiano-se-realizaran-estudios-para-mitigar-amenazas-de-tsunami\/#breadcrumb\"},\"inLanguage\":\"es\",\"potentialAction\":[{\"@type\":\"ReadAction\",\"target\":[\"https:\/\/pagina10.com\/web\/por-primera-vez-en-el-pacifico-colombiano-se-realizaran-estudios-para-mitigar-amenazas-de-tsunami\/\"]}]},{\"@type\":\"ImageObject\",\"inLanguage\":\"es\",\"@id\":\"https:\/\/pagina10.com\/web\/por-primera-vez-en-el-pacifico-colombiano-se-realizaran-estudios-para-mitigar-amenazas-de-tsunami\/#primaryimage\",\"url\":\"https:\/\/pagina10.com\/web\/wp-content\/uploads\/2013\/09\/7c5847514b9d1d7a8d0c76ff28ff4011.jpg\",\"contentUrl\":\"https:\/\/pagina10.com\/web\/wp-content\/uploads\/2013\/09\/7c5847514b9d1d7a8d0c76ff28ff4011.jpg\",\"width\":259,\"height\":194,\"caption\":\"Fotograf\u00eda: alcaldiadetumaco.blogspot.com\"},{\"@type\":\"BreadcrumbList\",\"@id\":\"https:\/\/pagina10.com\/web\/por-primera-vez-en-el-pacifico-colombiano-se-realizaran-estudios-para-mitigar-amenazas-de-tsunami\/#breadcrumb\",\"itemListElement\":[{\"@type\":\"ListItem\",\"position\":1,\"name\":\"Portada\",\"item\":\"https:\/\/pagina10.com\/web\/\"},{\"@type\":\"ListItem\",\"position\":2,\"name\":\"Por primera vez en el Pac\u00edfico colombiano se realizar\u00e1n estudios para mitigar amenazas de Tsunami\"}]},{\"@type\":\"WebSite\",\"@id\":\"https:\/\/pagina10.com\/web\/#website\",\"url\":\"https:\/\/pagina10.com\/web\/\",\"name\":\"P\u00e1gina10\",\"description\":\"Peri\u00f3dico Regional\",\"publisher\":{\"@id\":\"https:\/\/pagina10.com\/web\/#organization\"},\"alternateName\":\"P\u00e1gina10 Peri\u00f3dico Regional\",\"potentialAction\":[{\"@type\":\"SearchAction\",\"target\":{\"@type\":\"EntryPoint\",\"urlTemplate\":\"https:\/\/pagina10.com\/web\/?s={search_term_string}\"},\"query-input\":{\"@type\":\"PropertyValueSpecification\",\"valueRequired\":true,\"valueName\":\"search_term_string\"}}],\"inLanguage\":\"es\"},{\"@type\":\"Organization\",\"@id\":\"https:\/\/pagina10.com\/web\/#organization\",\"name\":\"P\u00e1gina10\",\"alternateName\":\"P\u00e1gina10 Peri\u00f3dico Regional\",\"url\":\"https:\/\/pagina10.com\/web\/\",\"logo\":{\"@type\":\"ImageObject\",\"inLanguage\":\"es\",\"@id\":\"https:\/\/pagina10.com\/web\/#\/schema\/logo\/image\/\",\"url\":\"https:\/\/pagina10.com\/web\/wp-content\/uploads\/2024\/01\/40-pagina-10-periodico-regional-pasto.jpg\",\"contentUrl\":\"https:\/\/pagina10.com\/web\/wp-content\/uploads\/2024\/01\/40-pagina-10-periodico-regional-pasto.jpg\",\"width\":1280,\"height\":720,\"caption\":\"P\u00e1gina10\"},\"image\":{\"@id\":\"https:\/\/pagina10.com\/web\/#\/schema\/logo\/image\/\"},\"sameAs\":[\"https:\/\/www.facebook.com\/pag10com\",\"https:\/\/x.com\/Pag10com\",\"https:\/\/www.instagram.com\/pagina10col\/\",\"https:\/\/youtube.com\/channel\/pag10\",\"https:\/\/www.tiktok.com\/@p10col\"]},{\"@type\":\"Person\",\"@id\":\"https:\/\/pagina10.com\/web\/#\/schema\/person\/2efc4a090d25b667d3bc796798a3a81b\",\"name\":\"P\u00e1gina 10\",\"description\":\"P\u00e1gina 10 es un peri\u00f3dico regional que nace en Colombia, en el departamento de Nari\u00f1o, con un enfoque global, fundamentado en cuatro pilares esenciales: la libertad, el pluralismo, la inclusi\u00f3n y la independencia. P\u00e1gina 10 hace referencia a Nari\u00f1o como el d\u00e9cimo departamento creado en Colombia, despu\u00e9s de un proceso pol\u00edtico liderado por actores y actrices regionales con el fin de obtener la independencia y autonom\u00eda de nuestros territorios. Con la creaci\u00f3n de P\u00e1gina 10 se pretende abrir un escenario para el dialogo, la reflexi\u00f3n y el debate que se extienda a otras geograf\u00edas de Am\u00e9rica Latina y del planeta, en una apuesta por transformar colectivamente los desaf\u00edos de un mundo contempor\u00e1neo, m\u00e1s all\u00e1 de las fronteras impuestas.\",\"url\":\"https:\/\/pagina10.com\/web\/author\/pdiezadmin\/\"}]}<\/script>\n<!-- \/ Yoast SEO plugin. -->","yoast_head_json":{"title":"Por primera vez en el Pac\u00edfico colombiano se realizar\u00e1n estudios para mitigar amenazas de Tsunami | P\u00e1gina10","robots":{"index":"index","follow":"follow","max-snippet":"max-snippet:-1","max-image-preview":"max-image-preview:large","max-video-preview":"max-video-preview:-1"},"canonical":"https:\/\/pagina10.com\/web\/por-primera-vez-en-el-pacifico-colombiano-se-realizaran-estudios-para-mitigar-amenazas-de-tsunami\/","og_locale":"es_ES","og_type":"article","og_title":"Por primera vez en el Pac\u00edfico colombiano se realizar\u00e1n estudios para mitigar amenazas de Tsunami | P\u00e1gina10","og_description":"La Direcci\u00f3n General Mar\u00edtima a trav\u00e9s del Centro de Investigaciones Oceanogr\u00e1ficas e Hidrogr\u00e1ficas del Pac\u00edfico (CCCP), \u201cdio inicio a la ejecuci\u00f3n del primer proyecto financiado por el Sistema General de Regal\u00edas para realizar estudios que implementen acciones que mitiguen los efectos por amenaza de Tsunami y cambio clim\u00e1tico en los municipios de Tumaco y Francisco [&hellip;]","og_url":"https:\/\/pagina10.com\/web\/por-primera-vez-en-el-pacifico-colombiano-se-realizaran-estudios-para-mitigar-amenazas-de-tsunami\/","og_site_name":"P\u00e1gina10","article_publisher":"https:\/\/www.facebook.com\/pag10com","article_published_time":"2020-01-21T19:36:28+00:00","article_modified_time":"2020-01-21T19:37:43+00:00","og_image":[{"width":259,"height":194,"url":"https:\/\/pagina10.com\/web\/wp-content\/uploads\/2013\/09\/7c5847514b9d1d7a8d0c76ff28ff4011.jpg","type":"image\/jpeg"}],"author":"P\u00e1gina 10","twitter_card":"summary_large_image","twitter_creator":"@Pag10com","twitter_site":"@Pag10com","twitter_misc":{"Escrito por":"P\u00e1gina 10","Tiempo de lectura":"3 minutos"},"schema":{"@context":"https:\/\/schema.org","@graph":[{"@type":"Article","@id":"https:\/\/pagina10.com\/web\/por-primera-vez-en-el-pacifico-colombiano-se-realizaran-estudios-para-mitigar-amenazas-de-tsunami\/#article","isPartOf":{"@id":"https:\/\/pagina10.com\/web\/por-primera-vez-en-el-pacifico-colombiano-se-realizaran-estudios-para-mitigar-amenazas-de-tsunami\/"},"author":{"name":"P\u00e1gina 10","@id":"https:\/\/pagina10.com\/web\/#\/schema\/person\/2efc4a090d25b667d3bc796798a3a81b"},"headline":"Por primera vez en el Pac\u00edfico colombiano se realizar\u00e1n estudios para mitigar amenazas de Tsunami","datePublished":"2020-01-21T19:36:28+00:00","dateModified":"2020-01-21T19:37:43+00:00","mainEntityOfPage":{"@id":"https:\/\/pagina10.com\/web\/por-primera-vez-en-el-pacifico-colombiano-se-realizaran-estudios-para-mitigar-amenazas-de-tsunami\/"},"wordCount":542,"commentCount":0,"publisher":{"@id":"https:\/\/pagina10.com\/web\/#organization"},"image":{"@id":"https:\/\/pagina10.com\/web\/por-primera-vez-en-el-pacifico-colombiano-se-realizaran-estudios-para-mitigar-amenazas-de-tsunami\/#primaryimage"},"thumbnailUrl":"https:\/\/pagina10.com\/web\/wp-content\/uploads\/2013\/09\/7c5847514b9d1d7a8d0c76ff28ff4011.jpg","articleSection":["Pac\u00edfico"],"inLanguage":"es","potentialAction":[{"@type":"CommentAction","name":"Comment","target":["https:\/\/pagina10.com\/web\/por-primera-vez-en-el-pacifico-colombiano-se-realizaran-estudios-para-mitigar-amenazas-de-tsunami\/#respond"]}]},{"@type":"WebPage","@id":"https:\/\/pagina10.com\/web\/por-primera-vez-en-el-pacifico-colombiano-se-realizaran-estudios-para-mitigar-amenazas-de-tsunami\/","url":"https:\/\/pagina10.com\/web\/por-primera-vez-en-el-pacifico-colombiano-se-realizaran-estudios-para-mitigar-amenazas-de-tsunami\/","name":"Por primera vez en el Pac\u00edfico colombiano se realizar\u00e1n estudios para mitigar amenazas de Tsunami | P\u00e1gina10","isPartOf":{"@id":"https:\/\/pagina10.com\/web\/#website"},"primaryImageOfPage":{"@id":"https:\/\/pagina10.com\/web\/por-primera-vez-en-el-pacifico-colombiano-se-realizaran-estudios-para-mitigar-amenazas-de-tsunami\/#primaryimage"},"image":{"@id":"https:\/\/pagina10.com\/web\/por-primera-vez-en-el-pacifico-colombiano-se-realizaran-estudios-para-mitigar-amenazas-de-tsunami\/#primaryimage"},"thumbnailUrl":"https:\/\/pagina10.com\/web\/wp-content\/uploads\/2013\/09\/7c5847514b9d1d7a8d0c76ff28ff4011.jpg","datePublished":"2020-01-21T19:36:28+00:00","dateModified":"2020-01-21T19:37:43+00:00","breadcrumb":{"@id":"https:\/\/pagina10.com\/web\/por-primera-vez-en-el-pacifico-colombiano-se-realizaran-estudios-para-mitigar-amenazas-de-tsunami\/#breadcrumb"},"inLanguage":"es","potentialAction":[{"@type":"ReadAction","target":["https:\/\/pagina10.com\/web\/por-primera-vez-en-el-pacifico-colombiano-se-realizaran-estudios-para-mitigar-amenazas-de-tsunami\/"]}]},{"@type":"ImageObject","inLanguage":"es","@id":"https:\/\/pagina10.com\/web\/por-primera-vez-en-el-pacifico-colombiano-se-realizaran-estudios-para-mitigar-amenazas-de-tsunami\/#primaryimage","url":"https:\/\/pagina10.com\/web\/wp-content\/uploads\/2013\/09\/7c5847514b9d1d7a8d0c76ff28ff4011.jpg","contentUrl":"https:\/\/pagina10.com\/web\/wp-content\/uploads\/2013\/09\/7c5847514b9d1d7a8d0c76ff28ff4011.jpg","width":259,"height":194,"caption":"Fotograf\u00eda: alcaldiadetumaco.blogspot.com"},{"@type":"BreadcrumbList","@id":"https:\/\/pagina10.com\/web\/por-primera-vez-en-el-pacifico-colombiano-se-realizaran-estudios-para-mitigar-amenazas-de-tsunami\/#breadcrumb","itemListElement":[{"@type":"ListItem","position":1,"name":"Portada","item":"https:\/\/pagina10.com\/web\/"},{"@type":"ListItem","position":2,"name":"Por primera vez en el Pac\u00edfico colombiano se realizar\u00e1n estudios para mitigar amenazas de Tsunami"}]},{"@type":"WebSite","@id":"https:\/\/pagina10.com\/web\/#website","url":"https:\/\/pagina10.com\/web\/","name":"P\u00e1gina10","description":"Peri\u00f3dico Regional","publisher":{"@id":"https:\/\/pagina10.com\/web\/#organization"},"alternateName":"P\u00e1gina10 Peri\u00f3dico Regional","potentialAction":[{"@type":"SearchAction","target":{"@type":"EntryPoint","urlTemplate":"https:\/\/pagina10.com\/web\/?s={search_term_string}"},"query-input":{"@type":"PropertyValueSpecification","valueRequired":true,"valueName":"search_term_string"}}],"inLanguage":"es"},{"@type":"Organization","@id":"https:\/\/pagina10.com\/web\/#organization","name":"P\u00e1gina10","alternateName":"P\u00e1gina10 Peri\u00f3dico Regional","url":"https:\/\/pagina10.com\/web\/","logo":{"@type":"ImageObject","inLanguage":"es","@id":"https:\/\/pagina10.com\/web\/#\/schema\/logo\/image\/","url":"https:\/\/pagina10.com\/web\/wp-content\/uploads\/2024\/01\/40-pagina-10-periodico-regional-pasto.jpg","contentUrl":"https:\/\/pagina10.com\/web\/wp-content\/uploads\/2024\/01\/40-pagina-10-periodico-regional-pasto.jpg","width":1280,"height":720,"caption":"P\u00e1gina10"},"image":{"@id":"https:\/\/pagina10.com\/web\/#\/schema\/logo\/image\/"},"sameAs":["https:\/\/www.facebook.com\/pag10com","https:\/\/x.com\/Pag10com","https:\/\/www.instagram.com\/pagina10col\/","https:\/\/youtube.com\/channel\/pag10","https:\/\/www.tiktok.com\/@p10col"]},{"@type":"Person","@id":"https:\/\/pagina10.com\/web\/#\/schema\/person\/2efc4a090d25b667d3bc796798a3a81b","name":"P\u00e1gina 10","description":"P\u00e1gina 10 es un peri\u00f3dico regional que nace en Colombia, en el departamento de Nari\u00f1o, con un enfoque global, fundamentado en cuatro pilares esenciales: la libertad, el pluralismo, la inclusi\u00f3n y la independencia. P\u00e1gina 10 hace referencia a Nari\u00f1o como el d\u00e9cimo departamento creado en Colombia, despu\u00e9s de un proceso pol\u00edtico liderado por actores y actrices regionales con el fin de obtener la independencia y autonom\u00eda de nuestros territorios. Con la creaci\u00f3n de P\u00e1gina 10 se pretende abrir un escenario para el dialogo, la reflexi\u00f3n y el debate que se extienda a otras geograf\u00edas de Am\u00e9rica Latina y del planeta, en una apuesta por transformar colectivamente los desaf\u00edos de un mundo contempor\u00e1neo, m\u00e1s all\u00e1 de las fronteras impuestas.","url":"https:\/\/pagina10.com\/web\/author\/pdiezadmin\/"}]}},"_links":{"self":[{"href":"https:\/\/pagina10.com\/web\/wp-json\/wp\/v2\/posts\/43745","targetHints":{"allow":["GET"]}}],"collection":[{"href":"https:\/\/pagina10.com\/web\/wp-json\/wp\/v2\/posts"}],"about":[{"href":"https:\/\/pagina10.com\/web\/wp-json\/wp\/v2\/types\/post"}],"author":[{"embeddable":true,"href":"https:\/\/pagina10.com\/web\/wp-json\/wp\/v2\/users\/1"}],"replies":[{"embeddable":true,"href":"https:\/\/pagina10.com\/web\/wp-json\/wp\/v2\/comments?post=43745"}],"version-history":[{"count":2,"href":"https:\/\/pagina10.com\/web\/wp-json\/wp\/v2\/posts\/43745\/revisions"}],"predecessor-version":[{"id":43747,"href":"https:\/\/pagina10.com\/web\/wp-json\/wp\/v2\/posts\/43745\/revisions\/43747"}],"wp:featuredmedia":[{"embeddable":true,"href":"https:\/\/pagina10.com\/web\/wp-json\/wp\/v2\/media\/4361"}],"wp:attachment":[{"href":"https:\/\/pagina10.com\/web\/wp-json\/wp\/v2\/media?parent=43745"}],"wp:term":[{"taxonomy":"category","embeddable":true,"href":"https:\/\/pagina10.com\/web\/wp-json\/wp\/v2\/categories?post=43745"},{"taxonomy":"post_tag","embeddable":true,"href":"https:\/\/pagina10.com\/web\/wp-json\/wp\/v2\/tags?post=43745"}],"curies":[{"name":"wp","href":"https:\/\/api.w.org\/{rel}","templated":true}]}}