{"id":43790,"date":"2020-01-24T22:25:33","date_gmt":"2020-01-24T22:25:33","guid":{"rendered":"https:\/\/pagina10.com\/web\/?p=43790"},"modified":"2020-01-24T22:44:13","modified_gmt":"2020-01-24T22:44:13","slug":"en-tumaco-familias-desplazadas-retornan-a-su-territorio","status":"publish","type":"post","link":"https:\/\/pagina10.com\/web\/en-tumaco-familias-desplazadas-retornan-a-su-territorio\/","title":{"rendered":"En Tumaco, familias desplazadas retornan a su territorio."},"content":{"rendered":"<p>A las 10:00 pm de ayer el comit\u00e9 de justicia transicional en cabeza de la Alcaldesa Distrital de Tumaco, Mar\u00eda Emilsen Angulo Guevara, dio por terminado el plan retorno de las m\u00e1s de 1000 familias desplazadas de 26 de las 29 veredas del r\u00edo Chag\u00fc\u00ed.<\/p>\n<div class=\"text_exposed_show\">\n<p>Hoy transcurre en completa normalidad el desplazamiento a sus territorios. &#8220;Nuestro compromiso es y seguir\u00e1 siendo velar por el bienestar de todos nuestros habitantes, est\u00e1n dadas las garant\u00edas de retorno&#8221; se\u00f1al\u00f3 la alcaldesa.<\/p>\n<p>Las m\u00e1s de 60 toneladas de ayudas gestionadas con la Unidad de V\u00edctimas, Gobernaci\u00f3n de Nari\u00f1o \u00a0y Vicepresidencia ser\u00e1n entregadas directamente en el territorio.<\/p>\n<p>&#8220;Estamos agradecidos con cada una de las personas, l\u00edderes, instituciones del Estado y dem\u00e1s, que se han vinculado, para que esta emergencia humanitaria llegue a feliz t\u00e9rmino&#8221;, puntualiz\u00f3 Angulo<\/p>\n<\/div>\n","protected":false},"excerpt":{"rendered":"<p>A las 10:00 pm de ayer el comit\u00e9 de justicia transicional en cabeza de la Alcaldesa Distrital de Tumaco, Mar\u00eda Emilsen Angulo Guevara, dio por terminado el plan retorno de las m\u00e1s de 1000 familias desplazadas de 26 de las 29 veredas del r\u00edo Chag\u00fc\u00ed. Hoy transcurre en completa normalidad el desplazamiento a sus territorios. [&hellip;]<\/p>\n","protected":false},"author":1,"featured_media":43791,"comment_status":"open","ping_status":"open","sticky":false,"template":"","format":"standard","meta":{"footnotes":""},"categories":[10],"tags":[],"class_list":["post-43790","post","type-post","status-publish","format-standard","has-post-thumbnail","hentry","category-pacifico"],"yoast_head":"<!-- This site is optimized with the Yoast SEO plugin v27.1.1 - https:\/\/yoast.com\/product\/yoast-seo-wordpress\/ -->\n<title>En Tumaco, familias desplazadas retornan a su territorio. | P\u00e1gina10<\/title>\n<meta name=\"robots\" content=\"index, follow, max-snippet:-1, max-image-preview:large, max-video-preview:-1\" \/>\n<link rel=\"canonical\" href=\"https:\/\/pagina10.com\/web\/en-tumaco-familias-desplazadas-retornan-a-su-territorio\/\" \/>\n<meta property=\"og:locale\" content=\"es_ES\" \/>\n<meta property=\"og:type\" content=\"article\" \/>\n<meta property=\"og:title\" content=\"En Tumaco, familias desplazadas retornan a su territorio. | P\u00e1gina10\" \/>\n<meta property=\"og:description\" content=\"A las 10:00 pm de ayer el comit\u00e9 de justicia transicional en cabeza de la Alcaldesa Distrital de Tumaco, Mar\u00eda Emilsen Angulo Guevara, dio por terminado el plan retorno de las m\u00e1s de 1000 familias desplazadas de 26 de las 29 veredas del r\u00edo Chag\u00fc\u00ed. Hoy transcurre en completa normalidad el desplazamiento a sus territorios. [&hellip;]\" \/>\n<meta property=\"og:url\" content=\"https:\/\/pagina10.com\/web\/en-tumaco-familias-desplazadas-retornan-a-su-territorio\/\" \/>\n<meta property=\"og:site_name\" content=\"P\u00e1gina10\" \/>\n<meta property=\"article:publisher\" content=\"https:\/\/www.facebook.com\/pag10com\" \/>\n<meta property=\"article:published_time\" content=\"2020-01-24T22:25:33+00:00\" \/>\n<meta property=\"article:modified_time\" content=\"2020-01-24T22:44:13+00:00\" \/>\n<meta property=\"og:image\" content=\"https:\/\/pagina10.com\/web\/wp-content\/uploads\/2020\/01\/Captura-de-Pantalla-2020-01-24-a-las-5.24.40-p.-m..png\" \/>\n\t<meta property=\"og:image:width\" content=\"747\" \/>\n\t<meta property=\"og:image:height\" content=\"421\" \/>\n\t<meta property=\"og:image:type\" content=\"image\/png\" \/>\n<meta name=\"author\" content=\"P\u00e1gina 10\" \/>\n<meta name=\"twitter:card\" content=\"summary_large_image\" \/>\n<meta name=\"twitter:creator\" content=\"@Pag10com\" \/>\n<meta name=\"twitter:site\" content=\"@Pag10com\" \/>\n<meta name=\"twitter:label1\" content=\"Escrito por\" \/>\n\t<meta name=\"twitter:data1\" content=\"P\u00e1gina 10\" \/>\n\t<meta name=\"twitter:label2\" content=\"Tiempo de lectura\" \/>\n\t<meta name=\"twitter:data2\" content=\"1 minuto\" \/>\n<script type=\"application\/ld+json\" class=\"yoast-schema-graph\">{\"@context\":\"https:\/\/schema.org\",\"@graph\":[{\"@type\":\"Article\",\"@id\":\"https:\/\/pagina10.com\/web\/en-tumaco-familias-desplazadas-retornan-a-su-territorio\/#article\",\"isPartOf\":{\"@id\":\"https:\/\/pagina10.com\/web\/en-tumaco-familias-desplazadas-retornan-a-su-territorio\/\"},\"author\":{\"name\":\"P\u00e1gina 10\",\"@id\":\"https:\/\/pagina10.com\/web\/#\/schema\/person\/2efc4a090d25b667d3bc796798a3a81b\"},\"headline\":\"En Tumaco, familias desplazadas retornan a su territorio.\",\"datePublished\":\"2020-01-24T22:25:33+00:00\",\"dateModified\":\"2020-01-24T22:44:13+00:00\",\"mainEntityOfPage\":{\"@id\":\"https:\/\/pagina10.com\/web\/en-tumaco-familias-desplazadas-retornan-a-su-territorio\/\"},\"wordCount\":148,\"commentCount\":0,\"publisher\":{\"@id\":\"https:\/\/pagina10.com\/web\/#organization\"},\"image\":{\"@id\":\"https:\/\/pagina10.com\/web\/en-tumaco-familias-desplazadas-retornan-a-su-territorio\/#primaryimage\"},\"thumbnailUrl\":\"https:\/\/pagina10.com\/web\/wp-content\/uploads\/2020\/01\/Captura-de-Pantalla-2020-01-24-a-las-5.24.40-p.-m..png\",\"articleSection\":[\"Pac\u00edfico\"],\"inLanguage\":\"es\",\"potentialAction\":[{\"@type\":\"CommentAction\",\"name\":\"Comment\",\"target\":[\"https:\/\/pagina10.com\/web\/en-tumaco-familias-desplazadas-retornan-a-su-territorio\/#respond\"]}]},{\"@type\":\"WebPage\",\"@id\":\"https:\/\/pagina10.com\/web\/en-tumaco-familias-desplazadas-retornan-a-su-territorio\/\",\"url\":\"https:\/\/pagina10.com\/web\/en-tumaco-familias-desplazadas-retornan-a-su-territorio\/\",\"name\":\"En Tumaco, familias desplazadas retornan a su territorio. | P\u00e1gina10\",\"isPartOf\":{\"@id\":\"https:\/\/pagina10.com\/web\/#website\"},\"primaryImageOfPage\":{\"@id\":\"https:\/\/pagina10.com\/web\/en-tumaco-familias-desplazadas-retornan-a-su-territorio\/#primaryimage\"},\"image\":{\"@id\":\"https:\/\/pagina10.com\/web\/en-tumaco-familias-desplazadas-retornan-a-su-territorio\/#primaryimage\"},\"thumbnailUrl\":\"https:\/\/pagina10.com\/web\/wp-content\/uploads\/2020\/01\/Captura-de-Pantalla-2020-01-24-a-las-5.24.40-p.-m..png\",\"datePublished\":\"2020-01-24T22:25:33+00:00\",\"dateModified\":\"2020-01-24T22:44:13+00:00\",\"breadcrumb\":{\"@id\":\"https:\/\/pagina10.com\/web\/en-tumaco-familias-desplazadas-retornan-a-su-territorio\/#breadcrumb\"},\"inLanguage\":\"es\",\"potentialAction\":[{\"@type\":\"ReadAction\",\"target\":[\"https:\/\/pagina10.com\/web\/en-tumaco-familias-desplazadas-retornan-a-su-territorio\/\"]}]},{\"@type\":\"ImageObject\",\"inLanguage\":\"es\",\"@id\":\"https:\/\/pagina10.com\/web\/en-tumaco-familias-desplazadas-retornan-a-su-territorio\/#primaryimage\",\"url\":\"https:\/\/pagina10.com\/web\/wp-content\/uploads\/2020\/01\/Captura-de-Pantalla-2020-01-24-a-las-5.24.40-p.-m..png\",\"contentUrl\":\"https:\/\/pagina10.com\/web\/wp-content\/uploads\/2020\/01\/Captura-de-Pantalla-2020-01-24-a-las-5.24.40-p.-m..png\",\"width\":747,\"height\":421},{\"@type\":\"BreadcrumbList\",\"@id\":\"https:\/\/pagina10.com\/web\/en-tumaco-familias-desplazadas-retornan-a-su-territorio\/#breadcrumb\",\"itemListElement\":[{\"@type\":\"ListItem\",\"position\":1,\"name\":\"Portada\",\"item\":\"https:\/\/pagina10.com\/web\/\"},{\"@type\":\"ListItem\",\"position\":2,\"name\":\"En Tumaco, familias desplazadas retornan a su territorio.\"}]},{\"@type\":\"WebSite\",\"@id\":\"https:\/\/pagina10.com\/web\/#website\",\"url\":\"https:\/\/pagina10.com\/web\/\",\"name\":\"P\u00e1gina10\",\"description\":\"Peri\u00f3dico Regional\",\"publisher\":{\"@id\":\"https:\/\/pagina10.com\/web\/#organization\"},\"alternateName\":\"P\u00e1gina10 Peri\u00f3dico Regional\",\"potentialAction\":[{\"@type\":\"SearchAction\",\"target\":{\"@type\":\"EntryPoint\",\"urlTemplate\":\"https:\/\/pagina10.com\/web\/?s={search_term_string}\"},\"query-input\":{\"@type\":\"PropertyValueSpecification\",\"valueRequired\":true,\"valueName\":\"search_term_string\"}}],\"inLanguage\":\"es\"},{\"@type\":\"Organization\",\"@id\":\"https:\/\/pagina10.com\/web\/#organization\",\"name\":\"P\u00e1gina10\",\"alternateName\":\"P\u00e1gina10 Peri\u00f3dico Regional\",\"url\":\"https:\/\/pagina10.com\/web\/\",\"logo\":{\"@type\":\"ImageObject\",\"inLanguage\":\"es\",\"@id\":\"https:\/\/pagina10.com\/web\/#\/schema\/logo\/image\/\",\"url\":\"https:\/\/pagina10.com\/web\/wp-content\/uploads\/2024\/01\/40-pagina-10-periodico-regional-pasto.jpg\",\"contentUrl\":\"https:\/\/pagina10.com\/web\/wp-content\/uploads\/2024\/01\/40-pagina-10-periodico-regional-pasto.jpg\",\"width\":1280,\"height\":720,\"caption\":\"P\u00e1gina10\"},\"image\":{\"@id\":\"https:\/\/pagina10.com\/web\/#\/schema\/logo\/image\/\"},\"sameAs\":[\"https:\/\/www.facebook.com\/pag10com\",\"https:\/\/x.com\/Pag10com\",\"https:\/\/www.instagram.com\/pagina10col\/\",\"https:\/\/youtube.com\/channel\/pag10\",\"https:\/\/www.tiktok.com\/@p10col\"]},{\"@type\":\"Person\",\"@id\":\"https:\/\/pagina10.com\/web\/#\/schema\/person\/2efc4a090d25b667d3bc796798a3a81b\",\"name\":\"P\u00e1gina 10\",\"description\":\"P\u00e1gina 10 es un peri\u00f3dico regional que nace en Colombia, en el departamento de Nari\u00f1o, con un enfoque global, fundamentado en cuatro pilares esenciales: la libertad, el pluralismo, la inclusi\u00f3n y la independencia. P\u00e1gina 10 hace referencia a Nari\u00f1o como el d\u00e9cimo departamento creado en Colombia, despu\u00e9s de un proceso pol\u00edtico liderado por actores y actrices regionales con el fin de obtener la independencia y autonom\u00eda de nuestros territorios. Con la creaci\u00f3n de P\u00e1gina 10 se pretende abrir un escenario para el dialogo, la reflexi\u00f3n y el debate que se extienda a otras geograf\u00edas de Am\u00e9rica Latina y del planeta, en una apuesta por transformar colectivamente los desaf\u00edos de un mundo contempor\u00e1neo, m\u00e1s all\u00e1 de las fronteras impuestas.\",\"url\":\"https:\/\/pagina10.com\/web\/author\/pdiezadmin\/\"}]}<\/script>\n<!-- \/ Yoast SEO plugin. -->","yoast_head_json":{"title":"En Tumaco, familias desplazadas retornan a su territorio. | P\u00e1gina10","robots":{"index":"index","follow":"follow","max-snippet":"max-snippet:-1","max-image-preview":"max-image-preview:large","max-video-preview":"max-video-preview:-1"},"canonical":"https:\/\/pagina10.com\/web\/en-tumaco-familias-desplazadas-retornan-a-su-territorio\/","og_locale":"es_ES","og_type":"article","og_title":"En Tumaco, familias desplazadas retornan a su territorio. | P\u00e1gina10","og_description":"A las 10:00 pm de ayer el comit\u00e9 de justicia transicional en cabeza de la Alcaldesa Distrital de Tumaco, Mar\u00eda Emilsen Angulo Guevara, dio por terminado el plan retorno de las m\u00e1s de 1000 familias desplazadas de 26 de las 29 veredas del r\u00edo Chag\u00fc\u00ed. Hoy transcurre en completa normalidad el desplazamiento a sus territorios. [&hellip;]","og_url":"https:\/\/pagina10.com\/web\/en-tumaco-familias-desplazadas-retornan-a-su-territorio\/","og_site_name":"P\u00e1gina10","article_publisher":"https:\/\/www.facebook.com\/pag10com","article_published_time":"2020-01-24T22:25:33+00:00","article_modified_time":"2020-01-24T22:44:13+00:00","og_image":[{"width":747,"height":421,"url":"https:\/\/pagina10.com\/web\/wp-content\/uploads\/2020\/01\/Captura-de-Pantalla-2020-01-24-a-las-5.24.40-p.-m..png","type":"image\/png"}],"author":"P\u00e1gina 10","twitter_card":"summary_large_image","twitter_creator":"@Pag10com","twitter_site":"@Pag10com","twitter_misc":{"Escrito por":"P\u00e1gina 10","Tiempo de lectura":"1 minuto"},"schema":{"@context":"https:\/\/schema.org","@graph":[{"@type":"Article","@id":"https:\/\/pagina10.com\/web\/en-tumaco-familias-desplazadas-retornan-a-su-territorio\/#article","isPartOf":{"@id":"https:\/\/pagina10.com\/web\/en-tumaco-familias-desplazadas-retornan-a-su-territorio\/"},"author":{"name":"P\u00e1gina 10","@id":"https:\/\/pagina10.com\/web\/#\/schema\/person\/2efc4a090d25b667d3bc796798a3a81b"},"headline":"En Tumaco, familias desplazadas retornan a su territorio.","datePublished":"2020-01-24T22:25:33+00:00","dateModified":"2020-01-24T22:44:13+00:00","mainEntityOfPage":{"@id":"https:\/\/pagina10.com\/web\/en-tumaco-familias-desplazadas-retornan-a-su-territorio\/"},"wordCount":148,"commentCount":0,"publisher":{"@id":"https:\/\/pagina10.com\/web\/#organization"},"image":{"@id":"https:\/\/pagina10.com\/web\/en-tumaco-familias-desplazadas-retornan-a-su-territorio\/#primaryimage"},"thumbnailUrl":"https:\/\/pagina10.com\/web\/wp-content\/uploads\/2020\/01\/Captura-de-Pantalla-2020-01-24-a-las-5.24.40-p.-m..png","articleSection":["Pac\u00edfico"],"inLanguage":"es","potentialAction":[{"@type":"CommentAction","name":"Comment","target":["https:\/\/pagina10.com\/web\/en-tumaco-familias-desplazadas-retornan-a-su-territorio\/#respond"]}]},{"@type":"WebPage","@id":"https:\/\/pagina10.com\/web\/en-tumaco-familias-desplazadas-retornan-a-su-territorio\/","url":"https:\/\/pagina10.com\/web\/en-tumaco-familias-desplazadas-retornan-a-su-territorio\/","name":"En Tumaco, familias desplazadas retornan a su territorio. | P\u00e1gina10","isPartOf":{"@id":"https:\/\/pagina10.com\/web\/#website"},"primaryImageOfPage":{"@id":"https:\/\/pagina10.com\/web\/en-tumaco-familias-desplazadas-retornan-a-su-territorio\/#primaryimage"},"image":{"@id":"https:\/\/pagina10.com\/web\/en-tumaco-familias-desplazadas-retornan-a-su-territorio\/#primaryimage"},"thumbnailUrl":"https:\/\/pagina10.com\/web\/wp-content\/uploads\/2020\/01\/Captura-de-Pantalla-2020-01-24-a-las-5.24.40-p.-m..png","datePublished":"2020-01-24T22:25:33+00:00","dateModified":"2020-01-24T22:44:13+00:00","breadcrumb":{"@id":"https:\/\/pagina10.com\/web\/en-tumaco-familias-desplazadas-retornan-a-su-territorio\/#breadcrumb"},"inLanguage":"es","potentialAction":[{"@type":"ReadAction","target":["https:\/\/pagina10.com\/web\/en-tumaco-familias-desplazadas-retornan-a-su-territorio\/"]}]},{"@type":"ImageObject","inLanguage":"es","@id":"https:\/\/pagina10.com\/web\/en-tumaco-familias-desplazadas-retornan-a-su-territorio\/#primaryimage","url":"https:\/\/pagina10.com\/web\/wp-content\/uploads\/2020\/01\/Captura-de-Pantalla-2020-01-24-a-las-5.24.40-p.-m..png","contentUrl":"https:\/\/pagina10.com\/web\/wp-content\/uploads\/2020\/01\/Captura-de-Pantalla-2020-01-24-a-las-5.24.40-p.-m..png","width":747,"height":421},{"@type":"BreadcrumbList","@id":"https:\/\/pagina10.com\/web\/en-tumaco-familias-desplazadas-retornan-a-su-territorio\/#breadcrumb","itemListElement":[{"@type":"ListItem","position":1,"name":"Portada","item":"https:\/\/pagina10.com\/web\/"},{"@type":"ListItem","position":2,"name":"En Tumaco, familias desplazadas retornan a su territorio."}]},{"@type":"WebSite","@id":"https:\/\/pagina10.com\/web\/#website","url":"https:\/\/pagina10.com\/web\/","name":"P\u00e1gina10","description":"Peri\u00f3dico Regional","publisher":{"@id":"https:\/\/pagina10.com\/web\/#organization"},"alternateName":"P\u00e1gina10 Peri\u00f3dico Regional","potentialAction":[{"@type":"SearchAction","target":{"@type":"EntryPoint","urlTemplate":"https:\/\/pagina10.com\/web\/?s={search_term_string}"},"query-input":{"@type":"PropertyValueSpecification","valueRequired":true,"valueName":"search_term_string"}}],"inLanguage":"es"},{"@type":"Organization","@id":"https:\/\/pagina10.com\/web\/#organization","name":"P\u00e1gina10","alternateName":"P\u00e1gina10 Peri\u00f3dico Regional","url":"https:\/\/pagina10.com\/web\/","logo":{"@type":"ImageObject","inLanguage":"es","@id":"https:\/\/pagina10.com\/web\/#\/schema\/logo\/image\/","url":"https:\/\/pagina10.com\/web\/wp-content\/uploads\/2024\/01\/40-pagina-10-periodico-regional-pasto.jpg","contentUrl":"https:\/\/pagina10.com\/web\/wp-content\/uploads\/2024\/01\/40-pagina-10-periodico-regional-pasto.jpg","width":1280,"height":720,"caption":"P\u00e1gina10"},"image":{"@id":"https:\/\/pagina10.com\/web\/#\/schema\/logo\/image\/"},"sameAs":["https:\/\/www.facebook.com\/pag10com","https:\/\/x.com\/Pag10com","https:\/\/www.instagram.com\/pagina10col\/","https:\/\/youtube.com\/channel\/pag10","https:\/\/www.tiktok.com\/@p10col"]},{"@type":"Person","@id":"https:\/\/pagina10.com\/web\/#\/schema\/person\/2efc4a090d25b667d3bc796798a3a81b","name":"P\u00e1gina 10","description":"P\u00e1gina 10 es un peri\u00f3dico regional que nace en Colombia, en el departamento de Nari\u00f1o, con un enfoque global, fundamentado en cuatro pilares esenciales: la libertad, el pluralismo, la inclusi\u00f3n y la independencia. P\u00e1gina 10 hace referencia a Nari\u00f1o como el d\u00e9cimo departamento creado en Colombia, despu\u00e9s de un proceso pol\u00edtico liderado por actores y actrices regionales con el fin de obtener la independencia y autonom\u00eda de nuestros territorios. Con la creaci\u00f3n de P\u00e1gina 10 se pretende abrir un escenario para el dialogo, la reflexi\u00f3n y el debate que se extienda a otras geograf\u00edas de Am\u00e9rica Latina y del planeta, en una apuesta por transformar colectivamente los desaf\u00edos de un mundo contempor\u00e1neo, m\u00e1s all\u00e1 de las fronteras impuestas.","url":"https:\/\/pagina10.com\/web\/author\/pdiezadmin\/"}]}},"_links":{"self":[{"href":"https:\/\/pagina10.com\/web\/wp-json\/wp\/v2\/posts\/43790","targetHints":{"allow":["GET"]}}],"collection":[{"href":"https:\/\/pagina10.com\/web\/wp-json\/wp\/v2\/posts"}],"about":[{"href":"https:\/\/pagina10.com\/web\/wp-json\/wp\/v2\/types\/post"}],"author":[{"embeddable":true,"href":"https:\/\/pagina10.com\/web\/wp-json\/wp\/v2\/users\/1"}],"replies":[{"embeddable":true,"href":"https:\/\/pagina10.com\/web\/wp-json\/wp\/v2\/comments?post=43790"}],"version-history":[{"count":5,"href":"https:\/\/pagina10.com\/web\/wp-json\/wp\/v2\/posts\/43790\/revisions"}],"predecessor-version":[{"id":43796,"href":"https:\/\/pagina10.com\/web\/wp-json\/wp\/v2\/posts\/43790\/revisions\/43796"}],"wp:featuredmedia":[{"embeddable":true,"href":"https:\/\/pagina10.com\/web\/wp-json\/wp\/v2\/media\/43791"}],"wp:attachment":[{"href":"https:\/\/pagina10.com\/web\/wp-json\/wp\/v2\/media?parent=43790"}],"wp:term":[{"taxonomy":"category","embeddable":true,"href":"https:\/\/pagina10.com\/web\/wp-json\/wp\/v2\/categories?post=43790"},{"taxonomy":"post_tag","embeddable":true,"href":"https:\/\/pagina10.com\/web\/wp-json\/wp\/v2\/tags?post=43790"}],"curies":[{"name":"wp","href":"https:\/\/api.w.org\/{rel}","templated":true}]}}